{"id":105111,"date":"2020-09-05T19:39:33","date_gmt":"2020-09-05T17:39:33","guid":{"rendered":"https:\/\/www.ilnotiziario.net\/wp\/?p=105111"},"modified":"2020-09-08T00:52:41","modified_gmt":"2020-09-07T22:52:41","slug":"lavoro-a-mano-armata-la-recensione","status":"publish","type":"post","link":"https:\/\/www.ilnotiziario.net\/wp\/serietv\/lavoro-a-mano-armata-la-recensione\/","title":{"rendered":"&#8220;Lavoro a mano armata&#8221;, la recensione &#8211; Quando la disoccupazione diventa violenza"},"content":{"rendered":"<div dir=\"auto\">&nbsp;<\/div>\n<div dir=\"auto\"><img decoding=\"async\" class=\"aligncenter wp-image-105112 size-medium\" src=\"https:\/\/www.ilnotiziario.net\/wp\/wp-content\/uploads\/2020\/09\/lavoro-a-mano-armata-1200x630-1-300x158.jpg\" alt=\"\" width=\"300\" height=\"158\" srcset=\"https:\/\/www.ilnotiziario.net\/wp\/wp-content\/uploads\/2020\/09\/lavoro-a-mano-armata-1200x630-1-300x158.jpg 300w, https:\/\/www.ilnotiziario.net\/wp\/wp-content\/uploads\/2020\/09\/lavoro-a-mano-armata-1200x630-1-1024x538.jpg 1024w, https:\/\/www.ilnotiziario.net\/wp\/wp-content\/uploads\/2020\/09\/lavoro-a-mano-armata-1200x630-1-768x403.jpg 768w, https:\/\/www.ilnotiziario.net\/wp\/wp-content\/uploads\/2020\/09\/lavoro-a-mano-armata-1200x630-1-696x365.jpg 696w, https:\/\/www.ilnotiziario.net\/wp\/wp-content\/uploads\/2020\/09\/lavoro-a-mano-armata-1200x630-1-1068x561.jpg 1068w, https:\/\/www.ilnotiziario.net\/wp\/wp-content\/uploads\/2020\/09\/lavoro-a-mano-armata-1200x630-1.jpg 1200w\" sizes=\"(max-width: 300px) 100vw, 300px\" \/><\/div>\n<div dir=\"auto\">&nbsp;<\/div>\n<div dir=\"auto\">di Stefano Di Maria<\/div>\n<div dir=\"auto\">&nbsp;<\/div>\n<div dir=\"auto\">La miniserie LAVORO A MANO ARMATA (titolo originale &#8220;D\u00e9rapages&#8221;) \u00e8 <strong>una di quelle produzioni francesi di estrema qualit\u00e0, capaci di raccontare una storia con senso della realt\u00e0, fra ragione e sentimento<\/strong>, senza farsi travolgere &#8211; visto il tema trattato, la disoccupazione &#8211; dai soliti clich\u00e9 che rischiano di diventare patetici.<\/div>\n<div dir=\"auto\"><strong>Protagonista \u00e8 Alain Delambre<\/strong> (interpretato da Eric Cantona(interpretato da Eric Cantona, ex calciatore, scelto dal regista Ken Loch per il film &#8220;Il mio amico Eric&#8221;), <strong>un 57enne che da sei anni cerca un lavoro fisso senza trovarlo, adattandosi a fare i pi\u00f9 umilianti mestieri<\/strong> anche se una volta era responsabile delle risorse umane. Stanco di essere maltrattato, umiliato e sottopagato, <strong>accetta di entrare in una multinazionale aeronautica, la Exxya, senza sapere che \u00e8 stato candidato a un posto di rilievo solo per &#8220;fare numero&#8221;<\/strong>, per mettere in lizza per l&#8217;assunzione un quasi 60enne come si fa con le quote rosa. Quando lo scopre perde la testa, <strong>allontanandosi sempre pi\u00f9 dalla famiglia e orchestrando un piano che lo porter\u00e0 dritto in galera<\/strong> (ma con un asso nella manica contro la Exxya).<\/div>\n<div dir=\"auto\">Gli autori sono riusciti a costruire una storia narrata su pi\u00f9 livelli: dai primi episodi, ambientati in famiglia e nella sede della multinazionale, si passa a una sorta di prison drama, che mostra le difficolt\u00e0 di Alain a integrarsi nel sistema carcerario. Ci sono infine le storytelling dei familiari, mai invadenti e mai messe l\u00ec tanto per riempire gli episodi. In LAVORO A MANO ARMATA ogni cosa \u00e8 al suo posto: <strong>funzionano la trama e il suo svolgimento, gli attori convincenti, la regia e le ambientazioni. La morale alla base della vicenda? Quando il sistema delle multinazionali e delle grosse aziende tritura la manovalanza e d\u00e0 false illusioni, pu\u00f2 accadere il peggio.<\/strong> Basta poco, nel caso di Alain un calcio nel sedere da parte del suo superiore, perch\u00e9 scatti qualcosa, un desiderio di rivalsa che supera tutto, anche la felicit\u00e0 dei propri familiari. Eppure Alain ha molto senso della famiglia, tanto da rifiutare i migliori avvocati per farsi difendere in tribunale dalla figlia con poca esperienza in Corte d&#8217;Assise. &#8220;Se perderemo sarai comunque stata brava&#8221;, le dice con un sorriso che vuol spazzare via tutta la paura.<\/div>\n<div dir=\"auto\">LAVORO A MANO ARMATA \u00e8 una serie autoconclusiva, <strong>tratta da un libro di Pierre Lemaitre, acquisita da Netflix e distribuita dal mese scorso in sei episodi<\/strong> dai 50 ai 60 minuti. Assolutamente da non perdere.<\/div>\n","protected":false},"excerpt":{"rendered":"<p>&nbsp; &nbsp; di Stefano Di Maria &nbsp; La miniserie LAVORO A MANO ARMATA (titolo originale &#8220;D\u00e9rapages&#8221;) \u00e8 una di quelle produzioni francesi di estrema qualit\u00e0, capaci di raccontare una storia con senso della realt\u00e0, fra ragione e sentimento, senza farsi travolgere &#8211; visto il tema trattato, la disoccupazione &#8211; dai soliti clich\u00e9 che rischiano di<\/p>\n","protected":false},"author":6,"featured_media":105113,"comment_status":"closed","ping_status":"closed","sticky":false,"template":"","format":"standard","meta":{"footnotes":""},"categories":[6756],"tags":[7748,6757],"class_list":{"0":"post-105111","1":"post","2":"type-post","3":"status-publish","4":"format-standard","5":"has-post-thumbnail","7":"category-serietv","8":"tag-lavoro-a-mano-armata","9":"tag-serie-tv"},"yoast_head":"<!-- This site is optimized with the Yoast SEO plugin v27.4 - https:\/\/yoast.com\/product\/yoast-seo-wordpress\/ -->\n<title>&quot;Lavoro a mano armata&quot;, la recensione - Quando la disoccupazione diventa violenza - Il Notiziario<\/title>\n<meta name=\"description\" content=\"&nbsp; &nbsp; di Stefano Di Maria &nbsp; La miniserie LAVORO A MANO ARMATA (titolo originale &quot;D\u00e9rapages&quot;) \u00e8 una di quelle produzioni francesi di estrema Storia di un disoccupato che diverr\u00e0 violento finendo in carcere\" \/>\n<meta name=\"robots\" content=\"index, follow, max-snippet:-1, max-image-preview:large, max-video-preview:-1\" \/>\n<link rel=\"canonical\" href=\"https:\/\/www.ilnotiziario.net\/wp\/serietv\/lavoro-a-mano-armata-la-recensione\/\" \/>\n<meta property=\"og:locale\" content=\"it_IT\" \/>\n<meta property=\"og:type\" content=\"article\" \/>\n<meta property=\"og:title\" content=\"&quot;Lavoro a mano armata&quot;, la recensione - Quando la disoccupazione diventa violenza - Il Notiziario\" \/>\n<meta property=\"og:description\" content=\"&nbsp; &nbsp; di Stefano Di Maria &nbsp; La miniserie LAVORO A MANO ARMATA (titolo originale &quot;D\u00e9rapages&quot;) \u00e8 una di quelle produzioni francesi di estrema Storia di un disoccupato che diverr\u00e0 violento finendo in carcere\" \/>\n<meta property=\"og:url\" content=\"https:\/\/www.ilnotiziario.net\/wp\/serietv\/lavoro-a-mano-armata-la-recensione\/\" \/>\n<meta property=\"og:site_name\" content=\"Il Notiziario\" \/>\n<meta property=\"article:publisher\" content=\"https:\/\/www.facebook.com\/ilnotiziarioind\/\" \/>\n<meta property=\"article:published_time\" content=\"2020-09-05T17:39:33+00:00\" \/>\n<meta property=\"article:modified_time\" content=\"2020-09-07T22:52:41+00:00\" \/>\n<meta property=\"og:image\" content=\"https:\/\/www.ilnotiziario.net\/wp\/wp-content\/uploads\/2020\/09\/lavoro-a-mano-armata-1200x630-2.jpg\" \/>\n\t<meta property=\"og:image:width\" content=\"1200\" \/>\n\t<meta property=\"og:image:height\" content=\"630\" \/>\n\t<meta property=\"og:image:type\" content=\"image\/jpeg\" \/>\n<meta name=\"author\" content=\"Stefano Di Maria\" \/>\n<meta name=\"twitter:card\" content=\"summary_large_image\" \/>\n<meta name=\"twitter:creator\" content=\"@ilNotiziarioInd\" \/>\n<meta name=\"twitter:site\" content=\"@ilNotiziarioInd\" \/>\n<meta name=\"twitter:label1\" content=\"Scritto da\" \/>\n\t<meta name=\"twitter:data1\" content=\"Stefano Di Maria\" \/>\n\t<meta name=\"twitter:label2\" content=\"Tempo di lettura stimato\" \/>\n\t<meta name=\"twitter:data2\" content=\"2 minuti\" \/>\n<script type=\"application\/ld+json\" class=\"yoast-schema-graph\">{\"@context\":\"https:\\\/\\\/schema.org\",\"@graph\":[{\"@type\":\"Article\",\"@id\":\"https:\\\/\\\/www.ilnotiziario.net\\\/wp\\\/serietv\\\/lavoro-a-mano-armata-la-recensione\\\/#article\",\"isPartOf\":{\"@id\":\"https:\\\/\\\/www.ilnotiziario.net\\\/wp\\\/serietv\\\/lavoro-a-mano-armata-la-recensione\\\/\"},\"author\":{\"name\":\"Stefano Di Maria\",\"@id\":\"https:\\\/\\\/www.ilnotiziario.net\\\/wp\\\/#\\\/schema\\\/person\\\/82fdd8795bbed42a4164047853b6efe7\"},\"headline\":\"&#8220;Lavoro a mano armata&#8221;, la recensione &#8211; Quando la disoccupazione diventa violenza\",\"datePublished\":\"2020-09-05T17:39:33+00:00\",\"dateModified\":\"2020-09-07T22:52:41+00:00\",\"mainEntityOfPage\":{\"@id\":\"https:\\\/\\\/www.ilnotiziario.net\\\/wp\\\/serietv\\\/lavoro-a-mano-armata-la-recensione\\\/\"},\"wordCount\":418,\"publisher\":{\"@id\":\"https:\\\/\\\/www.ilnotiziario.net\\\/wp\\\/#organization\"},\"image\":{\"@id\":\"https:\\\/\\\/www.ilnotiziario.net\\\/wp\\\/serietv\\\/lavoro-a-mano-armata-la-recensione\\\/#primaryimage\"},\"thumbnailUrl\":\"https:\\\/\\\/www.ilnotiziario.net\\\/wp\\\/wp-content\\\/uploads\\\/2020\\\/09\\\/lavoro-a-mano-armata-1200x630-2.jpg\",\"keywords\":[\"lavoro a mano armata\",\"serie tv\"],\"articleSection\":[\"SERIE TV\"],\"inLanguage\":\"it-IT\"},{\"@type\":\"WebPage\",\"@id\":\"https:\\\/\\\/www.ilnotiziario.net\\\/wp\\\/serietv\\\/lavoro-a-mano-armata-la-recensione\\\/\",\"url\":\"https:\\\/\\\/www.ilnotiziario.net\\\/wp\\\/serietv\\\/lavoro-a-mano-armata-la-recensione\\\/\",\"name\":\"\\\"Lavoro a mano armata\\\", la recensione - Quando la disoccupazione diventa violenza - Il Notiziario\",\"isPartOf\":{\"@id\":\"https:\\\/\\\/www.ilnotiziario.net\\\/wp\\\/#website\"},\"primaryImageOfPage\":{\"@id\":\"https:\\\/\\\/www.ilnotiziario.net\\\/wp\\\/serietv\\\/lavoro-a-mano-armata-la-recensione\\\/#primaryimage\"},\"image\":{\"@id\":\"https:\\\/\\\/www.ilnotiziario.net\\\/wp\\\/serietv\\\/lavoro-a-mano-armata-la-recensione\\\/#primaryimage\"},\"thumbnailUrl\":\"https:\\\/\\\/www.ilnotiziario.net\\\/wp\\\/wp-content\\\/uploads\\\/2020\\\/09\\\/lavoro-a-mano-armata-1200x630-2.jpg\",\"datePublished\":\"2020-09-05T17:39:33+00:00\",\"dateModified\":\"2020-09-07T22:52:41+00:00\",\"description\":\"&nbsp; &nbsp; di Stefano Di Maria &nbsp; La miniserie LAVORO A MANO ARMATA (titolo originale \\\"D\u00e9rapages\\\") \u00e8 una di quelle produzioni francesi di estrema Storia di un disoccupato che diverr\u00e0 violento finendo in carcere\",\"breadcrumb\":{\"@id\":\"https:\\\/\\\/www.ilnotiziario.net\\\/wp\\\/serietv\\\/lavoro-a-mano-armata-la-recensione\\\/#breadcrumb\"},\"inLanguage\":\"it-IT\",\"potentialAction\":[{\"@type\":\"ReadAction\",\"target\":[\"https:\\\/\\\/www.ilnotiziario.net\\\/wp\\\/serietv\\\/lavoro-a-mano-armata-la-recensione\\\/\"]}]},{\"@type\":\"ImageObject\",\"inLanguage\":\"it-IT\",\"@id\":\"https:\\\/\\\/www.ilnotiziario.net\\\/wp\\\/serietv\\\/lavoro-a-mano-armata-la-recensione\\\/#primaryimage\",\"url\":\"https:\\\/\\\/www.ilnotiziario.net\\\/wp\\\/wp-content\\\/uploads\\\/2020\\\/09\\\/lavoro-a-mano-armata-1200x630-2.jpg\",\"contentUrl\":\"https:\\\/\\\/www.ilnotiziario.net\\\/wp\\\/wp-content\\\/uploads\\\/2020\\\/09\\\/lavoro-a-mano-armata-1200x630-2.jpg\",\"width\":1200,\"height\":630},{\"@type\":\"BreadcrumbList\",\"@id\":\"https:\\\/\\\/www.ilnotiziario.net\\\/wp\\\/serietv\\\/lavoro-a-mano-armata-la-recensione\\\/#breadcrumb\",\"itemListElement\":[{\"@type\":\"ListItem\",\"position\":1,\"name\":\"tds_text_logo_tagline_colortds_text_logo_tagline_colortds_text_logo_tagline_colortds_text_logo_tagline_colortd_module_7_title_excerpttd_module_7_title_excerpttd_module_7_title_excerpttd_module_7_title_excerptHome\",\"item\":\"https:\\\/\\\/www.ilnotiziario.net\\\/wp\\\/\"},{\"@type\":\"ListItem\",\"position\":2,\"name\":\"&#8220;Lavoro a mano armata&#8221;, la recensione &#8211; Quando la disoccupazione diventa violenza\"}]},{\"@type\":\"WebSite\",\"@id\":\"https:\\\/\\\/www.ilnotiziario.net\\\/wp\\\/#website\",\"url\":\"https:\\\/\\\/www.ilnotiziario.net\\\/wp\\\/\",\"name\":\"Il Notiziario\",\"description\":\"Per restare sempre connessi alla notizia\",\"publisher\":{\"@id\":\"https:\\\/\\\/www.ilnotiziario.net\\\/wp\\\/#organization\"},\"alternateName\":\"Il Notiziario Bollate\",\"potentialAction\":[{\"@type\":\"SearchAction\",\"target\":{\"@type\":\"EntryPoint\",\"urlTemplate\":\"https:\\\/\\\/www.ilnotiziario.net\\\/wp\\\/?s={search_term_string}\"},\"query-input\":{\"@type\":\"PropertyValueSpecification\",\"valueRequired\":true,\"valueName\":\"search_term_string\"}}],\"inLanguage\":\"it-IT\"},{\"@type\":\"Organization\",\"@id\":\"https:\\\/\\\/www.ilnotiziario.net\\\/wp\\\/#organization\",\"name\":\"Il Notiziario\",\"url\":\"https:\\\/\\\/www.ilnotiziario.net\\\/wp\\\/\",\"logo\":{\"@type\":\"ImageObject\",\"inLanguage\":\"it-IT\",\"@id\":\"https:\\\/\\\/www.ilnotiziario.net\\\/wp\\\/#\\\/schema\\\/logo\\\/image\\\/\",\"url\":\"https:\\\/\\\/www.ilnotiziario.net\\\/wp\\\/wp-content\\\/uploads\\\/2022\\\/06\\\/170x170ilN.png\",\"contentUrl\":\"https:\\\/\\\/www.ilnotiziario.net\\\/wp\\\/wp-content\\\/uploads\\\/2022\\\/06\\\/170x170ilN.png\",\"width\":355,\"height\":355,\"caption\":\"Il Notiziario\"},\"image\":{\"@id\":\"https:\\\/\\\/www.ilnotiziario.net\\\/wp\\\/#\\\/schema\\\/logo\\\/image\\\/\"},\"sameAs\":[\"https:\\\/\\\/www.facebook.com\\\/ilnotiziarioind\\\/\",\"https:\\\/\\\/x.com\\\/ilNotiziarioInd\",\"https:\\\/\\\/www.instagram.com\\\/ilnotiziario_settimanale\\\/\"]},{\"@type\":\"Person\",\"@id\":\"https:\\\/\\\/www.ilnotiziario.net\\\/wp\\\/#\\\/schema\\\/person\\\/82fdd8795bbed42a4164047853b6efe7\",\"name\":\"Stefano Di Maria\",\"image\":{\"@type\":\"ImageObject\",\"inLanguage\":\"it-IT\",\"@id\":\"https:\\\/\\\/secure.gravatar.com\\\/avatar\\\/b3163d1e75da759bd0a681248e88a87d84bdd563fec9b060a3ae82742880745a?s=96&d=mm&r=g\",\"url\":\"https:\\\/\\\/secure.gravatar.com\\\/avatar\\\/b3163d1e75da759bd0a681248e88a87d84bdd563fec9b060a3ae82742880745a?s=96&d=mm&r=g\",\"contentUrl\":\"https:\\\/\\\/secure.gravatar.com\\\/avatar\\\/b3163d1e75da759bd0a681248e88a87d84bdd563fec9b060a3ae82742880745a?s=96&d=mm&r=g\",\"caption\":\"Stefano Di Maria\"},\"sameAs\":[\"http:\\\/\\\/www.ilnotiziario.net\"]}]}<\/script>\n<!-- \/ Yoast SEO plugin. -->","yoast_head_json":{"title":"\"Lavoro a mano armata\", la recensione - Quando la disoccupazione diventa violenza - Il Notiziario","description":"&nbsp; &nbsp; di Stefano Di Maria &nbsp; La miniserie LAVORO A MANO ARMATA (titolo originale \"D\u00e9rapages\") \u00e8 una di quelle produzioni francesi di estrema Storia di un disoccupato che diverr\u00e0 violento finendo in carcere","robots":{"index":"index","follow":"follow","max-snippet":"max-snippet:-1","max-image-preview":"max-image-preview:large","max-video-preview":"max-video-preview:-1"},"canonical":"https:\/\/www.ilnotiziario.net\/wp\/serietv\/lavoro-a-mano-armata-la-recensione\/","og_locale":"it_IT","og_type":"article","og_title":"\"Lavoro a mano armata\", la recensione - Quando la disoccupazione diventa violenza - Il Notiziario","og_description":"&nbsp; &nbsp; di Stefano Di Maria &nbsp; La miniserie LAVORO A MANO ARMATA (titolo originale \"D\u00e9rapages\") \u00e8 una di quelle produzioni francesi di estrema Storia di un disoccupato che diverr\u00e0 violento finendo in carcere","og_url":"https:\/\/www.ilnotiziario.net\/wp\/serietv\/lavoro-a-mano-armata-la-recensione\/","og_site_name":"Il Notiziario","article_publisher":"https:\/\/www.facebook.com\/ilnotiziarioind\/","article_published_time":"2020-09-05T17:39:33+00:00","article_modified_time":"2020-09-07T22:52:41+00:00","og_image":[{"width":1200,"height":630,"url":"https:\/\/www.ilnotiziario.net\/wp\/wp-content\/uploads\/2020\/09\/lavoro-a-mano-armata-1200x630-2.jpg","type":"image\/jpeg"}],"author":"Stefano Di Maria","twitter_card":"summary_large_image","twitter_creator":"@ilNotiziarioInd","twitter_site":"@ilNotiziarioInd","twitter_misc":{"Scritto da":"Stefano Di Maria","Tempo di lettura stimato":"2 minuti"},"schema":{"@context":"https:\/\/schema.org","@graph":[{"@type":"Article","@id":"https:\/\/www.ilnotiziario.net\/wp\/serietv\/lavoro-a-mano-armata-la-recensione\/#article","isPartOf":{"@id":"https:\/\/www.ilnotiziario.net\/wp\/serietv\/lavoro-a-mano-armata-la-recensione\/"},"author":{"name":"Stefano Di Maria","@id":"https:\/\/www.ilnotiziario.net\/wp\/#\/schema\/person\/82fdd8795bbed42a4164047853b6efe7"},"headline":"&#8220;Lavoro a mano armata&#8221;, la recensione &#8211; Quando la disoccupazione diventa violenza","datePublished":"2020-09-05T17:39:33+00:00","dateModified":"2020-09-07T22:52:41+00:00","mainEntityOfPage":{"@id":"https:\/\/www.ilnotiziario.net\/wp\/serietv\/lavoro-a-mano-armata-la-recensione\/"},"wordCount":418,"publisher":{"@id":"https:\/\/www.ilnotiziario.net\/wp\/#organization"},"image":{"@id":"https:\/\/www.ilnotiziario.net\/wp\/serietv\/lavoro-a-mano-armata-la-recensione\/#primaryimage"},"thumbnailUrl":"https:\/\/www.ilnotiziario.net\/wp\/wp-content\/uploads\/2020\/09\/lavoro-a-mano-armata-1200x630-2.jpg","keywords":["lavoro a mano armata","serie tv"],"articleSection":["SERIE TV"],"inLanguage":"it-IT"},{"@type":"WebPage","@id":"https:\/\/www.ilnotiziario.net\/wp\/serietv\/lavoro-a-mano-armata-la-recensione\/","url":"https:\/\/www.ilnotiziario.net\/wp\/serietv\/lavoro-a-mano-armata-la-recensione\/","name":"\"Lavoro a mano armata\", la recensione - Quando la disoccupazione diventa violenza - Il Notiziario","isPartOf":{"@id":"https:\/\/www.ilnotiziario.net\/wp\/#website"},"primaryImageOfPage":{"@id":"https:\/\/www.ilnotiziario.net\/wp\/serietv\/lavoro-a-mano-armata-la-recensione\/#primaryimage"},"image":{"@id":"https:\/\/www.ilnotiziario.net\/wp\/serietv\/lavoro-a-mano-armata-la-recensione\/#primaryimage"},"thumbnailUrl":"https:\/\/www.ilnotiziario.net\/wp\/wp-content\/uploads\/2020\/09\/lavoro-a-mano-armata-1200x630-2.jpg","datePublished":"2020-09-05T17:39:33+00:00","dateModified":"2020-09-07T22:52:41+00:00","description":"&nbsp; &nbsp; di Stefano Di Maria &nbsp; La miniserie LAVORO A MANO ARMATA (titolo originale \"D\u00e9rapages\") \u00e8 una di quelle produzioni francesi di estrema Storia di un disoccupato che diverr\u00e0 violento finendo in carcere","breadcrumb":{"@id":"https:\/\/www.ilnotiziario.net\/wp\/serietv\/lavoro-a-mano-armata-la-recensione\/#breadcrumb"},"inLanguage":"it-IT","potentialAction":[{"@type":"ReadAction","target":["https:\/\/www.ilnotiziario.net\/wp\/serietv\/lavoro-a-mano-armata-la-recensione\/"]}]},{"@type":"ImageObject","inLanguage":"it-IT","@id":"https:\/\/www.ilnotiziario.net\/wp\/serietv\/lavoro-a-mano-armata-la-recensione\/#primaryimage","url":"https:\/\/www.ilnotiziario.net\/wp\/wp-content\/uploads\/2020\/09\/lavoro-a-mano-armata-1200x630-2.jpg","contentUrl":"https:\/\/www.ilnotiziario.net\/wp\/wp-content\/uploads\/2020\/09\/lavoro-a-mano-armata-1200x630-2.jpg","width":1200,"height":630},{"@type":"BreadcrumbList","@id":"https:\/\/www.ilnotiziario.net\/wp\/serietv\/lavoro-a-mano-armata-la-recensione\/#breadcrumb","itemListElement":[{"@type":"ListItem","position":1,"name":"tds_text_logo_tagline_colortds_text_logo_tagline_colortds_text_logo_tagline_colortds_text_logo_tagline_colortd_module_7_title_excerpttd_module_7_title_excerpttd_module_7_title_excerpttd_module_7_title_excerptHome","item":"https:\/\/www.ilnotiziario.net\/wp\/"},{"@type":"ListItem","position":2,"name":"&#8220;Lavoro a mano armata&#8221;, la recensione &#8211; Quando la disoccupazione diventa violenza"}]},{"@type":"WebSite","@id":"https:\/\/www.ilnotiziario.net\/wp\/#website","url":"https:\/\/www.ilnotiziario.net\/wp\/","name":"Il Notiziario","description":"Per restare sempre connessi alla notizia","publisher":{"@id":"https:\/\/www.ilnotiziario.net\/wp\/#organization"},"alternateName":"Il Notiziario Bollate","potentialAction":[{"@type":"SearchAction","target":{"@type":"EntryPoint","urlTemplate":"https:\/\/www.ilnotiziario.net\/wp\/?s={search_term_string}"},"query-input":{"@type":"PropertyValueSpecification","valueRequired":true,"valueName":"search_term_string"}}],"inLanguage":"it-IT"},{"@type":"Organization","@id":"https:\/\/www.ilnotiziario.net\/wp\/#organization","name":"Il Notiziario","url":"https:\/\/www.ilnotiziario.net\/wp\/","logo":{"@type":"ImageObject","inLanguage":"it-IT","@id":"https:\/\/www.ilnotiziario.net\/wp\/#\/schema\/logo\/image\/","url":"https:\/\/www.ilnotiziario.net\/wp\/wp-content\/uploads\/2022\/06\/170x170ilN.png","contentUrl":"https:\/\/www.ilnotiziario.net\/wp\/wp-content\/uploads\/2022\/06\/170x170ilN.png","width":355,"height":355,"caption":"Il Notiziario"},"image":{"@id":"https:\/\/www.ilnotiziario.net\/wp\/#\/schema\/logo\/image\/"},"sameAs":["https:\/\/www.facebook.com\/ilnotiziarioind\/","https:\/\/x.com\/ilNotiziarioInd","https:\/\/www.instagram.com\/ilnotiziario_settimanale\/"]},{"@type":"Person","@id":"https:\/\/www.ilnotiziario.net\/wp\/#\/schema\/person\/82fdd8795bbed42a4164047853b6efe7","name":"Stefano Di Maria","image":{"@type":"ImageObject","inLanguage":"it-IT","@id":"https:\/\/secure.gravatar.com\/avatar\/b3163d1e75da759bd0a681248e88a87d84bdd563fec9b060a3ae82742880745a?s=96&d=mm&r=g","url":"https:\/\/secure.gravatar.com\/avatar\/b3163d1e75da759bd0a681248e88a87d84bdd563fec9b060a3ae82742880745a?s=96&d=mm&r=g","contentUrl":"https:\/\/secure.gravatar.com\/avatar\/b3163d1e75da759bd0a681248e88a87d84bdd563fec9b060a3ae82742880745a?s=96&d=mm&r=g","caption":"Stefano Di Maria"},"sameAs":["http:\/\/www.ilnotiziario.net"]}]}},"_links":{"self":[{"href":"https:\/\/www.ilnotiziario.net\/wp\/wp-json\/wp\/v2\/posts\/105111","targetHints":{"allow":["GET"]}}],"collection":[{"href":"https:\/\/www.ilnotiziario.net\/wp\/wp-json\/wp\/v2\/posts"}],"about":[{"href":"https:\/\/www.ilnotiziario.net\/wp\/wp-json\/wp\/v2\/types\/post"}],"author":[{"embeddable":true,"href":"https:\/\/www.ilnotiziario.net\/wp\/wp-json\/wp\/v2\/users\/6"}],"replies":[{"embeddable":true,"href":"https:\/\/www.ilnotiziario.net\/wp\/wp-json\/wp\/v2\/comments?post=105111"}],"version-history":[{"count":0,"href":"https:\/\/www.ilnotiziario.net\/wp\/wp-json\/wp\/v2\/posts\/105111\/revisions"}],"wp:featuredmedia":[{"embeddable":true,"href":"https:\/\/www.ilnotiziario.net\/wp\/wp-json\/wp\/v2\/media\/105113"}],"wp:attachment":[{"href":"https:\/\/www.ilnotiziario.net\/wp\/wp-json\/wp\/v2\/media?parent=105111"}],"wp:term":[{"taxonomy":"category","embeddable":true,"href":"https:\/\/www.ilnotiziario.net\/wp\/wp-json\/wp\/v2\/categories?post=105111"},{"taxonomy":"post_tag","embeddable":true,"href":"https:\/\/www.ilnotiziario.net\/wp\/wp-json\/wp\/v2\/tags?post=105111"}],"curies":[{"name":"wp","href":"https:\/\/api.w.org\/{rel}","templated":true}]}}