{"id":117956,"date":"2020-10-10T09:26:52","date_gmt":"2020-10-10T07:26:52","guid":{"rendered":"https:\/\/www.ilnotiziario.net\/wp\/?p=117956"},"modified":"2020-10-10T11:07:21","modified_gmt":"2020-10-10T09:07:21","slug":"limbiate-classe-quarantena-covid-saronno","status":"publish","type":"post","link":"https:\/\/www.ilnotiziario.net\/wp\/brianza\/limbiate-classe-quarantena-covid-saronno\/","title":{"rendered":"Covid a Limbiate, terza classe in quarantena. Un positivo anche in una scuola di Saronno"},"content":{"rendered":"<p><img fetchpriority=\"high\" decoding=\"async\" class=\"aligncenter size-medium wp-image-102938\" src=\"https:\/\/www.ilnotiziario.net\/wp\/wp-content\/uploads\/2020\/08\/scuole-mascherine-300x200.jpg\" alt=\"scuola covid\" width=\"300\" height=\"200\" srcset=\"https:\/\/www.ilnotiziario.net\/wp\/wp-content\/uploads\/2020\/08\/scuole-mascherine-300x200.jpg 300w, https:\/\/www.ilnotiziario.net\/wp\/wp-content\/uploads\/2020\/08\/scuole-mascherine-1024x683.jpg 1024w, https:\/\/www.ilnotiziario.net\/wp\/wp-content\/uploads\/2020\/08\/scuole-mascherine-768x512.jpg 768w, https:\/\/www.ilnotiziario.net\/wp\/wp-content\/uploads\/2020\/08\/scuole-mascherine-1536x1024.jpg 1536w, https:\/\/www.ilnotiziario.net\/wp\/wp-content\/uploads\/2020\/08\/scuole-mascherine-2048x1365.jpg 2048w, https:\/\/www.ilnotiziario.net\/wp\/wp-content\/uploads\/2020\/08\/scuole-mascherine-696x464.jpg 696w, https:\/\/www.ilnotiziario.net\/wp\/wp-content\/uploads\/2020\/08\/scuole-mascherine-1392x928.jpg 1392w, https:\/\/www.ilnotiziario.net\/wp\/wp-content\/uploads\/2020\/08\/scuole-mascherine-1068x712.jpg 1068w\" sizes=\"(max-width: 300px) 100vw, 300px\" \/>Terza classe scolastica in quarantena a Limbiate per un caso di positivit\u00e0 al Covid 19. La comunicazione ufficiale \u00e8 stata diffusa dal Comune di Limbiate. C\u2019\u00e8 un caso di positivit\u00e0 e classe in quarantena anche in una scuola di Saronno, come spieghiamo <a href=\"http:\/\/www.edicola.ilnotiziario.net\"><strong>nell&#8217;edizione de &#8220;il notiziario&#8221; in edicola da venerd\u00ec 9 ottobre,<\/strong><\/a> che per\u00f2 non \u00e8 stato comunicato ufficialmente n\u00e9 dall\u2019Istituto scolastico n\u00e9 dal Comune.<\/p><div id=\"ilnot-4097697964\" class=\"ilnot-contenuto ilnot-entity-placement\"><p><!-- incontent_1 --><\/p>\n<div class=\"gptslot\" data-adunitid=\"1\"><\/div>\n<\/div>\n<p>A Limbiate, gli alunni di una classe della scuola secondaria &#8220;Giovanni Verga&#8221; saranno in isolamento domiciliare sino al 16 ottobre. Un protocollo <strong>gi\u00e0 seguito nelle scorse settimane dagli alunni di due classi della primaria \u201cDon Milani\u201d.<\/strong><\/p>\n<p>\u201cQuesto, come gli altri provvedimenti -spiegano dal Comune- dimostra che l&#8217;apparato messo a punto per combattere l&#8217;epidemia funziona in modo efficiente e puntuale. Il rientro a scuola di tutti i bambini delle due classi coinvolte in precedenza \u00e8 la testimonianza che anche il protocollo messo a punto per le scuole sta funzionando correttamente\u201d.<\/p><div id=\"ilnot-1653319611\" class=\"ilnot-contenuto_2 ilnot-entity-placement\"><div class=\"ads-wrapper\">\n<div class=\"ad-slot\">\n   <div id=\"ilnot-793707838\" style=\"margin-right: auto;margin-left: auto;text-align: center;width: 320px;height: 100px;\"><a href=\"https:\/\/www.scuolasicurezza.it\/\"><img decoding=\"async\" src=\"https:\/\/www.ilnotiziario.net\/wp\/wp-content\/uploads\/2026\/04\/IlNotiziario_banner-sito-e-newsletter-320-x-100-px-1.gif\" alt=\"\"><\/a><\/div>\n  <\/div>\n<div class=\"ad-slot\">\n   <div id=\"ilnot-2941921944\" style=\"margin-right: auto;margin-left: auto;text-align: center;width: 320px;height: 100px;\"><a href=\"https:\/\/purodesignarredamenti.com\/\"><img decoding=\"async\" src=\"https:\/\/www.ilnotiziario.net\/wp\/wp-content\/uploads\/2026\/04\/banner-puro-ok.gif\" alt=\"whatsapp\"><\/a><\/div><\/p><\/div>\n<\/div>\n<\/div>\n<p>Il sindaco di Limbiate invita insegnanti e alunni ad alzare l\u2019attenzione per tutti quei comportamenti a rischio che ancora sono presenti, come gli assembramenti davanti alle scuole: \u201cOccorre ricordare che<strong> l&#8217;utilizzo delle mascherine, la corretta igienizzazione delle mani ed il rispetto del distanziamento sociale<\/strong> sono di vitale importanza anche all&#8217;aperto e, soprattutto in questo momento di nuova crescita dei contagi, non \u00e8 possibile in alcun modo abbassare la guardia!\u201d.<br \/>\nTra l\u2019altro, Limbiate \u00e8 il comune della nostra zona in cui il numero di positivi \u00e8 cresciuto in maniera maggiore da settembre a oggi.<\/p>\n<p>Nelle scorse settimane, casi di positivit\u00e0 a scuola <a href=\"https:\/\/www.ilnotiziario.net\/wp\/2020\/09\/24\/covid-alunni-positivi-classi-quarantena-novate-milanese-limbiate-ceriano-laghetto\/\"><strong>si sono registrati anche a Novate Milanese e Ceriano Laghetto.<\/strong><\/a><\/p>\n","protected":false},"excerpt":{"rendered":"<p>Terza classe scolastica in quarantena a Limbiate per un caso di positivit\u00e0 al Covid 19. La comunicazione ufficiale \u00e8 stata diffusa dal Comune di Limbiate. C\u2019\u00e8 un caso di positivit\u00e0 e classe in quarantena anche in una scuola di Saronno, come spieghiamo nell&#8217;edizione de &#8220;il notiziario&#8221; in edicola da venerd\u00ec 9 ottobre, che per\u00f2 non<\/p>\n","protected":false},"author":3,"featured_media":102938,"comment_status":"closed","ping_status":"closed","sticky":false,"template":"","format":"standard","meta":{"footnotes":""},"categories":[9,11,20,13],"tags":[7244,47,7001,56,380],"class_list":{"0":"post-117956","1":"post","2":"type-post","3":"status-publish","4":"format-standard","5":"has-post-thumbnail","7":"category-brianza","8":"category-nord-milano","9":"category-prima-pagina","10":"category-saronnese","11":"tag-covid","12":"tag-limbiate","13":"tag-quarantena","14":"tag-saronno-2","15":"tag-scuola"},"yoast_head":"<!-- This site is optimized with the Yoast SEO plugin v27.4 - https:\/\/yoast.com\/product\/yoast-seo-wordpress\/ -->\n<title>Covid a Limbiate, terza classe in quarantena. Un positivo anche in una scuola di Saronno<\/title>\n<meta name=\"description\" content=\"Terza classe scolastica in quarantena a Limbiate per un caso di positivit\u00e0 al Covid 19. La comunicazione ufficiale \u00e8 stata diffusa dal Comune di Limbiate.\" \/>\n<meta name=\"robots\" content=\"index, follow, max-snippet:-1, max-image-preview:large, max-video-preview:-1\" \/>\n<link rel=\"canonical\" href=\"https:\/\/www.ilnotiziario.net\/wp\/brianza\/limbiate-classe-quarantena-covid-saronno\/\" \/>\n<meta property=\"og:locale\" content=\"it_IT\" \/>\n<meta property=\"og:type\" content=\"article\" \/>\n<meta property=\"og:title\" content=\"Covid a Limbiate, terza classe in quarantena. Un positivo anche in una scuola di Saronno\" \/>\n<meta property=\"og:description\" content=\"Terza classe scolastica in quarantena a Limbiate per un caso di positivit\u00e0 al Covid 19. La comunicazione ufficiale \u00e8 stata diffusa dal Comune di Limbiate.\" \/>\n<meta property=\"og:url\" content=\"https:\/\/www.ilnotiziario.net\/wp\/brianza\/limbiate-classe-quarantena-covid-saronno\/\" \/>\n<meta property=\"og:site_name\" content=\"Il Notiziario\" \/>\n<meta property=\"article:publisher\" content=\"https:\/\/www.facebook.com\/ilnotiziarioind\/\" \/>\n<meta property=\"article:published_time\" content=\"2020-10-10T07:26:52+00:00\" \/>\n<meta property=\"article:modified_time\" content=\"2020-10-10T09:07:21+00:00\" \/>\n<meta property=\"og:image\" content=\"https:\/\/www.ilnotiziario.net\/wp\/wp-content\/uploads\/2020\/08\/scuole-mascherine-scaled.jpg\" \/>\n\t<meta property=\"og:image:width\" content=\"2560\" \/>\n\t<meta property=\"og:image:height\" content=\"1707\" \/>\n\t<meta property=\"og:image:type\" content=\"image\/jpeg\" \/>\n<meta name=\"author\" content=\"Gabriele Bassani\" \/>\n<meta name=\"twitter:card\" content=\"summary_large_image\" \/>\n<meta name=\"twitter:creator\" content=\"@ilNotiziarioInd\" \/>\n<meta name=\"twitter:site\" content=\"@ilNotiziarioInd\" \/>\n<meta name=\"twitter:label1\" content=\"Scritto da\" \/>\n\t<meta name=\"twitter:data1\" content=\"Gabriele Bassani\" \/>\n\t<meta name=\"twitter:label2\" content=\"Tempo di lettura stimato\" \/>\n\t<meta name=\"twitter:data2\" content=\"1 minuto\" \/>\n<script type=\"application\/ld+json\" class=\"yoast-schema-graph\">{\"@context\":\"https:\\\/\\\/schema.org\",\"@graph\":[{\"@type\":\"Article\",\"@id\":\"https:\\\/\\\/www.ilnotiziario.net\\\/wp\\\/brianza\\\/limbiate-classe-quarantena-covid-saronno\\\/#article\",\"isPartOf\":{\"@id\":\"https:\\\/\\\/www.ilnotiziario.net\\\/wp\\\/brianza\\\/limbiate-classe-quarantena-covid-saronno\\\/\"},\"author\":{\"name\":\"Gabriele Bassani\",\"@id\":\"https:\\\/\\\/www.ilnotiziario.net\\\/wp\\\/#\\\/schema\\\/person\\\/386e222908f898bb41c033989482bbf2\"},\"headline\":\"Covid a Limbiate, terza classe in quarantena. Un positivo anche in una scuola di Saronno\",\"datePublished\":\"2020-10-10T07:26:52+00:00\",\"dateModified\":\"2020-10-10T09:07:21+00:00\",\"mainEntityOfPage\":{\"@id\":\"https:\\\/\\\/www.ilnotiziario.net\\\/wp\\\/brianza\\\/limbiate-classe-quarantena-covid-saronno\\\/\"},\"wordCount\":279,\"publisher\":{\"@id\":\"https:\\\/\\\/www.ilnotiziario.net\\\/wp\\\/#organization\"},\"image\":{\"@id\":\"https:\\\/\\\/www.ilnotiziario.net\\\/wp\\\/brianza\\\/limbiate-classe-quarantena-covid-saronno\\\/#primaryimage\"},\"thumbnailUrl\":\"https:\\\/\\\/www.ilnotiziario.net\\\/wp\\\/wp-content\\\/uploads\\\/2020\\\/08\\\/scuole-mascherine-scaled.jpg\",\"keywords\":[\"covid\",\"Limbiate\",\"quarantena\",\"Saronno\",\"scuola\"],\"articleSection\":[\"BRIANZA\",\"NORD MILANO\",\"Prima Pagina\",\"SARONNESE\"],\"inLanguage\":\"it-IT\"},{\"@type\":\"WebPage\",\"@id\":\"https:\\\/\\\/www.ilnotiziario.net\\\/wp\\\/brianza\\\/limbiate-classe-quarantena-covid-saronno\\\/\",\"url\":\"https:\\\/\\\/www.ilnotiziario.net\\\/wp\\\/brianza\\\/limbiate-classe-quarantena-covid-saronno\\\/\",\"name\":\"Covid a Limbiate, terza classe in quarantena. Un positivo anche in una scuola di Saronno\",\"isPartOf\":{\"@id\":\"https:\\\/\\\/www.ilnotiziario.net\\\/wp\\\/#website\"},\"primaryImageOfPage\":{\"@id\":\"https:\\\/\\\/www.ilnotiziario.net\\\/wp\\\/brianza\\\/limbiate-classe-quarantena-covid-saronno\\\/#primaryimage\"},\"image\":{\"@id\":\"https:\\\/\\\/www.ilnotiziario.net\\\/wp\\\/brianza\\\/limbiate-classe-quarantena-covid-saronno\\\/#primaryimage\"},\"thumbnailUrl\":\"https:\\\/\\\/www.ilnotiziario.net\\\/wp\\\/wp-content\\\/uploads\\\/2020\\\/08\\\/scuole-mascherine-scaled.jpg\",\"datePublished\":\"2020-10-10T07:26:52+00:00\",\"dateModified\":\"2020-10-10T09:07:21+00:00\",\"description\":\"Terza classe scolastica in quarantena a Limbiate per un caso di positivit\u00e0 al Covid 19. La comunicazione ufficiale \u00e8 stata diffusa dal Comune di Limbiate.\",\"breadcrumb\":{\"@id\":\"https:\\\/\\\/www.ilnotiziario.net\\\/wp\\\/brianza\\\/limbiate-classe-quarantena-covid-saronno\\\/#breadcrumb\"},\"inLanguage\":\"it-IT\",\"potentialAction\":[{\"@type\":\"ReadAction\",\"target\":[\"https:\\\/\\\/www.ilnotiziario.net\\\/wp\\\/brianza\\\/limbiate-classe-quarantena-covid-saronno\\\/\"]}]},{\"@type\":\"ImageObject\",\"inLanguage\":\"it-IT\",\"@id\":\"https:\\\/\\\/www.ilnotiziario.net\\\/wp\\\/brianza\\\/limbiate-classe-quarantena-covid-saronno\\\/#primaryimage\",\"url\":\"https:\\\/\\\/www.ilnotiziario.net\\\/wp\\\/wp-content\\\/uploads\\\/2020\\\/08\\\/scuole-mascherine-scaled.jpg\",\"contentUrl\":\"https:\\\/\\\/www.ilnotiziario.net\\\/wp\\\/wp-content\\\/uploads\\\/2020\\\/08\\\/scuole-mascherine-scaled.jpg\",\"width\":2560,\"height\":1707,\"caption\":\"scuola covid\"},{\"@type\":\"BreadcrumbList\",\"@id\":\"https:\\\/\\\/www.ilnotiziario.net\\\/wp\\\/brianza\\\/limbiate-classe-quarantena-covid-saronno\\\/#breadcrumb\",\"itemListElement\":[{\"@type\":\"ListItem\",\"position\":1,\"name\":\"tds_text_logo_tagline_colortds_text_logo_tagline_colortds_text_logo_tagline_colortds_text_logo_tagline_colortd_module_7_title_excerpttd_module_7_title_excerpttd_module_7_title_excerpttd_module_7_title_excerptHome\",\"item\":\"https:\\\/\\\/www.ilnotiziario.net\\\/wp\\\/\"},{\"@type\":\"ListItem\",\"position\":2,\"name\":\"Covid a Limbiate, terza classe in quarantena. Un positivo anche in una scuola di Saronno\"}]},{\"@type\":\"WebSite\",\"@id\":\"https:\\\/\\\/www.ilnotiziario.net\\\/wp\\\/#website\",\"url\":\"https:\\\/\\\/www.ilnotiziario.net\\\/wp\\\/\",\"name\":\"Il Notiziario\",\"description\":\"Per restare sempre connessi alla notizia\",\"publisher\":{\"@id\":\"https:\\\/\\\/www.ilnotiziario.net\\\/wp\\\/#organization\"},\"alternateName\":\"Il Notiziario Bollate\",\"potentialAction\":[{\"@type\":\"SearchAction\",\"target\":{\"@type\":\"EntryPoint\",\"urlTemplate\":\"https:\\\/\\\/www.ilnotiziario.net\\\/wp\\\/?s={search_term_string}\"},\"query-input\":{\"@type\":\"PropertyValueSpecification\",\"valueRequired\":true,\"valueName\":\"search_term_string\"}}],\"inLanguage\":\"it-IT\"},{\"@type\":\"Organization\",\"@id\":\"https:\\\/\\\/www.ilnotiziario.net\\\/wp\\\/#organization\",\"name\":\"Il Notiziario\",\"url\":\"https:\\\/\\\/www.ilnotiziario.net\\\/wp\\\/\",\"logo\":{\"@type\":\"ImageObject\",\"inLanguage\":\"it-IT\",\"@id\":\"https:\\\/\\\/www.ilnotiziario.net\\\/wp\\\/#\\\/schema\\\/logo\\\/image\\\/\",\"url\":\"https:\\\/\\\/www.ilnotiziario.net\\\/wp\\\/wp-content\\\/uploads\\\/2022\\\/06\\\/170x170ilN.png\",\"contentUrl\":\"https:\\\/\\\/www.ilnotiziario.net\\\/wp\\\/wp-content\\\/uploads\\\/2022\\\/06\\\/170x170ilN.png\",\"width\":355,\"height\":355,\"caption\":\"Il Notiziario\"},\"image\":{\"@id\":\"https:\\\/\\\/www.ilnotiziario.net\\\/wp\\\/#\\\/schema\\\/logo\\\/image\\\/\"},\"sameAs\":[\"https:\\\/\\\/www.facebook.com\\\/ilnotiziarioind\\\/\",\"https:\\\/\\\/x.com\\\/ilNotiziarioInd\",\"https:\\\/\\\/www.instagram.com\\\/ilnotiziario_settimanale\\\/\"]},{\"@type\":\"Person\",\"@id\":\"https:\\\/\\\/www.ilnotiziario.net\\\/wp\\\/#\\\/schema\\\/person\\\/386e222908f898bb41c033989482bbf2\",\"name\":\"Gabriele Bassani\",\"image\":{\"@type\":\"ImageObject\",\"inLanguage\":\"it-IT\",\"@id\":\"https:\\\/\\\/secure.gravatar.com\\\/avatar\\\/09274f4a84fa97698bde56f84b3afed61c8492d48b0550db9671b68c177479cb?s=96&d=mm&r=g\",\"url\":\"https:\\\/\\\/secure.gravatar.com\\\/avatar\\\/09274f4a84fa97698bde56f84b3afed61c8492d48b0550db9671b68c177479cb?s=96&d=mm&r=g\",\"contentUrl\":\"https:\\\/\\\/secure.gravatar.com\\\/avatar\\\/09274f4a84fa97698bde56f84b3afed61c8492d48b0550db9671b68c177479cb?s=96&d=mm&r=g\",\"caption\":\"Gabriele Bassani\"},\"sameAs\":[\"http:\\\/\\\/www.ilnotiziario.net\"]}]}<\/script>\n<!-- \/ Yoast SEO plugin. -->","yoast_head_json":{"title":"Covid a Limbiate, terza classe in quarantena. Un positivo anche in una scuola di Saronno","description":"Terza classe scolastica in quarantena a Limbiate per un caso di positivit\u00e0 al Covid 19. La comunicazione ufficiale \u00e8 stata diffusa dal Comune di Limbiate.","robots":{"index":"index","follow":"follow","max-snippet":"max-snippet:-1","max-image-preview":"max-image-preview:large","max-video-preview":"max-video-preview:-1"},"canonical":"https:\/\/www.ilnotiziario.net\/wp\/brianza\/limbiate-classe-quarantena-covid-saronno\/","og_locale":"it_IT","og_type":"article","og_title":"Covid a Limbiate, terza classe in quarantena. Un positivo anche in una scuola di Saronno","og_description":"Terza classe scolastica in quarantena a Limbiate per un caso di positivit\u00e0 al Covid 19. La comunicazione ufficiale \u00e8 stata diffusa dal Comune di Limbiate.","og_url":"https:\/\/www.ilnotiziario.net\/wp\/brianza\/limbiate-classe-quarantena-covid-saronno\/","og_site_name":"Il Notiziario","article_publisher":"https:\/\/www.facebook.com\/ilnotiziarioind\/","article_published_time":"2020-10-10T07:26:52+00:00","article_modified_time":"2020-10-10T09:07:21+00:00","og_image":[{"width":2560,"height":1707,"url":"https:\/\/www.ilnotiziario.net\/wp\/wp-content\/uploads\/2020\/08\/scuole-mascherine-scaled.jpg","type":"image\/jpeg"}],"author":"Gabriele Bassani","twitter_card":"summary_large_image","twitter_creator":"@ilNotiziarioInd","twitter_site":"@ilNotiziarioInd","twitter_misc":{"Scritto da":"Gabriele Bassani","Tempo di lettura stimato":"1 minuto"},"schema":{"@context":"https:\/\/schema.org","@graph":[{"@type":"Article","@id":"https:\/\/www.ilnotiziario.net\/wp\/brianza\/limbiate-classe-quarantena-covid-saronno\/#article","isPartOf":{"@id":"https:\/\/www.ilnotiziario.net\/wp\/brianza\/limbiate-classe-quarantena-covid-saronno\/"},"author":{"name":"Gabriele Bassani","@id":"https:\/\/www.ilnotiziario.net\/wp\/#\/schema\/person\/386e222908f898bb41c033989482bbf2"},"headline":"Covid a Limbiate, terza classe in quarantena. Un positivo anche in una scuola di Saronno","datePublished":"2020-10-10T07:26:52+00:00","dateModified":"2020-10-10T09:07:21+00:00","mainEntityOfPage":{"@id":"https:\/\/www.ilnotiziario.net\/wp\/brianza\/limbiate-classe-quarantena-covid-saronno\/"},"wordCount":279,"publisher":{"@id":"https:\/\/www.ilnotiziario.net\/wp\/#organization"},"image":{"@id":"https:\/\/www.ilnotiziario.net\/wp\/brianza\/limbiate-classe-quarantena-covid-saronno\/#primaryimage"},"thumbnailUrl":"https:\/\/www.ilnotiziario.net\/wp\/wp-content\/uploads\/2020\/08\/scuole-mascherine-scaled.jpg","keywords":["covid","Limbiate","quarantena","Saronno","scuola"],"articleSection":["BRIANZA","NORD MILANO","Prima Pagina","SARONNESE"],"inLanguage":"it-IT"},{"@type":"WebPage","@id":"https:\/\/www.ilnotiziario.net\/wp\/brianza\/limbiate-classe-quarantena-covid-saronno\/","url":"https:\/\/www.ilnotiziario.net\/wp\/brianza\/limbiate-classe-quarantena-covid-saronno\/","name":"Covid a Limbiate, terza classe in quarantena. Un positivo anche in una scuola di Saronno","isPartOf":{"@id":"https:\/\/www.ilnotiziario.net\/wp\/#website"},"primaryImageOfPage":{"@id":"https:\/\/www.ilnotiziario.net\/wp\/brianza\/limbiate-classe-quarantena-covid-saronno\/#primaryimage"},"image":{"@id":"https:\/\/www.ilnotiziario.net\/wp\/brianza\/limbiate-classe-quarantena-covid-saronno\/#primaryimage"},"thumbnailUrl":"https:\/\/www.ilnotiziario.net\/wp\/wp-content\/uploads\/2020\/08\/scuole-mascherine-scaled.jpg","datePublished":"2020-10-10T07:26:52+00:00","dateModified":"2020-10-10T09:07:21+00:00","description":"Terza classe scolastica in quarantena a Limbiate per un caso di positivit\u00e0 al Covid 19. La comunicazione ufficiale \u00e8 stata diffusa dal Comune di Limbiate.","breadcrumb":{"@id":"https:\/\/www.ilnotiziario.net\/wp\/brianza\/limbiate-classe-quarantena-covid-saronno\/#breadcrumb"},"inLanguage":"it-IT","potentialAction":[{"@type":"ReadAction","target":["https:\/\/www.ilnotiziario.net\/wp\/brianza\/limbiate-classe-quarantena-covid-saronno\/"]}]},{"@type":"ImageObject","inLanguage":"it-IT","@id":"https:\/\/www.ilnotiziario.net\/wp\/brianza\/limbiate-classe-quarantena-covid-saronno\/#primaryimage","url":"https:\/\/www.ilnotiziario.net\/wp\/wp-content\/uploads\/2020\/08\/scuole-mascherine-scaled.jpg","contentUrl":"https:\/\/www.ilnotiziario.net\/wp\/wp-content\/uploads\/2020\/08\/scuole-mascherine-scaled.jpg","width":2560,"height":1707,"caption":"scuola covid"},{"@type":"BreadcrumbList","@id":"https:\/\/www.ilnotiziario.net\/wp\/brianza\/limbiate-classe-quarantena-covid-saronno\/#breadcrumb","itemListElement":[{"@type":"ListItem","position":1,"name":"tds_text_logo_tagline_colortds_text_logo_tagline_colortds_text_logo_tagline_colortds_text_logo_tagline_colortd_module_7_title_excerpttd_module_7_title_excerpttd_module_7_title_excerpttd_module_7_title_excerptHome","item":"https:\/\/www.ilnotiziario.net\/wp\/"},{"@type":"ListItem","position":2,"name":"Covid a Limbiate, terza classe in quarantena. Un positivo anche in una scuola di Saronno"}]},{"@type":"WebSite","@id":"https:\/\/www.ilnotiziario.net\/wp\/#website","url":"https:\/\/www.ilnotiziario.net\/wp\/","name":"Il Notiziario","description":"Per restare sempre connessi alla notizia","publisher":{"@id":"https:\/\/www.ilnotiziario.net\/wp\/#organization"},"alternateName":"Il Notiziario Bollate","potentialAction":[{"@type":"SearchAction","target":{"@type":"EntryPoint","urlTemplate":"https:\/\/www.ilnotiziario.net\/wp\/?s={search_term_string}"},"query-input":{"@type":"PropertyValueSpecification","valueRequired":true,"valueName":"search_term_string"}}],"inLanguage":"it-IT"},{"@type":"Organization","@id":"https:\/\/www.ilnotiziario.net\/wp\/#organization","name":"Il Notiziario","url":"https:\/\/www.ilnotiziario.net\/wp\/","logo":{"@type":"ImageObject","inLanguage":"it-IT","@id":"https:\/\/www.ilnotiziario.net\/wp\/#\/schema\/logo\/image\/","url":"https:\/\/www.ilnotiziario.net\/wp\/wp-content\/uploads\/2022\/06\/170x170ilN.png","contentUrl":"https:\/\/www.ilnotiziario.net\/wp\/wp-content\/uploads\/2022\/06\/170x170ilN.png","width":355,"height":355,"caption":"Il Notiziario"},"image":{"@id":"https:\/\/www.ilnotiziario.net\/wp\/#\/schema\/logo\/image\/"},"sameAs":["https:\/\/www.facebook.com\/ilnotiziarioind\/","https:\/\/x.com\/ilNotiziarioInd","https:\/\/www.instagram.com\/ilnotiziario_settimanale\/"]},{"@type":"Person","@id":"https:\/\/www.ilnotiziario.net\/wp\/#\/schema\/person\/386e222908f898bb41c033989482bbf2","name":"Gabriele Bassani","image":{"@type":"ImageObject","inLanguage":"it-IT","@id":"https:\/\/secure.gravatar.com\/avatar\/09274f4a84fa97698bde56f84b3afed61c8492d48b0550db9671b68c177479cb?s=96&d=mm&r=g","url":"https:\/\/secure.gravatar.com\/avatar\/09274f4a84fa97698bde56f84b3afed61c8492d48b0550db9671b68c177479cb?s=96&d=mm&r=g","contentUrl":"https:\/\/secure.gravatar.com\/avatar\/09274f4a84fa97698bde56f84b3afed61c8492d48b0550db9671b68c177479cb?s=96&d=mm&r=g","caption":"Gabriele Bassani"},"sameAs":["http:\/\/www.ilnotiziario.net"]}]}},"_links":{"self":[{"href":"https:\/\/www.ilnotiziario.net\/wp\/wp-json\/wp\/v2\/posts\/117956","targetHints":{"allow":["GET"]}}],"collection":[{"href":"https:\/\/www.ilnotiziario.net\/wp\/wp-json\/wp\/v2\/posts"}],"about":[{"href":"https:\/\/www.ilnotiziario.net\/wp\/wp-json\/wp\/v2\/types\/post"}],"author":[{"embeddable":true,"href":"https:\/\/www.ilnotiziario.net\/wp\/wp-json\/wp\/v2\/users\/3"}],"replies":[{"embeddable":true,"href":"https:\/\/www.ilnotiziario.net\/wp\/wp-json\/wp\/v2\/comments?post=117956"}],"version-history":[{"count":0,"href":"https:\/\/www.ilnotiziario.net\/wp\/wp-json\/wp\/v2\/posts\/117956\/revisions"}],"wp:featuredmedia":[{"embeddable":true,"href":"https:\/\/www.ilnotiziario.net\/wp\/wp-json\/wp\/v2\/media\/102938"}],"wp:attachment":[{"href":"https:\/\/www.ilnotiziario.net\/wp\/wp-json\/wp\/v2\/media?parent=117956"}],"wp:term":[{"taxonomy":"category","embeddable":true,"href":"https:\/\/www.ilnotiziario.net\/wp\/wp-json\/wp\/v2\/categories?post=117956"},{"taxonomy":"post_tag","embeddable":true,"href":"https:\/\/www.ilnotiziario.net\/wp\/wp-json\/wp\/v2\/tags?post=117956"}],"curies":[{"name":"wp","href":"https:\/\/api.w.org\/{rel}","templated":true}]}}