{"id":130413,"date":"2020-10-31T19:51:10","date_gmt":"2020-10-31T18:51:10","guid":{"rendered":"https:\/\/www.ilnotiziario.net\/wp\/?p=130413"},"modified":"2020-10-31T19:54:12","modified_gmt":"2020-10-31T18:54:12","slug":"milano-lockdwon-spostamenti-negozi-chiusi","status":"publish","type":"post","link":"https:\/\/www.ilnotiziario.net\/wp\/prima-pagina\/milano-lockdwon-spostamenti-negozi-chiusi\/","title":{"rendered":"Milano e provincia zona rossa? Ipotesi lockdown: spostamenti vietati e negozi chiusi"},"content":{"rendered":"<p><img fetchpriority=\"high\" decoding=\"async\" class=\"size-medium wp-image-51026 alignleft\" src=\"https:\/\/www.ilnotiziario.net\/wp\/wp-content\/uploads\/2020\/03\/esselunga-coronavirus-divieti-300x219.jpg\" alt=\"\" width=\"300\" height=\"219\" srcset=\"https:\/\/www.ilnotiziario.net\/wp\/wp-content\/uploads\/2020\/03\/esselunga-coronavirus-divieti-300x219.jpg 300w, https:\/\/www.ilnotiziario.net\/wp\/wp-content\/uploads\/2020\/03\/esselunga-coronavirus-divieti-1024x747.jpg 1024w, https:\/\/www.ilnotiziario.net\/wp\/wp-content\/uploads\/2020\/03\/esselunga-coronavirus-divieti-768x560.jpg 768w, https:\/\/www.ilnotiziario.net\/wp\/wp-content\/uploads\/2020\/03\/esselunga-coronavirus-divieti-1536x1120.jpg 1536w, https:\/\/www.ilnotiziario.net\/wp\/wp-content\/uploads\/2020\/03\/esselunga-coronavirus-divieti-2048x1493.jpg 2048w, https:\/\/www.ilnotiziario.net\/wp\/wp-content\/uploads\/2020\/03\/esselunga-coronavirus-divieti-324x235.jpg 324w, https:\/\/www.ilnotiziario.net\/wp\/wp-content\/uploads\/2020\/03\/esselunga-coronavirus-divieti-696x508.jpg 696w, https:\/\/www.ilnotiziario.net\/wp\/wp-content\/uploads\/2020\/03\/esselunga-coronavirus-divieti-1392x1015.jpg 1392w, https:\/\/www.ilnotiziario.net\/wp\/wp-content\/uploads\/2020\/03\/esselunga-coronavirus-divieti-1068x779.jpg 1068w\" sizes=\"(max-width: 300px) 100vw, 300px\" \/>Spostamenti vietati tra le regioni e chiusura di negozi e attivit\u00e0. Il governo assieme alle regioni va verso la definizione di zone rosse nelle grandi citt\u00e0 a rischio (<a href=\"https:\/\/www.ilnotiziario.net\/wp\/2020\/10\/31\/lockdown-citta-metropolitana-milano-spostamenti-chiusure\/\">come anticipato qui<\/a>). Tra queste c&#8217;\u00e8 anche Milano e tutti i Comuni della Citt\u00e0 Metropolitana che gi\u00e0 da inizio della prossima settimana potrebbero ritrovarsi a vivere un nuovo lockdown.&nbsp;<\/p><div id=\"ilnot-340946970\" class=\"ilnot-contenuto ilnot-entity-placement\"><p><!-- incontent_1 --><\/p>\n<div class=\"gptslot\" data-adunitid=\"1\"><\/div>\n<\/div>\n<p>Dopo un sabato intenso in cui in tutta Italia si contano 31.758 nuovi contagi e 297 morti in 24 ore (in aumento anche la percentuale dei tamponi positivi che arriva al 15%), il presidente del consiglio Giuseppe Conte \u00e8 pronto a incontrare gi\u00e0 domenica i governatori delle regioni pi\u00f9 a rischio (Lombardia, Val d&#8217;Aosta, Campania in primis), poi luned\u00ec inizier\u00e0 a lavorare a un nuovo Dpcm pi\u00f9 restrittivo che entrer\u00e0 in vigore attorno all&#8217;8 novembre a due settimane dalla chiusura di bar e ristoranti introdotta settimana scorsa. Alle 18 di sabato Conte ha convocato con urgenza il Comitato Tecnico Scientifico, in serata dovrebbe pronunciarsi con interventi mirati sulle zone pi\u00f9 a rischio.&nbsp;<\/p>\n<p>Intanto in Lombardia ci sono&nbsp;2.064 nuovi guariti nella giornata di sabato 31 ottobre, ma anche 8.919 positivi su un totale di 46.781 tamponi effettuati per una percentuale pari al 19%. Tra i nodi da sciogliere non solo a livello regionale, ma anche nazionale, ci sono l&#8217;apertura delle scuole elementari e medie e quella dei centri commerciali.&nbsp;<\/p><div id=\"ilnot-3197682549\" class=\"ilnot-contenuto_2 ilnot-entity-placement\"><div class=\"ads-wrapper\">\n<div class=\"ad-slot\">\n   <div id=\"ilnot-2030075551\" style=\"margin-right: auto;margin-left: auto;text-align: center;width: 320px;height: 100px;\"><a href=\"https:\/\/www.scuolasicurezza.it\/\"><img decoding=\"async\" src=\"https:\/\/www.ilnotiziario.net\/wp\/wp-content\/uploads\/2026\/04\/IlNotiziario_banner-sito-e-newsletter-320-x-100-px-1.gif\" alt=\"\"><\/a><\/div>\n  <\/div>\n<div class=\"ad-slot\">\n   <div id=\"ilnot-2269192533\" style=\"margin-right: auto;margin-left: auto;text-align: center;width: 320px;height: 100px;\"><a href=\"https:\/\/purodesignarredamenti.com\/\"><img decoding=\"async\" src=\"https:\/\/www.ilnotiziario.net\/wp\/wp-content\/uploads\/2026\/04\/banner-puro-ok.gif\" alt=\"whatsapp\"><\/a><\/div><\/p><\/div>\n<\/div>\n<\/div>\n","protected":false},"excerpt":{"rendered":"<p>Spostamenti vietati tra le regioni e chiusura di negozi e attivit\u00e0. Il governo assieme alle regioni va verso la definizione di zone rosse nelle grandi citt\u00e0 a rischio (come anticipato qui). Tra queste c&#8217;\u00e8 anche Milano e tutti i Comuni della Citt\u00e0 Metropolitana che gi\u00e0 da inizio della prossima settimana potrebbero ritrovarsi a vivere un<\/p>\n","protected":false},"author":7,"featured_media":51026,"comment_status":"closed","ping_status":"closed","sticky":false,"template":"","format":"standard","meta":{"footnotes":""},"categories":[20],"tags":[3766,7317,38,2188],"class_list":{"0":"post-130413","1":"post","2":"type-post","3":"status-publish","4":"format-standard","5":"has-post-thumbnail","7":"category-prima-pagina","8":"tag-chiusure","9":"tag-lockdown","10":"tag-milano","11":"tag-negozi"},"yoast_head":"<!-- This site is optimized with the Yoast SEO plugin v27.5 - https:\/\/yoast.com\/product\/yoast-seo-wordpress\/ -->\n<title>Milano e provincia zona rossa? Ipotesi lockdown: spostamenti vietati e negozi chiusi<\/title>\n<meta name=\"description\" content=\"Spostamenti vietati tra le regioni e chiusura di negozi e attivit\u00e0. Il governo assieme alle regioni va verso la definizione di zone rosse nelle grandi\" \/>\n<meta name=\"robots\" content=\"index, follow, max-snippet:-1, max-image-preview:large, max-video-preview:-1\" \/>\n<link rel=\"canonical\" href=\"https:\/\/www.ilnotiziario.net\/wp\/prima-pagina\/milano-lockdwon-spostamenti-negozi-chiusi\/\" \/>\n<meta property=\"og:locale\" content=\"it_IT\" \/>\n<meta property=\"og:type\" content=\"article\" \/>\n<meta property=\"og:title\" content=\"Milano e provincia zona rossa? Ipotesi lockdown: spostamenti vietati e negozi chiusi\" \/>\n<meta property=\"og:description\" content=\"Spostamenti vietati tra le regioni e chiusura di negozi e attivit\u00e0. Il governo assieme alle regioni va verso la definizione di zone rosse nelle grandi\" \/>\n<meta property=\"og:url\" content=\"https:\/\/www.ilnotiziario.net\/wp\/prima-pagina\/milano-lockdwon-spostamenti-negozi-chiusi\/\" \/>\n<meta property=\"og:site_name\" content=\"Il Notiziario\" \/>\n<meta property=\"article:publisher\" content=\"https:\/\/www.facebook.com\/ilnotiziarioind\/\" \/>\n<meta property=\"article:published_time\" content=\"2020-10-31T18:51:10+00:00\" \/>\n<meta property=\"article:modified_time\" content=\"2020-10-31T18:54:12+00:00\" \/>\n<meta property=\"og:image\" content=\"https:\/\/www.ilnotiziario.net\/wp\/wp-content\/uploads\/2020\/03\/esselunga-coronavirus-divieti-scaled.jpg\" \/>\n\t<meta property=\"og:image:width\" content=\"2560\" \/>\n\t<meta property=\"og:image:height\" content=\"1867\" \/>\n\t<meta property=\"og:image:type\" content=\"image\/jpeg\" \/>\n<meta name=\"author\" content=\"Simone Carcano\" \/>\n<meta name=\"twitter:card\" content=\"summary_large_image\" \/>\n<meta name=\"twitter:creator\" content=\"@simone_carcano\" \/>\n<meta name=\"twitter:site\" content=\"@ilNotiziarioInd\" \/>\n<meta name=\"twitter:label1\" content=\"Scritto da\" \/>\n\t<meta name=\"twitter:data1\" content=\"Simone Carcano\" \/>\n\t<meta name=\"twitter:label2\" content=\"Tempo di lettura stimato\" \/>\n\t<meta name=\"twitter:data2\" content=\"1 minuto\" \/>\n<script type=\"application\/ld+json\" class=\"yoast-schema-graph\">{\"@context\":\"https:\\\/\\\/schema.org\",\"@graph\":[{\"@type\":\"Article\",\"@id\":\"https:\\\/\\\/www.ilnotiziario.net\\\/wp\\\/prima-pagina\\\/milano-lockdwon-spostamenti-negozi-chiusi\\\/#article\",\"isPartOf\":{\"@id\":\"https:\\\/\\\/www.ilnotiziario.net\\\/wp\\\/prima-pagina\\\/milano-lockdwon-spostamenti-negozi-chiusi\\\/\"},\"author\":{\"name\":\"Simone Carcano\",\"@id\":\"https:\\\/\\\/www.ilnotiziario.net\\\/wp\\\/#\\\/schema\\\/person\\\/c218ad0865f96bfe2c1c2cfa719653f7\"},\"headline\":\"Milano e provincia zona rossa? Ipotesi lockdown: spostamenti vietati e negozi chiusi\",\"datePublished\":\"2020-10-31T18:51:10+00:00\",\"dateModified\":\"2020-10-31T18:54:12+00:00\",\"mainEntityOfPage\":{\"@id\":\"https:\\\/\\\/www.ilnotiziario.net\\\/wp\\\/prima-pagina\\\/milano-lockdwon-spostamenti-negozi-chiusi\\\/\"},\"wordCount\":233,\"publisher\":{\"@id\":\"https:\\\/\\\/www.ilnotiziario.net\\\/wp\\\/#organization\"},\"image\":{\"@id\":\"https:\\\/\\\/www.ilnotiziario.net\\\/wp\\\/prima-pagina\\\/milano-lockdwon-spostamenti-negozi-chiusi\\\/#primaryimage\"},\"thumbnailUrl\":\"https:\\\/\\\/www.ilnotiziario.net\\\/wp\\\/wp-content\\\/uploads\\\/2020\\\/03\\\/esselunga-coronavirus-divieti-scaled.jpg\",\"keywords\":[\"Chiusure\",\"lockdown\",\"Milano\",\"negozi\"],\"articleSection\":[\"Prima Pagina\"],\"inLanguage\":\"it-IT\"},{\"@type\":\"WebPage\",\"@id\":\"https:\\\/\\\/www.ilnotiziario.net\\\/wp\\\/prima-pagina\\\/milano-lockdwon-spostamenti-negozi-chiusi\\\/\",\"url\":\"https:\\\/\\\/www.ilnotiziario.net\\\/wp\\\/prima-pagina\\\/milano-lockdwon-spostamenti-negozi-chiusi\\\/\",\"name\":\"Milano e provincia zona rossa? Ipotesi lockdown: spostamenti vietati e negozi chiusi\",\"isPartOf\":{\"@id\":\"https:\\\/\\\/www.ilnotiziario.net\\\/wp\\\/#website\"},\"primaryImageOfPage\":{\"@id\":\"https:\\\/\\\/www.ilnotiziario.net\\\/wp\\\/prima-pagina\\\/milano-lockdwon-spostamenti-negozi-chiusi\\\/#primaryimage\"},\"image\":{\"@id\":\"https:\\\/\\\/www.ilnotiziario.net\\\/wp\\\/prima-pagina\\\/milano-lockdwon-spostamenti-negozi-chiusi\\\/#primaryimage\"},\"thumbnailUrl\":\"https:\\\/\\\/www.ilnotiziario.net\\\/wp\\\/wp-content\\\/uploads\\\/2020\\\/03\\\/esselunga-coronavirus-divieti-scaled.jpg\",\"datePublished\":\"2020-10-31T18:51:10+00:00\",\"dateModified\":\"2020-10-31T18:54:12+00:00\",\"description\":\"Spostamenti vietati tra le regioni e chiusura di negozi e attivit\u00e0. Il governo assieme alle regioni va verso la definizione di zone rosse nelle grandi\",\"breadcrumb\":{\"@id\":\"https:\\\/\\\/www.ilnotiziario.net\\\/wp\\\/prima-pagina\\\/milano-lockdwon-spostamenti-negozi-chiusi\\\/#breadcrumb\"},\"inLanguage\":\"it-IT\",\"potentialAction\":[{\"@type\":\"ReadAction\",\"target\":[\"https:\\\/\\\/www.ilnotiziario.net\\\/wp\\\/prima-pagina\\\/milano-lockdwon-spostamenti-negozi-chiusi\\\/\"]}]},{\"@type\":\"ImageObject\",\"inLanguage\":\"it-IT\",\"@id\":\"https:\\\/\\\/www.ilnotiziario.net\\\/wp\\\/prima-pagina\\\/milano-lockdwon-spostamenti-negozi-chiusi\\\/#primaryimage\",\"url\":\"https:\\\/\\\/www.ilnotiziario.net\\\/wp\\\/wp-content\\\/uploads\\\/2020\\\/03\\\/esselunga-coronavirus-divieti-scaled.jpg\",\"contentUrl\":\"https:\\\/\\\/www.ilnotiziario.net\\\/wp\\\/wp-content\\\/uploads\\\/2020\\\/03\\\/esselunga-coronavirus-divieti-scaled.jpg\",\"width\":2560,\"height\":1867,\"caption\":\"Customers wearing protective face masks stand in a long line (while keeping a minimum distance between each other as a sanitary precaution) outside a large supermarket in Milan, Italy, 11March 2020. In an attempt to stop the spread of the COVID-19 disease caused by the SARS-CoV-2 coronavirus, Italian Prime Minister Giuseppe Conte announced on 09 March the extending of coronavirus quarantine measures to the entire country, starting on 10 March until 03 April. It will be possible to move only for 'proven work reasons' or 'serious family or health needs,' he said. All public gatherings have been banned and people have been advised to stay at home. ANSA\\\/Andrea Fasani\"},{\"@type\":\"BreadcrumbList\",\"@id\":\"https:\\\/\\\/www.ilnotiziario.net\\\/wp\\\/prima-pagina\\\/milano-lockdwon-spostamenti-negozi-chiusi\\\/#breadcrumb\",\"itemListElement\":[{\"@type\":\"ListItem\",\"position\":1,\"name\":\"tds_text_logo_tagline_colortds_text_logo_tagline_colortds_text_logo_tagline_colortds_text_logo_tagline_colortd_module_7_title_excerpttd_module_7_title_excerpttd_module_7_title_excerpttd_module_7_title_excerptHome\",\"item\":\"https:\\\/\\\/www.ilnotiziario.net\\\/wp\\\/\"},{\"@type\":\"ListItem\",\"position\":2,\"name\":\"Milano e provincia zona rossa? Ipotesi lockdown: spostamenti vietati e negozi chiusi\"}]},{\"@type\":\"WebSite\",\"@id\":\"https:\\\/\\\/www.ilnotiziario.net\\\/wp\\\/#website\",\"url\":\"https:\\\/\\\/www.ilnotiziario.net\\\/wp\\\/\",\"name\":\"Il Notiziario\",\"description\":\"Per restare sempre connessi alla notizia\",\"publisher\":{\"@id\":\"https:\\\/\\\/www.ilnotiziario.net\\\/wp\\\/#organization\"},\"alternateName\":\"Il Notiziario Bollate\",\"potentialAction\":[{\"@type\":\"SearchAction\",\"target\":{\"@type\":\"EntryPoint\",\"urlTemplate\":\"https:\\\/\\\/www.ilnotiziario.net\\\/wp\\\/?s={search_term_string}\"},\"query-input\":{\"@type\":\"PropertyValueSpecification\",\"valueRequired\":true,\"valueName\":\"search_term_string\"}}],\"inLanguage\":\"it-IT\"},{\"@type\":\"Organization\",\"@id\":\"https:\\\/\\\/www.ilnotiziario.net\\\/wp\\\/#organization\",\"name\":\"Il Notiziario\",\"url\":\"https:\\\/\\\/www.ilnotiziario.net\\\/wp\\\/\",\"logo\":{\"@type\":\"ImageObject\",\"inLanguage\":\"it-IT\",\"@id\":\"https:\\\/\\\/www.ilnotiziario.net\\\/wp\\\/#\\\/schema\\\/logo\\\/image\\\/\",\"url\":\"https:\\\/\\\/www.ilnotiziario.net\\\/wp\\\/wp-content\\\/uploads\\\/2022\\\/06\\\/170x170ilN.png\",\"contentUrl\":\"https:\\\/\\\/www.ilnotiziario.net\\\/wp\\\/wp-content\\\/uploads\\\/2022\\\/06\\\/170x170ilN.png\",\"width\":355,\"height\":355,\"caption\":\"Il Notiziario\"},\"image\":{\"@id\":\"https:\\\/\\\/www.ilnotiziario.net\\\/wp\\\/#\\\/schema\\\/logo\\\/image\\\/\"},\"sameAs\":[\"https:\\\/\\\/www.facebook.com\\\/ilnotiziarioind\\\/\",\"https:\\\/\\\/x.com\\\/ilNotiziarioInd\",\"https:\\\/\\\/www.instagram.com\\\/ilnotiziario_settimanale\\\/\"]},{\"@type\":\"Person\",\"@id\":\"https:\\\/\\\/www.ilnotiziario.net\\\/wp\\\/#\\\/schema\\\/person\\\/c218ad0865f96bfe2c1c2cfa719653f7\",\"name\":\"Simone Carcano\",\"image\":{\"@type\":\"ImageObject\",\"inLanguage\":\"it-IT\",\"@id\":\"https:\\\/\\\/secure.gravatar.com\\\/avatar\\\/5e677023cff2c47e9f7a896b9157a46e18bd36e7c4d000a1726bb730be7d38bb?s=96&d=mm&r=g\",\"url\":\"https:\\\/\\\/secure.gravatar.com\\\/avatar\\\/5e677023cff2c47e9f7a896b9157a46e18bd36e7c4d000a1726bb730be7d38bb?s=96&d=mm&r=g\",\"contentUrl\":\"https:\\\/\\\/secure.gravatar.com\\\/avatar\\\/5e677023cff2c47e9f7a896b9157a46e18bd36e7c4d000a1726bb730be7d38bb?s=96&d=mm&r=g\",\"caption\":\"Simone Carcano\"},\"sameAs\":[\"http:\\\/\\\/www.ilnotiziario.net\",\"https:\\\/\\\/x.com\\\/@simone_carcano\"]}]}<\/script>\n<!-- \/ Yoast SEO plugin. -->","yoast_head_json":{"title":"Milano e provincia zona rossa? Ipotesi lockdown: spostamenti vietati e negozi chiusi","description":"Spostamenti vietati tra le regioni e chiusura di negozi e attivit\u00e0. Il governo assieme alle regioni va verso la definizione di zone rosse nelle grandi","robots":{"index":"index","follow":"follow","max-snippet":"max-snippet:-1","max-image-preview":"max-image-preview:large","max-video-preview":"max-video-preview:-1"},"canonical":"https:\/\/www.ilnotiziario.net\/wp\/prima-pagina\/milano-lockdwon-spostamenti-negozi-chiusi\/","og_locale":"it_IT","og_type":"article","og_title":"Milano e provincia zona rossa? Ipotesi lockdown: spostamenti vietati e negozi chiusi","og_description":"Spostamenti vietati tra le regioni e chiusura di negozi e attivit\u00e0. Il governo assieme alle regioni va verso la definizione di zone rosse nelle grandi","og_url":"https:\/\/www.ilnotiziario.net\/wp\/prima-pagina\/milano-lockdwon-spostamenti-negozi-chiusi\/","og_site_name":"Il Notiziario","article_publisher":"https:\/\/www.facebook.com\/ilnotiziarioind\/","article_published_time":"2020-10-31T18:51:10+00:00","article_modified_time":"2020-10-31T18:54:12+00:00","og_image":[{"width":2560,"height":1867,"url":"https:\/\/www.ilnotiziario.net\/wp\/wp-content\/uploads\/2020\/03\/esselunga-coronavirus-divieti-scaled.jpg","type":"image\/jpeg"}],"author":"Simone Carcano","twitter_card":"summary_large_image","twitter_creator":"@simone_carcano","twitter_site":"@ilNotiziarioInd","twitter_misc":{"Scritto da":"Simone Carcano","Tempo di lettura stimato":"1 minuto"},"schema":{"@context":"https:\/\/schema.org","@graph":[{"@type":"Article","@id":"https:\/\/www.ilnotiziario.net\/wp\/prima-pagina\/milano-lockdwon-spostamenti-negozi-chiusi\/#article","isPartOf":{"@id":"https:\/\/www.ilnotiziario.net\/wp\/prima-pagina\/milano-lockdwon-spostamenti-negozi-chiusi\/"},"author":{"name":"Simone Carcano","@id":"https:\/\/www.ilnotiziario.net\/wp\/#\/schema\/person\/c218ad0865f96bfe2c1c2cfa719653f7"},"headline":"Milano e provincia zona rossa? Ipotesi lockdown: spostamenti vietati e negozi chiusi","datePublished":"2020-10-31T18:51:10+00:00","dateModified":"2020-10-31T18:54:12+00:00","mainEntityOfPage":{"@id":"https:\/\/www.ilnotiziario.net\/wp\/prima-pagina\/milano-lockdwon-spostamenti-negozi-chiusi\/"},"wordCount":233,"publisher":{"@id":"https:\/\/www.ilnotiziario.net\/wp\/#organization"},"image":{"@id":"https:\/\/www.ilnotiziario.net\/wp\/prima-pagina\/milano-lockdwon-spostamenti-negozi-chiusi\/#primaryimage"},"thumbnailUrl":"https:\/\/www.ilnotiziario.net\/wp\/wp-content\/uploads\/2020\/03\/esselunga-coronavirus-divieti-scaled.jpg","keywords":["Chiusure","lockdown","Milano","negozi"],"articleSection":["Prima Pagina"],"inLanguage":"it-IT"},{"@type":"WebPage","@id":"https:\/\/www.ilnotiziario.net\/wp\/prima-pagina\/milano-lockdwon-spostamenti-negozi-chiusi\/","url":"https:\/\/www.ilnotiziario.net\/wp\/prima-pagina\/milano-lockdwon-spostamenti-negozi-chiusi\/","name":"Milano e provincia zona rossa? Ipotesi lockdown: spostamenti vietati e negozi chiusi","isPartOf":{"@id":"https:\/\/www.ilnotiziario.net\/wp\/#website"},"primaryImageOfPage":{"@id":"https:\/\/www.ilnotiziario.net\/wp\/prima-pagina\/milano-lockdwon-spostamenti-negozi-chiusi\/#primaryimage"},"image":{"@id":"https:\/\/www.ilnotiziario.net\/wp\/prima-pagina\/milano-lockdwon-spostamenti-negozi-chiusi\/#primaryimage"},"thumbnailUrl":"https:\/\/www.ilnotiziario.net\/wp\/wp-content\/uploads\/2020\/03\/esselunga-coronavirus-divieti-scaled.jpg","datePublished":"2020-10-31T18:51:10+00:00","dateModified":"2020-10-31T18:54:12+00:00","description":"Spostamenti vietati tra le regioni e chiusura di negozi e attivit\u00e0. Il governo assieme alle regioni va verso la definizione di zone rosse nelle grandi","breadcrumb":{"@id":"https:\/\/www.ilnotiziario.net\/wp\/prima-pagina\/milano-lockdwon-spostamenti-negozi-chiusi\/#breadcrumb"},"inLanguage":"it-IT","potentialAction":[{"@type":"ReadAction","target":["https:\/\/www.ilnotiziario.net\/wp\/prima-pagina\/milano-lockdwon-spostamenti-negozi-chiusi\/"]}]},{"@type":"ImageObject","inLanguage":"it-IT","@id":"https:\/\/www.ilnotiziario.net\/wp\/prima-pagina\/milano-lockdwon-spostamenti-negozi-chiusi\/#primaryimage","url":"https:\/\/www.ilnotiziario.net\/wp\/wp-content\/uploads\/2020\/03\/esselunga-coronavirus-divieti-scaled.jpg","contentUrl":"https:\/\/www.ilnotiziario.net\/wp\/wp-content\/uploads\/2020\/03\/esselunga-coronavirus-divieti-scaled.jpg","width":2560,"height":1867,"caption":"Customers wearing protective face masks stand in a long line (while keeping a minimum distance between each other as a sanitary precaution) outside a large supermarket in Milan, Italy, 11March 2020. In an attempt to stop the spread of the COVID-19 disease caused by the SARS-CoV-2 coronavirus, Italian Prime Minister Giuseppe Conte announced on 09 March the extending of coronavirus quarantine measures to the entire country, starting on 10 March until 03 April. It will be possible to move only for 'proven work reasons' or 'serious family or health needs,' he said. All public gatherings have been banned and people have been advised to stay at home. ANSA\/Andrea Fasani"},{"@type":"BreadcrumbList","@id":"https:\/\/www.ilnotiziario.net\/wp\/prima-pagina\/milano-lockdwon-spostamenti-negozi-chiusi\/#breadcrumb","itemListElement":[{"@type":"ListItem","position":1,"name":"tds_text_logo_tagline_colortds_text_logo_tagline_colortds_text_logo_tagline_colortds_text_logo_tagline_colortd_module_7_title_excerpttd_module_7_title_excerpttd_module_7_title_excerpttd_module_7_title_excerptHome","item":"https:\/\/www.ilnotiziario.net\/wp\/"},{"@type":"ListItem","position":2,"name":"Milano e provincia zona rossa? Ipotesi lockdown: spostamenti vietati e negozi chiusi"}]},{"@type":"WebSite","@id":"https:\/\/www.ilnotiziario.net\/wp\/#website","url":"https:\/\/www.ilnotiziario.net\/wp\/","name":"Il Notiziario","description":"Per restare sempre connessi alla notizia","publisher":{"@id":"https:\/\/www.ilnotiziario.net\/wp\/#organization"},"alternateName":"Il Notiziario Bollate","potentialAction":[{"@type":"SearchAction","target":{"@type":"EntryPoint","urlTemplate":"https:\/\/www.ilnotiziario.net\/wp\/?s={search_term_string}"},"query-input":{"@type":"PropertyValueSpecification","valueRequired":true,"valueName":"search_term_string"}}],"inLanguage":"it-IT"},{"@type":"Organization","@id":"https:\/\/www.ilnotiziario.net\/wp\/#organization","name":"Il Notiziario","url":"https:\/\/www.ilnotiziario.net\/wp\/","logo":{"@type":"ImageObject","inLanguage":"it-IT","@id":"https:\/\/www.ilnotiziario.net\/wp\/#\/schema\/logo\/image\/","url":"https:\/\/www.ilnotiziario.net\/wp\/wp-content\/uploads\/2022\/06\/170x170ilN.png","contentUrl":"https:\/\/www.ilnotiziario.net\/wp\/wp-content\/uploads\/2022\/06\/170x170ilN.png","width":355,"height":355,"caption":"Il Notiziario"},"image":{"@id":"https:\/\/www.ilnotiziario.net\/wp\/#\/schema\/logo\/image\/"},"sameAs":["https:\/\/www.facebook.com\/ilnotiziarioind\/","https:\/\/x.com\/ilNotiziarioInd","https:\/\/www.instagram.com\/ilnotiziario_settimanale\/"]},{"@type":"Person","@id":"https:\/\/www.ilnotiziario.net\/wp\/#\/schema\/person\/c218ad0865f96bfe2c1c2cfa719653f7","name":"Simone Carcano","image":{"@type":"ImageObject","inLanguage":"it-IT","@id":"https:\/\/secure.gravatar.com\/avatar\/5e677023cff2c47e9f7a896b9157a46e18bd36e7c4d000a1726bb730be7d38bb?s=96&d=mm&r=g","url":"https:\/\/secure.gravatar.com\/avatar\/5e677023cff2c47e9f7a896b9157a46e18bd36e7c4d000a1726bb730be7d38bb?s=96&d=mm&r=g","contentUrl":"https:\/\/secure.gravatar.com\/avatar\/5e677023cff2c47e9f7a896b9157a46e18bd36e7c4d000a1726bb730be7d38bb?s=96&d=mm&r=g","caption":"Simone Carcano"},"sameAs":["http:\/\/www.ilnotiziario.net","https:\/\/x.com\/@simone_carcano"]}]}},"_links":{"self":[{"href":"https:\/\/www.ilnotiziario.net\/wp\/wp-json\/wp\/v2\/posts\/130413","targetHints":{"allow":["GET"]}}],"collection":[{"href":"https:\/\/www.ilnotiziario.net\/wp\/wp-json\/wp\/v2\/posts"}],"about":[{"href":"https:\/\/www.ilnotiziario.net\/wp\/wp-json\/wp\/v2\/types\/post"}],"author":[{"embeddable":true,"href":"https:\/\/www.ilnotiziario.net\/wp\/wp-json\/wp\/v2\/users\/7"}],"replies":[{"embeddable":true,"href":"https:\/\/www.ilnotiziario.net\/wp\/wp-json\/wp\/v2\/comments?post=130413"}],"version-history":[{"count":0,"href":"https:\/\/www.ilnotiziario.net\/wp\/wp-json\/wp\/v2\/posts\/130413\/revisions"}],"wp:featuredmedia":[{"embeddable":true,"href":"https:\/\/www.ilnotiziario.net\/wp\/wp-json\/wp\/v2\/media\/51026"}],"wp:attachment":[{"href":"https:\/\/www.ilnotiziario.net\/wp\/wp-json\/wp\/v2\/media?parent=130413"}],"wp:term":[{"taxonomy":"category","embeddable":true,"href":"https:\/\/www.ilnotiziario.net\/wp\/wp-json\/wp\/v2\/categories?post=130413"},{"taxonomy":"post_tag","embeddable":true,"href":"https:\/\/www.ilnotiziario.net\/wp\/wp-json\/wp\/v2\/tags?post=130413"}],"curies":[{"name":"wp","href":"https:\/\/api.w.org\/{rel}","templated":true}]}}