{"id":144132,"date":"2020-11-10T17:24:07","date_gmt":"2020-11-10T16:24:07","guid":{"rendered":"https:\/\/www.ilnotiziario.net\/wp\/?p=144132"},"modified":"2020-11-10T17:24:07","modified_gmt":"2020-11-10T16:24:07","slug":"troppi-assembramenti-parchi-chiusi-saronno-vietato-parco-lura","status":"publish","type":"post","link":"https:\/\/www.ilnotiziario.net\/wp\/prima-pagina\/troppi-assembramenti-parchi-chiusi-saronno-vietato-parco-lura\/","title":{"rendered":"Troppi assembramenti, primi parchi chiusi a Saronno: vietato attraversare la citt\u00e0 per entrare nel Parco del Lura"},"content":{"rendered":"<p><img fetchpriority=\"high\" decoding=\"async\" class=\"aligncenter size-medium wp-image-144133\" src=\"https:\/\/www.ilnotiziario.net\/wp\/wp-content\/uploads\/2020\/11\/Parco-Lura-300x192.jpg\" alt=\"Parco Lura Saronno \" width=\"300\" height=\"192\" srcset=\"https:\/\/www.ilnotiziario.net\/wp\/wp-content\/uploads\/2020\/11\/Parco-Lura-300x192.jpg 300w, https:\/\/www.ilnotiziario.net\/wp\/wp-content\/uploads\/2020\/11\/Parco-Lura-768x492.jpg 768w, https:\/\/www.ilnotiziario.net\/wp\/wp-content\/uploads\/2020\/11\/Parco-Lura-696x446.jpg 696w, https:\/\/www.ilnotiziario.net\/wp\/wp-content\/uploads\/2020\/11\/Parco-Lura-600x384.jpg 600w, https:\/\/www.ilnotiziario.net\/wp\/wp-content\/uploads\/2020\/11\/Parco-Lura-250x160.jpg 250w, https:\/\/www.ilnotiziario.net\/wp\/wp-content\/uploads\/2020\/11\/Parco-Lura.jpg 921w\" sizes=\"(max-width: 300px) 100vw, 300px\" \/>L&#8217;Amministrazione comunale di Saronno ha deciso di chiudere alcuni parchi cittadini, per limitare le occasioni di assembramenti in citt\u00e0.&nbsp;<\/p><div id=\"ilnot-1364966351\" class=\"ilnot-contenuto ilnot-entity-placement\"><p><!-- incontent_1 --><\/p>\n<div class=\"gptslot\" data-adunitid=\"1\"><\/div>\n<\/div>\n<p>La comunicazione \u00e8 stata diffusa&nbsp; &nbsp;dal Comune di Saronno&nbsp; sulla pagina Facebook del Comune di Saronno.&nbsp; &#8220;Con l&#8217;obiettivo di effettuare una prevenzione anti-Covid pi\u00f9 efficace, l&#8217;Amministrazione Comunale, dopo essersi consultata con il Comando della Polizia Locale che ha verificato l&#8217;esistenza di persistenti assembramenti, ha deciso di chiudere temporaneamente i seguenti parchi&#8221; &#8211; si legge nella nota, a cui fa seguito<strong> l&#8217;elenco dei parchi chiusi da oggi.<\/strong><\/p>\n<p>Si tratta dei parchi di &nbsp;Via VARESE (Parco ex-Seminario), via CARLO PORTA (Parco Salvo D&#8217;Acquisto),&nbsp; P.zza UNITA&#8217; d&#8217;ITALIA (Parco De&#8217; Rocchi), Via F.lli CERVI (Parco Il Gabbiano)<br \/>\nVia F. REINA,&nbsp; Via Da VINCI (Skate Park).&nbsp;<\/p><div id=\"ilnot-1590246854\" class=\"ilnot-contenuto_2 ilnot-entity-placement\"><div class=\"ads-wrapper\">\n<div class=\"ad-slot\">\n   <div id=\"ilnot-3050304045\" style=\"margin-right: auto;margin-left: auto;text-align: center;width: 320px;height: 100px;\"><a href=\"https:\/\/www.scuolasicurezza.it\/\"><img decoding=\"async\" src=\"https:\/\/www.ilnotiziario.net\/wp\/wp-content\/uploads\/2026\/04\/IlNotiziario_banner-sito-e-newsletter-320-x-100-px-1.gif\" alt=\"\"><\/a><\/div>\n  <\/div>\n<div class=\"ad-slot\">\n   <div id=\"ilnot-3687970816\" style=\"margin-right: auto;margin-left: auto;text-align: center;width: 320px;height: 100px;\"><a href=\"https:\/\/purodesignarredamenti.com\/\"><img decoding=\"async\" src=\"https:\/\/www.ilnotiziario.net\/wp\/wp-content\/uploads\/2026\/04\/banner-puro-ok.gif\" alt=\"whatsapp\"><\/a><\/div><\/p><\/div>\n<\/div>\n<\/div>\n<p>Segue <strong>un elenco molto pi\u00f9 lungo di parchi che restano aperti<\/strong> per &#8220;i cittadini che volessero praticare attivit\u00e0 motoria, nei termini previsti dall&#8217;attuale DPCM&#8221;.&nbsp;<br \/>\n&nbsp;<br \/>\n&nbsp;Una nota speciale \u00e8 dedicata al Parco del Lura, il pi\u00f9 richiesto dai residenti e non solo, per l&#8217;attivit\u00e0 motori. &#8220;<strong>Non \u00e8 consentito attraversare la citt\u00e0 per andare al parco del Lura<\/strong>&#8221; -si legge infatti nella nota del Comune.<br \/>\n&#8220;Si ricorda che l&#8217;attivit\u00e0 motoria \u00e8 consentita solo nelle immediate vicinanze della propria abitazione e richiede sempre&nbsp; l&#8217;uso della mascherina. Inoltre, sono vietati tutti gli assembramenti. Per questo, invitiamo i cittadini a utilizzare gli spazi di verde pubblico esclusivamente in prossimit\u00e0 della propria residenza con l&#8217;indicazione di non stazionarvi.&nbsp;<br \/>\nLa Polizia Locale effettuer\u00e0 i controlli ed elever\u00e0 le sanzioni del caso.<\/p>\n<p>&#8220;Siamo ben consapevoli -si conclude la nota- del disagio provocato dalle restrizioni imposte dal DPCM. Invitiamo tuttavia con fermezza i saronnesi al rispetto delle regole di distanziamento e protezione, confermando che lavoreremo affinch\u00e9 tutti i provvedimenti di divieto possano durare lo stretto necessario per contenere l&#8217;aumento dei contagi che sta purtroppo colpendo il nostro territorio&#8221;.<\/p>\n","protected":false},"excerpt":{"rendered":"<p>L&#8217;Amministrazione comunale di Saronno ha deciso di chiudere alcuni parchi cittadini, per limitare le occasioni di assembramenti in citt\u00e0.&nbsp; La comunicazione \u00e8 stata diffusa&nbsp; &nbsp;dal Comune di Saronno&nbsp; sulla pagina Facebook del Comune di Saronno.&nbsp; &#8220;Con l&#8217;obiettivo di effettuare una prevenzione anti-Covid pi\u00f9 efficace, l&#8217;Amministrazione Comunale, dopo essersi consultata con il Comando della Polizia Locale<\/p>\n","protected":false},"author":3,"featured_media":144133,"comment_status":"closed","ping_status":"closed","sticky":false,"template":"","format":"standard","meta":{"footnotes":""},"categories":[20,13,14],"tags":[1723,7851,962,6021,56],"class_list":{"0":"post-144132","1":"post","2":"type-post","3":"status-publish","4":"format-standard","5":"has-post-thumbnail","7":"category-prima-pagina","8":"category-saronnese","9":"category-saronno","10":"tag-chiusura","11":"tag-dpcm","12":"tag-lura","13":"tag-parchi-pubblici","14":"tag-saronno-2"},"yoast_head":"<!-- This site is optimized with the Yoast SEO plugin v27.4 - https:\/\/yoast.com\/product\/yoast-seo-wordpress\/ -->\n<title>Troppi assembramenti, primi parchi chiusi a Saronno: vietato attraversare la citt\u00e0 per entrare nel Parco del Lura - Il Notiziario<\/title>\n<meta name=\"description\" content=\"L&#039;Amministrazione comunale di Saronno ha deciso di chiudere alcuni parchi cittadini, per limitare le occasioni di assembramenti in citt\u00e0.&nbsp; La\" \/>\n<meta name=\"robots\" content=\"index, follow, max-snippet:-1, max-image-preview:large, max-video-preview:-1\" \/>\n<link rel=\"canonical\" href=\"https:\/\/www.ilnotiziario.net\/wp\/prima-pagina\/troppi-assembramenti-parchi-chiusi-saronno-vietato-parco-lura\/\" \/>\n<meta property=\"og:locale\" content=\"it_IT\" \/>\n<meta property=\"og:type\" content=\"article\" \/>\n<meta property=\"og:title\" content=\"Troppi assembramenti, primi parchi chiusi a Saronno: vietato attraversare la citt\u00e0 per entrare nel Parco del Lura - Il Notiziario\" \/>\n<meta property=\"og:description\" content=\"L&#039;Amministrazione comunale di Saronno ha deciso di chiudere alcuni parchi cittadini, per limitare le occasioni di assembramenti in citt\u00e0.&nbsp; La\" \/>\n<meta property=\"og:url\" content=\"https:\/\/www.ilnotiziario.net\/wp\/prima-pagina\/troppi-assembramenti-parchi-chiusi-saronno-vietato-parco-lura\/\" \/>\n<meta property=\"og:site_name\" content=\"Il Notiziario\" \/>\n<meta property=\"article:publisher\" content=\"https:\/\/www.facebook.com\/ilnotiziarioind\/\" \/>\n<meta property=\"article:published_time\" content=\"2020-11-10T16:24:07+00:00\" \/>\n<meta property=\"og:image\" content=\"https:\/\/www.ilnotiziario.net\/wp\/wp-content\/uploads\/2020\/11\/Parco-Lura.jpg\" \/>\n\t<meta property=\"og:image:width\" content=\"921\" \/>\n\t<meta property=\"og:image:height\" content=\"590\" \/>\n\t<meta property=\"og:image:type\" content=\"image\/jpeg\" \/>\n<meta name=\"author\" content=\"Gabriele Bassani\" \/>\n<meta name=\"twitter:card\" content=\"summary_large_image\" \/>\n<meta name=\"twitter:creator\" content=\"@ilNotiziarioInd\" \/>\n<meta name=\"twitter:site\" content=\"@ilNotiziarioInd\" \/>\n<meta name=\"twitter:label1\" content=\"Scritto da\" \/>\n\t<meta name=\"twitter:data1\" content=\"Gabriele Bassani\" \/>\n\t<meta name=\"twitter:label2\" content=\"Tempo di lettura stimato\" \/>\n\t<meta name=\"twitter:data2\" content=\"2 minuti\" \/>\n<script type=\"application\/ld+json\" class=\"yoast-schema-graph\">{\"@context\":\"https:\\\/\\\/schema.org\",\"@graph\":[{\"@type\":\"Article\",\"@id\":\"https:\\\/\\\/www.ilnotiziario.net\\\/wp\\\/prima-pagina\\\/troppi-assembramenti-parchi-chiusi-saronno-vietato-parco-lura\\\/#article\",\"isPartOf\":{\"@id\":\"https:\\\/\\\/www.ilnotiziario.net\\\/wp\\\/prima-pagina\\\/troppi-assembramenti-parchi-chiusi-saronno-vietato-parco-lura\\\/\"},\"author\":{\"name\":\"Gabriele Bassani\",\"@id\":\"https:\\\/\\\/www.ilnotiziario.net\\\/wp\\\/#\\\/schema\\\/person\\\/386e222908f898bb41c033989482bbf2\"},\"headline\":\"Troppi assembramenti, primi parchi chiusi a Saronno: vietato attraversare la citt\u00e0 per entrare nel Parco del Lura\",\"datePublished\":\"2020-11-10T16:24:07+00:00\",\"mainEntityOfPage\":{\"@id\":\"https:\\\/\\\/www.ilnotiziario.net\\\/wp\\\/prima-pagina\\\/troppi-assembramenti-parchi-chiusi-saronno-vietato-parco-lura\\\/\"},\"wordCount\":341,\"publisher\":{\"@id\":\"https:\\\/\\\/www.ilnotiziario.net\\\/wp\\\/#organization\"},\"image\":{\"@id\":\"https:\\\/\\\/www.ilnotiziario.net\\\/wp\\\/prima-pagina\\\/troppi-assembramenti-parchi-chiusi-saronno-vietato-parco-lura\\\/#primaryimage\"},\"thumbnailUrl\":\"https:\\\/\\\/www.ilnotiziario.net\\\/wp\\\/wp-content\\\/uploads\\\/2020\\\/11\\\/Parco-Lura.jpg\",\"keywords\":[\"chiusura\",\"dpcm\",\"lura\",\"parchi pubblici\",\"Saronno\"],\"articleSection\":[\"Prima Pagina\",\"SARONNESE\",\"SARONNO\"],\"inLanguage\":\"it-IT\"},{\"@type\":\"WebPage\",\"@id\":\"https:\\\/\\\/www.ilnotiziario.net\\\/wp\\\/prima-pagina\\\/troppi-assembramenti-parchi-chiusi-saronno-vietato-parco-lura\\\/\",\"url\":\"https:\\\/\\\/www.ilnotiziario.net\\\/wp\\\/prima-pagina\\\/troppi-assembramenti-parchi-chiusi-saronno-vietato-parco-lura\\\/\",\"name\":\"Troppi assembramenti, primi parchi chiusi a Saronno: vietato attraversare la citt\u00e0 per entrare nel Parco del Lura - Il Notiziario\",\"isPartOf\":{\"@id\":\"https:\\\/\\\/www.ilnotiziario.net\\\/wp\\\/#website\"},\"primaryImageOfPage\":{\"@id\":\"https:\\\/\\\/www.ilnotiziario.net\\\/wp\\\/prima-pagina\\\/troppi-assembramenti-parchi-chiusi-saronno-vietato-parco-lura\\\/#primaryimage\"},\"image\":{\"@id\":\"https:\\\/\\\/www.ilnotiziario.net\\\/wp\\\/prima-pagina\\\/troppi-assembramenti-parchi-chiusi-saronno-vietato-parco-lura\\\/#primaryimage\"},\"thumbnailUrl\":\"https:\\\/\\\/www.ilnotiziario.net\\\/wp\\\/wp-content\\\/uploads\\\/2020\\\/11\\\/Parco-Lura.jpg\",\"datePublished\":\"2020-11-10T16:24:07+00:00\",\"description\":\"L'Amministrazione comunale di Saronno ha deciso di chiudere alcuni parchi cittadini, per limitare le occasioni di assembramenti in citt\u00e0.&nbsp; La\",\"breadcrumb\":{\"@id\":\"https:\\\/\\\/www.ilnotiziario.net\\\/wp\\\/prima-pagina\\\/troppi-assembramenti-parchi-chiusi-saronno-vietato-parco-lura\\\/#breadcrumb\"},\"inLanguage\":\"it-IT\",\"potentialAction\":[{\"@type\":\"ReadAction\",\"target\":[\"https:\\\/\\\/www.ilnotiziario.net\\\/wp\\\/prima-pagina\\\/troppi-assembramenti-parchi-chiusi-saronno-vietato-parco-lura\\\/\"]}]},{\"@type\":\"ImageObject\",\"inLanguage\":\"it-IT\",\"@id\":\"https:\\\/\\\/www.ilnotiziario.net\\\/wp\\\/prima-pagina\\\/troppi-assembramenti-parchi-chiusi-saronno-vietato-parco-lura\\\/#primaryimage\",\"url\":\"https:\\\/\\\/www.ilnotiziario.net\\\/wp\\\/wp-content\\\/uploads\\\/2020\\\/11\\\/Parco-Lura.jpg\",\"contentUrl\":\"https:\\\/\\\/www.ilnotiziario.net\\\/wp\\\/wp-content\\\/uploads\\\/2020\\\/11\\\/Parco-Lura.jpg\",\"width\":921,\"height\":590,\"caption\":\"Parco Lura Saronno\"},{\"@type\":\"BreadcrumbList\",\"@id\":\"https:\\\/\\\/www.ilnotiziario.net\\\/wp\\\/prima-pagina\\\/troppi-assembramenti-parchi-chiusi-saronno-vietato-parco-lura\\\/#breadcrumb\",\"itemListElement\":[{\"@type\":\"ListItem\",\"position\":1,\"name\":\"tds_text_logo_tagline_colortds_text_logo_tagline_colortds_text_logo_tagline_colortds_text_logo_tagline_colortd_module_7_title_excerpttd_module_7_title_excerpttd_module_7_title_excerpttd_module_7_title_excerptHome\",\"item\":\"https:\\\/\\\/www.ilnotiziario.net\\\/wp\\\/\"},{\"@type\":\"ListItem\",\"position\":2,\"name\":\"Troppi assembramenti, primi parchi chiusi a Saronno: vietato attraversare la citt\u00e0 per entrare nel Parco del Lura\"}]},{\"@type\":\"WebSite\",\"@id\":\"https:\\\/\\\/www.ilnotiziario.net\\\/wp\\\/#website\",\"url\":\"https:\\\/\\\/www.ilnotiziario.net\\\/wp\\\/\",\"name\":\"Il Notiziario\",\"description\":\"Per restare sempre connessi alla notizia\",\"publisher\":{\"@id\":\"https:\\\/\\\/www.ilnotiziario.net\\\/wp\\\/#organization\"},\"alternateName\":\"Il Notiziario Bollate\",\"potentialAction\":[{\"@type\":\"SearchAction\",\"target\":{\"@type\":\"EntryPoint\",\"urlTemplate\":\"https:\\\/\\\/www.ilnotiziario.net\\\/wp\\\/?s={search_term_string}\"},\"query-input\":{\"@type\":\"PropertyValueSpecification\",\"valueRequired\":true,\"valueName\":\"search_term_string\"}}],\"inLanguage\":\"it-IT\"},{\"@type\":\"Organization\",\"@id\":\"https:\\\/\\\/www.ilnotiziario.net\\\/wp\\\/#organization\",\"name\":\"Il Notiziario\",\"url\":\"https:\\\/\\\/www.ilnotiziario.net\\\/wp\\\/\",\"logo\":{\"@type\":\"ImageObject\",\"inLanguage\":\"it-IT\",\"@id\":\"https:\\\/\\\/www.ilnotiziario.net\\\/wp\\\/#\\\/schema\\\/logo\\\/image\\\/\",\"url\":\"https:\\\/\\\/www.ilnotiziario.net\\\/wp\\\/wp-content\\\/uploads\\\/2022\\\/06\\\/170x170ilN.png\",\"contentUrl\":\"https:\\\/\\\/www.ilnotiziario.net\\\/wp\\\/wp-content\\\/uploads\\\/2022\\\/06\\\/170x170ilN.png\",\"width\":355,\"height\":355,\"caption\":\"Il Notiziario\"},\"image\":{\"@id\":\"https:\\\/\\\/www.ilnotiziario.net\\\/wp\\\/#\\\/schema\\\/logo\\\/image\\\/\"},\"sameAs\":[\"https:\\\/\\\/www.facebook.com\\\/ilnotiziarioind\\\/\",\"https:\\\/\\\/x.com\\\/ilNotiziarioInd\",\"https:\\\/\\\/www.instagram.com\\\/ilnotiziario_settimanale\\\/\"]},{\"@type\":\"Person\",\"@id\":\"https:\\\/\\\/www.ilnotiziario.net\\\/wp\\\/#\\\/schema\\\/person\\\/386e222908f898bb41c033989482bbf2\",\"name\":\"Gabriele Bassani\",\"image\":{\"@type\":\"ImageObject\",\"inLanguage\":\"it-IT\",\"@id\":\"https:\\\/\\\/secure.gravatar.com\\\/avatar\\\/09274f4a84fa97698bde56f84b3afed61c8492d48b0550db9671b68c177479cb?s=96&d=mm&r=g\",\"url\":\"https:\\\/\\\/secure.gravatar.com\\\/avatar\\\/09274f4a84fa97698bde56f84b3afed61c8492d48b0550db9671b68c177479cb?s=96&d=mm&r=g\",\"contentUrl\":\"https:\\\/\\\/secure.gravatar.com\\\/avatar\\\/09274f4a84fa97698bde56f84b3afed61c8492d48b0550db9671b68c177479cb?s=96&d=mm&r=g\",\"caption\":\"Gabriele Bassani\"},\"sameAs\":[\"http:\\\/\\\/www.ilnotiziario.net\"]}]}<\/script>\n<!-- \/ Yoast SEO plugin. -->","yoast_head_json":{"title":"Troppi assembramenti, primi parchi chiusi a Saronno: vietato attraversare la citt\u00e0 per entrare nel Parco del Lura - Il Notiziario","description":"L'Amministrazione comunale di Saronno ha deciso di chiudere alcuni parchi cittadini, per limitare le occasioni di assembramenti in citt\u00e0.&nbsp; La","robots":{"index":"index","follow":"follow","max-snippet":"max-snippet:-1","max-image-preview":"max-image-preview:large","max-video-preview":"max-video-preview:-1"},"canonical":"https:\/\/www.ilnotiziario.net\/wp\/prima-pagina\/troppi-assembramenti-parchi-chiusi-saronno-vietato-parco-lura\/","og_locale":"it_IT","og_type":"article","og_title":"Troppi assembramenti, primi parchi chiusi a Saronno: vietato attraversare la citt\u00e0 per entrare nel Parco del Lura - Il Notiziario","og_description":"L'Amministrazione comunale di Saronno ha deciso di chiudere alcuni parchi cittadini, per limitare le occasioni di assembramenti in citt\u00e0.&nbsp; La","og_url":"https:\/\/www.ilnotiziario.net\/wp\/prima-pagina\/troppi-assembramenti-parchi-chiusi-saronno-vietato-parco-lura\/","og_site_name":"Il Notiziario","article_publisher":"https:\/\/www.facebook.com\/ilnotiziarioind\/","article_published_time":"2020-11-10T16:24:07+00:00","og_image":[{"width":921,"height":590,"url":"https:\/\/www.ilnotiziario.net\/wp\/wp-content\/uploads\/2020\/11\/Parco-Lura.jpg","type":"image\/jpeg"}],"author":"Gabriele Bassani","twitter_card":"summary_large_image","twitter_creator":"@ilNotiziarioInd","twitter_site":"@ilNotiziarioInd","twitter_misc":{"Scritto da":"Gabriele Bassani","Tempo di lettura stimato":"2 minuti"},"schema":{"@context":"https:\/\/schema.org","@graph":[{"@type":"Article","@id":"https:\/\/www.ilnotiziario.net\/wp\/prima-pagina\/troppi-assembramenti-parchi-chiusi-saronno-vietato-parco-lura\/#article","isPartOf":{"@id":"https:\/\/www.ilnotiziario.net\/wp\/prima-pagina\/troppi-assembramenti-parchi-chiusi-saronno-vietato-parco-lura\/"},"author":{"name":"Gabriele Bassani","@id":"https:\/\/www.ilnotiziario.net\/wp\/#\/schema\/person\/386e222908f898bb41c033989482bbf2"},"headline":"Troppi assembramenti, primi parchi chiusi a Saronno: vietato attraversare la citt\u00e0 per entrare nel Parco del Lura","datePublished":"2020-11-10T16:24:07+00:00","mainEntityOfPage":{"@id":"https:\/\/www.ilnotiziario.net\/wp\/prima-pagina\/troppi-assembramenti-parchi-chiusi-saronno-vietato-parco-lura\/"},"wordCount":341,"publisher":{"@id":"https:\/\/www.ilnotiziario.net\/wp\/#organization"},"image":{"@id":"https:\/\/www.ilnotiziario.net\/wp\/prima-pagina\/troppi-assembramenti-parchi-chiusi-saronno-vietato-parco-lura\/#primaryimage"},"thumbnailUrl":"https:\/\/www.ilnotiziario.net\/wp\/wp-content\/uploads\/2020\/11\/Parco-Lura.jpg","keywords":["chiusura","dpcm","lura","parchi pubblici","Saronno"],"articleSection":["Prima Pagina","SARONNESE","SARONNO"],"inLanguage":"it-IT"},{"@type":"WebPage","@id":"https:\/\/www.ilnotiziario.net\/wp\/prima-pagina\/troppi-assembramenti-parchi-chiusi-saronno-vietato-parco-lura\/","url":"https:\/\/www.ilnotiziario.net\/wp\/prima-pagina\/troppi-assembramenti-parchi-chiusi-saronno-vietato-parco-lura\/","name":"Troppi assembramenti, primi parchi chiusi a Saronno: vietato attraversare la citt\u00e0 per entrare nel Parco del Lura - Il Notiziario","isPartOf":{"@id":"https:\/\/www.ilnotiziario.net\/wp\/#website"},"primaryImageOfPage":{"@id":"https:\/\/www.ilnotiziario.net\/wp\/prima-pagina\/troppi-assembramenti-parchi-chiusi-saronno-vietato-parco-lura\/#primaryimage"},"image":{"@id":"https:\/\/www.ilnotiziario.net\/wp\/prima-pagina\/troppi-assembramenti-parchi-chiusi-saronno-vietato-parco-lura\/#primaryimage"},"thumbnailUrl":"https:\/\/www.ilnotiziario.net\/wp\/wp-content\/uploads\/2020\/11\/Parco-Lura.jpg","datePublished":"2020-11-10T16:24:07+00:00","description":"L'Amministrazione comunale di Saronno ha deciso di chiudere alcuni parchi cittadini, per limitare le occasioni di assembramenti in citt\u00e0.&nbsp; La","breadcrumb":{"@id":"https:\/\/www.ilnotiziario.net\/wp\/prima-pagina\/troppi-assembramenti-parchi-chiusi-saronno-vietato-parco-lura\/#breadcrumb"},"inLanguage":"it-IT","potentialAction":[{"@type":"ReadAction","target":["https:\/\/www.ilnotiziario.net\/wp\/prima-pagina\/troppi-assembramenti-parchi-chiusi-saronno-vietato-parco-lura\/"]}]},{"@type":"ImageObject","inLanguage":"it-IT","@id":"https:\/\/www.ilnotiziario.net\/wp\/prima-pagina\/troppi-assembramenti-parchi-chiusi-saronno-vietato-parco-lura\/#primaryimage","url":"https:\/\/www.ilnotiziario.net\/wp\/wp-content\/uploads\/2020\/11\/Parco-Lura.jpg","contentUrl":"https:\/\/www.ilnotiziario.net\/wp\/wp-content\/uploads\/2020\/11\/Parco-Lura.jpg","width":921,"height":590,"caption":"Parco Lura Saronno"},{"@type":"BreadcrumbList","@id":"https:\/\/www.ilnotiziario.net\/wp\/prima-pagina\/troppi-assembramenti-parchi-chiusi-saronno-vietato-parco-lura\/#breadcrumb","itemListElement":[{"@type":"ListItem","position":1,"name":"tds_text_logo_tagline_colortds_text_logo_tagline_colortds_text_logo_tagline_colortds_text_logo_tagline_colortd_module_7_title_excerpttd_module_7_title_excerpttd_module_7_title_excerpttd_module_7_title_excerptHome","item":"https:\/\/www.ilnotiziario.net\/wp\/"},{"@type":"ListItem","position":2,"name":"Troppi assembramenti, primi parchi chiusi a Saronno: vietato attraversare la citt\u00e0 per entrare nel Parco del Lura"}]},{"@type":"WebSite","@id":"https:\/\/www.ilnotiziario.net\/wp\/#website","url":"https:\/\/www.ilnotiziario.net\/wp\/","name":"Il Notiziario","description":"Per restare sempre connessi alla notizia","publisher":{"@id":"https:\/\/www.ilnotiziario.net\/wp\/#organization"},"alternateName":"Il Notiziario Bollate","potentialAction":[{"@type":"SearchAction","target":{"@type":"EntryPoint","urlTemplate":"https:\/\/www.ilnotiziario.net\/wp\/?s={search_term_string}"},"query-input":{"@type":"PropertyValueSpecification","valueRequired":true,"valueName":"search_term_string"}}],"inLanguage":"it-IT"},{"@type":"Organization","@id":"https:\/\/www.ilnotiziario.net\/wp\/#organization","name":"Il Notiziario","url":"https:\/\/www.ilnotiziario.net\/wp\/","logo":{"@type":"ImageObject","inLanguage":"it-IT","@id":"https:\/\/www.ilnotiziario.net\/wp\/#\/schema\/logo\/image\/","url":"https:\/\/www.ilnotiziario.net\/wp\/wp-content\/uploads\/2022\/06\/170x170ilN.png","contentUrl":"https:\/\/www.ilnotiziario.net\/wp\/wp-content\/uploads\/2022\/06\/170x170ilN.png","width":355,"height":355,"caption":"Il Notiziario"},"image":{"@id":"https:\/\/www.ilnotiziario.net\/wp\/#\/schema\/logo\/image\/"},"sameAs":["https:\/\/www.facebook.com\/ilnotiziarioind\/","https:\/\/x.com\/ilNotiziarioInd","https:\/\/www.instagram.com\/ilnotiziario_settimanale\/"]},{"@type":"Person","@id":"https:\/\/www.ilnotiziario.net\/wp\/#\/schema\/person\/386e222908f898bb41c033989482bbf2","name":"Gabriele Bassani","image":{"@type":"ImageObject","inLanguage":"it-IT","@id":"https:\/\/secure.gravatar.com\/avatar\/09274f4a84fa97698bde56f84b3afed61c8492d48b0550db9671b68c177479cb?s=96&d=mm&r=g","url":"https:\/\/secure.gravatar.com\/avatar\/09274f4a84fa97698bde56f84b3afed61c8492d48b0550db9671b68c177479cb?s=96&d=mm&r=g","contentUrl":"https:\/\/secure.gravatar.com\/avatar\/09274f4a84fa97698bde56f84b3afed61c8492d48b0550db9671b68c177479cb?s=96&d=mm&r=g","caption":"Gabriele Bassani"},"sameAs":["http:\/\/www.ilnotiziario.net"]}]}},"_links":{"self":[{"href":"https:\/\/www.ilnotiziario.net\/wp\/wp-json\/wp\/v2\/posts\/144132","targetHints":{"allow":["GET"]}}],"collection":[{"href":"https:\/\/www.ilnotiziario.net\/wp\/wp-json\/wp\/v2\/posts"}],"about":[{"href":"https:\/\/www.ilnotiziario.net\/wp\/wp-json\/wp\/v2\/types\/post"}],"author":[{"embeddable":true,"href":"https:\/\/www.ilnotiziario.net\/wp\/wp-json\/wp\/v2\/users\/3"}],"replies":[{"embeddable":true,"href":"https:\/\/www.ilnotiziario.net\/wp\/wp-json\/wp\/v2\/comments?post=144132"}],"version-history":[{"count":0,"href":"https:\/\/www.ilnotiziario.net\/wp\/wp-json\/wp\/v2\/posts\/144132\/revisions"}],"wp:featuredmedia":[{"embeddable":true,"href":"https:\/\/www.ilnotiziario.net\/wp\/wp-json\/wp\/v2\/media\/144133"}],"wp:attachment":[{"href":"https:\/\/www.ilnotiziario.net\/wp\/wp-json\/wp\/v2\/media?parent=144132"}],"wp:term":[{"taxonomy":"category","embeddable":true,"href":"https:\/\/www.ilnotiziario.net\/wp\/wp-json\/wp\/v2\/categories?post=144132"},{"taxonomy":"post_tag","embeddable":true,"href":"https:\/\/www.ilnotiziario.net\/wp\/wp-json\/wp\/v2\/tags?post=144132"}],"curies":[{"name":"wp","href":"https:\/\/api.w.org\/{rel}","templated":true}]}}