{"id":144296,"date":"2020-11-13T21:15:38","date_gmt":"2020-11-13T20:15:38","guid":{"rendered":"https:\/\/www.ilnotiziario.net\/wp\/?p=144296"},"modified":"2020-11-13T21:20:56","modified_gmt":"2020-11-13T20:20:56","slug":"covid-paderno-contagi-morti-aiuti","status":"publish","type":"post","link":"https:\/\/www.ilnotiziario.net\/wp\/nord-milano\/covid-paderno-contagi-morti-aiuti\/","title":{"rendered":"Covid a Paderno: oltre 1.000 contagi, 7 morti in 2 settimane. &#8220;Aiuti per famiglie e imprese&#8221;"},"content":{"rendered":"<p><img decoding=\"async\" class=\"size-medium wp-image-144297 alignleft\" src=\"https:\/\/www.ilnotiziario.net\/wp\/wp-content\/uploads\/2020\/11\/casati-300x155.jpg\" alt=\"\" width=\"300\" height=\"155\" srcset=\"https:\/\/www.ilnotiziario.net\/wp\/wp-content\/uploads\/2020\/11\/casati-300x155.jpg 300w, https:\/\/www.ilnotiziario.net\/wp\/wp-content\/uploads\/2020\/11\/casati-1024x530.jpg 1024w, https:\/\/www.ilnotiziario.net\/wp\/wp-content\/uploads\/2020\/11\/casati-768x397.jpg 768w, https:\/\/www.ilnotiziario.net\/wp\/wp-content\/uploads\/2020\/11\/casati-696x360.jpg 696w, https:\/\/www.ilnotiziario.net\/wp\/wp-content\/uploads\/2020\/11\/casati-1068x553.jpg 1068w, https:\/\/www.ilnotiziario.net\/wp\/wp-content\/uploads\/2020\/11\/casati-600x310.jpg 600w, https:\/\/www.ilnotiziario.net\/wp\/wp-content\/uploads\/2020\/11\/casati-280x145.jpg 280w, https:\/\/www.ilnotiziario.net\/wp\/wp-content\/uploads\/2020\/11\/casati.jpg 1289w\" sizes=\"(max-width: 300px) 100vw, 300px\" \/>I contagi da coronavirus a Paderno Dugnano superano le 4 cifre. Al momento sono 1.010 i positivi al Covid. A dirlo \u00e8 il sindaco Ezio Casati che in questi giorni \u00e8 in isolamento per essere stato contatto stretto di uno di questi contagiati padernesi. &#8220;Sono numeri terrificanti&#8221;, ha detto in un nuovo videomessaggio. Di questi 44 sono i ricoverati in ospedale, intanto nelle ultime due settimane si sono registrati anche 7 decessi di persone positive anche al Covid. &#8220;La situazione \u00e8 allarmante, la fascia pi\u00f9 colpita \u00e8 quella tra i 40 e i 60 anni e quella sotto i 30&#8221;, dice Casati. &#8220;L&#8217;appello che rivolgo \u00e8 quello di avere cura di s\u00e9 stessi e degli altri. Limitiamo le nostre uscite, manteniamo la distanza, evitiamo assembramenti. Lo dico ai giovani che spesso sono veicoli verso i pi\u00f9 anziani. Occorre usare il cervello&#8221;.&nbsp;<\/p><div id=\"ilnot-2113447875\" class=\"ilnot-contenuto ilnot-entity-placement\"><p><!-- incontent_1 --><\/p>\n<div class=\"gptslot\" data-adunitid=\"1\"><\/div>\n<\/div>\n<p>Intanto l&#8217;Amministrazione comunale sta lavorando per aiuti a imprese e famiglie anche in questa seconda ondata. &#8220;Porteremo in consiglio comunale la nostra proposta di stanziare 320mila euro in aiuto alle famiglie e altrettanti per le imprese&#8221;, dice Casati. &#8220;Da marzo &#8216;aiuto a sostegno delle famiglie per i buoni spesa \u00e8 stato di 400mila euro a cui si aggiungono 120mila euro per riduzione delle tasse. 340mila euro invece \u00e8 stata la riduzione d&#8217;imposta alle imprese e per l&#8217;utilizzo gratuito degli spazi pubblici&#8221;. A questi numeri si aggiungono&nbsp;minori incassi per 500mila euro per il mancato pagamento dei servizi come pre-post scuola o centri estivi. &#8220;In totale per questo 2020 puntiamo ad aver destinato 2 milioni di euro in aiuto di chi \u00e8 in difficolt\u00e0 per la pandemia&#8221;, ha concluso Casati.&nbsp;<\/p>\n","protected":false},"excerpt":{"rendered":"<p>I contagi da coronavirus a Paderno Dugnano superano le 4 cifre. Al momento sono 1.010 i positivi al Covid. A dirlo \u00e8 il sindaco Ezio Casati che in questi giorni \u00e8 in isolamento per essere stato contatto stretto di uno di questi contagiati padernesi. &#8220;Sono numeri terrificanti&#8221;, ha detto in un nuovo videomessaggio. Di questi<\/p>\n","protected":false},"author":7,"featured_media":144297,"comment_status":"closed","ping_status":"closed","sticky":false,"template":"","format":"standard","meta":{"footnotes":""},"categories":[11,20],"tags":[6994,7244,4814,39,7083],"class_list":{"0":"post-144296","1":"post","2":"type-post","3":"status-publish","4":"format-standard","5":"has-post-thumbnail","7":"category-nord-milano","8":"category-prima-pagina","9":"tag-contagi","10":"tag-covid","11":"tag-ezio-casati","12":"tag-paderno-dugnano","13":"tag-positivi"},"yoast_head":"<!-- This site is optimized with the Yoast SEO plugin v27.4 - https:\/\/yoast.com\/product\/yoast-seo-wordpress\/ -->\n<title>Covid a Paderno: oltre 1.000 contagi, 7 morti in 2 settimane. &quot;Aiuti per famiglie e imprese&quot;<\/title>\n<meta name=\"description\" content=\"I contagi da coronavirus a Paderno Dugnano superano le 4 cifre. Al momento sono 1.010 i positivi al Covid. A dirlo \u00e8 il sindaco Ezio Casati che in questi\" \/>\n<meta name=\"robots\" content=\"index, follow, max-snippet:-1, max-image-preview:large, max-video-preview:-1\" \/>\n<link rel=\"canonical\" href=\"https:\/\/www.ilnotiziario.net\/wp\/nord-milano\/covid-paderno-contagi-morti-aiuti\/\" \/>\n<meta property=\"og:locale\" content=\"it_IT\" \/>\n<meta property=\"og:type\" content=\"article\" \/>\n<meta property=\"og:title\" content=\"Covid a Paderno: oltre 1.000 contagi, 7 morti in 2 settimane. &quot;Aiuti per famiglie e imprese&quot;\" \/>\n<meta property=\"og:description\" content=\"I contagi da coronavirus a Paderno Dugnano superano le 4 cifre. Al momento sono 1.010 i positivi al Covid. A dirlo \u00e8 il sindaco Ezio Casati che in questi\" \/>\n<meta property=\"og:url\" content=\"https:\/\/www.ilnotiziario.net\/wp\/nord-milano\/covid-paderno-contagi-morti-aiuti\/\" \/>\n<meta property=\"og:site_name\" content=\"Il Notiziario\" \/>\n<meta property=\"article:publisher\" content=\"https:\/\/www.facebook.com\/ilnotiziarioind\/\" \/>\n<meta property=\"article:published_time\" content=\"2020-11-13T20:15:38+00:00\" \/>\n<meta property=\"article:modified_time\" content=\"2020-11-13T20:20:56+00:00\" \/>\n<meta property=\"og:image\" content=\"https:\/\/www.ilnotiziario.net\/wp\/wp-content\/uploads\/2020\/11\/casati.jpg\" \/>\n\t<meta property=\"og:image:width\" content=\"1289\" \/>\n\t<meta property=\"og:image:height\" content=\"667\" \/>\n\t<meta property=\"og:image:type\" content=\"image\/jpeg\" \/>\n<meta name=\"author\" content=\"Simone Carcano\" \/>\n<meta name=\"twitter:card\" content=\"summary_large_image\" \/>\n<meta name=\"twitter:creator\" content=\"@simone_carcano\" \/>\n<meta name=\"twitter:site\" content=\"@ilNotiziarioInd\" \/>\n<meta name=\"twitter:label1\" content=\"Scritto da\" \/>\n\t<meta name=\"twitter:data1\" content=\"Simone Carcano\" \/>\n\t<meta name=\"twitter:label2\" content=\"Tempo di lettura stimato\" \/>\n\t<meta name=\"twitter:data2\" content=\"1 minuto\" \/>\n<script type=\"application\/ld+json\" class=\"yoast-schema-graph\">{\"@context\":\"https:\\\/\\\/schema.org\",\"@graph\":[{\"@type\":\"Article\",\"@id\":\"https:\\\/\\\/www.ilnotiziario.net\\\/wp\\\/nord-milano\\\/covid-paderno-contagi-morti-aiuti\\\/#article\",\"isPartOf\":{\"@id\":\"https:\\\/\\\/www.ilnotiziario.net\\\/wp\\\/nord-milano\\\/covid-paderno-contagi-morti-aiuti\\\/\"},\"author\":{\"name\":\"Simone Carcano\",\"@id\":\"https:\\\/\\\/www.ilnotiziario.net\\\/wp\\\/#\\\/schema\\\/person\\\/c218ad0865f96bfe2c1c2cfa719653f7\"},\"headline\":\"Covid a Paderno: oltre 1.000 contagi, 7 morti in 2 settimane. &#8220;Aiuti per famiglie e imprese&#8221;\",\"datePublished\":\"2020-11-13T20:15:38+00:00\",\"dateModified\":\"2020-11-13T20:20:56+00:00\",\"mainEntityOfPage\":{\"@id\":\"https:\\\/\\\/www.ilnotiziario.net\\\/wp\\\/nord-milano\\\/covid-paderno-contagi-morti-aiuti\\\/\"},\"wordCount\":273,\"publisher\":{\"@id\":\"https:\\\/\\\/www.ilnotiziario.net\\\/wp\\\/#organization\"},\"image\":{\"@id\":\"https:\\\/\\\/www.ilnotiziario.net\\\/wp\\\/nord-milano\\\/covid-paderno-contagi-morti-aiuti\\\/#primaryimage\"},\"thumbnailUrl\":\"https:\\\/\\\/www.ilnotiziario.net\\\/wp\\\/wp-content\\\/uploads\\\/2020\\\/11\\\/casati.jpg\",\"keywords\":[\"contagi\",\"covid\",\"Ezio Casati\",\"Paderno Dugnano\",\"positivi\"],\"articleSection\":[\"NORD MILANO\",\"Prima Pagina\"],\"inLanguage\":\"it-IT\"},{\"@type\":\"WebPage\",\"@id\":\"https:\\\/\\\/www.ilnotiziario.net\\\/wp\\\/nord-milano\\\/covid-paderno-contagi-morti-aiuti\\\/\",\"url\":\"https:\\\/\\\/www.ilnotiziario.net\\\/wp\\\/nord-milano\\\/covid-paderno-contagi-morti-aiuti\\\/\",\"name\":\"Covid a Paderno: oltre 1.000 contagi, 7 morti in 2 settimane. \\\"Aiuti per famiglie e imprese\\\"\",\"isPartOf\":{\"@id\":\"https:\\\/\\\/www.ilnotiziario.net\\\/wp\\\/#website\"},\"primaryImageOfPage\":{\"@id\":\"https:\\\/\\\/www.ilnotiziario.net\\\/wp\\\/nord-milano\\\/covid-paderno-contagi-morti-aiuti\\\/#primaryimage\"},\"image\":{\"@id\":\"https:\\\/\\\/www.ilnotiziario.net\\\/wp\\\/nord-milano\\\/covid-paderno-contagi-morti-aiuti\\\/#primaryimage\"},\"thumbnailUrl\":\"https:\\\/\\\/www.ilnotiziario.net\\\/wp\\\/wp-content\\\/uploads\\\/2020\\\/11\\\/casati.jpg\",\"datePublished\":\"2020-11-13T20:15:38+00:00\",\"dateModified\":\"2020-11-13T20:20:56+00:00\",\"description\":\"I contagi da coronavirus a Paderno Dugnano superano le 4 cifre. Al momento sono 1.010 i positivi al Covid. A dirlo \u00e8 il sindaco Ezio Casati che in questi\",\"breadcrumb\":{\"@id\":\"https:\\\/\\\/www.ilnotiziario.net\\\/wp\\\/nord-milano\\\/covid-paderno-contagi-morti-aiuti\\\/#breadcrumb\"},\"inLanguage\":\"it-IT\",\"potentialAction\":[{\"@type\":\"ReadAction\",\"target\":[\"https:\\\/\\\/www.ilnotiziario.net\\\/wp\\\/nord-milano\\\/covid-paderno-contagi-morti-aiuti\\\/\"]}]},{\"@type\":\"ImageObject\",\"inLanguage\":\"it-IT\",\"@id\":\"https:\\\/\\\/www.ilnotiziario.net\\\/wp\\\/nord-milano\\\/covid-paderno-contagi-morti-aiuti\\\/#primaryimage\",\"url\":\"https:\\\/\\\/www.ilnotiziario.net\\\/wp\\\/wp-content\\\/uploads\\\/2020\\\/11\\\/casati.jpg\",\"contentUrl\":\"https:\\\/\\\/www.ilnotiziario.net\\\/wp\\\/wp-content\\\/uploads\\\/2020\\\/11\\\/casati.jpg\",\"width\":1289,\"height\":667},{\"@type\":\"BreadcrumbList\",\"@id\":\"https:\\\/\\\/www.ilnotiziario.net\\\/wp\\\/nord-milano\\\/covid-paderno-contagi-morti-aiuti\\\/#breadcrumb\",\"itemListElement\":[{\"@type\":\"ListItem\",\"position\":1,\"name\":\"tds_text_logo_tagline_colortds_text_logo_tagline_colortds_text_logo_tagline_colortds_text_logo_tagline_colortd_module_7_title_excerpttd_module_7_title_excerpttd_module_7_title_excerpttd_module_7_title_excerptHome\",\"item\":\"https:\\\/\\\/www.ilnotiziario.net\\\/wp\\\/\"},{\"@type\":\"ListItem\",\"position\":2,\"name\":\"Covid a Paderno: oltre 1.000 contagi, 7 morti in 2 settimane. &#8220;Aiuti per famiglie e imprese&#8221;\"}]},{\"@type\":\"WebSite\",\"@id\":\"https:\\\/\\\/www.ilnotiziario.net\\\/wp\\\/#website\",\"url\":\"https:\\\/\\\/www.ilnotiziario.net\\\/wp\\\/\",\"name\":\"Il Notiziario\",\"description\":\"Per restare sempre connessi alla notizia\",\"publisher\":{\"@id\":\"https:\\\/\\\/www.ilnotiziario.net\\\/wp\\\/#organization\"},\"alternateName\":\"Il Notiziario Bollate\",\"potentialAction\":[{\"@type\":\"SearchAction\",\"target\":{\"@type\":\"EntryPoint\",\"urlTemplate\":\"https:\\\/\\\/www.ilnotiziario.net\\\/wp\\\/?s={search_term_string}\"},\"query-input\":{\"@type\":\"PropertyValueSpecification\",\"valueRequired\":true,\"valueName\":\"search_term_string\"}}],\"inLanguage\":\"it-IT\"},{\"@type\":\"Organization\",\"@id\":\"https:\\\/\\\/www.ilnotiziario.net\\\/wp\\\/#organization\",\"name\":\"Il Notiziario\",\"url\":\"https:\\\/\\\/www.ilnotiziario.net\\\/wp\\\/\",\"logo\":{\"@type\":\"ImageObject\",\"inLanguage\":\"it-IT\",\"@id\":\"https:\\\/\\\/www.ilnotiziario.net\\\/wp\\\/#\\\/schema\\\/logo\\\/image\\\/\",\"url\":\"https:\\\/\\\/www.ilnotiziario.net\\\/wp\\\/wp-content\\\/uploads\\\/2022\\\/06\\\/170x170ilN.png\",\"contentUrl\":\"https:\\\/\\\/www.ilnotiziario.net\\\/wp\\\/wp-content\\\/uploads\\\/2022\\\/06\\\/170x170ilN.png\",\"width\":355,\"height\":355,\"caption\":\"Il Notiziario\"},\"image\":{\"@id\":\"https:\\\/\\\/www.ilnotiziario.net\\\/wp\\\/#\\\/schema\\\/logo\\\/image\\\/\"},\"sameAs\":[\"https:\\\/\\\/www.facebook.com\\\/ilnotiziarioind\\\/\",\"https:\\\/\\\/x.com\\\/ilNotiziarioInd\",\"https:\\\/\\\/www.instagram.com\\\/ilnotiziario_settimanale\\\/\"]},{\"@type\":\"Person\",\"@id\":\"https:\\\/\\\/www.ilnotiziario.net\\\/wp\\\/#\\\/schema\\\/person\\\/c218ad0865f96bfe2c1c2cfa719653f7\",\"name\":\"Simone Carcano\",\"image\":{\"@type\":\"ImageObject\",\"inLanguage\":\"it-IT\",\"@id\":\"https:\\\/\\\/secure.gravatar.com\\\/avatar\\\/5e677023cff2c47e9f7a896b9157a46e18bd36e7c4d000a1726bb730be7d38bb?s=96&d=mm&r=g\",\"url\":\"https:\\\/\\\/secure.gravatar.com\\\/avatar\\\/5e677023cff2c47e9f7a896b9157a46e18bd36e7c4d000a1726bb730be7d38bb?s=96&d=mm&r=g\",\"contentUrl\":\"https:\\\/\\\/secure.gravatar.com\\\/avatar\\\/5e677023cff2c47e9f7a896b9157a46e18bd36e7c4d000a1726bb730be7d38bb?s=96&d=mm&r=g\",\"caption\":\"Simone Carcano\"},\"sameAs\":[\"http:\\\/\\\/www.ilnotiziario.net\",\"https:\\\/\\\/x.com\\\/@simone_carcano\"]}]}<\/script>\n<!-- \/ Yoast SEO plugin. -->","yoast_head_json":{"title":"Covid a Paderno: oltre 1.000 contagi, 7 morti in 2 settimane. \"Aiuti per famiglie e imprese\"","description":"I contagi da coronavirus a Paderno Dugnano superano le 4 cifre. Al momento sono 1.010 i positivi al Covid. A dirlo \u00e8 il sindaco Ezio Casati che in questi","robots":{"index":"index","follow":"follow","max-snippet":"max-snippet:-1","max-image-preview":"max-image-preview:large","max-video-preview":"max-video-preview:-1"},"canonical":"https:\/\/www.ilnotiziario.net\/wp\/nord-milano\/covid-paderno-contagi-morti-aiuti\/","og_locale":"it_IT","og_type":"article","og_title":"Covid a Paderno: oltre 1.000 contagi, 7 morti in 2 settimane. \"Aiuti per famiglie e imprese\"","og_description":"I contagi da coronavirus a Paderno Dugnano superano le 4 cifre. Al momento sono 1.010 i positivi al Covid. A dirlo \u00e8 il sindaco Ezio Casati che in questi","og_url":"https:\/\/www.ilnotiziario.net\/wp\/nord-milano\/covid-paderno-contagi-morti-aiuti\/","og_site_name":"Il Notiziario","article_publisher":"https:\/\/www.facebook.com\/ilnotiziarioind\/","article_published_time":"2020-11-13T20:15:38+00:00","article_modified_time":"2020-11-13T20:20:56+00:00","og_image":[{"width":1289,"height":667,"url":"https:\/\/www.ilnotiziario.net\/wp\/wp-content\/uploads\/2020\/11\/casati.jpg","type":"image\/jpeg"}],"author":"Simone Carcano","twitter_card":"summary_large_image","twitter_creator":"@simone_carcano","twitter_site":"@ilNotiziarioInd","twitter_misc":{"Scritto da":"Simone Carcano","Tempo di lettura stimato":"1 minuto"},"schema":{"@context":"https:\/\/schema.org","@graph":[{"@type":"Article","@id":"https:\/\/www.ilnotiziario.net\/wp\/nord-milano\/covid-paderno-contagi-morti-aiuti\/#article","isPartOf":{"@id":"https:\/\/www.ilnotiziario.net\/wp\/nord-milano\/covid-paderno-contagi-morti-aiuti\/"},"author":{"name":"Simone Carcano","@id":"https:\/\/www.ilnotiziario.net\/wp\/#\/schema\/person\/c218ad0865f96bfe2c1c2cfa719653f7"},"headline":"Covid a Paderno: oltre 1.000 contagi, 7 morti in 2 settimane. &#8220;Aiuti per famiglie e imprese&#8221;","datePublished":"2020-11-13T20:15:38+00:00","dateModified":"2020-11-13T20:20:56+00:00","mainEntityOfPage":{"@id":"https:\/\/www.ilnotiziario.net\/wp\/nord-milano\/covid-paderno-contagi-morti-aiuti\/"},"wordCount":273,"publisher":{"@id":"https:\/\/www.ilnotiziario.net\/wp\/#organization"},"image":{"@id":"https:\/\/www.ilnotiziario.net\/wp\/nord-milano\/covid-paderno-contagi-morti-aiuti\/#primaryimage"},"thumbnailUrl":"https:\/\/www.ilnotiziario.net\/wp\/wp-content\/uploads\/2020\/11\/casati.jpg","keywords":["contagi","covid","Ezio Casati","Paderno Dugnano","positivi"],"articleSection":["NORD MILANO","Prima Pagina"],"inLanguage":"it-IT"},{"@type":"WebPage","@id":"https:\/\/www.ilnotiziario.net\/wp\/nord-milano\/covid-paderno-contagi-morti-aiuti\/","url":"https:\/\/www.ilnotiziario.net\/wp\/nord-milano\/covid-paderno-contagi-morti-aiuti\/","name":"Covid a Paderno: oltre 1.000 contagi, 7 morti in 2 settimane. \"Aiuti per famiglie e imprese\"","isPartOf":{"@id":"https:\/\/www.ilnotiziario.net\/wp\/#website"},"primaryImageOfPage":{"@id":"https:\/\/www.ilnotiziario.net\/wp\/nord-milano\/covid-paderno-contagi-morti-aiuti\/#primaryimage"},"image":{"@id":"https:\/\/www.ilnotiziario.net\/wp\/nord-milano\/covid-paderno-contagi-morti-aiuti\/#primaryimage"},"thumbnailUrl":"https:\/\/www.ilnotiziario.net\/wp\/wp-content\/uploads\/2020\/11\/casati.jpg","datePublished":"2020-11-13T20:15:38+00:00","dateModified":"2020-11-13T20:20:56+00:00","description":"I contagi da coronavirus a Paderno Dugnano superano le 4 cifre. Al momento sono 1.010 i positivi al Covid. A dirlo \u00e8 il sindaco Ezio Casati che in questi","breadcrumb":{"@id":"https:\/\/www.ilnotiziario.net\/wp\/nord-milano\/covid-paderno-contagi-morti-aiuti\/#breadcrumb"},"inLanguage":"it-IT","potentialAction":[{"@type":"ReadAction","target":["https:\/\/www.ilnotiziario.net\/wp\/nord-milano\/covid-paderno-contagi-morti-aiuti\/"]}]},{"@type":"ImageObject","inLanguage":"it-IT","@id":"https:\/\/www.ilnotiziario.net\/wp\/nord-milano\/covid-paderno-contagi-morti-aiuti\/#primaryimage","url":"https:\/\/www.ilnotiziario.net\/wp\/wp-content\/uploads\/2020\/11\/casati.jpg","contentUrl":"https:\/\/www.ilnotiziario.net\/wp\/wp-content\/uploads\/2020\/11\/casati.jpg","width":1289,"height":667},{"@type":"BreadcrumbList","@id":"https:\/\/www.ilnotiziario.net\/wp\/nord-milano\/covid-paderno-contagi-morti-aiuti\/#breadcrumb","itemListElement":[{"@type":"ListItem","position":1,"name":"tds_text_logo_tagline_colortds_text_logo_tagline_colortds_text_logo_tagline_colortds_text_logo_tagline_colortd_module_7_title_excerpttd_module_7_title_excerpttd_module_7_title_excerpttd_module_7_title_excerptHome","item":"https:\/\/www.ilnotiziario.net\/wp\/"},{"@type":"ListItem","position":2,"name":"Covid a Paderno: oltre 1.000 contagi, 7 morti in 2 settimane. &#8220;Aiuti per famiglie e imprese&#8221;"}]},{"@type":"WebSite","@id":"https:\/\/www.ilnotiziario.net\/wp\/#website","url":"https:\/\/www.ilnotiziario.net\/wp\/","name":"Il Notiziario","description":"Per restare sempre connessi alla notizia","publisher":{"@id":"https:\/\/www.ilnotiziario.net\/wp\/#organization"},"alternateName":"Il Notiziario Bollate","potentialAction":[{"@type":"SearchAction","target":{"@type":"EntryPoint","urlTemplate":"https:\/\/www.ilnotiziario.net\/wp\/?s={search_term_string}"},"query-input":{"@type":"PropertyValueSpecification","valueRequired":true,"valueName":"search_term_string"}}],"inLanguage":"it-IT"},{"@type":"Organization","@id":"https:\/\/www.ilnotiziario.net\/wp\/#organization","name":"Il Notiziario","url":"https:\/\/www.ilnotiziario.net\/wp\/","logo":{"@type":"ImageObject","inLanguage":"it-IT","@id":"https:\/\/www.ilnotiziario.net\/wp\/#\/schema\/logo\/image\/","url":"https:\/\/www.ilnotiziario.net\/wp\/wp-content\/uploads\/2022\/06\/170x170ilN.png","contentUrl":"https:\/\/www.ilnotiziario.net\/wp\/wp-content\/uploads\/2022\/06\/170x170ilN.png","width":355,"height":355,"caption":"Il Notiziario"},"image":{"@id":"https:\/\/www.ilnotiziario.net\/wp\/#\/schema\/logo\/image\/"},"sameAs":["https:\/\/www.facebook.com\/ilnotiziarioind\/","https:\/\/x.com\/ilNotiziarioInd","https:\/\/www.instagram.com\/ilnotiziario_settimanale\/"]},{"@type":"Person","@id":"https:\/\/www.ilnotiziario.net\/wp\/#\/schema\/person\/c218ad0865f96bfe2c1c2cfa719653f7","name":"Simone Carcano","image":{"@type":"ImageObject","inLanguage":"it-IT","@id":"https:\/\/secure.gravatar.com\/avatar\/5e677023cff2c47e9f7a896b9157a46e18bd36e7c4d000a1726bb730be7d38bb?s=96&d=mm&r=g","url":"https:\/\/secure.gravatar.com\/avatar\/5e677023cff2c47e9f7a896b9157a46e18bd36e7c4d000a1726bb730be7d38bb?s=96&d=mm&r=g","contentUrl":"https:\/\/secure.gravatar.com\/avatar\/5e677023cff2c47e9f7a896b9157a46e18bd36e7c4d000a1726bb730be7d38bb?s=96&d=mm&r=g","caption":"Simone Carcano"},"sameAs":["http:\/\/www.ilnotiziario.net","https:\/\/x.com\/@simone_carcano"]}]}},"_links":{"self":[{"href":"https:\/\/www.ilnotiziario.net\/wp\/wp-json\/wp\/v2\/posts\/144296","targetHints":{"allow":["GET"]}}],"collection":[{"href":"https:\/\/www.ilnotiziario.net\/wp\/wp-json\/wp\/v2\/posts"}],"about":[{"href":"https:\/\/www.ilnotiziario.net\/wp\/wp-json\/wp\/v2\/types\/post"}],"author":[{"embeddable":true,"href":"https:\/\/www.ilnotiziario.net\/wp\/wp-json\/wp\/v2\/users\/7"}],"replies":[{"embeddable":true,"href":"https:\/\/www.ilnotiziario.net\/wp\/wp-json\/wp\/v2\/comments?post=144296"}],"version-history":[{"count":0,"href":"https:\/\/www.ilnotiziario.net\/wp\/wp-json\/wp\/v2\/posts\/144296\/revisions"}],"wp:featuredmedia":[{"embeddable":true,"href":"https:\/\/www.ilnotiziario.net\/wp\/wp-json\/wp\/v2\/media\/144297"}],"wp:attachment":[{"href":"https:\/\/www.ilnotiziario.net\/wp\/wp-json\/wp\/v2\/media?parent=144296"}],"wp:term":[{"taxonomy":"category","embeddable":true,"href":"https:\/\/www.ilnotiziario.net\/wp\/wp-json\/wp\/v2\/categories?post=144296"},{"taxonomy":"post_tag","embeddable":true,"href":"https:\/\/www.ilnotiziario.net\/wp\/wp-json\/wp\/v2\/tags?post=144296"}],"curies":[{"name":"wp","href":"https:\/\/api.w.org\/{rel}","templated":true}]}}