{"id":144315,"date":"2020-11-14T13:02:09","date_gmt":"2020-11-14T12:02:09","guid":{"rendered":"https:\/\/www.ilnotiziario.net\/wp\/?p=144315"},"modified":"2020-11-14T15:45:52","modified_gmt":"2020-11-14T14:45:52","slug":"covid-paderno-parroco-dugnano-polmonite-bilaterale","status":"publish","type":"post","link":"https:\/\/www.ilnotiziario.net\/wp\/nord-milano\/covid-paderno-parroco-dugnano-polmonite-bilaterale\/","title":{"rendered":"Covid a Paderno, il parroco di Dugnano: &#8220;Ho la polmonite bilaterale&#8221;"},"content":{"rendered":"<div class=\"o9v6fnle cxmmr5t8 oygrvhab hcukyx3x c1et5uql ii04i59q\">\n<div dir=\"auto\"><img fetchpriority=\"high\" decoding=\"async\" class=\"size-medium wp-image-144316 alignleft\" src=\"https:\/\/www.ilnotiziario.net\/wp\/wp-content\/uploads\/2020\/11\/don-mauro-barlassina-paderno-300x210.png\" alt=\"\" width=\"300\" height=\"210\" srcset=\"https:\/\/www.ilnotiziario.net\/wp\/wp-content\/uploads\/2020\/11\/don-mauro-barlassina-paderno-300x210.png 300w, https:\/\/www.ilnotiziario.net\/wp\/wp-content\/uploads\/2020\/11\/don-mauro-barlassina-paderno-768x538.png 768w, https:\/\/www.ilnotiziario.net\/wp\/wp-content\/uploads\/2020\/11\/don-mauro-barlassina-paderno-100x70.png 100w, https:\/\/www.ilnotiziario.net\/wp\/wp-content\/uploads\/2020\/11\/don-mauro-barlassina-paderno-200x140.png 200w, https:\/\/www.ilnotiziario.net\/wp\/wp-content\/uploads\/2020\/11\/don-mauro-barlassina-paderno-696x487.png 696w, https:\/\/www.ilnotiziario.net\/wp\/wp-content\/uploads\/2020\/11\/don-mauro-barlassina-paderno-600x420.png 600w, https:\/\/www.ilnotiziario.net\/wp\/wp-content\/uploads\/2020\/11\/don-mauro-barlassina-paderno-228x160.png 228w, https:\/\/www.ilnotiziario.net\/wp\/wp-content\/uploads\/2020\/11\/don-mauro-barlassina-paderno.png 874w\" sizes=\"(max-width: 300px) 100vw, 300px\" \/>&#8220;Mi \u00e8 stata diagnosticata\u00a0la polmonite bilaterale da Covid in forma impegnativa&#8221;. C&#8217;\u00e8 anche don Mauro Barlassina tra gli oltre mille positivi di Paderno Dugnano (<a href=\"https:\/\/www.ilnotiziario.net\/wp\/2020\/11\/13\/covid-paderno-contagi-morti-aiuti\/\">qui tutti i numeri<\/a>). E&#8217; lo stesso parroco della comunit\u00e0 Paolo VI a informare i parrocchiani con una lettera.<\/div>\n<div dir=\"auto\"><\/div>\n<div dir=\"auto\">&#8220;Al 30 ottobre ho contratto il Covid.\u00a0Sono in cura a casa grazie al personale medico e infermieristico della nostra comunit\u00e0. Ho trovato in loro persone preparate, concrete, e pronte ad affrontare sfide non facili&#8221;, racconta don Mauro. &#8220;Le riflessioni sono tante ma una su tutte \u00e8 l\u2019esperienza del limite che questo virus ti porta a fare, il limite spesso non pensato ma sempre reale. Eppure in questo limite tocchi l\u2019essenziale ed \u00e8 stare in Dio, vivere in Lui. E stare in Dio \u00e8 percepire l\u2019intensa preghiera di tanti, di una Chiesa che sa dove riporre fiducia. Grazie a voi tutti per questa carit\u00e0 della preghiera. Viviamo in Avvento tanta preghiera in casa, pregando con i figli, tra adulti, da persone sole e affaticate perch\u00e9 la prova non \u00e8 mai data per la morte ma perch\u00e9 \u201cil deserto rifiorisca\u201d, perch\u00e9 \u201cun popolo che camminava nelle tenebre torni a vedere la luce\u201d, il Dio con noi. Cerchiamo cos\u00ec l\u2019essenziale! E grazie ancora a voi tutti, ai miei fratelli preti, alle suore, agli amici che con mia sorella si prendono cura di questa traversata nel deserto. Come fratello per essere un po&#8217; padre&#8221;.<\/div>\n<\/div>\n","protected":false},"excerpt":{"rendered":"<p>&#8220;Mi \u00e8 stata diagnosticata\u00a0la polmonite bilaterale da Covid in forma impegnativa&#8221;. C&#8217;\u00e8 anche don Mauro Barlassina tra gli oltre mille positivi di Paderno Dugnano (qui tutti i numeri). E&#8217; lo stesso parroco della comunit\u00e0 Paolo VI a informare i parrocchiani con una lettera. &#8220;Al 30 ottobre ho contratto il Covid.\u00a0Sono in cura a casa grazie<\/p>\n","protected":false},"author":7,"featured_media":144322,"comment_status":"closed","ping_status":"closed","sticky":false,"template":"","format":"standard","meta":{"footnotes":""},"categories":[11,20],"tags":[1449,1680],"class_list":{"0":"post-144315","1":"post","2":"type-post","3":"status-publish","4":"format-standard","5":"has-post-thumbnail","7":"category-nord-milano","8":"category-prima-pagina","9":"tag-dugnano","10":"tag-parroco"},"yoast_head":"<!-- This site is optimized with the Yoast SEO plugin v27.4 - https:\/\/yoast.com\/product\/yoast-seo-wordpress\/ -->\n<title>Covid a Paderno, il parroco di Dugnano: &quot;Ho la polmonite bilaterale&quot;<\/title>\n<meta name=\"description\" content=\"&quot;Mi \u00e8 stata diagnosticata\u00a0la polmonite bilaterale da Covid in forma impegnativa&quot;. C&#039;\u00e8 anche don Mauro Barlassina tra gli oltre mille positivi di Paderno\" \/>\n<meta name=\"robots\" content=\"index, follow, max-snippet:-1, max-image-preview:large, max-video-preview:-1\" \/>\n<link rel=\"canonical\" href=\"https:\/\/www.ilnotiziario.net\/wp\/nord-milano\/covid-paderno-parroco-dugnano-polmonite-bilaterale\/\" \/>\n<meta property=\"og:locale\" content=\"it_IT\" \/>\n<meta property=\"og:type\" content=\"article\" \/>\n<meta property=\"og:title\" content=\"Covid a Paderno, il parroco di Dugnano: &quot;Ho la polmonite bilaterale&quot;\" \/>\n<meta property=\"og:description\" content=\"&quot;Mi \u00e8 stata diagnosticata\u00a0la polmonite bilaterale da Covid in forma impegnativa&quot;. C&#039;\u00e8 anche don Mauro Barlassina tra gli oltre mille positivi di Paderno\" \/>\n<meta property=\"og:url\" content=\"https:\/\/www.ilnotiziario.net\/wp\/nord-milano\/covid-paderno-parroco-dugnano-polmonite-bilaterale\/\" \/>\n<meta property=\"og:site_name\" content=\"Il Notiziario\" \/>\n<meta property=\"article:publisher\" content=\"https:\/\/www.facebook.com\/ilnotiziarioind\/\" \/>\n<meta property=\"article:published_time\" content=\"2020-11-14T12:02:09+00:00\" \/>\n<meta property=\"article:modified_time\" content=\"2020-11-14T14:45:52+00:00\" \/>\n<meta property=\"og:image\" content=\"https:\/\/www.ilnotiziario.net\/wp\/wp-content\/uploads\/2020\/11\/don-mauro-barlassina-paderno-300x210-2.png\" \/>\n\t<meta property=\"og:image:width\" content=\"569\" \/>\n\t<meta property=\"og:image:height\" content=\"400\" \/>\n\t<meta property=\"og:image:type\" content=\"image\/png\" \/>\n<meta name=\"author\" content=\"Simone Carcano\" \/>\n<meta name=\"twitter:card\" content=\"summary_large_image\" \/>\n<meta name=\"twitter:creator\" content=\"@simone_carcano\" \/>\n<meta name=\"twitter:site\" content=\"@ilNotiziarioInd\" \/>\n<meta name=\"twitter:label1\" content=\"Scritto da\" \/>\n\t<meta name=\"twitter:data1\" content=\"Simone Carcano\" \/>\n\t<meta name=\"twitter:label2\" content=\"Tempo di lettura stimato\" \/>\n\t<meta name=\"twitter:data2\" content=\"1 minuto\" \/>\n<script type=\"application\/ld+json\" class=\"yoast-schema-graph\">{\"@context\":\"https:\\\/\\\/schema.org\",\"@graph\":[{\"@type\":\"Article\",\"@id\":\"https:\\\/\\\/www.ilnotiziario.net\\\/wp\\\/nord-milano\\\/covid-paderno-parroco-dugnano-polmonite-bilaterale\\\/#article\",\"isPartOf\":{\"@id\":\"https:\\\/\\\/www.ilnotiziario.net\\\/wp\\\/nord-milano\\\/covid-paderno-parroco-dugnano-polmonite-bilaterale\\\/\"},\"author\":{\"name\":\"Simone Carcano\",\"@id\":\"https:\\\/\\\/www.ilnotiziario.net\\\/wp\\\/#\\\/schema\\\/person\\\/c218ad0865f96bfe2c1c2cfa719653f7\"},\"headline\":\"Covid a Paderno, il parroco di Dugnano: &#8220;Ho la polmonite bilaterale&#8221;\",\"datePublished\":\"2020-11-14T12:02:09+00:00\",\"dateModified\":\"2020-11-14T14:45:52+00:00\",\"mainEntityOfPage\":{\"@id\":\"https:\\\/\\\/www.ilnotiziario.net\\\/wp\\\/nord-milano\\\/covid-paderno-parroco-dugnano-polmonite-bilaterale\\\/\"},\"wordCount\":244,\"publisher\":{\"@id\":\"https:\\\/\\\/www.ilnotiziario.net\\\/wp\\\/#organization\"},\"image\":{\"@id\":\"https:\\\/\\\/www.ilnotiziario.net\\\/wp\\\/nord-milano\\\/covid-paderno-parroco-dugnano-polmonite-bilaterale\\\/#primaryimage\"},\"thumbnailUrl\":\"https:\\\/\\\/www.ilnotiziario.net\\\/wp\\\/wp-content\\\/uploads\\\/2020\\\/11\\\/don-mauro-barlassina-paderno-300x210-2.png\",\"keywords\":[\"Dugnano\",\"parroco\"],\"articleSection\":[\"NORD MILANO\",\"Prima Pagina\"],\"inLanguage\":\"it-IT\"},{\"@type\":\"WebPage\",\"@id\":\"https:\\\/\\\/www.ilnotiziario.net\\\/wp\\\/nord-milano\\\/covid-paderno-parroco-dugnano-polmonite-bilaterale\\\/\",\"url\":\"https:\\\/\\\/www.ilnotiziario.net\\\/wp\\\/nord-milano\\\/covid-paderno-parroco-dugnano-polmonite-bilaterale\\\/\",\"name\":\"Covid a Paderno, il parroco di Dugnano: \\\"Ho la polmonite bilaterale\\\"\",\"isPartOf\":{\"@id\":\"https:\\\/\\\/www.ilnotiziario.net\\\/wp\\\/#website\"},\"primaryImageOfPage\":{\"@id\":\"https:\\\/\\\/www.ilnotiziario.net\\\/wp\\\/nord-milano\\\/covid-paderno-parroco-dugnano-polmonite-bilaterale\\\/#primaryimage\"},\"image\":{\"@id\":\"https:\\\/\\\/www.ilnotiziario.net\\\/wp\\\/nord-milano\\\/covid-paderno-parroco-dugnano-polmonite-bilaterale\\\/#primaryimage\"},\"thumbnailUrl\":\"https:\\\/\\\/www.ilnotiziario.net\\\/wp\\\/wp-content\\\/uploads\\\/2020\\\/11\\\/don-mauro-barlassina-paderno-300x210-2.png\",\"datePublished\":\"2020-11-14T12:02:09+00:00\",\"dateModified\":\"2020-11-14T14:45:52+00:00\",\"description\":\"\\\"Mi \u00e8 stata diagnosticata\u00a0la polmonite bilaterale da Covid in forma impegnativa\\\". C'\u00e8 anche don Mauro Barlassina tra gli oltre mille positivi di Paderno\",\"breadcrumb\":{\"@id\":\"https:\\\/\\\/www.ilnotiziario.net\\\/wp\\\/nord-milano\\\/covid-paderno-parroco-dugnano-polmonite-bilaterale\\\/#breadcrumb\"},\"inLanguage\":\"it-IT\",\"potentialAction\":[{\"@type\":\"ReadAction\",\"target\":[\"https:\\\/\\\/www.ilnotiziario.net\\\/wp\\\/nord-milano\\\/covid-paderno-parroco-dugnano-polmonite-bilaterale\\\/\"]}]},{\"@type\":\"ImageObject\",\"inLanguage\":\"it-IT\",\"@id\":\"https:\\\/\\\/www.ilnotiziario.net\\\/wp\\\/nord-milano\\\/covid-paderno-parroco-dugnano-polmonite-bilaterale\\\/#primaryimage\",\"url\":\"https:\\\/\\\/www.ilnotiziario.net\\\/wp\\\/wp-content\\\/uploads\\\/2020\\\/11\\\/don-mauro-barlassina-paderno-300x210-2.png\",\"contentUrl\":\"https:\\\/\\\/www.ilnotiziario.net\\\/wp\\\/wp-content\\\/uploads\\\/2020\\\/11\\\/don-mauro-barlassina-paderno-300x210-2.png\",\"width\":569,\"height\":400},{\"@type\":\"BreadcrumbList\",\"@id\":\"https:\\\/\\\/www.ilnotiziario.net\\\/wp\\\/nord-milano\\\/covid-paderno-parroco-dugnano-polmonite-bilaterale\\\/#breadcrumb\",\"itemListElement\":[{\"@type\":\"ListItem\",\"position\":1,\"name\":\"tds_text_logo_tagline_colortds_text_logo_tagline_colortds_text_logo_tagline_colortds_text_logo_tagline_colortd_module_7_title_excerpttd_module_7_title_excerpttd_module_7_title_excerpttd_module_7_title_excerptHome\",\"item\":\"https:\\\/\\\/www.ilnotiziario.net\\\/wp\\\/\"},{\"@type\":\"ListItem\",\"position\":2,\"name\":\"Covid a Paderno, il parroco di Dugnano: &#8220;Ho la polmonite bilaterale&#8221;\"}]},{\"@type\":\"WebSite\",\"@id\":\"https:\\\/\\\/www.ilnotiziario.net\\\/wp\\\/#website\",\"url\":\"https:\\\/\\\/www.ilnotiziario.net\\\/wp\\\/\",\"name\":\"Il Notiziario\",\"description\":\"Per restare sempre connessi alla notizia\",\"publisher\":{\"@id\":\"https:\\\/\\\/www.ilnotiziario.net\\\/wp\\\/#organization\"},\"alternateName\":\"Il Notiziario Bollate\",\"potentialAction\":[{\"@type\":\"SearchAction\",\"target\":{\"@type\":\"EntryPoint\",\"urlTemplate\":\"https:\\\/\\\/www.ilnotiziario.net\\\/wp\\\/?s={search_term_string}\"},\"query-input\":{\"@type\":\"PropertyValueSpecification\",\"valueRequired\":true,\"valueName\":\"search_term_string\"}}],\"inLanguage\":\"it-IT\"},{\"@type\":\"Organization\",\"@id\":\"https:\\\/\\\/www.ilnotiziario.net\\\/wp\\\/#organization\",\"name\":\"Il Notiziario\",\"url\":\"https:\\\/\\\/www.ilnotiziario.net\\\/wp\\\/\",\"logo\":{\"@type\":\"ImageObject\",\"inLanguage\":\"it-IT\",\"@id\":\"https:\\\/\\\/www.ilnotiziario.net\\\/wp\\\/#\\\/schema\\\/logo\\\/image\\\/\",\"url\":\"https:\\\/\\\/www.ilnotiziario.net\\\/wp\\\/wp-content\\\/uploads\\\/2022\\\/06\\\/170x170ilN.png\",\"contentUrl\":\"https:\\\/\\\/www.ilnotiziario.net\\\/wp\\\/wp-content\\\/uploads\\\/2022\\\/06\\\/170x170ilN.png\",\"width\":355,\"height\":355,\"caption\":\"Il Notiziario\"},\"image\":{\"@id\":\"https:\\\/\\\/www.ilnotiziario.net\\\/wp\\\/#\\\/schema\\\/logo\\\/image\\\/\"},\"sameAs\":[\"https:\\\/\\\/www.facebook.com\\\/ilnotiziarioind\\\/\",\"https:\\\/\\\/x.com\\\/ilNotiziarioInd\",\"https:\\\/\\\/www.instagram.com\\\/ilnotiziario_settimanale\\\/\"]},{\"@type\":\"Person\",\"@id\":\"https:\\\/\\\/www.ilnotiziario.net\\\/wp\\\/#\\\/schema\\\/person\\\/c218ad0865f96bfe2c1c2cfa719653f7\",\"name\":\"Simone Carcano\",\"image\":{\"@type\":\"ImageObject\",\"inLanguage\":\"it-IT\",\"@id\":\"https:\\\/\\\/secure.gravatar.com\\\/avatar\\\/5e677023cff2c47e9f7a896b9157a46e18bd36e7c4d000a1726bb730be7d38bb?s=96&d=mm&r=g\",\"url\":\"https:\\\/\\\/secure.gravatar.com\\\/avatar\\\/5e677023cff2c47e9f7a896b9157a46e18bd36e7c4d000a1726bb730be7d38bb?s=96&d=mm&r=g\",\"contentUrl\":\"https:\\\/\\\/secure.gravatar.com\\\/avatar\\\/5e677023cff2c47e9f7a896b9157a46e18bd36e7c4d000a1726bb730be7d38bb?s=96&d=mm&r=g\",\"caption\":\"Simone Carcano\"},\"sameAs\":[\"http:\\\/\\\/www.ilnotiziario.net\",\"https:\\\/\\\/x.com\\\/@simone_carcano\"]}]}<\/script>\n<!-- \/ Yoast SEO plugin. -->","yoast_head_json":{"title":"Covid a Paderno, il parroco di Dugnano: \"Ho la polmonite bilaterale\"","description":"\"Mi \u00e8 stata diagnosticata\u00a0la polmonite bilaterale da Covid in forma impegnativa\". C'\u00e8 anche don Mauro Barlassina tra gli oltre mille positivi di Paderno","robots":{"index":"index","follow":"follow","max-snippet":"max-snippet:-1","max-image-preview":"max-image-preview:large","max-video-preview":"max-video-preview:-1"},"canonical":"https:\/\/www.ilnotiziario.net\/wp\/nord-milano\/covid-paderno-parroco-dugnano-polmonite-bilaterale\/","og_locale":"it_IT","og_type":"article","og_title":"Covid a Paderno, il parroco di Dugnano: \"Ho la polmonite bilaterale\"","og_description":"\"Mi \u00e8 stata diagnosticata\u00a0la polmonite bilaterale da Covid in forma impegnativa\". C'\u00e8 anche don Mauro Barlassina tra gli oltre mille positivi di Paderno","og_url":"https:\/\/www.ilnotiziario.net\/wp\/nord-milano\/covid-paderno-parroco-dugnano-polmonite-bilaterale\/","og_site_name":"Il Notiziario","article_publisher":"https:\/\/www.facebook.com\/ilnotiziarioind\/","article_published_time":"2020-11-14T12:02:09+00:00","article_modified_time":"2020-11-14T14:45:52+00:00","og_image":[{"width":569,"height":400,"url":"https:\/\/www.ilnotiziario.net\/wp\/wp-content\/uploads\/2020\/11\/don-mauro-barlassina-paderno-300x210-2.png","type":"image\/png"}],"author":"Simone Carcano","twitter_card":"summary_large_image","twitter_creator":"@simone_carcano","twitter_site":"@ilNotiziarioInd","twitter_misc":{"Scritto da":"Simone Carcano","Tempo di lettura stimato":"1 minuto"},"schema":{"@context":"https:\/\/schema.org","@graph":[{"@type":"Article","@id":"https:\/\/www.ilnotiziario.net\/wp\/nord-milano\/covid-paderno-parroco-dugnano-polmonite-bilaterale\/#article","isPartOf":{"@id":"https:\/\/www.ilnotiziario.net\/wp\/nord-milano\/covid-paderno-parroco-dugnano-polmonite-bilaterale\/"},"author":{"name":"Simone Carcano","@id":"https:\/\/www.ilnotiziario.net\/wp\/#\/schema\/person\/c218ad0865f96bfe2c1c2cfa719653f7"},"headline":"Covid a Paderno, il parroco di Dugnano: &#8220;Ho la polmonite bilaterale&#8221;","datePublished":"2020-11-14T12:02:09+00:00","dateModified":"2020-11-14T14:45:52+00:00","mainEntityOfPage":{"@id":"https:\/\/www.ilnotiziario.net\/wp\/nord-milano\/covid-paderno-parroco-dugnano-polmonite-bilaterale\/"},"wordCount":244,"publisher":{"@id":"https:\/\/www.ilnotiziario.net\/wp\/#organization"},"image":{"@id":"https:\/\/www.ilnotiziario.net\/wp\/nord-milano\/covid-paderno-parroco-dugnano-polmonite-bilaterale\/#primaryimage"},"thumbnailUrl":"https:\/\/www.ilnotiziario.net\/wp\/wp-content\/uploads\/2020\/11\/don-mauro-barlassina-paderno-300x210-2.png","keywords":["Dugnano","parroco"],"articleSection":["NORD MILANO","Prima Pagina"],"inLanguage":"it-IT"},{"@type":"WebPage","@id":"https:\/\/www.ilnotiziario.net\/wp\/nord-milano\/covid-paderno-parroco-dugnano-polmonite-bilaterale\/","url":"https:\/\/www.ilnotiziario.net\/wp\/nord-milano\/covid-paderno-parroco-dugnano-polmonite-bilaterale\/","name":"Covid a Paderno, il parroco di Dugnano: \"Ho la polmonite bilaterale\"","isPartOf":{"@id":"https:\/\/www.ilnotiziario.net\/wp\/#website"},"primaryImageOfPage":{"@id":"https:\/\/www.ilnotiziario.net\/wp\/nord-milano\/covid-paderno-parroco-dugnano-polmonite-bilaterale\/#primaryimage"},"image":{"@id":"https:\/\/www.ilnotiziario.net\/wp\/nord-milano\/covid-paderno-parroco-dugnano-polmonite-bilaterale\/#primaryimage"},"thumbnailUrl":"https:\/\/www.ilnotiziario.net\/wp\/wp-content\/uploads\/2020\/11\/don-mauro-barlassina-paderno-300x210-2.png","datePublished":"2020-11-14T12:02:09+00:00","dateModified":"2020-11-14T14:45:52+00:00","description":"\"Mi \u00e8 stata diagnosticata\u00a0la polmonite bilaterale da Covid in forma impegnativa\". C'\u00e8 anche don Mauro Barlassina tra gli oltre mille positivi di Paderno","breadcrumb":{"@id":"https:\/\/www.ilnotiziario.net\/wp\/nord-milano\/covid-paderno-parroco-dugnano-polmonite-bilaterale\/#breadcrumb"},"inLanguage":"it-IT","potentialAction":[{"@type":"ReadAction","target":["https:\/\/www.ilnotiziario.net\/wp\/nord-milano\/covid-paderno-parroco-dugnano-polmonite-bilaterale\/"]}]},{"@type":"ImageObject","inLanguage":"it-IT","@id":"https:\/\/www.ilnotiziario.net\/wp\/nord-milano\/covid-paderno-parroco-dugnano-polmonite-bilaterale\/#primaryimage","url":"https:\/\/www.ilnotiziario.net\/wp\/wp-content\/uploads\/2020\/11\/don-mauro-barlassina-paderno-300x210-2.png","contentUrl":"https:\/\/www.ilnotiziario.net\/wp\/wp-content\/uploads\/2020\/11\/don-mauro-barlassina-paderno-300x210-2.png","width":569,"height":400},{"@type":"BreadcrumbList","@id":"https:\/\/www.ilnotiziario.net\/wp\/nord-milano\/covid-paderno-parroco-dugnano-polmonite-bilaterale\/#breadcrumb","itemListElement":[{"@type":"ListItem","position":1,"name":"tds_text_logo_tagline_colortds_text_logo_tagline_colortds_text_logo_tagline_colortds_text_logo_tagline_colortd_module_7_title_excerpttd_module_7_title_excerpttd_module_7_title_excerpttd_module_7_title_excerptHome","item":"https:\/\/www.ilnotiziario.net\/wp\/"},{"@type":"ListItem","position":2,"name":"Covid a Paderno, il parroco di Dugnano: &#8220;Ho la polmonite bilaterale&#8221;"}]},{"@type":"WebSite","@id":"https:\/\/www.ilnotiziario.net\/wp\/#website","url":"https:\/\/www.ilnotiziario.net\/wp\/","name":"Il Notiziario","description":"Per restare sempre connessi alla notizia","publisher":{"@id":"https:\/\/www.ilnotiziario.net\/wp\/#organization"},"alternateName":"Il Notiziario Bollate","potentialAction":[{"@type":"SearchAction","target":{"@type":"EntryPoint","urlTemplate":"https:\/\/www.ilnotiziario.net\/wp\/?s={search_term_string}"},"query-input":{"@type":"PropertyValueSpecification","valueRequired":true,"valueName":"search_term_string"}}],"inLanguage":"it-IT"},{"@type":"Organization","@id":"https:\/\/www.ilnotiziario.net\/wp\/#organization","name":"Il Notiziario","url":"https:\/\/www.ilnotiziario.net\/wp\/","logo":{"@type":"ImageObject","inLanguage":"it-IT","@id":"https:\/\/www.ilnotiziario.net\/wp\/#\/schema\/logo\/image\/","url":"https:\/\/www.ilnotiziario.net\/wp\/wp-content\/uploads\/2022\/06\/170x170ilN.png","contentUrl":"https:\/\/www.ilnotiziario.net\/wp\/wp-content\/uploads\/2022\/06\/170x170ilN.png","width":355,"height":355,"caption":"Il Notiziario"},"image":{"@id":"https:\/\/www.ilnotiziario.net\/wp\/#\/schema\/logo\/image\/"},"sameAs":["https:\/\/www.facebook.com\/ilnotiziarioind\/","https:\/\/x.com\/ilNotiziarioInd","https:\/\/www.instagram.com\/ilnotiziario_settimanale\/"]},{"@type":"Person","@id":"https:\/\/www.ilnotiziario.net\/wp\/#\/schema\/person\/c218ad0865f96bfe2c1c2cfa719653f7","name":"Simone Carcano","image":{"@type":"ImageObject","inLanguage":"it-IT","@id":"https:\/\/secure.gravatar.com\/avatar\/5e677023cff2c47e9f7a896b9157a46e18bd36e7c4d000a1726bb730be7d38bb?s=96&d=mm&r=g","url":"https:\/\/secure.gravatar.com\/avatar\/5e677023cff2c47e9f7a896b9157a46e18bd36e7c4d000a1726bb730be7d38bb?s=96&d=mm&r=g","contentUrl":"https:\/\/secure.gravatar.com\/avatar\/5e677023cff2c47e9f7a896b9157a46e18bd36e7c4d000a1726bb730be7d38bb?s=96&d=mm&r=g","caption":"Simone Carcano"},"sameAs":["http:\/\/www.ilnotiziario.net","https:\/\/x.com\/@simone_carcano"]}]}},"_links":{"self":[{"href":"https:\/\/www.ilnotiziario.net\/wp\/wp-json\/wp\/v2\/posts\/144315","targetHints":{"allow":["GET"]}}],"collection":[{"href":"https:\/\/www.ilnotiziario.net\/wp\/wp-json\/wp\/v2\/posts"}],"about":[{"href":"https:\/\/www.ilnotiziario.net\/wp\/wp-json\/wp\/v2\/types\/post"}],"author":[{"embeddable":true,"href":"https:\/\/www.ilnotiziario.net\/wp\/wp-json\/wp\/v2\/users\/7"}],"replies":[{"embeddable":true,"href":"https:\/\/www.ilnotiziario.net\/wp\/wp-json\/wp\/v2\/comments?post=144315"}],"version-history":[{"count":0,"href":"https:\/\/www.ilnotiziario.net\/wp\/wp-json\/wp\/v2\/posts\/144315\/revisions"}],"wp:featuredmedia":[{"embeddable":true,"href":"https:\/\/www.ilnotiziario.net\/wp\/wp-json\/wp\/v2\/media\/144322"}],"wp:attachment":[{"href":"https:\/\/www.ilnotiziario.net\/wp\/wp-json\/wp\/v2\/media?parent=144315"}],"wp:term":[{"taxonomy":"category","embeddable":true,"href":"https:\/\/www.ilnotiziario.net\/wp\/wp-json\/wp\/v2\/categories?post=144315"},{"taxonomy":"post_tag","embeddable":true,"href":"https:\/\/www.ilnotiziario.net\/wp\/wp-json\/wp\/v2\/tags?post=144315"}],"curies":[{"name":"wp","href":"https:\/\/api.w.org\/{rel}","templated":true}]}}