{"id":144408,"date":"2020-11-17T14:28:18","date_gmt":"2020-11-17T13:28:18","guid":{"rendered":"https:\/\/www.ilnotiziario.net\/wp\/?p=144408"},"modified":"2020-11-17T14:28:18","modified_gmt":"2020-11-17T13:28:18","slug":"covid-e-terrorismo-mediatico-la-sos-uboldo-andate-a-vedere-negli-ospedali","status":"publish","type":"post","link":"https:\/\/www.ilnotiziario.net\/wp\/prima-pagina\/covid-e-terrorismo-mediatico-la-sos-uboldo-andate-a-vedere-negli-ospedali\/","title":{"rendered":"Covid, \u00e8 terrorismo mediatico? La Sos Uboldo: \u201cAndate a vedere negli ospedali&#8221;"},"content":{"rendered":"<p><img fetchpriority=\"high\" decoding=\"async\" class=\"alignnone size-medium wp-image-144410\" src=\"https:\/\/www.ilnotiziario.net\/wp\/wp-content\/uploads\/2020\/11\/122450204_2793129000921612_7489691706934270849_o-225x300.jpg\" alt=\"\" width=\"225\" height=\"300\" srcset=\"https:\/\/www.ilnotiziario.net\/wp\/wp-content\/uploads\/2020\/11\/122450204_2793129000921612_7489691706934270849_o-225x300.jpg 225w, https:\/\/www.ilnotiziario.net\/wp\/wp-content\/uploads\/2020\/11\/122450204_2793129000921612_7489691706934270849_o-768x1024.jpg 768w, https:\/\/www.ilnotiziario.net\/wp\/wp-content\/uploads\/2020\/11\/122450204_2793129000921612_7489691706934270849_o-1152x1536.jpg 1152w, https:\/\/www.ilnotiziario.net\/wp\/wp-content\/uploads\/2020\/11\/122450204_2793129000921612_7489691706934270849_o-696x928.jpg 696w, https:\/\/www.ilnotiziario.net\/wp\/wp-content\/uploads\/2020\/11\/122450204_2793129000921612_7489691706934270849_o-1068x1424.jpg 1068w, https:\/\/www.ilnotiziario.net\/wp\/wp-content\/uploads\/2020\/11\/122450204_2793129000921612_7489691706934270849_o-450x600.jpg 450w, https:\/\/www.ilnotiziario.net\/wp\/wp-content\/uploads\/2020\/11\/122450204_2793129000921612_7489691706934270849_o-120x160.jpg 120w, https:\/\/www.ilnotiziario.net\/wp\/wp-content\/uploads\/2020\/11\/122450204_2793129000921612_7489691706934270849_o.jpg 1200w\" sizes=\"(max-width: 225px) 100vw, 225px\" \/>\u201cA tutti coloro che non credono a questo virus, che pensano siano soltanto esagerazioni, <strong>consigliamo di farsi un giro nei pronto soccorso<\/strong>: cambieranno idea\u201d. Lo assicurano i volontari della Sos di Uboldo che, come migliaia di colleghi di altre associazioni di primo intervento, ogni giorno salvano persone colpite dal Covid-19.<\/p><div id=\"ilnot-4087741353\" class=\"ilnot-contenuto ilnot-entity-placement\"><p><!-- incontent_1 --><\/p>\n<div class=\"gptslot\" data-adunitid=\"1\"><\/div>\n<\/div>\n<p>Dopo il primo lockdown i volontari della Sos non avrebbero mai voluto dover uscire ancora in ambulanza i<strong>ndossando tuta, calzari, visiera, mascherina Fp2 e doppio paio di guanti<\/strong>: \u00e8 quello che avevano scritto in un post su Facebook quando si era registrato il riacutizzarsi dei contagi, assicurando che \u201cce la faremo anche questa volta\u201d. Alla domanda se siano spaventati, rispondono: \u201cPiuttosto siamo ormai preparati ai casi che ci si presentano. Bisogna munirsi di pazienza, perch\u00e9 <strong>si rischia di stare per ore fuori dagli ospedali in attesa. E\u2019 difficile anche spiegare ai familiari dei malati che non potranno vederli<\/strong> mentre sono ricoverati, ma solo sentirli per telefono\u201d.<\/p>\n<p>C\u2019\u00e8 poi da considerare il disagio psicologico cui vengono sottoposte le persone, che magari hanno la febbre da giorni ma non sanno se hanno effettivamente il Covid: accade perch\u00e9 il medico non risponde, non li visita, o le telefonate agli organi sanitari sono inutili.<\/p><div id=\"ilnot-2449578338\" class=\"ilnot-contenuto_2 ilnot-entity-placement\"><div class=\"ads-wrapper\">\n<div class=\"ad-slot\">\n   <div id=\"ilnot-112786570\" style=\"margin-right: auto;margin-left: auto;text-align: center;width: 320px;height: 100px;\"><a href=\"https:\/\/www.scuolasicurezza.it\/\"><img decoding=\"async\" src=\"https:\/\/www.ilnotiziario.net\/wp\/wp-content\/uploads\/2026\/04\/IlNotiziario_banner-sito-e-newsletter-320-x-100-px-1.gif\" alt=\"\"><\/a><\/div>\n  <\/div>\n<div class=\"ad-slot\">\n   <div id=\"ilnot-100298206\" style=\"margin-right: auto;margin-left: auto;text-align: center;width: 320px;height: 100px;\"><a href=\"https:\/\/purodesignarredamenti.com\/\"><img decoding=\"async\" src=\"https:\/\/www.ilnotiziario.net\/wp\/wp-content\/uploads\/2026\/04\/banner-puro-ok.gif\" alt=\"whatsapp\"><\/a><\/div><\/p><\/div>\n<\/div>\n<\/div>\n<p>L\u2019et\u00e0 delle persone in difficolt\u00e0 respiratoria varia: sono di pi\u00f9 gli anziani, ma non mancano i 50enni: \u201cTroppo spesso sentiamo parlare di terrorismo mediatico \u2013 dice la Sos \u2013 Noi possiamo solo dire che ne abbiamo <strong>visti tanti entrare in pronto soccorso e, dopo 15 minuti, essere gi\u00e0 sotto il casco\u2026<\/strong> Per questo a chi parla di terrorismo mediatico consigliamo di farsi un giro negli ospedali\u201d.<\/p>\n","protected":false},"excerpt":{"rendered":"<p>\u201cA tutti coloro che non credono a questo virus, che pensano siano soltanto esagerazioni, consigliamo di farsi un giro nei pronto soccorso: cambieranno idea\u201d. Lo assicurano i volontari della Sos di Uboldo che, come migliaia di colleghi di altre associazioni di primo intervento, ogni giorno salvano persone colpite dal Covid-19. Dopo il primo lockdown i<\/p>\n","protected":false},"author":6,"featured_media":144411,"comment_status":"closed","ping_status":"closed","sticky":false,"template":"","format":"standard","meta":{"footnotes":""},"categories":[20,13],"tags":[7244,931,7952,60],"class_list":{"0":"post-144408","1":"post","2":"type-post","3":"status-publish","4":"format-standard","5":"has-post-thumbnail","7":"category-prima-pagina","8":"category-saronnese","9":"tag-covid","10":"tag-sos","11":"tag-terrorismo-mediatico","12":"tag-uboldo"},"yoast_head":"<!-- This site is optimized with the Yoast SEO plugin v27.5 - https:\/\/yoast.com\/product\/yoast-seo-wordpress\/ -->\n<title>Covid, \u00e8 terrorismo mediatico? La Sos Uboldo: \u201cAndate a vedere negli ospedali&quot; - Il Notiziario<\/title>\n<meta name=\"description\" content=\"\u201cA tutti coloro che non credono a questo virus, che pensano siano soltanto esagerazioni, consigliamo di farsi un giro nei pronto soccorso: cambieranno La Sos di Uboldo contro i negazionisti del Covid\" \/>\n<meta name=\"robots\" content=\"index, follow, max-snippet:-1, max-image-preview:large, max-video-preview:-1\" \/>\n<link rel=\"canonical\" href=\"https:\/\/www.ilnotiziario.net\/wp\/prima-pagina\/covid-e-terrorismo-mediatico-la-sos-uboldo-andate-a-vedere-negli-ospedali\/\" \/>\n<meta property=\"og:locale\" content=\"it_IT\" \/>\n<meta property=\"og:type\" content=\"article\" \/>\n<meta property=\"og:title\" content=\"Covid, \u00e8 terrorismo mediatico? La Sos Uboldo: \u201cAndate a vedere negli ospedali&quot; - Il Notiziario\" \/>\n<meta property=\"og:description\" content=\"\u201cA tutti coloro che non credono a questo virus, che pensano siano soltanto esagerazioni, consigliamo di farsi un giro nei pronto soccorso: cambieranno La Sos di Uboldo contro i negazionisti del Covid\" \/>\n<meta property=\"og:url\" content=\"https:\/\/www.ilnotiziario.net\/wp\/prima-pagina\/covid-e-terrorismo-mediatico-la-sos-uboldo-andate-a-vedere-negli-ospedali\/\" \/>\n<meta property=\"og:site_name\" content=\"Il Notiziario\" \/>\n<meta property=\"article:publisher\" content=\"https:\/\/www.facebook.com\/ilnotiziarioind\/\" \/>\n<meta property=\"article:published_time\" content=\"2020-11-17T13:28:18+00:00\" \/>\n<meta property=\"og:image\" content=\"https:\/\/www.ilnotiziario.net\/wp\/wp-content\/uploads\/2020\/11\/122450204_2793129000921612_7489691706934270849_o-1.jpg\" \/>\n\t<meta property=\"og:image:width\" content=\"1164\" \/>\n\t<meta property=\"og:image:height\" content=\"748\" \/>\n\t<meta property=\"og:image:type\" content=\"image\/jpeg\" \/>\n<meta name=\"author\" content=\"Stefano Di Maria\" \/>\n<meta name=\"twitter:card\" content=\"summary_large_image\" \/>\n<meta name=\"twitter:creator\" content=\"@ilNotiziarioInd\" \/>\n<meta name=\"twitter:site\" content=\"@ilNotiziarioInd\" \/>\n<meta name=\"twitter:label1\" content=\"Scritto da\" \/>\n\t<meta name=\"twitter:data1\" content=\"Stefano Di Maria\" \/>\n\t<meta name=\"twitter:label2\" content=\"Tempo di lettura stimato\" \/>\n\t<meta name=\"twitter:data2\" content=\"1 minuto\" \/>\n<script type=\"application\/ld+json\" class=\"yoast-schema-graph\">{\"@context\":\"https:\\\/\\\/schema.org\",\"@graph\":[{\"@type\":\"Article\",\"@id\":\"https:\\\/\\\/www.ilnotiziario.net\\\/wp\\\/prima-pagina\\\/covid-e-terrorismo-mediatico-la-sos-uboldo-andate-a-vedere-negli-ospedali\\\/#article\",\"isPartOf\":{\"@id\":\"https:\\\/\\\/www.ilnotiziario.net\\\/wp\\\/prima-pagina\\\/covid-e-terrorismo-mediatico-la-sos-uboldo-andate-a-vedere-negli-ospedali\\\/\"},\"author\":{\"name\":\"Stefano Di Maria\",\"@id\":\"https:\\\/\\\/www.ilnotiziario.net\\\/wp\\\/#\\\/schema\\\/person\\\/82fdd8795bbed42a4164047853b6efe7\"},\"headline\":\"Covid, \u00e8 terrorismo mediatico? La Sos Uboldo: \u201cAndate a vedere negli ospedali&#8221;\",\"datePublished\":\"2020-11-17T13:28:18+00:00\",\"mainEntityOfPage\":{\"@id\":\"https:\\\/\\\/www.ilnotiziario.net\\\/wp\\\/prima-pagina\\\/covid-e-terrorismo-mediatico-la-sos-uboldo-andate-a-vedere-negli-ospedali\\\/\"},\"wordCount\":274,\"publisher\":{\"@id\":\"https:\\\/\\\/www.ilnotiziario.net\\\/wp\\\/#organization\"},\"image\":{\"@id\":\"https:\\\/\\\/www.ilnotiziario.net\\\/wp\\\/prima-pagina\\\/covid-e-terrorismo-mediatico-la-sos-uboldo-andate-a-vedere-negli-ospedali\\\/#primaryimage\"},\"thumbnailUrl\":\"https:\\\/\\\/www.ilnotiziario.net\\\/wp\\\/wp-content\\\/uploads\\\/2020\\\/11\\\/122450204_2793129000921612_7489691706934270849_o-1.jpg\",\"keywords\":[\"covid\",\"Sos\",\"terrorismo mediatico\",\"Uboldo\"],\"articleSection\":[\"Prima Pagina\",\"SARONNESE\"],\"inLanguage\":\"it-IT\"},{\"@type\":\"WebPage\",\"@id\":\"https:\\\/\\\/www.ilnotiziario.net\\\/wp\\\/prima-pagina\\\/covid-e-terrorismo-mediatico-la-sos-uboldo-andate-a-vedere-negli-ospedali\\\/\",\"url\":\"https:\\\/\\\/www.ilnotiziario.net\\\/wp\\\/prima-pagina\\\/covid-e-terrorismo-mediatico-la-sos-uboldo-andate-a-vedere-negli-ospedali\\\/\",\"name\":\"Covid, \u00e8 terrorismo mediatico? La Sos Uboldo: \u201cAndate a vedere negli ospedali\\\" - Il Notiziario\",\"isPartOf\":{\"@id\":\"https:\\\/\\\/www.ilnotiziario.net\\\/wp\\\/#website\"},\"primaryImageOfPage\":{\"@id\":\"https:\\\/\\\/www.ilnotiziario.net\\\/wp\\\/prima-pagina\\\/covid-e-terrorismo-mediatico-la-sos-uboldo-andate-a-vedere-negli-ospedali\\\/#primaryimage\"},\"image\":{\"@id\":\"https:\\\/\\\/www.ilnotiziario.net\\\/wp\\\/prima-pagina\\\/covid-e-terrorismo-mediatico-la-sos-uboldo-andate-a-vedere-negli-ospedali\\\/#primaryimage\"},\"thumbnailUrl\":\"https:\\\/\\\/www.ilnotiziario.net\\\/wp\\\/wp-content\\\/uploads\\\/2020\\\/11\\\/122450204_2793129000921612_7489691706934270849_o-1.jpg\",\"datePublished\":\"2020-11-17T13:28:18+00:00\",\"description\":\"\u201cA tutti coloro che non credono a questo virus, che pensano siano soltanto esagerazioni, consigliamo di farsi un giro nei pronto soccorso: cambieranno La Sos di Uboldo contro i negazionisti del Covid\",\"breadcrumb\":{\"@id\":\"https:\\\/\\\/www.ilnotiziario.net\\\/wp\\\/prima-pagina\\\/covid-e-terrorismo-mediatico-la-sos-uboldo-andate-a-vedere-negli-ospedali\\\/#breadcrumb\"},\"inLanguage\":\"it-IT\",\"potentialAction\":[{\"@type\":\"ReadAction\",\"target\":[\"https:\\\/\\\/www.ilnotiziario.net\\\/wp\\\/prima-pagina\\\/covid-e-terrorismo-mediatico-la-sos-uboldo-andate-a-vedere-negli-ospedali\\\/\"]}]},{\"@type\":\"ImageObject\",\"inLanguage\":\"it-IT\",\"@id\":\"https:\\\/\\\/www.ilnotiziario.net\\\/wp\\\/prima-pagina\\\/covid-e-terrorismo-mediatico-la-sos-uboldo-andate-a-vedere-negli-ospedali\\\/#primaryimage\",\"url\":\"https:\\\/\\\/www.ilnotiziario.net\\\/wp\\\/wp-content\\\/uploads\\\/2020\\\/11\\\/122450204_2793129000921612_7489691706934270849_o-1.jpg\",\"contentUrl\":\"https:\\\/\\\/www.ilnotiziario.net\\\/wp\\\/wp-content\\\/uploads\\\/2020\\\/11\\\/122450204_2793129000921612_7489691706934270849_o-1.jpg\",\"width\":1164,\"height\":748},{\"@type\":\"BreadcrumbList\",\"@id\":\"https:\\\/\\\/www.ilnotiziario.net\\\/wp\\\/prima-pagina\\\/covid-e-terrorismo-mediatico-la-sos-uboldo-andate-a-vedere-negli-ospedali\\\/#breadcrumb\",\"itemListElement\":[{\"@type\":\"ListItem\",\"position\":1,\"name\":\"tds_text_logo_tagline_colortds_text_logo_tagline_colortds_text_logo_tagline_colortds_text_logo_tagline_colortd_module_7_title_excerpttd_module_7_title_excerpttd_module_7_title_excerpttd_module_7_title_excerptHome\",\"item\":\"https:\\\/\\\/www.ilnotiziario.net\\\/wp\\\/\"},{\"@type\":\"ListItem\",\"position\":2,\"name\":\"Covid, \u00e8 terrorismo mediatico? La Sos Uboldo: \u201cAndate a vedere negli ospedali&#8221;\"}]},{\"@type\":\"WebSite\",\"@id\":\"https:\\\/\\\/www.ilnotiziario.net\\\/wp\\\/#website\",\"url\":\"https:\\\/\\\/www.ilnotiziario.net\\\/wp\\\/\",\"name\":\"Il Notiziario\",\"description\":\"Per restare sempre connessi alla notizia\",\"publisher\":{\"@id\":\"https:\\\/\\\/www.ilnotiziario.net\\\/wp\\\/#organization\"},\"alternateName\":\"Il Notiziario Bollate\",\"potentialAction\":[{\"@type\":\"SearchAction\",\"target\":{\"@type\":\"EntryPoint\",\"urlTemplate\":\"https:\\\/\\\/www.ilnotiziario.net\\\/wp\\\/?s={search_term_string}\"},\"query-input\":{\"@type\":\"PropertyValueSpecification\",\"valueRequired\":true,\"valueName\":\"search_term_string\"}}],\"inLanguage\":\"it-IT\"},{\"@type\":\"Organization\",\"@id\":\"https:\\\/\\\/www.ilnotiziario.net\\\/wp\\\/#organization\",\"name\":\"Il Notiziario\",\"url\":\"https:\\\/\\\/www.ilnotiziario.net\\\/wp\\\/\",\"logo\":{\"@type\":\"ImageObject\",\"inLanguage\":\"it-IT\",\"@id\":\"https:\\\/\\\/www.ilnotiziario.net\\\/wp\\\/#\\\/schema\\\/logo\\\/image\\\/\",\"url\":\"https:\\\/\\\/www.ilnotiziario.net\\\/wp\\\/wp-content\\\/uploads\\\/2022\\\/06\\\/170x170ilN.png\",\"contentUrl\":\"https:\\\/\\\/www.ilnotiziario.net\\\/wp\\\/wp-content\\\/uploads\\\/2022\\\/06\\\/170x170ilN.png\",\"width\":355,\"height\":355,\"caption\":\"Il Notiziario\"},\"image\":{\"@id\":\"https:\\\/\\\/www.ilnotiziario.net\\\/wp\\\/#\\\/schema\\\/logo\\\/image\\\/\"},\"sameAs\":[\"https:\\\/\\\/www.facebook.com\\\/ilnotiziarioind\\\/\",\"https:\\\/\\\/x.com\\\/ilNotiziarioInd\",\"https:\\\/\\\/www.instagram.com\\\/ilnotiziario_settimanale\\\/\"]},{\"@type\":\"Person\",\"@id\":\"https:\\\/\\\/www.ilnotiziario.net\\\/wp\\\/#\\\/schema\\\/person\\\/82fdd8795bbed42a4164047853b6efe7\",\"name\":\"Stefano Di Maria\",\"image\":{\"@type\":\"ImageObject\",\"inLanguage\":\"it-IT\",\"@id\":\"https:\\\/\\\/secure.gravatar.com\\\/avatar\\\/b3163d1e75da759bd0a681248e88a87d84bdd563fec9b060a3ae82742880745a?s=96&d=mm&r=g\",\"url\":\"https:\\\/\\\/secure.gravatar.com\\\/avatar\\\/b3163d1e75da759bd0a681248e88a87d84bdd563fec9b060a3ae82742880745a?s=96&d=mm&r=g\",\"contentUrl\":\"https:\\\/\\\/secure.gravatar.com\\\/avatar\\\/b3163d1e75da759bd0a681248e88a87d84bdd563fec9b060a3ae82742880745a?s=96&d=mm&r=g\",\"caption\":\"Stefano Di Maria\"},\"sameAs\":[\"http:\\\/\\\/www.ilnotiziario.net\"]}]}<\/script>\n<!-- \/ Yoast SEO plugin. -->","yoast_head_json":{"title":"Covid, \u00e8 terrorismo mediatico? La Sos Uboldo: \u201cAndate a vedere negli ospedali\" - Il Notiziario","description":"\u201cA tutti coloro che non credono a questo virus, che pensano siano soltanto esagerazioni, consigliamo di farsi un giro nei pronto soccorso: cambieranno La Sos di Uboldo contro i negazionisti del Covid","robots":{"index":"index","follow":"follow","max-snippet":"max-snippet:-1","max-image-preview":"max-image-preview:large","max-video-preview":"max-video-preview:-1"},"canonical":"https:\/\/www.ilnotiziario.net\/wp\/prima-pagina\/covid-e-terrorismo-mediatico-la-sos-uboldo-andate-a-vedere-negli-ospedali\/","og_locale":"it_IT","og_type":"article","og_title":"Covid, \u00e8 terrorismo mediatico? La Sos Uboldo: \u201cAndate a vedere negli ospedali\" - Il Notiziario","og_description":"\u201cA tutti coloro che non credono a questo virus, che pensano siano soltanto esagerazioni, consigliamo di farsi un giro nei pronto soccorso: cambieranno La Sos di Uboldo contro i negazionisti del Covid","og_url":"https:\/\/www.ilnotiziario.net\/wp\/prima-pagina\/covid-e-terrorismo-mediatico-la-sos-uboldo-andate-a-vedere-negli-ospedali\/","og_site_name":"Il Notiziario","article_publisher":"https:\/\/www.facebook.com\/ilnotiziarioind\/","article_published_time":"2020-11-17T13:28:18+00:00","og_image":[{"width":1164,"height":748,"url":"https:\/\/www.ilnotiziario.net\/wp\/wp-content\/uploads\/2020\/11\/122450204_2793129000921612_7489691706934270849_o-1.jpg","type":"image\/jpeg"}],"author":"Stefano Di Maria","twitter_card":"summary_large_image","twitter_creator":"@ilNotiziarioInd","twitter_site":"@ilNotiziarioInd","twitter_misc":{"Scritto da":"Stefano Di Maria","Tempo di lettura stimato":"1 minuto"},"schema":{"@context":"https:\/\/schema.org","@graph":[{"@type":"Article","@id":"https:\/\/www.ilnotiziario.net\/wp\/prima-pagina\/covid-e-terrorismo-mediatico-la-sos-uboldo-andate-a-vedere-negli-ospedali\/#article","isPartOf":{"@id":"https:\/\/www.ilnotiziario.net\/wp\/prima-pagina\/covid-e-terrorismo-mediatico-la-sos-uboldo-andate-a-vedere-negli-ospedali\/"},"author":{"name":"Stefano Di Maria","@id":"https:\/\/www.ilnotiziario.net\/wp\/#\/schema\/person\/82fdd8795bbed42a4164047853b6efe7"},"headline":"Covid, \u00e8 terrorismo mediatico? La Sos Uboldo: \u201cAndate a vedere negli ospedali&#8221;","datePublished":"2020-11-17T13:28:18+00:00","mainEntityOfPage":{"@id":"https:\/\/www.ilnotiziario.net\/wp\/prima-pagina\/covid-e-terrorismo-mediatico-la-sos-uboldo-andate-a-vedere-negli-ospedali\/"},"wordCount":274,"publisher":{"@id":"https:\/\/www.ilnotiziario.net\/wp\/#organization"},"image":{"@id":"https:\/\/www.ilnotiziario.net\/wp\/prima-pagina\/covid-e-terrorismo-mediatico-la-sos-uboldo-andate-a-vedere-negli-ospedali\/#primaryimage"},"thumbnailUrl":"https:\/\/www.ilnotiziario.net\/wp\/wp-content\/uploads\/2020\/11\/122450204_2793129000921612_7489691706934270849_o-1.jpg","keywords":["covid","Sos","terrorismo mediatico","Uboldo"],"articleSection":["Prima Pagina","SARONNESE"],"inLanguage":"it-IT"},{"@type":"WebPage","@id":"https:\/\/www.ilnotiziario.net\/wp\/prima-pagina\/covid-e-terrorismo-mediatico-la-sos-uboldo-andate-a-vedere-negli-ospedali\/","url":"https:\/\/www.ilnotiziario.net\/wp\/prima-pagina\/covid-e-terrorismo-mediatico-la-sos-uboldo-andate-a-vedere-negli-ospedali\/","name":"Covid, \u00e8 terrorismo mediatico? La Sos Uboldo: \u201cAndate a vedere negli ospedali\" - Il Notiziario","isPartOf":{"@id":"https:\/\/www.ilnotiziario.net\/wp\/#website"},"primaryImageOfPage":{"@id":"https:\/\/www.ilnotiziario.net\/wp\/prima-pagina\/covid-e-terrorismo-mediatico-la-sos-uboldo-andate-a-vedere-negli-ospedali\/#primaryimage"},"image":{"@id":"https:\/\/www.ilnotiziario.net\/wp\/prima-pagina\/covid-e-terrorismo-mediatico-la-sos-uboldo-andate-a-vedere-negli-ospedali\/#primaryimage"},"thumbnailUrl":"https:\/\/www.ilnotiziario.net\/wp\/wp-content\/uploads\/2020\/11\/122450204_2793129000921612_7489691706934270849_o-1.jpg","datePublished":"2020-11-17T13:28:18+00:00","description":"\u201cA tutti coloro che non credono a questo virus, che pensano siano soltanto esagerazioni, consigliamo di farsi un giro nei pronto soccorso: cambieranno La Sos di Uboldo contro i negazionisti del Covid","breadcrumb":{"@id":"https:\/\/www.ilnotiziario.net\/wp\/prima-pagina\/covid-e-terrorismo-mediatico-la-sos-uboldo-andate-a-vedere-negli-ospedali\/#breadcrumb"},"inLanguage":"it-IT","potentialAction":[{"@type":"ReadAction","target":["https:\/\/www.ilnotiziario.net\/wp\/prima-pagina\/covid-e-terrorismo-mediatico-la-sos-uboldo-andate-a-vedere-negli-ospedali\/"]}]},{"@type":"ImageObject","inLanguage":"it-IT","@id":"https:\/\/www.ilnotiziario.net\/wp\/prima-pagina\/covid-e-terrorismo-mediatico-la-sos-uboldo-andate-a-vedere-negli-ospedali\/#primaryimage","url":"https:\/\/www.ilnotiziario.net\/wp\/wp-content\/uploads\/2020\/11\/122450204_2793129000921612_7489691706934270849_o-1.jpg","contentUrl":"https:\/\/www.ilnotiziario.net\/wp\/wp-content\/uploads\/2020\/11\/122450204_2793129000921612_7489691706934270849_o-1.jpg","width":1164,"height":748},{"@type":"BreadcrumbList","@id":"https:\/\/www.ilnotiziario.net\/wp\/prima-pagina\/covid-e-terrorismo-mediatico-la-sos-uboldo-andate-a-vedere-negli-ospedali\/#breadcrumb","itemListElement":[{"@type":"ListItem","position":1,"name":"tds_text_logo_tagline_colortds_text_logo_tagline_colortds_text_logo_tagline_colortds_text_logo_tagline_colortd_module_7_title_excerpttd_module_7_title_excerpttd_module_7_title_excerpttd_module_7_title_excerptHome","item":"https:\/\/www.ilnotiziario.net\/wp\/"},{"@type":"ListItem","position":2,"name":"Covid, \u00e8 terrorismo mediatico? La Sos Uboldo: \u201cAndate a vedere negli ospedali&#8221;"}]},{"@type":"WebSite","@id":"https:\/\/www.ilnotiziario.net\/wp\/#website","url":"https:\/\/www.ilnotiziario.net\/wp\/","name":"Il Notiziario","description":"Per restare sempre connessi alla notizia","publisher":{"@id":"https:\/\/www.ilnotiziario.net\/wp\/#organization"},"alternateName":"Il Notiziario Bollate","potentialAction":[{"@type":"SearchAction","target":{"@type":"EntryPoint","urlTemplate":"https:\/\/www.ilnotiziario.net\/wp\/?s={search_term_string}"},"query-input":{"@type":"PropertyValueSpecification","valueRequired":true,"valueName":"search_term_string"}}],"inLanguage":"it-IT"},{"@type":"Organization","@id":"https:\/\/www.ilnotiziario.net\/wp\/#organization","name":"Il Notiziario","url":"https:\/\/www.ilnotiziario.net\/wp\/","logo":{"@type":"ImageObject","inLanguage":"it-IT","@id":"https:\/\/www.ilnotiziario.net\/wp\/#\/schema\/logo\/image\/","url":"https:\/\/www.ilnotiziario.net\/wp\/wp-content\/uploads\/2022\/06\/170x170ilN.png","contentUrl":"https:\/\/www.ilnotiziario.net\/wp\/wp-content\/uploads\/2022\/06\/170x170ilN.png","width":355,"height":355,"caption":"Il Notiziario"},"image":{"@id":"https:\/\/www.ilnotiziario.net\/wp\/#\/schema\/logo\/image\/"},"sameAs":["https:\/\/www.facebook.com\/ilnotiziarioind\/","https:\/\/x.com\/ilNotiziarioInd","https:\/\/www.instagram.com\/ilnotiziario_settimanale\/"]},{"@type":"Person","@id":"https:\/\/www.ilnotiziario.net\/wp\/#\/schema\/person\/82fdd8795bbed42a4164047853b6efe7","name":"Stefano Di Maria","image":{"@type":"ImageObject","inLanguage":"it-IT","@id":"https:\/\/secure.gravatar.com\/avatar\/b3163d1e75da759bd0a681248e88a87d84bdd563fec9b060a3ae82742880745a?s=96&d=mm&r=g","url":"https:\/\/secure.gravatar.com\/avatar\/b3163d1e75da759bd0a681248e88a87d84bdd563fec9b060a3ae82742880745a?s=96&d=mm&r=g","contentUrl":"https:\/\/secure.gravatar.com\/avatar\/b3163d1e75da759bd0a681248e88a87d84bdd563fec9b060a3ae82742880745a?s=96&d=mm&r=g","caption":"Stefano Di Maria"},"sameAs":["http:\/\/www.ilnotiziario.net"]}]}},"_links":{"self":[{"href":"https:\/\/www.ilnotiziario.net\/wp\/wp-json\/wp\/v2\/posts\/144408","targetHints":{"allow":["GET"]}}],"collection":[{"href":"https:\/\/www.ilnotiziario.net\/wp\/wp-json\/wp\/v2\/posts"}],"about":[{"href":"https:\/\/www.ilnotiziario.net\/wp\/wp-json\/wp\/v2\/types\/post"}],"author":[{"embeddable":true,"href":"https:\/\/www.ilnotiziario.net\/wp\/wp-json\/wp\/v2\/users\/6"}],"replies":[{"embeddable":true,"href":"https:\/\/www.ilnotiziario.net\/wp\/wp-json\/wp\/v2\/comments?post=144408"}],"version-history":[{"count":0,"href":"https:\/\/www.ilnotiziario.net\/wp\/wp-json\/wp\/v2\/posts\/144408\/revisions"}],"wp:featuredmedia":[{"embeddable":true,"href":"https:\/\/www.ilnotiziario.net\/wp\/wp-json\/wp\/v2\/media\/144411"}],"wp:attachment":[{"href":"https:\/\/www.ilnotiziario.net\/wp\/wp-json\/wp\/v2\/media?parent=144408"}],"wp:term":[{"taxonomy":"category","embeddable":true,"href":"https:\/\/www.ilnotiziario.net\/wp\/wp-json\/wp\/v2\/categories?post=144408"},{"taxonomy":"post_tag","embeddable":true,"href":"https:\/\/www.ilnotiziario.net\/wp\/wp-json\/wp\/v2\/tags?post=144408"}],"curies":[{"name":"wp","href":"https:\/\/api.w.org\/{rel}","templated":true}]}}