{"id":144862,"date":"2020-11-29T19:03:13","date_gmt":"2020-11-29T18:03:13","guid":{"rendered":"https:\/\/www.ilnotiziario.net\/wp\/?p=144862"},"modified":"2020-11-29T19:03:13","modified_gmt":"2020-11-29T18:03:13","slug":"vito-clerico-morto-carcere-omicidio-garbagnate","status":"publish","type":"post","link":"https:\/\/www.ilnotiziario.net\/wp\/nord-milano\/vito-clerico-morto-carcere-omicidio-garbagnate\/","title":{"rendered":"Busto Arsizio, Vito Cleric\u00f2 morto in carcere. Era all\u2019ergastolo per l\u2019omicidio di Garbagnate"},"content":{"rendered":"<p class=\"p1\"><span class=\"s1\"><img fetchpriority=\"high\" decoding=\"async\" class=\"alignnone size-medium wp-image-74217\" src=\"https:\/\/www.ilnotiziario.net\/wp\/wp-content\/uploads\/2020\/06\/cleric\u00f2-omicidio-garbagnate-300x212.jpg\" alt=\"\" width=\"300\" height=\"212\" srcset=\"https:\/\/www.ilnotiziario.net\/wp\/wp-content\/uploads\/2020\/06\/cleric\u00f2-omicidio-garbagnate-300x212.jpg 300w, https:\/\/www.ilnotiziario.net\/wp\/wp-content\/uploads\/2020\/06\/cleric\u00f2-omicidio-garbagnate-100x70.jpg 100w, https:\/\/www.ilnotiziario.net\/wp\/wp-content\/uploads\/2020\/06\/cleric\u00f2-omicidio-garbagnate-200x140.jpg 200w, https:\/\/www.ilnotiziario.net\/wp\/wp-content\/uploads\/2020\/06\/cleric\u00f2-omicidio-garbagnate.jpg 610w\" sizes=\"(max-width: 300px) 100vw, 300px\" \/>Vito Cleric\u00f2 si \u00e8 ucciso nel carcere di Busto Arsizio. L\u2019uomo di 69 anni di Garbagnate Milanese stava scontando l\u2019ergastolo per l\u2019omicidio della promoter Marilena Rosa Re.<\/span><\/p><div id=\"ilnot-2963233141\" class=\"ilnot-contenuto ilnot-entity-placement\"><p><!-- incontent_1 --><\/p>\n<div class=\"gptslot\" data-adunitid=\"1\"><\/div>\n<\/div>\n<p class=\"p1\"><span class=\"s1\">Secondo le prime indiscrezioni, l\u2019uomo avrebbe lasciato una lettera per spiegare le ragioni del suo gesto. Avrebbe scritto contro il sistema della giustizia italiana. Cleric\u00f2 \u00e8 stato trovato senza vita nel bagno del carcere dopo aver ingoiato spazzatura fino al soffocamento. <\/span><\/p>\n<p class=\"p1\"><span class=\"s1\">L\u2019uomo nel 2017 ha ucciso Marilena Rosa Re per questioni economiche. La 58enne era stata decapitata e sepolta nel giardino di casa del pensionato. In primo e secondo grado \u00e8 stato condannato all\u2019ergastolo. <\/span><\/p><div id=\"ilnot-2283740516\" class=\"ilnot-contenuto_2 ilnot-entity-placement\"><div class=\"ads-wrapper\">\n<div class=\"ad-slot\">\n   <div id=\"ilnot-3854390413\" style=\"margin-right: auto;margin-left: auto;text-align: center;width: 320px;height: 100px;\"><a href=\"https:\/\/www.scuolasicurezza.it\/\"><img decoding=\"async\" src=\"https:\/\/www.ilnotiziario.net\/wp\/wp-content\/uploads\/2026\/04\/IlNotiziario_banner-sito-e-newsletter-320-x-100-px-1.gif\" alt=\"\"><\/a><\/div>\n  <\/div>\n<div class=\"ad-slot\">\n   <div id=\"ilnot-119690615\" style=\"margin-right: auto;margin-left: auto;text-align: center;width: 320px;height: 100px;\"><a href=\"https:\/\/purodesignarredamenti.com\/\"><img decoding=\"async\" src=\"https:\/\/www.ilnotiziario.net\/wp\/wp-content\/uploads\/2026\/04\/banner-puro-ok.gif\" alt=\"whatsapp\"><\/a><\/div><\/p><\/div>\n<\/div>\n<\/div>\n","protected":false},"excerpt":{"rendered":"<p>Vito Cleric\u00f2 si \u00e8 ucciso nel carcere di Busto Arsizio. L\u2019uomo di 69 anni di Garbagnate Milanese stava scontando l\u2019ergastolo per l\u2019omicidio della promoter Marilena Rosa Re. Secondo le prime indiscrezioni, l\u2019uomo avrebbe lasciato una lettera per spiegare le ragioni del suo gesto. Avrebbe scritto contro il sistema della giustizia italiana. Cleric\u00f2 \u00e8 stato trovato<\/p>\n","protected":false},"author":7,"featured_media":74217,"comment_status":"closed","ping_status":"closed","sticky":false,"template":"","format":"standard","meta":{"footnotes":""},"categories":[8,11],"tags":[971,341,4673],"class_list":{"0":"post-144862","1":"post","2":"type-post","3":"status-publish","4":"format-standard","5":"has-post-thumbnail","7":"category-bollatese","8":"category-nord-milano","9":"tag-carcere","10":"tag-garbagnate-milanese","11":"tag-vito-clerico"},"yoast_head":"<!-- This site is optimized with the Yoast SEO plugin v27.4 - https:\/\/yoast.com\/product\/yoast-seo-wordpress\/ -->\n<title>Busto Arsizio, Vito Cleric\u00f2 morto in carcere. Era all\u2019ergastolo per l\u2019omicidio di Garbagnate<\/title>\n<meta name=\"description\" content=\"Vito Cleric\u00f2 si \u00e8 ucciso nel carcere di Busto Arsizio. L\u2019uomo di 69 anni di Garbagnate Milanese stava scontando l\u2019ergastolo per l\u2019omicidio della promoter\" \/>\n<meta name=\"robots\" content=\"index, follow, max-snippet:-1, max-image-preview:large, max-video-preview:-1\" \/>\n<link rel=\"canonical\" href=\"https:\/\/www.ilnotiziario.net\/wp\/nord-milano\/vito-clerico-morto-carcere-omicidio-garbagnate\/\" \/>\n<meta property=\"og:locale\" content=\"it_IT\" \/>\n<meta property=\"og:type\" content=\"article\" \/>\n<meta property=\"og:title\" content=\"Busto Arsizio, Vito Cleric\u00f2 morto in carcere. Era all\u2019ergastolo per l\u2019omicidio di Garbagnate\" \/>\n<meta property=\"og:description\" content=\"Vito Cleric\u00f2 si \u00e8 ucciso nel carcere di Busto Arsizio. L\u2019uomo di 69 anni di Garbagnate Milanese stava scontando l\u2019ergastolo per l\u2019omicidio della promoter\" \/>\n<meta property=\"og:url\" content=\"https:\/\/www.ilnotiziario.net\/wp\/nord-milano\/vito-clerico-morto-carcere-omicidio-garbagnate\/\" \/>\n<meta property=\"og:site_name\" content=\"Il Notiziario\" \/>\n<meta property=\"article:publisher\" content=\"https:\/\/www.facebook.com\/ilnotiziarioind\/\" \/>\n<meta property=\"article:published_time\" content=\"2020-11-29T18:03:13+00:00\" \/>\n<meta property=\"og:image\" content=\"https:\/\/www.ilnotiziario.net\/wp\/wp-content\/uploads\/2020\/06\/cleric\u00f2-omicidio-garbagnate.jpg\" \/>\n\t<meta property=\"og:image:width\" content=\"610\" \/>\n\t<meta property=\"og:image:height\" content=\"431\" \/>\n\t<meta property=\"og:image:type\" content=\"image\/jpeg\" \/>\n<meta name=\"author\" content=\"Simone Carcano\" \/>\n<meta name=\"twitter:card\" content=\"summary_large_image\" \/>\n<meta name=\"twitter:creator\" content=\"@simone_carcano\" \/>\n<meta name=\"twitter:site\" content=\"@ilNotiziarioInd\" \/>\n<meta name=\"twitter:label1\" content=\"Scritto da\" \/>\n\t<meta name=\"twitter:data1\" content=\"Simone Carcano\" \/>\n\t<meta name=\"twitter:label2\" content=\"Tempo di lettura stimato\" \/>\n\t<meta name=\"twitter:data2\" content=\"1 minuto\" \/>\n<script type=\"application\/ld+json\" class=\"yoast-schema-graph\">{\"@context\":\"https:\\\/\\\/schema.org\",\"@graph\":[{\"@type\":\"Article\",\"@id\":\"https:\\\/\\\/www.ilnotiziario.net\\\/wp\\\/nord-milano\\\/vito-clerico-morto-carcere-omicidio-garbagnate\\\/#article\",\"isPartOf\":{\"@id\":\"https:\\\/\\\/www.ilnotiziario.net\\\/wp\\\/nord-milano\\\/vito-clerico-morto-carcere-omicidio-garbagnate\\\/\"},\"author\":{\"name\":\"Simone Carcano\",\"@id\":\"https:\\\/\\\/www.ilnotiziario.net\\\/wp\\\/#\\\/schema\\\/person\\\/c218ad0865f96bfe2c1c2cfa719653f7\"},\"headline\":\"Busto Arsizio, Vito Cleric\u00f2 morto in carcere. Era all\u2019ergastolo per l\u2019omicidio di Garbagnate\",\"datePublished\":\"2020-11-29T18:03:13+00:00\",\"mainEntityOfPage\":{\"@id\":\"https:\\\/\\\/www.ilnotiziario.net\\\/wp\\\/nord-milano\\\/vito-clerico-morto-carcere-omicidio-garbagnate\\\/\"},\"wordCount\":117,\"publisher\":{\"@id\":\"https:\\\/\\\/www.ilnotiziario.net\\\/wp\\\/#organization\"},\"image\":{\"@id\":\"https:\\\/\\\/www.ilnotiziario.net\\\/wp\\\/nord-milano\\\/vito-clerico-morto-carcere-omicidio-garbagnate\\\/#primaryimage\"},\"thumbnailUrl\":\"https:\\\/\\\/www.ilnotiziario.net\\\/wp\\\/wp-content\\\/uploads\\\/2020\\\/06\\\/cleric\u00f2-omicidio-garbagnate.jpg\",\"keywords\":[\"carcere\",\"Garbagnate Milanese\",\"Vito Cleric\u00f2\"],\"articleSection\":[\"BOLLATESE\",\"NORD MILANO\"],\"inLanguage\":\"it-IT\"},{\"@type\":\"WebPage\",\"@id\":\"https:\\\/\\\/www.ilnotiziario.net\\\/wp\\\/nord-milano\\\/vito-clerico-morto-carcere-omicidio-garbagnate\\\/\",\"url\":\"https:\\\/\\\/www.ilnotiziario.net\\\/wp\\\/nord-milano\\\/vito-clerico-morto-carcere-omicidio-garbagnate\\\/\",\"name\":\"Busto Arsizio, Vito Cleric\u00f2 morto in carcere. Era all\u2019ergastolo per l\u2019omicidio di Garbagnate\",\"isPartOf\":{\"@id\":\"https:\\\/\\\/www.ilnotiziario.net\\\/wp\\\/#website\"},\"primaryImageOfPage\":{\"@id\":\"https:\\\/\\\/www.ilnotiziario.net\\\/wp\\\/nord-milano\\\/vito-clerico-morto-carcere-omicidio-garbagnate\\\/#primaryimage\"},\"image\":{\"@id\":\"https:\\\/\\\/www.ilnotiziario.net\\\/wp\\\/nord-milano\\\/vito-clerico-morto-carcere-omicidio-garbagnate\\\/#primaryimage\"},\"thumbnailUrl\":\"https:\\\/\\\/www.ilnotiziario.net\\\/wp\\\/wp-content\\\/uploads\\\/2020\\\/06\\\/cleric\u00f2-omicidio-garbagnate.jpg\",\"datePublished\":\"2020-11-29T18:03:13+00:00\",\"description\":\"Vito Cleric\u00f2 si \u00e8 ucciso nel carcere di Busto Arsizio. L\u2019uomo di 69 anni di Garbagnate Milanese stava scontando l\u2019ergastolo per l\u2019omicidio della promoter\",\"breadcrumb\":{\"@id\":\"https:\\\/\\\/www.ilnotiziario.net\\\/wp\\\/nord-milano\\\/vito-clerico-morto-carcere-omicidio-garbagnate\\\/#breadcrumb\"},\"inLanguage\":\"it-IT\",\"potentialAction\":[{\"@type\":\"ReadAction\",\"target\":[\"https:\\\/\\\/www.ilnotiziario.net\\\/wp\\\/nord-milano\\\/vito-clerico-morto-carcere-omicidio-garbagnate\\\/\"]}]},{\"@type\":\"ImageObject\",\"inLanguage\":\"it-IT\",\"@id\":\"https:\\\/\\\/www.ilnotiziario.net\\\/wp\\\/nord-milano\\\/vito-clerico-morto-carcere-omicidio-garbagnate\\\/#primaryimage\",\"url\":\"https:\\\/\\\/www.ilnotiziario.net\\\/wp\\\/wp-content\\\/uploads\\\/2020\\\/06\\\/cleric\u00f2-omicidio-garbagnate.jpg\",\"contentUrl\":\"https:\\\/\\\/www.ilnotiziario.net\\\/wp\\\/wp-content\\\/uploads\\\/2020\\\/06\\\/cleric\u00f2-omicidio-garbagnate.jpg\",\"width\":610,\"height\":431},{\"@type\":\"BreadcrumbList\",\"@id\":\"https:\\\/\\\/www.ilnotiziario.net\\\/wp\\\/nord-milano\\\/vito-clerico-morto-carcere-omicidio-garbagnate\\\/#breadcrumb\",\"itemListElement\":[{\"@type\":\"ListItem\",\"position\":1,\"name\":\"tds_text_logo_tagline_colortds_text_logo_tagline_colortds_text_logo_tagline_colortds_text_logo_tagline_colortd_module_7_title_excerpttd_module_7_title_excerpttd_module_7_title_excerpttd_module_7_title_excerptHome\",\"item\":\"https:\\\/\\\/www.ilnotiziario.net\\\/wp\\\/\"},{\"@type\":\"ListItem\",\"position\":2,\"name\":\"Busto Arsizio, Vito Cleric\u00f2 morto in carcere. Era all\u2019ergastolo per l\u2019omicidio di Garbagnate\"}]},{\"@type\":\"WebSite\",\"@id\":\"https:\\\/\\\/www.ilnotiziario.net\\\/wp\\\/#website\",\"url\":\"https:\\\/\\\/www.ilnotiziario.net\\\/wp\\\/\",\"name\":\"Il Notiziario\",\"description\":\"Per restare sempre connessi alla notizia\",\"publisher\":{\"@id\":\"https:\\\/\\\/www.ilnotiziario.net\\\/wp\\\/#organization\"},\"alternateName\":\"Il Notiziario Bollate\",\"potentialAction\":[{\"@type\":\"SearchAction\",\"target\":{\"@type\":\"EntryPoint\",\"urlTemplate\":\"https:\\\/\\\/www.ilnotiziario.net\\\/wp\\\/?s={search_term_string}\"},\"query-input\":{\"@type\":\"PropertyValueSpecification\",\"valueRequired\":true,\"valueName\":\"search_term_string\"}}],\"inLanguage\":\"it-IT\"},{\"@type\":\"Organization\",\"@id\":\"https:\\\/\\\/www.ilnotiziario.net\\\/wp\\\/#organization\",\"name\":\"Il Notiziario\",\"url\":\"https:\\\/\\\/www.ilnotiziario.net\\\/wp\\\/\",\"logo\":{\"@type\":\"ImageObject\",\"inLanguage\":\"it-IT\",\"@id\":\"https:\\\/\\\/www.ilnotiziario.net\\\/wp\\\/#\\\/schema\\\/logo\\\/image\\\/\",\"url\":\"https:\\\/\\\/www.ilnotiziario.net\\\/wp\\\/wp-content\\\/uploads\\\/2022\\\/06\\\/170x170ilN.png\",\"contentUrl\":\"https:\\\/\\\/www.ilnotiziario.net\\\/wp\\\/wp-content\\\/uploads\\\/2022\\\/06\\\/170x170ilN.png\",\"width\":355,\"height\":355,\"caption\":\"Il Notiziario\"},\"image\":{\"@id\":\"https:\\\/\\\/www.ilnotiziario.net\\\/wp\\\/#\\\/schema\\\/logo\\\/image\\\/\"},\"sameAs\":[\"https:\\\/\\\/www.facebook.com\\\/ilnotiziarioind\\\/\",\"https:\\\/\\\/x.com\\\/ilNotiziarioInd\",\"https:\\\/\\\/www.instagram.com\\\/ilnotiziario_settimanale\\\/\"]},{\"@type\":\"Person\",\"@id\":\"https:\\\/\\\/www.ilnotiziario.net\\\/wp\\\/#\\\/schema\\\/person\\\/c218ad0865f96bfe2c1c2cfa719653f7\",\"name\":\"Simone Carcano\",\"image\":{\"@type\":\"ImageObject\",\"inLanguage\":\"it-IT\",\"@id\":\"https:\\\/\\\/secure.gravatar.com\\\/avatar\\\/5e677023cff2c47e9f7a896b9157a46e18bd36e7c4d000a1726bb730be7d38bb?s=96&d=mm&r=g\",\"url\":\"https:\\\/\\\/secure.gravatar.com\\\/avatar\\\/5e677023cff2c47e9f7a896b9157a46e18bd36e7c4d000a1726bb730be7d38bb?s=96&d=mm&r=g\",\"contentUrl\":\"https:\\\/\\\/secure.gravatar.com\\\/avatar\\\/5e677023cff2c47e9f7a896b9157a46e18bd36e7c4d000a1726bb730be7d38bb?s=96&d=mm&r=g\",\"caption\":\"Simone Carcano\"},\"sameAs\":[\"http:\\\/\\\/www.ilnotiziario.net\",\"https:\\\/\\\/x.com\\\/@simone_carcano\"]}]}<\/script>\n<!-- \/ Yoast SEO plugin. -->","yoast_head_json":{"title":"Busto Arsizio, Vito Cleric\u00f2 morto in carcere. Era all\u2019ergastolo per l\u2019omicidio di Garbagnate","description":"Vito Cleric\u00f2 si \u00e8 ucciso nel carcere di Busto Arsizio. L\u2019uomo di 69 anni di Garbagnate Milanese stava scontando l\u2019ergastolo per l\u2019omicidio della promoter","robots":{"index":"index","follow":"follow","max-snippet":"max-snippet:-1","max-image-preview":"max-image-preview:large","max-video-preview":"max-video-preview:-1"},"canonical":"https:\/\/www.ilnotiziario.net\/wp\/nord-milano\/vito-clerico-morto-carcere-omicidio-garbagnate\/","og_locale":"it_IT","og_type":"article","og_title":"Busto Arsizio, Vito Cleric\u00f2 morto in carcere. Era all\u2019ergastolo per l\u2019omicidio di Garbagnate","og_description":"Vito Cleric\u00f2 si \u00e8 ucciso nel carcere di Busto Arsizio. L\u2019uomo di 69 anni di Garbagnate Milanese stava scontando l\u2019ergastolo per l\u2019omicidio della promoter","og_url":"https:\/\/www.ilnotiziario.net\/wp\/nord-milano\/vito-clerico-morto-carcere-omicidio-garbagnate\/","og_site_name":"Il Notiziario","article_publisher":"https:\/\/www.facebook.com\/ilnotiziarioind\/","article_published_time":"2020-11-29T18:03:13+00:00","og_image":[{"width":610,"height":431,"url":"https:\/\/www.ilnotiziario.net\/wp\/wp-content\/uploads\/2020\/06\/cleric\u00f2-omicidio-garbagnate.jpg","type":"image\/jpeg"}],"author":"Simone Carcano","twitter_card":"summary_large_image","twitter_creator":"@simone_carcano","twitter_site":"@ilNotiziarioInd","twitter_misc":{"Scritto da":"Simone Carcano","Tempo di lettura stimato":"1 minuto"},"schema":{"@context":"https:\/\/schema.org","@graph":[{"@type":"Article","@id":"https:\/\/www.ilnotiziario.net\/wp\/nord-milano\/vito-clerico-morto-carcere-omicidio-garbagnate\/#article","isPartOf":{"@id":"https:\/\/www.ilnotiziario.net\/wp\/nord-milano\/vito-clerico-morto-carcere-omicidio-garbagnate\/"},"author":{"name":"Simone Carcano","@id":"https:\/\/www.ilnotiziario.net\/wp\/#\/schema\/person\/c218ad0865f96bfe2c1c2cfa719653f7"},"headline":"Busto Arsizio, Vito Cleric\u00f2 morto in carcere. Era all\u2019ergastolo per l\u2019omicidio di Garbagnate","datePublished":"2020-11-29T18:03:13+00:00","mainEntityOfPage":{"@id":"https:\/\/www.ilnotiziario.net\/wp\/nord-milano\/vito-clerico-morto-carcere-omicidio-garbagnate\/"},"wordCount":117,"publisher":{"@id":"https:\/\/www.ilnotiziario.net\/wp\/#organization"},"image":{"@id":"https:\/\/www.ilnotiziario.net\/wp\/nord-milano\/vito-clerico-morto-carcere-omicidio-garbagnate\/#primaryimage"},"thumbnailUrl":"https:\/\/www.ilnotiziario.net\/wp\/wp-content\/uploads\/2020\/06\/cleric\u00f2-omicidio-garbagnate.jpg","keywords":["carcere","Garbagnate Milanese","Vito Cleric\u00f2"],"articleSection":["BOLLATESE","NORD MILANO"],"inLanguage":"it-IT"},{"@type":"WebPage","@id":"https:\/\/www.ilnotiziario.net\/wp\/nord-milano\/vito-clerico-morto-carcere-omicidio-garbagnate\/","url":"https:\/\/www.ilnotiziario.net\/wp\/nord-milano\/vito-clerico-morto-carcere-omicidio-garbagnate\/","name":"Busto Arsizio, Vito Cleric\u00f2 morto in carcere. Era all\u2019ergastolo per l\u2019omicidio di Garbagnate","isPartOf":{"@id":"https:\/\/www.ilnotiziario.net\/wp\/#website"},"primaryImageOfPage":{"@id":"https:\/\/www.ilnotiziario.net\/wp\/nord-milano\/vito-clerico-morto-carcere-omicidio-garbagnate\/#primaryimage"},"image":{"@id":"https:\/\/www.ilnotiziario.net\/wp\/nord-milano\/vito-clerico-morto-carcere-omicidio-garbagnate\/#primaryimage"},"thumbnailUrl":"https:\/\/www.ilnotiziario.net\/wp\/wp-content\/uploads\/2020\/06\/cleric\u00f2-omicidio-garbagnate.jpg","datePublished":"2020-11-29T18:03:13+00:00","description":"Vito Cleric\u00f2 si \u00e8 ucciso nel carcere di Busto Arsizio. L\u2019uomo di 69 anni di Garbagnate Milanese stava scontando l\u2019ergastolo per l\u2019omicidio della promoter","breadcrumb":{"@id":"https:\/\/www.ilnotiziario.net\/wp\/nord-milano\/vito-clerico-morto-carcere-omicidio-garbagnate\/#breadcrumb"},"inLanguage":"it-IT","potentialAction":[{"@type":"ReadAction","target":["https:\/\/www.ilnotiziario.net\/wp\/nord-milano\/vito-clerico-morto-carcere-omicidio-garbagnate\/"]}]},{"@type":"ImageObject","inLanguage":"it-IT","@id":"https:\/\/www.ilnotiziario.net\/wp\/nord-milano\/vito-clerico-morto-carcere-omicidio-garbagnate\/#primaryimage","url":"https:\/\/www.ilnotiziario.net\/wp\/wp-content\/uploads\/2020\/06\/cleric\u00f2-omicidio-garbagnate.jpg","contentUrl":"https:\/\/www.ilnotiziario.net\/wp\/wp-content\/uploads\/2020\/06\/cleric\u00f2-omicidio-garbagnate.jpg","width":610,"height":431},{"@type":"BreadcrumbList","@id":"https:\/\/www.ilnotiziario.net\/wp\/nord-milano\/vito-clerico-morto-carcere-omicidio-garbagnate\/#breadcrumb","itemListElement":[{"@type":"ListItem","position":1,"name":"tds_text_logo_tagline_colortds_text_logo_tagline_colortds_text_logo_tagline_colortds_text_logo_tagline_colortd_module_7_title_excerpttd_module_7_title_excerpttd_module_7_title_excerpttd_module_7_title_excerptHome","item":"https:\/\/www.ilnotiziario.net\/wp\/"},{"@type":"ListItem","position":2,"name":"Busto Arsizio, Vito Cleric\u00f2 morto in carcere. Era all\u2019ergastolo per l\u2019omicidio di Garbagnate"}]},{"@type":"WebSite","@id":"https:\/\/www.ilnotiziario.net\/wp\/#website","url":"https:\/\/www.ilnotiziario.net\/wp\/","name":"Il Notiziario","description":"Per restare sempre connessi alla notizia","publisher":{"@id":"https:\/\/www.ilnotiziario.net\/wp\/#organization"},"alternateName":"Il Notiziario Bollate","potentialAction":[{"@type":"SearchAction","target":{"@type":"EntryPoint","urlTemplate":"https:\/\/www.ilnotiziario.net\/wp\/?s={search_term_string}"},"query-input":{"@type":"PropertyValueSpecification","valueRequired":true,"valueName":"search_term_string"}}],"inLanguage":"it-IT"},{"@type":"Organization","@id":"https:\/\/www.ilnotiziario.net\/wp\/#organization","name":"Il Notiziario","url":"https:\/\/www.ilnotiziario.net\/wp\/","logo":{"@type":"ImageObject","inLanguage":"it-IT","@id":"https:\/\/www.ilnotiziario.net\/wp\/#\/schema\/logo\/image\/","url":"https:\/\/www.ilnotiziario.net\/wp\/wp-content\/uploads\/2022\/06\/170x170ilN.png","contentUrl":"https:\/\/www.ilnotiziario.net\/wp\/wp-content\/uploads\/2022\/06\/170x170ilN.png","width":355,"height":355,"caption":"Il Notiziario"},"image":{"@id":"https:\/\/www.ilnotiziario.net\/wp\/#\/schema\/logo\/image\/"},"sameAs":["https:\/\/www.facebook.com\/ilnotiziarioind\/","https:\/\/x.com\/ilNotiziarioInd","https:\/\/www.instagram.com\/ilnotiziario_settimanale\/"]},{"@type":"Person","@id":"https:\/\/www.ilnotiziario.net\/wp\/#\/schema\/person\/c218ad0865f96bfe2c1c2cfa719653f7","name":"Simone Carcano","image":{"@type":"ImageObject","inLanguage":"it-IT","@id":"https:\/\/secure.gravatar.com\/avatar\/5e677023cff2c47e9f7a896b9157a46e18bd36e7c4d000a1726bb730be7d38bb?s=96&d=mm&r=g","url":"https:\/\/secure.gravatar.com\/avatar\/5e677023cff2c47e9f7a896b9157a46e18bd36e7c4d000a1726bb730be7d38bb?s=96&d=mm&r=g","contentUrl":"https:\/\/secure.gravatar.com\/avatar\/5e677023cff2c47e9f7a896b9157a46e18bd36e7c4d000a1726bb730be7d38bb?s=96&d=mm&r=g","caption":"Simone Carcano"},"sameAs":["http:\/\/www.ilnotiziario.net","https:\/\/x.com\/@simone_carcano"]}]}},"_links":{"self":[{"href":"https:\/\/www.ilnotiziario.net\/wp\/wp-json\/wp\/v2\/posts\/144862","targetHints":{"allow":["GET"]}}],"collection":[{"href":"https:\/\/www.ilnotiziario.net\/wp\/wp-json\/wp\/v2\/posts"}],"about":[{"href":"https:\/\/www.ilnotiziario.net\/wp\/wp-json\/wp\/v2\/types\/post"}],"author":[{"embeddable":true,"href":"https:\/\/www.ilnotiziario.net\/wp\/wp-json\/wp\/v2\/users\/7"}],"replies":[{"embeddable":true,"href":"https:\/\/www.ilnotiziario.net\/wp\/wp-json\/wp\/v2\/comments?post=144862"}],"version-history":[{"count":0,"href":"https:\/\/www.ilnotiziario.net\/wp\/wp-json\/wp\/v2\/posts\/144862\/revisions"}],"wp:featuredmedia":[{"embeddable":true,"href":"https:\/\/www.ilnotiziario.net\/wp\/wp-json\/wp\/v2\/media\/74217"}],"wp:attachment":[{"href":"https:\/\/www.ilnotiziario.net\/wp\/wp-json\/wp\/v2\/media?parent=144862"}],"wp:term":[{"taxonomy":"category","embeddable":true,"href":"https:\/\/www.ilnotiziario.net\/wp\/wp-json\/wp\/v2\/categories?post=144862"},{"taxonomy":"post_tag","embeddable":true,"href":"https:\/\/www.ilnotiziario.net\/wp\/wp-json\/wp\/v2\/tags?post=144862"}],"curies":[{"name":"wp","href":"https:\/\/api.w.org\/{rel}","templated":true}]}}