{"id":145378,"date":"2020-12-14T11:25:31","date_gmt":"2020-12-14T10:25:31","guid":{"rendered":"https:\/\/www.ilnotiziario.net\/wp\/?p=145378"},"modified":"2020-12-14T11:25:31","modified_gmt":"2020-12-14T10:25:31","slug":"cogliate-libro-papa-schermo","status":"publish","type":"post","link":"https:\/\/www.ilnotiziario.net\/wp\/brianza\/cogliate-libro-papa-schermo\/","title":{"rendered":"Cogliate, anche l&#8217;ultimo libro del Papa \u00e8 passato prima sul suo schermo"},"content":{"rendered":"<p><img fetchpriority=\"high\" decoding=\"async\" class=\"aligncenter size-medium wp-image-145379\" src=\"https:\/\/www.ilnotiziario.net\/wp\/wp-content\/uploads\/2020\/12\/libro-Papa-Cogliate-300x192.jpg\" alt=\"libro Papa \" width=\"300\" height=\"192\" srcset=\"https:\/\/www.ilnotiziario.net\/wp\/wp-content\/uploads\/2020\/12\/libro-Papa-Cogliate-300x192.jpg 300w, https:\/\/www.ilnotiziario.net\/wp\/wp-content\/uploads\/2020\/12\/libro-Papa-Cogliate-768x490.jpg 768w, https:\/\/www.ilnotiziario.net\/wp\/wp-content\/uploads\/2020\/12\/libro-Papa-Cogliate-696x444.jpg 696w, https:\/\/www.ilnotiziario.net\/wp\/wp-content\/uploads\/2020\/12\/libro-Papa-Cogliate-600x383.jpg 600w, https:\/\/www.ilnotiziario.net\/wp\/wp-content\/uploads\/2020\/12\/libro-Papa-Cogliate-251x160.jpg 251w, https:\/\/www.ilnotiziario.net\/wp\/wp-content\/uploads\/2020\/12\/libro-Papa-Cogliate.jpg 935w\" sizes=\"(max-width: 300px) 100vw, 300px\" \/> Anche dietro il nuovo libro di Papa Francesco c\u2019\u00e8 il lavoro del cogliatese Antonio Castelnovo e della sua Edistudio, societ\u00e0 di consulenza editoriale di Milano. Come gi\u00e0 avvenuto per altri manoscritti di Francesco,<strong> lo studio editoriale fondato da Antonio Castelnovo<\/strong>, con il lavoro di un gruppo di collaboratori, ha curato l\u2019ultima parte di composizione del volume, prima dell\u2019avvio alla stampa. <strong>E\u2019 il lavoro dei correttori di bozze e della supervisione grafica, quello che si chiama \u201cediting\u201d.<\/strong><\/p><div id=\"ilnot-199168429\" class=\"ilnot-contenuto ilnot-entity-placement\"><p><!-- incontent_1 --><\/p>\n<div class=\"gptslot\" data-adunitid=\"1\"><\/div>\n<\/div>\n<p>\u201cSiamo sempre orgogliosi che la Piemme, casa editrice del volume, scelga il nostro team di redattori e grafici per le pubblicazioni importanti\u201d -commenta Castelnovo, che ricorda gli ultimi lavori completati in vista delle feste natalizie, con i volumi di Paolo Del Debbio, Vittorio Brumotti, Ruud Gullit, Stefano Bonaccini, Klaus Davi e Maria Giovanna Maglie.<br \/>\nIl nuovo libro di Francesco \u00e8 il primo libro di un Papa realizzato in risposta a una crisi mondiale, quella della pandemia.<\/p>\n<p>\u201cRitorniamo a sognare\u201d la strada verso un futuro migliore &#8211;<strong>\u00e8 il titolo del libro scritto da papa Francesco<\/strong> in conversazione con il noto vaticanista britannico Austen Ivereigh. Il primo dicembre \u00e8 uscito in simultanea anche in Gran Bretagna, Brasile, Francia, Spagna e America Latina, Germania.<\/p><div id=\"ilnot-487221539\" class=\"ilnot-contenuto_2 ilnot-entity-placement\"><div class=\"ads-wrapper\">\n<div class=\"ad-slot\">\n   <div id=\"ilnot-3813482478\" style=\"margin-right: auto;margin-left: auto;text-align: center;width: 320px;height: 100px;\"><a href=\"https:\/\/www.scuolasicurezza.it\/\"><img decoding=\"async\" src=\"https:\/\/www.ilnotiziario.net\/wp\/wp-content\/uploads\/2026\/04\/IlNotiziario_banner-sito-e-newsletter-320-x-100-px-1.gif\" alt=\"\"><\/a><\/div>\n  <\/div>\n<div class=\"ad-slot\">\n   <div id=\"ilnot-1844904923\" style=\"margin-right: auto;margin-left: auto;text-align: center;width: 320px;height: 100px;\"><a href=\"https:\/\/purodesignarredamenti.com\/\"><img decoding=\"async\" src=\"https:\/\/www.ilnotiziario.net\/wp\/wp-content\/uploads\/2026\/04\/banner-puro-ok.gif\" alt=\"whatsapp\"><\/a><\/div><\/p><\/div>\n<\/div>\n<\/div>\n<p>Pagina dopo pagina, Francesco guida il lettore in un\u2019esperienza di discernimento articolata nei tre tempi del \u201cvedere, scegliere, agire\u201d. Il Pontefice <strong>si sofferma sull\u2019attualit\u00e0 ferita dagli abusi al #MeToo, dalla distruzione delle statue, alle proteste per la morte di George Floyd<\/strong> e suoi tre \u201cCovid\u201d: la malattia da giovane, \u201cl\u2019esilio\u201d in Germania e quello a C\u00f3rdoba.<\/p>\n","protected":false},"excerpt":{"rendered":"<p>Anche dietro il nuovo libro di Papa Francesco c\u2019\u00e8 il lavoro del cogliatese Antonio Castelnovo e della sua Edistudio, societ\u00e0 di consulenza editoriale di Milano. Come gi\u00e0 avvenuto per altri manoscritti di Francesco, lo studio editoriale fondato da Antonio Castelnovo, con il lavoro di un gruppo di collaboratori, ha curato l\u2019ultima parte di composizione del<\/p>\n","protected":false},"author":3,"featured_media":145379,"comment_status":"closed","ping_status":"closed","sticky":false,"template":"","format":"standard","meta":{"footnotes":""},"categories":[9,20,13],"tags":[8039,286,2677,212],"class_list":{"0":"post-145378","1":"post","2":"type-post","3":"status-publish","4":"format-standard","5":"has-post-thumbnail","7":"category-brianza","8":"category-prima-pagina","9":"category-saronnese","10":"tag-castelnovo","11":"tag-cogliate","12":"tag-libro","13":"tag-papa"},"yoast_head":"<!-- This site is optimized with the Yoast SEO plugin v27.5 - https:\/\/yoast.com\/product\/yoast-seo-wordpress\/ -->\n<title>Cogliate, anche l&#039;ultimo libro del Papa \u00e8 passato prima sul suo schermo - Il Notiziario<\/title>\n<meta name=\"description\" content=\"Anche dietro il nuovo libro di Papa Francesco c\u2019\u00e8 il lavoro del cogliatese Antonio Castelnovo e della sua Edistudio, societ\u00e0 di consulenza editoriale di\" \/>\n<meta name=\"robots\" content=\"index, follow, max-snippet:-1, max-image-preview:large, max-video-preview:-1\" \/>\n<link rel=\"canonical\" href=\"https:\/\/www.ilnotiziario.net\/wp\/brianza\/cogliate-libro-papa-schermo\/\" \/>\n<meta property=\"og:locale\" content=\"it_IT\" \/>\n<meta property=\"og:type\" content=\"article\" \/>\n<meta property=\"og:title\" content=\"Cogliate, anche l&#039;ultimo libro del Papa \u00e8 passato prima sul suo schermo - Il Notiziario\" \/>\n<meta property=\"og:description\" content=\"Anche dietro il nuovo libro di Papa Francesco c\u2019\u00e8 il lavoro del cogliatese Antonio Castelnovo e della sua Edistudio, societ\u00e0 di consulenza editoriale di\" \/>\n<meta property=\"og:url\" content=\"https:\/\/www.ilnotiziario.net\/wp\/brianza\/cogliate-libro-papa-schermo\/\" \/>\n<meta property=\"og:site_name\" content=\"Il Notiziario\" \/>\n<meta property=\"article:publisher\" content=\"https:\/\/www.facebook.com\/ilnotiziarioind\/\" \/>\n<meta property=\"article:published_time\" content=\"2020-12-14T10:25:31+00:00\" \/>\n<meta property=\"og:image\" content=\"https:\/\/www.ilnotiziario.net\/wp\/wp-content\/uploads\/2020\/12\/libro-Papa-Cogliate.jpg\" \/>\n\t<meta property=\"og:image:width\" content=\"935\" \/>\n\t<meta property=\"og:image:height\" content=\"597\" \/>\n\t<meta property=\"og:image:type\" content=\"image\/jpeg\" \/>\n<meta name=\"author\" content=\"Gabriele Bassani\" \/>\n<meta name=\"twitter:card\" content=\"summary_large_image\" \/>\n<meta name=\"twitter:creator\" content=\"@ilNotiziarioInd\" \/>\n<meta name=\"twitter:site\" content=\"@ilNotiziarioInd\" \/>\n<meta name=\"twitter:label1\" content=\"Scritto da\" \/>\n\t<meta name=\"twitter:data1\" content=\"Gabriele Bassani\" \/>\n\t<meta name=\"twitter:label2\" content=\"Tempo di lettura stimato\" \/>\n\t<meta name=\"twitter:data2\" content=\"1 minuto\" \/>\n<script type=\"application\/ld+json\" class=\"yoast-schema-graph\">{\"@context\":\"https:\\\/\\\/schema.org\",\"@graph\":[{\"@type\":\"Article\",\"@id\":\"https:\\\/\\\/www.ilnotiziario.net\\\/wp\\\/brianza\\\/cogliate-libro-papa-schermo\\\/#article\",\"isPartOf\":{\"@id\":\"https:\\\/\\\/www.ilnotiziario.net\\\/wp\\\/brianza\\\/cogliate-libro-papa-schermo\\\/\"},\"author\":{\"name\":\"Gabriele Bassani\",\"@id\":\"https:\\\/\\\/www.ilnotiziario.net\\\/wp\\\/#\\\/schema\\\/person\\\/386e222908f898bb41c033989482bbf2\"},\"headline\":\"Cogliate, anche l&#8217;ultimo libro del Papa \u00e8 passato prima sul suo schermo\",\"datePublished\":\"2020-12-14T10:25:31+00:00\",\"mainEntityOfPage\":{\"@id\":\"https:\\\/\\\/www.ilnotiziario.net\\\/wp\\\/brianza\\\/cogliate-libro-papa-schermo\\\/\"},\"wordCount\":269,\"publisher\":{\"@id\":\"https:\\\/\\\/www.ilnotiziario.net\\\/wp\\\/#organization\"},\"image\":{\"@id\":\"https:\\\/\\\/www.ilnotiziario.net\\\/wp\\\/brianza\\\/cogliate-libro-papa-schermo\\\/#primaryimage\"},\"thumbnailUrl\":\"https:\\\/\\\/www.ilnotiziario.net\\\/wp\\\/wp-content\\\/uploads\\\/2020\\\/12\\\/libro-Papa-Cogliate.jpg\",\"keywords\":[\"Castelnovo\",\"Cogliate\",\"libro\",\"Papa\"],\"articleSection\":[\"BRIANZA\",\"Prima Pagina\",\"SARONNESE\"],\"inLanguage\":\"it-IT\"},{\"@type\":\"WebPage\",\"@id\":\"https:\\\/\\\/www.ilnotiziario.net\\\/wp\\\/brianza\\\/cogliate-libro-papa-schermo\\\/\",\"url\":\"https:\\\/\\\/www.ilnotiziario.net\\\/wp\\\/brianza\\\/cogliate-libro-papa-schermo\\\/\",\"name\":\"Cogliate, anche l'ultimo libro del Papa \u00e8 passato prima sul suo schermo - Il Notiziario\",\"isPartOf\":{\"@id\":\"https:\\\/\\\/www.ilnotiziario.net\\\/wp\\\/#website\"},\"primaryImageOfPage\":{\"@id\":\"https:\\\/\\\/www.ilnotiziario.net\\\/wp\\\/brianza\\\/cogliate-libro-papa-schermo\\\/#primaryimage\"},\"image\":{\"@id\":\"https:\\\/\\\/www.ilnotiziario.net\\\/wp\\\/brianza\\\/cogliate-libro-papa-schermo\\\/#primaryimage\"},\"thumbnailUrl\":\"https:\\\/\\\/www.ilnotiziario.net\\\/wp\\\/wp-content\\\/uploads\\\/2020\\\/12\\\/libro-Papa-Cogliate.jpg\",\"datePublished\":\"2020-12-14T10:25:31+00:00\",\"description\":\"Anche dietro il nuovo libro di Papa Francesco c\u2019\u00e8 il lavoro del cogliatese Antonio Castelnovo e della sua Edistudio, societ\u00e0 di consulenza editoriale di\",\"breadcrumb\":{\"@id\":\"https:\\\/\\\/www.ilnotiziario.net\\\/wp\\\/brianza\\\/cogliate-libro-papa-schermo\\\/#breadcrumb\"},\"inLanguage\":\"it-IT\",\"potentialAction\":[{\"@type\":\"ReadAction\",\"target\":[\"https:\\\/\\\/www.ilnotiziario.net\\\/wp\\\/brianza\\\/cogliate-libro-papa-schermo\\\/\"]}]},{\"@type\":\"ImageObject\",\"inLanguage\":\"it-IT\",\"@id\":\"https:\\\/\\\/www.ilnotiziario.net\\\/wp\\\/brianza\\\/cogliate-libro-papa-schermo\\\/#primaryimage\",\"url\":\"https:\\\/\\\/www.ilnotiziario.net\\\/wp\\\/wp-content\\\/uploads\\\/2020\\\/12\\\/libro-Papa-Cogliate.jpg\",\"contentUrl\":\"https:\\\/\\\/www.ilnotiziario.net\\\/wp\\\/wp-content\\\/uploads\\\/2020\\\/12\\\/libro-Papa-Cogliate.jpg\",\"width\":935,\"height\":597,\"caption\":\"libro Papa\"},{\"@type\":\"BreadcrumbList\",\"@id\":\"https:\\\/\\\/www.ilnotiziario.net\\\/wp\\\/brianza\\\/cogliate-libro-papa-schermo\\\/#breadcrumb\",\"itemListElement\":[{\"@type\":\"ListItem\",\"position\":1,\"name\":\"tds_text_logo_tagline_colortds_text_logo_tagline_colortds_text_logo_tagline_colortds_text_logo_tagline_colortd_module_7_title_excerpttd_module_7_title_excerpttd_module_7_title_excerpttd_module_7_title_excerptHome\",\"item\":\"https:\\\/\\\/www.ilnotiziario.net\\\/wp\\\/\"},{\"@type\":\"ListItem\",\"position\":2,\"name\":\"Cogliate, anche l&#8217;ultimo libro del Papa \u00e8 passato prima sul suo schermo\"}]},{\"@type\":\"WebSite\",\"@id\":\"https:\\\/\\\/www.ilnotiziario.net\\\/wp\\\/#website\",\"url\":\"https:\\\/\\\/www.ilnotiziario.net\\\/wp\\\/\",\"name\":\"Il Notiziario\",\"description\":\"Per restare sempre connessi alla notizia\",\"publisher\":{\"@id\":\"https:\\\/\\\/www.ilnotiziario.net\\\/wp\\\/#organization\"},\"alternateName\":\"Il Notiziario Bollate\",\"potentialAction\":[{\"@type\":\"SearchAction\",\"target\":{\"@type\":\"EntryPoint\",\"urlTemplate\":\"https:\\\/\\\/www.ilnotiziario.net\\\/wp\\\/?s={search_term_string}\"},\"query-input\":{\"@type\":\"PropertyValueSpecification\",\"valueRequired\":true,\"valueName\":\"search_term_string\"}}],\"inLanguage\":\"it-IT\"},{\"@type\":\"Organization\",\"@id\":\"https:\\\/\\\/www.ilnotiziario.net\\\/wp\\\/#organization\",\"name\":\"Il Notiziario\",\"url\":\"https:\\\/\\\/www.ilnotiziario.net\\\/wp\\\/\",\"logo\":{\"@type\":\"ImageObject\",\"inLanguage\":\"it-IT\",\"@id\":\"https:\\\/\\\/www.ilnotiziario.net\\\/wp\\\/#\\\/schema\\\/logo\\\/image\\\/\",\"url\":\"https:\\\/\\\/www.ilnotiziario.net\\\/wp\\\/wp-content\\\/uploads\\\/2022\\\/06\\\/170x170ilN.png\",\"contentUrl\":\"https:\\\/\\\/www.ilnotiziario.net\\\/wp\\\/wp-content\\\/uploads\\\/2022\\\/06\\\/170x170ilN.png\",\"width\":355,\"height\":355,\"caption\":\"Il Notiziario\"},\"image\":{\"@id\":\"https:\\\/\\\/www.ilnotiziario.net\\\/wp\\\/#\\\/schema\\\/logo\\\/image\\\/\"},\"sameAs\":[\"https:\\\/\\\/www.facebook.com\\\/ilnotiziarioind\\\/\",\"https:\\\/\\\/x.com\\\/ilNotiziarioInd\",\"https:\\\/\\\/www.instagram.com\\\/ilnotiziario_settimanale\\\/\"]},{\"@type\":\"Person\",\"@id\":\"https:\\\/\\\/www.ilnotiziario.net\\\/wp\\\/#\\\/schema\\\/person\\\/386e222908f898bb41c033989482bbf2\",\"name\":\"Gabriele Bassani\",\"image\":{\"@type\":\"ImageObject\",\"inLanguage\":\"it-IT\",\"@id\":\"https:\\\/\\\/secure.gravatar.com\\\/avatar\\\/09274f4a84fa97698bde56f84b3afed61c8492d48b0550db9671b68c177479cb?s=96&d=mm&r=g\",\"url\":\"https:\\\/\\\/secure.gravatar.com\\\/avatar\\\/09274f4a84fa97698bde56f84b3afed61c8492d48b0550db9671b68c177479cb?s=96&d=mm&r=g\",\"contentUrl\":\"https:\\\/\\\/secure.gravatar.com\\\/avatar\\\/09274f4a84fa97698bde56f84b3afed61c8492d48b0550db9671b68c177479cb?s=96&d=mm&r=g\",\"caption\":\"Gabriele Bassani\"},\"sameAs\":[\"http:\\\/\\\/www.ilnotiziario.net\"]}]}<\/script>\n<!-- \/ Yoast SEO plugin. -->","yoast_head_json":{"title":"Cogliate, anche l'ultimo libro del Papa \u00e8 passato prima sul suo schermo - Il Notiziario","description":"Anche dietro il nuovo libro di Papa Francesco c\u2019\u00e8 il lavoro del cogliatese Antonio Castelnovo e della sua Edistudio, societ\u00e0 di consulenza editoriale di","robots":{"index":"index","follow":"follow","max-snippet":"max-snippet:-1","max-image-preview":"max-image-preview:large","max-video-preview":"max-video-preview:-1"},"canonical":"https:\/\/www.ilnotiziario.net\/wp\/brianza\/cogliate-libro-papa-schermo\/","og_locale":"it_IT","og_type":"article","og_title":"Cogliate, anche l'ultimo libro del Papa \u00e8 passato prima sul suo schermo - Il Notiziario","og_description":"Anche dietro il nuovo libro di Papa Francesco c\u2019\u00e8 il lavoro del cogliatese Antonio Castelnovo e della sua Edistudio, societ\u00e0 di consulenza editoriale di","og_url":"https:\/\/www.ilnotiziario.net\/wp\/brianza\/cogliate-libro-papa-schermo\/","og_site_name":"Il Notiziario","article_publisher":"https:\/\/www.facebook.com\/ilnotiziarioind\/","article_published_time":"2020-12-14T10:25:31+00:00","og_image":[{"width":935,"height":597,"url":"https:\/\/www.ilnotiziario.net\/wp\/wp-content\/uploads\/2020\/12\/libro-Papa-Cogliate.jpg","type":"image\/jpeg"}],"author":"Gabriele Bassani","twitter_card":"summary_large_image","twitter_creator":"@ilNotiziarioInd","twitter_site":"@ilNotiziarioInd","twitter_misc":{"Scritto da":"Gabriele Bassani","Tempo di lettura stimato":"1 minuto"},"schema":{"@context":"https:\/\/schema.org","@graph":[{"@type":"Article","@id":"https:\/\/www.ilnotiziario.net\/wp\/brianza\/cogliate-libro-papa-schermo\/#article","isPartOf":{"@id":"https:\/\/www.ilnotiziario.net\/wp\/brianza\/cogliate-libro-papa-schermo\/"},"author":{"name":"Gabriele Bassani","@id":"https:\/\/www.ilnotiziario.net\/wp\/#\/schema\/person\/386e222908f898bb41c033989482bbf2"},"headline":"Cogliate, anche l&#8217;ultimo libro del Papa \u00e8 passato prima sul suo schermo","datePublished":"2020-12-14T10:25:31+00:00","mainEntityOfPage":{"@id":"https:\/\/www.ilnotiziario.net\/wp\/brianza\/cogliate-libro-papa-schermo\/"},"wordCount":269,"publisher":{"@id":"https:\/\/www.ilnotiziario.net\/wp\/#organization"},"image":{"@id":"https:\/\/www.ilnotiziario.net\/wp\/brianza\/cogliate-libro-papa-schermo\/#primaryimage"},"thumbnailUrl":"https:\/\/www.ilnotiziario.net\/wp\/wp-content\/uploads\/2020\/12\/libro-Papa-Cogliate.jpg","keywords":["Castelnovo","Cogliate","libro","Papa"],"articleSection":["BRIANZA","Prima Pagina","SARONNESE"],"inLanguage":"it-IT"},{"@type":"WebPage","@id":"https:\/\/www.ilnotiziario.net\/wp\/brianza\/cogliate-libro-papa-schermo\/","url":"https:\/\/www.ilnotiziario.net\/wp\/brianza\/cogliate-libro-papa-schermo\/","name":"Cogliate, anche l'ultimo libro del Papa \u00e8 passato prima sul suo schermo - Il Notiziario","isPartOf":{"@id":"https:\/\/www.ilnotiziario.net\/wp\/#website"},"primaryImageOfPage":{"@id":"https:\/\/www.ilnotiziario.net\/wp\/brianza\/cogliate-libro-papa-schermo\/#primaryimage"},"image":{"@id":"https:\/\/www.ilnotiziario.net\/wp\/brianza\/cogliate-libro-papa-schermo\/#primaryimage"},"thumbnailUrl":"https:\/\/www.ilnotiziario.net\/wp\/wp-content\/uploads\/2020\/12\/libro-Papa-Cogliate.jpg","datePublished":"2020-12-14T10:25:31+00:00","description":"Anche dietro il nuovo libro di Papa Francesco c\u2019\u00e8 il lavoro del cogliatese Antonio Castelnovo e della sua Edistudio, societ\u00e0 di consulenza editoriale di","breadcrumb":{"@id":"https:\/\/www.ilnotiziario.net\/wp\/brianza\/cogliate-libro-papa-schermo\/#breadcrumb"},"inLanguage":"it-IT","potentialAction":[{"@type":"ReadAction","target":["https:\/\/www.ilnotiziario.net\/wp\/brianza\/cogliate-libro-papa-schermo\/"]}]},{"@type":"ImageObject","inLanguage":"it-IT","@id":"https:\/\/www.ilnotiziario.net\/wp\/brianza\/cogliate-libro-papa-schermo\/#primaryimage","url":"https:\/\/www.ilnotiziario.net\/wp\/wp-content\/uploads\/2020\/12\/libro-Papa-Cogliate.jpg","contentUrl":"https:\/\/www.ilnotiziario.net\/wp\/wp-content\/uploads\/2020\/12\/libro-Papa-Cogliate.jpg","width":935,"height":597,"caption":"libro Papa"},{"@type":"BreadcrumbList","@id":"https:\/\/www.ilnotiziario.net\/wp\/brianza\/cogliate-libro-papa-schermo\/#breadcrumb","itemListElement":[{"@type":"ListItem","position":1,"name":"tds_text_logo_tagline_colortds_text_logo_tagline_colortds_text_logo_tagline_colortds_text_logo_tagline_colortd_module_7_title_excerpttd_module_7_title_excerpttd_module_7_title_excerpttd_module_7_title_excerptHome","item":"https:\/\/www.ilnotiziario.net\/wp\/"},{"@type":"ListItem","position":2,"name":"Cogliate, anche l&#8217;ultimo libro del Papa \u00e8 passato prima sul suo schermo"}]},{"@type":"WebSite","@id":"https:\/\/www.ilnotiziario.net\/wp\/#website","url":"https:\/\/www.ilnotiziario.net\/wp\/","name":"Il Notiziario","description":"Per restare sempre connessi alla notizia","publisher":{"@id":"https:\/\/www.ilnotiziario.net\/wp\/#organization"},"alternateName":"Il Notiziario Bollate","potentialAction":[{"@type":"SearchAction","target":{"@type":"EntryPoint","urlTemplate":"https:\/\/www.ilnotiziario.net\/wp\/?s={search_term_string}"},"query-input":{"@type":"PropertyValueSpecification","valueRequired":true,"valueName":"search_term_string"}}],"inLanguage":"it-IT"},{"@type":"Organization","@id":"https:\/\/www.ilnotiziario.net\/wp\/#organization","name":"Il Notiziario","url":"https:\/\/www.ilnotiziario.net\/wp\/","logo":{"@type":"ImageObject","inLanguage":"it-IT","@id":"https:\/\/www.ilnotiziario.net\/wp\/#\/schema\/logo\/image\/","url":"https:\/\/www.ilnotiziario.net\/wp\/wp-content\/uploads\/2022\/06\/170x170ilN.png","contentUrl":"https:\/\/www.ilnotiziario.net\/wp\/wp-content\/uploads\/2022\/06\/170x170ilN.png","width":355,"height":355,"caption":"Il Notiziario"},"image":{"@id":"https:\/\/www.ilnotiziario.net\/wp\/#\/schema\/logo\/image\/"},"sameAs":["https:\/\/www.facebook.com\/ilnotiziarioind\/","https:\/\/x.com\/ilNotiziarioInd","https:\/\/www.instagram.com\/ilnotiziario_settimanale\/"]},{"@type":"Person","@id":"https:\/\/www.ilnotiziario.net\/wp\/#\/schema\/person\/386e222908f898bb41c033989482bbf2","name":"Gabriele Bassani","image":{"@type":"ImageObject","inLanguage":"it-IT","@id":"https:\/\/secure.gravatar.com\/avatar\/09274f4a84fa97698bde56f84b3afed61c8492d48b0550db9671b68c177479cb?s=96&d=mm&r=g","url":"https:\/\/secure.gravatar.com\/avatar\/09274f4a84fa97698bde56f84b3afed61c8492d48b0550db9671b68c177479cb?s=96&d=mm&r=g","contentUrl":"https:\/\/secure.gravatar.com\/avatar\/09274f4a84fa97698bde56f84b3afed61c8492d48b0550db9671b68c177479cb?s=96&d=mm&r=g","caption":"Gabriele Bassani"},"sameAs":["http:\/\/www.ilnotiziario.net"]}]}},"_links":{"self":[{"href":"https:\/\/www.ilnotiziario.net\/wp\/wp-json\/wp\/v2\/posts\/145378","targetHints":{"allow":["GET"]}}],"collection":[{"href":"https:\/\/www.ilnotiziario.net\/wp\/wp-json\/wp\/v2\/posts"}],"about":[{"href":"https:\/\/www.ilnotiziario.net\/wp\/wp-json\/wp\/v2\/types\/post"}],"author":[{"embeddable":true,"href":"https:\/\/www.ilnotiziario.net\/wp\/wp-json\/wp\/v2\/users\/3"}],"replies":[{"embeddable":true,"href":"https:\/\/www.ilnotiziario.net\/wp\/wp-json\/wp\/v2\/comments?post=145378"}],"version-history":[{"count":0,"href":"https:\/\/www.ilnotiziario.net\/wp\/wp-json\/wp\/v2\/posts\/145378\/revisions"}],"wp:featuredmedia":[{"embeddable":true,"href":"https:\/\/www.ilnotiziario.net\/wp\/wp-json\/wp\/v2\/media\/145379"}],"wp:attachment":[{"href":"https:\/\/www.ilnotiziario.net\/wp\/wp-json\/wp\/v2\/media?parent=145378"}],"wp:term":[{"taxonomy":"category","embeddable":true,"href":"https:\/\/www.ilnotiziario.net\/wp\/wp-json\/wp\/v2\/categories?post=145378"},{"taxonomy":"post_tag","embeddable":true,"href":"https:\/\/www.ilnotiziario.net\/wp\/wp-json\/wp\/v2\/tags?post=145378"}],"curies":[{"name":"wp","href":"https:\/\/api.w.org\/{rel}","templated":true}]}}