{"id":145494,"date":"2020-12-16T21:39:14","date_gmt":"2020-12-16T20:39:14","guid":{"rendered":"https:\/\/www.ilnotiziario.net\/wp\/?p=145494"},"modified":"2020-12-16T21:57:19","modified_gmt":"2020-12-16T20:57:19","slug":"saronno-covid-solidarieta-natale","status":"publish","type":"post","link":"https:\/\/www.ilnotiziario.net\/wp\/prima-pagina\/saronno-covid-solidarieta-natale\/","title":{"rendered":"Saronno, il Covid non ferma la solidariet\u00e0: in fila per donare la scatola di Natale"},"content":{"rendered":"<p><img fetchpriority=\"high\" decoding=\"async\" class=\"aligncenter size-medium wp-image-145495\" src=\"https:\/\/www.ilnotiziario.net\/wp\/wp-content\/uploads\/2020\/12\/Saronno-Scatole-di-Natale-300x225.jpg\" alt=\"Saronno scatole Natale\" width=\"300\" height=\"225\" srcset=\"https:\/\/www.ilnotiziario.net\/wp\/wp-content\/uploads\/2020\/12\/Saronno-Scatole-di-Natale-300x225.jpg 300w, https:\/\/www.ilnotiziario.net\/wp\/wp-content\/uploads\/2020\/12\/Saronno-Scatole-di-Natale-768x575.jpg 768w, https:\/\/www.ilnotiziario.net\/wp\/wp-content\/uploads\/2020\/12\/Saronno-Scatole-di-Natale-80x60.jpg 80w, https:\/\/www.ilnotiziario.net\/wp\/wp-content\/uploads\/2020\/12\/Saronno-Scatole-di-Natale-160x120.jpg 160w, https:\/\/www.ilnotiziario.net\/wp\/wp-content\/uploads\/2020\/12\/Saronno-Scatole-di-Natale-265x198.jpg 265w, https:\/\/www.ilnotiziario.net\/wp\/wp-content\/uploads\/2020\/12\/Saronno-Scatole-di-Natale-696x521.jpg 696w, https:\/\/www.ilnotiziario.net\/wp\/wp-content\/uploads\/2020\/12\/Saronno-Scatole-di-Natale-600x449.jpg 600w, https:\/\/www.ilnotiziario.net\/wp\/wp-content\/uploads\/2020\/12\/Saronno-Scatole-di-Natale-214x160.jpg 214w, https:\/\/www.ilnotiziario.net\/wp\/wp-content\/uploads\/2020\/12\/Saronno-Scatole-di-Natale.jpg 935w\" sizes=\"(max-width: 300px) 100vw, 300px\" \/>Solidali, nonostante tutto. Nell\u2019anno della pandemia dove sempre pi\u00f9 persone in Italia vivono sotto la soglia della povert\u00e0, 5 milioni secondo i dati dell\u2019ultimo Rapporto Censis 2020, non si fermano le iniziative di beneficenza.<\/p><div id=\"ilnot-2833308143\" class=\"ilnot-contenuto ilnot-entity-placement\"><p><!-- incontent_1 --><\/p>\n<div class=\"gptslot\" data-adunitid=\"1\"><\/div>\n<\/div>\n<p>A Saronno prosegue la campagna, promossa da Casa di Marta, delle \u201cScatole di Natale per i pi\u00f9 bisognosi\u201d: <strong>la possibilit\u00e0 di confezionare un pacco dono personalizzato destinato ad adulti o bambini in difficolt\u00e0 economica<\/strong>. A due settimane dall\u2019avvio dell\u2019iniziativa sono oltre mille le scatole arrivate ai volontari nel punto di raccolta della fondazione, all\u2019Aquilone:<\/p>\n<p>\u00ab<strong>Cerchiamo di raggiungere il numero pi\u00f9&nbsp; alto di persone e famiglie possibile &#8211;<\/strong> commenta Francesca Volont\u00e8, ideatrice della \u201cversione saronnese\u201d del progetto solidale nato a Milano \u2013 abbiamo ricevuto tante scatole, nei giorni scorsi molti cittadini, nel rispetto delle misure sanitarie, si sono messi in fila per donare, tanto che nella distribuzione ci siamo spinti anche extra-territorio\u00bb.<\/p><div id=\"ilnot-2396652623\" class=\"ilnot-contenuto_2 ilnot-entity-placement\"><div class=\"ads-wrapper\">\n<div class=\"ad-slot\">\n   <div id=\"ilnot-2974671373\" style=\"margin-right: auto;margin-left: auto;text-align: center;width: 320px;height: 100px;\"><a href=\"https:\/\/www.scuolasicurezza.it\/\"><img decoding=\"async\" src=\"https:\/\/www.ilnotiziario.net\/wp\/wp-content\/uploads\/2026\/04\/IlNotiziario_banner-sito-e-newsletter-320-x-100-px-1.gif\" alt=\"\"><\/a><\/div>\n  <\/div>\n<div class=\"ad-slot\">\n   <div id=\"ilnot-1661390541\" style=\"margin-right: auto;margin-left: auto;text-align: center;width: 320px;height: 100px;\"><a href=\"https:\/\/purodesignarredamenti.com\/\"><img decoding=\"async\" src=\"https:\/\/www.ilnotiziario.net\/wp\/wp-content\/uploads\/2026\/04\/banner-puro-ok.gif\" alt=\"whatsapp\"><\/a><\/div><\/p><\/div>\n<\/div>\n<\/div>\n<p><strong>Tra i saronnesi, grandi e piccoli hanno risposto all\u2019iniziativa solida<\/strong>le: \u00abCon i nostro bambini abbiamo preparato delle scatole che porteremo sabato \u2013 dice Valentina Finzi, educatrice dell\u2019associazione Maval\u00e0 &#8211; I genitori ci hanno portato qualcosa nelle loro possibilit\u00e0 e con i pi\u00f9 piccoli abbiamo preparato il \u201cbiglietto gentile\u201d\u00bb.<\/p>\n<p>Dalla Mensa di Betania al Banco Alimentare e all\u2019Emporio della Solidariet\u00e0 della Caritas, la distribuzione delle scatole solidali da parte dei volontari procede mentre sar\u00e0 possibile donare ancora<strong> nelle giornate di venerd\u00ec 18<\/strong> (dalle 14.30 alle 17.30) <strong>e sabato 19<\/strong> (dalle 9 alle 12).<\/p>\n<p><strong>Fino al 22 dicembre invece sar\u00e0 possibile presentare la domanda online<\/strong> per ricevere i buoni spesa nella campagna promossa dal Comune di Saronno: quest\u2019anno si \u00e8 scelta la formula del ticket, da 20 euro ciascuno, utilizzabili nei principali punti vendita della citt\u00e0. \u00abAbbiamo ritenuto opportuno optare per questa soluzione perch\u00e9 la riteniamo la pi\u00f9 adatta per aiutare le persone a superare questo momento di difficolt\u00e0\u00bb, spiega Ilaria Pagani, Assessore comunale alla Coesione Sociale, \u00abLe conseguenze sul mondo del lavoro dell&#8217;emergenza legata al Covid-19 hanno purtroppo portato grandi e inaspettate difficolt\u00e0 a nuclei familiari che normalmente non avrebbero avuto bisogno dell&#8217;aiuto del Comune\u00bb. Maggiori dettagli sono disponibili <a href=\"https:\/\/www.comune.saronno.va.it\/servizi\/notizie\/notizie_fase02.aspx?ID=17857\"><strong>sul sito&nbsp; del Comune di Saronno.<\/strong><\/a>&nbsp;<\/p><div id=\"ilnot-3147120679\" class=\"ilnot-contenuto_2-2 ilnot-entity-placement\"><div class=\"gptslot\" data-adunitid=\"2\"><\/div>\n<\/div>\n<p><strong>Claudio Agrelli&nbsp;<\/strong><\/p>\n","protected":false},"excerpt":{"rendered":"<p>Solidali, nonostante tutto. Nell\u2019anno della pandemia dove sempre pi\u00f9 persone in Italia vivono sotto la soglia della povert\u00e0, 5 milioni secondo i dati dell\u2019ultimo Rapporto Censis 2020, non si fermano le iniziative di beneficenza. A Saronno prosegue la campagna, promossa da Casa di Marta, delle \u201cScatole di Natale per i pi\u00f9 bisognosi\u201d: la possibilit\u00e0 di<\/p>\n","protected":false},"author":3,"featured_media":145495,"comment_status":"closed","ping_status":"closed","sticky":false,"template":"","format":"standard","meta":{"footnotes":""},"categories":[20,13,14],"tags":[1987,8053,598,56,8052],"class_list":{"0":"post-145494","1":"post","2":"type-post","3":"status-publish","4":"format-standard","5":"has-post-thumbnail","7":"category-prima-pagina","8":"category-saronnese","9":"category-saronno","10":"tag-solidarieta","11":"tag-doni","12":"tag-natale","13":"tag-saronno-2","14":"tag-scatole-di-natale"},"yoast_head":"<!-- This site is optimized with the Yoast SEO plugin v27.5 - https:\/\/yoast.com\/product\/yoast-seo-wordpress\/ -->\n<title>Saronno, il Covid non ferma la solidariet\u00e0: in fila per donare la scatola di Natale - Il Notiziario<\/title>\n<meta name=\"description\" content=\"Solidali, nonostante tutto. Nell\u2019anno della pandemia dove sempre pi\u00f9 persone in Italia vivono sotto la soglia della povert\u00e0, 5 milioni secondo i dati\" \/>\n<meta name=\"robots\" content=\"index, follow, max-snippet:-1, max-image-preview:large, max-video-preview:-1\" \/>\n<link rel=\"canonical\" href=\"https:\/\/www.ilnotiziario.net\/wp\/prima-pagina\/saronno-covid-solidarieta-natale\/\" \/>\n<meta property=\"og:locale\" content=\"it_IT\" \/>\n<meta property=\"og:type\" content=\"article\" \/>\n<meta property=\"og:title\" content=\"Saronno, il Covid non ferma la solidariet\u00e0: in fila per donare la scatola di Natale - Il Notiziario\" \/>\n<meta property=\"og:description\" content=\"Solidali, nonostante tutto. Nell\u2019anno della pandemia dove sempre pi\u00f9 persone in Italia vivono sotto la soglia della povert\u00e0, 5 milioni secondo i dati\" \/>\n<meta property=\"og:url\" content=\"https:\/\/www.ilnotiziario.net\/wp\/prima-pagina\/saronno-covid-solidarieta-natale\/\" \/>\n<meta property=\"og:site_name\" content=\"Il Notiziario\" \/>\n<meta property=\"article:publisher\" content=\"https:\/\/www.facebook.com\/ilnotiziarioind\/\" \/>\n<meta property=\"article:published_time\" content=\"2020-12-16T20:39:14+00:00\" \/>\n<meta property=\"article:modified_time\" content=\"2020-12-16T20:57:19+00:00\" \/>\n<meta property=\"og:image\" content=\"https:\/\/www.ilnotiziario.net\/wp\/wp-content\/uploads\/2020\/12\/Saronno-Scatole-di-Natale.jpg\" \/>\n\t<meta property=\"og:image:width\" content=\"935\" \/>\n\t<meta property=\"og:image:height\" content=\"700\" \/>\n\t<meta property=\"og:image:type\" content=\"image\/jpeg\" \/>\n<meta name=\"author\" content=\"Gabriele Bassani\" \/>\n<meta name=\"twitter:card\" content=\"summary_large_image\" \/>\n<meta name=\"twitter:creator\" content=\"@ilNotiziarioInd\" \/>\n<meta name=\"twitter:site\" content=\"@ilNotiziarioInd\" \/>\n<meta name=\"twitter:label1\" content=\"Scritto da\" \/>\n\t<meta name=\"twitter:data1\" content=\"Gabriele Bassani\" \/>\n\t<meta name=\"twitter:label2\" content=\"Tempo di lettura stimato\" \/>\n\t<meta name=\"twitter:data2\" content=\"2 minuti\" \/>\n<script type=\"application\/ld+json\" class=\"yoast-schema-graph\">{\"@context\":\"https:\\\/\\\/schema.org\",\"@graph\":[{\"@type\":\"Article\",\"@id\":\"https:\\\/\\\/www.ilnotiziario.net\\\/wp\\\/prima-pagina\\\/saronno-covid-solidarieta-natale\\\/#article\",\"isPartOf\":{\"@id\":\"https:\\\/\\\/www.ilnotiziario.net\\\/wp\\\/prima-pagina\\\/saronno-covid-solidarieta-natale\\\/\"},\"author\":{\"name\":\"Gabriele Bassani\",\"@id\":\"https:\\\/\\\/www.ilnotiziario.net\\\/wp\\\/#\\\/schema\\\/person\\\/386e222908f898bb41c033989482bbf2\"},\"headline\":\"Saronno, il Covid non ferma la solidariet\u00e0: in fila per donare la scatola di Natale\",\"datePublished\":\"2020-12-16T20:39:14+00:00\",\"dateModified\":\"2020-12-16T20:57:19+00:00\",\"mainEntityOfPage\":{\"@id\":\"https:\\\/\\\/www.ilnotiziario.net\\\/wp\\\/prima-pagina\\\/saronno-covid-solidarieta-natale\\\/\"},\"wordCount\":368,\"publisher\":{\"@id\":\"https:\\\/\\\/www.ilnotiziario.net\\\/wp\\\/#organization\"},\"image\":{\"@id\":\"https:\\\/\\\/www.ilnotiziario.net\\\/wp\\\/prima-pagina\\\/saronno-covid-solidarieta-natale\\\/#primaryimage\"},\"thumbnailUrl\":\"https:\\\/\\\/www.ilnotiziario.net\\\/wp\\\/wp-content\\\/uploads\\\/2020\\\/12\\\/Saronno-Scatole-di-Natale.jpg\",\"keywords\":[\". solidariet\u00e0\",\"doni\",\"Natale\",\"Saronno\",\"scatole di Natale\"],\"articleSection\":[\"Prima Pagina\",\"SARONNESE\",\"SARONNO\"],\"inLanguage\":\"it-IT\"},{\"@type\":\"WebPage\",\"@id\":\"https:\\\/\\\/www.ilnotiziario.net\\\/wp\\\/prima-pagina\\\/saronno-covid-solidarieta-natale\\\/\",\"url\":\"https:\\\/\\\/www.ilnotiziario.net\\\/wp\\\/prima-pagina\\\/saronno-covid-solidarieta-natale\\\/\",\"name\":\"Saronno, il Covid non ferma la solidariet\u00e0: in fila per donare la scatola di Natale - Il Notiziario\",\"isPartOf\":{\"@id\":\"https:\\\/\\\/www.ilnotiziario.net\\\/wp\\\/#website\"},\"primaryImageOfPage\":{\"@id\":\"https:\\\/\\\/www.ilnotiziario.net\\\/wp\\\/prima-pagina\\\/saronno-covid-solidarieta-natale\\\/#primaryimage\"},\"image\":{\"@id\":\"https:\\\/\\\/www.ilnotiziario.net\\\/wp\\\/prima-pagina\\\/saronno-covid-solidarieta-natale\\\/#primaryimage\"},\"thumbnailUrl\":\"https:\\\/\\\/www.ilnotiziario.net\\\/wp\\\/wp-content\\\/uploads\\\/2020\\\/12\\\/Saronno-Scatole-di-Natale.jpg\",\"datePublished\":\"2020-12-16T20:39:14+00:00\",\"dateModified\":\"2020-12-16T20:57:19+00:00\",\"description\":\"Solidali, nonostante tutto. Nell\u2019anno della pandemia dove sempre pi\u00f9 persone in Italia vivono sotto la soglia della povert\u00e0, 5 milioni secondo i dati\",\"breadcrumb\":{\"@id\":\"https:\\\/\\\/www.ilnotiziario.net\\\/wp\\\/prima-pagina\\\/saronno-covid-solidarieta-natale\\\/#breadcrumb\"},\"inLanguage\":\"it-IT\",\"potentialAction\":[{\"@type\":\"ReadAction\",\"target\":[\"https:\\\/\\\/www.ilnotiziario.net\\\/wp\\\/prima-pagina\\\/saronno-covid-solidarieta-natale\\\/\"]}]},{\"@type\":\"ImageObject\",\"inLanguage\":\"it-IT\",\"@id\":\"https:\\\/\\\/www.ilnotiziario.net\\\/wp\\\/prima-pagina\\\/saronno-covid-solidarieta-natale\\\/#primaryimage\",\"url\":\"https:\\\/\\\/www.ilnotiziario.net\\\/wp\\\/wp-content\\\/uploads\\\/2020\\\/12\\\/Saronno-Scatole-di-Natale.jpg\",\"contentUrl\":\"https:\\\/\\\/www.ilnotiziario.net\\\/wp\\\/wp-content\\\/uploads\\\/2020\\\/12\\\/Saronno-Scatole-di-Natale.jpg\",\"width\":935,\"height\":700,\"caption\":\"Campus invernale per i bambini di Garbagnate\"},{\"@type\":\"BreadcrumbList\",\"@id\":\"https:\\\/\\\/www.ilnotiziario.net\\\/wp\\\/prima-pagina\\\/saronno-covid-solidarieta-natale\\\/#breadcrumb\",\"itemListElement\":[{\"@type\":\"ListItem\",\"position\":1,\"name\":\"tds_text_logo_tagline_colortds_text_logo_tagline_colortds_text_logo_tagline_colortds_text_logo_tagline_colortd_module_7_title_excerpttd_module_7_title_excerpttd_module_7_title_excerpttd_module_7_title_excerptHome\",\"item\":\"https:\\\/\\\/www.ilnotiziario.net\\\/wp\\\/\"},{\"@type\":\"ListItem\",\"position\":2,\"name\":\"Saronno, il Covid non ferma la solidariet\u00e0: in fila per donare la scatola di Natale\"}]},{\"@type\":\"WebSite\",\"@id\":\"https:\\\/\\\/www.ilnotiziario.net\\\/wp\\\/#website\",\"url\":\"https:\\\/\\\/www.ilnotiziario.net\\\/wp\\\/\",\"name\":\"Il Notiziario\",\"description\":\"Per restare sempre connessi alla notizia\",\"publisher\":{\"@id\":\"https:\\\/\\\/www.ilnotiziario.net\\\/wp\\\/#organization\"},\"alternateName\":\"Il Notiziario Bollate\",\"potentialAction\":[{\"@type\":\"SearchAction\",\"target\":{\"@type\":\"EntryPoint\",\"urlTemplate\":\"https:\\\/\\\/www.ilnotiziario.net\\\/wp\\\/?s={search_term_string}\"},\"query-input\":{\"@type\":\"PropertyValueSpecification\",\"valueRequired\":true,\"valueName\":\"search_term_string\"}}],\"inLanguage\":\"it-IT\"},{\"@type\":\"Organization\",\"@id\":\"https:\\\/\\\/www.ilnotiziario.net\\\/wp\\\/#organization\",\"name\":\"Il Notiziario\",\"url\":\"https:\\\/\\\/www.ilnotiziario.net\\\/wp\\\/\",\"logo\":{\"@type\":\"ImageObject\",\"inLanguage\":\"it-IT\",\"@id\":\"https:\\\/\\\/www.ilnotiziario.net\\\/wp\\\/#\\\/schema\\\/logo\\\/image\\\/\",\"url\":\"https:\\\/\\\/www.ilnotiziario.net\\\/wp\\\/wp-content\\\/uploads\\\/2022\\\/06\\\/170x170ilN.png\",\"contentUrl\":\"https:\\\/\\\/www.ilnotiziario.net\\\/wp\\\/wp-content\\\/uploads\\\/2022\\\/06\\\/170x170ilN.png\",\"width\":355,\"height\":355,\"caption\":\"Il Notiziario\"},\"image\":{\"@id\":\"https:\\\/\\\/www.ilnotiziario.net\\\/wp\\\/#\\\/schema\\\/logo\\\/image\\\/\"},\"sameAs\":[\"https:\\\/\\\/www.facebook.com\\\/ilnotiziarioind\\\/\",\"https:\\\/\\\/x.com\\\/ilNotiziarioInd\",\"https:\\\/\\\/www.instagram.com\\\/ilnotiziario_settimanale\\\/\"]},{\"@type\":\"Person\",\"@id\":\"https:\\\/\\\/www.ilnotiziario.net\\\/wp\\\/#\\\/schema\\\/person\\\/386e222908f898bb41c033989482bbf2\",\"name\":\"Gabriele Bassani\",\"image\":{\"@type\":\"ImageObject\",\"inLanguage\":\"it-IT\",\"@id\":\"https:\\\/\\\/secure.gravatar.com\\\/avatar\\\/09274f4a84fa97698bde56f84b3afed61c8492d48b0550db9671b68c177479cb?s=96&d=mm&r=g\",\"url\":\"https:\\\/\\\/secure.gravatar.com\\\/avatar\\\/09274f4a84fa97698bde56f84b3afed61c8492d48b0550db9671b68c177479cb?s=96&d=mm&r=g\",\"contentUrl\":\"https:\\\/\\\/secure.gravatar.com\\\/avatar\\\/09274f4a84fa97698bde56f84b3afed61c8492d48b0550db9671b68c177479cb?s=96&d=mm&r=g\",\"caption\":\"Gabriele Bassani\"},\"sameAs\":[\"http:\\\/\\\/www.ilnotiziario.net\"]}]}<\/script>\n<!-- \/ Yoast SEO plugin. -->","yoast_head_json":{"title":"Saronno, il Covid non ferma la solidariet\u00e0: in fila per donare la scatola di Natale - Il Notiziario","description":"Solidali, nonostante tutto. Nell\u2019anno della pandemia dove sempre pi\u00f9 persone in Italia vivono sotto la soglia della povert\u00e0, 5 milioni secondo i dati","robots":{"index":"index","follow":"follow","max-snippet":"max-snippet:-1","max-image-preview":"max-image-preview:large","max-video-preview":"max-video-preview:-1"},"canonical":"https:\/\/www.ilnotiziario.net\/wp\/prima-pagina\/saronno-covid-solidarieta-natale\/","og_locale":"it_IT","og_type":"article","og_title":"Saronno, il Covid non ferma la solidariet\u00e0: in fila per donare la scatola di Natale - Il Notiziario","og_description":"Solidali, nonostante tutto. Nell\u2019anno della pandemia dove sempre pi\u00f9 persone in Italia vivono sotto la soglia della povert\u00e0, 5 milioni secondo i dati","og_url":"https:\/\/www.ilnotiziario.net\/wp\/prima-pagina\/saronno-covid-solidarieta-natale\/","og_site_name":"Il Notiziario","article_publisher":"https:\/\/www.facebook.com\/ilnotiziarioind\/","article_published_time":"2020-12-16T20:39:14+00:00","article_modified_time":"2020-12-16T20:57:19+00:00","og_image":[{"width":935,"height":700,"url":"https:\/\/www.ilnotiziario.net\/wp\/wp-content\/uploads\/2020\/12\/Saronno-Scatole-di-Natale.jpg","type":"image\/jpeg"}],"author":"Gabriele Bassani","twitter_card":"summary_large_image","twitter_creator":"@ilNotiziarioInd","twitter_site":"@ilNotiziarioInd","twitter_misc":{"Scritto da":"Gabriele Bassani","Tempo di lettura stimato":"2 minuti"},"schema":{"@context":"https:\/\/schema.org","@graph":[{"@type":"Article","@id":"https:\/\/www.ilnotiziario.net\/wp\/prima-pagina\/saronno-covid-solidarieta-natale\/#article","isPartOf":{"@id":"https:\/\/www.ilnotiziario.net\/wp\/prima-pagina\/saronno-covid-solidarieta-natale\/"},"author":{"name":"Gabriele Bassani","@id":"https:\/\/www.ilnotiziario.net\/wp\/#\/schema\/person\/386e222908f898bb41c033989482bbf2"},"headline":"Saronno, il Covid non ferma la solidariet\u00e0: in fila per donare la scatola di Natale","datePublished":"2020-12-16T20:39:14+00:00","dateModified":"2020-12-16T20:57:19+00:00","mainEntityOfPage":{"@id":"https:\/\/www.ilnotiziario.net\/wp\/prima-pagina\/saronno-covid-solidarieta-natale\/"},"wordCount":368,"publisher":{"@id":"https:\/\/www.ilnotiziario.net\/wp\/#organization"},"image":{"@id":"https:\/\/www.ilnotiziario.net\/wp\/prima-pagina\/saronno-covid-solidarieta-natale\/#primaryimage"},"thumbnailUrl":"https:\/\/www.ilnotiziario.net\/wp\/wp-content\/uploads\/2020\/12\/Saronno-Scatole-di-Natale.jpg","keywords":[". solidariet\u00e0","doni","Natale","Saronno","scatole di Natale"],"articleSection":["Prima Pagina","SARONNESE","SARONNO"],"inLanguage":"it-IT"},{"@type":"WebPage","@id":"https:\/\/www.ilnotiziario.net\/wp\/prima-pagina\/saronno-covid-solidarieta-natale\/","url":"https:\/\/www.ilnotiziario.net\/wp\/prima-pagina\/saronno-covid-solidarieta-natale\/","name":"Saronno, il Covid non ferma la solidariet\u00e0: in fila per donare la scatola di Natale - Il Notiziario","isPartOf":{"@id":"https:\/\/www.ilnotiziario.net\/wp\/#website"},"primaryImageOfPage":{"@id":"https:\/\/www.ilnotiziario.net\/wp\/prima-pagina\/saronno-covid-solidarieta-natale\/#primaryimage"},"image":{"@id":"https:\/\/www.ilnotiziario.net\/wp\/prima-pagina\/saronno-covid-solidarieta-natale\/#primaryimage"},"thumbnailUrl":"https:\/\/www.ilnotiziario.net\/wp\/wp-content\/uploads\/2020\/12\/Saronno-Scatole-di-Natale.jpg","datePublished":"2020-12-16T20:39:14+00:00","dateModified":"2020-12-16T20:57:19+00:00","description":"Solidali, nonostante tutto. Nell\u2019anno della pandemia dove sempre pi\u00f9 persone in Italia vivono sotto la soglia della povert\u00e0, 5 milioni secondo i dati","breadcrumb":{"@id":"https:\/\/www.ilnotiziario.net\/wp\/prima-pagina\/saronno-covid-solidarieta-natale\/#breadcrumb"},"inLanguage":"it-IT","potentialAction":[{"@type":"ReadAction","target":["https:\/\/www.ilnotiziario.net\/wp\/prima-pagina\/saronno-covid-solidarieta-natale\/"]}]},{"@type":"ImageObject","inLanguage":"it-IT","@id":"https:\/\/www.ilnotiziario.net\/wp\/prima-pagina\/saronno-covid-solidarieta-natale\/#primaryimage","url":"https:\/\/www.ilnotiziario.net\/wp\/wp-content\/uploads\/2020\/12\/Saronno-Scatole-di-Natale.jpg","contentUrl":"https:\/\/www.ilnotiziario.net\/wp\/wp-content\/uploads\/2020\/12\/Saronno-Scatole-di-Natale.jpg","width":935,"height":700,"caption":"Campus invernale per i bambini di Garbagnate"},{"@type":"BreadcrumbList","@id":"https:\/\/www.ilnotiziario.net\/wp\/prima-pagina\/saronno-covid-solidarieta-natale\/#breadcrumb","itemListElement":[{"@type":"ListItem","position":1,"name":"tds_text_logo_tagline_colortds_text_logo_tagline_colortds_text_logo_tagline_colortds_text_logo_tagline_colortd_module_7_title_excerpttd_module_7_title_excerpttd_module_7_title_excerpttd_module_7_title_excerptHome","item":"https:\/\/www.ilnotiziario.net\/wp\/"},{"@type":"ListItem","position":2,"name":"Saronno, il Covid non ferma la solidariet\u00e0: in fila per donare la scatola di Natale"}]},{"@type":"WebSite","@id":"https:\/\/www.ilnotiziario.net\/wp\/#website","url":"https:\/\/www.ilnotiziario.net\/wp\/","name":"Il Notiziario","description":"Per restare sempre connessi alla notizia","publisher":{"@id":"https:\/\/www.ilnotiziario.net\/wp\/#organization"},"alternateName":"Il Notiziario Bollate","potentialAction":[{"@type":"SearchAction","target":{"@type":"EntryPoint","urlTemplate":"https:\/\/www.ilnotiziario.net\/wp\/?s={search_term_string}"},"query-input":{"@type":"PropertyValueSpecification","valueRequired":true,"valueName":"search_term_string"}}],"inLanguage":"it-IT"},{"@type":"Organization","@id":"https:\/\/www.ilnotiziario.net\/wp\/#organization","name":"Il Notiziario","url":"https:\/\/www.ilnotiziario.net\/wp\/","logo":{"@type":"ImageObject","inLanguage":"it-IT","@id":"https:\/\/www.ilnotiziario.net\/wp\/#\/schema\/logo\/image\/","url":"https:\/\/www.ilnotiziario.net\/wp\/wp-content\/uploads\/2022\/06\/170x170ilN.png","contentUrl":"https:\/\/www.ilnotiziario.net\/wp\/wp-content\/uploads\/2022\/06\/170x170ilN.png","width":355,"height":355,"caption":"Il Notiziario"},"image":{"@id":"https:\/\/www.ilnotiziario.net\/wp\/#\/schema\/logo\/image\/"},"sameAs":["https:\/\/www.facebook.com\/ilnotiziarioind\/","https:\/\/x.com\/ilNotiziarioInd","https:\/\/www.instagram.com\/ilnotiziario_settimanale\/"]},{"@type":"Person","@id":"https:\/\/www.ilnotiziario.net\/wp\/#\/schema\/person\/386e222908f898bb41c033989482bbf2","name":"Gabriele Bassani","image":{"@type":"ImageObject","inLanguage":"it-IT","@id":"https:\/\/secure.gravatar.com\/avatar\/09274f4a84fa97698bde56f84b3afed61c8492d48b0550db9671b68c177479cb?s=96&d=mm&r=g","url":"https:\/\/secure.gravatar.com\/avatar\/09274f4a84fa97698bde56f84b3afed61c8492d48b0550db9671b68c177479cb?s=96&d=mm&r=g","contentUrl":"https:\/\/secure.gravatar.com\/avatar\/09274f4a84fa97698bde56f84b3afed61c8492d48b0550db9671b68c177479cb?s=96&d=mm&r=g","caption":"Gabriele Bassani"},"sameAs":["http:\/\/www.ilnotiziario.net"]}]}},"_links":{"self":[{"href":"https:\/\/www.ilnotiziario.net\/wp\/wp-json\/wp\/v2\/posts\/145494","targetHints":{"allow":["GET"]}}],"collection":[{"href":"https:\/\/www.ilnotiziario.net\/wp\/wp-json\/wp\/v2\/posts"}],"about":[{"href":"https:\/\/www.ilnotiziario.net\/wp\/wp-json\/wp\/v2\/types\/post"}],"author":[{"embeddable":true,"href":"https:\/\/www.ilnotiziario.net\/wp\/wp-json\/wp\/v2\/users\/3"}],"replies":[{"embeddable":true,"href":"https:\/\/www.ilnotiziario.net\/wp\/wp-json\/wp\/v2\/comments?post=145494"}],"version-history":[{"count":0,"href":"https:\/\/www.ilnotiziario.net\/wp\/wp-json\/wp\/v2\/posts\/145494\/revisions"}],"wp:featuredmedia":[{"embeddable":true,"href":"https:\/\/www.ilnotiziario.net\/wp\/wp-json\/wp\/v2\/media\/145495"}],"wp:attachment":[{"href":"https:\/\/www.ilnotiziario.net\/wp\/wp-json\/wp\/v2\/media?parent=145494"}],"wp:term":[{"taxonomy":"category","embeddable":true,"href":"https:\/\/www.ilnotiziario.net\/wp\/wp-json\/wp\/v2\/categories?post=145494"},{"taxonomy":"post_tag","embeddable":true,"href":"https:\/\/www.ilnotiziario.net\/wp\/wp-json\/wp\/v2\/tags?post=145494"}],"curies":[{"name":"wp","href":"https:\/\/api.w.org\/{rel}","templated":true}]}}