{"id":146113,"date":"2021-01-02T18:37:08","date_gmt":"2021-01-02T17:37:08","guid":{"rendered":"https:\/\/www.ilnotiziario.net\/wp\/?p=146113"},"modified":"2021-01-02T18:37:48","modified_gmt":"2021-01-02T17:37:48","slug":"vaccino-covid-ospedale-sesto-nord-milano","status":"publish","type":"post","link":"https:\/\/www.ilnotiziario.net\/wp\/nord-milano\/vaccino-covid-ospedale-sesto-nord-milano\/","title":{"rendered":"Vaccino Covid, l&#8217;ospedale di Sesto San Giovanni hub per il Nord Milano"},"content":{"rendered":"<figure id=\"attachment_146114\" aria-describedby=\"caption-attachment-146114\" style=\"width: 300px\" class=\"wp-caption aligncenter\"><img fetchpriority=\"high\" decoding=\"async\" class=\"size-medium wp-image-146114\" src=\"https:\/\/www.ilnotiziario.net\/wp\/wp-content\/uploads\/2021\/01\/robertodistefano-300x221.jpg\" alt=\"\" width=\"300\" height=\"221\" srcset=\"https:\/\/www.ilnotiziario.net\/wp\/wp-content\/uploads\/2021\/01\/robertodistefano-300x221.jpg 300w, https:\/\/www.ilnotiziario.net\/wp\/wp-content\/uploads\/2021\/01\/robertodistefano-768x565.jpg 768w, https:\/\/www.ilnotiziario.net\/wp\/wp-content\/uploads\/2021\/01\/robertodistefano-80x60.jpg 80w, https:\/\/www.ilnotiziario.net\/wp\/wp-content\/uploads\/2021\/01\/robertodistefano-696x512.jpg 696w, https:\/\/www.ilnotiziario.net\/wp\/wp-content\/uploads\/2021\/01\/robertodistefano-600x442.jpg 600w, https:\/\/www.ilnotiziario.net\/wp\/wp-content\/uploads\/2021\/01\/robertodistefano-217x160.jpg 217w, https:\/\/www.ilnotiziario.net\/wp\/wp-content\/uploads\/2021\/01\/robertodistefano.jpg 815w\" sizes=\"(max-width: 300px) 100vw, 300px\" \/><figcaption id=\"caption-attachment-146114\" class=\"wp-caption-text\">In foto, il Sindaco di Sesto San Giovanni Roberto Di Stefano<\/figcaption><\/figure>\n<p><strong>L&#8217;Ospedale di Sesto San Giovanni sar\u00e0 l&#8217;hub di riferimento per le vaccinazioni anti-covid per tutto il Nord Milano<\/strong>. \u00ab<em>Un&#8217;ottima notizia per il nostro territorio<\/em> &#8211; ha dichiarato il <strong>Sindaco di Sesto San Giovanni<\/strong>, <strong>Roberto Di Stefano<\/strong> &#8211;\u00a0<em>Nella nostra citt\u00e0, lo scorso 22 febbraio, si era registrato il primo caso covid del Nord Milano e il fatto che si parta da Sesto per le prime vaccinazioni rappresenta la chiusura del cerchio nella lotta a questo maledetto virus<\/em>\u00bb.<\/p><div id=\"ilnot-2068456064\" class=\"ilnot-contenuto ilnot-entity-placement\"><p><!-- incontent_1 --><\/p>\n<div class=\"gptslot\" data-adunitid=\"1\"><\/div>\n<\/div>\n<p>\u00c8 gi\u00e0 stato organizzato un laboratorio per la produzione delle dosi e il successivo trattamento dei pazienti; anche i frigoriferi sono pronti e ora si attende nei prossimi giorni l&#8217;invio dei primi vaccini. Una squadra di cinque medici e diversi infermieri avr\u00e0 il compito di eseguire le prime vaccinazioni.<\/p>\n<p>Il piano per le vaccinazioni prevede tre fasi. La prima fase durer\u00e0 circa tre settimane e coinvolger\u00e0 tutto il personale sanitario di tutte le strutture del Nord Milano. Nella seconda fase, che durer\u00e0 oltre un mese, verranno raggiunti i pazienti e gli operatori delle rsa presenti sul territorio direttamente nelle proprie strutture. Infine, la terza fase riguarder\u00e0 la campagna vaccinale di massa, con precedenza per anziani e persone fragili.<\/p><div id=\"ilnot-2363072266\" class=\"ilnot-contenuto_2 ilnot-entity-placement\"><div class=\"ads-wrapper\">\n<div class=\"ad-slot\">\n   <div id=\"ilnot-1304358917\" style=\"margin-right: auto;margin-left: auto;text-align: center;width: 320px;height: 100px;\"><a href=\"https:\/\/www.scuolasicurezza.it\/\"><img decoding=\"async\" src=\"https:\/\/www.ilnotiziario.net\/wp\/wp-content\/uploads\/2026\/04\/IlNotiziario_banner-sito-e-newsletter-320-x-100-px-1.gif\" alt=\"\"><\/a><\/div>\n  <\/div>\n<div class=\"ad-slot\">\n   <div id=\"ilnot-3417999075\" style=\"margin-right: auto;margin-left: auto;text-align: center;width: 320px;height: 100px;\"><a href=\"https:\/\/purodesignarredamenti.com\/\"><img decoding=\"async\" src=\"https:\/\/www.ilnotiziario.net\/wp\/wp-content\/uploads\/2026\/04\/banner-puro-ok.gif\" alt=\"whatsapp\"><\/a><\/div><\/p><\/div>\n<\/div>\n<\/div>\n<p>Per quanto riguarda le prenotazioni, durante la campagna di massa verranno date comunicazioni pi\u00f9 dettagliate.<\/p>\n<p>\u00ab<em>Ringrazio Regione Lombardia, il dottor Davide Zenoni, direttore del settore Farmacia di Asst Nord Milano che coordiner\u00e0 il programma vaccinale, la dottoressa Elisabetta Fabbrini, direttore generale Asst Nord Milano, la dottoressa Barbara Mangiacavalli, direttore socio-sanitario Asst Nord Milano, tutti i medici, gli infermieri e il personale sanitario che metteranno a disposizione le proprie preziose competenze per il bene della collettivit\u00e0<\/em>\u00bb ha concluso il Sindaco Di Stefano.<\/p>\n","protected":false},"excerpt":{"rendered":"<p>L&#8217;Ospedale di Sesto San Giovanni sar\u00e0 l&#8217;hub di riferimento per le vaccinazioni anti-covid per tutto il Nord Milano. \u00abUn&#8217;ottima notizia per il nostro territorio &#8211; ha dichiarato il Sindaco di Sesto San Giovanni, Roberto Di Stefano &#8211;\u00a0Nella nostra citt\u00e0, lo scorso 22 febbraio, si era registrato il primo caso covid del Nord Milano e il<\/p>\n","protected":false},"author":3,"featured_media":146114,"comment_status":"closed","ping_status":"closed","sticky":false,"template":"","format":"standard","meta":{"footnotes":""},"categories":[3335,11,20],"tags":[7244,1442,2612,4107],"class_list":{"0":"post-146113","1":"post","2":"type-post","3":"status-publish","4":"format-standard","5":"has-post-thumbnail","7":"category-notizie","8":"category-nord-milano","9":"category-prima-pagina","10":"tag-covid","11":"tag-nord-milano-2","12":"tag-sesto-san-giovanni","13":"tag-vaccini"},"yoast_head":"<!-- This site is optimized with the Yoast SEO plugin v27.4 - https:\/\/yoast.com\/product\/yoast-seo-wordpress\/ -->\n<title>Vaccino Covid, l&#039;ospedale di Sesto San Giovanni hub per il Nord Milano - Il Notiziario<\/title>\n<meta name=\"description\" content=\"L&#039;Ospedale di Sesto San Giovanni sar\u00e0 l&#039;hub di riferimento per le vaccinazioni anti-covid per tutto il Nord Milano. \u00abUn&#039;ottima notizia per il nostro\" \/>\n<meta name=\"robots\" content=\"index, follow, max-snippet:-1, max-image-preview:large, max-video-preview:-1\" \/>\n<link rel=\"canonical\" href=\"https:\/\/www.ilnotiziario.net\/wp\/nord-milano\/vaccino-covid-ospedale-sesto-nord-milano\/\" \/>\n<meta property=\"og:locale\" content=\"it_IT\" \/>\n<meta property=\"og:type\" content=\"article\" \/>\n<meta property=\"og:title\" content=\"Vaccino Covid, l&#039;ospedale di Sesto San Giovanni hub per il Nord Milano - Il Notiziario\" \/>\n<meta property=\"og:description\" content=\"L&#039;Ospedale di Sesto San Giovanni sar\u00e0 l&#039;hub di riferimento per le vaccinazioni anti-covid per tutto il Nord Milano. \u00abUn&#039;ottima notizia per il nostro\" \/>\n<meta property=\"og:url\" content=\"https:\/\/www.ilnotiziario.net\/wp\/nord-milano\/vaccino-covid-ospedale-sesto-nord-milano\/\" \/>\n<meta property=\"og:site_name\" content=\"Il Notiziario\" \/>\n<meta property=\"article:publisher\" content=\"https:\/\/www.facebook.com\/ilnotiziarioind\/\" \/>\n<meta property=\"article:published_time\" content=\"2021-01-02T17:37:08+00:00\" \/>\n<meta property=\"article:modified_time\" content=\"2021-01-02T17:37:48+00:00\" \/>\n<meta property=\"og:image\" content=\"https:\/\/www.ilnotiziario.net\/wp\/wp-content\/uploads\/2021\/01\/robertodistefano.jpg\" \/>\n\t<meta property=\"og:image:width\" content=\"815\" \/>\n\t<meta property=\"og:image:height\" content=\"600\" \/>\n\t<meta property=\"og:image:type\" content=\"image\/jpeg\" \/>\n<meta name=\"author\" content=\"Gabriele Bassani\" \/>\n<meta name=\"twitter:card\" content=\"summary_large_image\" \/>\n<meta name=\"twitter:creator\" content=\"@ilNotiziarioInd\" \/>\n<meta name=\"twitter:site\" content=\"@ilNotiziarioInd\" \/>\n<meta name=\"twitter:label1\" content=\"Scritto da\" \/>\n\t<meta name=\"twitter:data1\" content=\"Gabriele Bassani\" \/>\n\t<meta name=\"twitter:label2\" content=\"Tempo di lettura stimato\" \/>\n\t<meta name=\"twitter:data2\" content=\"1 minuto\" \/>\n<script type=\"application\/ld+json\" class=\"yoast-schema-graph\">{\"@context\":\"https:\\\/\\\/schema.org\",\"@graph\":[{\"@type\":\"Article\",\"@id\":\"https:\\\/\\\/www.ilnotiziario.net\\\/wp\\\/nord-milano\\\/vaccino-covid-ospedale-sesto-nord-milano\\\/#article\",\"isPartOf\":{\"@id\":\"https:\\\/\\\/www.ilnotiziario.net\\\/wp\\\/nord-milano\\\/vaccino-covid-ospedale-sesto-nord-milano\\\/\"},\"author\":{\"name\":\"Gabriele Bassani\",\"@id\":\"https:\\\/\\\/www.ilnotiziario.net\\\/wp\\\/#\\\/schema\\\/person\\\/386e222908f898bb41c033989482bbf2\"},\"headline\":\"Vaccino Covid, l&#8217;ospedale di Sesto San Giovanni hub per il Nord Milano\",\"datePublished\":\"2021-01-02T17:37:08+00:00\",\"dateModified\":\"2021-01-02T17:37:48+00:00\",\"mainEntityOfPage\":{\"@id\":\"https:\\\/\\\/www.ilnotiziario.net\\\/wp\\\/nord-milano\\\/vaccino-covid-ospedale-sesto-nord-milano\\\/\"},\"wordCount\":309,\"publisher\":{\"@id\":\"https:\\\/\\\/www.ilnotiziario.net\\\/wp\\\/#organization\"},\"image\":{\"@id\":\"https:\\\/\\\/www.ilnotiziario.net\\\/wp\\\/nord-milano\\\/vaccino-covid-ospedale-sesto-nord-milano\\\/#primaryimage\"},\"thumbnailUrl\":\"https:\\\/\\\/www.ilnotiziario.net\\\/wp\\\/wp-content\\\/uploads\\\/2021\\\/01\\\/robertodistefano.jpg\",\"keywords\":[\"covid\",\"nord milano\",\"Sesto San Giovanni\",\"Vaccini\"],\"articleSection\":[\"NEI DINTORNI\",\"NORD MILANO\",\"Prima Pagina\"],\"inLanguage\":\"it-IT\"},{\"@type\":\"WebPage\",\"@id\":\"https:\\\/\\\/www.ilnotiziario.net\\\/wp\\\/nord-milano\\\/vaccino-covid-ospedale-sesto-nord-milano\\\/\",\"url\":\"https:\\\/\\\/www.ilnotiziario.net\\\/wp\\\/nord-milano\\\/vaccino-covid-ospedale-sesto-nord-milano\\\/\",\"name\":\"Vaccino Covid, l'ospedale di Sesto San Giovanni hub per il Nord Milano - Il Notiziario\",\"isPartOf\":{\"@id\":\"https:\\\/\\\/www.ilnotiziario.net\\\/wp\\\/#website\"},\"primaryImageOfPage\":{\"@id\":\"https:\\\/\\\/www.ilnotiziario.net\\\/wp\\\/nord-milano\\\/vaccino-covid-ospedale-sesto-nord-milano\\\/#primaryimage\"},\"image\":{\"@id\":\"https:\\\/\\\/www.ilnotiziario.net\\\/wp\\\/nord-milano\\\/vaccino-covid-ospedale-sesto-nord-milano\\\/#primaryimage\"},\"thumbnailUrl\":\"https:\\\/\\\/www.ilnotiziario.net\\\/wp\\\/wp-content\\\/uploads\\\/2021\\\/01\\\/robertodistefano.jpg\",\"datePublished\":\"2021-01-02T17:37:08+00:00\",\"dateModified\":\"2021-01-02T17:37:48+00:00\",\"description\":\"L'Ospedale di Sesto San Giovanni sar\u00e0 l'hub di riferimento per le vaccinazioni anti-covid per tutto il Nord Milano. \u00abUn'ottima notizia per il nostro\",\"breadcrumb\":{\"@id\":\"https:\\\/\\\/www.ilnotiziario.net\\\/wp\\\/nord-milano\\\/vaccino-covid-ospedale-sesto-nord-milano\\\/#breadcrumb\"},\"inLanguage\":\"it-IT\",\"potentialAction\":[{\"@type\":\"ReadAction\",\"target\":[\"https:\\\/\\\/www.ilnotiziario.net\\\/wp\\\/nord-milano\\\/vaccino-covid-ospedale-sesto-nord-milano\\\/\"]}]},{\"@type\":\"ImageObject\",\"inLanguage\":\"it-IT\",\"@id\":\"https:\\\/\\\/www.ilnotiziario.net\\\/wp\\\/nord-milano\\\/vaccino-covid-ospedale-sesto-nord-milano\\\/#primaryimage\",\"url\":\"https:\\\/\\\/www.ilnotiziario.net\\\/wp\\\/wp-content\\\/uploads\\\/2021\\\/01\\\/robertodistefano.jpg\",\"contentUrl\":\"https:\\\/\\\/www.ilnotiziario.net\\\/wp\\\/wp-content\\\/uploads\\\/2021\\\/01\\\/robertodistefano.jpg\",\"width\":815,\"height\":600,\"caption\":\"Il Sindaco Roberto Di Stefano\"},{\"@type\":\"BreadcrumbList\",\"@id\":\"https:\\\/\\\/www.ilnotiziario.net\\\/wp\\\/nord-milano\\\/vaccino-covid-ospedale-sesto-nord-milano\\\/#breadcrumb\",\"itemListElement\":[{\"@type\":\"ListItem\",\"position\":1,\"name\":\"tds_text_logo_tagline_colortds_text_logo_tagline_colortds_text_logo_tagline_colortds_text_logo_tagline_colortd_module_7_title_excerpttd_module_7_title_excerpttd_module_7_title_excerpttd_module_7_title_excerptHome\",\"item\":\"https:\\\/\\\/www.ilnotiziario.net\\\/wp\\\/\"},{\"@type\":\"ListItem\",\"position\":2,\"name\":\"Vaccino Covid, l&#8217;ospedale di Sesto San Giovanni hub per il Nord Milano\"}]},{\"@type\":\"WebSite\",\"@id\":\"https:\\\/\\\/www.ilnotiziario.net\\\/wp\\\/#website\",\"url\":\"https:\\\/\\\/www.ilnotiziario.net\\\/wp\\\/\",\"name\":\"Il Notiziario\",\"description\":\"Per restare sempre connessi alla notizia\",\"publisher\":{\"@id\":\"https:\\\/\\\/www.ilnotiziario.net\\\/wp\\\/#organization\"},\"alternateName\":\"Il Notiziario Bollate\",\"potentialAction\":[{\"@type\":\"SearchAction\",\"target\":{\"@type\":\"EntryPoint\",\"urlTemplate\":\"https:\\\/\\\/www.ilnotiziario.net\\\/wp\\\/?s={search_term_string}\"},\"query-input\":{\"@type\":\"PropertyValueSpecification\",\"valueRequired\":true,\"valueName\":\"search_term_string\"}}],\"inLanguage\":\"it-IT\"},{\"@type\":\"Organization\",\"@id\":\"https:\\\/\\\/www.ilnotiziario.net\\\/wp\\\/#organization\",\"name\":\"Il Notiziario\",\"url\":\"https:\\\/\\\/www.ilnotiziario.net\\\/wp\\\/\",\"logo\":{\"@type\":\"ImageObject\",\"inLanguage\":\"it-IT\",\"@id\":\"https:\\\/\\\/www.ilnotiziario.net\\\/wp\\\/#\\\/schema\\\/logo\\\/image\\\/\",\"url\":\"https:\\\/\\\/www.ilnotiziario.net\\\/wp\\\/wp-content\\\/uploads\\\/2022\\\/06\\\/170x170ilN.png\",\"contentUrl\":\"https:\\\/\\\/www.ilnotiziario.net\\\/wp\\\/wp-content\\\/uploads\\\/2022\\\/06\\\/170x170ilN.png\",\"width\":355,\"height\":355,\"caption\":\"Il Notiziario\"},\"image\":{\"@id\":\"https:\\\/\\\/www.ilnotiziario.net\\\/wp\\\/#\\\/schema\\\/logo\\\/image\\\/\"},\"sameAs\":[\"https:\\\/\\\/www.facebook.com\\\/ilnotiziarioind\\\/\",\"https:\\\/\\\/x.com\\\/ilNotiziarioInd\",\"https:\\\/\\\/www.instagram.com\\\/ilnotiziario_settimanale\\\/\"]},{\"@type\":\"Person\",\"@id\":\"https:\\\/\\\/www.ilnotiziario.net\\\/wp\\\/#\\\/schema\\\/person\\\/386e222908f898bb41c033989482bbf2\",\"name\":\"Gabriele Bassani\",\"image\":{\"@type\":\"ImageObject\",\"inLanguage\":\"it-IT\",\"@id\":\"https:\\\/\\\/secure.gravatar.com\\\/avatar\\\/09274f4a84fa97698bde56f84b3afed61c8492d48b0550db9671b68c177479cb?s=96&d=mm&r=g\",\"url\":\"https:\\\/\\\/secure.gravatar.com\\\/avatar\\\/09274f4a84fa97698bde56f84b3afed61c8492d48b0550db9671b68c177479cb?s=96&d=mm&r=g\",\"contentUrl\":\"https:\\\/\\\/secure.gravatar.com\\\/avatar\\\/09274f4a84fa97698bde56f84b3afed61c8492d48b0550db9671b68c177479cb?s=96&d=mm&r=g\",\"caption\":\"Gabriele Bassani\"},\"sameAs\":[\"http:\\\/\\\/www.ilnotiziario.net\"]}]}<\/script>\n<!-- \/ Yoast SEO plugin. -->","yoast_head_json":{"title":"Vaccino Covid, l'ospedale di Sesto San Giovanni hub per il Nord Milano - Il Notiziario","description":"L'Ospedale di Sesto San Giovanni sar\u00e0 l'hub di riferimento per le vaccinazioni anti-covid per tutto il Nord Milano. \u00abUn'ottima notizia per il nostro","robots":{"index":"index","follow":"follow","max-snippet":"max-snippet:-1","max-image-preview":"max-image-preview:large","max-video-preview":"max-video-preview:-1"},"canonical":"https:\/\/www.ilnotiziario.net\/wp\/nord-milano\/vaccino-covid-ospedale-sesto-nord-milano\/","og_locale":"it_IT","og_type":"article","og_title":"Vaccino Covid, l'ospedale di Sesto San Giovanni hub per il Nord Milano - Il Notiziario","og_description":"L'Ospedale di Sesto San Giovanni sar\u00e0 l'hub di riferimento per le vaccinazioni anti-covid per tutto il Nord Milano. \u00abUn'ottima notizia per il nostro","og_url":"https:\/\/www.ilnotiziario.net\/wp\/nord-milano\/vaccino-covid-ospedale-sesto-nord-milano\/","og_site_name":"Il Notiziario","article_publisher":"https:\/\/www.facebook.com\/ilnotiziarioind\/","article_published_time":"2021-01-02T17:37:08+00:00","article_modified_time":"2021-01-02T17:37:48+00:00","og_image":[{"width":815,"height":600,"url":"https:\/\/www.ilnotiziario.net\/wp\/wp-content\/uploads\/2021\/01\/robertodistefano.jpg","type":"image\/jpeg"}],"author":"Gabriele Bassani","twitter_card":"summary_large_image","twitter_creator":"@ilNotiziarioInd","twitter_site":"@ilNotiziarioInd","twitter_misc":{"Scritto da":"Gabriele Bassani","Tempo di lettura stimato":"1 minuto"},"schema":{"@context":"https:\/\/schema.org","@graph":[{"@type":"Article","@id":"https:\/\/www.ilnotiziario.net\/wp\/nord-milano\/vaccino-covid-ospedale-sesto-nord-milano\/#article","isPartOf":{"@id":"https:\/\/www.ilnotiziario.net\/wp\/nord-milano\/vaccino-covid-ospedale-sesto-nord-milano\/"},"author":{"name":"Gabriele Bassani","@id":"https:\/\/www.ilnotiziario.net\/wp\/#\/schema\/person\/386e222908f898bb41c033989482bbf2"},"headline":"Vaccino Covid, l&#8217;ospedale di Sesto San Giovanni hub per il Nord Milano","datePublished":"2021-01-02T17:37:08+00:00","dateModified":"2021-01-02T17:37:48+00:00","mainEntityOfPage":{"@id":"https:\/\/www.ilnotiziario.net\/wp\/nord-milano\/vaccino-covid-ospedale-sesto-nord-milano\/"},"wordCount":309,"publisher":{"@id":"https:\/\/www.ilnotiziario.net\/wp\/#organization"},"image":{"@id":"https:\/\/www.ilnotiziario.net\/wp\/nord-milano\/vaccino-covid-ospedale-sesto-nord-milano\/#primaryimage"},"thumbnailUrl":"https:\/\/www.ilnotiziario.net\/wp\/wp-content\/uploads\/2021\/01\/robertodistefano.jpg","keywords":["covid","nord milano","Sesto San Giovanni","Vaccini"],"articleSection":["NEI DINTORNI","NORD MILANO","Prima Pagina"],"inLanguage":"it-IT"},{"@type":"WebPage","@id":"https:\/\/www.ilnotiziario.net\/wp\/nord-milano\/vaccino-covid-ospedale-sesto-nord-milano\/","url":"https:\/\/www.ilnotiziario.net\/wp\/nord-milano\/vaccino-covid-ospedale-sesto-nord-milano\/","name":"Vaccino Covid, l'ospedale di Sesto San Giovanni hub per il Nord Milano - Il Notiziario","isPartOf":{"@id":"https:\/\/www.ilnotiziario.net\/wp\/#website"},"primaryImageOfPage":{"@id":"https:\/\/www.ilnotiziario.net\/wp\/nord-milano\/vaccino-covid-ospedale-sesto-nord-milano\/#primaryimage"},"image":{"@id":"https:\/\/www.ilnotiziario.net\/wp\/nord-milano\/vaccino-covid-ospedale-sesto-nord-milano\/#primaryimage"},"thumbnailUrl":"https:\/\/www.ilnotiziario.net\/wp\/wp-content\/uploads\/2021\/01\/robertodistefano.jpg","datePublished":"2021-01-02T17:37:08+00:00","dateModified":"2021-01-02T17:37:48+00:00","description":"L'Ospedale di Sesto San Giovanni sar\u00e0 l'hub di riferimento per le vaccinazioni anti-covid per tutto il Nord Milano. \u00abUn'ottima notizia per il nostro","breadcrumb":{"@id":"https:\/\/www.ilnotiziario.net\/wp\/nord-milano\/vaccino-covid-ospedale-sesto-nord-milano\/#breadcrumb"},"inLanguage":"it-IT","potentialAction":[{"@type":"ReadAction","target":["https:\/\/www.ilnotiziario.net\/wp\/nord-milano\/vaccino-covid-ospedale-sesto-nord-milano\/"]}]},{"@type":"ImageObject","inLanguage":"it-IT","@id":"https:\/\/www.ilnotiziario.net\/wp\/nord-milano\/vaccino-covid-ospedale-sesto-nord-milano\/#primaryimage","url":"https:\/\/www.ilnotiziario.net\/wp\/wp-content\/uploads\/2021\/01\/robertodistefano.jpg","contentUrl":"https:\/\/www.ilnotiziario.net\/wp\/wp-content\/uploads\/2021\/01\/robertodistefano.jpg","width":815,"height":600,"caption":"Il Sindaco Roberto Di Stefano"},{"@type":"BreadcrumbList","@id":"https:\/\/www.ilnotiziario.net\/wp\/nord-milano\/vaccino-covid-ospedale-sesto-nord-milano\/#breadcrumb","itemListElement":[{"@type":"ListItem","position":1,"name":"tds_text_logo_tagline_colortds_text_logo_tagline_colortds_text_logo_tagline_colortds_text_logo_tagline_colortd_module_7_title_excerpttd_module_7_title_excerpttd_module_7_title_excerpttd_module_7_title_excerptHome","item":"https:\/\/www.ilnotiziario.net\/wp\/"},{"@type":"ListItem","position":2,"name":"Vaccino Covid, l&#8217;ospedale di Sesto San Giovanni hub per il Nord Milano"}]},{"@type":"WebSite","@id":"https:\/\/www.ilnotiziario.net\/wp\/#website","url":"https:\/\/www.ilnotiziario.net\/wp\/","name":"Il Notiziario","description":"Per restare sempre connessi alla notizia","publisher":{"@id":"https:\/\/www.ilnotiziario.net\/wp\/#organization"},"alternateName":"Il Notiziario Bollate","potentialAction":[{"@type":"SearchAction","target":{"@type":"EntryPoint","urlTemplate":"https:\/\/www.ilnotiziario.net\/wp\/?s={search_term_string}"},"query-input":{"@type":"PropertyValueSpecification","valueRequired":true,"valueName":"search_term_string"}}],"inLanguage":"it-IT"},{"@type":"Organization","@id":"https:\/\/www.ilnotiziario.net\/wp\/#organization","name":"Il Notiziario","url":"https:\/\/www.ilnotiziario.net\/wp\/","logo":{"@type":"ImageObject","inLanguage":"it-IT","@id":"https:\/\/www.ilnotiziario.net\/wp\/#\/schema\/logo\/image\/","url":"https:\/\/www.ilnotiziario.net\/wp\/wp-content\/uploads\/2022\/06\/170x170ilN.png","contentUrl":"https:\/\/www.ilnotiziario.net\/wp\/wp-content\/uploads\/2022\/06\/170x170ilN.png","width":355,"height":355,"caption":"Il Notiziario"},"image":{"@id":"https:\/\/www.ilnotiziario.net\/wp\/#\/schema\/logo\/image\/"},"sameAs":["https:\/\/www.facebook.com\/ilnotiziarioind\/","https:\/\/x.com\/ilNotiziarioInd","https:\/\/www.instagram.com\/ilnotiziario_settimanale\/"]},{"@type":"Person","@id":"https:\/\/www.ilnotiziario.net\/wp\/#\/schema\/person\/386e222908f898bb41c033989482bbf2","name":"Gabriele Bassani","image":{"@type":"ImageObject","inLanguage":"it-IT","@id":"https:\/\/secure.gravatar.com\/avatar\/09274f4a84fa97698bde56f84b3afed61c8492d48b0550db9671b68c177479cb?s=96&d=mm&r=g","url":"https:\/\/secure.gravatar.com\/avatar\/09274f4a84fa97698bde56f84b3afed61c8492d48b0550db9671b68c177479cb?s=96&d=mm&r=g","contentUrl":"https:\/\/secure.gravatar.com\/avatar\/09274f4a84fa97698bde56f84b3afed61c8492d48b0550db9671b68c177479cb?s=96&d=mm&r=g","caption":"Gabriele Bassani"},"sameAs":["http:\/\/www.ilnotiziario.net"]}]}},"_links":{"self":[{"href":"https:\/\/www.ilnotiziario.net\/wp\/wp-json\/wp\/v2\/posts\/146113","targetHints":{"allow":["GET"]}}],"collection":[{"href":"https:\/\/www.ilnotiziario.net\/wp\/wp-json\/wp\/v2\/posts"}],"about":[{"href":"https:\/\/www.ilnotiziario.net\/wp\/wp-json\/wp\/v2\/types\/post"}],"author":[{"embeddable":true,"href":"https:\/\/www.ilnotiziario.net\/wp\/wp-json\/wp\/v2\/users\/3"}],"replies":[{"embeddable":true,"href":"https:\/\/www.ilnotiziario.net\/wp\/wp-json\/wp\/v2\/comments?post=146113"}],"version-history":[{"count":0,"href":"https:\/\/www.ilnotiziario.net\/wp\/wp-json\/wp\/v2\/posts\/146113\/revisions"}],"wp:featuredmedia":[{"embeddable":true,"href":"https:\/\/www.ilnotiziario.net\/wp\/wp-json\/wp\/v2\/media\/146114"}],"wp:attachment":[{"href":"https:\/\/www.ilnotiziario.net\/wp\/wp-json\/wp\/v2\/media?parent=146113"}],"wp:term":[{"taxonomy":"category","embeddable":true,"href":"https:\/\/www.ilnotiziario.net\/wp\/wp-json\/wp\/v2\/categories?post=146113"},{"taxonomy":"post_tag","embeddable":true,"href":"https:\/\/www.ilnotiziario.net\/wp\/wp-json\/wp\/v2\/tags?post=146113"}],"curies":[{"name":"wp","href":"https:\/\/api.w.org\/{rel}","templated":true}]}}