{"id":146189,"date":"2021-01-04T13:28:46","date_gmt":"2021-01-04T12:28:46","guid":{"rendered":"https:\/\/www.ilnotiziario.net\/wp\/?p=146189"},"modified":"2021-01-04T13:28:46","modified_gmt":"2021-01-04T12:28:46","slug":"arese-dimissioni-assessore-augurusa","status":"publish","type":"post","link":"https:\/\/www.ilnotiziario.net\/wp\/prima-pagina\/arese-dimissioni-assessore-augurusa\/","title":{"rendered":"Arese, dimissioni in giunta. Se ne va l&#8217;assessore Augurusa: &#8220;Divergenze con il sindaco&#8221;"},"content":{"rendered":"<p><img fetchpriority=\"high\" decoding=\"async\" class=\"size-medium wp-image-146191 alignleft\" src=\"https:\/\/www.ilnotiziario.net\/wp\/wp-content\/uploads\/2021\/01\/dimissioni-arese-assessore-300x169.jpg\" alt=\"\" width=\"300\" height=\"169\" srcset=\"https:\/\/www.ilnotiziario.net\/wp\/wp-content\/uploads\/2021\/01\/dimissioni-arese-assessore-300x169.jpg 300w, https:\/\/www.ilnotiziario.net\/wp\/wp-content\/uploads\/2021\/01\/dimissioni-arese-assessore-1024x576.jpg 1024w, https:\/\/www.ilnotiziario.net\/wp\/wp-content\/uploads\/2021\/01\/dimissioni-arese-assessore-768x432.jpg 768w, https:\/\/www.ilnotiziario.net\/wp\/wp-content\/uploads\/2021\/01\/dimissioni-arese-assessore-1536x864.jpg 1536w, https:\/\/www.ilnotiziario.net\/wp\/wp-content\/uploads\/2021\/01\/dimissioni-arese-assessore-696x392.jpg 696w, https:\/\/www.ilnotiziario.net\/wp\/wp-content\/uploads\/2021\/01\/dimissioni-arese-assessore-1392x783.jpg 1392w, https:\/\/www.ilnotiziario.net\/wp\/wp-content\/uploads\/2021\/01\/dimissioni-arese-assessore-1068x601.jpg 1068w, https:\/\/www.ilnotiziario.net\/wp\/wp-content\/uploads\/2021\/01\/dimissioni-arese-assessore-600x338.jpg 600w, https:\/\/www.ilnotiziario.net\/wp\/wp-content\/uploads\/2021\/01\/dimissioni-arese-assessore-280x158.jpg 280w, https:\/\/www.ilnotiziario.net\/wp\/wp-content\/uploads\/2021\/01\/dimissioni-arese-assessore.jpg 1920w\" sizes=\"(max-width: 300px) 100vw, 300px\" \/>Colpo di scena nella vita politica di Arese. Stamattina alle 12 ha annunciato le sue dimissioni l\u2019assessore della giunta Palestra, Giuseppe Augurusa.<\/p><div id=\"ilnot-70201467\" class=\"ilnot-contenuto ilnot-entity-placement\"><p><!-- incontent_1 --><\/p>\n<div class=\"gptslot\" data-adunitid=\"1\"><\/div>\n<\/div>\n<p>Augurusa non \u00e8 un personaggio qualunque della politica aresina, \u00e8 un vero e proprio punto di riferimento all\u2019interno del Pd, partito i cui numeri sono essenziali per il sindaco Michela Palestra avere la maggioranza in Consiglio comunale. A questo punto occorre capire quali conseguenze avr\u00e0 questa scelta di Augurusa, se cio\u00e8 rimarr\u00e0 una scelta personale o se potr\u00e0 avere conseguenze sulla tenuta della maggioranza di centrosinistra che governa la citt\u00e0. Augurusa intanto, da noi contattato, ci spiega di aver chiesto da tempo un campio di direzione nell\u2019amministrare la citt\u00e0 che non c\u2019\u00e8 stato e dunque ha dovuto trarne le conseguenze.<\/p>\n<p>Ma vediamo che cosa ha scritto l\u2019ex assessore per spiegare le proprie dimissioni.&nbsp;\u201cQuesta mattina ho rassegnato le dimissioni dalla carica di Assessore del Comune di Arese con delega alla Cultura, alle Politiche del lavoro e sviluppo di impresa, alle Societ\u00e0 partecipate e controllate\u201d.<span class=\"Apple-converted-space\">&nbsp;<\/span><\/p><div id=\"ilnot-1978892166\" class=\"ilnot-contenuto_2 ilnot-entity-placement\"><div class=\"ads-wrapper\">\n<div class=\"ad-slot\">\n   <div id=\"ilnot-2986402508\" style=\"margin-right: auto;margin-left: auto;text-align: center;width: 320px;height: 100px;\"><a href=\"https:\/\/www.scuolasicurezza.it\/\"><img decoding=\"async\" src=\"https:\/\/www.ilnotiziario.net\/wp\/wp-content\/uploads\/2026\/04\/IlNotiziario_banner-sito-e-newsletter-320-x-100-px-1.gif\" alt=\"\"><\/a><\/div>\n  <\/div>\n<div class=\"ad-slot\">\n   <div id=\"ilnot-4016512821\" style=\"margin-right: auto;margin-left: auto;text-align: center;width: 320px;height: 100px;\"><a href=\"https:\/\/purodesignarredamenti.com\/\"><img decoding=\"async\" src=\"https:\/\/www.ilnotiziario.net\/wp\/wp-content\/uploads\/2026\/04\/banner-puro-ok.gif\" alt=\"whatsapp\"><\/a><\/div><\/p><\/div>\n<\/div>\n<\/div>\n<p>\u201cDopo oltre dodici anni spesi nella vita pubblica locale e poco meno di otto, a met\u00e0 del secondo mandato, nella funzione di amministratore pubblico, ruolo che credo di aver svolto con onore, abnegazione e spirito di servizio nell\u2019esclusivo interesse della collettivit\u00e0, sono venute meno le ragioni personali e politiche per proseguire questa importante esperienza; in cui ho speso molto e che mi ha dato altrettanto&#8230;\u201d.<\/p>\n<p>\u201cSono state le ragioni politiche a prevalere nella decisione di porre fine a questa lunga pagina, personale non meno che collettiva. Una decisione presa a malincuore a seguito di una progressiva e inarrestabile divaricazione delle opinioni, delle valutazioni e degli orientamenti tra me il Sindaco e la Giunta in questo secondo mandato, a cui hanno corrisposto scelte, atteggiamenti, approcci alla risoluzione dei problemi diversi&#8230;\u201d.<\/p>\n<p>\u201cUn clima che non ha tuttavia impedito al Partito Democratico, che ringrazio, di cercare pur non riuscendovi, la ricomposizione di una frattura nell\u2019interesse dell\u2019Amministrazione pubblica, della nostra comunit\u00e0 politica e, forse, anche del progetto politico futuro verso il 2023. Un appello quello del PD locale che affonda nella nostra storia comune e guarda al futuro prossimo, del tutto inascoltato e che ha finito per risolversi nella presa d\u2019atto di una separazione \u201cconsensuale\u201d&#8230;\u201d.<\/p><div id=\"ilnot-3694378630\" class=\"ilnot-contenuto_2-2 ilnot-entity-placement\"><div class=\"gptslot\" data-adunitid=\"2\"><\/div>\n<\/div>\n<p>\u201cContinuo a pensare che la Giunta sia un organismo collegiale dove non servono n\u00e9 atti di fedelt\u00e0 n\u00e9 cerchi magici, ma pi\u00f9 semplicemente lealt\u00e0 e rapporto dialettico che garantiscano tanto la libera espressione quanto l\u2019efficacia dell\u2019iniziativa politico amministrativa. Continuo a credere che i consiglieri comunali che sostengono la Giunta, non siano delle stampelle a cui \u00e8 demandato il solo esercizio del voto, bens\u00ec un prezioso organismo di elaborazione ed orientamento politico delle scelte amministrative, chiamato preferibilmente ex ante e non ex post. Continuo a ritenere che le risorse pubbliche di sussidio debbano essere sempre erogate secondo principi di equit\u00e0 oggettivi anche, ed a maggior ragione, nelle situazioni di emergenza. Continuo a considerare le Societ\u00e0 controllate e partecipate, i loro organi di Governo, non come avversari da blandire o controllare manu militari, ma collaboratori di un sistema pi\u00f9 vasto dell\u2019Ente locale\u2026 Continuo a preferire infine, amministratori che si sforzino di essere, oltrech\u00e9 apparire, davvero indipendenti, rifuggendo la tentazione narcisistica a ricoprire ruoli altri in organismi di governo esterni che possano determinare potenziali conflitti d\u2019interesse, non perch\u00e9 vietato, ma perch\u00e9 inopportuno\u201d.<\/p>\n<p>Augurusa conclude ringraziando chi negli anni ha collaborato con lui e annuncia che continuer\u00e0 a occuparsi di politica \u201cin altre forme e con altri mezzi\u201d.<\/p>\n","protected":false},"excerpt":{"rendered":"<p>Colpo di scena nella vita politica di Arese. Stamattina alle 12 ha annunciato le sue dimissioni l\u2019assessore della giunta Palestra, Giuseppe Augurusa. Augurusa non \u00e8 un personaggio qualunque della politica aresina, \u00e8 un vero e proprio punto di riferimento all\u2019interno del Pd, partito i cui numeri sono essenziali per il sindaco Michela Palestra avere la<\/p>\n","protected":false},"author":7,"featured_media":146191,"comment_status":"closed","ping_status":"closed","sticky":false,"template":"","format":"standard","meta":{"footnotes":""},"categories":[8,20],"tags":[115,288,1089],"class_list":{"0":"post-146189","1":"post","2":"type-post","3":"status-publish","4":"format-standard","5":"has-post-thumbnail","7":"category-bollatese","8":"category-prima-pagina","9":"tag-arese","10":"tag-assessore","11":"tag-dimissioni"},"yoast_head":"<!-- This site is optimized with the Yoast SEO plugin v27.5 - https:\/\/yoast.com\/product\/yoast-seo-wordpress\/ -->\n<title>Arese, dimissioni in giunta. Se ne va l&#039;assessore Augurusa: &quot;Divergenze con il sindaco&quot;<\/title>\n<meta name=\"description\" content=\"Colpo di scena nella vita politica di Arese. Stamattina alle 12 ha annunciato le sue dimissioni l\u2019assessore della giunta Palestra, Giuseppe Augurusa.\" \/>\n<meta name=\"robots\" content=\"index, follow, max-snippet:-1, max-image-preview:large, max-video-preview:-1\" \/>\n<link rel=\"canonical\" href=\"https:\/\/www.ilnotiziario.net\/wp\/prima-pagina\/arese-dimissioni-assessore-augurusa\/\" \/>\n<meta property=\"og:locale\" content=\"it_IT\" \/>\n<meta property=\"og:type\" content=\"article\" \/>\n<meta property=\"og:title\" content=\"Arese, dimissioni in giunta. Se ne va l&#039;assessore Augurusa: &quot;Divergenze con il sindaco&quot;\" \/>\n<meta property=\"og:description\" content=\"Colpo di scena nella vita politica di Arese. Stamattina alle 12 ha annunciato le sue dimissioni l\u2019assessore della giunta Palestra, Giuseppe Augurusa.\" \/>\n<meta property=\"og:url\" content=\"https:\/\/www.ilnotiziario.net\/wp\/prima-pagina\/arese-dimissioni-assessore-augurusa\/\" \/>\n<meta property=\"og:site_name\" content=\"Il Notiziario\" \/>\n<meta property=\"article:publisher\" content=\"https:\/\/www.facebook.com\/ilnotiziarioind\/\" \/>\n<meta property=\"article:published_time\" content=\"2021-01-04T12:28:46+00:00\" \/>\n<meta property=\"og:image\" content=\"https:\/\/www.ilnotiziario.net\/wp\/wp-content\/uploads\/2021\/01\/dimissioni-arese-assessore.jpg\" \/>\n\t<meta property=\"og:image:width\" content=\"1920\" \/>\n\t<meta property=\"og:image:height\" content=\"1080\" \/>\n\t<meta property=\"og:image:type\" content=\"image\/jpeg\" \/>\n<meta name=\"author\" content=\"Simone Carcano\" \/>\n<meta name=\"twitter:card\" content=\"summary_large_image\" \/>\n<meta name=\"twitter:creator\" content=\"@simone_carcano\" \/>\n<meta name=\"twitter:site\" content=\"@ilNotiziarioInd\" \/>\n<meta name=\"twitter:label1\" content=\"Scritto da\" \/>\n\t<meta name=\"twitter:data1\" content=\"Simone Carcano\" \/>\n\t<meta name=\"twitter:label2\" content=\"Tempo di lettura stimato\" \/>\n\t<meta name=\"twitter:data2\" content=\"3 minuti\" \/>\n<script type=\"application\/ld+json\" class=\"yoast-schema-graph\">{\"@context\":\"https:\\\/\\\/schema.org\",\"@graph\":[{\"@type\":\"Article\",\"@id\":\"https:\\\/\\\/www.ilnotiziario.net\\\/wp\\\/prima-pagina\\\/arese-dimissioni-assessore-augurusa\\\/#article\",\"isPartOf\":{\"@id\":\"https:\\\/\\\/www.ilnotiziario.net\\\/wp\\\/prima-pagina\\\/arese-dimissioni-assessore-augurusa\\\/\"},\"author\":{\"name\":\"Simone Carcano\",\"@id\":\"https:\\\/\\\/www.ilnotiziario.net\\\/wp\\\/#\\\/schema\\\/person\\\/c218ad0865f96bfe2c1c2cfa719653f7\"},\"headline\":\"Arese, dimissioni in giunta. Se ne va l&#8217;assessore Augurusa: &#8220;Divergenze con il sindaco&#8221;\",\"datePublished\":\"2021-01-04T12:28:46+00:00\",\"mainEntityOfPage\":{\"@id\":\"https:\\\/\\\/www.ilnotiziario.net\\\/wp\\\/prima-pagina\\\/arese-dimissioni-assessore-augurusa\\\/\"},\"wordCount\":594,\"publisher\":{\"@id\":\"https:\\\/\\\/www.ilnotiziario.net\\\/wp\\\/#organization\"},\"image\":{\"@id\":\"https:\\\/\\\/www.ilnotiziario.net\\\/wp\\\/prima-pagina\\\/arese-dimissioni-assessore-augurusa\\\/#primaryimage\"},\"thumbnailUrl\":\"https:\\\/\\\/www.ilnotiziario.net\\\/wp\\\/wp-content\\\/uploads\\\/2021\\\/01\\\/dimissioni-arese-assessore.jpg\",\"keywords\":[\"Arese\",\"assessore\",\"dimissioni\"],\"articleSection\":[\"BOLLATESE\",\"Prima Pagina\"],\"inLanguage\":\"it-IT\"},{\"@type\":\"WebPage\",\"@id\":\"https:\\\/\\\/www.ilnotiziario.net\\\/wp\\\/prima-pagina\\\/arese-dimissioni-assessore-augurusa\\\/\",\"url\":\"https:\\\/\\\/www.ilnotiziario.net\\\/wp\\\/prima-pagina\\\/arese-dimissioni-assessore-augurusa\\\/\",\"name\":\"Arese, dimissioni in giunta. Se ne va l'assessore Augurusa: \\\"Divergenze con il sindaco\\\"\",\"isPartOf\":{\"@id\":\"https:\\\/\\\/www.ilnotiziario.net\\\/wp\\\/#website\"},\"primaryImageOfPage\":{\"@id\":\"https:\\\/\\\/www.ilnotiziario.net\\\/wp\\\/prima-pagina\\\/arese-dimissioni-assessore-augurusa\\\/#primaryimage\"},\"image\":{\"@id\":\"https:\\\/\\\/www.ilnotiziario.net\\\/wp\\\/prima-pagina\\\/arese-dimissioni-assessore-augurusa\\\/#primaryimage\"},\"thumbnailUrl\":\"https:\\\/\\\/www.ilnotiziario.net\\\/wp\\\/wp-content\\\/uploads\\\/2021\\\/01\\\/dimissioni-arese-assessore.jpg\",\"datePublished\":\"2021-01-04T12:28:46+00:00\",\"description\":\"Colpo di scena nella vita politica di Arese. Stamattina alle 12 ha annunciato le sue dimissioni l\u2019assessore della giunta Palestra, Giuseppe Augurusa.\",\"breadcrumb\":{\"@id\":\"https:\\\/\\\/www.ilnotiziario.net\\\/wp\\\/prima-pagina\\\/arese-dimissioni-assessore-augurusa\\\/#breadcrumb\"},\"inLanguage\":\"it-IT\",\"potentialAction\":[{\"@type\":\"ReadAction\",\"target\":[\"https:\\\/\\\/www.ilnotiziario.net\\\/wp\\\/prima-pagina\\\/arese-dimissioni-assessore-augurusa\\\/\"]}]},{\"@type\":\"ImageObject\",\"inLanguage\":\"it-IT\",\"@id\":\"https:\\\/\\\/www.ilnotiziario.net\\\/wp\\\/prima-pagina\\\/arese-dimissioni-assessore-augurusa\\\/#primaryimage\",\"url\":\"https:\\\/\\\/www.ilnotiziario.net\\\/wp\\\/wp-content\\\/uploads\\\/2021\\\/01\\\/dimissioni-arese-assessore.jpg\",\"contentUrl\":\"https:\\\/\\\/www.ilnotiziario.net\\\/wp\\\/wp-content\\\/uploads\\\/2021\\\/01\\\/dimissioni-arese-assessore.jpg\",\"width\":1920,\"height\":1080},{\"@type\":\"BreadcrumbList\",\"@id\":\"https:\\\/\\\/www.ilnotiziario.net\\\/wp\\\/prima-pagina\\\/arese-dimissioni-assessore-augurusa\\\/#breadcrumb\",\"itemListElement\":[{\"@type\":\"ListItem\",\"position\":1,\"name\":\"tds_text_logo_tagline_colortds_text_logo_tagline_colortds_text_logo_tagline_colortds_text_logo_tagline_colortd_module_7_title_excerpttd_module_7_title_excerpttd_module_7_title_excerpttd_module_7_title_excerptHome\",\"item\":\"https:\\\/\\\/www.ilnotiziario.net\\\/wp\\\/\"},{\"@type\":\"ListItem\",\"position\":2,\"name\":\"Arese, dimissioni in giunta. Se ne va l&#8217;assessore Augurusa: &#8220;Divergenze con il sindaco&#8221;\"}]},{\"@type\":\"WebSite\",\"@id\":\"https:\\\/\\\/www.ilnotiziario.net\\\/wp\\\/#website\",\"url\":\"https:\\\/\\\/www.ilnotiziario.net\\\/wp\\\/\",\"name\":\"Il Notiziario\",\"description\":\"Per restare sempre connessi alla notizia\",\"publisher\":{\"@id\":\"https:\\\/\\\/www.ilnotiziario.net\\\/wp\\\/#organization\"},\"alternateName\":\"Il Notiziario Bollate\",\"potentialAction\":[{\"@type\":\"SearchAction\",\"target\":{\"@type\":\"EntryPoint\",\"urlTemplate\":\"https:\\\/\\\/www.ilnotiziario.net\\\/wp\\\/?s={search_term_string}\"},\"query-input\":{\"@type\":\"PropertyValueSpecification\",\"valueRequired\":true,\"valueName\":\"search_term_string\"}}],\"inLanguage\":\"it-IT\"},{\"@type\":\"Organization\",\"@id\":\"https:\\\/\\\/www.ilnotiziario.net\\\/wp\\\/#organization\",\"name\":\"Il Notiziario\",\"url\":\"https:\\\/\\\/www.ilnotiziario.net\\\/wp\\\/\",\"logo\":{\"@type\":\"ImageObject\",\"inLanguage\":\"it-IT\",\"@id\":\"https:\\\/\\\/www.ilnotiziario.net\\\/wp\\\/#\\\/schema\\\/logo\\\/image\\\/\",\"url\":\"https:\\\/\\\/www.ilnotiziario.net\\\/wp\\\/wp-content\\\/uploads\\\/2022\\\/06\\\/170x170ilN.png\",\"contentUrl\":\"https:\\\/\\\/www.ilnotiziario.net\\\/wp\\\/wp-content\\\/uploads\\\/2022\\\/06\\\/170x170ilN.png\",\"width\":355,\"height\":355,\"caption\":\"Il Notiziario\"},\"image\":{\"@id\":\"https:\\\/\\\/www.ilnotiziario.net\\\/wp\\\/#\\\/schema\\\/logo\\\/image\\\/\"},\"sameAs\":[\"https:\\\/\\\/www.facebook.com\\\/ilnotiziarioind\\\/\",\"https:\\\/\\\/x.com\\\/ilNotiziarioInd\",\"https:\\\/\\\/www.instagram.com\\\/ilnotiziario_settimanale\\\/\"]},{\"@type\":\"Person\",\"@id\":\"https:\\\/\\\/www.ilnotiziario.net\\\/wp\\\/#\\\/schema\\\/person\\\/c218ad0865f96bfe2c1c2cfa719653f7\",\"name\":\"Simone Carcano\",\"image\":{\"@type\":\"ImageObject\",\"inLanguage\":\"it-IT\",\"@id\":\"https:\\\/\\\/secure.gravatar.com\\\/avatar\\\/5e677023cff2c47e9f7a896b9157a46e18bd36e7c4d000a1726bb730be7d38bb?s=96&d=mm&r=g\",\"url\":\"https:\\\/\\\/secure.gravatar.com\\\/avatar\\\/5e677023cff2c47e9f7a896b9157a46e18bd36e7c4d000a1726bb730be7d38bb?s=96&d=mm&r=g\",\"contentUrl\":\"https:\\\/\\\/secure.gravatar.com\\\/avatar\\\/5e677023cff2c47e9f7a896b9157a46e18bd36e7c4d000a1726bb730be7d38bb?s=96&d=mm&r=g\",\"caption\":\"Simone Carcano\"},\"sameAs\":[\"http:\\\/\\\/www.ilnotiziario.net\",\"https:\\\/\\\/x.com\\\/@simone_carcano\"]}]}<\/script>\n<!-- \/ Yoast SEO plugin. -->","yoast_head_json":{"title":"Arese, dimissioni in giunta. Se ne va l'assessore Augurusa: \"Divergenze con il sindaco\"","description":"Colpo di scena nella vita politica di Arese. Stamattina alle 12 ha annunciato le sue dimissioni l\u2019assessore della giunta Palestra, Giuseppe Augurusa.","robots":{"index":"index","follow":"follow","max-snippet":"max-snippet:-1","max-image-preview":"max-image-preview:large","max-video-preview":"max-video-preview:-1"},"canonical":"https:\/\/www.ilnotiziario.net\/wp\/prima-pagina\/arese-dimissioni-assessore-augurusa\/","og_locale":"it_IT","og_type":"article","og_title":"Arese, dimissioni in giunta. Se ne va l'assessore Augurusa: \"Divergenze con il sindaco\"","og_description":"Colpo di scena nella vita politica di Arese. Stamattina alle 12 ha annunciato le sue dimissioni l\u2019assessore della giunta Palestra, Giuseppe Augurusa.","og_url":"https:\/\/www.ilnotiziario.net\/wp\/prima-pagina\/arese-dimissioni-assessore-augurusa\/","og_site_name":"Il Notiziario","article_publisher":"https:\/\/www.facebook.com\/ilnotiziarioind\/","article_published_time":"2021-01-04T12:28:46+00:00","og_image":[{"width":1920,"height":1080,"url":"https:\/\/www.ilnotiziario.net\/wp\/wp-content\/uploads\/2021\/01\/dimissioni-arese-assessore.jpg","type":"image\/jpeg"}],"author":"Simone Carcano","twitter_card":"summary_large_image","twitter_creator":"@simone_carcano","twitter_site":"@ilNotiziarioInd","twitter_misc":{"Scritto da":"Simone Carcano","Tempo di lettura stimato":"3 minuti"},"schema":{"@context":"https:\/\/schema.org","@graph":[{"@type":"Article","@id":"https:\/\/www.ilnotiziario.net\/wp\/prima-pagina\/arese-dimissioni-assessore-augurusa\/#article","isPartOf":{"@id":"https:\/\/www.ilnotiziario.net\/wp\/prima-pagina\/arese-dimissioni-assessore-augurusa\/"},"author":{"name":"Simone Carcano","@id":"https:\/\/www.ilnotiziario.net\/wp\/#\/schema\/person\/c218ad0865f96bfe2c1c2cfa719653f7"},"headline":"Arese, dimissioni in giunta. Se ne va l&#8217;assessore Augurusa: &#8220;Divergenze con il sindaco&#8221;","datePublished":"2021-01-04T12:28:46+00:00","mainEntityOfPage":{"@id":"https:\/\/www.ilnotiziario.net\/wp\/prima-pagina\/arese-dimissioni-assessore-augurusa\/"},"wordCount":594,"publisher":{"@id":"https:\/\/www.ilnotiziario.net\/wp\/#organization"},"image":{"@id":"https:\/\/www.ilnotiziario.net\/wp\/prima-pagina\/arese-dimissioni-assessore-augurusa\/#primaryimage"},"thumbnailUrl":"https:\/\/www.ilnotiziario.net\/wp\/wp-content\/uploads\/2021\/01\/dimissioni-arese-assessore.jpg","keywords":["Arese","assessore","dimissioni"],"articleSection":["BOLLATESE","Prima Pagina"],"inLanguage":"it-IT"},{"@type":"WebPage","@id":"https:\/\/www.ilnotiziario.net\/wp\/prima-pagina\/arese-dimissioni-assessore-augurusa\/","url":"https:\/\/www.ilnotiziario.net\/wp\/prima-pagina\/arese-dimissioni-assessore-augurusa\/","name":"Arese, dimissioni in giunta. Se ne va l'assessore Augurusa: \"Divergenze con il sindaco\"","isPartOf":{"@id":"https:\/\/www.ilnotiziario.net\/wp\/#website"},"primaryImageOfPage":{"@id":"https:\/\/www.ilnotiziario.net\/wp\/prima-pagina\/arese-dimissioni-assessore-augurusa\/#primaryimage"},"image":{"@id":"https:\/\/www.ilnotiziario.net\/wp\/prima-pagina\/arese-dimissioni-assessore-augurusa\/#primaryimage"},"thumbnailUrl":"https:\/\/www.ilnotiziario.net\/wp\/wp-content\/uploads\/2021\/01\/dimissioni-arese-assessore.jpg","datePublished":"2021-01-04T12:28:46+00:00","description":"Colpo di scena nella vita politica di Arese. Stamattina alle 12 ha annunciato le sue dimissioni l\u2019assessore della giunta Palestra, Giuseppe Augurusa.","breadcrumb":{"@id":"https:\/\/www.ilnotiziario.net\/wp\/prima-pagina\/arese-dimissioni-assessore-augurusa\/#breadcrumb"},"inLanguage":"it-IT","potentialAction":[{"@type":"ReadAction","target":["https:\/\/www.ilnotiziario.net\/wp\/prima-pagina\/arese-dimissioni-assessore-augurusa\/"]}]},{"@type":"ImageObject","inLanguage":"it-IT","@id":"https:\/\/www.ilnotiziario.net\/wp\/prima-pagina\/arese-dimissioni-assessore-augurusa\/#primaryimage","url":"https:\/\/www.ilnotiziario.net\/wp\/wp-content\/uploads\/2021\/01\/dimissioni-arese-assessore.jpg","contentUrl":"https:\/\/www.ilnotiziario.net\/wp\/wp-content\/uploads\/2021\/01\/dimissioni-arese-assessore.jpg","width":1920,"height":1080},{"@type":"BreadcrumbList","@id":"https:\/\/www.ilnotiziario.net\/wp\/prima-pagina\/arese-dimissioni-assessore-augurusa\/#breadcrumb","itemListElement":[{"@type":"ListItem","position":1,"name":"tds_text_logo_tagline_colortds_text_logo_tagline_colortds_text_logo_tagline_colortds_text_logo_tagline_colortd_module_7_title_excerpttd_module_7_title_excerpttd_module_7_title_excerpttd_module_7_title_excerptHome","item":"https:\/\/www.ilnotiziario.net\/wp\/"},{"@type":"ListItem","position":2,"name":"Arese, dimissioni in giunta. Se ne va l&#8217;assessore Augurusa: &#8220;Divergenze con il sindaco&#8221;"}]},{"@type":"WebSite","@id":"https:\/\/www.ilnotiziario.net\/wp\/#website","url":"https:\/\/www.ilnotiziario.net\/wp\/","name":"Il Notiziario","description":"Per restare sempre connessi alla notizia","publisher":{"@id":"https:\/\/www.ilnotiziario.net\/wp\/#organization"},"alternateName":"Il Notiziario Bollate","potentialAction":[{"@type":"SearchAction","target":{"@type":"EntryPoint","urlTemplate":"https:\/\/www.ilnotiziario.net\/wp\/?s={search_term_string}"},"query-input":{"@type":"PropertyValueSpecification","valueRequired":true,"valueName":"search_term_string"}}],"inLanguage":"it-IT"},{"@type":"Organization","@id":"https:\/\/www.ilnotiziario.net\/wp\/#organization","name":"Il Notiziario","url":"https:\/\/www.ilnotiziario.net\/wp\/","logo":{"@type":"ImageObject","inLanguage":"it-IT","@id":"https:\/\/www.ilnotiziario.net\/wp\/#\/schema\/logo\/image\/","url":"https:\/\/www.ilnotiziario.net\/wp\/wp-content\/uploads\/2022\/06\/170x170ilN.png","contentUrl":"https:\/\/www.ilnotiziario.net\/wp\/wp-content\/uploads\/2022\/06\/170x170ilN.png","width":355,"height":355,"caption":"Il Notiziario"},"image":{"@id":"https:\/\/www.ilnotiziario.net\/wp\/#\/schema\/logo\/image\/"},"sameAs":["https:\/\/www.facebook.com\/ilnotiziarioind\/","https:\/\/x.com\/ilNotiziarioInd","https:\/\/www.instagram.com\/ilnotiziario_settimanale\/"]},{"@type":"Person","@id":"https:\/\/www.ilnotiziario.net\/wp\/#\/schema\/person\/c218ad0865f96bfe2c1c2cfa719653f7","name":"Simone Carcano","image":{"@type":"ImageObject","inLanguage":"it-IT","@id":"https:\/\/secure.gravatar.com\/avatar\/5e677023cff2c47e9f7a896b9157a46e18bd36e7c4d000a1726bb730be7d38bb?s=96&d=mm&r=g","url":"https:\/\/secure.gravatar.com\/avatar\/5e677023cff2c47e9f7a896b9157a46e18bd36e7c4d000a1726bb730be7d38bb?s=96&d=mm&r=g","contentUrl":"https:\/\/secure.gravatar.com\/avatar\/5e677023cff2c47e9f7a896b9157a46e18bd36e7c4d000a1726bb730be7d38bb?s=96&d=mm&r=g","caption":"Simone Carcano"},"sameAs":["http:\/\/www.ilnotiziario.net","https:\/\/x.com\/@simone_carcano"]}]}},"_links":{"self":[{"href":"https:\/\/www.ilnotiziario.net\/wp\/wp-json\/wp\/v2\/posts\/146189","targetHints":{"allow":["GET"]}}],"collection":[{"href":"https:\/\/www.ilnotiziario.net\/wp\/wp-json\/wp\/v2\/posts"}],"about":[{"href":"https:\/\/www.ilnotiziario.net\/wp\/wp-json\/wp\/v2\/types\/post"}],"author":[{"embeddable":true,"href":"https:\/\/www.ilnotiziario.net\/wp\/wp-json\/wp\/v2\/users\/7"}],"replies":[{"embeddable":true,"href":"https:\/\/www.ilnotiziario.net\/wp\/wp-json\/wp\/v2\/comments?post=146189"}],"version-history":[{"count":0,"href":"https:\/\/www.ilnotiziario.net\/wp\/wp-json\/wp\/v2\/posts\/146189\/revisions"}],"wp:featuredmedia":[{"embeddable":true,"href":"https:\/\/www.ilnotiziario.net\/wp\/wp-json\/wp\/v2\/media\/146191"}],"wp:attachment":[{"href":"https:\/\/www.ilnotiziario.net\/wp\/wp-json\/wp\/v2\/media?parent=146189"}],"wp:term":[{"taxonomy":"category","embeddable":true,"href":"https:\/\/www.ilnotiziario.net\/wp\/wp-json\/wp\/v2\/categories?post=146189"},{"taxonomy":"post_tag","embeddable":true,"href":"https:\/\/www.ilnotiziario.net\/wp\/wp-json\/wp\/v2\/tags?post=146189"}],"curies":[{"name":"wp","href":"https:\/\/api.w.org\/{rel}","templated":true}]}}