{"id":147442,"date":"2021-02-04T17:29:26","date_gmt":"2021-02-04T16:29:26","guid":{"rendered":"https:\/\/www.ilnotiziario.net\/wp\/?p=147442"},"modified":"2021-02-04T17:39:00","modified_gmt":"2021-02-04T16:39:00","slug":"giornata-mondiale-cancro-saronno-allarme","status":"publish","type":"post","link":"https:\/\/www.ilnotiziario.net\/wp\/saronnese\/giornata-mondiale-cancro-saronno-allarme\/","title":{"rendered":"Giornata mondiale contro il cancro, l&#8217;allarme dell&#8217;oncologo Verusio sull&#8217;ospedale di Saronno"},"content":{"rendered":"<figure id=\"attachment_147448\" aria-describedby=\"caption-attachment-147448\" style=\"width: 300px\" class=\"wp-caption aligncenter\"><img fetchpriority=\"high\" decoding=\"async\" class=\"wp-image-147448 size-medium\" src=\"https:\/\/www.ilnotiziario.net\/wp\/wp-content\/uploads\/2021\/02\/Verusio-300x300.png\" alt=\"verusio oncologo saronno\" width=\"300\" height=\"300\" srcset=\"https:\/\/www.ilnotiziario.net\/wp\/wp-content\/uploads\/2021\/02\/Verusio-300x300.png 300w, https:\/\/www.ilnotiziario.net\/wp\/wp-content\/uploads\/2021\/02\/Verusio-150x150.png 150w, https:\/\/www.ilnotiziario.net\/wp\/wp-content\/uploads\/2021\/02\/Verusio.png 640w\" sizes=\"(max-width: 300px) 100vw, 300px\" \/><figcaption id=\"caption-attachment-147448\" class=\"wp-caption-text\">Claudio Verusio, oncologo<\/figcaption><\/figure>\n<p>\u201cIo sono, io sar\u00f2\u201d (dall\u2019inglese <em>\u201cI am, I will\u201d<\/em>) \u00e8 lo slogan scelto anche quest\u2019anno per la <strong>Giornata Mondiale Contro il Cancro<\/strong>, promossa dall\u2019Union for International Cancer Control e celebrata oggi 4 febbraio. Il World Cancer Day, come riporta l\u2019UICC, \u00e8 dedicato al coraggio delle persone che convivono con il cancro e alle loro famiglie, ma anche agli infermieri, ai medici, ai ricercatori e ai volontari che si prendono cura dei pazienti e che lavorano per loro. Un anno difficile per i pazienti oncologici che, a causa del Covid, hanno visto una significativa diminuzione dei posti letto cos\u00ec come del personale specializzato, impegnato in prima linea per fronteggiare la pandemia. In un\u2019intervista esclusiva a \u201cIl Notiziario\u201d, il dottor <strong>Claudio Verusio<\/strong>, direttore del reparto di oncologia all\u2019ospedale di Saronno, traccia un bilancio.<\/p><div id=\"ilnot-3159389087\" class=\"ilnot-contenuto ilnot-entity-placement\"><p><!-- incontent_1 --><\/p>\n<div class=\"gptslot\" data-adunitid=\"1\"><\/div>\n<\/div>\n<p><strong>Dottor Verusio, oggi \u00e8 la Giornata Mondiale contro il Cancro ed \u00e8 passato un anno esatto da quando \u00e8 scoppiata la pandemia di Covid-19 in Italia. Come l&#8217;hanno vissuto i pazienti oncologici? <\/strong><\/p>\n<p><strong>\u00ab<\/strong>In un anno in cui dal punto di vista oncologico dovevamo vedere risultati importanti perch\u00e9 la ricerca basata sulla biologia molecolare sta portando alla clinica importantissime novit\u00e0, come le terapie per i vari tumori solidi, purtroppo <strong>dal punto di vista assistenziale quest\u2019anno \u00e8 stato molto duro<\/strong>. Sono stati chiusi reparti di degenza oncologica con grande difficolt\u00e0 per i pazienti. Nel reparto di oncologia all\u2019ospedale di Saronno di norma ho a disposizione 18 letti di degenza: proprio l\u2019altro giorno cercavo disperatamente un posto, tutti occupati da pazienti Covid\u00bb.<\/p><div id=\"ilnot-1635059581\" class=\"ilnot-contenuto_2 ilnot-entity-placement\"><div class=\"ads-wrapper\">\n<div class=\"ad-slot\">\n   <div id=\"ilnot-3898428448\" style=\"margin-right: auto;margin-left: auto;text-align: center;width: 320px;height: 100px;\"><a href=\"https:\/\/www.scuolasicurezza.it\/\"><img decoding=\"async\" src=\"https:\/\/www.ilnotiziario.net\/wp\/wp-content\/uploads\/2026\/04\/IlNotiziario_banner-sito-e-newsletter-320-x-100-px-1.gif\" alt=\"\"><\/a><\/div>\n  <\/div>\n<div class=\"ad-slot\">\n   <div id=\"ilnot-46108379\" style=\"margin-right: auto;margin-left: auto;text-align: center;width: 320px;height: 100px;\"><a href=\"https:\/\/purodesignarredamenti.com\/\"><img decoding=\"async\" src=\"https:\/\/www.ilnotiziario.net\/wp\/wp-content\/uploads\/2026\/04\/banner-puro-ok.gif\" alt=\"whatsapp\"><\/a><\/div><\/p><\/div>\n<\/div>\n<\/div>\n<p><strong>A Saronno la situazione nei reparti sembra sempre pi\u00f9 problematica. Perch\u00e9? <\/strong><\/p>\n<p>\u00abIl Covid ha determinato l\u2019occupazione delle terapie intensive per cui non c\u2019\u00e8 la disponibilit\u00e0 di anestesisti. Ricordo una seduta, qualche settimana fa, che prevedeva 8 interventi di tumore alla mammella ed \u00e8 stata annullata dalla sera alla mattina perch\u00e9 <strong>mancavano gli anestesisti di terapia intensiva<\/strong>. Capisco assolutamente la necessit\u00e0 di combattere l&#8217;epidemia ma c\u2019\u00e8 stata una tale invasione negli ospedali dei pazienti Covid, alcuni dei quali potevano essere curati a casa, che \u00e8 stata completamente stravolta l\u2019attivit\u00e0 ospedaliera con grave danno per i pazienti, soprattutto oncologici e cardiologici\u00bb.<\/p>\n<p><strong>Ha riscontrato problemi anche per i trattamenti post-operatori? Penso ad esempio alle chemioterapie\u00a0<\/strong><\/p><div id=\"ilnot-691819730\" class=\"ilnot-contenuto_2-2 ilnot-entity-placement\"><div class=\"gptslot\" data-adunitid=\"2\"><\/div>\n<\/div>\n<p>\u00abC\u2019\u00e8 stato molto ritardo a livello diagnostico, in pratica sono stati sospesi gli screening. \u00c8 stata ritardata la possibilit\u00e0 diagnostica, con effetti sugli interventi chirurgici e dunque sono state compromesse anche le terapie post-chirurgiche. I <em>follow up<\/em> (i controlli periodici) sono stati completamente annullati. La <strong>totale assenza di<\/strong> <strong>medicina del territorio<\/strong> non ha consentito di gestire i pazienti Covid a casa. I medici sono stati costretti a curarli in pronto soccorso togliendo posto a situazioni cliniche che si potevano trattare solo in ospedale come gli interventi di rimozione del tumore alla mammella, al polmone o la chemioterapia\u00bb.<\/p>\n<p><strong>Qual \u00e8 la situazione del reparto di oncologia oggi?<\/strong><\/p>\n<p>\u00abNon abbiamo mai smesso di operare. Quando ci hanno detto che veniva chiusa la nostra degenza e dovevamo chiudere anche le specialit\u00e0 ho chiesto di trovare una soluzione alternativa perch\u00e9 <strong>avevamo 500 pazienti oncologici in trattamento attivo<\/strong>. Era impossibile pensare di chiudere dalla sera alla mattina i reparti di oncologia. Per fortuna ho trovato grande disponibilit\u00e0 negli ospedali vicini, a Busto Arsizio ad esempio abbiamo svolto un\u2019attivit\u00e0 quasi normale. Siamo tornati il 30 settembre: oggi il Day Hospital sta lavorando a tempo pieno ma la degenza non \u00e8 stata ancora restituita\u00bb.<\/p><div id=\"ilnot-743159126\" class=\"ilnot-contenuto_2-2-2 ilnot-entity-placement\"><div class=\"gptslot\" data-adunitid=\"3\"><\/div>\n<\/div>\n<p><strong>Cosa pensa della protesta degli infermieri e degli anestesisti che qualche settimana fa hanno fatto un flash mob davanti all\u2019ospedale? <\/strong><\/p>\n<p>\u00abGli anestesisti sono stati gli specialisti pi\u00f9 gravati di lavoro. Assistiamo un po&#8217; ovunque ad una carenza drammatica di anestesisti. A Saronno la situazione si \u00e8 rivelata particolarmente dolorosa. Ci sono pochi posti di specializzazione. Ci sono tante specialit\u00e0 in cui puoi esercitare la professione anche se non sei ancora specializzato, per gli anestesisti non \u00e8 cos\u00ec\u00bb.<\/p>\n<p><strong>Oggi l\u2019Aifa (Agenzia italiana del farmaco ndr) ha dato il via libera alle terapie con anticorpi monoclonali nella lotta contro il Covid. Crede che questo trattamento possa alleviare il peso sugli ospedali? <\/strong><\/p><div id=\"ilnot-3514705915\" class=\"ilnot-contenuto_2-2-2-2 ilnot-entity-placement\"><div class=\"gptslot\" data-adunitid=\"4\"><\/div>\n<\/div>\n<p>\u00abGli anticorpi monoclonali sono molto importanti perch\u00e9 servono per ridurre la gravit\u00e0 della malattia per\u00f2 devono essere fatti in ambiente ospedaliero. Solo i vaccini possono ridurre le infezioni e in prospettiva alleggerire la pressione sulle strutture ospedaliere\u00bb.<\/p>\n<p><strong>Claudio Agrelli <\/strong><\/p><div id=\"ilnot-4182829959\" class=\"ilnot-contenuto_2-2-2-2-2 ilnot-entity-placement\"><div class=\"gptslot\" data-adunitid=\"5\"><\/div>\n<\/div>\n<p>&nbsp;<\/p>\n","protected":false},"excerpt":{"rendered":"<p>\u201cIo sono, io sar\u00f2\u201d (dall\u2019inglese \u201cI am, I will\u201d) \u00e8 lo slogan scelto anche quest\u2019anno per la Giornata Mondiale Contro il Cancro, promossa dall\u2019Union for International Cancer Control e celebrata oggi 4 febbraio. Il World Cancer Day, come riporta l\u2019UICC, \u00e8 dedicato al coraggio delle persone che convivono con il cancro e alle loro famiglie,<\/p>\n","protected":false},"author":3,"featured_media":147448,"comment_status":"closed","ping_status":"closed","sticky":false,"template":"","format":"standard","meta":{"footnotes":""},"categories":[20,13,14],"tags":[2620,7244,8266,4173,219,4175,2192,56],"class_list":{"0":"post-147442","1":"post","2":"type-post","3":"status-publish","4":"format-standard","5":"has-post-thumbnail","7":"category-prima-pagina","8":"category-saronnese","9":"category-saronno","10":"tag-cancro","11":"tag-covid","12":"tag-giornata-mondiale-contro-il-cancro","13":"tag-oncologia","14":"tag-ospedale","15":"tag-salute","16":"tag-sanita","17":"tag-saronno-2"},"yoast_head":"<!-- This site is optimized with the Yoast SEO plugin v27.4 - https:\/\/yoast.com\/product\/yoast-seo-wordpress\/ -->\n<title>Giornata mondiale contro il cancro, l&#039;allarme dell&#039;oncologo Verusio sull&#039;ospedale di Saronno - Il Notiziario<\/title>\n<meta name=\"description\" content=\"\u201cIo sono, io sar\u00f2\u201d (dall\u2019inglese \u201cI am, I will\u201d) \u00e8 lo slogan scelto anche quest\u2019anno per la Giornata Mondiale Contro il Cancro, promossa dall\u2019Union for\" \/>\n<meta name=\"robots\" content=\"index, follow, max-snippet:-1, max-image-preview:large, max-video-preview:-1\" \/>\n<link rel=\"canonical\" href=\"https:\/\/www.ilnotiziario.net\/wp\/saronnese\/giornata-mondiale-cancro-saronno-allarme\/\" \/>\n<meta property=\"og:locale\" content=\"it_IT\" \/>\n<meta property=\"og:type\" content=\"article\" \/>\n<meta property=\"og:title\" content=\"Giornata mondiale contro il cancro, l&#039;allarme dell&#039;oncologo Verusio sull&#039;ospedale di Saronno - Il Notiziario\" \/>\n<meta property=\"og:description\" content=\"\u201cIo sono, io sar\u00f2\u201d (dall\u2019inglese \u201cI am, I will\u201d) \u00e8 lo slogan scelto anche quest\u2019anno per la Giornata Mondiale Contro il Cancro, promossa dall\u2019Union for\" \/>\n<meta property=\"og:url\" content=\"https:\/\/www.ilnotiziario.net\/wp\/saronnese\/giornata-mondiale-cancro-saronno-allarme\/\" \/>\n<meta property=\"og:site_name\" content=\"Il Notiziario\" \/>\n<meta property=\"article:publisher\" content=\"https:\/\/www.facebook.com\/ilnotiziarioind\/\" \/>\n<meta property=\"article:published_time\" content=\"2021-02-04T16:29:26+00:00\" \/>\n<meta property=\"article:modified_time\" content=\"2021-02-04T16:39:00+00:00\" \/>\n<meta property=\"og:image\" content=\"https:\/\/www.ilnotiziario.net\/wp\/wp-content\/uploads\/2021\/02\/Verusio.png\" \/>\n\t<meta property=\"og:image:width\" content=\"640\" \/>\n\t<meta property=\"og:image:height\" content=\"640\" \/>\n\t<meta property=\"og:image:type\" content=\"image\/png\" \/>\n<meta name=\"author\" content=\"Gabriele Bassani\" \/>\n<meta name=\"twitter:card\" content=\"summary_large_image\" \/>\n<meta name=\"twitter:creator\" content=\"@ilNotiziarioInd\" \/>\n<meta name=\"twitter:site\" content=\"@ilNotiziarioInd\" \/>\n<meta name=\"twitter:label1\" content=\"Scritto da\" \/>\n\t<meta name=\"twitter:data1\" content=\"Gabriele Bassani\" \/>\n\t<meta name=\"twitter:label2\" content=\"Tempo di lettura stimato\" \/>\n\t<meta name=\"twitter:data2\" content=\"4 minuti\" \/>\n<script type=\"application\/ld+json\" class=\"yoast-schema-graph\">{\"@context\":\"https:\\\/\\\/schema.org\",\"@graph\":[{\"@type\":\"Article\",\"@id\":\"https:\\\/\\\/www.ilnotiziario.net\\\/wp\\\/saronnese\\\/giornata-mondiale-cancro-saronno-allarme\\\/#article\",\"isPartOf\":{\"@id\":\"https:\\\/\\\/www.ilnotiziario.net\\\/wp\\\/saronnese\\\/giornata-mondiale-cancro-saronno-allarme\\\/\"},\"author\":{\"name\":\"Gabriele Bassani\",\"@id\":\"https:\\\/\\\/www.ilnotiziario.net\\\/wp\\\/#\\\/schema\\\/person\\\/386e222908f898bb41c033989482bbf2\"},\"headline\":\"Giornata mondiale contro il cancro, l&#8217;allarme dell&#8217;oncologo Verusio sull&#8217;ospedale di Saronno\",\"datePublished\":\"2021-02-04T16:29:26+00:00\",\"dateModified\":\"2021-02-04T16:39:00+00:00\",\"mainEntityOfPage\":{\"@id\":\"https:\\\/\\\/www.ilnotiziario.net\\\/wp\\\/saronnese\\\/giornata-mondiale-cancro-saronno-allarme\\\/\"},\"wordCount\":730,\"publisher\":{\"@id\":\"https:\\\/\\\/www.ilnotiziario.net\\\/wp\\\/#organization\"},\"image\":{\"@id\":\"https:\\\/\\\/www.ilnotiziario.net\\\/wp\\\/saronnese\\\/giornata-mondiale-cancro-saronno-allarme\\\/#primaryimage\"},\"thumbnailUrl\":\"https:\\\/\\\/www.ilnotiziario.net\\\/wp\\\/wp-content\\\/uploads\\\/2021\\\/02\\\/Verusio.png\",\"keywords\":[\"cancro\",\"covid\",\"giornata mondiale contro il cancro\",\"oncologia\",\"ospedale\",\"salute\",\"sanit\u00e0\",\"Saronno\"],\"articleSection\":[\"Prima Pagina\",\"SARONNESE\",\"SARONNO\"],\"inLanguage\":\"it-IT\"},{\"@type\":\"WebPage\",\"@id\":\"https:\\\/\\\/www.ilnotiziario.net\\\/wp\\\/saronnese\\\/giornata-mondiale-cancro-saronno-allarme\\\/\",\"url\":\"https:\\\/\\\/www.ilnotiziario.net\\\/wp\\\/saronnese\\\/giornata-mondiale-cancro-saronno-allarme\\\/\",\"name\":\"Giornata mondiale contro il cancro, l'allarme dell'oncologo Verusio sull'ospedale di Saronno - Il Notiziario\",\"isPartOf\":{\"@id\":\"https:\\\/\\\/www.ilnotiziario.net\\\/wp\\\/#website\"},\"primaryImageOfPage\":{\"@id\":\"https:\\\/\\\/www.ilnotiziario.net\\\/wp\\\/saronnese\\\/giornata-mondiale-cancro-saronno-allarme\\\/#primaryimage\"},\"image\":{\"@id\":\"https:\\\/\\\/www.ilnotiziario.net\\\/wp\\\/saronnese\\\/giornata-mondiale-cancro-saronno-allarme\\\/#primaryimage\"},\"thumbnailUrl\":\"https:\\\/\\\/www.ilnotiziario.net\\\/wp\\\/wp-content\\\/uploads\\\/2021\\\/02\\\/Verusio.png\",\"datePublished\":\"2021-02-04T16:29:26+00:00\",\"dateModified\":\"2021-02-04T16:39:00+00:00\",\"description\":\"\u201cIo sono, io sar\u00f2\u201d (dall\u2019inglese \u201cI am, I will\u201d) \u00e8 lo slogan scelto anche quest\u2019anno per la Giornata Mondiale Contro il Cancro, promossa dall\u2019Union for\",\"breadcrumb\":{\"@id\":\"https:\\\/\\\/www.ilnotiziario.net\\\/wp\\\/saronnese\\\/giornata-mondiale-cancro-saronno-allarme\\\/#breadcrumb\"},\"inLanguage\":\"it-IT\",\"potentialAction\":[{\"@type\":\"ReadAction\",\"target\":[\"https:\\\/\\\/www.ilnotiziario.net\\\/wp\\\/saronnese\\\/giornata-mondiale-cancro-saronno-allarme\\\/\"]}]},{\"@type\":\"ImageObject\",\"inLanguage\":\"it-IT\",\"@id\":\"https:\\\/\\\/www.ilnotiziario.net\\\/wp\\\/saronnese\\\/giornata-mondiale-cancro-saronno-allarme\\\/#primaryimage\",\"url\":\"https:\\\/\\\/www.ilnotiziario.net\\\/wp\\\/wp-content\\\/uploads\\\/2021\\\/02\\\/Verusio.png\",\"contentUrl\":\"https:\\\/\\\/www.ilnotiziario.net\\\/wp\\\/wp-content\\\/uploads\\\/2021\\\/02\\\/Verusio.png\",\"width\":640,\"height\":640,\"caption\":\"verusio oncologo saronno\"},{\"@type\":\"BreadcrumbList\",\"@id\":\"https:\\\/\\\/www.ilnotiziario.net\\\/wp\\\/saronnese\\\/giornata-mondiale-cancro-saronno-allarme\\\/#breadcrumb\",\"itemListElement\":[{\"@type\":\"ListItem\",\"position\":1,\"name\":\"tds_text_logo_tagline_colortds_text_logo_tagline_colortds_text_logo_tagline_colortds_text_logo_tagline_colortd_module_7_title_excerpttd_module_7_title_excerpttd_module_7_title_excerpttd_module_7_title_excerptHome\",\"item\":\"https:\\\/\\\/www.ilnotiziario.net\\\/wp\\\/\"},{\"@type\":\"ListItem\",\"position\":2,\"name\":\"Giornata mondiale contro il cancro, l&#8217;allarme dell&#8217;oncologo Verusio sull&#8217;ospedale di Saronno\"}]},{\"@type\":\"WebSite\",\"@id\":\"https:\\\/\\\/www.ilnotiziario.net\\\/wp\\\/#website\",\"url\":\"https:\\\/\\\/www.ilnotiziario.net\\\/wp\\\/\",\"name\":\"Il Notiziario\",\"description\":\"Per restare sempre connessi alla notizia\",\"publisher\":{\"@id\":\"https:\\\/\\\/www.ilnotiziario.net\\\/wp\\\/#organization\"},\"alternateName\":\"Il Notiziario Bollate\",\"potentialAction\":[{\"@type\":\"SearchAction\",\"target\":{\"@type\":\"EntryPoint\",\"urlTemplate\":\"https:\\\/\\\/www.ilnotiziario.net\\\/wp\\\/?s={search_term_string}\"},\"query-input\":{\"@type\":\"PropertyValueSpecification\",\"valueRequired\":true,\"valueName\":\"search_term_string\"}}],\"inLanguage\":\"it-IT\"},{\"@type\":\"Organization\",\"@id\":\"https:\\\/\\\/www.ilnotiziario.net\\\/wp\\\/#organization\",\"name\":\"Il Notiziario\",\"url\":\"https:\\\/\\\/www.ilnotiziario.net\\\/wp\\\/\",\"logo\":{\"@type\":\"ImageObject\",\"inLanguage\":\"it-IT\",\"@id\":\"https:\\\/\\\/www.ilnotiziario.net\\\/wp\\\/#\\\/schema\\\/logo\\\/image\\\/\",\"url\":\"https:\\\/\\\/www.ilnotiziario.net\\\/wp\\\/wp-content\\\/uploads\\\/2022\\\/06\\\/170x170ilN.png\",\"contentUrl\":\"https:\\\/\\\/www.ilnotiziario.net\\\/wp\\\/wp-content\\\/uploads\\\/2022\\\/06\\\/170x170ilN.png\",\"width\":355,\"height\":355,\"caption\":\"Il Notiziario\"},\"image\":{\"@id\":\"https:\\\/\\\/www.ilnotiziario.net\\\/wp\\\/#\\\/schema\\\/logo\\\/image\\\/\"},\"sameAs\":[\"https:\\\/\\\/www.facebook.com\\\/ilnotiziarioind\\\/\",\"https:\\\/\\\/x.com\\\/ilNotiziarioInd\",\"https:\\\/\\\/www.instagram.com\\\/ilnotiziario_settimanale\\\/\"]},{\"@type\":\"Person\",\"@id\":\"https:\\\/\\\/www.ilnotiziario.net\\\/wp\\\/#\\\/schema\\\/person\\\/386e222908f898bb41c033989482bbf2\",\"name\":\"Gabriele Bassani\",\"image\":{\"@type\":\"ImageObject\",\"inLanguage\":\"it-IT\",\"@id\":\"https:\\\/\\\/secure.gravatar.com\\\/avatar\\\/09274f4a84fa97698bde56f84b3afed61c8492d48b0550db9671b68c177479cb?s=96&d=mm&r=g\",\"url\":\"https:\\\/\\\/secure.gravatar.com\\\/avatar\\\/09274f4a84fa97698bde56f84b3afed61c8492d48b0550db9671b68c177479cb?s=96&d=mm&r=g\",\"contentUrl\":\"https:\\\/\\\/secure.gravatar.com\\\/avatar\\\/09274f4a84fa97698bde56f84b3afed61c8492d48b0550db9671b68c177479cb?s=96&d=mm&r=g\",\"caption\":\"Gabriele Bassani\"},\"sameAs\":[\"http:\\\/\\\/www.ilnotiziario.net\"]}]}<\/script>\n<!-- \/ Yoast SEO plugin. -->","yoast_head_json":{"title":"Giornata mondiale contro il cancro, l'allarme dell'oncologo Verusio sull'ospedale di Saronno - Il Notiziario","description":"\u201cIo sono, io sar\u00f2\u201d (dall\u2019inglese \u201cI am, I will\u201d) \u00e8 lo slogan scelto anche quest\u2019anno per la Giornata Mondiale Contro il Cancro, promossa dall\u2019Union for","robots":{"index":"index","follow":"follow","max-snippet":"max-snippet:-1","max-image-preview":"max-image-preview:large","max-video-preview":"max-video-preview:-1"},"canonical":"https:\/\/www.ilnotiziario.net\/wp\/saronnese\/giornata-mondiale-cancro-saronno-allarme\/","og_locale":"it_IT","og_type":"article","og_title":"Giornata mondiale contro il cancro, l'allarme dell'oncologo Verusio sull'ospedale di Saronno - Il Notiziario","og_description":"\u201cIo sono, io sar\u00f2\u201d (dall\u2019inglese \u201cI am, I will\u201d) \u00e8 lo slogan scelto anche quest\u2019anno per la Giornata Mondiale Contro il Cancro, promossa dall\u2019Union for","og_url":"https:\/\/www.ilnotiziario.net\/wp\/saronnese\/giornata-mondiale-cancro-saronno-allarme\/","og_site_name":"Il Notiziario","article_publisher":"https:\/\/www.facebook.com\/ilnotiziarioind\/","article_published_time":"2021-02-04T16:29:26+00:00","article_modified_time":"2021-02-04T16:39:00+00:00","og_image":[{"width":640,"height":640,"url":"https:\/\/www.ilnotiziario.net\/wp\/wp-content\/uploads\/2021\/02\/Verusio.png","type":"image\/png"}],"author":"Gabriele Bassani","twitter_card":"summary_large_image","twitter_creator":"@ilNotiziarioInd","twitter_site":"@ilNotiziarioInd","twitter_misc":{"Scritto da":"Gabriele Bassani","Tempo di lettura stimato":"4 minuti"},"schema":{"@context":"https:\/\/schema.org","@graph":[{"@type":"Article","@id":"https:\/\/www.ilnotiziario.net\/wp\/saronnese\/giornata-mondiale-cancro-saronno-allarme\/#article","isPartOf":{"@id":"https:\/\/www.ilnotiziario.net\/wp\/saronnese\/giornata-mondiale-cancro-saronno-allarme\/"},"author":{"name":"Gabriele Bassani","@id":"https:\/\/www.ilnotiziario.net\/wp\/#\/schema\/person\/386e222908f898bb41c033989482bbf2"},"headline":"Giornata mondiale contro il cancro, l&#8217;allarme dell&#8217;oncologo Verusio sull&#8217;ospedale di Saronno","datePublished":"2021-02-04T16:29:26+00:00","dateModified":"2021-02-04T16:39:00+00:00","mainEntityOfPage":{"@id":"https:\/\/www.ilnotiziario.net\/wp\/saronnese\/giornata-mondiale-cancro-saronno-allarme\/"},"wordCount":730,"publisher":{"@id":"https:\/\/www.ilnotiziario.net\/wp\/#organization"},"image":{"@id":"https:\/\/www.ilnotiziario.net\/wp\/saronnese\/giornata-mondiale-cancro-saronno-allarme\/#primaryimage"},"thumbnailUrl":"https:\/\/www.ilnotiziario.net\/wp\/wp-content\/uploads\/2021\/02\/Verusio.png","keywords":["cancro","covid","giornata mondiale contro il cancro","oncologia","ospedale","salute","sanit\u00e0","Saronno"],"articleSection":["Prima Pagina","SARONNESE","SARONNO"],"inLanguage":"it-IT"},{"@type":"WebPage","@id":"https:\/\/www.ilnotiziario.net\/wp\/saronnese\/giornata-mondiale-cancro-saronno-allarme\/","url":"https:\/\/www.ilnotiziario.net\/wp\/saronnese\/giornata-mondiale-cancro-saronno-allarme\/","name":"Giornata mondiale contro il cancro, l'allarme dell'oncologo Verusio sull'ospedale di Saronno - Il Notiziario","isPartOf":{"@id":"https:\/\/www.ilnotiziario.net\/wp\/#website"},"primaryImageOfPage":{"@id":"https:\/\/www.ilnotiziario.net\/wp\/saronnese\/giornata-mondiale-cancro-saronno-allarme\/#primaryimage"},"image":{"@id":"https:\/\/www.ilnotiziario.net\/wp\/saronnese\/giornata-mondiale-cancro-saronno-allarme\/#primaryimage"},"thumbnailUrl":"https:\/\/www.ilnotiziario.net\/wp\/wp-content\/uploads\/2021\/02\/Verusio.png","datePublished":"2021-02-04T16:29:26+00:00","dateModified":"2021-02-04T16:39:00+00:00","description":"\u201cIo sono, io sar\u00f2\u201d (dall\u2019inglese \u201cI am, I will\u201d) \u00e8 lo slogan scelto anche quest\u2019anno per la Giornata Mondiale Contro il Cancro, promossa dall\u2019Union for","breadcrumb":{"@id":"https:\/\/www.ilnotiziario.net\/wp\/saronnese\/giornata-mondiale-cancro-saronno-allarme\/#breadcrumb"},"inLanguage":"it-IT","potentialAction":[{"@type":"ReadAction","target":["https:\/\/www.ilnotiziario.net\/wp\/saronnese\/giornata-mondiale-cancro-saronno-allarme\/"]}]},{"@type":"ImageObject","inLanguage":"it-IT","@id":"https:\/\/www.ilnotiziario.net\/wp\/saronnese\/giornata-mondiale-cancro-saronno-allarme\/#primaryimage","url":"https:\/\/www.ilnotiziario.net\/wp\/wp-content\/uploads\/2021\/02\/Verusio.png","contentUrl":"https:\/\/www.ilnotiziario.net\/wp\/wp-content\/uploads\/2021\/02\/Verusio.png","width":640,"height":640,"caption":"verusio oncologo saronno"},{"@type":"BreadcrumbList","@id":"https:\/\/www.ilnotiziario.net\/wp\/saronnese\/giornata-mondiale-cancro-saronno-allarme\/#breadcrumb","itemListElement":[{"@type":"ListItem","position":1,"name":"tds_text_logo_tagline_colortds_text_logo_tagline_colortds_text_logo_tagline_colortds_text_logo_tagline_colortd_module_7_title_excerpttd_module_7_title_excerpttd_module_7_title_excerpttd_module_7_title_excerptHome","item":"https:\/\/www.ilnotiziario.net\/wp\/"},{"@type":"ListItem","position":2,"name":"Giornata mondiale contro il cancro, l&#8217;allarme dell&#8217;oncologo Verusio sull&#8217;ospedale di Saronno"}]},{"@type":"WebSite","@id":"https:\/\/www.ilnotiziario.net\/wp\/#website","url":"https:\/\/www.ilnotiziario.net\/wp\/","name":"Il Notiziario","description":"Per restare sempre connessi alla notizia","publisher":{"@id":"https:\/\/www.ilnotiziario.net\/wp\/#organization"},"alternateName":"Il Notiziario Bollate","potentialAction":[{"@type":"SearchAction","target":{"@type":"EntryPoint","urlTemplate":"https:\/\/www.ilnotiziario.net\/wp\/?s={search_term_string}"},"query-input":{"@type":"PropertyValueSpecification","valueRequired":true,"valueName":"search_term_string"}}],"inLanguage":"it-IT"},{"@type":"Organization","@id":"https:\/\/www.ilnotiziario.net\/wp\/#organization","name":"Il Notiziario","url":"https:\/\/www.ilnotiziario.net\/wp\/","logo":{"@type":"ImageObject","inLanguage":"it-IT","@id":"https:\/\/www.ilnotiziario.net\/wp\/#\/schema\/logo\/image\/","url":"https:\/\/www.ilnotiziario.net\/wp\/wp-content\/uploads\/2022\/06\/170x170ilN.png","contentUrl":"https:\/\/www.ilnotiziario.net\/wp\/wp-content\/uploads\/2022\/06\/170x170ilN.png","width":355,"height":355,"caption":"Il Notiziario"},"image":{"@id":"https:\/\/www.ilnotiziario.net\/wp\/#\/schema\/logo\/image\/"},"sameAs":["https:\/\/www.facebook.com\/ilnotiziarioind\/","https:\/\/x.com\/ilNotiziarioInd","https:\/\/www.instagram.com\/ilnotiziario_settimanale\/"]},{"@type":"Person","@id":"https:\/\/www.ilnotiziario.net\/wp\/#\/schema\/person\/386e222908f898bb41c033989482bbf2","name":"Gabriele Bassani","image":{"@type":"ImageObject","inLanguage":"it-IT","@id":"https:\/\/secure.gravatar.com\/avatar\/09274f4a84fa97698bde56f84b3afed61c8492d48b0550db9671b68c177479cb?s=96&d=mm&r=g","url":"https:\/\/secure.gravatar.com\/avatar\/09274f4a84fa97698bde56f84b3afed61c8492d48b0550db9671b68c177479cb?s=96&d=mm&r=g","contentUrl":"https:\/\/secure.gravatar.com\/avatar\/09274f4a84fa97698bde56f84b3afed61c8492d48b0550db9671b68c177479cb?s=96&d=mm&r=g","caption":"Gabriele Bassani"},"sameAs":["http:\/\/www.ilnotiziario.net"]}]}},"_links":{"self":[{"href":"https:\/\/www.ilnotiziario.net\/wp\/wp-json\/wp\/v2\/posts\/147442","targetHints":{"allow":["GET"]}}],"collection":[{"href":"https:\/\/www.ilnotiziario.net\/wp\/wp-json\/wp\/v2\/posts"}],"about":[{"href":"https:\/\/www.ilnotiziario.net\/wp\/wp-json\/wp\/v2\/types\/post"}],"author":[{"embeddable":true,"href":"https:\/\/www.ilnotiziario.net\/wp\/wp-json\/wp\/v2\/users\/3"}],"replies":[{"embeddable":true,"href":"https:\/\/www.ilnotiziario.net\/wp\/wp-json\/wp\/v2\/comments?post=147442"}],"version-history":[{"count":0,"href":"https:\/\/www.ilnotiziario.net\/wp\/wp-json\/wp\/v2\/posts\/147442\/revisions"}],"wp:featuredmedia":[{"embeddable":true,"href":"https:\/\/www.ilnotiziario.net\/wp\/wp-json\/wp\/v2\/media\/147448"}],"wp:attachment":[{"href":"https:\/\/www.ilnotiziario.net\/wp\/wp-json\/wp\/v2\/media?parent=147442"}],"wp:term":[{"taxonomy":"category","embeddable":true,"href":"https:\/\/www.ilnotiziario.net\/wp\/wp-json\/wp\/v2\/categories?post=147442"},{"taxonomy":"post_tag","embeddable":true,"href":"https:\/\/www.ilnotiziario.net\/wp\/wp-json\/wp\/v2\/tags?post=147442"}],"curies":[{"name":"wp","href":"https:\/\/api.w.org\/{rel}","templated":true}]}}