{"id":147823,"date":"2021-02-12T11:17:30","date_gmt":"2021-02-12T10:17:30","guid":{"rendered":"https:\/\/www.ilnotiziario.net\/wp\/?p=147823"},"modified":"2021-02-12T11:17:30","modified_gmt":"2021-02-12T10:17:30","slug":"lombardia-weekend-zona-gialla-moratti","status":"publish","type":"post","link":"https:\/\/www.ilnotiziario.net\/wp\/prima-pagina\/lombardia-weekend-zona-gialla-moratti\/","title":{"rendered":"Lombardia, weekend in zona gialla. Moratti: &#8220;Massima prudenza, non allentiamo l&#8217;attenzione&#8221;"},"content":{"rendered":"<p><img fetchpriority=\"high\" decoding=\"async\" class=\"size-medium wp-image-146744 aligncenter\" src=\"https:\/\/www.ilnotiziario.net\/wp\/wp-content\/uploads\/2021\/01\/fontana-moratti-regione-2-300x169.jpeg\" alt=\"\" width=\"300\" height=\"169\" srcset=\"https:\/\/www.ilnotiziario.net\/wp\/wp-content\/uploads\/2021\/01\/fontana-moratti-regione-2-300x169.jpeg 300w, https:\/\/www.ilnotiziario.net\/wp\/wp-content\/uploads\/2021\/01\/fontana-moratti-regione-2-1024x577.jpeg 1024w, https:\/\/www.ilnotiziario.net\/wp\/wp-content\/uploads\/2021\/01\/fontana-moratti-regione-2-768x433.jpeg 768w, https:\/\/www.ilnotiziario.net\/wp\/wp-content\/uploads\/2021\/01\/fontana-moratti-regione-2-696x392.jpeg 696w, https:\/\/www.ilnotiziario.net\/wp\/wp-content\/uploads\/2021\/01\/fontana-moratti-regione-2.jpeg 1065w\" sizes=\"(max-width: 300px) 100vw, 300px\" \/><\/p>\n<p>Nel mentre c&#8217;\u00e8 attesa per l&#8217;inizio della &#8220;fase 2&#8221; della campagna vaccinale, <a href=\"https:\/\/www.ilnotiziario.net\/wp\/2021\/02\/11\/vaccino-covid-prenotazioni-lombardia-over80\/\">con le prenotazioni che si apriranno da luned\u00ec per gli ultra 80enni<\/a>, la Lombardia si prepara al <strong>secondo weekend di zona gialla<\/strong>.<\/p><div id=\"ilnot-2900774568\" class=\"ilnot-contenuto ilnot-entity-placement\"><p><!-- incontent_1 --><\/p>\n<div class=\"gptslot\" data-adunitid=\"1\"><\/div>\n<\/div>\n<p>La <strong>Vicepresidente e Assessore al Welfare Letizia Moratti<\/strong> ha lanciato un appello a tutti i lombardi: &#8220;<em>Massima prudenza, non allentiamo l&#8217;attenzione. Comportamenti rigorosi e ispirati al senso civico devono sempre essere una priorit\u00e0 anche in un momento dove c&#8217;\u00e8 voglia di socialit\u00e0 e di riprendere in mano la nostra vita<\/em>&#8220;. Il momento \u00e8 delicato, specialmente dopo le notizie giunte ieri da Bollate, dove si sarebbe acceso <a href=\"https:\/\/www.ilnotiziario.net\/wp\/2021\/02\/11\/bollate-covid-focolaio-variante-inglese-scuole\/\">un focolaio di casi di Covid-19 in una scuola dell&#8217;infanzia<\/a>.<\/p>\n<p>&#8220;<em>Siamo in un momento troppo importante per poter rischiare dei passi indietro e tornare in una situazione di emergenza<\/em> &#8211; sottolinea Moratti in una nota &#8211; <em>stiamo per entrare nel vivo della campagna vaccinale, un percorso che ci porter\u00e0 alla campagna di vaccinazione massiva. Per intraprendere questa strada \u00e8 fondamentale che il dato sui contagi rimanga sotto controllo. Per questo raccomando a tutta la popolazione massima prudenza, rispetto di se stessi e degli altri, l&#8217;utilizzo dei dispositivi di protezione, il rispetto del distanziamento e dei divieti di assembramento<\/em>&#8220;.<\/p><div id=\"ilnot-2383980283\" class=\"ilnot-contenuto_2 ilnot-entity-placement\"><div class=\"ads-wrapper\">\n<div class=\"ad-slot\">\n   <div id=\"ilnot-177689155\" style=\"margin-right: auto;margin-left: auto;text-align: center;width: 320px;height: 100px;\"><a href=\"https:\/\/www.scuolasicurezza.it\/\"><img decoding=\"async\" src=\"https:\/\/www.ilnotiziario.net\/wp\/wp-content\/uploads\/2026\/04\/IlNotiziario_banner-sito-e-newsletter-320-x-100-px-1.gif\" alt=\"\"><\/a><\/div>\n  <\/div>\n<div class=\"ad-slot\">\n   <div id=\"ilnot-1948193348\" style=\"margin-right: auto;margin-left: auto;text-align: center;width: 320px;height: 100px;\"><a href=\"https:\/\/purodesignarredamenti.com\/\"><img decoding=\"async\" src=\"https:\/\/www.ilnotiziario.net\/wp\/wp-content\/uploads\/2026\/04\/banner-puro-ok.gif\" alt=\"whatsapp\"><\/a><\/div><\/p><\/div>\n<\/div>\n<\/div>\n<p>Le precauzioni sono necessarie, anche in vista della riapertura di attivit\u00e0 e luoghi d&#8217;interesse, come ristoranti e musei. &#8220;<em>C&#8217;\u00e8 voglia di riaccendere l&#8217;entusiasmo<\/em> &#8211; ha concluso Moratti &#8211; <em>di ripartire, di voltare pagina, ne sono consapevole e sono la prima a voler essere ottimista e fiduciosa. Come assessore al Welfare non posso per\u00f2 non raccomandare tanta prudenza a tutti, giovani e meno giovani. Ci sono poche regole da seguire, che ci stanno accompagnando da ormai un anno. Poche regole, ma fondamentali per vincere contro il Covid. Se tutti ne saremo consapevoli anche nei momenti di svago e socialit\u00e0, la strada verso la rinascita potr\u00e0 avere meno ostacoli<\/em>&#8220;.<\/p>\n","protected":false},"excerpt":{"rendered":"<p>Nel mentre c&#8217;\u00e8 attesa per l&#8217;inizio della &#8220;fase 2&#8221; della campagna vaccinale, con le prenotazioni che si apriranno da luned\u00ec per gli ultra 80enni, la Lombardia si prepara al secondo weekend di zona gialla. La Vicepresidente e Assessore al Welfare Letizia Moratti ha lanciato un appello a tutti i lombardi: &#8220;Massima prudenza, non allentiamo l&#8217;attenzione.<\/p>\n","protected":false},"author":3,"featured_media":146744,"comment_status":"closed","ping_status":"closed","sticky":false,"template":"","format":"standard","meta":{"footnotes":""},"categories":[20],"tags":[7244,8183,577,8031],"class_list":{"0":"post-147823","1":"post","2":"type-post","3":"status-publish","4":"format-standard","5":"has-post-thumbnail","7":"category-prima-pagina","8":"tag-covid","9":"tag-letizia-moratti","10":"tag-lombardia","11":"tag-zona-gialla"},"yoast_head":"<!-- This site is optimized with the Yoast SEO plugin v27.5 - https:\/\/yoast.com\/product\/yoast-seo-wordpress\/ -->\n<title>Lombardia, weekend in zona gialla. Moratti: &quot;Massima prudenza, non allentiamo l&#039;attenzione&quot; - Il Notiziario<\/title>\n<meta name=\"description\" content=\"Nel mentre c&#039;\u00e8 attesa per l&#039;inizio della &quot;fase 2&quot; della campagna vaccinale, con le prenotazioni che si apriranno da luned\u00ec per gli ultra 80enni, la\" \/>\n<meta name=\"robots\" content=\"index, follow, max-snippet:-1, max-image-preview:large, max-video-preview:-1\" \/>\n<link rel=\"canonical\" href=\"https:\/\/www.ilnotiziario.net\/wp\/prima-pagina\/lombardia-weekend-zona-gialla-moratti\/\" \/>\n<meta property=\"og:locale\" content=\"it_IT\" \/>\n<meta property=\"og:type\" content=\"article\" \/>\n<meta property=\"og:title\" content=\"Lombardia, weekend in zona gialla. Moratti: &quot;Massima prudenza, non allentiamo l&#039;attenzione&quot; - Il Notiziario\" \/>\n<meta property=\"og:description\" content=\"Nel mentre c&#039;\u00e8 attesa per l&#039;inizio della &quot;fase 2&quot; della campagna vaccinale, con le prenotazioni che si apriranno da luned\u00ec per gli ultra 80enni, la\" \/>\n<meta property=\"og:url\" content=\"https:\/\/www.ilnotiziario.net\/wp\/prima-pagina\/lombardia-weekend-zona-gialla-moratti\/\" \/>\n<meta property=\"og:site_name\" content=\"Il Notiziario\" \/>\n<meta property=\"article:publisher\" content=\"https:\/\/www.facebook.com\/ilnotiziarioind\/\" \/>\n<meta property=\"article:published_time\" content=\"2021-02-12T10:17:30+00:00\" \/>\n<meta property=\"og:image\" content=\"https:\/\/www.ilnotiziario.net\/wp\/wp-content\/uploads\/2021\/01\/fontana-moratti-regione-2.jpeg\" \/>\n\t<meta property=\"og:image:width\" content=\"1065\" \/>\n\t<meta property=\"og:image:height\" content=\"600\" \/>\n\t<meta property=\"og:image:type\" content=\"image\/jpeg\" \/>\n<meta name=\"author\" content=\"Gabriele Bassani\" \/>\n<meta name=\"twitter:card\" content=\"summary_large_image\" \/>\n<meta name=\"twitter:creator\" content=\"@ilNotiziarioInd\" \/>\n<meta name=\"twitter:site\" content=\"@ilNotiziarioInd\" \/>\n<meta name=\"twitter:label1\" content=\"Scritto da\" \/>\n\t<meta name=\"twitter:data1\" content=\"Gabriele Bassani\" \/>\n\t<meta name=\"twitter:label2\" content=\"Tempo di lettura stimato\" \/>\n\t<meta name=\"twitter:data2\" content=\"2 minuti\" \/>\n<script type=\"application\/ld+json\" class=\"yoast-schema-graph\">{\"@context\":\"https:\\\/\\\/schema.org\",\"@graph\":[{\"@type\":\"Article\",\"@id\":\"https:\\\/\\\/www.ilnotiziario.net\\\/wp\\\/prima-pagina\\\/lombardia-weekend-zona-gialla-moratti\\\/#article\",\"isPartOf\":{\"@id\":\"https:\\\/\\\/www.ilnotiziario.net\\\/wp\\\/prima-pagina\\\/lombardia-weekend-zona-gialla-moratti\\\/\"},\"author\":{\"name\":\"Gabriele Bassani\",\"@id\":\"https:\\\/\\\/www.ilnotiziario.net\\\/wp\\\/#\\\/schema\\\/person\\\/386e222908f898bb41c033989482bbf2\"},\"headline\":\"Lombardia, weekend in zona gialla. Moratti: &#8220;Massima prudenza, non allentiamo l&#8217;attenzione&#8221;\",\"datePublished\":\"2021-02-12T10:17:30+00:00\",\"mainEntityOfPage\":{\"@id\":\"https:\\\/\\\/www.ilnotiziario.net\\\/wp\\\/prima-pagina\\\/lombardia-weekend-zona-gialla-moratti\\\/\"},\"wordCount\":320,\"publisher\":{\"@id\":\"https:\\\/\\\/www.ilnotiziario.net\\\/wp\\\/#organization\"},\"image\":{\"@id\":\"https:\\\/\\\/www.ilnotiziario.net\\\/wp\\\/prima-pagina\\\/lombardia-weekend-zona-gialla-moratti\\\/#primaryimage\"},\"thumbnailUrl\":\"https:\\\/\\\/www.ilnotiziario.net\\\/wp\\\/wp-content\\\/uploads\\\/2021\\\/01\\\/fontana-moratti-regione-2.jpeg\",\"keywords\":[\"covid\",\"Letizia Moratti\",\"Lombardia\",\"zona gialla\"],\"articleSection\":[\"Prima Pagina\"],\"inLanguage\":\"it-IT\"},{\"@type\":\"WebPage\",\"@id\":\"https:\\\/\\\/www.ilnotiziario.net\\\/wp\\\/prima-pagina\\\/lombardia-weekend-zona-gialla-moratti\\\/\",\"url\":\"https:\\\/\\\/www.ilnotiziario.net\\\/wp\\\/prima-pagina\\\/lombardia-weekend-zona-gialla-moratti\\\/\",\"name\":\"Lombardia, weekend in zona gialla. Moratti: \\\"Massima prudenza, non allentiamo l'attenzione\\\" - Il Notiziario\",\"isPartOf\":{\"@id\":\"https:\\\/\\\/www.ilnotiziario.net\\\/wp\\\/#website\"},\"primaryImageOfPage\":{\"@id\":\"https:\\\/\\\/www.ilnotiziario.net\\\/wp\\\/prima-pagina\\\/lombardia-weekend-zona-gialla-moratti\\\/#primaryimage\"},\"image\":{\"@id\":\"https:\\\/\\\/www.ilnotiziario.net\\\/wp\\\/prima-pagina\\\/lombardia-weekend-zona-gialla-moratti\\\/#primaryimage\"},\"thumbnailUrl\":\"https:\\\/\\\/www.ilnotiziario.net\\\/wp\\\/wp-content\\\/uploads\\\/2021\\\/01\\\/fontana-moratti-regione-2.jpeg\",\"datePublished\":\"2021-02-12T10:17:30+00:00\",\"description\":\"Nel mentre c'\u00e8 attesa per l'inizio della \\\"fase 2\\\" della campagna vaccinale, con le prenotazioni che si apriranno da luned\u00ec per gli ultra 80enni, la\",\"breadcrumb\":{\"@id\":\"https:\\\/\\\/www.ilnotiziario.net\\\/wp\\\/prima-pagina\\\/lombardia-weekend-zona-gialla-moratti\\\/#breadcrumb\"},\"inLanguage\":\"it-IT\",\"potentialAction\":[{\"@type\":\"ReadAction\",\"target\":[\"https:\\\/\\\/www.ilnotiziario.net\\\/wp\\\/prima-pagina\\\/lombardia-weekend-zona-gialla-moratti\\\/\"]}]},{\"@type\":\"ImageObject\",\"inLanguage\":\"it-IT\",\"@id\":\"https:\\\/\\\/www.ilnotiziario.net\\\/wp\\\/prima-pagina\\\/lombardia-weekend-zona-gialla-moratti\\\/#primaryimage\",\"url\":\"https:\\\/\\\/www.ilnotiziario.net\\\/wp\\\/wp-content\\\/uploads\\\/2021\\\/01\\\/fontana-moratti-regione-2.jpeg\",\"contentUrl\":\"https:\\\/\\\/www.ilnotiziario.net\\\/wp\\\/wp-content\\\/uploads\\\/2021\\\/01\\\/fontana-moratti-regione-2.jpeg\",\"width\":1065,\"height\":600},{\"@type\":\"BreadcrumbList\",\"@id\":\"https:\\\/\\\/www.ilnotiziario.net\\\/wp\\\/prima-pagina\\\/lombardia-weekend-zona-gialla-moratti\\\/#breadcrumb\",\"itemListElement\":[{\"@type\":\"ListItem\",\"position\":1,\"name\":\"tds_text_logo_tagline_colortds_text_logo_tagline_colortds_text_logo_tagline_colortds_text_logo_tagline_colortd_module_7_title_excerpttd_module_7_title_excerpttd_module_7_title_excerpttd_module_7_title_excerptHome\",\"item\":\"https:\\\/\\\/www.ilnotiziario.net\\\/wp\\\/\"},{\"@type\":\"ListItem\",\"position\":2,\"name\":\"Lombardia, weekend in zona gialla. Moratti: &#8220;Massima prudenza, non allentiamo l&#8217;attenzione&#8221;\"}]},{\"@type\":\"WebSite\",\"@id\":\"https:\\\/\\\/www.ilnotiziario.net\\\/wp\\\/#website\",\"url\":\"https:\\\/\\\/www.ilnotiziario.net\\\/wp\\\/\",\"name\":\"Il Notiziario\",\"description\":\"Per restare sempre connessi alla notizia\",\"publisher\":{\"@id\":\"https:\\\/\\\/www.ilnotiziario.net\\\/wp\\\/#organization\"},\"alternateName\":\"Il Notiziario Bollate\",\"potentialAction\":[{\"@type\":\"SearchAction\",\"target\":{\"@type\":\"EntryPoint\",\"urlTemplate\":\"https:\\\/\\\/www.ilnotiziario.net\\\/wp\\\/?s={search_term_string}\"},\"query-input\":{\"@type\":\"PropertyValueSpecification\",\"valueRequired\":true,\"valueName\":\"search_term_string\"}}],\"inLanguage\":\"it-IT\"},{\"@type\":\"Organization\",\"@id\":\"https:\\\/\\\/www.ilnotiziario.net\\\/wp\\\/#organization\",\"name\":\"Il Notiziario\",\"url\":\"https:\\\/\\\/www.ilnotiziario.net\\\/wp\\\/\",\"logo\":{\"@type\":\"ImageObject\",\"inLanguage\":\"it-IT\",\"@id\":\"https:\\\/\\\/www.ilnotiziario.net\\\/wp\\\/#\\\/schema\\\/logo\\\/image\\\/\",\"url\":\"https:\\\/\\\/www.ilnotiziario.net\\\/wp\\\/wp-content\\\/uploads\\\/2022\\\/06\\\/170x170ilN.png\",\"contentUrl\":\"https:\\\/\\\/www.ilnotiziario.net\\\/wp\\\/wp-content\\\/uploads\\\/2022\\\/06\\\/170x170ilN.png\",\"width\":355,\"height\":355,\"caption\":\"Il Notiziario\"},\"image\":{\"@id\":\"https:\\\/\\\/www.ilnotiziario.net\\\/wp\\\/#\\\/schema\\\/logo\\\/image\\\/\"},\"sameAs\":[\"https:\\\/\\\/www.facebook.com\\\/ilnotiziarioind\\\/\",\"https:\\\/\\\/x.com\\\/ilNotiziarioInd\",\"https:\\\/\\\/www.instagram.com\\\/ilnotiziario_settimanale\\\/\"]},{\"@type\":\"Person\",\"@id\":\"https:\\\/\\\/www.ilnotiziario.net\\\/wp\\\/#\\\/schema\\\/person\\\/386e222908f898bb41c033989482bbf2\",\"name\":\"Gabriele Bassani\",\"image\":{\"@type\":\"ImageObject\",\"inLanguage\":\"it-IT\",\"@id\":\"https:\\\/\\\/secure.gravatar.com\\\/avatar\\\/09274f4a84fa97698bde56f84b3afed61c8492d48b0550db9671b68c177479cb?s=96&d=mm&r=g\",\"url\":\"https:\\\/\\\/secure.gravatar.com\\\/avatar\\\/09274f4a84fa97698bde56f84b3afed61c8492d48b0550db9671b68c177479cb?s=96&d=mm&r=g\",\"contentUrl\":\"https:\\\/\\\/secure.gravatar.com\\\/avatar\\\/09274f4a84fa97698bde56f84b3afed61c8492d48b0550db9671b68c177479cb?s=96&d=mm&r=g\",\"caption\":\"Gabriele Bassani\"},\"sameAs\":[\"http:\\\/\\\/www.ilnotiziario.net\"]}]}<\/script>\n<!-- \/ Yoast SEO plugin. -->","yoast_head_json":{"title":"Lombardia, weekend in zona gialla. Moratti: \"Massima prudenza, non allentiamo l'attenzione\" - Il Notiziario","description":"Nel mentre c'\u00e8 attesa per l'inizio della \"fase 2\" della campagna vaccinale, con le prenotazioni che si apriranno da luned\u00ec per gli ultra 80enni, la","robots":{"index":"index","follow":"follow","max-snippet":"max-snippet:-1","max-image-preview":"max-image-preview:large","max-video-preview":"max-video-preview:-1"},"canonical":"https:\/\/www.ilnotiziario.net\/wp\/prima-pagina\/lombardia-weekend-zona-gialla-moratti\/","og_locale":"it_IT","og_type":"article","og_title":"Lombardia, weekend in zona gialla. Moratti: \"Massima prudenza, non allentiamo l'attenzione\" - Il Notiziario","og_description":"Nel mentre c'\u00e8 attesa per l'inizio della \"fase 2\" della campagna vaccinale, con le prenotazioni che si apriranno da luned\u00ec per gli ultra 80enni, la","og_url":"https:\/\/www.ilnotiziario.net\/wp\/prima-pagina\/lombardia-weekend-zona-gialla-moratti\/","og_site_name":"Il Notiziario","article_publisher":"https:\/\/www.facebook.com\/ilnotiziarioind\/","article_published_time":"2021-02-12T10:17:30+00:00","og_image":[{"width":1065,"height":600,"url":"https:\/\/www.ilnotiziario.net\/wp\/wp-content\/uploads\/2021\/01\/fontana-moratti-regione-2.jpeg","type":"image\/jpeg"}],"author":"Gabriele Bassani","twitter_card":"summary_large_image","twitter_creator":"@ilNotiziarioInd","twitter_site":"@ilNotiziarioInd","twitter_misc":{"Scritto da":"Gabriele Bassani","Tempo di lettura stimato":"2 minuti"},"schema":{"@context":"https:\/\/schema.org","@graph":[{"@type":"Article","@id":"https:\/\/www.ilnotiziario.net\/wp\/prima-pagina\/lombardia-weekend-zona-gialla-moratti\/#article","isPartOf":{"@id":"https:\/\/www.ilnotiziario.net\/wp\/prima-pagina\/lombardia-weekend-zona-gialla-moratti\/"},"author":{"name":"Gabriele Bassani","@id":"https:\/\/www.ilnotiziario.net\/wp\/#\/schema\/person\/386e222908f898bb41c033989482bbf2"},"headline":"Lombardia, weekend in zona gialla. Moratti: &#8220;Massima prudenza, non allentiamo l&#8217;attenzione&#8221;","datePublished":"2021-02-12T10:17:30+00:00","mainEntityOfPage":{"@id":"https:\/\/www.ilnotiziario.net\/wp\/prima-pagina\/lombardia-weekend-zona-gialla-moratti\/"},"wordCount":320,"publisher":{"@id":"https:\/\/www.ilnotiziario.net\/wp\/#organization"},"image":{"@id":"https:\/\/www.ilnotiziario.net\/wp\/prima-pagina\/lombardia-weekend-zona-gialla-moratti\/#primaryimage"},"thumbnailUrl":"https:\/\/www.ilnotiziario.net\/wp\/wp-content\/uploads\/2021\/01\/fontana-moratti-regione-2.jpeg","keywords":["covid","Letizia Moratti","Lombardia","zona gialla"],"articleSection":["Prima Pagina"],"inLanguage":"it-IT"},{"@type":"WebPage","@id":"https:\/\/www.ilnotiziario.net\/wp\/prima-pagina\/lombardia-weekend-zona-gialla-moratti\/","url":"https:\/\/www.ilnotiziario.net\/wp\/prima-pagina\/lombardia-weekend-zona-gialla-moratti\/","name":"Lombardia, weekend in zona gialla. Moratti: \"Massima prudenza, non allentiamo l'attenzione\" - Il Notiziario","isPartOf":{"@id":"https:\/\/www.ilnotiziario.net\/wp\/#website"},"primaryImageOfPage":{"@id":"https:\/\/www.ilnotiziario.net\/wp\/prima-pagina\/lombardia-weekend-zona-gialla-moratti\/#primaryimage"},"image":{"@id":"https:\/\/www.ilnotiziario.net\/wp\/prima-pagina\/lombardia-weekend-zona-gialla-moratti\/#primaryimage"},"thumbnailUrl":"https:\/\/www.ilnotiziario.net\/wp\/wp-content\/uploads\/2021\/01\/fontana-moratti-regione-2.jpeg","datePublished":"2021-02-12T10:17:30+00:00","description":"Nel mentre c'\u00e8 attesa per l'inizio della \"fase 2\" della campagna vaccinale, con le prenotazioni che si apriranno da luned\u00ec per gli ultra 80enni, la","breadcrumb":{"@id":"https:\/\/www.ilnotiziario.net\/wp\/prima-pagina\/lombardia-weekend-zona-gialla-moratti\/#breadcrumb"},"inLanguage":"it-IT","potentialAction":[{"@type":"ReadAction","target":["https:\/\/www.ilnotiziario.net\/wp\/prima-pagina\/lombardia-weekend-zona-gialla-moratti\/"]}]},{"@type":"ImageObject","inLanguage":"it-IT","@id":"https:\/\/www.ilnotiziario.net\/wp\/prima-pagina\/lombardia-weekend-zona-gialla-moratti\/#primaryimage","url":"https:\/\/www.ilnotiziario.net\/wp\/wp-content\/uploads\/2021\/01\/fontana-moratti-regione-2.jpeg","contentUrl":"https:\/\/www.ilnotiziario.net\/wp\/wp-content\/uploads\/2021\/01\/fontana-moratti-regione-2.jpeg","width":1065,"height":600},{"@type":"BreadcrumbList","@id":"https:\/\/www.ilnotiziario.net\/wp\/prima-pagina\/lombardia-weekend-zona-gialla-moratti\/#breadcrumb","itemListElement":[{"@type":"ListItem","position":1,"name":"tds_text_logo_tagline_colortds_text_logo_tagline_colortds_text_logo_tagline_colortds_text_logo_tagline_colortd_module_7_title_excerpttd_module_7_title_excerpttd_module_7_title_excerpttd_module_7_title_excerptHome","item":"https:\/\/www.ilnotiziario.net\/wp\/"},{"@type":"ListItem","position":2,"name":"Lombardia, weekend in zona gialla. Moratti: &#8220;Massima prudenza, non allentiamo l&#8217;attenzione&#8221;"}]},{"@type":"WebSite","@id":"https:\/\/www.ilnotiziario.net\/wp\/#website","url":"https:\/\/www.ilnotiziario.net\/wp\/","name":"Il Notiziario","description":"Per restare sempre connessi alla notizia","publisher":{"@id":"https:\/\/www.ilnotiziario.net\/wp\/#organization"},"alternateName":"Il Notiziario Bollate","potentialAction":[{"@type":"SearchAction","target":{"@type":"EntryPoint","urlTemplate":"https:\/\/www.ilnotiziario.net\/wp\/?s={search_term_string}"},"query-input":{"@type":"PropertyValueSpecification","valueRequired":true,"valueName":"search_term_string"}}],"inLanguage":"it-IT"},{"@type":"Organization","@id":"https:\/\/www.ilnotiziario.net\/wp\/#organization","name":"Il Notiziario","url":"https:\/\/www.ilnotiziario.net\/wp\/","logo":{"@type":"ImageObject","inLanguage":"it-IT","@id":"https:\/\/www.ilnotiziario.net\/wp\/#\/schema\/logo\/image\/","url":"https:\/\/www.ilnotiziario.net\/wp\/wp-content\/uploads\/2022\/06\/170x170ilN.png","contentUrl":"https:\/\/www.ilnotiziario.net\/wp\/wp-content\/uploads\/2022\/06\/170x170ilN.png","width":355,"height":355,"caption":"Il Notiziario"},"image":{"@id":"https:\/\/www.ilnotiziario.net\/wp\/#\/schema\/logo\/image\/"},"sameAs":["https:\/\/www.facebook.com\/ilnotiziarioind\/","https:\/\/x.com\/ilNotiziarioInd","https:\/\/www.instagram.com\/ilnotiziario_settimanale\/"]},{"@type":"Person","@id":"https:\/\/www.ilnotiziario.net\/wp\/#\/schema\/person\/386e222908f898bb41c033989482bbf2","name":"Gabriele Bassani","image":{"@type":"ImageObject","inLanguage":"it-IT","@id":"https:\/\/secure.gravatar.com\/avatar\/09274f4a84fa97698bde56f84b3afed61c8492d48b0550db9671b68c177479cb?s=96&d=mm&r=g","url":"https:\/\/secure.gravatar.com\/avatar\/09274f4a84fa97698bde56f84b3afed61c8492d48b0550db9671b68c177479cb?s=96&d=mm&r=g","contentUrl":"https:\/\/secure.gravatar.com\/avatar\/09274f4a84fa97698bde56f84b3afed61c8492d48b0550db9671b68c177479cb?s=96&d=mm&r=g","caption":"Gabriele Bassani"},"sameAs":["http:\/\/www.ilnotiziario.net"]}]}},"_links":{"self":[{"href":"https:\/\/www.ilnotiziario.net\/wp\/wp-json\/wp\/v2\/posts\/147823","targetHints":{"allow":["GET"]}}],"collection":[{"href":"https:\/\/www.ilnotiziario.net\/wp\/wp-json\/wp\/v2\/posts"}],"about":[{"href":"https:\/\/www.ilnotiziario.net\/wp\/wp-json\/wp\/v2\/types\/post"}],"author":[{"embeddable":true,"href":"https:\/\/www.ilnotiziario.net\/wp\/wp-json\/wp\/v2\/users\/3"}],"replies":[{"embeddable":true,"href":"https:\/\/www.ilnotiziario.net\/wp\/wp-json\/wp\/v2\/comments?post=147823"}],"version-history":[{"count":0,"href":"https:\/\/www.ilnotiziario.net\/wp\/wp-json\/wp\/v2\/posts\/147823\/revisions"}],"wp:featuredmedia":[{"embeddable":true,"href":"https:\/\/www.ilnotiziario.net\/wp\/wp-json\/wp\/v2\/media\/146744"}],"wp:attachment":[{"href":"https:\/\/www.ilnotiziario.net\/wp\/wp-json\/wp\/v2\/media?parent=147823"}],"wp:term":[{"taxonomy":"category","embeddable":true,"href":"https:\/\/www.ilnotiziario.net\/wp\/wp-json\/wp\/v2\/categories?post=147823"},{"taxonomy":"post_tag","embeddable":true,"href":"https:\/\/www.ilnotiziario.net\/wp\/wp-json\/wp\/v2\/tags?post=147823"}],"curies":[{"name":"wp","href":"https:\/\/api.w.org\/{rel}","templated":true}]}}