{"id":147894,"date":"2021-02-13T12:22:35","date_gmt":"2021-02-13T11:22:35","guid":{"rendered":"https:\/\/www.ilnotiziario.net\/wp\/?p=147894"},"modified":"2021-02-13T12:22:35","modified_gmt":"2021-02-13T11:22:35","slug":"zona-gialla-supermercati-centri-commerciali","status":"publish","type":"post","link":"https:\/\/www.ilnotiziario.net\/wp\/prima-pagina\/zona-gialla-supermercati-centri-commerciali\/","title":{"rendered":"Zona gialla sabato 13 e domenica 14: supermercati aperti, centri commerciali chiusi"},"content":{"rendered":"<p><img fetchpriority=\"high\" decoding=\"async\" class=\"size-medium wp-image-146999 aligncenter\" src=\"https:\/\/www.ilnotiziario.net\/wp\/wp-content\/uploads\/2021\/01\/il-centro-300x169.jpg\" alt=\"\" width=\"300\" height=\"169\" srcset=\"https:\/\/www.ilnotiziario.net\/wp\/wp-content\/uploads\/2021\/01\/il-centro-300x169.jpg 300w, https:\/\/www.ilnotiziario.net\/wp\/wp-content\/uploads\/2021\/01\/il-centro-1024x576.jpg 1024w, https:\/\/www.ilnotiziario.net\/wp\/wp-content\/uploads\/2021\/01\/il-centro-768x432.jpg 768w, https:\/\/www.ilnotiziario.net\/wp\/wp-content\/uploads\/2021\/01\/il-centro-1536x864.jpg 1536w, https:\/\/www.ilnotiziario.net\/wp\/wp-content\/uploads\/2021\/01\/il-centro-696x392.jpg 696w, https:\/\/www.ilnotiziario.net\/wp\/wp-content\/uploads\/2021\/01\/il-centro-1392x783.jpg 1392w, https:\/\/www.ilnotiziario.net\/wp\/wp-content\/uploads\/2021\/01\/il-centro-1068x601.jpg 1068w, https:\/\/www.ilnotiziario.net\/wp\/wp-content\/uploads\/2021\/01\/il-centro.jpg 1600w\" sizes=\"(max-width: 300px) 100vw, 300px\" \/><\/p>\n<p>La Lombardia si prepara al suo secondo weekend consecutivo di zona gialla, nel segno della prudenza e dell&#8217;attenzione, <a href=\"https:\/\/www.ilnotiziario.net\/wp\/2021\/02\/12\/lombardia-weekend-zona-gialla-moratti\/\">come richiamato dalla Vicepresidente e Assessore al Welfare Letizia Moratti<\/a>.<\/p><div id=\"ilnot-291752740\" class=\"ilnot-contenuto ilnot-entity-placement\"><p><!-- incontent_1 --><\/p>\n<div class=\"gptslot\" data-adunitid=\"1\"><\/div>\n<\/div>\n<p>Come il weekend scorso, <strong>b<\/strong><strong>ar e ristoranti saranno aperti fino alle 18<\/strong>. Ovviamente all\u2019interno rimangono da far rispettare tutte le norme anti-covid: mascherina, gel per le mani e distanziamento. Dalle 18 in poi si attiveranno i servizi d\u2019asporto e le consegne a domicilio. Gli spostamenti <strong>sono consentiti in maniera completamente libera all\u2019interno della regione<\/strong>, senza bisogno di autocertificazioni. Si pu\u00f2 andare senza limitazioni nelle seconde case all\u2019interno della regione di appartenenza, ma si potr\u00e0 anche andare in una seconda casa fuori dalla propria regione, se si dimostra di avere l\u2019immobile di propriet\u00e0 o con un contratto di affitto firmato prima del 14 gennaio 2021. <strong>Qualsiasi altro spostamento fuori regione<\/strong>, se non motivato con particolari ragioni di necessit\u00e0,\u00a0<strong>sar\u00e0 vietato fino al 15 febbraio<\/strong>. Resta in vigore il coprifuoco dalle 22 alle 5.<\/p>\n<p><strong>I centri commerciali<\/strong>, fino al 5 marzo, data di termine del Dpcm,\u00a0<strong>rimarranno chiusi nei giorni festivi e prefestivi.<\/strong>\u00a0I negozi al loro interno resteranno quindi chiusi, ad eccezione di farmacie, parafarmacie, edicole e supermercati. Alimentari e supermercati saranno regolarmente aperti 7 giorni su 7.<\/p><div id=\"ilnot-1949343504\" class=\"ilnot-contenuto_2 ilnot-entity-placement\"><div class=\"ads-wrapper\">\n<div class=\"ad-slot\">\n   <div id=\"ilnot-106058004\" style=\"margin-right: auto;margin-left: auto;text-align: center;width: 320px;height: 100px;\"><a href=\"https:\/\/www.scuolasicurezza.it\/\"><img decoding=\"async\" src=\"https:\/\/www.ilnotiziario.net\/wp\/wp-content\/uploads\/2026\/04\/IlNotiziario_banner-sito-e-newsletter-320-x-100-px-1.gif\" alt=\"\"><\/a><\/div>\n  <\/div>\n<div class=\"ad-slot\">\n   <div id=\"ilnot-734477912\" style=\"margin-right: auto;margin-left: auto;text-align: center;width: 320px;height: 100px;\"><a href=\"https:\/\/purodesignarredamenti.com\/\"><img decoding=\"async\" src=\"https:\/\/www.ilnotiziario.net\/wp\/wp-content\/uploads\/2026\/04\/banner-puro-ok.gif\" alt=\"whatsapp\"><\/a><\/div><\/p><\/div>\n<\/div>\n<\/div>\n<div dir=\"auto\">Ad Arese\u00a0<strong>Il Centro<\/strong>\u00a0\u00e8 chiuso a eccezione di farmacia, libreria, vivaio edicola e altre attivit\u00e0 ritenute indispensabili. La ristorazione sar\u00e0 aperta solo nella modalit\u00e0 d\u2019asporto, ma l\u2019adesione sar\u00e0 a discrezione dei singoli marchi. Il supermercato invece sar\u00e0 aperto regolarmente dalle 9 alle 22. Anche al\u00a0<strong>Carrefour di Limbiate<\/strong>\u00a0ci sar\u00e0 la stessa situazione: l\u2019ipermercato domenica \u00e8 aperto dalle 8 alle 21.<\/div>\n<div dir=\"auto\">\n<div dir=\"auto\"><\/div>\n<div dir=\"auto\">A Paderno Dugnano, il\u00a0<strong>centro commerciale Brianza<\/strong>\u00a0sar\u00e0 aperto dalle 9 alle 21. L\u2019ipermercato invece dalle 8 alle 22. I bar e i ristoranti saranno chiusi, ma da alcuni sar\u00e0 possibile prenotare cibo da asporto o delivery. Invece\u00a0<strong>Esselunga<\/strong>\u00a0sar\u00e0 aperta regolarmente dalle 9 alle 20.<\/div>\n<\/div>\n","protected":false},"excerpt":{"rendered":"<p>La Lombardia si prepara al suo secondo weekend consecutivo di zona gialla, nel segno della prudenza e dell&#8217;attenzione, come richiamato dalla Vicepresidente e Assessore al Welfare Letizia Moratti. Come il weekend scorso, bar e ristoranti saranno aperti fino alle 18. Ovviamente all\u2019interno rimangono da far rispettare tutte le norme anti-covid: mascherina, gel per le mani<\/p>\n","protected":false},"author":3,"featured_media":146999,"comment_status":"closed","ping_status":"closed","sticky":false,"template":"","format":"standard","meta":{"footnotes":""},"categories":[20],"tags":[825,3034,577,5424,7199,175,2223,8031],"class_list":{"0":"post-147894","1":"post","2":"type-post","3":"status-publish","4":"format-standard","5":"has-post-thumbnail","7":"category-prima-pagina","8":"tag-bar","9":"tag-centri-commerciali","10":"tag-lombardia","11":"tag-ristoranti","12":"tag-spostamenti","13":"tag-supermercati","14":"tag-weekend","15":"tag-zona-gialla"},"yoast_head":"<!-- This site is optimized with the Yoast SEO plugin v27.5 - https:\/\/yoast.com\/product\/yoast-seo-wordpress\/ -->\n<title>Zona gialla sabato 13 e domenica 14: supermercati aperti, centri commerciali chiusi - Il Notiziario<\/title>\n<meta name=\"description\" content=\"La Lombardia si prepara al suo secondo weekend consecutivo di zona gialla, nel segno della prudenza e dell&#039;attenzione, come richiamato dalla\" \/>\n<meta name=\"robots\" content=\"index, follow, max-snippet:-1, max-image-preview:large, max-video-preview:-1\" \/>\n<link rel=\"canonical\" href=\"https:\/\/www.ilnotiziario.net\/wp\/prima-pagina\/zona-gialla-supermercati-centri-commerciali\/\" \/>\n<meta property=\"og:locale\" content=\"it_IT\" \/>\n<meta property=\"og:type\" content=\"article\" \/>\n<meta property=\"og:title\" content=\"Zona gialla sabato 13 e domenica 14: supermercati aperti, centri commerciali chiusi - Il Notiziario\" \/>\n<meta property=\"og:description\" content=\"La Lombardia si prepara al suo secondo weekend consecutivo di zona gialla, nel segno della prudenza e dell&#039;attenzione, come richiamato dalla\" \/>\n<meta property=\"og:url\" content=\"https:\/\/www.ilnotiziario.net\/wp\/prima-pagina\/zona-gialla-supermercati-centri-commerciali\/\" \/>\n<meta property=\"og:site_name\" content=\"Il Notiziario\" \/>\n<meta property=\"article:publisher\" content=\"https:\/\/www.facebook.com\/ilnotiziarioind\/\" \/>\n<meta property=\"article:published_time\" content=\"2021-02-13T11:22:35+00:00\" \/>\n<meta property=\"og:image\" content=\"https:\/\/www.ilnotiziario.net\/wp\/wp-content\/uploads\/2021\/01\/il-centro.jpg\" \/>\n\t<meta property=\"og:image:width\" content=\"1600\" \/>\n\t<meta property=\"og:image:height\" content=\"900\" \/>\n\t<meta property=\"og:image:type\" content=\"image\/jpeg\" \/>\n<meta name=\"author\" content=\"Gabriele Bassani\" \/>\n<meta name=\"twitter:card\" content=\"summary_large_image\" \/>\n<meta name=\"twitter:creator\" content=\"@ilNotiziarioInd\" \/>\n<meta name=\"twitter:site\" content=\"@ilNotiziarioInd\" \/>\n<meta name=\"twitter:label1\" content=\"Scritto da\" \/>\n\t<meta name=\"twitter:data1\" content=\"Gabriele Bassani\" \/>\n\t<meta name=\"twitter:label2\" content=\"Tempo di lettura stimato\" \/>\n\t<meta name=\"twitter:data2\" content=\"2 minuti\" \/>\n<script type=\"application\/ld+json\" class=\"yoast-schema-graph\">{\"@context\":\"https:\\\/\\\/schema.org\",\"@graph\":[{\"@type\":\"Article\",\"@id\":\"https:\\\/\\\/www.ilnotiziario.net\\\/wp\\\/prima-pagina\\\/zona-gialla-supermercati-centri-commerciali\\\/#article\",\"isPartOf\":{\"@id\":\"https:\\\/\\\/www.ilnotiziario.net\\\/wp\\\/prima-pagina\\\/zona-gialla-supermercati-centri-commerciali\\\/\"},\"author\":{\"name\":\"Gabriele Bassani\",\"@id\":\"https:\\\/\\\/www.ilnotiziario.net\\\/wp\\\/#\\\/schema\\\/person\\\/386e222908f898bb41c033989482bbf2\"},\"headline\":\"Zona gialla sabato 13 e domenica 14: supermercati aperti, centri commerciali chiusi\",\"datePublished\":\"2021-02-13T11:22:35+00:00\",\"mainEntityOfPage\":{\"@id\":\"https:\\\/\\\/www.ilnotiziario.net\\\/wp\\\/prima-pagina\\\/zona-gialla-supermercati-centri-commerciali\\\/\"},\"wordCount\":312,\"publisher\":{\"@id\":\"https:\\\/\\\/www.ilnotiziario.net\\\/wp\\\/#organization\"},\"image\":{\"@id\":\"https:\\\/\\\/www.ilnotiziario.net\\\/wp\\\/prima-pagina\\\/zona-gialla-supermercati-centri-commerciali\\\/#primaryimage\"},\"thumbnailUrl\":\"https:\\\/\\\/www.ilnotiziario.net\\\/wp\\\/wp-content\\\/uploads\\\/2021\\\/01\\\/il-centro.jpg\",\"keywords\":[\"bar\",\"Centri commerciali\",\"Lombardia\",\"ristoranti\",\"spostamenti\",\"supermercati\",\"weekend\",\"zona gialla\"],\"articleSection\":[\"Prima Pagina\"],\"inLanguage\":\"it-IT\"},{\"@type\":\"WebPage\",\"@id\":\"https:\\\/\\\/www.ilnotiziario.net\\\/wp\\\/prima-pagina\\\/zona-gialla-supermercati-centri-commerciali\\\/\",\"url\":\"https:\\\/\\\/www.ilnotiziario.net\\\/wp\\\/prima-pagina\\\/zona-gialla-supermercati-centri-commerciali\\\/\",\"name\":\"Zona gialla sabato 13 e domenica 14: supermercati aperti, centri commerciali chiusi - Il Notiziario\",\"isPartOf\":{\"@id\":\"https:\\\/\\\/www.ilnotiziario.net\\\/wp\\\/#website\"},\"primaryImageOfPage\":{\"@id\":\"https:\\\/\\\/www.ilnotiziario.net\\\/wp\\\/prima-pagina\\\/zona-gialla-supermercati-centri-commerciali\\\/#primaryimage\"},\"image\":{\"@id\":\"https:\\\/\\\/www.ilnotiziario.net\\\/wp\\\/prima-pagina\\\/zona-gialla-supermercati-centri-commerciali\\\/#primaryimage\"},\"thumbnailUrl\":\"https:\\\/\\\/www.ilnotiziario.net\\\/wp\\\/wp-content\\\/uploads\\\/2021\\\/01\\\/il-centro.jpg\",\"datePublished\":\"2021-02-13T11:22:35+00:00\",\"description\":\"La Lombardia si prepara al suo secondo weekend consecutivo di zona gialla, nel segno della prudenza e dell'attenzione, come richiamato dalla\",\"breadcrumb\":{\"@id\":\"https:\\\/\\\/www.ilnotiziario.net\\\/wp\\\/prima-pagina\\\/zona-gialla-supermercati-centri-commerciali\\\/#breadcrumb\"},\"inLanguage\":\"it-IT\",\"potentialAction\":[{\"@type\":\"ReadAction\",\"target\":[\"https:\\\/\\\/www.ilnotiziario.net\\\/wp\\\/prima-pagina\\\/zona-gialla-supermercati-centri-commerciali\\\/\"]}]},{\"@type\":\"ImageObject\",\"inLanguage\":\"it-IT\",\"@id\":\"https:\\\/\\\/www.ilnotiziario.net\\\/wp\\\/prima-pagina\\\/zona-gialla-supermercati-centri-commerciali\\\/#primaryimage\",\"url\":\"https:\\\/\\\/www.ilnotiziario.net\\\/wp\\\/wp-content\\\/uploads\\\/2021\\\/01\\\/il-centro.jpg\",\"contentUrl\":\"https:\\\/\\\/www.ilnotiziario.net\\\/wp\\\/wp-content\\\/uploads\\\/2021\\\/01\\\/il-centro.jpg\",\"width\":1600,\"height\":900},{\"@type\":\"BreadcrumbList\",\"@id\":\"https:\\\/\\\/www.ilnotiziario.net\\\/wp\\\/prima-pagina\\\/zona-gialla-supermercati-centri-commerciali\\\/#breadcrumb\",\"itemListElement\":[{\"@type\":\"ListItem\",\"position\":1,\"name\":\"tds_text_logo_tagline_colortds_text_logo_tagline_colortds_text_logo_tagline_colortds_text_logo_tagline_colortd_module_7_title_excerpttd_module_7_title_excerpttd_module_7_title_excerpttd_module_7_title_excerptHome\",\"item\":\"https:\\\/\\\/www.ilnotiziario.net\\\/wp\\\/\"},{\"@type\":\"ListItem\",\"position\":2,\"name\":\"Zona gialla sabato 13 e domenica 14: supermercati aperti, centri commerciali chiusi\"}]},{\"@type\":\"WebSite\",\"@id\":\"https:\\\/\\\/www.ilnotiziario.net\\\/wp\\\/#website\",\"url\":\"https:\\\/\\\/www.ilnotiziario.net\\\/wp\\\/\",\"name\":\"Il Notiziario\",\"description\":\"Per restare sempre connessi alla notizia\",\"publisher\":{\"@id\":\"https:\\\/\\\/www.ilnotiziario.net\\\/wp\\\/#organization\"},\"alternateName\":\"Il Notiziario Bollate\",\"potentialAction\":[{\"@type\":\"SearchAction\",\"target\":{\"@type\":\"EntryPoint\",\"urlTemplate\":\"https:\\\/\\\/www.ilnotiziario.net\\\/wp\\\/?s={search_term_string}\"},\"query-input\":{\"@type\":\"PropertyValueSpecification\",\"valueRequired\":true,\"valueName\":\"search_term_string\"}}],\"inLanguage\":\"it-IT\"},{\"@type\":\"Organization\",\"@id\":\"https:\\\/\\\/www.ilnotiziario.net\\\/wp\\\/#organization\",\"name\":\"Il Notiziario\",\"url\":\"https:\\\/\\\/www.ilnotiziario.net\\\/wp\\\/\",\"logo\":{\"@type\":\"ImageObject\",\"inLanguage\":\"it-IT\",\"@id\":\"https:\\\/\\\/www.ilnotiziario.net\\\/wp\\\/#\\\/schema\\\/logo\\\/image\\\/\",\"url\":\"https:\\\/\\\/www.ilnotiziario.net\\\/wp\\\/wp-content\\\/uploads\\\/2022\\\/06\\\/170x170ilN.png\",\"contentUrl\":\"https:\\\/\\\/www.ilnotiziario.net\\\/wp\\\/wp-content\\\/uploads\\\/2022\\\/06\\\/170x170ilN.png\",\"width\":355,\"height\":355,\"caption\":\"Il Notiziario\"},\"image\":{\"@id\":\"https:\\\/\\\/www.ilnotiziario.net\\\/wp\\\/#\\\/schema\\\/logo\\\/image\\\/\"},\"sameAs\":[\"https:\\\/\\\/www.facebook.com\\\/ilnotiziarioind\\\/\",\"https:\\\/\\\/x.com\\\/ilNotiziarioInd\",\"https:\\\/\\\/www.instagram.com\\\/ilnotiziario_settimanale\\\/\"]},{\"@type\":\"Person\",\"@id\":\"https:\\\/\\\/www.ilnotiziario.net\\\/wp\\\/#\\\/schema\\\/person\\\/386e222908f898bb41c033989482bbf2\",\"name\":\"Gabriele Bassani\",\"image\":{\"@type\":\"ImageObject\",\"inLanguage\":\"it-IT\",\"@id\":\"https:\\\/\\\/secure.gravatar.com\\\/avatar\\\/09274f4a84fa97698bde56f84b3afed61c8492d48b0550db9671b68c177479cb?s=96&d=mm&r=g\",\"url\":\"https:\\\/\\\/secure.gravatar.com\\\/avatar\\\/09274f4a84fa97698bde56f84b3afed61c8492d48b0550db9671b68c177479cb?s=96&d=mm&r=g\",\"contentUrl\":\"https:\\\/\\\/secure.gravatar.com\\\/avatar\\\/09274f4a84fa97698bde56f84b3afed61c8492d48b0550db9671b68c177479cb?s=96&d=mm&r=g\",\"caption\":\"Gabriele Bassani\"},\"sameAs\":[\"http:\\\/\\\/www.ilnotiziario.net\"]}]}<\/script>\n<!-- \/ Yoast SEO plugin. -->","yoast_head_json":{"title":"Zona gialla sabato 13 e domenica 14: supermercati aperti, centri commerciali chiusi - Il Notiziario","description":"La Lombardia si prepara al suo secondo weekend consecutivo di zona gialla, nel segno della prudenza e dell'attenzione, come richiamato dalla","robots":{"index":"index","follow":"follow","max-snippet":"max-snippet:-1","max-image-preview":"max-image-preview:large","max-video-preview":"max-video-preview:-1"},"canonical":"https:\/\/www.ilnotiziario.net\/wp\/prima-pagina\/zona-gialla-supermercati-centri-commerciali\/","og_locale":"it_IT","og_type":"article","og_title":"Zona gialla sabato 13 e domenica 14: supermercati aperti, centri commerciali chiusi - Il Notiziario","og_description":"La Lombardia si prepara al suo secondo weekend consecutivo di zona gialla, nel segno della prudenza e dell'attenzione, come richiamato dalla","og_url":"https:\/\/www.ilnotiziario.net\/wp\/prima-pagina\/zona-gialla-supermercati-centri-commerciali\/","og_site_name":"Il Notiziario","article_publisher":"https:\/\/www.facebook.com\/ilnotiziarioind\/","article_published_time":"2021-02-13T11:22:35+00:00","og_image":[{"width":1600,"height":900,"url":"https:\/\/www.ilnotiziario.net\/wp\/wp-content\/uploads\/2021\/01\/il-centro.jpg","type":"image\/jpeg"}],"author":"Gabriele Bassani","twitter_card":"summary_large_image","twitter_creator":"@ilNotiziarioInd","twitter_site":"@ilNotiziarioInd","twitter_misc":{"Scritto da":"Gabriele Bassani","Tempo di lettura stimato":"2 minuti"},"schema":{"@context":"https:\/\/schema.org","@graph":[{"@type":"Article","@id":"https:\/\/www.ilnotiziario.net\/wp\/prima-pagina\/zona-gialla-supermercati-centri-commerciali\/#article","isPartOf":{"@id":"https:\/\/www.ilnotiziario.net\/wp\/prima-pagina\/zona-gialla-supermercati-centri-commerciali\/"},"author":{"name":"Gabriele Bassani","@id":"https:\/\/www.ilnotiziario.net\/wp\/#\/schema\/person\/386e222908f898bb41c033989482bbf2"},"headline":"Zona gialla sabato 13 e domenica 14: supermercati aperti, centri commerciali chiusi","datePublished":"2021-02-13T11:22:35+00:00","mainEntityOfPage":{"@id":"https:\/\/www.ilnotiziario.net\/wp\/prima-pagina\/zona-gialla-supermercati-centri-commerciali\/"},"wordCount":312,"publisher":{"@id":"https:\/\/www.ilnotiziario.net\/wp\/#organization"},"image":{"@id":"https:\/\/www.ilnotiziario.net\/wp\/prima-pagina\/zona-gialla-supermercati-centri-commerciali\/#primaryimage"},"thumbnailUrl":"https:\/\/www.ilnotiziario.net\/wp\/wp-content\/uploads\/2021\/01\/il-centro.jpg","keywords":["bar","Centri commerciali","Lombardia","ristoranti","spostamenti","supermercati","weekend","zona gialla"],"articleSection":["Prima Pagina"],"inLanguage":"it-IT"},{"@type":"WebPage","@id":"https:\/\/www.ilnotiziario.net\/wp\/prima-pagina\/zona-gialla-supermercati-centri-commerciali\/","url":"https:\/\/www.ilnotiziario.net\/wp\/prima-pagina\/zona-gialla-supermercati-centri-commerciali\/","name":"Zona gialla sabato 13 e domenica 14: supermercati aperti, centri commerciali chiusi - Il Notiziario","isPartOf":{"@id":"https:\/\/www.ilnotiziario.net\/wp\/#website"},"primaryImageOfPage":{"@id":"https:\/\/www.ilnotiziario.net\/wp\/prima-pagina\/zona-gialla-supermercati-centri-commerciali\/#primaryimage"},"image":{"@id":"https:\/\/www.ilnotiziario.net\/wp\/prima-pagina\/zona-gialla-supermercati-centri-commerciali\/#primaryimage"},"thumbnailUrl":"https:\/\/www.ilnotiziario.net\/wp\/wp-content\/uploads\/2021\/01\/il-centro.jpg","datePublished":"2021-02-13T11:22:35+00:00","description":"La Lombardia si prepara al suo secondo weekend consecutivo di zona gialla, nel segno della prudenza e dell'attenzione, come richiamato dalla","breadcrumb":{"@id":"https:\/\/www.ilnotiziario.net\/wp\/prima-pagina\/zona-gialla-supermercati-centri-commerciali\/#breadcrumb"},"inLanguage":"it-IT","potentialAction":[{"@type":"ReadAction","target":["https:\/\/www.ilnotiziario.net\/wp\/prima-pagina\/zona-gialla-supermercati-centri-commerciali\/"]}]},{"@type":"ImageObject","inLanguage":"it-IT","@id":"https:\/\/www.ilnotiziario.net\/wp\/prima-pagina\/zona-gialla-supermercati-centri-commerciali\/#primaryimage","url":"https:\/\/www.ilnotiziario.net\/wp\/wp-content\/uploads\/2021\/01\/il-centro.jpg","contentUrl":"https:\/\/www.ilnotiziario.net\/wp\/wp-content\/uploads\/2021\/01\/il-centro.jpg","width":1600,"height":900},{"@type":"BreadcrumbList","@id":"https:\/\/www.ilnotiziario.net\/wp\/prima-pagina\/zona-gialla-supermercati-centri-commerciali\/#breadcrumb","itemListElement":[{"@type":"ListItem","position":1,"name":"tds_text_logo_tagline_colortds_text_logo_tagline_colortds_text_logo_tagline_colortds_text_logo_tagline_colortd_module_7_title_excerpttd_module_7_title_excerpttd_module_7_title_excerpttd_module_7_title_excerptHome","item":"https:\/\/www.ilnotiziario.net\/wp\/"},{"@type":"ListItem","position":2,"name":"Zona gialla sabato 13 e domenica 14: supermercati aperti, centri commerciali chiusi"}]},{"@type":"WebSite","@id":"https:\/\/www.ilnotiziario.net\/wp\/#website","url":"https:\/\/www.ilnotiziario.net\/wp\/","name":"Il Notiziario","description":"Per restare sempre connessi alla notizia","publisher":{"@id":"https:\/\/www.ilnotiziario.net\/wp\/#organization"},"alternateName":"Il Notiziario Bollate","potentialAction":[{"@type":"SearchAction","target":{"@type":"EntryPoint","urlTemplate":"https:\/\/www.ilnotiziario.net\/wp\/?s={search_term_string}"},"query-input":{"@type":"PropertyValueSpecification","valueRequired":true,"valueName":"search_term_string"}}],"inLanguage":"it-IT"},{"@type":"Organization","@id":"https:\/\/www.ilnotiziario.net\/wp\/#organization","name":"Il Notiziario","url":"https:\/\/www.ilnotiziario.net\/wp\/","logo":{"@type":"ImageObject","inLanguage":"it-IT","@id":"https:\/\/www.ilnotiziario.net\/wp\/#\/schema\/logo\/image\/","url":"https:\/\/www.ilnotiziario.net\/wp\/wp-content\/uploads\/2022\/06\/170x170ilN.png","contentUrl":"https:\/\/www.ilnotiziario.net\/wp\/wp-content\/uploads\/2022\/06\/170x170ilN.png","width":355,"height":355,"caption":"Il Notiziario"},"image":{"@id":"https:\/\/www.ilnotiziario.net\/wp\/#\/schema\/logo\/image\/"},"sameAs":["https:\/\/www.facebook.com\/ilnotiziarioind\/","https:\/\/x.com\/ilNotiziarioInd","https:\/\/www.instagram.com\/ilnotiziario_settimanale\/"]},{"@type":"Person","@id":"https:\/\/www.ilnotiziario.net\/wp\/#\/schema\/person\/386e222908f898bb41c033989482bbf2","name":"Gabriele Bassani","image":{"@type":"ImageObject","inLanguage":"it-IT","@id":"https:\/\/secure.gravatar.com\/avatar\/09274f4a84fa97698bde56f84b3afed61c8492d48b0550db9671b68c177479cb?s=96&d=mm&r=g","url":"https:\/\/secure.gravatar.com\/avatar\/09274f4a84fa97698bde56f84b3afed61c8492d48b0550db9671b68c177479cb?s=96&d=mm&r=g","contentUrl":"https:\/\/secure.gravatar.com\/avatar\/09274f4a84fa97698bde56f84b3afed61c8492d48b0550db9671b68c177479cb?s=96&d=mm&r=g","caption":"Gabriele Bassani"},"sameAs":["http:\/\/www.ilnotiziario.net"]}]}},"_links":{"self":[{"href":"https:\/\/www.ilnotiziario.net\/wp\/wp-json\/wp\/v2\/posts\/147894","targetHints":{"allow":["GET"]}}],"collection":[{"href":"https:\/\/www.ilnotiziario.net\/wp\/wp-json\/wp\/v2\/posts"}],"about":[{"href":"https:\/\/www.ilnotiziario.net\/wp\/wp-json\/wp\/v2\/types\/post"}],"author":[{"embeddable":true,"href":"https:\/\/www.ilnotiziario.net\/wp\/wp-json\/wp\/v2\/users\/3"}],"replies":[{"embeddable":true,"href":"https:\/\/www.ilnotiziario.net\/wp\/wp-json\/wp\/v2\/comments?post=147894"}],"version-history":[{"count":0,"href":"https:\/\/www.ilnotiziario.net\/wp\/wp-json\/wp\/v2\/posts\/147894\/revisions"}],"wp:featuredmedia":[{"embeddable":true,"href":"https:\/\/www.ilnotiziario.net\/wp\/wp-json\/wp\/v2\/media\/146999"}],"wp:attachment":[{"href":"https:\/\/www.ilnotiziario.net\/wp\/wp-json\/wp\/v2\/media?parent=147894"}],"wp:term":[{"taxonomy":"category","embeddable":true,"href":"https:\/\/www.ilnotiziario.net\/wp\/wp-json\/wp\/v2\/categories?post=147894"},{"taxonomy":"post_tag","embeddable":true,"href":"https:\/\/www.ilnotiziario.net\/wp\/wp-json\/wp\/v2\/tags?post=147894"}],"curies":[{"name":"wp","href":"https:\/\/api.w.org\/{rel}","templated":true}]}}