{"id":147926,"date":"2021-02-15T10:25:05","date_gmt":"2021-02-15T09:25:05","guid":{"rendered":"https:\/\/www.ilnotiziario.net\/wp\/?p=147926"},"modified":"2021-02-16T15:15:27","modified_gmt":"2021-02-16T14:15:27","slug":"henkel-lomazzo-chiude-lazzate-cogliate-rovellasca","status":"publish","type":"post","link":"https:\/\/www.ilnotiziario.net\/wp\/prima-pagina\/henkel-lomazzo-chiude-lazzate-cogliate-rovellasca\/","title":{"rendered":"Henkel chiude a Lomazzo, 150 posti a rischio con l&#8217;indotto anche a Rovellasca, Lazzate e Cogliate"},"content":{"rendered":"<p><img decoding=\"async\" class=\"aligncenter size-medium wp-image-147927\" src=\"https:\/\/www.ilnotiziario.net\/wp\/wp-content\/uploads\/2021\/02\/Henkel-Lomazzo-300x134.jpg\" alt=\"Henkel Lomazzo\" width=\"300\" height=\"134\" srcset=\"https:\/\/www.ilnotiziario.net\/wp\/wp-content\/uploads\/2021\/02\/Henkel-Lomazzo-300x134.jpg 300w, https:\/\/www.ilnotiziario.net\/wp\/wp-content\/uploads\/2021\/02\/Henkel-Lomazzo-1024x456.jpg 1024w, https:\/\/www.ilnotiziario.net\/wp\/wp-content\/uploads\/2021\/02\/Henkel-Lomazzo-768x342.jpg 768w, https:\/\/www.ilnotiziario.net\/wp\/wp-content\/uploads\/2021\/02\/Henkel-Lomazzo-696x310.jpg 696w, https:\/\/www.ilnotiziario.net\/wp\/wp-content\/uploads\/2021\/02\/Henkel-Lomazzo-1068x476.jpg 1068w, https:\/\/www.ilnotiziario.net\/wp\/wp-content\/uploads\/2021\/02\/Henkel-Lomazzo.jpg 1172w\" sizes=\"(max-width: 300px) 100vw, 300px\" \/>Il gruppo Henkel, che produce detergenti per bucato e stoviglie di numerosi marchi noti, ha annunciato la chiusura entro giugno 2021 dello stabilimento di Lomazzo (Como).<br \/>\nTutta la produzione sar\u00e0 trasferita nel sito di Ferentino, in provincia di Frosinone.<br \/>\nUn\u2019operazione che avr\u00e0 un impatto notevole sul territorio sia per gli 81 dipendenti diretti della multinazionale tedesca, sia per quelli (altri 70 circa) <strong>delle aziende locali che forniscono servizi allo stabilimento di Lomazzo, dalla mensa, ai trasporti, alla logistica alle manutenzioni.<\/strong><br \/>\nSi parla di un colpo durissimo all\u2019economia del circondario, da Rovellasca a Lazzate, da Turate a Rovello Porro, Cogliate e Saronno, comuni in cui si concentrano dipendenti diretti e imprese a servizio di Henkel.<\/p><div id=\"ilnot-1238187516\" class=\"ilnot-contenuto ilnot-entity-placement\"><p><!-- incontent_1 --><\/p>\n<div class=\"gptslot\" data-adunitid=\"1\"><\/div>\n<\/div>\n<p><a href=\"https:\/\/www.ilnotiziario.net\/wp\/2021\/02\/16\/lomazzo-henkel-sciopero-presidio-lavoro-chiusura\/\"><strong>AGGIORNAMENTO: Lo sciopero davanti allo stabilimento Henkel di Lomazzo e le interviste ai lavoratori | VIDEO<\/strong><\/a><\/p>\n<p>&#8220;La decisione \u2013 riferisce la nota diffusa da Henkel- si \u00e8 resa necessaria per proteggere la stabilita&#8217; e la competitivit\u00e0 dell&#8217;azienda in una prospettiva di lungo periodo. In Italia, la capacit\u00e0 produttiva complessiva \u00e8 da tempo superiore a quella di cui l&#8217;azienda ha bisogno per servire il mercato della detergenza e, di conseguenza, Henkel deve adattare il proprio assetto per continuare a rispondere con efficacia ed efficienza all&#8217;evoluzione della domanda e dei clienti. In 145 anni di storia, questo approccio ha permesso al Gruppo di rimanere solido e competitivo nonostante il cambiamento spesso turbolento degli scenari di mercato. Valutazioni oggettive su capacit\u00e0 e tipologie produttive, posizione e caratteristiche del sito motivano la scelta di Ferentino come unico polo produttivo di Laundry &amp; Home Care in Italia. Per effetto della decisione annunciata oggi,<strong> le attivit\u00e0 e i volumi attualmente gestiti dall&#8217;unit\u00e0 produttiva di Lomazzo (Como) verranno assorbiti da Ferentino e<\/strong>, in parte, da altri siti europei del Gruppo. Lo stabilimento di Lomazzo cesser\u00e0 la sua attivit\u00e0 entro fine giugno 2021. L&#8217;azienda si attiver\u00e0 in modo responsabile nei confronti dei dipendenti coinvolti&#8221;.<\/p><div id=\"ilnot-1085337469\" class=\"ilnot-contenuto_2 ilnot-entity-placement\"><div class=\"ads-wrapper\">\n<div class=\"ad-slot\">\n   <div id=\"ilnot-2627567075\" style=\"margin-right: auto;margin-left: auto;text-align: center;width: 320px;height: 100px;\"><a href=\"https:\/\/www.scuolasicurezza.it\/\"><img decoding=\"async\" src=\"https:\/\/www.ilnotiziario.net\/wp\/wp-content\/uploads\/2026\/04\/IlNotiziario_banner-sito-e-newsletter-320-x-100-px-1.gif\" alt=\"\"><\/a><\/div>\n  <\/div>\n<div class=\"ad-slot\">\n   <div id=\"ilnot-1585209979\" style=\"margin-right: auto;margin-left: auto;text-align: center;width: 320px;height: 100px;\"><a href=\"https:\/\/purodesignarredamenti.com\/\"><img decoding=\"async\" src=\"https:\/\/www.ilnotiziario.net\/wp\/wp-content\/uploads\/2026\/04\/banner-puro-ok.gif\" alt=\"whatsapp\"><\/a><\/div><\/p><\/div>\n<\/div>\n<\/div>\n<p>Ma i sindacati contestano l\u2019analisi fornita dall\u2019azienda ricordando tra l\u2019altro che i lavoratori dello stabilimento di Lomazzo hanno fatto straordinari fino ad ottobre con zero ore di Cassa integrazione ordinaria.<br \/>\n\u201cNel mese di dicembre -dice Marco Felli della Cisl-<strong> sono state \u201ccongelate\u201d ferie e permessi dei lavoratori fino alla prima settimana di gennaio 2021<\/strong> a fronte di un importante carico di lavoro. Qui c\u2019\u00e8 un assenteismo che non si pu\u00f2 definire tale in quanto pari al 2,77% La divisione Laundry &amp; Home Care ha raggiunto un + 7% rispetto all\u2019anno 2019 e a Lomazzo la produzione principale \u00e8 proprio quella dedicata alla detergenza liquida<br \/>\nRispetto alle tonnellate di budget previste per l\u2019anno 2020 c\u2019\u00e8 stato un incremento di produzione che per quanto riguarda il sito di Lomazzo ha prodotto 130.900 tonnellate con relativo conseguimento di un extra budget + 8,3%\u201d.<\/p>\n<p>Dopo l\u2019incontro con il sindaco di Lomazzo che si \u00e8 svolto sabato mattina, i sindacati hanno indetto<strong> uno sciopero per i lavoratori dello stabilimento domani, marted\u00ec 16 a cui si aggiunger\u00e0 quello di mercoled\u00ec in tutti i siti Henkel Italia.<\/strong><\/p>\n","protected":false},"excerpt":{"rendered":"<p>Il gruppo Henkel, che produce detergenti per bucato e stoviglie di numerosi marchi noti, ha annunciato la chiusura entro giugno 2021 dello stabilimento di Lomazzo (Como). Tutta la produzione sar\u00e0 trasferita nel sito di Ferentino, in provincia di Frosinone. Un\u2019operazione che avr\u00e0 un impatto notevole sul territorio sia per gli 81 dipendenti diretti della multinazionale<\/p>\n","protected":false},"author":3,"featured_media":147927,"comment_status":"closed","ping_status":"closed","sticky":false,"template":"","format":"standard","meta":{"footnotes":""},"categories":[9,20,13],"tags":[8312,286,8311,1437,623,421],"class_list":{"0":"post-147926","1":"post","2":"type-post","3":"status-publish","4":"format-standard","5":"has-post-thumbnail","7":"category-brianza","8":"category-prima-pagina","9":"category-saronnese","10":"tag-chiude","11":"tag-cogliate","12":"tag-henkel","13":"tag-lomazzo","14":"tag-rovellasca","15":"tag-sciopero"},"yoast_head":"<!-- This site is optimized with the Yoast SEO plugin v27.4 - https:\/\/yoast.com\/product\/yoast-seo-wordpress\/ -->\n<title>Henkel chiude a Lomazzo, 150 posti a rischio con l&#039;indotto anche a Rovellasca, Lazzate e Cogliate - Il Notiziario<\/title>\n<meta name=\"description\" content=\"Il gruppo Henkel, che produce detergenti per bucato e stoviglie di numerosi marchi noti, ha annunciato la chiusura entro giugno 2021 dello stabilimento di\" \/>\n<meta name=\"robots\" content=\"index, follow, max-snippet:-1, max-image-preview:large, max-video-preview:-1\" \/>\n<link rel=\"canonical\" href=\"https:\/\/www.ilnotiziario.net\/wp\/prima-pagina\/henkel-lomazzo-chiude-lazzate-cogliate-rovellasca\/\" \/>\n<meta property=\"og:locale\" content=\"it_IT\" \/>\n<meta property=\"og:type\" content=\"article\" \/>\n<meta property=\"og:title\" content=\"Henkel chiude a Lomazzo, 150 posti a rischio con l&#039;indotto anche a Rovellasca, Lazzate e Cogliate - Il Notiziario\" \/>\n<meta property=\"og:description\" content=\"Il gruppo Henkel, che produce detergenti per bucato e stoviglie di numerosi marchi noti, ha annunciato la chiusura entro giugno 2021 dello stabilimento di\" \/>\n<meta property=\"og:url\" content=\"https:\/\/www.ilnotiziario.net\/wp\/prima-pagina\/henkel-lomazzo-chiude-lazzate-cogliate-rovellasca\/\" \/>\n<meta property=\"og:site_name\" content=\"Il Notiziario\" \/>\n<meta property=\"article:publisher\" content=\"https:\/\/www.facebook.com\/ilnotiziarioind\/\" \/>\n<meta property=\"article:published_time\" content=\"2021-02-15T09:25:05+00:00\" \/>\n<meta property=\"article:modified_time\" content=\"2021-02-16T14:15:27+00:00\" \/>\n<meta property=\"og:image\" content=\"https:\/\/www.ilnotiziario.net\/wp\/wp-content\/uploads\/2021\/02\/Henkel-Lomazzo.jpg\" \/>\n\t<meta property=\"og:image:width\" content=\"1172\" \/>\n\t<meta property=\"og:image:height\" content=\"522\" \/>\n\t<meta property=\"og:image:type\" content=\"image\/jpeg\" \/>\n<meta name=\"author\" content=\"Gabriele Bassani\" \/>\n<meta name=\"twitter:card\" content=\"summary_large_image\" \/>\n<meta name=\"twitter:creator\" content=\"@ilNotiziarioInd\" \/>\n<meta name=\"twitter:site\" content=\"@ilNotiziarioInd\" \/>\n<meta name=\"twitter:label1\" content=\"Scritto da\" \/>\n\t<meta name=\"twitter:data1\" content=\"Gabriele Bassani\" \/>\n\t<meta name=\"twitter:label2\" content=\"Tempo di lettura stimato\" \/>\n\t<meta name=\"twitter:data2\" content=\"3 minuti\" \/>\n<script type=\"application\/ld+json\" class=\"yoast-schema-graph\">{\"@context\":\"https:\\\/\\\/schema.org\",\"@graph\":[{\"@type\":\"Article\",\"@id\":\"https:\\\/\\\/www.ilnotiziario.net\\\/wp\\\/prima-pagina\\\/henkel-lomazzo-chiude-lazzate-cogliate-rovellasca\\\/#article\",\"isPartOf\":{\"@id\":\"https:\\\/\\\/www.ilnotiziario.net\\\/wp\\\/prima-pagina\\\/henkel-lomazzo-chiude-lazzate-cogliate-rovellasca\\\/\"},\"author\":{\"name\":\"Gabriele Bassani\",\"@id\":\"https:\\\/\\\/www.ilnotiziario.net\\\/wp\\\/#\\\/schema\\\/person\\\/386e222908f898bb41c033989482bbf2\"},\"headline\":\"Henkel chiude a Lomazzo, 150 posti a rischio con l&#8217;indotto anche a Rovellasca, Lazzate e Cogliate\",\"datePublished\":\"2021-02-15T09:25:05+00:00\",\"dateModified\":\"2021-02-16T14:15:27+00:00\",\"mainEntityOfPage\":{\"@id\":\"https:\\\/\\\/www.ilnotiziario.net\\\/wp\\\/prima-pagina\\\/henkel-lomazzo-chiude-lazzate-cogliate-rovellasca\\\/\"},\"wordCount\":498,\"publisher\":{\"@id\":\"https:\\\/\\\/www.ilnotiziario.net\\\/wp\\\/#organization\"},\"image\":{\"@id\":\"https:\\\/\\\/www.ilnotiziario.net\\\/wp\\\/prima-pagina\\\/henkel-lomazzo-chiude-lazzate-cogliate-rovellasca\\\/#primaryimage\"},\"thumbnailUrl\":\"https:\\\/\\\/www.ilnotiziario.net\\\/wp\\\/wp-content\\\/uploads\\\/2021\\\/02\\\/Henkel-Lomazzo.jpg\",\"keywords\":[\"chiude\",\"Cogliate\",\"Henkel\",\"Lomazzo\",\"Rovellasca\",\"sciopero\"],\"articleSection\":[\"BRIANZA\",\"Prima Pagina\",\"SARONNESE\"],\"inLanguage\":\"it-IT\"},{\"@type\":\"WebPage\",\"@id\":\"https:\\\/\\\/www.ilnotiziario.net\\\/wp\\\/prima-pagina\\\/henkel-lomazzo-chiude-lazzate-cogliate-rovellasca\\\/\",\"url\":\"https:\\\/\\\/www.ilnotiziario.net\\\/wp\\\/prima-pagina\\\/henkel-lomazzo-chiude-lazzate-cogliate-rovellasca\\\/\",\"name\":\"Henkel chiude a Lomazzo, 150 posti a rischio con l'indotto anche a Rovellasca, Lazzate e Cogliate - Il Notiziario\",\"isPartOf\":{\"@id\":\"https:\\\/\\\/www.ilnotiziario.net\\\/wp\\\/#website\"},\"primaryImageOfPage\":{\"@id\":\"https:\\\/\\\/www.ilnotiziario.net\\\/wp\\\/prima-pagina\\\/henkel-lomazzo-chiude-lazzate-cogliate-rovellasca\\\/#primaryimage\"},\"image\":{\"@id\":\"https:\\\/\\\/www.ilnotiziario.net\\\/wp\\\/prima-pagina\\\/henkel-lomazzo-chiude-lazzate-cogliate-rovellasca\\\/#primaryimage\"},\"thumbnailUrl\":\"https:\\\/\\\/www.ilnotiziario.net\\\/wp\\\/wp-content\\\/uploads\\\/2021\\\/02\\\/Henkel-Lomazzo.jpg\",\"datePublished\":\"2021-02-15T09:25:05+00:00\",\"dateModified\":\"2021-02-16T14:15:27+00:00\",\"description\":\"Il gruppo Henkel, che produce detergenti per bucato e stoviglie di numerosi marchi noti, ha annunciato la chiusura entro giugno 2021 dello stabilimento di\",\"breadcrumb\":{\"@id\":\"https:\\\/\\\/www.ilnotiziario.net\\\/wp\\\/prima-pagina\\\/henkel-lomazzo-chiude-lazzate-cogliate-rovellasca\\\/#breadcrumb\"},\"inLanguage\":\"it-IT\",\"potentialAction\":[{\"@type\":\"ReadAction\",\"target\":[\"https:\\\/\\\/www.ilnotiziario.net\\\/wp\\\/prima-pagina\\\/henkel-lomazzo-chiude-lazzate-cogliate-rovellasca\\\/\"]}]},{\"@type\":\"ImageObject\",\"inLanguage\":\"it-IT\",\"@id\":\"https:\\\/\\\/www.ilnotiziario.net\\\/wp\\\/prima-pagina\\\/henkel-lomazzo-chiude-lazzate-cogliate-rovellasca\\\/#primaryimage\",\"url\":\"https:\\\/\\\/www.ilnotiziario.net\\\/wp\\\/wp-content\\\/uploads\\\/2021\\\/02\\\/Henkel-Lomazzo.jpg\",\"contentUrl\":\"https:\\\/\\\/www.ilnotiziario.net\\\/wp\\\/wp-content\\\/uploads\\\/2021\\\/02\\\/Henkel-Lomazzo.jpg\",\"width\":1172,\"height\":522,\"caption\":\"Henkel Lomazzo\"},{\"@type\":\"BreadcrumbList\",\"@id\":\"https:\\\/\\\/www.ilnotiziario.net\\\/wp\\\/prima-pagina\\\/henkel-lomazzo-chiude-lazzate-cogliate-rovellasca\\\/#breadcrumb\",\"itemListElement\":[{\"@type\":\"ListItem\",\"position\":1,\"name\":\"tds_text_logo_tagline_colortds_text_logo_tagline_colortds_text_logo_tagline_colortds_text_logo_tagline_colortd_module_7_title_excerpttd_module_7_title_excerpttd_module_7_title_excerpttd_module_7_title_excerptHome\",\"item\":\"https:\\\/\\\/www.ilnotiziario.net\\\/wp\\\/\"},{\"@type\":\"ListItem\",\"position\":2,\"name\":\"Henkel chiude a Lomazzo, 150 posti a rischio con l&#8217;indotto anche a Rovellasca, Lazzate e Cogliate\"}]},{\"@type\":\"WebSite\",\"@id\":\"https:\\\/\\\/www.ilnotiziario.net\\\/wp\\\/#website\",\"url\":\"https:\\\/\\\/www.ilnotiziario.net\\\/wp\\\/\",\"name\":\"Il Notiziario\",\"description\":\"Per restare sempre connessi alla notizia\",\"publisher\":{\"@id\":\"https:\\\/\\\/www.ilnotiziario.net\\\/wp\\\/#organization\"},\"alternateName\":\"Il Notiziario Bollate\",\"potentialAction\":[{\"@type\":\"SearchAction\",\"target\":{\"@type\":\"EntryPoint\",\"urlTemplate\":\"https:\\\/\\\/www.ilnotiziario.net\\\/wp\\\/?s={search_term_string}\"},\"query-input\":{\"@type\":\"PropertyValueSpecification\",\"valueRequired\":true,\"valueName\":\"search_term_string\"}}],\"inLanguage\":\"it-IT\"},{\"@type\":\"Organization\",\"@id\":\"https:\\\/\\\/www.ilnotiziario.net\\\/wp\\\/#organization\",\"name\":\"Il Notiziario\",\"url\":\"https:\\\/\\\/www.ilnotiziario.net\\\/wp\\\/\",\"logo\":{\"@type\":\"ImageObject\",\"inLanguage\":\"it-IT\",\"@id\":\"https:\\\/\\\/www.ilnotiziario.net\\\/wp\\\/#\\\/schema\\\/logo\\\/image\\\/\",\"url\":\"https:\\\/\\\/www.ilnotiziario.net\\\/wp\\\/wp-content\\\/uploads\\\/2022\\\/06\\\/170x170ilN.png\",\"contentUrl\":\"https:\\\/\\\/www.ilnotiziario.net\\\/wp\\\/wp-content\\\/uploads\\\/2022\\\/06\\\/170x170ilN.png\",\"width\":355,\"height\":355,\"caption\":\"Il Notiziario\"},\"image\":{\"@id\":\"https:\\\/\\\/www.ilnotiziario.net\\\/wp\\\/#\\\/schema\\\/logo\\\/image\\\/\"},\"sameAs\":[\"https:\\\/\\\/www.facebook.com\\\/ilnotiziarioind\\\/\",\"https:\\\/\\\/x.com\\\/ilNotiziarioInd\",\"https:\\\/\\\/www.instagram.com\\\/ilnotiziario_settimanale\\\/\"]},{\"@type\":\"Person\",\"@id\":\"https:\\\/\\\/www.ilnotiziario.net\\\/wp\\\/#\\\/schema\\\/person\\\/386e222908f898bb41c033989482bbf2\",\"name\":\"Gabriele Bassani\",\"image\":{\"@type\":\"ImageObject\",\"inLanguage\":\"it-IT\",\"@id\":\"https:\\\/\\\/secure.gravatar.com\\\/avatar\\\/09274f4a84fa97698bde56f84b3afed61c8492d48b0550db9671b68c177479cb?s=96&d=mm&r=g\",\"url\":\"https:\\\/\\\/secure.gravatar.com\\\/avatar\\\/09274f4a84fa97698bde56f84b3afed61c8492d48b0550db9671b68c177479cb?s=96&d=mm&r=g\",\"contentUrl\":\"https:\\\/\\\/secure.gravatar.com\\\/avatar\\\/09274f4a84fa97698bde56f84b3afed61c8492d48b0550db9671b68c177479cb?s=96&d=mm&r=g\",\"caption\":\"Gabriele Bassani\"},\"sameAs\":[\"http:\\\/\\\/www.ilnotiziario.net\"]}]}<\/script>\n<!-- \/ Yoast SEO plugin. -->","yoast_head_json":{"title":"Henkel chiude a Lomazzo, 150 posti a rischio con l'indotto anche a Rovellasca, Lazzate e Cogliate - Il Notiziario","description":"Il gruppo Henkel, che produce detergenti per bucato e stoviglie di numerosi marchi noti, ha annunciato la chiusura entro giugno 2021 dello stabilimento di","robots":{"index":"index","follow":"follow","max-snippet":"max-snippet:-1","max-image-preview":"max-image-preview:large","max-video-preview":"max-video-preview:-1"},"canonical":"https:\/\/www.ilnotiziario.net\/wp\/prima-pagina\/henkel-lomazzo-chiude-lazzate-cogliate-rovellasca\/","og_locale":"it_IT","og_type":"article","og_title":"Henkel chiude a Lomazzo, 150 posti a rischio con l'indotto anche a Rovellasca, Lazzate e Cogliate - Il Notiziario","og_description":"Il gruppo Henkel, che produce detergenti per bucato e stoviglie di numerosi marchi noti, ha annunciato la chiusura entro giugno 2021 dello stabilimento di","og_url":"https:\/\/www.ilnotiziario.net\/wp\/prima-pagina\/henkel-lomazzo-chiude-lazzate-cogliate-rovellasca\/","og_site_name":"Il Notiziario","article_publisher":"https:\/\/www.facebook.com\/ilnotiziarioind\/","article_published_time":"2021-02-15T09:25:05+00:00","article_modified_time":"2021-02-16T14:15:27+00:00","og_image":[{"width":1172,"height":522,"url":"https:\/\/www.ilnotiziario.net\/wp\/wp-content\/uploads\/2021\/02\/Henkel-Lomazzo.jpg","type":"image\/jpeg"}],"author":"Gabriele Bassani","twitter_card":"summary_large_image","twitter_creator":"@ilNotiziarioInd","twitter_site":"@ilNotiziarioInd","twitter_misc":{"Scritto da":"Gabriele Bassani","Tempo di lettura stimato":"3 minuti"},"schema":{"@context":"https:\/\/schema.org","@graph":[{"@type":"Article","@id":"https:\/\/www.ilnotiziario.net\/wp\/prima-pagina\/henkel-lomazzo-chiude-lazzate-cogliate-rovellasca\/#article","isPartOf":{"@id":"https:\/\/www.ilnotiziario.net\/wp\/prima-pagina\/henkel-lomazzo-chiude-lazzate-cogliate-rovellasca\/"},"author":{"name":"Gabriele Bassani","@id":"https:\/\/www.ilnotiziario.net\/wp\/#\/schema\/person\/386e222908f898bb41c033989482bbf2"},"headline":"Henkel chiude a Lomazzo, 150 posti a rischio con l&#8217;indotto anche a Rovellasca, Lazzate e Cogliate","datePublished":"2021-02-15T09:25:05+00:00","dateModified":"2021-02-16T14:15:27+00:00","mainEntityOfPage":{"@id":"https:\/\/www.ilnotiziario.net\/wp\/prima-pagina\/henkel-lomazzo-chiude-lazzate-cogliate-rovellasca\/"},"wordCount":498,"publisher":{"@id":"https:\/\/www.ilnotiziario.net\/wp\/#organization"},"image":{"@id":"https:\/\/www.ilnotiziario.net\/wp\/prima-pagina\/henkel-lomazzo-chiude-lazzate-cogliate-rovellasca\/#primaryimage"},"thumbnailUrl":"https:\/\/www.ilnotiziario.net\/wp\/wp-content\/uploads\/2021\/02\/Henkel-Lomazzo.jpg","keywords":["chiude","Cogliate","Henkel","Lomazzo","Rovellasca","sciopero"],"articleSection":["BRIANZA","Prima Pagina","SARONNESE"],"inLanguage":"it-IT"},{"@type":"WebPage","@id":"https:\/\/www.ilnotiziario.net\/wp\/prima-pagina\/henkel-lomazzo-chiude-lazzate-cogliate-rovellasca\/","url":"https:\/\/www.ilnotiziario.net\/wp\/prima-pagina\/henkel-lomazzo-chiude-lazzate-cogliate-rovellasca\/","name":"Henkel chiude a Lomazzo, 150 posti a rischio con l'indotto anche a Rovellasca, Lazzate e Cogliate - Il Notiziario","isPartOf":{"@id":"https:\/\/www.ilnotiziario.net\/wp\/#website"},"primaryImageOfPage":{"@id":"https:\/\/www.ilnotiziario.net\/wp\/prima-pagina\/henkel-lomazzo-chiude-lazzate-cogliate-rovellasca\/#primaryimage"},"image":{"@id":"https:\/\/www.ilnotiziario.net\/wp\/prima-pagina\/henkel-lomazzo-chiude-lazzate-cogliate-rovellasca\/#primaryimage"},"thumbnailUrl":"https:\/\/www.ilnotiziario.net\/wp\/wp-content\/uploads\/2021\/02\/Henkel-Lomazzo.jpg","datePublished":"2021-02-15T09:25:05+00:00","dateModified":"2021-02-16T14:15:27+00:00","description":"Il gruppo Henkel, che produce detergenti per bucato e stoviglie di numerosi marchi noti, ha annunciato la chiusura entro giugno 2021 dello stabilimento di","breadcrumb":{"@id":"https:\/\/www.ilnotiziario.net\/wp\/prima-pagina\/henkel-lomazzo-chiude-lazzate-cogliate-rovellasca\/#breadcrumb"},"inLanguage":"it-IT","potentialAction":[{"@type":"ReadAction","target":["https:\/\/www.ilnotiziario.net\/wp\/prima-pagina\/henkel-lomazzo-chiude-lazzate-cogliate-rovellasca\/"]}]},{"@type":"ImageObject","inLanguage":"it-IT","@id":"https:\/\/www.ilnotiziario.net\/wp\/prima-pagina\/henkel-lomazzo-chiude-lazzate-cogliate-rovellasca\/#primaryimage","url":"https:\/\/www.ilnotiziario.net\/wp\/wp-content\/uploads\/2021\/02\/Henkel-Lomazzo.jpg","contentUrl":"https:\/\/www.ilnotiziario.net\/wp\/wp-content\/uploads\/2021\/02\/Henkel-Lomazzo.jpg","width":1172,"height":522,"caption":"Henkel Lomazzo"},{"@type":"BreadcrumbList","@id":"https:\/\/www.ilnotiziario.net\/wp\/prima-pagina\/henkel-lomazzo-chiude-lazzate-cogliate-rovellasca\/#breadcrumb","itemListElement":[{"@type":"ListItem","position":1,"name":"tds_text_logo_tagline_colortds_text_logo_tagline_colortds_text_logo_tagline_colortds_text_logo_tagline_colortd_module_7_title_excerpttd_module_7_title_excerpttd_module_7_title_excerpttd_module_7_title_excerptHome","item":"https:\/\/www.ilnotiziario.net\/wp\/"},{"@type":"ListItem","position":2,"name":"Henkel chiude a Lomazzo, 150 posti a rischio con l&#8217;indotto anche a Rovellasca, Lazzate e Cogliate"}]},{"@type":"WebSite","@id":"https:\/\/www.ilnotiziario.net\/wp\/#website","url":"https:\/\/www.ilnotiziario.net\/wp\/","name":"Il Notiziario","description":"Per restare sempre connessi alla notizia","publisher":{"@id":"https:\/\/www.ilnotiziario.net\/wp\/#organization"},"alternateName":"Il Notiziario Bollate","potentialAction":[{"@type":"SearchAction","target":{"@type":"EntryPoint","urlTemplate":"https:\/\/www.ilnotiziario.net\/wp\/?s={search_term_string}"},"query-input":{"@type":"PropertyValueSpecification","valueRequired":true,"valueName":"search_term_string"}}],"inLanguage":"it-IT"},{"@type":"Organization","@id":"https:\/\/www.ilnotiziario.net\/wp\/#organization","name":"Il Notiziario","url":"https:\/\/www.ilnotiziario.net\/wp\/","logo":{"@type":"ImageObject","inLanguage":"it-IT","@id":"https:\/\/www.ilnotiziario.net\/wp\/#\/schema\/logo\/image\/","url":"https:\/\/www.ilnotiziario.net\/wp\/wp-content\/uploads\/2022\/06\/170x170ilN.png","contentUrl":"https:\/\/www.ilnotiziario.net\/wp\/wp-content\/uploads\/2022\/06\/170x170ilN.png","width":355,"height":355,"caption":"Il Notiziario"},"image":{"@id":"https:\/\/www.ilnotiziario.net\/wp\/#\/schema\/logo\/image\/"},"sameAs":["https:\/\/www.facebook.com\/ilnotiziarioind\/","https:\/\/x.com\/ilNotiziarioInd","https:\/\/www.instagram.com\/ilnotiziario_settimanale\/"]},{"@type":"Person","@id":"https:\/\/www.ilnotiziario.net\/wp\/#\/schema\/person\/386e222908f898bb41c033989482bbf2","name":"Gabriele Bassani","image":{"@type":"ImageObject","inLanguage":"it-IT","@id":"https:\/\/secure.gravatar.com\/avatar\/09274f4a84fa97698bde56f84b3afed61c8492d48b0550db9671b68c177479cb?s=96&d=mm&r=g","url":"https:\/\/secure.gravatar.com\/avatar\/09274f4a84fa97698bde56f84b3afed61c8492d48b0550db9671b68c177479cb?s=96&d=mm&r=g","contentUrl":"https:\/\/secure.gravatar.com\/avatar\/09274f4a84fa97698bde56f84b3afed61c8492d48b0550db9671b68c177479cb?s=96&d=mm&r=g","caption":"Gabriele Bassani"},"sameAs":["http:\/\/www.ilnotiziario.net"]}]}},"_links":{"self":[{"href":"https:\/\/www.ilnotiziario.net\/wp\/wp-json\/wp\/v2\/posts\/147926","targetHints":{"allow":["GET"]}}],"collection":[{"href":"https:\/\/www.ilnotiziario.net\/wp\/wp-json\/wp\/v2\/posts"}],"about":[{"href":"https:\/\/www.ilnotiziario.net\/wp\/wp-json\/wp\/v2\/types\/post"}],"author":[{"embeddable":true,"href":"https:\/\/www.ilnotiziario.net\/wp\/wp-json\/wp\/v2\/users\/3"}],"replies":[{"embeddable":true,"href":"https:\/\/www.ilnotiziario.net\/wp\/wp-json\/wp\/v2\/comments?post=147926"}],"version-history":[{"count":0,"href":"https:\/\/www.ilnotiziario.net\/wp\/wp-json\/wp\/v2\/posts\/147926\/revisions"}],"wp:featuredmedia":[{"embeddable":true,"href":"https:\/\/www.ilnotiziario.net\/wp\/wp-json\/wp\/v2\/media\/147927"}],"wp:attachment":[{"href":"https:\/\/www.ilnotiziario.net\/wp\/wp-json\/wp\/v2\/media?parent=147926"}],"wp:term":[{"taxonomy":"category","embeddable":true,"href":"https:\/\/www.ilnotiziario.net\/wp\/wp-json\/wp\/v2\/categories?post=147926"},{"taxonomy":"post_tag","embeddable":true,"href":"https:\/\/www.ilnotiziario.net\/wp\/wp-json\/wp\/v2\/tags?post=147926"}],"curies":[{"name":"wp","href":"https:\/\/api.w.org\/{rel}","templated":true}]}}