{"id":148078,"date":"2021-02-18T17:58:22","date_gmt":"2021-02-18T16:58:22","guid":{"rendered":"https:\/\/www.ilnotiziario.net\/wp\/?p=148078"},"modified":"2021-02-18T17:58:22","modified_gmt":"2021-02-18T16:58:22","slug":"fate-the-winx-saga-seconda-stagione","status":"publish","type":"post","link":"https:\/\/www.ilnotiziario.net\/wp\/serietv\/fate-the-winx-saga-seconda-stagione\/","title":{"rendered":"Fate: The Winx Saga, Netflix annuncia la seconda stagione della serie live action"},"content":{"rendered":"<div dir=\"ltr\">\n<div class=\"gmail_quote\">\n<div dir=\"ltr\">\n<div class=\"gmail_quote\">\n<div dir=\"ltr\">\n<div class=\"gmail_quote\">\n<div dir=\"ltr\">\n<div class=\"gmail_quote\">\n<div dir=\"ltr\">\n<div class=\"gmail_quote\">\n<div dir=\"ltr\">\n<div class=\"gmail_quote\">\n<div dir=\"ltr\">\n<div class=\"gmail_quote\">\n<div dir=\"ltr\">\n<div class=\"gmail_quote\">\n<div dir=\"ltr\">\n<div class=\"gmail_quote\">\n<div dir=\"ltr\">\n<div class=\"gmail_quote\">\n<div dir=\"ltr\">\n<p dir=\"ltr\"><img fetchpriority=\"high\" decoding=\"async\" class=\"aligncenter wp-image-148080 size-medium\" src=\"https:\/\/www.ilnotiziario.net\/wp\/wp-content\/uploads\/2021\/02\/the-winx-696x464-1-300x200.jpg\" alt=\"\" width=\"300\" height=\"200\" srcset=\"https:\/\/www.ilnotiziario.net\/wp\/wp-content\/uploads\/2021\/02\/the-winx-696x464-1-300x200.jpg 300w, https:\/\/www.ilnotiziario.net\/wp\/wp-content\/uploads\/2021\/02\/the-winx-696x464-1.jpg 696w\" sizes=\"(max-width: 300px) 100vw, 300px\" \/><\/p>\n<p dir=\"ltr\" style=\"margin-bottom: 0pt; margin-top: 0pt; line-height: 1.2; text-align: left;\"><span style=\"font-size: 11pt; font-family: 'Netflix Sans',sans-serif; vertical-align: baseline; white-space: pre-wrap; color: #000000; background-color: transparent; font-variant-numeric: normal; font-variant-east-asian: normal;\">La notizia che attendevano i fan di FATE: THE WINX SAGA \u00e8 arrivata: Netflix annuncia <strong>la <\/strong><\/span><strong><span style=\"font-size: 11pt; font-family: 'Netflix Sans', sans-serif; vertical-align: baseline; white-space: pre-wrap; color: #000000; background-color: transparent; font-variant-numeric: normal; font-variant-east-asian: normal;\">seconda stagione del<\/span><\/strong><span style=\"font-size: 11pt; font-family: 'Netflix Sans',sans-serif; vertical-align: baseline; white-space: pre-wrap; color: #000000; background-color: transparent; font-variant-numeric: normal; font-variant-east-asian: normal;\"><strong>la serie live action<\/strong> firmata da <\/span><span style=\"font-size: 11pt; font-family: 'Netflix Sans',sans-serif; vertical-align: baseline; white-space: pre-wrap; font-weight: bold; color: #000000; background-color: transparent; font-variant-numeric: normal; font-variant-east-asian: normal;\">Brian Young<\/span><span style=\"font-size: 11pt; font-family: 'Netflix Sans',sans-serif; vertical-align: baseline; white-space: pre-wrap; color: #000000; background-color: transparent; font-variant-numeric: normal; font-variant-east-asian: normal;\"> (<\/span><span style=\"font-size: 11pt; font-family: 'Netflix Sans', sans-serif; vertical-align: baseline; white-space: pre-wrap; color: #000000; background-color: transparent; font-variant-numeric: normal; font-variant-east-asian: normal;\">The Vampire Diaries<\/span><span style=\"font-size: 11pt; font-family: 'Netflix Sans',sans-serif; vertical-align: baseline; white-space: pre-wrap; color: #000000; background-color: transparent; font-variant-numeric: normal; font-variant-east-asian: normal;\">) e ispirata al cartone animato italiano creato da <\/span><span style=\"font-size: 11pt; font-family: 'Netflix Sans',sans-serif; vertical-align: baseline; white-space: pre-wrap; font-weight: bold; color: #000000; background-color: transparent; font-variant-numeric: normal; font-variant-east-asian: normal;\">Iginio Straffi<\/span><span style=\"font-size: 11pt; font-family: 'Netflix Sans',sans-serif; vertical-align: baseline; white-space: pre-wrap; color: #000000; background-color: transparent; font-variant-numeric: normal; font-variant-east-asian: normal;\">. Qui sotto il video annuncio<\/span><\/p><div id=\"ilnot-1429934919\" class=\"ilnot-contenuto ilnot-entity-placement\"><p><!-- incontent_1 --><\/p>\n<div class=\"gptslot\" data-adunitid=\"1\"><\/div>\n<\/div>\n<p dir=\"ltr\">&nbsp;<\/p>\n<\/div>\n<\/div>\n<div class=\"gmail_quote\">\n<div dir=\"ltr\">\n<div class=\"epyt-video-wrapper\"><iframe  id=\"_ytid_53658\"  width=\"765\" height=\"430\"  data-origwidth=\"765\" data-origheight=\"430\"  data-relstop=\"1\" src=\"https:\/\/www.youtube-nocookie.com\/embed\/9VmWp-7ytLM?enablejsapi=1&#038;autoplay=0&#038;cc_load_policy=0&#038;cc_lang_pref=&#038;iv_load_policy=1&#038;loop=0&#038;rel=0&#038;fs=1&#038;playsinline=0&#038;autohide=2&#038;theme=dark&#038;color=red&#038;controls=1&#038;disablekb=0&#038;\" class=\"__youtube_prefs__  epyt-is-override  no-lazyload\" title=\"YouTube player\"  allow=\"fullscreen; accelerometer; autoplay; clipboard-write; encrypted-media; gyroscope; picture-in-picture; web-share\" referrerpolicy=\"strict-origin-when-cross-origin\" allowfullscreen data-no-lazy=\"1\" data-skipgform_ajax_framebjll=\"\"><\/iframe><\/div>\n<p dir=\"ltr\">&nbsp;<\/p>\n<p dir=\"ltr\" style=\"margin-bottom: 0pt; margin-top: 0pt; line-height: 1.2; text-align: left;\"><span style=\"font-size: 11pt; font-family: 'Netflix Sans',sans-serif; vertical-align: baseline; white-space: pre-wrap; color: #000000; background-color: transparent; font-variant-numeric: normal; font-variant-east-asian: normal;\">FATE racconta le avventure di cinque fate che frequentano Alfea, il collegio di magia di Oltremondo. Le protagoniste dovranno imparare a gestire i loro poteri magici mentre affrontano l\u2019amore, le rivalit\u00e0 e i mostri che minacciano la loro esistenza. <\/span><span style=\"font-size: 11pt; font-family: 'Netflix Sans',sans-serif; vertical-align: baseline; white-space: pre-wrap; color: #000000; background-color: transparent; font-variant-numeric: normal; font-variant-east-asian: normal;\">La seconda stagione sar\u00e0 composta da <\/span><strong><span style=\"font-size: 11pt; font-family: 'Netflix Sans', sans-serif; vertical-align: baseline; white-space: pre-wrap; color: #000000; background-color: transparent; font-variant-numeric: normal; font-variant-east-asian: normal;\">otto episodi <\/span><\/strong><span style=\"font-size: 11pt; font-family: 'Netflix Sans',sans-serif; vertical-align: baseline; white-space: pre-wrap; color: #000000; background-color: transparent; font-variant-numeric: normal; font-variant-east-asian: normal;\"><strong>della durata di un\u2019ora ciascuno<\/strong> e sar\u00e0 prodotta da Archery Pictures Production, in associazione con&nbsp; Rainbow. <strong>Si comincer\u00e0 a girare entro fine anno in Irlanda<\/strong>. <\/span><\/p>\n<p dir=\"ltr\" style=\"margin-bottom: 0pt; margin-top: 0pt; line-height: 1.2; text-align: left;\"><span style=\"font-size: 11pt; font-family: 'Netflix Sans',sans-serif; vertical-align: baseline; white-space: pre-wrap; color: #000000; background-color: transparent; font-variant-numeric: normal; font-variant-east-asian: normal;\">Confermato il cast della prima stagione: <\/span><span style=\"font-size: 11pt; font-family: 'Netflix Sans',sans-serif; vertical-align: baseline; white-space: pre-wrap; font-weight: bold; color: #000000; background-color: transparent; font-variant-numeric: normal; font-variant-east-asian: normal;\">Abigail Cowen<\/span><span style=\"font-size: 11pt; font-family: 'Netflix Sans',sans-serif; vertical-align: baseline; white-space: pre-wrap; color: #000000; background-color: transparent; font-variant-numeric: normal; font-variant-east-asian: normal;\"> nel ruolo di Bloom, <\/span><span style=\"font-size: 11pt; font-family: 'Netflix Sans',sans-serif; vertical-align: baseline; white-space: pre-wrap; font-weight: bold; color: #000000; background-color: transparent; font-variant-numeric: normal; font-variant-east-asian: normal;\">Hannah van der Westhuysen che interpreta<\/span><span style=\"font-size: 11pt; font-family: 'Netflix Sans',sans-serif; vertical-align: baseline; white-space: pre-wrap; color: #000000; background-color: transparent; font-variant-numeric: normal; font-variant-east-asian: normal;\"> Stella, <\/span><span style=\"font-size: 11pt; font-family: 'Netflix Sans',sans-serif; vertical-align: baseline; white-space: pre-wrap; font-weight: bold; color: #000000; background-color: transparent; font-variant-numeric: normal; font-variant-east-asian: normal;\">Precious Mustapha<\/span><span style=\"font-size: 11pt; font-family: 'Netflix Sans',sans-serif; vertical-align: baseline; white-space: pre-wrap; color: #000000; background-color: transparent; font-variant-numeric: normal; font-variant-east-asian: normal;\"> nel ruolo di Aisha, <\/span><span style=\"font-size: 11pt; font-family: 'Netflix Sans',sans-serif; vertical-align: baseline; white-space: pre-wrap; font-weight: bold; color: #000000; background-color: transparent; font-variant-numeric: normal; font-variant-east-asian: normal;\">Eliot Salt <\/span><span style=\"font-size: 11pt; font-family: 'Netflix Sans', sans-serif; vertical-align: baseline; white-space: pre-wrap; color: #000000; background-color: transparent; font-variant-numeric: normal; font-variant-east-asian: normal;\">in quello<\/span><span style=\"font-size: 11pt; font-family: 'Netflix Sans',sans-serif; vertical-align: baseline; white-space: pre-wrap; color: #000000; background-color: transparent; font-variant-numeric: normal; font-variant-east-asian: normal;\"> di Terra ed <\/span><span style=\"font-size: 11pt; font-family: 'Netflix Sans',sans-serif; vertical-align: baseline; white-space: pre-wrap; font-weight: bold; color: #000000; background-color: transparent; font-variant-numeric: normal; font-variant-east-asian: normal;\">Elisha Applebaum<\/span><span style=\"font-size: 11pt; font-family: 'Netflix Sans',sans-serif; vertical-align: baseline; white-space: pre-wrap; color: #000000; background-color: transparent; font-variant-numeric: normal; font-variant-east-asian: normal;\"> sar\u00e0 Musa.<\/span><\/p><div id=\"ilnot-822475407\" class=\"ilnot-contenuto_2 ilnot-entity-placement\"><div class=\"ads-wrapper\">\n<div class=\"ad-slot\">\n   <div id=\"ilnot-621665466\" style=\"margin-right: auto;margin-left: auto;text-align: center;width: 320px;height: 100px;\"><a href=\"https:\/\/www.scuolasicurezza.it\/\"><img decoding=\"async\" src=\"https:\/\/www.ilnotiziario.net\/wp\/wp-content\/uploads\/2026\/04\/IlNotiziario_banner-sito-e-newsletter-320-x-100-px-1.gif\" alt=\"\"><\/a><\/div>\n  <\/div>\n<div class=\"ad-slot\">\n   <div id=\"ilnot-3240321491\" style=\"margin-right: auto;margin-left: auto;text-align: center;width: 320px;height: 100px;\"><a href=\"https:\/\/purodesignarredamenti.com\/\"><img decoding=\"async\" src=\"https:\/\/www.ilnotiziario.net\/wp\/wp-content\/uploads\/2026\/04\/banner-puro-ok.gif\" alt=\"whatsapp\"><\/a><\/div><\/p><\/div>\n<\/div>\n<\/div>\n<p dir=\"ltr\" style=\"margin-bottom: 0pt; margin-top: 0pt; line-height: 1.2; text-align: left;\"><span style=\"font-size: 11pt; font-family: 'Netflix Sans', sans-serif; vertical-align: baseline; white-space: pre-wrap; color: #000000; background-color: transparent; font-variant-numeric: normal; font-variant-east-asian: normal;\">\u201cI sei episodi della prima stagione hanno solo scalfito <strong>la superficie di questo mondo incredibilmente ricco e delle potenti fate che lo abitano<\/strong> &#8211; <span style=\"font-size: 11pt; font-family: 'Netflix Sans',sans-serif; vertical-align: baseline; white-space: pre-wrap; color: #000000; background-color: transparent; font-variant-numeric: normal; font-variant-east-asian: normal;\">afferma lo<\/span> <span style=\"font-size: 11pt; font-family: 'Netflix Sans',sans-serif; vertical-align: baseline; white-space: pre-wrap; color: #000000; background-color: transparent; font-variant-numeric: normal; font-variant-east-asian: normal;\">showrunner <\/span><span style=\"font-size: 11pt; font-family: 'Netflix Sans', sans-serif; vertical-align: baseline; white-space: pre-wrap; color: #000000; background-color: transparent; font-variant-numeric: normal; font-variant-east-asian: normal;\">Brian Young &#8211;<\/span> La storia di Bloom continuer\u00e0 a evolversi e non vedo l&#8217;ora che il pubblico scopra ancora di pi\u00f9 su Aisha, Stella, Terra e Musa. E chiss\u00e0 chi altro potrebbe presentarsi ad Alfea prossimamente&#8230;&#8221;. <\/span><\/p>\n<p dir=\"ltr\" style=\"margin-bottom: 0pt; margin-top: 0pt; line-height: 1.2; text-align: left;\"><span style=\"font-size: 11pt; font-family: 'Netflix Sans', sans-serif; vertical-align: baseline; white-space: pre-wrap; color: #000000; background-color: transparent; font-variant-numeric: normal; font-variant-east-asian: normal;\">&#8220;Le Winx conquistano il pubblico nel loro adattamento live action proprio come fanno nell\u2019animazione &#8211; <span style=\"font-size: 11pt; font-family: 'Netflix Sans',sans-serif; vertical-align: baseline; white-space: pre-wrap; color: #000000; background-color: transparent; font-variant-numeric: normal; font-variant-east-asian: normal;\">commenta <\/span><span style=\"font-size: 11pt; font-family: 'Netflix Sans', sans-serif; vertical-align: baseline; white-space: pre-wrap; color: #000000; background-color: transparent; font-variant-numeric: normal; font-variant-east-asian: normal;\">Iginio Straffi<\/span><span style=\"font-size: 11pt; font-family: 'Netflix Sans',sans-serif; vertical-align: baseline; white-space: pre-wrap; color: #000000; background-color: transparent; font-variant-numeric: normal; font-variant-east-asian: normal;\">, creatore di Winx Club e fondatore e CEO del gruppo Rainbow &#8211;<\/span> <strong>Anno dopo anno abbiamo visto Winx trasformarsi in un fenomeno globale: una serie seguita fedelmente da milioni di fan<\/strong>. Grazie al loro supporto, &#8216;Fate: The Winx Saga&#8217; \u00e8 un successo mondiale e la seconda stagione in arrivo su Netflix continuer\u00e0 a raccontarne la storia per la gioia dei fan e del pubblico in tutto il mondo&#8221;. <\/span><\/p>\n<p dir=\"ltr\" style=\"margin-bottom: 0pt; margin-top: 0pt; line-height: 1.2; text-align: left;\">&nbsp;<\/p>\n<p dir=\"ltr\" style=\"margin-bottom: 0pt; margin-top: 0pt; line-height: 1.2; text-align: left;\"><span style=\"font-size: 11pt; font-family: 'Netflix Sans',sans-serif; vertical-align: baseline; white-space: pre-wrap; color: #000000; background-color: transparent; font-variant-numeric: normal; font-variant-east-asian: normal;\">La nuova stagione vede ancora una volta <\/span><span style=\"font-size: 11pt; font-family: 'Netflix Sans', sans-serif; vertical-align: baseline; white-space: pre-wrap; color: #000000; background-color: transparent; font-variant-numeric: normal; font-variant-east-asian: normal;\">Brian Young<\/span><span style=\"font-size: 11pt; font-family: 'Netflix Sans',sans-serif; vertical-align: baseline; white-space: pre-wrap; color: #000000; background-color: transparent; font-variant-numeric: normal; font-variant-east-asian: normal;\"> (<\/span><span style=\"font-size: 11pt; font-family: 'Netflix Sans', sans-serif; vertical-align: baseline; white-space: pre-wrap; color: #000000; background-color: transparent; font-variant-numeric: normal; font-variant-east-asian: normal;\">The Vampire Diaries<\/span><span style=\"font-size: 11pt; font-family: 'Netflix Sans',sans-serif; vertical-align: baseline; white-space: pre-wrap; color: #000000; background-color: transparent; font-variant-numeric: normal; font-variant-east-asian: normal;\">, <\/span><span style=\"font-size: 11pt; font-family: 'Netflix Sans', sans-serif; vertical-align: baseline; white-space: pre-wrap; color: #000000; background-color: transparent; font-variant-numeric: normal; font-variant-east-asian: normal;\">Kyle XY<\/span><span style=\"font-size: 11pt; font-family: 'Netflix Sans',sans-serif; vertical-align: baseline; white-space: pre-wrap; color: #000000; background-color: transparent; font-variant-numeric: normal; font-variant-east-asian: normal;\">) come showrunner e produttore esecutivo, mentre Judy Counihan e Kris Thykier di Archery Pictures (<\/span><span style=\"font-size: 11pt; font-family: 'Netflix Sans', sans-serif; vertical-align: baseline; white-space: pre-wrap; color: #000000; background-color: transparent; font-variant-numeric: normal; font-variant-east-asian: normal;\">RIVIERA<\/span><span style=\"font-size: 11pt; font-family: 'Netflix Sans',sans-serif; vertical-align: baseline; white-space: pre-wrap; color: #000000; background-color: transparent; font-variant-numeric: normal; font-variant-east-asian: normal;\">, <\/span><span style=\"font-size: 11pt; font-family: 'Netflix Sans', sans-serif; vertical-align: baseline; white-space: pre-wrap; color: #000000; background-color: transparent; font-variant-numeric: normal; font-variant-east-asian: normal;\">ISIS &#8211; Le reclute del male<\/span><span style=\"font-size: 11pt; font-family: 'Netflix Sans',sans-serif; vertical-align: baseline; white-space: pre-wrap; color: #000000; background-color: transparent; font-variant-numeric: normal; font-variant-east-asian: normal;\">) sono i produttori esecutivi, insieme a Joanne Lee e Cristiana Buzzelli per Rainbow.&nbsp;<\/span><\/p><div id=\"ilnot-2950222120\" class=\"ilnot-contenuto_2-2 ilnot-entity-placement\"><div class=\"gptslot\" data-adunitid=\"2\"><\/div>\n<\/div>\n<p dir=\"ltr\" style=\"margin-bottom: 0pt; margin-top: 0pt; line-height: 1.2; text-align: left;\">&nbsp;<\/p>\n<\/div>\n<\/div>\n<\/div>\n<\/div>\n<\/div>\n<\/div>\n<\/div>\n<\/div>\n<\/div>\n<\/div>\n<\/div>\n<\/div>\n<\/div>\n<\/div>\n<\/div>\n<\/div>\n<\/div>\n<\/div>\n<\/div>\n<\/div>\n<\/div>\n","protected":false},"excerpt":{"rendered":"<p>La notizia che attendevano i fan di FATE: THE WINX SAGA \u00e8 arrivata: Netflix annuncia la seconda stagione della serie live action firmata da Brian Young (The Vampire Diaries) e ispirata al cartone animato italiano creato da Iginio Straffi. Qui sotto il video annuncio &nbsp; &nbsp; FATE racconta le avventure di cinque fate che frequentano<\/p>\n","protected":false},"author":6,"featured_media":148080,"comment_status":"closed","ping_status":"closed","sticky":false,"template":"","format":"standard","meta":{"footnotes":""},"categories":[6756],"tags":[8333,6759,8334],"class_list":{"0":"post-148078","1":"post","2":"type-post","3":"status-publish","4":"format-standard","5":"has-post-thumbnail","7":"category-serietv","8":"tag-fate","9":"tag-netflix","10":"tag-seconda-stagione"},"yoast_head":"<!-- This site is optimized with the Yoast SEO plugin v27.4 - https:\/\/yoast.com\/product\/yoast-seo-wordpress\/ -->\n<title>Fate: The Winx Saga, Netflix annuncia la seconda stagione della serie live action - Il Notiziario<\/title>\n<meta name=\"description\" content=\"La notizia che attendevano i fan di FATE: THE WINX SAGA \u00e8 arrivata: Netflix annuncia la seconda stagione della serie live action firmata da Brian Young Confermata da Netflix la seconda stagione di Fate: The Winx Saga\" \/>\n<meta name=\"robots\" content=\"index, follow, max-snippet:-1, max-image-preview:large, max-video-preview:-1\" \/>\n<link rel=\"canonical\" href=\"https:\/\/www.ilnotiziario.net\/wp\/serietv\/fate-the-winx-saga-seconda-stagione\/\" \/>\n<meta property=\"og:locale\" content=\"it_IT\" \/>\n<meta property=\"og:type\" content=\"article\" \/>\n<meta property=\"og:title\" content=\"Fate: The Winx Saga, Netflix annuncia la seconda stagione della serie live action - Il Notiziario\" \/>\n<meta property=\"og:description\" content=\"La notizia che attendevano i fan di FATE: THE WINX SAGA \u00e8 arrivata: Netflix annuncia la seconda stagione della serie live action firmata da Brian Young Confermata da Netflix la seconda stagione di Fate: The Winx Saga\" \/>\n<meta property=\"og:url\" content=\"https:\/\/www.ilnotiziario.net\/wp\/serietv\/fate-the-winx-saga-seconda-stagione\/\" \/>\n<meta property=\"og:site_name\" content=\"Il Notiziario\" \/>\n<meta property=\"article:publisher\" content=\"https:\/\/www.facebook.com\/ilnotiziarioind\/\" \/>\n<meta property=\"article:published_time\" content=\"2021-02-18T16:58:22+00:00\" \/>\n<meta property=\"og:image\" content=\"https:\/\/www.ilnotiziario.net\/wp\/wp-content\/uploads\/2021\/02\/the-winx-696x464-1.jpg\" \/>\n\t<meta property=\"og:image:width\" content=\"696\" \/>\n\t<meta property=\"og:image:height\" content=\"464\" \/>\n\t<meta property=\"og:image:type\" content=\"image\/jpeg\" \/>\n<meta name=\"author\" content=\"Stefano Di Maria\" \/>\n<meta name=\"twitter:card\" content=\"summary_large_image\" \/>\n<meta name=\"twitter:creator\" content=\"@ilNotiziarioInd\" \/>\n<meta name=\"twitter:site\" content=\"@ilNotiziarioInd\" \/>\n<meta name=\"twitter:label1\" content=\"Scritto da\" \/>\n\t<meta name=\"twitter:data1\" content=\"Stefano Di Maria\" \/>\n\t<meta name=\"twitter:label2\" content=\"Tempo di lettura stimato\" \/>\n\t<meta name=\"twitter:data2\" content=\"2 minuti\" \/>\n<script type=\"application\/ld+json\" class=\"yoast-schema-graph\">{\"@context\":\"https:\\\/\\\/schema.org\",\"@graph\":[{\"@type\":\"Article\",\"@id\":\"https:\\\/\\\/www.ilnotiziario.net\\\/wp\\\/serietv\\\/fate-the-winx-saga-seconda-stagione\\\/#article\",\"isPartOf\":{\"@id\":\"https:\\\/\\\/www.ilnotiziario.net\\\/wp\\\/serietv\\\/fate-the-winx-saga-seconda-stagione\\\/\"},\"author\":{\"name\":\"Stefano Di Maria\",\"@id\":\"https:\\\/\\\/www.ilnotiziario.net\\\/wp\\\/#\\\/schema\\\/person\\\/82fdd8795bbed42a4164047853b6efe7\"},\"headline\":\"Fate: The Winx Saga, Netflix annuncia la seconda stagione della serie live action\",\"datePublished\":\"2021-02-18T16:58:22+00:00\",\"mainEntityOfPage\":{\"@id\":\"https:\\\/\\\/www.ilnotiziario.net\\\/wp\\\/serietv\\\/fate-the-winx-saga-seconda-stagione\\\/\"},\"wordCount\":379,\"publisher\":{\"@id\":\"https:\\\/\\\/www.ilnotiziario.net\\\/wp\\\/#organization\"},\"image\":{\"@id\":\"https:\\\/\\\/www.ilnotiziario.net\\\/wp\\\/serietv\\\/fate-the-winx-saga-seconda-stagione\\\/#primaryimage\"},\"thumbnailUrl\":\"https:\\\/\\\/www.ilnotiziario.net\\\/wp\\\/wp-content\\\/uploads\\\/2021\\\/02\\\/the-winx-696x464-1.jpg\",\"keywords\":[\"Fate\",\"netflix\",\"seconda stagione\"],\"articleSection\":[\"SERIE TV\"],\"inLanguage\":\"it-IT\"},{\"@type\":\"WebPage\",\"@id\":\"https:\\\/\\\/www.ilnotiziario.net\\\/wp\\\/serietv\\\/fate-the-winx-saga-seconda-stagione\\\/\",\"url\":\"https:\\\/\\\/www.ilnotiziario.net\\\/wp\\\/serietv\\\/fate-the-winx-saga-seconda-stagione\\\/\",\"name\":\"Fate: The Winx Saga, Netflix annuncia la seconda stagione della serie live action - Il Notiziario\",\"isPartOf\":{\"@id\":\"https:\\\/\\\/www.ilnotiziario.net\\\/wp\\\/#website\"},\"primaryImageOfPage\":{\"@id\":\"https:\\\/\\\/www.ilnotiziario.net\\\/wp\\\/serietv\\\/fate-the-winx-saga-seconda-stagione\\\/#primaryimage\"},\"image\":{\"@id\":\"https:\\\/\\\/www.ilnotiziario.net\\\/wp\\\/serietv\\\/fate-the-winx-saga-seconda-stagione\\\/#primaryimage\"},\"thumbnailUrl\":\"https:\\\/\\\/www.ilnotiziario.net\\\/wp\\\/wp-content\\\/uploads\\\/2021\\\/02\\\/the-winx-696x464-1.jpg\",\"datePublished\":\"2021-02-18T16:58:22+00:00\",\"description\":\"La notizia che attendevano i fan di FATE: THE WINX SAGA \u00e8 arrivata: Netflix annuncia la seconda stagione della serie live action firmata da Brian Young Confermata da Netflix la seconda stagione di Fate: The Winx Saga\",\"breadcrumb\":{\"@id\":\"https:\\\/\\\/www.ilnotiziario.net\\\/wp\\\/serietv\\\/fate-the-winx-saga-seconda-stagione\\\/#breadcrumb\"},\"inLanguage\":\"it-IT\",\"potentialAction\":[{\"@type\":\"ReadAction\",\"target\":[\"https:\\\/\\\/www.ilnotiziario.net\\\/wp\\\/serietv\\\/fate-the-winx-saga-seconda-stagione\\\/\"]}]},{\"@type\":\"ImageObject\",\"inLanguage\":\"it-IT\",\"@id\":\"https:\\\/\\\/www.ilnotiziario.net\\\/wp\\\/serietv\\\/fate-the-winx-saga-seconda-stagione\\\/#primaryimage\",\"url\":\"https:\\\/\\\/www.ilnotiziario.net\\\/wp\\\/wp-content\\\/uploads\\\/2021\\\/02\\\/the-winx-696x464-1.jpg\",\"contentUrl\":\"https:\\\/\\\/www.ilnotiziario.net\\\/wp\\\/wp-content\\\/uploads\\\/2021\\\/02\\\/the-winx-696x464-1.jpg\",\"width\":696,\"height\":464},{\"@type\":\"BreadcrumbList\",\"@id\":\"https:\\\/\\\/www.ilnotiziario.net\\\/wp\\\/serietv\\\/fate-the-winx-saga-seconda-stagione\\\/#breadcrumb\",\"itemListElement\":[{\"@type\":\"ListItem\",\"position\":1,\"name\":\"tds_text_logo_tagline_colortds_text_logo_tagline_colortds_text_logo_tagline_colortds_text_logo_tagline_colortd_module_7_title_excerpttd_module_7_title_excerpttd_module_7_title_excerpttd_module_7_title_excerptHome\",\"item\":\"https:\\\/\\\/www.ilnotiziario.net\\\/wp\\\/\"},{\"@type\":\"ListItem\",\"position\":2,\"name\":\"Fate: The Winx Saga, Netflix annuncia la seconda stagione della serie live action\"}]},{\"@type\":\"WebSite\",\"@id\":\"https:\\\/\\\/www.ilnotiziario.net\\\/wp\\\/#website\",\"url\":\"https:\\\/\\\/www.ilnotiziario.net\\\/wp\\\/\",\"name\":\"Il Notiziario\",\"description\":\"Per restare sempre connessi alla notizia\",\"publisher\":{\"@id\":\"https:\\\/\\\/www.ilnotiziario.net\\\/wp\\\/#organization\"},\"alternateName\":\"Il Notiziario Bollate\",\"potentialAction\":[{\"@type\":\"SearchAction\",\"target\":{\"@type\":\"EntryPoint\",\"urlTemplate\":\"https:\\\/\\\/www.ilnotiziario.net\\\/wp\\\/?s={search_term_string}\"},\"query-input\":{\"@type\":\"PropertyValueSpecification\",\"valueRequired\":true,\"valueName\":\"search_term_string\"}}],\"inLanguage\":\"it-IT\"},{\"@type\":\"Organization\",\"@id\":\"https:\\\/\\\/www.ilnotiziario.net\\\/wp\\\/#organization\",\"name\":\"Il Notiziario\",\"url\":\"https:\\\/\\\/www.ilnotiziario.net\\\/wp\\\/\",\"logo\":{\"@type\":\"ImageObject\",\"inLanguage\":\"it-IT\",\"@id\":\"https:\\\/\\\/www.ilnotiziario.net\\\/wp\\\/#\\\/schema\\\/logo\\\/image\\\/\",\"url\":\"https:\\\/\\\/www.ilnotiziario.net\\\/wp\\\/wp-content\\\/uploads\\\/2022\\\/06\\\/170x170ilN.png\",\"contentUrl\":\"https:\\\/\\\/www.ilnotiziario.net\\\/wp\\\/wp-content\\\/uploads\\\/2022\\\/06\\\/170x170ilN.png\",\"width\":355,\"height\":355,\"caption\":\"Il Notiziario\"},\"image\":{\"@id\":\"https:\\\/\\\/www.ilnotiziario.net\\\/wp\\\/#\\\/schema\\\/logo\\\/image\\\/\"},\"sameAs\":[\"https:\\\/\\\/www.facebook.com\\\/ilnotiziarioind\\\/\",\"https:\\\/\\\/x.com\\\/ilNotiziarioInd\",\"https:\\\/\\\/www.instagram.com\\\/ilnotiziario_settimanale\\\/\"]},{\"@type\":\"Person\",\"@id\":\"https:\\\/\\\/www.ilnotiziario.net\\\/wp\\\/#\\\/schema\\\/person\\\/82fdd8795bbed42a4164047853b6efe7\",\"name\":\"Stefano Di Maria\",\"image\":{\"@type\":\"ImageObject\",\"inLanguage\":\"it-IT\",\"@id\":\"https:\\\/\\\/secure.gravatar.com\\\/avatar\\\/b3163d1e75da759bd0a681248e88a87d84bdd563fec9b060a3ae82742880745a?s=96&d=mm&r=g\",\"url\":\"https:\\\/\\\/secure.gravatar.com\\\/avatar\\\/b3163d1e75da759bd0a681248e88a87d84bdd563fec9b060a3ae82742880745a?s=96&d=mm&r=g\",\"contentUrl\":\"https:\\\/\\\/secure.gravatar.com\\\/avatar\\\/b3163d1e75da759bd0a681248e88a87d84bdd563fec9b060a3ae82742880745a?s=96&d=mm&r=g\",\"caption\":\"Stefano Di Maria\"},\"sameAs\":[\"http:\\\/\\\/www.ilnotiziario.net\"]}]}<\/script>\n<!-- \/ Yoast SEO plugin. -->","yoast_head_json":{"title":"Fate: The Winx Saga, Netflix annuncia la seconda stagione della serie live action - Il Notiziario","description":"La notizia che attendevano i fan di FATE: THE WINX SAGA \u00e8 arrivata: Netflix annuncia la seconda stagione della serie live action firmata da Brian Young Confermata da Netflix la seconda stagione di Fate: The Winx Saga","robots":{"index":"index","follow":"follow","max-snippet":"max-snippet:-1","max-image-preview":"max-image-preview:large","max-video-preview":"max-video-preview:-1"},"canonical":"https:\/\/www.ilnotiziario.net\/wp\/serietv\/fate-the-winx-saga-seconda-stagione\/","og_locale":"it_IT","og_type":"article","og_title":"Fate: The Winx Saga, Netflix annuncia la seconda stagione della serie live action - Il Notiziario","og_description":"La notizia che attendevano i fan di FATE: THE WINX SAGA \u00e8 arrivata: Netflix annuncia la seconda stagione della serie live action firmata da Brian Young Confermata da Netflix la seconda stagione di Fate: The Winx Saga","og_url":"https:\/\/www.ilnotiziario.net\/wp\/serietv\/fate-the-winx-saga-seconda-stagione\/","og_site_name":"Il Notiziario","article_publisher":"https:\/\/www.facebook.com\/ilnotiziarioind\/","article_published_time":"2021-02-18T16:58:22+00:00","og_image":[{"width":696,"height":464,"url":"https:\/\/www.ilnotiziario.net\/wp\/wp-content\/uploads\/2021\/02\/the-winx-696x464-1.jpg","type":"image\/jpeg"}],"author":"Stefano Di Maria","twitter_card":"summary_large_image","twitter_creator":"@ilNotiziarioInd","twitter_site":"@ilNotiziarioInd","twitter_misc":{"Scritto da":"Stefano Di Maria","Tempo di lettura stimato":"2 minuti"},"schema":{"@context":"https:\/\/schema.org","@graph":[{"@type":"Article","@id":"https:\/\/www.ilnotiziario.net\/wp\/serietv\/fate-the-winx-saga-seconda-stagione\/#article","isPartOf":{"@id":"https:\/\/www.ilnotiziario.net\/wp\/serietv\/fate-the-winx-saga-seconda-stagione\/"},"author":{"name":"Stefano Di Maria","@id":"https:\/\/www.ilnotiziario.net\/wp\/#\/schema\/person\/82fdd8795bbed42a4164047853b6efe7"},"headline":"Fate: The Winx Saga, Netflix annuncia la seconda stagione della serie live action","datePublished":"2021-02-18T16:58:22+00:00","mainEntityOfPage":{"@id":"https:\/\/www.ilnotiziario.net\/wp\/serietv\/fate-the-winx-saga-seconda-stagione\/"},"wordCount":379,"publisher":{"@id":"https:\/\/www.ilnotiziario.net\/wp\/#organization"},"image":{"@id":"https:\/\/www.ilnotiziario.net\/wp\/serietv\/fate-the-winx-saga-seconda-stagione\/#primaryimage"},"thumbnailUrl":"https:\/\/www.ilnotiziario.net\/wp\/wp-content\/uploads\/2021\/02\/the-winx-696x464-1.jpg","keywords":["Fate","netflix","seconda stagione"],"articleSection":["SERIE TV"],"inLanguage":"it-IT"},{"@type":"WebPage","@id":"https:\/\/www.ilnotiziario.net\/wp\/serietv\/fate-the-winx-saga-seconda-stagione\/","url":"https:\/\/www.ilnotiziario.net\/wp\/serietv\/fate-the-winx-saga-seconda-stagione\/","name":"Fate: The Winx Saga, Netflix annuncia la seconda stagione della serie live action - Il Notiziario","isPartOf":{"@id":"https:\/\/www.ilnotiziario.net\/wp\/#website"},"primaryImageOfPage":{"@id":"https:\/\/www.ilnotiziario.net\/wp\/serietv\/fate-the-winx-saga-seconda-stagione\/#primaryimage"},"image":{"@id":"https:\/\/www.ilnotiziario.net\/wp\/serietv\/fate-the-winx-saga-seconda-stagione\/#primaryimage"},"thumbnailUrl":"https:\/\/www.ilnotiziario.net\/wp\/wp-content\/uploads\/2021\/02\/the-winx-696x464-1.jpg","datePublished":"2021-02-18T16:58:22+00:00","description":"La notizia che attendevano i fan di FATE: THE WINX SAGA \u00e8 arrivata: Netflix annuncia la seconda stagione della serie live action firmata da Brian Young Confermata da Netflix la seconda stagione di Fate: The Winx Saga","breadcrumb":{"@id":"https:\/\/www.ilnotiziario.net\/wp\/serietv\/fate-the-winx-saga-seconda-stagione\/#breadcrumb"},"inLanguage":"it-IT","potentialAction":[{"@type":"ReadAction","target":["https:\/\/www.ilnotiziario.net\/wp\/serietv\/fate-the-winx-saga-seconda-stagione\/"]}]},{"@type":"ImageObject","inLanguage":"it-IT","@id":"https:\/\/www.ilnotiziario.net\/wp\/serietv\/fate-the-winx-saga-seconda-stagione\/#primaryimage","url":"https:\/\/www.ilnotiziario.net\/wp\/wp-content\/uploads\/2021\/02\/the-winx-696x464-1.jpg","contentUrl":"https:\/\/www.ilnotiziario.net\/wp\/wp-content\/uploads\/2021\/02\/the-winx-696x464-1.jpg","width":696,"height":464},{"@type":"BreadcrumbList","@id":"https:\/\/www.ilnotiziario.net\/wp\/serietv\/fate-the-winx-saga-seconda-stagione\/#breadcrumb","itemListElement":[{"@type":"ListItem","position":1,"name":"tds_text_logo_tagline_colortds_text_logo_tagline_colortds_text_logo_tagline_colortds_text_logo_tagline_colortd_module_7_title_excerpttd_module_7_title_excerpttd_module_7_title_excerpttd_module_7_title_excerptHome","item":"https:\/\/www.ilnotiziario.net\/wp\/"},{"@type":"ListItem","position":2,"name":"Fate: The Winx Saga, Netflix annuncia la seconda stagione della serie live action"}]},{"@type":"WebSite","@id":"https:\/\/www.ilnotiziario.net\/wp\/#website","url":"https:\/\/www.ilnotiziario.net\/wp\/","name":"Il Notiziario","description":"Per restare sempre connessi alla notizia","publisher":{"@id":"https:\/\/www.ilnotiziario.net\/wp\/#organization"},"alternateName":"Il Notiziario Bollate","potentialAction":[{"@type":"SearchAction","target":{"@type":"EntryPoint","urlTemplate":"https:\/\/www.ilnotiziario.net\/wp\/?s={search_term_string}"},"query-input":{"@type":"PropertyValueSpecification","valueRequired":true,"valueName":"search_term_string"}}],"inLanguage":"it-IT"},{"@type":"Organization","@id":"https:\/\/www.ilnotiziario.net\/wp\/#organization","name":"Il Notiziario","url":"https:\/\/www.ilnotiziario.net\/wp\/","logo":{"@type":"ImageObject","inLanguage":"it-IT","@id":"https:\/\/www.ilnotiziario.net\/wp\/#\/schema\/logo\/image\/","url":"https:\/\/www.ilnotiziario.net\/wp\/wp-content\/uploads\/2022\/06\/170x170ilN.png","contentUrl":"https:\/\/www.ilnotiziario.net\/wp\/wp-content\/uploads\/2022\/06\/170x170ilN.png","width":355,"height":355,"caption":"Il Notiziario"},"image":{"@id":"https:\/\/www.ilnotiziario.net\/wp\/#\/schema\/logo\/image\/"},"sameAs":["https:\/\/www.facebook.com\/ilnotiziarioind\/","https:\/\/x.com\/ilNotiziarioInd","https:\/\/www.instagram.com\/ilnotiziario_settimanale\/"]},{"@type":"Person","@id":"https:\/\/www.ilnotiziario.net\/wp\/#\/schema\/person\/82fdd8795bbed42a4164047853b6efe7","name":"Stefano Di Maria","image":{"@type":"ImageObject","inLanguage":"it-IT","@id":"https:\/\/secure.gravatar.com\/avatar\/b3163d1e75da759bd0a681248e88a87d84bdd563fec9b060a3ae82742880745a?s=96&d=mm&r=g","url":"https:\/\/secure.gravatar.com\/avatar\/b3163d1e75da759bd0a681248e88a87d84bdd563fec9b060a3ae82742880745a?s=96&d=mm&r=g","contentUrl":"https:\/\/secure.gravatar.com\/avatar\/b3163d1e75da759bd0a681248e88a87d84bdd563fec9b060a3ae82742880745a?s=96&d=mm&r=g","caption":"Stefano Di Maria"},"sameAs":["http:\/\/www.ilnotiziario.net"]}]}},"_links":{"self":[{"href":"https:\/\/www.ilnotiziario.net\/wp\/wp-json\/wp\/v2\/posts\/148078","targetHints":{"allow":["GET"]}}],"collection":[{"href":"https:\/\/www.ilnotiziario.net\/wp\/wp-json\/wp\/v2\/posts"}],"about":[{"href":"https:\/\/www.ilnotiziario.net\/wp\/wp-json\/wp\/v2\/types\/post"}],"author":[{"embeddable":true,"href":"https:\/\/www.ilnotiziario.net\/wp\/wp-json\/wp\/v2\/users\/6"}],"replies":[{"embeddable":true,"href":"https:\/\/www.ilnotiziario.net\/wp\/wp-json\/wp\/v2\/comments?post=148078"}],"version-history":[{"count":0,"href":"https:\/\/www.ilnotiziario.net\/wp\/wp-json\/wp\/v2\/posts\/148078\/revisions"}],"wp:featuredmedia":[{"embeddable":true,"href":"https:\/\/www.ilnotiziario.net\/wp\/wp-json\/wp\/v2\/media\/148080"}],"wp:attachment":[{"href":"https:\/\/www.ilnotiziario.net\/wp\/wp-json\/wp\/v2\/media?parent=148078"}],"wp:term":[{"taxonomy":"category","embeddable":true,"href":"https:\/\/www.ilnotiziario.net\/wp\/wp-json\/wp\/v2\/categories?post=148078"},{"taxonomy":"post_tag","embeddable":true,"href":"https:\/\/www.ilnotiziario.net\/wp\/wp-json\/wp\/v2\/tags?post=148078"}],"curies":[{"name":"wp","href":"https:\/\/api.w.org\/{rel}","templated":true}]}}