{"id":148369,"date":"2021-02-24T13:42:29","date_gmt":"2021-02-24T12:42:29","guid":{"rendered":"https:\/\/www.ilnotiziario.net\/wp\/?p=148369"},"modified":"2021-02-24T13:44:43","modified_gmt":"2021-02-24T12:44:43","slug":"desio-focolaio-covid-ortopedia-ospedale-positivi","status":"publish","type":"post","link":"https:\/\/www.ilnotiziario.net\/wp\/brianza\/desio-focolaio-covid-ortopedia-ospedale-positivi\/","title":{"rendered":"Desio, focolaio covid nel reparto di ortopedia dell&#8217;ospedale: positivi 12 pazienti e 3 operatori sanitari"},"content":{"rendered":"<p><img fetchpriority=\"high\" decoding=\"async\" class=\"size-medium wp-image-148370 aligncenter\" src=\"https:\/\/www.ilnotiziario.net\/wp\/wp-content\/uploads\/2021\/02\/desio-300x169.jpg\" alt=\"\" width=\"300\" height=\"169\" srcset=\"https:\/\/www.ilnotiziario.net\/wp\/wp-content\/uploads\/2021\/02\/desio-300x169.jpg 300w, https:\/\/www.ilnotiziario.net\/wp\/wp-content\/uploads\/2021\/02\/desio-768x432.jpg 768w, https:\/\/www.ilnotiziario.net\/wp\/wp-content\/uploads\/2021\/02\/desio-696x392.jpg 696w, https:\/\/www.ilnotiziario.net\/wp\/wp-content\/uploads\/2021\/02\/desio.jpg 805w\" sizes=\"(max-width: 300px) 100vw, 300px\" \/><\/p>\n<p>Occhi puntati sull&#8217;Ospedale di Desio, dove si sarebbe acceso un <strong>focolaio di covid all&#8217;interno del reparto di ortopedia<\/strong>. Stando alle informazioni filtrate per ora, si parla di <strong>12 pazienti<\/strong> positivi sui 22 ricoverati e <strong>3 operatori sanitari<\/strong>. Al momento, tutti i contagiati sono stati trasferiti al reparto covid e il reparto di ortopedia \u00e8 stato isolato, con i restanti pazienti sottoposti a tampone.<\/p><div id=\"ilnot-2309919127\" class=\"ilnot-contenuto ilnot-entity-placement\"><p><!-- incontent_1 --><\/p>\n<div class=\"gptslot\" data-adunitid=\"1\"><\/div>\n<\/div>\n<p>Fortunatamente, soltanto due pazienti avrebbero manifestato sintomi lievi, mentre tutti gli altri positivi sarebbero asintomatici. La direzione di Asst Brianza comunica che la situazione \u00e8 sotto controllo e che non appena sar\u00e0 finito il periodo di quarantena, il reparto riaprir\u00e0, dopo la sanificazione.<\/p>\n<p>Stando alle informazioni filtrate, i tre operatori contagiati <strong>non avevano partecipato alla campagna vaccinale<\/strong>.<\/p><div id=\"ilnot-3175169356\" class=\"ilnot-contenuto_2 ilnot-entity-placement\"><div class=\"ads-wrapper\">\n<div class=\"ad-slot\">\n   <div id=\"ilnot-298012503\" style=\"margin-right: auto;margin-left: auto;text-align: center;width: 320px;height: 100px;\"><a href=\"https:\/\/www.scuolasicurezza.it\/\"><img decoding=\"async\" src=\"https:\/\/www.ilnotiziario.net\/wp\/wp-content\/uploads\/2026\/04\/IlNotiziario_banner-sito-e-newsletter-320-x-100-px-1.gif\" alt=\"\"><\/a><\/div>\n  <\/div>\n<div class=\"ad-slot\">\n   <div id=\"ilnot-1030528533\" style=\"margin-right: auto;margin-left: auto;text-align: center;width: 320px;height: 100px;\"><a href=\"https:\/\/purodesignarredamenti.com\/\"><img decoding=\"async\" src=\"https:\/\/www.ilnotiziario.net\/wp\/wp-content\/uploads\/2026\/04\/banner-puro-ok.gif\" alt=\"whatsapp\"><\/a><\/div><\/p><\/div>\n<\/div>\n<\/div>\n","protected":false},"excerpt":{"rendered":"<p>Occhi puntati sull&#8217;Ospedale di Desio, dove si sarebbe acceso un focolaio di covid all&#8217;interno del reparto di ortopedia. Stando alle informazioni filtrate per ora, si parla di 12 pazienti positivi sui 22 ricoverati e 3 operatori sanitari. Al momento, tutti i contagiati sono stati trasferiti al reparto covid e il reparto di ortopedia \u00e8 stato<\/p>\n","protected":false},"author":3,"featured_media":148370,"comment_status":"closed","ping_status":"closed","sticky":false,"template":"","format":"standard","meta":{"footnotes":""},"categories":[9,20],"tags":[7244,7948,7963,7083],"class_list":{"0":"post-148369","1":"post","2":"type-post","3":"status-publish","4":"format-standard","5":"has-post-thumbnail","7":"category-brianza","8":"category-prima-pagina","9":"tag-covid","10":"tag-focolaio","11":"tag-ospedale-di-desio","12":"tag-positivi"},"yoast_head":"<!-- This site is optimized with the Yoast SEO plugin v27.4 - https:\/\/yoast.com\/product\/yoast-seo-wordpress\/ -->\n<title>Desio, focolaio covid nel reparto di ortopedia dell&#039;ospedale: positivi 12 pazienti e 3 operatori sanitari - Il Notiziario<\/title>\n<meta name=\"description\" content=\"Occhi puntati sull&#039;Ospedale di Desio, dove si sarebbe acceso un focolaio di covid all&#039;interno del reparto di ortopedia. Stando alle informazioni filtrate\" \/>\n<meta name=\"robots\" content=\"index, follow, max-snippet:-1, max-image-preview:large, max-video-preview:-1\" \/>\n<link rel=\"canonical\" href=\"https:\/\/www.ilnotiziario.net\/wp\/brianza\/desio-focolaio-covid-ortopedia-ospedale-positivi\/\" \/>\n<meta property=\"og:locale\" content=\"it_IT\" \/>\n<meta property=\"og:type\" content=\"article\" \/>\n<meta property=\"og:title\" content=\"Desio, focolaio covid nel reparto di ortopedia dell&#039;ospedale: positivi 12 pazienti e 3 operatori sanitari - Il Notiziario\" \/>\n<meta property=\"og:description\" content=\"Occhi puntati sull&#039;Ospedale di Desio, dove si sarebbe acceso un focolaio di covid all&#039;interno del reparto di ortopedia. Stando alle informazioni filtrate\" \/>\n<meta property=\"og:url\" content=\"https:\/\/www.ilnotiziario.net\/wp\/brianza\/desio-focolaio-covid-ortopedia-ospedale-positivi\/\" \/>\n<meta property=\"og:site_name\" content=\"Il Notiziario\" \/>\n<meta property=\"article:publisher\" content=\"https:\/\/www.facebook.com\/ilnotiziarioind\/\" \/>\n<meta property=\"article:published_time\" content=\"2021-02-24T12:42:29+00:00\" \/>\n<meta property=\"article:modified_time\" content=\"2021-02-24T12:44:43+00:00\" \/>\n<meta property=\"og:image\" content=\"https:\/\/www.ilnotiziario.net\/wp\/wp-content\/uploads\/2021\/02\/desio.jpg\" \/>\n\t<meta property=\"og:image:width\" content=\"805\" \/>\n\t<meta property=\"og:image:height\" content=\"453\" \/>\n\t<meta property=\"og:image:type\" content=\"image\/jpeg\" \/>\n<meta name=\"author\" content=\"Gabriele Bassani\" \/>\n<meta name=\"twitter:card\" content=\"summary_large_image\" \/>\n<meta name=\"twitter:creator\" content=\"@ilNotiziarioInd\" \/>\n<meta name=\"twitter:site\" content=\"@ilNotiziarioInd\" \/>\n<meta name=\"twitter:label1\" content=\"Scritto da\" \/>\n\t<meta name=\"twitter:data1\" content=\"Gabriele Bassani\" \/>\n\t<meta name=\"twitter:label2\" content=\"Tempo di lettura stimato\" \/>\n\t<meta name=\"twitter:data2\" content=\"1 minuto\" \/>\n<script type=\"application\/ld+json\" class=\"yoast-schema-graph\">{\"@context\":\"https:\\\/\\\/schema.org\",\"@graph\":[{\"@type\":\"Article\",\"@id\":\"https:\\\/\\\/www.ilnotiziario.net\\\/wp\\\/brianza\\\/desio-focolaio-covid-ortopedia-ospedale-positivi\\\/#article\",\"isPartOf\":{\"@id\":\"https:\\\/\\\/www.ilnotiziario.net\\\/wp\\\/brianza\\\/desio-focolaio-covid-ortopedia-ospedale-positivi\\\/\"},\"author\":{\"name\":\"Gabriele Bassani\",\"@id\":\"https:\\\/\\\/www.ilnotiziario.net\\\/wp\\\/#\\\/schema\\\/person\\\/386e222908f898bb41c033989482bbf2\"},\"headline\":\"Desio, focolaio covid nel reparto di ortopedia dell&#8217;ospedale: positivi 12 pazienti e 3 operatori sanitari\",\"datePublished\":\"2021-02-24T12:42:29+00:00\",\"dateModified\":\"2021-02-24T12:44:43+00:00\",\"mainEntityOfPage\":{\"@id\":\"https:\\\/\\\/www.ilnotiziario.net\\\/wp\\\/brianza\\\/desio-focolaio-covid-ortopedia-ospedale-positivi\\\/\"},\"wordCount\":131,\"publisher\":{\"@id\":\"https:\\\/\\\/www.ilnotiziario.net\\\/wp\\\/#organization\"},\"image\":{\"@id\":\"https:\\\/\\\/www.ilnotiziario.net\\\/wp\\\/brianza\\\/desio-focolaio-covid-ortopedia-ospedale-positivi\\\/#primaryimage\"},\"thumbnailUrl\":\"https:\\\/\\\/www.ilnotiziario.net\\\/wp\\\/wp-content\\\/uploads\\\/2021\\\/02\\\/desio.jpg\",\"keywords\":[\"covid\",\"focolaio\",\"Ospedale di Desio\",\"positivi\"],\"articleSection\":[\"BRIANZA\",\"Prima Pagina\"],\"inLanguage\":\"it-IT\"},{\"@type\":\"WebPage\",\"@id\":\"https:\\\/\\\/www.ilnotiziario.net\\\/wp\\\/brianza\\\/desio-focolaio-covid-ortopedia-ospedale-positivi\\\/\",\"url\":\"https:\\\/\\\/www.ilnotiziario.net\\\/wp\\\/brianza\\\/desio-focolaio-covid-ortopedia-ospedale-positivi\\\/\",\"name\":\"Desio, focolaio covid nel reparto di ortopedia dell'ospedale: positivi 12 pazienti e 3 operatori sanitari - Il Notiziario\",\"isPartOf\":{\"@id\":\"https:\\\/\\\/www.ilnotiziario.net\\\/wp\\\/#website\"},\"primaryImageOfPage\":{\"@id\":\"https:\\\/\\\/www.ilnotiziario.net\\\/wp\\\/brianza\\\/desio-focolaio-covid-ortopedia-ospedale-positivi\\\/#primaryimage\"},\"image\":{\"@id\":\"https:\\\/\\\/www.ilnotiziario.net\\\/wp\\\/brianza\\\/desio-focolaio-covid-ortopedia-ospedale-positivi\\\/#primaryimage\"},\"thumbnailUrl\":\"https:\\\/\\\/www.ilnotiziario.net\\\/wp\\\/wp-content\\\/uploads\\\/2021\\\/02\\\/desio.jpg\",\"datePublished\":\"2021-02-24T12:42:29+00:00\",\"dateModified\":\"2021-02-24T12:44:43+00:00\",\"description\":\"Occhi puntati sull'Ospedale di Desio, dove si sarebbe acceso un focolaio di covid all'interno del reparto di ortopedia. Stando alle informazioni filtrate\",\"breadcrumb\":{\"@id\":\"https:\\\/\\\/www.ilnotiziario.net\\\/wp\\\/brianza\\\/desio-focolaio-covid-ortopedia-ospedale-positivi\\\/#breadcrumb\"},\"inLanguage\":\"it-IT\",\"potentialAction\":[{\"@type\":\"ReadAction\",\"target\":[\"https:\\\/\\\/www.ilnotiziario.net\\\/wp\\\/brianza\\\/desio-focolaio-covid-ortopedia-ospedale-positivi\\\/\"]}]},{\"@type\":\"ImageObject\",\"inLanguage\":\"it-IT\",\"@id\":\"https:\\\/\\\/www.ilnotiziario.net\\\/wp\\\/brianza\\\/desio-focolaio-covid-ortopedia-ospedale-positivi\\\/#primaryimage\",\"url\":\"https:\\\/\\\/www.ilnotiziario.net\\\/wp\\\/wp-content\\\/uploads\\\/2021\\\/02\\\/desio.jpg\",\"contentUrl\":\"https:\\\/\\\/www.ilnotiziario.net\\\/wp\\\/wp-content\\\/uploads\\\/2021\\\/02\\\/desio.jpg\",\"width\":805,\"height\":453},{\"@type\":\"BreadcrumbList\",\"@id\":\"https:\\\/\\\/www.ilnotiziario.net\\\/wp\\\/brianza\\\/desio-focolaio-covid-ortopedia-ospedale-positivi\\\/#breadcrumb\",\"itemListElement\":[{\"@type\":\"ListItem\",\"position\":1,\"name\":\"tds_text_logo_tagline_colortds_text_logo_tagline_colortds_text_logo_tagline_colortds_text_logo_tagline_colortd_module_7_title_excerpttd_module_7_title_excerpttd_module_7_title_excerpttd_module_7_title_excerptHome\",\"item\":\"https:\\\/\\\/www.ilnotiziario.net\\\/wp\\\/\"},{\"@type\":\"ListItem\",\"position\":2,\"name\":\"Desio, focolaio covid nel reparto di ortopedia dell&#8217;ospedale: positivi 12 pazienti e 3 operatori sanitari\"}]},{\"@type\":\"WebSite\",\"@id\":\"https:\\\/\\\/www.ilnotiziario.net\\\/wp\\\/#website\",\"url\":\"https:\\\/\\\/www.ilnotiziario.net\\\/wp\\\/\",\"name\":\"Il Notiziario\",\"description\":\"Per restare sempre connessi alla notizia\",\"publisher\":{\"@id\":\"https:\\\/\\\/www.ilnotiziario.net\\\/wp\\\/#organization\"},\"alternateName\":\"Il Notiziario Bollate\",\"potentialAction\":[{\"@type\":\"SearchAction\",\"target\":{\"@type\":\"EntryPoint\",\"urlTemplate\":\"https:\\\/\\\/www.ilnotiziario.net\\\/wp\\\/?s={search_term_string}\"},\"query-input\":{\"@type\":\"PropertyValueSpecification\",\"valueRequired\":true,\"valueName\":\"search_term_string\"}}],\"inLanguage\":\"it-IT\"},{\"@type\":\"Organization\",\"@id\":\"https:\\\/\\\/www.ilnotiziario.net\\\/wp\\\/#organization\",\"name\":\"Il Notiziario\",\"url\":\"https:\\\/\\\/www.ilnotiziario.net\\\/wp\\\/\",\"logo\":{\"@type\":\"ImageObject\",\"inLanguage\":\"it-IT\",\"@id\":\"https:\\\/\\\/www.ilnotiziario.net\\\/wp\\\/#\\\/schema\\\/logo\\\/image\\\/\",\"url\":\"https:\\\/\\\/www.ilnotiziario.net\\\/wp\\\/wp-content\\\/uploads\\\/2022\\\/06\\\/170x170ilN.png\",\"contentUrl\":\"https:\\\/\\\/www.ilnotiziario.net\\\/wp\\\/wp-content\\\/uploads\\\/2022\\\/06\\\/170x170ilN.png\",\"width\":355,\"height\":355,\"caption\":\"Il Notiziario\"},\"image\":{\"@id\":\"https:\\\/\\\/www.ilnotiziario.net\\\/wp\\\/#\\\/schema\\\/logo\\\/image\\\/\"},\"sameAs\":[\"https:\\\/\\\/www.facebook.com\\\/ilnotiziarioind\\\/\",\"https:\\\/\\\/x.com\\\/ilNotiziarioInd\",\"https:\\\/\\\/www.instagram.com\\\/ilnotiziario_settimanale\\\/\"]},{\"@type\":\"Person\",\"@id\":\"https:\\\/\\\/www.ilnotiziario.net\\\/wp\\\/#\\\/schema\\\/person\\\/386e222908f898bb41c033989482bbf2\",\"name\":\"Gabriele Bassani\",\"image\":{\"@type\":\"ImageObject\",\"inLanguage\":\"it-IT\",\"@id\":\"https:\\\/\\\/secure.gravatar.com\\\/avatar\\\/09274f4a84fa97698bde56f84b3afed61c8492d48b0550db9671b68c177479cb?s=96&d=mm&r=g\",\"url\":\"https:\\\/\\\/secure.gravatar.com\\\/avatar\\\/09274f4a84fa97698bde56f84b3afed61c8492d48b0550db9671b68c177479cb?s=96&d=mm&r=g\",\"contentUrl\":\"https:\\\/\\\/secure.gravatar.com\\\/avatar\\\/09274f4a84fa97698bde56f84b3afed61c8492d48b0550db9671b68c177479cb?s=96&d=mm&r=g\",\"caption\":\"Gabriele Bassani\"},\"sameAs\":[\"http:\\\/\\\/www.ilnotiziario.net\"]}]}<\/script>\n<!-- \/ Yoast SEO plugin. -->","yoast_head_json":{"title":"Desio, focolaio covid nel reparto di ortopedia dell'ospedale: positivi 12 pazienti e 3 operatori sanitari - Il Notiziario","description":"Occhi puntati sull'Ospedale di Desio, dove si sarebbe acceso un focolaio di covid all'interno del reparto di ortopedia. Stando alle informazioni filtrate","robots":{"index":"index","follow":"follow","max-snippet":"max-snippet:-1","max-image-preview":"max-image-preview:large","max-video-preview":"max-video-preview:-1"},"canonical":"https:\/\/www.ilnotiziario.net\/wp\/brianza\/desio-focolaio-covid-ortopedia-ospedale-positivi\/","og_locale":"it_IT","og_type":"article","og_title":"Desio, focolaio covid nel reparto di ortopedia dell'ospedale: positivi 12 pazienti e 3 operatori sanitari - Il Notiziario","og_description":"Occhi puntati sull'Ospedale di Desio, dove si sarebbe acceso un focolaio di covid all'interno del reparto di ortopedia. Stando alle informazioni filtrate","og_url":"https:\/\/www.ilnotiziario.net\/wp\/brianza\/desio-focolaio-covid-ortopedia-ospedale-positivi\/","og_site_name":"Il Notiziario","article_publisher":"https:\/\/www.facebook.com\/ilnotiziarioind\/","article_published_time":"2021-02-24T12:42:29+00:00","article_modified_time":"2021-02-24T12:44:43+00:00","og_image":[{"width":805,"height":453,"url":"https:\/\/www.ilnotiziario.net\/wp\/wp-content\/uploads\/2021\/02\/desio.jpg","type":"image\/jpeg"}],"author":"Gabriele Bassani","twitter_card":"summary_large_image","twitter_creator":"@ilNotiziarioInd","twitter_site":"@ilNotiziarioInd","twitter_misc":{"Scritto da":"Gabriele Bassani","Tempo di lettura stimato":"1 minuto"},"schema":{"@context":"https:\/\/schema.org","@graph":[{"@type":"Article","@id":"https:\/\/www.ilnotiziario.net\/wp\/brianza\/desio-focolaio-covid-ortopedia-ospedale-positivi\/#article","isPartOf":{"@id":"https:\/\/www.ilnotiziario.net\/wp\/brianza\/desio-focolaio-covid-ortopedia-ospedale-positivi\/"},"author":{"name":"Gabriele Bassani","@id":"https:\/\/www.ilnotiziario.net\/wp\/#\/schema\/person\/386e222908f898bb41c033989482bbf2"},"headline":"Desio, focolaio covid nel reparto di ortopedia dell&#8217;ospedale: positivi 12 pazienti e 3 operatori sanitari","datePublished":"2021-02-24T12:42:29+00:00","dateModified":"2021-02-24T12:44:43+00:00","mainEntityOfPage":{"@id":"https:\/\/www.ilnotiziario.net\/wp\/brianza\/desio-focolaio-covid-ortopedia-ospedale-positivi\/"},"wordCount":131,"publisher":{"@id":"https:\/\/www.ilnotiziario.net\/wp\/#organization"},"image":{"@id":"https:\/\/www.ilnotiziario.net\/wp\/brianza\/desio-focolaio-covid-ortopedia-ospedale-positivi\/#primaryimage"},"thumbnailUrl":"https:\/\/www.ilnotiziario.net\/wp\/wp-content\/uploads\/2021\/02\/desio.jpg","keywords":["covid","focolaio","Ospedale di Desio","positivi"],"articleSection":["BRIANZA","Prima Pagina"],"inLanguage":"it-IT"},{"@type":"WebPage","@id":"https:\/\/www.ilnotiziario.net\/wp\/brianza\/desio-focolaio-covid-ortopedia-ospedale-positivi\/","url":"https:\/\/www.ilnotiziario.net\/wp\/brianza\/desio-focolaio-covid-ortopedia-ospedale-positivi\/","name":"Desio, focolaio covid nel reparto di ortopedia dell'ospedale: positivi 12 pazienti e 3 operatori sanitari - Il Notiziario","isPartOf":{"@id":"https:\/\/www.ilnotiziario.net\/wp\/#website"},"primaryImageOfPage":{"@id":"https:\/\/www.ilnotiziario.net\/wp\/brianza\/desio-focolaio-covid-ortopedia-ospedale-positivi\/#primaryimage"},"image":{"@id":"https:\/\/www.ilnotiziario.net\/wp\/brianza\/desio-focolaio-covid-ortopedia-ospedale-positivi\/#primaryimage"},"thumbnailUrl":"https:\/\/www.ilnotiziario.net\/wp\/wp-content\/uploads\/2021\/02\/desio.jpg","datePublished":"2021-02-24T12:42:29+00:00","dateModified":"2021-02-24T12:44:43+00:00","description":"Occhi puntati sull'Ospedale di Desio, dove si sarebbe acceso un focolaio di covid all'interno del reparto di ortopedia. Stando alle informazioni filtrate","breadcrumb":{"@id":"https:\/\/www.ilnotiziario.net\/wp\/brianza\/desio-focolaio-covid-ortopedia-ospedale-positivi\/#breadcrumb"},"inLanguage":"it-IT","potentialAction":[{"@type":"ReadAction","target":["https:\/\/www.ilnotiziario.net\/wp\/brianza\/desio-focolaio-covid-ortopedia-ospedale-positivi\/"]}]},{"@type":"ImageObject","inLanguage":"it-IT","@id":"https:\/\/www.ilnotiziario.net\/wp\/brianza\/desio-focolaio-covid-ortopedia-ospedale-positivi\/#primaryimage","url":"https:\/\/www.ilnotiziario.net\/wp\/wp-content\/uploads\/2021\/02\/desio.jpg","contentUrl":"https:\/\/www.ilnotiziario.net\/wp\/wp-content\/uploads\/2021\/02\/desio.jpg","width":805,"height":453},{"@type":"BreadcrumbList","@id":"https:\/\/www.ilnotiziario.net\/wp\/brianza\/desio-focolaio-covid-ortopedia-ospedale-positivi\/#breadcrumb","itemListElement":[{"@type":"ListItem","position":1,"name":"tds_text_logo_tagline_colortds_text_logo_tagline_colortds_text_logo_tagline_colortds_text_logo_tagline_colortd_module_7_title_excerpttd_module_7_title_excerpttd_module_7_title_excerpttd_module_7_title_excerptHome","item":"https:\/\/www.ilnotiziario.net\/wp\/"},{"@type":"ListItem","position":2,"name":"Desio, focolaio covid nel reparto di ortopedia dell&#8217;ospedale: positivi 12 pazienti e 3 operatori sanitari"}]},{"@type":"WebSite","@id":"https:\/\/www.ilnotiziario.net\/wp\/#website","url":"https:\/\/www.ilnotiziario.net\/wp\/","name":"Il Notiziario","description":"Per restare sempre connessi alla notizia","publisher":{"@id":"https:\/\/www.ilnotiziario.net\/wp\/#organization"},"alternateName":"Il Notiziario Bollate","potentialAction":[{"@type":"SearchAction","target":{"@type":"EntryPoint","urlTemplate":"https:\/\/www.ilnotiziario.net\/wp\/?s={search_term_string}"},"query-input":{"@type":"PropertyValueSpecification","valueRequired":true,"valueName":"search_term_string"}}],"inLanguage":"it-IT"},{"@type":"Organization","@id":"https:\/\/www.ilnotiziario.net\/wp\/#organization","name":"Il Notiziario","url":"https:\/\/www.ilnotiziario.net\/wp\/","logo":{"@type":"ImageObject","inLanguage":"it-IT","@id":"https:\/\/www.ilnotiziario.net\/wp\/#\/schema\/logo\/image\/","url":"https:\/\/www.ilnotiziario.net\/wp\/wp-content\/uploads\/2022\/06\/170x170ilN.png","contentUrl":"https:\/\/www.ilnotiziario.net\/wp\/wp-content\/uploads\/2022\/06\/170x170ilN.png","width":355,"height":355,"caption":"Il Notiziario"},"image":{"@id":"https:\/\/www.ilnotiziario.net\/wp\/#\/schema\/logo\/image\/"},"sameAs":["https:\/\/www.facebook.com\/ilnotiziarioind\/","https:\/\/x.com\/ilNotiziarioInd","https:\/\/www.instagram.com\/ilnotiziario_settimanale\/"]},{"@type":"Person","@id":"https:\/\/www.ilnotiziario.net\/wp\/#\/schema\/person\/386e222908f898bb41c033989482bbf2","name":"Gabriele Bassani","image":{"@type":"ImageObject","inLanguage":"it-IT","@id":"https:\/\/secure.gravatar.com\/avatar\/09274f4a84fa97698bde56f84b3afed61c8492d48b0550db9671b68c177479cb?s=96&d=mm&r=g","url":"https:\/\/secure.gravatar.com\/avatar\/09274f4a84fa97698bde56f84b3afed61c8492d48b0550db9671b68c177479cb?s=96&d=mm&r=g","contentUrl":"https:\/\/secure.gravatar.com\/avatar\/09274f4a84fa97698bde56f84b3afed61c8492d48b0550db9671b68c177479cb?s=96&d=mm&r=g","caption":"Gabriele Bassani"},"sameAs":["http:\/\/www.ilnotiziario.net"]}]}},"_links":{"self":[{"href":"https:\/\/www.ilnotiziario.net\/wp\/wp-json\/wp\/v2\/posts\/148369","targetHints":{"allow":["GET"]}}],"collection":[{"href":"https:\/\/www.ilnotiziario.net\/wp\/wp-json\/wp\/v2\/posts"}],"about":[{"href":"https:\/\/www.ilnotiziario.net\/wp\/wp-json\/wp\/v2\/types\/post"}],"author":[{"embeddable":true,"href":"https:\/\/www.ilnotiziario.net\/wp\/wp-json\/wp\/v2\/users\/3"}],"replies":[{"embeddable":true,"href":"https:\/\/www.ilnotiziario.net\/wp\/wp-json\/wp\/v2\/comments?post=148369"}],"version-history":[{"count":0,"href":"https:\/\/www.ilnotiziario.net\/wp\/wp-json\/wp\/v2\/posts\/148369\/revisions"}],"wp:featuredmedia":[{"embeddable":true,"href":"https:\/\/www.ilnotiziario.net\/wp\/wp-json\/wp\/v2\/media\/148370"}],"wp:attachment":[{"href":"https:\/\/www.ilnotiziario.net\/wp\/wp-json\/wp\/v2\/media?parent=148369"}],"wp:term":[{"taxonomy":"category","embeddable":true,"href":"https:\/\/www.ilnotiziario.net\/wp\/wp-json\/wp\/v2\/categories?post=148369"},{"taxonomy":"post_tag","embeddable":true,"href":"https:\/\/www.ilnotiziario.net\/wp\/wp-json\/wp\/v2\/tags?post=148369"}],"curies":[{"name":"wp","href":"https:\/\/api.w.org\/{rel}","templated":true}]}}