{"id":148862,"date":"2021-03-07T21:22:03","date_gmt":"2021-03-07T20:22:03","guid":{"rendered":"https:\/\/www.ilnotiziario.net\/wp\/?p=148862"},"modified":"2021-03-07T21:23:50","modified_gmt":"2021-03-07T20:23:50","slug":"senago-scuola-protesta-cartelli-video","status":"publish","type":"post","link":"https:\/\/www.ilnotiziario.net\/wp\/prima-pagina\/senago-scuola-protesta-cartelli-video\/","title":{"rendered":"Senago, &#8220;La scuola non si chiude&#8221;,  cartelli sulle cancellate e video di protesta | VIDEO"},"content":{"rendered":"<p><img fetchpriority=\"high\" decoding=\"async\" class=\"aligncenter size-medium wp-image-148863\" src=\"https:\/\/www.ilnotiziario.net\/wp\/wp-content\/uploads\/2021\/03\/Senago-Scuola-protesta-300x236.jpg\" alt=\"Senago scuola protesta\" width=\"300\" height=\"236\" srcset=\"https:\/\/www.ilnotiziario.net\/wp\/wp-content\/uploads\/2021\/03\/Senago-Scuola-protesta-300x236.jpg 300w, https:\/\/www.ilnotiziario.net\/wp\/wp-content\/uploads\/2021\/03\/Senago-Scuola-protesta-1024x804.jpg 1024w, https:\/\/www.ilnotiziario.net\/wp\/wp-content\/uploads\/2021\/03\/Senago-Scuola-protesta-768x603.jpg 768w, https:\/\/www.ilnotiziario.net\/wp\/wp-content\/uploads\/2021\/03\/Senago-Scuola-protesta-1536x1206.jpg 1536w, https:\/\/www.ilnotiziario.net\/wp\/wp-content\/uploads\/2021\/03\/Senago-Scuola-protesta-696x546.jpg 696w, https:\/\/www.ilnotiziario.net\/wp\/wp-content\/uploads\/2021\/03\/Senago-Scuola-protesta-1392x1093.jpg 1392w, https:\/\/www.ilnotiziario.net\/wp\/wp-content\/uploads\/2021\/03\/Senago-Scuola-protesta-1068x839.jpg 1068w, https:\/\/www.ilnotiziario.net\/wp\/wp-content\/uploads\/2021\/03\/Senago-Scuola-protesta.jpg 2048w\" sizes=\"(max-width: 300px) 100vw, 300px\" \/>\u201cLa Scuola non si chiude\u201d, decine di cartelli sulle cancellate dei plessi scolastici&nbsp; e video di protesta che diventano virali in queste ore a Senago.&nbsp;<\/p><div id=\"ilnot-1394292585\" class=\"ilnot-contenuto ilnot-entity-placement\"><p><!-- incontent_1 --><\/p>\n<div class=\"gptslot\" data-adunitid=\"1\"><\/div>\n<\/div>\n<p>\u201cLa scuola si fa a scuola\u201d. \u201cLa scuola non si chiude\u201d. E\u2019 la protesta scoppiata da qualche ora a Senago con decine di <strong>cartelli attaccati alle cancellate dei vari istituti<\/strong> e video che stanno diventando virali e che raccontano le istanze di genitori e giovani studenti.<\/p>\n<p>\u201cLa scuola non si chiude\u201d \u00e8 lo slogan che campeggia su decine di cartelli colorati che aumentano di ora in ora sulle cancellate degli istituti senaghesi. Sono scritti da genitori ma anche firmati dalle stesse classi.<\/p><div id=\"ilnot-2141779194\" class=\"ilnot-contenuto_2 ilnot-entity-placement\"><div class=\"ads-wrapper\">\n<div class=\"ad-slot\">\n   <div id=\"ilnot-1385687066\" style=\"margin-right: auto;margin-left: auto;text-align: center;width: 320px;height: 100px;\"><a href=\"https:\/\/www.scuolasicurezza.it\/\"><img decoding=\"async\" src=\"https:\/\/www.ilnotiziario.net\/wp\/wp-content\/uploads\/2026\/04\/IlNotiziario_banner-sito-e-newsletter-320-x-100-px-1.gif\" alt=\"\"><\/a><\/div>\n  <\/div>\n<div class=\"ad-slot\">\n   <div id=\"ilnot-2462191400\" style=\"margin-right: auto;margin-left: auto;text-align: center;width: 320px;height: 100px;\"><a href=\"https:\/\/purodesignarredamenti.com\/\"><img decoding=\"async\" src=\"https:\/\/www.ilnotiziario.net\/wp\/wp-content\/uploads\/2026\/04\/banner-puro-ok.gif\" alt=\"whatsapp\"><\/a><\/div><\/p><\/div>\n<\/div>\n<\/div>\n<p>E proprio in queste ore c\u2019\u00e8 anche un video dei genitori del comprensivo Da Vinci che sta diventando virale. Raccoglie le istanze dei genitori, le loro preoccupazioni per la scelta della chiusura degli istituti che, ad un anno esatto di distanza ha il sapore di un deja- vu.<\/p>\n<p>\u201cNon \u00e8 possibile che a pagare siano sempre bambini e ragazzi\u201d dicono le mamme.<\/p>\n<p>\u201cLa scuola \u00e8 l\u2019ultimo spiraglio di libert\u00e0 per relazionarsi con i loro amici, per crescere e per non diventare lobotomizzati davanti ad un pc, seguendo video lezioni e contatti umani in videochiamate o chat di gruppo. E\u2019 disumano, ci siamo gi\u00e0 passati e rivivere tutto questo dopo un anno mi sembra un incubo. Siamo punto e a capo dopo un anno, si poteva fare tanto ma \u00e8 stato fatto poco e per questo pagano i bambini. Gli unici innocenti, gli unici che seguono le regole\u201d.<\/p><div id=\"ilnot-2415313067\" class=\"ilnot-contenuto_2-2 ilnot-entity-placement\"><div class=\"gptslot\" data-adunitid=\"2\"><\/div>\n<\/div>\n<p>Una carrellata di immagini, come si \u00e8 ormai imparato a fare in pieno stile lockdown, raccolgono le facce e gli slogan della protesta \u201cLa scuola non si chiude\u201d.<\/p>\n<p><a href=\"https:\/\/www.ilnotiziario.net\/wp\/2021\/03\/05\/scuole-chiuse-ma-non-per-tutti-frequenza-da-garantire-a-figli-di-sanitari-e-lavoratori-essenziali\/\"><strong>LEGGI ANCHE: Suole chiuse ma non per tutti, in presenza i figli di lavoratori essenziali<\/strong><\/a><\/p>\n<p>Appello anche da parte di un liceale di 16 anni che si rivolge direttamente al presidente Fontana. \u201cSono uno dei tanti studenti costretti a rimanere a casa dopo la sua decisione. Rappresento i miei coetanei. La Dad non si \u00e8 rivelata per nulla efficace, forse perch\u00e9 non tutti possiedono i mezzi, ma ha peggiorato la situazione scolastica italiana. La Dad non ci ha insegnato nulla \u00e8 ora di dirlo. <strong>Noi adolescenti siamo stanchi<\/strong>. Usate le parole per condannare tutti quei ragazzi che escono di casa senza mascherina e creano assembramenti. Un atto deprecabile, non vi si pu\u00f2 dare torto. Ma di quei ragazzi che si sacrificano ogni giorno ne parlate mai? Abbiamo accettato tutto, ma adesso \u00e8 ora di dire basta\u201d.<\/p><div id=\"ilnot-927458088\" class=\"ilnot-contenuto_2-2-2 ilnot-entity-placement\"><div class=\"gptslot\" data-adunitid=\"3\"><\/div>\n<\/div>\n<p><strong>Stefania Priolo&nbsp;<\/strong><\/p>\n<p><strong>QUI IL VIDEO REALIZZATO A SENAGO<\/strong><\/p>\n<p>&nbsp;<iframe style=\"border: none; overflow: hidden;\" src=\"https:\/\/www.facebook.com\/plugins\/video.php?height=442&amp;href=https%3A%2F%2Fwww.facebook.com%2Ffrancesca.fava.566%2Fvideos%2F3971934566228726%2F&amp;show_text=false&amp;width=560\" width=\"560\" height=\"442\" frameborder=\"0\" scrolling=\"no\" allowfullscreen=\"allowfullscreen\"><\/iframe><\/p>\n","protected":false},"excerpt":{"rendered":"<p>\u201cLa Scuola non si chiude\u201d, decine di cartelli sulle cancellate dei plessi scolastici&nbsp; e video di protesta che diventano virali in queste ore a Senago.&nbsp; \u201cLa scuola si fa a scuola\u201d. \u201cLa scuola non si chiude\u201d. E\u2019 la protesta scoppiata da qualche ora a Senago con decine di cartelli attaccati alle cancellate dei vari istituti<\/p>\n","protected":false},"author":3,"featured_media":148863,"comment_status":"closed","ping_status":"closed","sticky":false,"template":"","format":"standard","meta":{"footnotes":""},"categories":[8,11,20,21],"tags":[1220,100,380,183,740],"class_list":{"0":"post-148862","1":"post","2":"type-post","3":"status-publish","4":"format-standard","5":"has-post-thumbnail","7":"category-bollatese","8":"category-nord-milano","9":"category-prima-pagina","10":"category-video","11":"tag-genitori","12":"tag-protesta","13":"tag-scuola","14":"tag-senago","15":"tag-video-2"},"yoast_head":"<!-- This site is optimized with the Yoast SEO plugin v27.4 - https:\/\/yoast.com\/product\/yoast-seo-wordpress\/ -->\n<title>Senago, &quot;La scuola non si chiude&quot;, cartelli sulle cancellate e video di protesta | VIDEO - Il Notiziario<\/title>\n<meta name=\"description\" content=\"\u201cLa Scuola non si chiude\u201d, decine di cartelli sulle cancellate dei plessi scolastici&nbsp; e video di protesta che diventano virali in queste ore a\" \/>\n<meta name=\"robots\" content=\"index, follow, max-snippet:-1, max-image-preview:large, max-video-preview:-1\" \/>\n<link rel=\"canonical\" href=\"https:\/\/www.ilnotiziario.net\/wp\/prima-pagina\/senago-scuola-protesta-cartelli-video\/\" \/>\n<meta property=\"og:locale\" content=\"it_IT\" \/>\n<meta property=\"og:type\" content=\"article\" \/>\n<meta property=\"og:title\" content=\"Senago, &quot;La scuola non si chiude&quot;, cartelli sulle cancellate e video di protesta | VIDEO - Il Notiziario\" \/>\n<meta property=\"og:description\" content=\"\u201cLa Scuola non si chiude\u201d, decine di cartelli sulle cancellate dei plessi scolastici&nbsp; e video di protesta che diventano virali in queste ore a\" \/>\n<meta property=\"og:url\" content=\"https:\/\/www.ilnotiziario.net\/wp\/prima-pagina\/senago-scuola-protesta-cartelli-video\/\" \/>\n<meta property=\"og:site_name\" content=\"Il Notiziario\" \/>\n<meta property=\"article:publisher\" content=\"https:\/\/www.facebook.com\/ilnotiziarioind\/\" \/>\n<meta property=\"article:published_time\" content=\"2021-03-07T20:22:03+00:00\" \/>\n<meta property=\"article:modified_time\" content=\"2021-03-07T20:23:50+00:00\" \/>\n<meta property=\"og:image\" content=\"https:\/\/www.ilnotiziario.net\/wp\/wp-content\/uploads\/2021\/03\/Senago-Scuola-protesta.jpg\" \/>\n\t<meta property=\"og:image:width\" content=\"2048\" \/>\n\t<meta property=\"og:image:height\" content=\"1608\" \/>\n\t<meta property=\"og:image:type\" content=\"image\/jpeg\" \/>\n<meta name=\"author\" content=\"Gabriele Bassani\" \/>\n<meta name=\"twitter:card\" content=\"summary_large_image\" \/>\n<meta name=\"twitter:creator\" content=\"@ilNotiziarioInd\" \/>\n<meta name=\"twitter:site\" content=\"@ilNotiziarioInd\" \/>\n<meta name=\"twitter:label1\" content=\"Scritto da\" \/>\n\t<meta name=\"twitter:data1\" content=\"Gabriele Bassani\" \/>\n\t<meta name=\"twitter:label2\" content=\"Tempo di lettura stimato\" \/>\n\t<meta name=\"twitter:data2\" content=\"3 minuti\" \/>\n<script type=\"application\/ld+json\" class=\"yoast-schema-graph\">{\"@context\":\"https:\\\/\\\/schema.org\",\"@graph\":[{\"@type\":\"Article\",\"@id\":\"https:\\\/\\\/www.ilnotiziario.net\\\/wp\\\/prima-pagina\\\/senago-scuola-protesta-cartelli-video\\\/#article\",\"isPartOf\":{\"@id\":\"https:\\\/\\\/www.ilnotiziario.net\\\/wp\\\/prima-pagina\\\/senago-scuola-protesta-cartelli-video\\\/\"},\"author\":{\"name\":\"Gabriele Bassani\",\"@id\":\"https:\\\/\\\/www.ilnotiziario.net\\\/wp\\\/#\\\/schema\\\/person\\\/386e222908f898bb41c033989482bbf2\"},\"headline\":\"Senago, &#8220;La scuola non si chiude&#8221;, cartelli sulle cancellate e video di protesta | VIDEO\",\"datePublished\":\"2021-03-07T20:22:03+00:00\",\"dateModified\":\"2021-03-07T20:23:50+00:00\",\"mainEntityOfPage\":{\"@id\":\"https:\\\/\\\/www.ilnotiziario.net\\\/wp\\\/prima-pagina\\\/senago-scuola-protesta-cartelli-video\\\/\"},\"wordCount\":436,\"publisher\":{\"@id\":\"https:\\\/\\\/www.ilnotiziario.net\\\/wp\\\/#organization\"},\"image\":{\"@id\":\"https:\\\/\\\/www.ilnotiziario.net\\\/wp\\\/prima-pagina\\\/senago-scuola-protesta-cartelli-video\\\/#primaryimage\"},\"thumbnailUrl\":\"https:\\\/\\\/www.ilnotiziario.net\\\/wp\\\/wp-content\\\/uploads\\\/2021\\\/03\\\/Senago-Scuola-protesta.jpg\",\"keywords\":[\"genitori\",\"Protesta\",\"scuola\",\"Senago\",\"video\"],\"articleSection\":[\"BOLLATESE\",\"NORD MILANO\",\"Prima Pagina\",\"Video\"],\"inLanguage\":\"it-IT\"},{\"@type\":\"WebPage\",\"@id\":\"https:\\\/\\\/www.ilnotiziario.net\\\/wp\\\/prima-pagina\\\/senago-scuola-protesta-cartelli-video\\\/\",\"url\":\"https:\\\/\\\/www.ilnotiziario.net\\\/wp\\\/prima-pagina\\\/senago-scuola-protesta-cartelli-video\\\/\",\"name\":\"Senago, \\\"La scuola non si chiude\\\", cartelli sulle cancellate e video di protesta | VIDEO - Il Notiziario\",\"isPartOf\":{\"@id\":\"https:\\\/\\\/www.ilnotiziario.net\\\/wp\\\/#website\"},\"primaryImageOfPage\":{\"@id\":\"https:\\\/\\\/www.ilnotiziario.net\\\/wp\\\/prima-pagina\\\/senago-scuola-protesta-cartelli-video\\\/#primaryimage\"},\"image\":{\"@id\":\"https:\\\/\\\/www.ilnotiziario.net\\\/wp\\\/prima-pagina\\\/senago-scuola-protesta-cartelli-video\\\/#primaryimage\"},\"thumbnailUrl\":\"https:\\\/\\\/www.ilnotiziario.net\\\/wp\\\/wp-content\\\/uploads\\\/2021\\\/03\\\/Senago-Scuola-protesta.jpg\",\"datePublished\":\"2021-03-07T20:22:03+00:00\",\"dateModified\":\"2021-03-07T20:23:50+00:00\",\"description\":\"\u201cLa Scuola non si chiude\u201d, decine di cartelli sulle cancellate dei plessi scolastici&nbsp; e video di protesta che diventano virali in queste ore a\",\"breadcrumb\":{\"@id\":\"https:\\\/\\\/www.ilnotiziario.net\\\/wp\\\/prima-pagina\\\/senago-scuola-protesta-cartelli-video\\\/#breadcrumb\"},\"inLanguage\":\"it-IT\",\"potentialAction\":[{\"@type\":\"ReadAction\",\"target\":[\"https:\\\/\\\/www.ilnotiziario.net\\\/wp\\\/prima-pagina\\\/senago-scuola-protesta-cartelli-video\\\/\"]}]},{\"@type\":\"ImageObject\",\"inLanguage\":\"it-IT\",\"@id\":\"https:\\\/\\\/www.ilnotiziario.net\\\/wp\\\/prima-pagina\\\/senago-scuola-protesta-cartelli-video\\\/#primaryimage\",\"url\":\"https:\\\/\\\/www.ilnotiziario.net\\\/wp\\\/wp-content\\\/uploads\\\/2021\\\/03\\\/Senago-Scuola-protesta.jpg\",\"contentUrl\":\"https:\\\/\\\/www.ilnotiziario.net\\\/wp\\\/wp-content\\\/uploads\\\/2021\\\/03\\\/Senago-Scuola-protesta.jpg\",\"width\":2048,\"height\":1608,\"caption\":\"Senago scuola protesta\"},{\"@type\":\"BreadcrumbList\",\"@id\":\"https:\\\/\\\/www.ilnotiziario.net\\\/wp\\\/prima-pagina\\\/senago-scuola-protesta-cartelli-video\\\/#breadcrumb\",\"itemListElement\":[{\"@type\":\"ListItem\",\"position\":1,\"name\":\"tds_text_logo_tagline_colortds_text_logo_tagline_colortds_text_logo_tagline_colortds_text_logo_tagline_colortd_module_7_title_excerpttd_module_7_title_excerpttd_module_7_title_excerpttd_module_7_title_excerptHome\",\"item\":\"https:\\\/\\\/www.ilnotiziario.net\\\/wp\\\/\"},{\"@type\":\"ListItem\",\"position\":2,\"name\":\"Senago, &#8220;La scuola non si chiude&#8221;, cartelli sulle cancellate e video di protesta | VIDEO\"}]},{\"@type\":\"WebSite\",\"@id\":\"https:\\\/\\\/www.ilnotiziario.net\\\/wp\\\/#website\",\"url\":\"https:\\\/\\\/www.ilnotiziario.net\\\/wp\\\/\",\"name\":\"Il Notiziario\",\"description\":\"Per restare sempre connessi alla notizia\",\"publisher\":{\"@id\":\"https:\\\/\\\/www.ilnotiziario.net\\\/wp\\\/#organization\"},\"alternateName\":\"Il Notiziario Bollate\",\"potentialAction\":[{\"@type\":\"SearchAction\",\"target\":{\"@type\":\"EntryPoint\",\"urlTemplate\":\"https:\\\/\\\/www.ilnotiziario.net\\\/wp\\\/?s={search_term_string}\"},\"query-input\":{\"@type\":\"PropertyValueSpecification\",\"valueRequired\":true,\"valueName\":\"search_term_string\"}}],\"inLanguage\":\"it-IT\"},{\"@type\":\"Organization\",\"@id\":\"https:\\\/\\\/www.ilnotiziario.net\\\/wp\\\/#organization\",\"name\":\"Il Notiziario\",\"url\":\"https:\\\/\\\/www.ilnotiziario.net\\\/wp\\\/\",\"logo\":{\"@type\":\"ImageObject\",\"inLanguage\":\"it-IT\",\"@id\":\"https:\\\/\\\/www.ilnotiziario.net\\\/wp\\\/#\\\/schema\\\/logo\\\/image\\\/\",\"url\":\"https:\\\/\\\/www.ilnotiziario.net\\\/wp\\\/wp-content\\\/uploads\\\/2022\\\/06\\\/170x170ilN.png\",\"contentUrl\":\"https:\\\/\\\/www.ilnotiziario.net\\\/wp\\\/wp-content\\\/uploads\\\/2022\\\/06\\\/170x170ilN.png\",\"width\":355,\"height\":355,\"caption\":\"Il Notiziario\"},\"image\":{\"@id\":\"https:\\\/\\\/www.ilnotiziario.net\\\/wp\\\/#\\\/schema\\\/logo\\\/image\\\/\"},\"sameAs\":[\"https:\\\/\\\/www.facebook.com\\\/ilnotiziarioind\\\/\",\"https:\\\/\\\/x.com\\\/ilNotiziarioInd\",\"https:\\\/\\\/www.instagram.com\\\/ilnotiziario_settimanale\\\/\"]},{\"@type\":\"Person\",\"@id\":\"https:\\\/\\\/www.ilnotiziario.net\\\/wp\\\/#\\\/schema\\\/person\\\/386e222908f898bb41c033989482bbf2\",\"name\":\"Gabriele Bassani\",\"image\":{\"@type\":\"ImageObject\",\"inLanguage\":\"it-IT\",\"@id\":\"https:\\\/\\\/secure.gravatar.com\\\/avatar\\\/09274f4a84fa97698bde56f84b3afed61c8492d48b0550db9671b68c177479cb?s=96&d=mm&r=g\",\"url\":\"https:\\\/\\\/secure.gravatar.com\\\/avatar\\\/09274f4a84fa97698bde56f84b3afed61c8492d48b0550db9671b68c177479cb?s=96&d=mm&r=g\",\"contentUrl\":\"https:\\\/\\\/secure.gravatar.com\\\/avatar\\\/09274f4a84fa97698bde56f84b3afed61c8492d48b0550db9671b68c177479cb?s=96&d=mm&r=g\",\"caption\":\"Gabriele Bassani\"},\"sameAs\":[\"http:\\\/\\\/www.ilnotiziario.net\"]}]}<\/script>\n<!-- \/ Yoast SEO plugin. -->","yoast_head_json":{"title":"Senago, \"La scuola non si chiude\", cartelli sulle cancellate e video di protesta | VIDEO - Il Notiziario","description":"\u201cLa Scuola non si chiude\u201d, decine di cartelli sulle cancellate dei plessi scolastici&nbsp; e video di protesta che diventano virali in queste ore a","robots":{"index":"index","follow":"follow","max-snippet":"max-snippet:-1","max-image-preview":"max-image-preview:large","max-video-preview":"max-video-preview:-1"},"canonical":"https:\/\/www.ilnotiziario.net\/wp\/prima-pagina\/senago-scuola-protesta-cartelli-video\/","og_locale":"it_IT","og_type":"article","og_title":"Senago, \"La scuola non si chiude\", cartelli sulle cancellate e video di protesta | VIDEO - Il Notiziario","og_description":"\u201cLa Scuola non si chiude\u201d, decine di cartelli sulle cancellate dei plessi scolastici&nbsp; e video di protesta che diventano virali in queste ore a","og_url":"https:\/\/www.ilnotiziario.net\/wp\/prima-pagina\/senago-scuola-protesta-cartelli-video\/","og_site_name":"Il Notiziario","article_publisher":"https:\/\/www.facebook.com\/ilnotiziarioind\/","article_published_time":"2021-03-07T20:22:03+00:00","article_modified_time":"2021-03-07T20:23:50+00:00","og_image":[{"width":2048,"height":1608,"url":"https:\/\/www.ilnotiziario.net\/wp\/wp-content\/uploads\/2021\/03\/Senago-Scuola-protesta.jpg","type":"image\/jpeg"}],"author":"Gabriele Bassani","twitter_card":"summary_large_image","twitter_creator":"@ilNotiziarioInd","twitter_site":"@ilNotiziarioInd","twitter_misc":{"Scritto da":"Gabriele Bassani","Tempo di lettura stimato":"3 minuti"},"schema":{"@context":"https:\/\/schema.org","@graph":[{"@type":"Article","@id":"https:\/\/www.ilnotiziario.net\/wp\/prima-pagina\/senago-scuola-protesta-cartelli-video\/#article","isPartOf":{"@id":"https:\/\/www.ilnotiziario.net\/wp\/prima-pagina\/senago-scuola-protesta-cartelli-video\/"},"author":{"name":"Gabriele Bassani","@id":"https:\/\/www.ilnotiziario.net\/wp\/#\/schema\/person\/386e222908f898bb41c033989482bbf2"},"headline":"Senago, &#8220;La scuola non si chiude&#8221;, cartelli sulle cancellate e video di protesta | VIDEO","datePublished":"2021-03-07T20:22:03+00:00","dateModified":"2021-03-07T20:23:50+00:00","mainEntityOfPage":{"@id":"https:\/\/www.ilnotiziario.net\/wp\/prima-pagina\/senago-scuola-protesta-cartelli-video\/"},"wordCount":436,"publisher":{"@id":"https:\/\/www.ilnotiziario.net\/wp\/#organization"},"image":{"@id":"https:\/\/www.ilnotiziario.net\/wp\/prima-pagina\/senago-scuola-protesta-cartelli-video\/#primaryimage"},"thumbnailUrl":"https:\/\/www.ilnotiziario.net\/wp\/wp-content\/uploads\/2021\/03\/Senago-Scuola-protesta.jpg","keywords":["genitori","Protesta","scuola","Senago","video"],"articleSection":["BOLLATESE","NORD MILANO","Prima Pagina","Video"],"inLanguage":"it-IT"},{"@type":"WebPage","@id":"https:\/\/www.ilnotiziario.net\/wp\/prima-pagina\/senago-scuola-protesta-cartelli-video\/","url":"https:\/\/www.ilnotiziario.net\/wp\/prima-pagina\/senago-scuola-protesta-cartelli-video\/","name":"Senago, \"La scuola non si chiude\", cartelli sulle cancellate e video di protesta | VIDEO - Il Notiziario","isPartOf":{"@id":"https:\/\/www.ilnotiziario.net\/wp\/#website"},"primaryImageOfPage":{"@id":"https:\/\/www.ilnotiziario.net\/wp\/prima-pagina\/senago-scuola-protesta-cartelli-video\/#primaryimage"},"image":{"@id":"https:\/\/www.ilnotiziario.net\/wp\/prima-pagina\/senago-scuola-protesta-cartelli-video\/#primaryimage"},"thumbnailUrl":"https:\/\/www.ilnotiziario.net\/wp\/wp-content\/uploads\/2021\/03\/Senago-Scuola-protesta.jpg","datePublished":"2021-03-07T20:22:03+00:00","dateModified":"2021-03-07T20:23:50+00:00","description":"\u201cLa Scuola non si chiude\u201d, decine di cartelli sulle cancellate dei plessi scolastici&nbsp; e video di protesta che diventano virali in queste ore a","breadcrumb":{"@id":"https:\/\/www.ilnotiziario.net\/wp\/prima-pagina\/senago-scuola-protesta-cartelli-video\/#breadcrumb"},"inLanguage":"it-IT","potentialAction":[{"@type":"ReadAction","target":["https:\/\/www.ilnotiziario.net\/wp\/prima-pagina\/senago-scuola-protesta-cartelli-video\/"]}]},{"@type":"ImageObject","inLanguage":"it-IT","@id":"https:\/\/www.ilnotiziario.net\/wp\/prima-pagina\/senago-scuola-protesta-cartelli-video\/#primaryimage","url":"https:\/\/www.ilnotiziario.net\/wp\/wp-content\/uploads\/2021\/03\/Senago-Scuola-protesta.jpg","contentUrl":"https:\/\/www.ilnotiziario.net\/wp\/wp-content\/uploads\/2021\/03\/Senago-Scuola-protesta.jpg","width":2048,"height":1608,"caption":"Senago scuola protesta"},{"@type":"BreadcrumbList","@id":"https:\/\/www.ilnotiziario.net\/wp\/prima-pagina\/senago-scuola-protesta-cartelli-video\/#breadcrumb","itemListElement":[{"@type":"ListItem","position":1,"name":"tds_text_logo_tagline_colortds_text_logo_tagline_colortds_text_logo_tagline_colortds_text_logo_tagline_colortd_module_7_title_excerpttd_module_7_title_excerpttd_module_7_title_excerpttd_module_7_title_excerptHome","item":"https:\/\/www.ilnotiziario.net\/wp\/"},{"@type":"ListItem","position":2,"name":"Senago, &#8220;La scuola non si chiude&#8221;, cartelli sulle cancellate e video di protesta | VIDEO"}]},{"@type":"WebSite","@id":"https:\/\/www.ilnotiziario.net\/wp\/#website","url":"https:\/\/www.ilnotiziario.net\/wp\/","name":"Il Notiziario","description":"Per restare sempre connessi alla notizia","publisher":{"@id":"https:\/\/www.ilnotiziario.net\/wp\/#organization"},"alternateName":"Il Notiziario Bollate","potentialAction":[{"@type":"SearchAction","target":{"@type":"EntryPoint","urlTemplate":"https:\/\/www.ilnotiziario.net\/wp\/?s={search_term_string}"},"query-input":{"@type":"PropertyValueSpecification","valueRequired":true,"valueName":"search_term_string"}}],"inLanguage":"it-IT"},{"@type":"Organization","@id":"https:\/\/www.ilnotiziario.net\/wp\/#organization","name":"Il Notiziario","url":"https:\/\/www.ilnotiziario.net\/wp\/","logo":{"@type":"ImageObject","inLanguage":"it-IT","@id":"https:\/\/www.ilnotiziario.net\/wp\/#\/schema\/logo\/image\/","url":"https:\/\/www.ilnotiziario.net\/wp\/wp-content\/uploads\/2022\/06\/170x170ilN.png","contentUrl":"https:\/\/www.ilnotiziario.net\/wp\/wp-content\/uploads\/2022\/06\/170x170ilN.png","width":355,"height":355,"caption":"Il Notiziario"},"image":{"@id":"https:\/\/www.ilnotiziario.net\/wp\/#\/schema\/logo\/image\/"},"sameAs":["https:\/\/www.facebook.com\/ilnotiziarioind\/","https:\/\/x.com\/ilNotiziarioInd","https:\/\/www.instagram.com\/ilnotiziario_settimanale\/"]},{"@type":"Person","@id":"https:\/\/www.ilnotiziario.net\/wp\/#\/schema\/person\/386e222908f898bb41c033989482bbf2","name":"Gabriele Bassani","image":{"@type":"ImageObject","inLanguage":"it-IT","@id":"https:\/\/secure.gravatar.com\/avatar\/09274f4a84fa97698bde56f84b3afed61c8492d48b0550db9671b68c177479cb?s=96&d=mm&r=g","url":"https:\/\/secure.gravatar.com\/avatar\/09274f4a84fa97698bde56f84b3afed61c8492d48b0550db9671b68c177479cb?s=96&d=mm&r=g","contentUrl":"https:\/\/secure.gravatar.com\/avatar\/09274f4a84fa97698bde56f84b3afed61c8492d48b0550db9671b68c177479cb?s=96&d=mm&r=g","caption":"Gabriele Bassani"},"sameAs":["http:\/\/www.ilnotiziario.net"]}]}},"_links":{"self":[{"href":"https:\/\/www.ilnotiziario.net\/wp\/wp-json\/wp\/v2\/posts\/148862","targetHints":{"allow":["GET"]}}],"collection":[{"href":"https:\/\/www.ilnotiziario.net\/wp\/wp-json\/wp\/v2\/posts"}],"about":[{"href":"https:\/\/www.ilnotiziario.net\/wp\/wp-json\/wp\/v2\/types\/post"}],"author":[{"embeddable":true,"href":"https:\/\/www.ilnotiziario.net\/wp\/wp-json\/wp\/v2\/users\/3"}],"replies":[{"embeddable":true,"href":"https:\/\/www.ilnotiziario.net\/wp\/wp-json\/wp\/v2\/comments?post=148862"}],"version-history":[{"count":0,"href":"https:\/\/www.ilnotiziario.net\/wp\/wp-json\/wp\/v2\/posts\/148862\/revisions"}],"wp:featuredmedia":[{"embeddable":true,"href":"https:\/\/www.ilnotiziario.net\/wp\/wp-json\/wp\/v2\/media\/148863"}],"wp:attachment":[{"href":"https:\/\/www.ilnotiziario.net\/wp\/wp-json\/wp\/v2\/media?parent=148862"}],"wp:term":[{"taxonomy":"category","embeddable":true,"href":"https:\/\/www.ilnotiziario.net\/wp\/wp-json\/wp\/v2\/categories?post=148862"},{"taxonomy":"post_tag","embeddable":true,"href":"https:\/\/www.ilnotiziario.net\/wp\/wp-json\/wp\/v2\/tags?post=148862"}],"curies":[{"name":"wp","href":"https:\/\/api.w.org\/{rel}","templated":true}]}}