{"id":148885,"date":"2021-03-08T13:26:16","date_gmt":"2021-03-08T12:26:16","guid":{"rendered":"https:\/\/www.ilnotiziario.net\/wp\/?p=148885"},"modified":"2021-03-08T13:28:17","modified_gmt":"2021-03-08T12:28:17","slug":"covid-draghi-super-zona-rossa","status":"publish","type":"post","link":"https:\/\/www.ilnotiziario.net\/wp\/prima-pagina\/covid-draghi-super-zona-rossa\/","title":{"rendered":"Covid, Draghi valuta l&#8217;idea di una super zona rossa per tutta Italia da settimana prossima"},"content":{"rendered":"<p><img fetchpriority=\"high\" decoding=\"async\" class=\"size-medium wp-image-53655 aligncenter\" src=\"https:\/\/www.ilnotiziario.net\/wp\/wp-content\/uploads\/2020\/04\/coronavirus-lombardia-1-300x180.jpg\" alt=\"\" width=\"300\" height=\"180\" srcset=\"https:\/\/www.ilnotiziario.net\/wp\/wp-content\/uploads\/2020\/04\/coronavirus-lombardia-1-300x180.jpg 300w, https:\/\/www.ilnotiziario.net\/wp\/wp-content\/uploads\/2020\/04\/coronavirus-lombardia-1-768x461.jpg 768w, https:\/\/www.ilnotiziario.net\/wp\/wp-content\/uploads\/2020\/04\/coronavirus-lombardia-1-696x418.jpg 696w, https:\/\/www.ilnotiziario.net\/wp\/wp-content\/uploads\/2020\/04\/coronavirus-lombardia-1.jpg 810w\" sizes=\"(max-width: 300px) 100vw, 300px\" \/><\/p>\n<p>La situazione covid in Italia \u00e8 tornata a complicarsi ulteriormente nelle ultime settimane e, nonostante le misure restrittive prese negli ultimi giorni (tra cui anche il cambio di colore per molte regioni, <a href=\"https:\/\/www.ilnotiziario.net\/wp\/2021\/03\/04\/lombardia-arancione-mezzanotte-scuole-chiuse\/\">compresa la Lombardia<\/a>), potrebbero arrivare altri provvedimenti gi\u00e0 questa settimana. Oggi ci sar\u00e0 una nuova riunione della cabina di regia, ma la data che adesso gli italiani dovranno tenere d&#8217;occhio \u00e8 <strong>venerd\u00ec 12 marzo<\/strong>.<\/p><div id=\"ilnot-2707848193\" class=\"ilnot-contenuto ilnot-entity-placement\"><p><!-- incontent_1 --><\/p>\n<div class=\"gptslot\" data-adunitid=\"1\"><\/div>\n<\/div>\n<p>I medici e gli esperti del Comitato tecnico-scientifico sono d&#8217;accordo nel affermare che il virus \u00e8 tornato a correre e anche i dati danno loro ragione: i contagi giornalieri sono oggi stabilmente sopra i 20mila e l&#8217;indice di positivit\u00e0 \u00e8 arrivato al 7,6%. Dobbiamo quindi aspettarci l&#8217;arrivo di nuove restrizioni.<\/p>\n<p>Tra gli scenari possibili, quello su cui pi\u00f9 si sta discutendo nelle ultime ore \u00e8 la possibilit\u00e0 che tutta l&#8217;Italia, dalla prossima settimana, entri in una <strong>super zona rossa<\/strong> e ci rimanga per tre settimane. La super zona rossa non sarebbe altro che un lockdown nazionale, utile a far abbassare la curva epidemiologica e a permettere la vaccinazione di pi\u00f9 persone possibili, grazie anche alle <strong>26 milioni di dosi di vaccino\u00a0<\/strong>attese da qui a fine aprile.<\/p><div id=\"ilnot-2817630273\" class=\"ilnot-contenuto_2 ilnot-entity-placement\"><div class=\"ads-wrapper\">\n<div class=\"ad-slot\">\n   <div id=\"ilnot-3913728815\" style=\"margin-right: auto;margin-left: auto;text-align: center;width: 320px;height: 100px;\"><a href=\"https:\/\/www.scuolasicurezza.it\/\"><img decoding=\"async\" src=\"https:\/\/www.ilnotiziario.net\/wp\/wp-content\/uploads\/2026\/04\/IlNotiziario_banner-sito-e-newsletter-320-x-100-px-1.gif\" alt=\"\"><\/a><\/div>\n  <\/div>\n<div class=\"ad-slot\">\n   <div id=\"ilnot-1099251325\" style=\"float: right;width: 320px;height: 100px;\"><a href=\"https:\/\/cedamitalia.it\/\"><img decoding=\"async\" src=\"https:\/\/www.ilnotiziario.net\/wp\/wp-content\/uploads\/2026\/04\/banner_cedam_320x100_OK.gif\" alt=\"Cedam\"><\/a><\/div><\/p><\/div>\n<\/div>\n<\/div>\n<p>La decisione su questa super zona rossa verr\u00e0 presa dal Governo Draghi venerd\u00ec 12 marzo, giorno in cui saranno disponibili anche i nuovi dati dell&#8217;Iss. Tre settimane di lockdown coordinato con accelerazione della campagna vaccinale: questa potrebbe essere la formula vincente per riaprire ad aprile in una situazione diversa e migliore.<\/p>\n","protected":false},"excerpt":{"rendered":"<p>La situazione covid in Italia \u00e8 tornata a complicarsi ulteriormente nelle ultime settimane e, nonostante le misure restrittive prese negli ultimi giorni (tra cui anche il cambio di colore per molte regioni, compresa la Lombardia), potrebbero arrivare altri provvedimenti gi\u00e0 questa settimana. Oggi ci sar\u00e0 una nuova riunione della cabina di regia, ma la data<\/p>\n","protected":false},"author":3,"featured_media":53655,"comment_status":"closed","ping_status":"closed","sticky":false,"template":"","format":"standard","meta":{"footnotes":""},"categories":[20],"tags":[6874,7244,7317,4107,7458],"class_list":{"0":"post-148885","1":"post","2":"type-post","3":"status-publish","4":"format-standard","5":"has-post-thumbnail","7":"category-prima-pagina","8":"tag-coronavirus","9":"tag-covid","10":"tag-lockdown","11":"tag-vaccini","12":"tag-zona-rossa"},"yoast_head":"<!-- This site is optimized with the Yoast SEO plugin v27.4 - https:\/\/yoast.com\/product\/yoast-seo-wordpress\/ -->\n<title>Covid, Draghi valuta l&#039;idea di una super zona rossa per tutta Italia da settimana prossima - Il Notiziario<\/title>\n<meta name=\"description\" content=\"La situazione covid in Italia \u00e8 tornata a complicarsi ulteriormente nelle ultime settimane e, nonostante le misure restrittive prese negli ultimi giorni\" \/>\n<meta name=\"robots\" content=\"index, follow, max-snippet:-1, max-image-preview:large, max-video-preview:-1\" \/>\n<link rel=\"canonical\" href=\"https:\/\/www.ilnotiziario.net\/wp\/prima-pagina\/covid-draghi-super-zona-rossa\/\" \/>\n<meta property=\"og:locale\" content=\"it_IT\" \/>\n<meta property=\"og:type\" content=\"article\" \/>\n<meta property=\"og:title\" content=\"Covid, Draghi valuta l&#039;idea di una super zona rossa per tutta Italia da settimana prossima - Il Notiziario\" \/>\n<meta property=\"og:description\" content=\"La situazione covid in Italia \u00e8 tornata a complicarsi ulteriormente nelle ultime settimane e, nonostante le misure restrittive prese negli ultimi giorni\" \/>\n<meta property=\"og:url\" content=\"https:\/\/www.ilnotiziario.net\/wp\/prima-pagina\/covid-draghi-super-zona-rossa\/\" \/>\n<meta property=\"og:site_name\" content=\"Il Notiziario\" \/>\n<meta property=\"article:publisher\" content=\"https:\/\/www.facebook.com\/ilnotiziarioind\/\" \/>\n<meta property=\"article:published_time\" content=\"2021-03-08T12:26:16+00:00\" \/>\n<meta property=\"article:modified_time\" content=\"2021-03-08T12:28:17+00:00\" \/>\n<meta property=\"og:image\" content=\"https:\/\/www.ilnotiziario.net\/wp\/wp-content\/uploads\/2020\/04\/coronavirus-lombardia-1.jpg\" \/>\n\t<meta property=\"og:image:width\" content=\"810\" \/>\n\t<meta property=\"og:image:height\" content=\"486\" \/>\n\t<meta property=\"og:image:type\" content=\"image\/jpeg\" \/>\n<meta name=\"author\" content=\"Gabriele Bassani\" \/>\n<meta name=\"twitter:card\" content=\"summary_large_image\" \/>\n<meta name=\"twitter:creator\" content=\"@ilNotiziarioInd\" \/>\n<meta name=\"twitter:site\" content=\"@ilNotiziarioInd\" \/>\n<meta name=\"twitter:label1\" content=\"Scritto da\" \/>\n\t<meta name=\"twitter:data1\" content=\"Gabriele Bassani\" \/>\n\t<meta name=\"twitter:label2\" content=\"Tempo di lettura stimato\" \/>\n\t<meta name=\"twitter:data2\" content=\"2 minuti\" \/>\n<script type=\"application\/ld+json\" class=\"yoast-schema-graph\">{\"@context\":\"https:\\\/\\\/schema.org\",\"@graph\":[{\"@type\":\"Article\",\"@id\":\"https:\\\/\\\/www.ilnotiziario.net\\\/wp\\\/prima-pagina\\\/covid-draghi-super-zona-rossa\\\/#article\",\"isPartOf\":{\"@id\":\"https:\\\/\\\/www.ilnotiziario.net\\\/wp\\\/prima-pagina\\\/covid-draghi-super-zona-rossa\\\/\"},\"author\":{\"name\":\"Gabriele Bassani\",\"@id\":\"https:\\\/\\\/www.ilnotiziario.net\\\/wp\\\/#\\\/schema\\\/person\\\/386e222908f898bb41c033989482bbf2\"},\"headline\":\"Covid, Draghi valuta l&#8217;idea di una super zona rossa per tutta Italia da settimana prossima\",\"datePublished\":\"2021-03-08T12:26:16+00:00\",\"dateModified\":\"2021-03-08T12:28:17+00:00\",\"mainEntityOfPage\":{\"@id\":\"https:\\\/\\\/www.ilnotiziario.net\\\/wp\\\/prima-pagina\\\/covid-draghi-super-zona-rossa\\\/\"},\"wordCount\":257,\"publisher\":{\"@id\":\"https:\\\/\\\/www.ilnotiziario.net\\\/wp\\\/#organization\"},\"image\":{\"@id\":\"https:\\\/\\\/www.ilnotiziario.net\\\/wp\\\/prima-pagina\\\/covid-draghi-super-zona-rossa\\\/#primaryimage\"},\"thumbnailUrl\":\"https:\\\/\\\/www.ilnotiziario.net\\\/wp\\\/wp-content\\\/uploads\\\/2020\\\/04\\\/coronavirus-lombardia-1.jpg\",\"keywords\":[\"coronavirus\",\"covid\",\"lockdown\",\"Vaccini\",\"zona rossa\"],\"articleSection\":[\"Prima Pagina\"],\"inLanguage\":\"it-IT\"},{\"@type\":\"WebPage\",\"@id\":\"https:\\\/\\\/www.ilnotiziario.net\\\/wp\\\/prima-pagina\\\/covid-draghi-super-zona-rossa\\\/\",\"url\":\"https:\\\/\\\/www.ilnotiziario.net\\\/wp\\\/prima-pagina\\\/covid-draghi-super-zona-rossa\\\/\",\"name\":\"Covid, Draghi valuta l'idea di una super zona rossa per tutta Italia da settimana prossima - Il Notiziario\",\"isPartOf\":{\"@id\":\"https:\\\/\\\/www.ilnotiziario.net\\\/wp\\\/#website\"},\"primaryImageOfPage\":{\"@id\":\"https:\\\/\\\/www.ilnotiziario.net\\\/wp\\\/prima-pagina\\\/covid-draghi-super-zona-rossa\\\/#primaryimage\"},\"image\":{\"@id\":\"https:\\\/\\\/www.ilnotiziario.net\\\/wp\\\/prima-pagina\\\/covid-draghi-super-zona-rossa\\\/#primaryimage\"},\"thumbnailUrl\":\"https:\\\/\\\/www.ilnotiziario.net\\\/wp\\\/wp-content\\\/uploads\\\/2020\\\/04\\\/coronavirus-lombardia-1.jpg\",\"datePublished\":\"2021-03-08T12:26:16+00:00\",\"dateModified\":\"2021-03-08T12:28:17+00:00\",\"description\":\"La situazione covid in Italia \u00e8 tornata a complicarsi ulteriormente nelle ultime settimane e, nonostante le misure restrittive prese negli ultimi giorni\",\"breadcrumb\":{\"@id\":\"https:\\\/\\\/www.ilnotiziario.net\\\/wp\\\/prima-pagina\\\/covid-draghi-super-zona-rossa\\\/#breadcrumb\"},\"inLanguage\":\"it-IT\",\"potentialAction\":[{\"@type\":\"ReadAction\",\"target\":[\"https:\\\/\\\/www.ilnotiziario.net\\\/wp\\\/prima-pagina\\\/covid-draghi-super-zona-rossa\\\/\"]}]},{\"@type\":\"ImageObject\",\"inLanguage\":\"it-IT\",\"@id\":\"https:\\\/\\\/www.ilnotiziario.net\\\/wp\\\/prima-pagina\\\/covid-draghi-super-zona-rossa\\\/#primaryimage\",\"url\":\"https:\\\/\\\/www.ilnotiziario.net\\\/wp\\\/wp-content\\\/uploads\\\/2020\\\/04\\\/coronavirus-lombardia-1.jpg\",\"contentUrl\":\"https:\\\/\\\/www.ilnotiziario.net\\\/wp\\\/wp-content\\\/uploads\\\/2020\\\/04\\\/coronavirus-lombardia-1.jpg\",\"width\":810,\"height\":486},{\"@type\":\"BreadcrumbList\",\"@id\":\"https:\\\/\\\/www.ilnotiziario.net\\\/wp\\\/prima-pagina\\\/covid-draghi-super-zona-rossa\\\/#breadcrumb\",\"itemListElement\":[{\"@type\":\"ListItem\",\"position\":1,\"name\":\"tds_text_logo_tagline_colortds_text_logo_tagline_colortds_text_logo_tagline_colortds_text_logo_tagline_colortd_module_7_title_excerpttd_module_7_title_excerpttd_module_7_title_excerpttd_module_7_title_excerptHome\",\"item\":\"https:\\\/\\\/www.ilnotiziario.net\\\/wp\\\/\"},{\"@type\":\"ListItem\",\"position\":2,\"name\":\"Covid, Draghi valuta l&#8217;idea di una super zona rossa per tutta Italia da settimana prossima\"}]},{\"@type\":\"WebSite\",\"@id\":\"https:\\\/\\\/www.ilnotiziario.net\\\/wp\\\/#website\",\"url\":\"https:\\\/\\\/www.ilnotiziario.net\\\/wp\\\/\",\"name\":\"Il Notiziario\",\"description\":\"Per restare sempre connessi alla notizia\",\"publisher\":{\"@id\":\"https:\\\/\\\/www.ilnotiziario.net\\\/wp\\\/#organization\"},\"alternateName\":\"Il Notiziario Bollate\",\"potentialAction\":[{\"@type\":\"SearchAction\",\"target\":{\"@type\":\"EntryPoint\",\"urlTemplate\":\"https:\\\/\\\/www.ilnotiziario.net\\\/wp\\\/?s={search_term_string}\"},\"query-input\":{\"@type\":\"PropertyValueSpecification\",\"valueRequired\":true,\"valueName\":\"search_term_string\"}}],\"inLanguage\":\"it-IT\"},{\"@type\":\"Organization\",\"@id\":\"https:\\\/\\\/www.ilnotiziario.net\\\/wp\\\/#organization\",\"name\":\"Il Notiziario\",\"url\":\"https:\\\/\\\/www.ilnotiziario.net\\\/wp\\\/\",\"logo\":{\"@type\":\"ImageObject\",\"inLanguage\":\"it-IT\",\"@id\":\"https:\\\/\\\/www.ilnotiziario.net\\\/wp\\\/#\\\/schema\\\/logo\\\/image\\\/\",\"url\":\"https:\\\/\\\/www.ilnotiziario.net\\\/wp\\\/wp-content\\\/uploads\\\/2022\\\/06\\\/170x170ilN.png\",\"contentUrl\":\"https:\\\/\\\/www.ilnotiziario.net\\\/wp\\\/wp-content\\\/uploads\\\/2022\\\/06\\\/170x170ilN.png\",\"width\":355,\"height\":355,\"caption\":\"Il Notiziario\"},\"image\":{\"@id\":\"https:\\\/\\\/www.ilnotiziario.net\\\/wp\\\/#\\\/schema\\\/logo\\\/image\\\/\"},\"sameAs\":[\"https:\\\/\\\/www.facebook.com\\\/ilnotiziarioind\\\/\",\"https:\\\/\\\/x.com\\\/ilNotiziarioInd\",\"https:\\\/\\\/www.instagram.com\\\/ilnotiziario_settimanale\\\/\"]},{\"@type\":\"Person\",\"@id\":\"https:\\\/\\\/www.ilnotiziario.net\\\/wp\\\/#\\\/schema\\\/person\\\/386e222908f898bb41c033989482bbf2\",\"name\":\"Gabriele Bassani\",\"image\":{\"@type\":\"ImageObject\",\"inLanguage\":\"it-IT\",\"@id\":\"https:\\\/\\\/secure.gravatar.com\\\/avatar\\\/09274f4a84fa97698bde56f84b3afed61c8492d48b0550db9671b68c177479cb?s=96&d=mm&r=g\",\"url\":\"https:\\\/\\\/secure.gravatar.com\\\/avatar\\\/09274f4a84fa97698bde56f84b3afed61c8492d48b0550db9671b68c177479cb?s=96&d=mm&r=g\",\"contentUrl\":\"https:\\\/\\\/secure.gravatar.com\\\/avatar\\\/09274f4a84fa97698bde56f84b3afed61c8492d48b0550db9671b68c177479cb?s=96&d=mm&r=g\",\"caption\":\"Gabriele Bassani\"},\"sameAs\":[\"http:\\\/\\\/www.ilnotiziario.net\"]}]}<\/script>\n<!-- \/ Yoast SEO plugin. -->","yoast_head_json":{"title":"Covid, Draghi valuta l'idea di una super zona rossa per tutta Italia da settimana prossima - Il Notiziario","description":"La situazione covid in Italia \u00e8 tornata a complicarsi ulteriormente nelle ultime settimane e, nonostante le misure restrittive prese negli ultimi giorni","robots":{"index":"index","follow":"follow","max-snippet":"max-snippet:-1","max-image-preview":"max-image-preview:large","max-video-preview":"max-video-preview:-1"},"canonical":"https:\/\/www.ilnotiziario.net\/wp\/prima-pagina\/covid-draghi-super-zona-rossa\/","og_locale":"it_IT","og_type":"article","og_title":"Covid, Draghi valuta l'idea di una super zona rossa per tutta Italia da settimana prossima - Il Notiziario","og_description":"La situazione covid in Italia \u00e8 tornata a complicarsi ulteriormente nelle ultime settimane e, nonostante le misure restrittive prese negli ultimi giorni","og_url":"https:\/\/www.ilnotiziario.net\/wp\/prima-pagina\/covid-draghi-super-zona-rossa\/","og_site_name":"Il Notiziario","article_publisher":"https:\/\/www.facebook.com\/ilnotiziarioind\/","article_published_time":"2021-03-08T12:26:16+00:00","article_modified_time":"2021-03-08T12:28:17+00:00","og_image":[{"width":810,"height":486,"url":"https:\/\/www.ilnotiziario.net\/wp\/wp-content\/uploads\/2020\/04\/coronavirus-lombardia-1.jpg","type":"image\/jpeg"}],"author":"Gabriele Bassani","twitter_card":"summary_large_image","twitter_creator":"@ilNotiziarioInd","twitter_site":"@ilNotiziarioInd","twitter_misc":{"Scritto da":"Gabriele Bassani","Tempo di lettura stimato":"2 minuti"},"schema":{"@context":"https:\/\/schema.org","@graph":[{"@type":"Article","@id":"https:\/\/www.ilnotiziario.net\/wp\/prima-pagina\/covid-draghi-super-zona-rossa\/#article","isPartOf":{"@id":"https:\/\/www.ilnotiziario.net\/wp\/prima-pagina\/covid-draghi-super-zona-rossa\/"},"author":{"name":"Gabriele Bassani","@id":"https:\/\/www.ilnotiziario.net\/wp\/#\/schema\/person\/386e222908f898bb41c033989482bbf2"},"headline":"Covid, Draghi valuta l&#8217;idea di una super zona rossa per tutta Italia da settimana prossima","datePublished":"2021-03-08T12:26:16+00:00","dateModified":"2021-03-08T12:28:17+00:00","mainEntityOfPage":{"@id":"https:\/\/www.ilnotiziario.net\/wp\/prima-pagina\/covid-draghi-super-zona-rossa\/"},"wordCount":257,"publisher":{"@id":"https:\/\/www.ilnotiziario.net\/wp\/#organization"},"image":{"@id":"https:\/\/www.ilnotiziario.net\/wp\/prima-pagina\/covid-draghi-super-zona-rossa\/#primaryimage"},"thumbnailUrl":"https:\/\/www.ilnotiziario.net\/wp\/wp-content\/uploads\/2020\/04\/coronavirus-lombardia-1.jpg","keywords":["coronavirus","covid","lockdown","Vaccini","zona rossa"],"articleSection":["Prima Pagina"],"inLanguage":"it-IT"},{"@type":"WebPage","@id":"https:\/\/www.ilnotiziario.net\/wp\/prima-pagina\/covid-draghi-super-zona-rossa\/","url":"https:\/\/www.ilnotiziario.net\/wp\/prima-pagina\/covid-draghi-super-zona-rossa\/","name":"Covid, Draghi valuta l'idea di una super zona rossa per tutta Italia da settimana prossima - Il Notiziario","isPartOf":{"@id":"https:\/\/www.ilnotiziario.net\/wp\/#website"},"primaryImageOfPage":{"@id":"https:\/\/www.ilnotiziario.net\/wp\/prima-pagina\/covid-draghi-super-zona-rossa\/#primaryimage"},"image":{"@id":"https:\/\/www.ilnotiziario.net\/wp\/prima-pagina\/covid-draghi-super-zona-rossa\/#primaryimage"},"thumbnailUrl":"https:\/\/www.ilnotiziario.net\/wp\/wp-content\/uploads\/2020\/04\/coronavirus-lombardia-1.jpg","datePublished":"2021-03-08T12:26:16+00:00","dateModified":"2021-03-08T12:28:17+00:00","description":"La situazione covid in Italia \u00e8 tornata a complicarsi ulteriormente nelle ultime settimane e, nonostante le misure restrittive prese negli ultimi giorni","breadcrumb":{"@id":"https:\/\/www.ilnotiziario.net\/wp\/prima-pagina\/covid-draghi-super-zona-rossa\/#breadcrumb"},"inLanguage":"it-IT","potentialAction":[{"@type":"ReadAction","target":["https:\/\/www.ilnotiziario.net\/wp\/prima-pagina\/covid-draghi-super-zona-rossa\/"]}]},{"@type":"ImageObject","inLanguage":"it-IT","@id":"https:\/\/www.ilnotiziario.net\/wp\/prima-pagina\/covid-draghi-super-zona-rossa\/#primaryimage","url":"https:\/\/www.ilnotiziario.net\/wp\/wp-content\/uploads\/2020\/04\/coronavirus-lombardia-1.jpg","contentUrl":"https:\/\/www.ilnotiziario.net\/wp\/wp-content\/uploads\/2020\/04\/coronavirus-lombardia-1.jpg","width":810,"height":486},{"@type":"BreadcrumbList","@id":"https:\/\/www.ilnotiziario.net\/wp\/prima-pagina\/covid-draghi-super-zona-rossa\/#breadcrumb","itemListElement":[{"@type":"ListItem","position":1,"name":"tds_text_logo_tagline_colortds_text_logo_tagline_colortds_text_logo_tagline_colortds_text_logo_tagline_colortd_module_7_title_excerpttd_module_7_title_excerpttd_module_7_title_excerpttd_module_7_title_excerptHome","item":"https:\/\/www.ilnotiziario.net\/wp\/"},{"@type":"ListItem","position":2,"name":"Covid, Draghi valuta l&#8217;idea di una super zona rossa per tutta Italia da settimana prossima"}]},{"@type":"WebSite","@id":"https:\/\/www.ilnotiziario.net\/wp\/#website","url":"https:\/\/www.ilnotiziario.net\/wp\/","name":"Il Notiziario","description":"Per restare sempre connessi alla notizia","publisher":{"@id":"https:\/\/www.ilnotiziario.net\/wp\/#organization"},"alternateName":"Il Notiziario Bollate","potentialAction":[{"@type":"SearchAction","target":{"@type":"EntryPoint","urlTemplate":"https:\/\/www.ilnotiziario.net\/wp\/?s={search_term_string}"},"query-input":{"@type":"PropertyValueSpecification","valueRequired":true,"valueName":"search_term_string"}}],"inLanguage":"it-IT"},{"@type":"Organization","@id":"https:\/\/www.ilnotiziario.net\/wp\/#organization","name":"Il Notiziario","url":"https:\/\/www.ilnotiziario.net\/wp\/","logo":{"@type":"ImageObject","inLanguage":"it-IT","@id":"https:\/\/www.ilnotiziario.net\/wp\/#\/schema\/logo\/image\/","url":"https:\/\/www.ilnotiziario.net\/wp\/wp-content\/uploads\/2022\/06\/170x170ilN.png","contentUrl":"https:\/\/www.ilnotiziario.net\/wp\/wp-content\/uploads\/2022\/06\/170x170ilN.png","width":355,"height":355,"caption":"Il Notiziario"},"image":{"@id":"https:\/\/www.ilnotiziario.net\/wp\/#\/schema\/logo\/image\/"},"sameAs":["https:\/\/www.facebook.com\/ilnotiziarioind\/","https:\/\/x.com\/ilNotiziarioInd","https:\/\/www.instagram.com\/ilnotiziario_settimanale\/"]},{"@type":"Person","@id":"https:\/\/www.ilnotiziario.net\/wp\/#\/schema\/person\/386e222908f898bb41c033989482bbf2","name":"Gabriele Bassani","image":{"@type":"ImageObject","inLanguage":"it-IT","@id":"https:\/\/secure.gravatar.com\/avatar\/09274f4a84fa97698bde56f84b3afed61c8492d48b0550db9671b68c177479cb?s=96&d=mm&r=g","url":"https:\/\/secure.gravatar.com\/avatar\/09274f4a84fa97698bde56f84b3afed61c8492d48b0550db9671b68c177479cb?s=96&d=mm&r=g","contentUrl":"https:\/\/secure.gravatar.com\/avatar\/09274f4a84fa97698bde56f84b3afed61c8492d48b0550db9671b68c177479cb?s=96&d=mm&r=g","caption":"Gabriele Bassani"},"sameAs":["http:\/\/www.ilnotiziario.net"]}]}},"_links":{"self":[{"href":"https:\/\/www.ilnotiziario.net\/wp\/wp-json\/wp\/v2\/posts\/148885","targetHints":{"allow":["GET"]}}],"collection":[{"href":"https:\/\/www.ilnotiziario.net\/wp\/wp-json\/wp\/v2\/posts"}],"about":[{"href":"https:\/\/www.ilnotiziario.net\/wp\/wp-json\/wp\/v2\/types\/post"}],"author":[{"embeddable":true,"href":"https:\/\/www.ilnotiziario.net\/wp\/wp-json\/wp\/v2\/users\/3"}],"replies":[{"embeddable":true,"href":"https:\/\/www.ilnotiziario.net\/wp\/wp-json\/wp\/v2\/comments?post=148885"}],"version-history":[{"count":0,"href":"https:\/\/www.ilnotiziario.net\/wp\/wp-json\/wp\/v2\/posts\/148885\/revisions"}],"wp:featuredmedia":[{"embeddable":true,"href":"https:\/\/www.ilnotiziario.net\/wp\/wp-json\/wp\/v2\/media\/53655"}],"wp:attachment":[{"href":"https:\/\/www.ilnotiziario.net\/wp\/wp-json\/wp\/v2\/media?parent=148885"}],"wp:term":[{"taxonomy":"category","embeddable":true,"href":"https:\/\/www.ilnotiziario.net\/wp\/wp-json\/wp\/v2\/categories?post=148885"},{"taxonomy":"post_tag","embeddable":true,"href":"https:\/\/www.ilnotiziario.net\/wp\/wp-json\/wp\/v2\/tags?post=148885"}],"curies":[{"name":"wp","href":"https:\/\/api.w.org\/{rel}","templated":true}]}}