{"id":149481,"date":"2021-03-19T18:31:39","date_gmt":"2021-03-19T17:31:39","guid":{"rendered":"https:\/\/www.ilnotiziario.net\/wp\/?p=149481"},"modified":"2021-03-19T19:16:26","modified_gmt":"2021-03-19T18:16:26","slug":"caos-vaccino-lombardia-anziani-appuntamento","status":"publish","type":"post","link":"https:\/\/www.ilnotiziario.net\/wp\/brianza\/caos-vaccino-lombardia-anziani-appuntamento\/","title":{"rendered":"Caos vaccino in Lombardia, anziani ancora senza appuntamento o mandati a 60 km da casa"},"content":{"rendered":"<p>&nbsp;<\/p>\n<figure id=\"attachment_145193\" aria-describedby=\"caption-attachment-145193\" style=\"width: 300px\" class=\"wp-caption aligncenter\"><img fetchpriority=\"high\" decoding=\"async\" class=\"size-medium wp-image-145193\" src=\"https:\/\/www.ilnotiziario.net\/wp\/wp-content\/uploads\/2020\/12\/vaccinoPexels-300x218.jpg\" alt=\"vaccino\" width=\"300\" height=\"218\" srcset=\"https:\/\/www.ilnotiziario.net\/wp\/wp-content\/uploads\/2020\/12\/vaccinoPexels-300x218.jpg 300w, https:\/\/www.ilnotiziario.net\/wp\/wp-content\/uploads\/2020\/12\/vaccinoPexels-768x558.jpg 768w, https:\/\/www.ilnotiziario.net\/wp\/wp-content\/uploads\/2020\/12\/vaccinoPexels-324x235.jpg 324w, https:\/\/www.ilnotiziario.net\/wp\/wp-content\/uploads\/2020\/12\/vaccinoPexels-696x505.jpg 696w, https:\/\/www.ilnotiziario.net\/wp\/wp-content\/uploads\/2020\/12\/vaccinoPexels-600x436.jpg 600w, https:\/\/www.ilnotiziario.net\/wp\/wp-content\/uploads\/2020\/12\/vaccinoPexels-220x160.jpg 220w, https:\/\/www.ilnotiziario.net\/wp\/wp-content\/uploads\/2020\/12\/vaccinoPexels.jpg 935w\" sizes=\"(max-width: 300px) 100vw, 300px\" \/><figcaption id=\"caption-attachment-145193\" class=\"wp-caption-text\">Foto di Gustavo Fring da Pexels<\/figcaption><\/figure>\n<p>Caos vaccino in Lombardia, ancora moltissimi gli over 80 senza nemmeno una data per la prima iniezione, mentre aumentano quelli che vengono mandati a molti chilometri di distanza da casa.<br \/>\nE\u2019 di oggi <strong>la denuncia dei consiglieri regionali del Pd, Raffaele Straniero e Gigi Ponti.<\/strong> \u201cOgni giorno nell\u2019Ats Brianza ci sono anziani convocati a 60 km da casa. E\u2019 l\u2019ennesima dimostrazione che il sistema di prenotazione di Aria \u00e8 nel pi\u00f9 completo caos. Convocare un anziano a 60 chilometri da casa \u00e8 a dir poco una presa in giro. Il sistema funziona come un flipper: lancia la convocazione come una pallina che non si sa dove possa arrivare. Il fatto che l\u2019Ats della Brianza raggruppi due province non pu\u00f2 essere l\u2019alibi per convocare persone anziani di pi\u00f9 di 80 anni da un estremo all\u2019altro del territorio. Quando non sbaglia destinazione il sistema di prenotazione sbaglia orari. Oggi, per esempio, due insegnanti hanno segnalato che a Verano Brianza, all\u2019orario indicato sull\u2019app per l\u2019appuntamento non c\u2019\u00e8ra nessuno se non due operatori che hanno fatto notare che l\u2019unico appuntamento che fa fede \u00e8 quello inviato per sms \u201d.<br \/>\n\u201cSappiamo \u2013 concludono i consiglieri dem- che i dirigenti delle aziende sanitarie si stanno impegnando per porre rimedio ai tanti disagi <strong>ma il loro impegno non basta a rimediare al fatto che il sistema Aria non funziona.<\/strong> Sono tre settimane che \u00e8 stato annunciato il passaggio dal sistema di prenotazione di Aria a quello di Posteitaliane. Chiediamo sia concluso al pi\u00f9 presto per rimediare ai gravissimi errori commessi finora. Questo anche perch\u00e9 ad oggi non sono ancora stati inviati agli anziani non ancora convocati nemmeno i messaggi di notifica della presa in carico delle richieste di vaccinazione promessi mercoled\u00ec scorso in Commissione sanit\u00e0\u201d.<\/p><div id=\"ilnot-3224415180\" class=\"ilnot-contenuto ilnot-entity-placement\"><p><!-- incontent_1 --><\/p>\n<div class=\"gptslot\" data-adunitid=\"1\"><\/div>\n<\/div>\n<p>Situazione confusa anche nell\u2019Ats Milano, come ci confermano da Solaro, dove molti ultraottantenni <strong>non hanno ancora ricevuto nemmeno l\u2019indicazione del primo appuntamento.<\/strong><\/p>\n<p>\u201cHo fatto la prenotazione sul portale regionale il 15 febbraio scorso, giorno di apertura dell\u2019adesione\u201d -racconta una donna. \u201cSia per mio padre che \u00e8 allettato e dovrebbe ricevere il vaccino a domicilio, sia per mia madre, che invece dovrebbe andare personalmente in un centro di somministrazione. Il 28 febbraio ho ricevuto un Sms con le scuse per il ritardo nella comunicazione di una data per la vaccinazione. Da allora non ho ricevuto pi\u00f9 nulla e ad oggi non \u00e8 possibile avere delle informazioni su quando e dove mia madre potr\u00e0 ricevere la vaccinazione, cos\u00ec come non ho alcuna indicazione per mio padre. Non ha notizie nemmeno il medico di famiglia, che pure ha aderito alla campagna di vaccinazione promossa da Regione Lombardia\u201d. Un mese dopo, ancora non c\u2019\u00e8 nemmeno una data mentre, come riferisce la stessa signora: \u201cSo di solaresi che sono stati inviati per la vaccinazione a Pieve Emanuele, oppure a Trezzo sull\u2019Adda.<\/p><div id=\"ilnot-3085852022\" class=\"ilnot-contenuto_2 ilnot-entity-placement\"><div class=\"ads-wrapper\">\n<div class=\"ad-slot\">\n   <div id=\"ilnot-4231376104\" style=\"margin-right: auto;margin-left: auto;text-align: center;width: 320px;height: 100px;\"><a href=\"https:\/\/www.scuolasicurezza.it\/\"><img decoding=\"async\" src=\"https:\/\/www.ilnotiziario.net\/wp\/wp-content\/uploads\/2026\/04\/IlNotiziario_banner-sito-e-newsletter-320-x-100-px-1.gif\" alt=\"\"><\/a><\/div>\n  <\/div>\n<div class=\"ad-slot\">\n   <div id=\"ilnot-2913071399\" style=\"margin-right: auto;margin-left: auto;text-align: center;width: 320px;height: 100px;\"><a href=\"https:\/\/purodesignarredamenti.com\/\"><img decoding=\"async\" src=\"https:\/\/www.ilnotiziario.net\/wp\/wp-content\/uploads\/2026\/04\/banner-puro-ok.gif\" alt=\"whatsapp\"><\/a><\/div><\/p><\/div>\n<\/div>\n<\/div>\n<p>L&#8217;unico punto vaccino che funziona correttamente \u00e8 quello<a href=\"https:\/\/www.ilnotiziario.net\/wp\/2021\/03\/08\/vaccino-lazzate-misinto-cogliate-e-ceriano-lo-fanno-in-proprio-nella-sede-della-croce-rossa\/\"><strong> gestito dai medici di famiglia a Misinto per i comuni di Lazzate, Cogliate e Ceriano Laghetto<\/strong><\/a>, che stanno gestendo in proprio prenotazioni e appuntamenti,<\/p>\n","protected":false},"excerpt":{"rendered":"<p>&nbsp; Caos vaccino in Lombardia, ancora moltissimi gli over 80 senza nemmeno una data per la prima iniezione, mentre aumentano quelli che vengono mandati a molti chilometri di distanza da casa. E\u2019 di oggi la denuncia dei consiglieri regionali del Pd, Raffaele Straniero e Gigi Ponti. \u201cOgni giorno nell\u2019Ats Brianza ci sono anziani convocati a<\/p>\n","protected":false},"author":3,"featured_media":145193,"comment_status":"closed","ping_status":"closed","sticky":false,"template":"","format":"standard","meta":{"footnotes":""},"categories":[8,9,11,20,13],"tags":[630,5105,1377,577,451,3679,641,5593,4680],"class_list":{"0":"post-149481","1":"post","2":"type-post","3":"status-publish","4":"format-standard","5":"has-post-thumbnail","7":"category-bollatese","8":"category-brianza","9":"category-nord-milano","10":"category-prima-pagina","11":"category-saronnese","12":"tag-anziani","13":"tag-aria","14":"tag-caos","15":"tag-lombardia","16":"tag-pd","17":"tag-ponti","18":"tag-regione","19":"tag-straniero","20":"tag-vaccino"},"yoast_head":"<!-- This site is optimized with the Yoast SEO plugin v27.4 - https:\/\/yoast.com\/product\/yoast-seo-wordpress\/ -->\n<title>Caos vaccino in Lombardia, anziani ancora senza appuntamento o mandati a 60 km da casa - Il Notiziario<\/title>\n<meta name=\"description\" content=\"&nbsp; Caos vaccino in Lombardia, ancora moltissimi gli over 80 senza nemmeno una data per la prima iniezione, mentre aumentano quelli che vengono mandati\" \/>\n<meta name=\"robots\" content=\"index, follow, max-snippet:-1, max-image-preview:large, max-video-preview:-1\" \/>\n<link rel=\"canonical\" href=\"https:\/\/www.ilnotiziario.net\/wp\/brianza\/caos-vaccino-lombardia-anziani-appuntamento\/\" \/>\n<meta property=\"og:locale\" content=\"it_IT\" \/>\n<meta property=\"og:type\" content=\"article\" \/>\n<meta property=\"og:title\" content=\"Caos vaccino in Lombardia, anziani ancora senza appuntamento o mandati a 60 km da casa - Il Notiziario\" \/>\n<meta property=\"og:description\" content=\"&nbsp; Caos vaccino in Lombardia, ancora moltissimi gli over 80 senza nemmeno una data per la prima iniezione, mentre aumentano quelli che vengono mandati\" \/>\n<meta property=\"og:url\" content=\"https:\/\/www.ilnotiziario.net\/wp\/brianza\/caos-vaccino-lombardia-anziani-appuntamento\/\" \/>\n<meta property=\"og:site_name\" content=\"Il Notiziario\" \/>\n<meta property=\"article:publisher\" content=\"https:\/\/www.facebook.com\/ilnotiziarioind\/\" \/>\n<meta property=\"article:published_time\" content=\"2021-03-19T17:31:39+00:00\" \/>\n<meta property=\"article:modified_time\" content=\"2021-03-19T18:16:26+00:00\" \/>\n<meta property=\"og:image\" content=\"https:\/\/www.ilnotiziario.net\/wp\/wp-content\/uploads\/2020\/12\/vaccinoPexels.jpg\" \/>\n\t<meta property=\"og:image:width\" content=\"935\" \/>\n\t<meta property=\"og:image:height\" content=\"679\" \/>\n\t<meta property=\"og:image:type\" content=\"image\/jpeg\" \/>\n<meta name=\"author\" content=\"Gabriele Bassani\" \/>\n<meta name=\"twitter:card\" content=\"summary_large_image\" \/>\n<meta name=\"twitter:creator\" content=\"@ilNotiziarioInd\" \/>\n<meta name=\"twitter:site\" content=\"@ilNotiziarioInd\" \/>\n<meta name=\"twitter:label1\" content=\"Scritto da\" \/>\n\t<meta name=\"twitter:data1\" content=\"Gabriele Bassani\" \/>\n\t<meta name=\"twitter:label2\" content=\"Tempo di lettura stimato\" \/>\n\t<meta name=\"twitter:data2\" content=\"3 minuti\" \/>\n<script type=\"application\/ld+json\" class=\"yoast-schema-graph\">{\"@context\":\"https:\\\/\\\/schema.org\",\"@graph\":[{\"@type\":\"Article\",\"@id\":\"https:\\\/\\\/www.ilnotiziario.net\\\/wp\\\/brianza\\\/caos-vaccino-lombardia-anziani-appuntamento\\\/#article\",\"isPartOf\":{\"@id\":\"https:\\\/\\\/www.ilnotiziario.net\\\/wp\\\/brianza\\\/caos-vaccino-lombardia-anziani-appuntamento\\\/\"},\"author\":{\"name\":\"Gabriele Bassani\",\"@id\":\"https:\\\/\\\/www.ilnotiziario.net\\\/wp\\\/#\\\/schema\\\/person\\\/386e222908f898bb41c033989482bbf2\"},\"headline\":\"Caos vaccino in Lombardia, anziani ancora senza appuntamento o mandati a 60 km da casa\",\"datePublished\":\"2021-03-19T17:31:39+00:00\",\"dateModified\":\"2021-03-19T18:16:26+00:00\",\"mainEntityOfPage\":{\"@id\":\"https:\\\/\\\/www.ilnotiziario.net\\\/wp\\\/brianza\\\/caos-vaccino-lombardia-anziani-appuntamento\\\/\"},\"wordCount\":524,\"publisher\":{\"@id\":\"https:\\\/\\\/www.ilnotiziario.net\\\/wp\\\/#organization\"},\"image\":{\"@id\":\"https:\\\/\\\/www.ilnotiziario.net\\\/wp\\\/brianza\\\/caos-vaccino-lombardia-anziani-appuntamento\\\/#primaryimage\"},\"thumbnailUrl\":\"https:\\\/\\\/www.ilnotiziario.net\\\/wp\\\/wp-content\\\/uploads\\\/2020\\\/12\\\/vaccinoPexels.jpg\",\"keywords\":[\"anziani\",\"aria\",\"caos\",\"Lombardia\",\"Pd\",\"Ponti\",\"Regione\",\"straniero\",\"vaccino\"],\"articleSection\":[\"BOLLATESE\",\"BRIANZA\",\"NORD MILANO\",\"Prima Pagina\",\"SARONNESE\"],\"inLanguage\":\"it-IT\"},{\"@type\":\"WebPage\",\"@id\":\"https:\\\/\\\/www.ilnotiziario.net\\\/wp\\\/brianza\\\/caos-vaccino-lombardia-anziani-appuntamento\\\/\",\"url\":\"https:\\\/\\\/www.ilnotiziario.net\\\/wp\\\/brianza\\\/caos-vaccino-lombardia-anziani-appuntamento\\\/\",\"name\":\"Caos vaccino in Lombardia, anziani ancora senza appuntamento o mandati a 60 km da casa - Il Notiziario\",\"isPartOf\":{\"@id\":\"https:\\\/\\\/www.ilnotiziario.net\\\/wp\\\/#website\"},\"primaryImageOfPage\":{\"@id\":\"https:\\\/\\\/www.ilnotiziario.net\\\/wp\\\/brianza\\\/caos-vaccino-lombardia-anziani-appuntamento\\\/#primaryimage\"},\"image\":{\"@id\":\"https:\\\/\\\/www.ilnotiziario.net\\\/wp\\\/brianza\\\/caos-vaccino-lombardia-anziani-appuntamento\\\/#primaryimage\"},\"thumbnailUrl\":\"https:\\\/\\\/www.ilnotiziario.net\\\/wp\\\/wp-content\\\/uploads\\\/2020\\\/12\\\/vaccinoPexels.jpg\",\"datePublished\":\"2021-03-19T17:31:39+00:00\",\"dateModified\":\"2021-03-19T18:16:26+00:00\",\"description\":\"&nbsp; Caos vaccino in Lombardia, ancora moltissimi gli over 80 senza nemmeno una data per la prima iniezione, mentre aumentano quelli che vengono mandati\",\"breadcrumb\":{\"@id\":\"https:\\\/\\\/www.ilnotiziario.net\\\/wp\\\/brianza\\\/caos-vaccino-lombardia-anziani-appuntamento\\\/#breadcrumb\"},\"inLanguage\":\"it-IT\",\"potentialAction\":[{\"@type\":\"ReadAction\",\"target\":[\"https:\\\/\\\/www.ilnotiziario.net\\\/wp\\\/brianza\\\/caos-vaccino-lombardia-anziani-appuntamento\\\/\"]}]},{\"@type\":\"ImageObject\",\"inLanguage\":\"it-IT\",\"@id\":\"https:\\\/\\\/www.ilnotiziario.net\\\/wp\\\/brianza\\\/caos-vaccino-lombardia-anziani-appuntamento\\\/#primaryimage\",\"url\":\"https:\\\/\\\/www.ilnotiziario.net\\\/wp\\\/wp-content\\\/uploads\\\/2020\\\/12\\\/vaccinoPexels.jpg\",\"contentUrl\":\"https:\\\/\\\/www.ilnotiziario.net\\\/wp\\\/wp-content\\\/uploads\\\/2020\\\/12\\\/vaccinoPexels.jpg\",\"width\":935,\"height\":679,\"caption\":\"Foto di Gustavo Fring da Pexels\"},{\"@type\":\"BreadcrumbList\",\"@id\":\"https:\\\/\\\/www.ilnotiziario.net\\\/wp\\\/brianza\\\/caos-vaccino-lombardia-anziani-appuntamento\\\/#breadcrumb\",\"itemListElement\":[{\"@type\":\"ListItem\",\"position\":1,\"name\":\"tds_text_logo_tagline_colortds_text_logo_tagline_colortds_text_logo_tagline_colortds_text_logo_tagline_colortd_module_7_title_excerpttd_module_7_title_excerpttd_module_7_title_excerpttd_module_7_title_excerptHome\",\"item\":\"https:\\\/\\\/www.ilnotiziario.net\\\/wp\\\/\"},{\"@type\":\"ListItem\",\"position\":2,\"name\":\"Caos vaccino in Lombardia, anziani ancora senza appuntamento o mandati a 60 km da casa\"}]},{\"@type\":\"WebSite\",\"@id\":\"https:\\\/\\\/www.ilnotiziario.net\\\/wp\\\/#website\",\"url\":\"https:\\\/\\\/www.ilnotiziario.net\\\/wp\\\/\",\"name\":\"Il Notiziario\",\"description\":\"Per restare sempre connessi alla notizia\",\"publisher\":{\"@id\":\"https:\\\/\\\/www.ilnotiziario.net\\\/wp\\\/#organization\"},\"alternateName\":\"Il Notiziario Bollate\",\"potentialAction\":[{\"@type\":\"SearchAction\",\"target\":{\"@type\":\"EntryPoint\",\"urlTemplate\":\"https:\\\/\\\/www.ilnotiziario.net\\\/wp\\\/?s={search_term_string}\"},\"query-input\":{\"@type\":\"PropertyValueSpecification\",\"valueRequired\":true,\"valueName\":\"search_term_string\"}}],\"inLanguage\":\"it-IT\"},{\"@type\":\"Organization\",\"@id\":\"https:\\\/\\\/www.ilnotiziario.net\\\/wp\\\/#organization\",\"name\":\"Il Notiziario\",\"url\":\"https:\\\/\\\/www.ilnotiziario.net\\\/wp\\\/\",\"logo\":{\"@type\":\"ImageObject\",\"inLanguage\":\"it-IT\",\"@id\":\"https:\\\/\\\/www.ilnotiziario.net\\\/wp\\\/#\\\/schema\\\/logo\\\/image\\\/\",\"url\":\"https:\\\/\\\/www.ilnotiziario.net\\\/wp\\\/wp-content\\\/uploads\\\/2022\\\/06\\\/170x170ilN.png\",\"contentUrl\":\"https:\\\/\\\/www.ilnotiziario.net\\\/wp\\\/wp-content\\\/uploads\\\/2022\\\/06\\\/170x170ilN.png\",\"width\":355,\"height\":355,\"caption\":\"Il Notiziario\"},\"image\":{\"@id\":\"https:\\\/\\\/www.ilnotiziario.net\\\/wp\\\/#\\\/schema\\\/logo\\\/image\\\/\"},\"sameAs\":[\"https:\\\/\\\/www.facebook.com\\\/ilnotiziarioind\\\/\",\"https:\\\/\\\/x.com\\\/ilNotiziarioInd\",\"https:\\\/\\\/www.instagram.com\\\/ilnotiziario_settimanale\\\/\"]},{\"@type\":\"Person\",\"@id\":\"https:\\\/\\\/www.ilnotiziario.net\\\/wp\\\/#\\\/schema\\\/person\\\/386e222908f898bb41c033989482bbf2\",\"name\":\"Gabriele Bassani\",\"image\":{\"@type\":\"ImageObject\",\"inLanguage\":\"it-IT\",\"@id\":\"https:\\\/\\\/secure.gravatar.com\\\/avatar\\\/09274f4a84fa97698bde56f84b3afed61c8492d48b0550db9671b68c177479cb?s=96&d=mm&r=g\",\"url\":\"https:\\\/\\\/secure.gravatar.com\\\/avatar\\\/09274f4a84fa97698bde56f84b3afed61c8492d48b0550db9671b68c177479cb?s=96&d=mm&r=g\",\"contentUrl\":\"https:\\\/\\\/secure.gravatar.com\\\/avatar\\\/09274f4a84fa97698bde56f84b3afed61c8492d48b0550db9671b68c177479cb?s=96&d=mm&r=g\",\"caption\":\"Gabriele Bassani\"},\"sameAs\":[\"http:\\\/\\\/www.ilnotiziario.net\"]}]}<\/script>\n<!-- \/ Yoast SEO plugin. -->","yoast_head_json":{"title":"Caos vaccino in Lombardia, anziani ancora senza appuntamento o mandati a 60 km da casa - Il Notiziario","description":"&nbsp; Caos vaccino in Lombardia, ancora moltissimi gli over 80 senza nemmeno una data per la prima iniezione, mentre aumentano quelli che vengono mandati","robots":{"index":"index","follow":"follow","max-snippet":"max-snippet:-1","max-image-preview":"max-image-preview:large","max-video-preview":"max-video-preview:-1"},"canonical":"https:\/\/www.ilnotiziario.net\/wp\/brianza\/caos-vaccino-lombardia-anziani-appuntamento\/","og_locale":"it_IT","og_type":"article","og_title":"Caos vaccino in Lombardia, anziani ancora senza appuntamento o mandati a 60 km da casa - Il Notiziario","og_description":"&nbsp; Caos vaccino in Lombardia, ancora moltissimi gli over 80 senza nemmeno una data per la prima iniezione, mentre aumentano quelli che vengono mandati","og_url":"https:\/\/www.ilnotiziario.net\/wp\/brianza\/caos-vaccino-lombardia-anziani-appuntamento\/","og_site_name":"Il Notiziario","article_publisher":"https:\/\/www.facebook.com\/ilnotiziarioind\/","article_published_time":"2021-03-19T17:31:39+00:00","article_modified_time":"2021-03-19T18:16:26+00:00","og_image":[{"width":935,"height":679,"url":"https:\/\/www.ilnotiziario.net\/wp\/wp-content\/uploads\/2020\/12\/vaccinoPexels.jpg","type":"image\/jpeg"}],"author":"Gabriele Bassani","twitter_card":"summary_large_image","twitter_creator":"@ilNotiziarioInd","twitter_site":"@ilNotiziarioInd","twitter_misc":{"Scritto da":"Gabriele Bassani","Tempo di lettura stimato":"3 minuti"},"schema":{"@context":"https:\/\/schema.org","@graph":[{"@type":"Article","@id":"https:\/\/www.ilnotiziario.net\/wp\/brianza\/caos-vaccino-lombardia-anziani-appuntamento\/#article","isPartOf":{"@id":"https:\/\/www.ilnotiziario.net\/wp\/brianza\/caos-vaccino-lombardia-anziani-appuntamento\/"},"author":{"name":"Gabriele Bassani","@id":"https:\/\/www.ilnotiziario.net\/wp\/#\/schema\/person\/386e222908f898bb41c033989482bbf2"},"headline":"Caos vaccino in Lombardia, anziani ancora senza appuntamento o mandati a 60 km da casa","datePublished":"2021-03-19T17:31:39+00:00","dateModified":"2021-03-19T18:16:26+00:00","mainEntityOfPage":{"@id":"https:\/\/www.ilnotiziario.net\/wp\/brianza\/caos-vaccino-lombardia-anziani-appuntamento\/"},"wordCount":524,"publisher":{"@id":"https:\/\/www.ilnotiziario.net\/wp\/#organization"},"image":{"@id":"https:\/\/www.ilnotiziario.net\/wp\/brianza\/caos-vaccino-lombardia-anziani-appuntamento\/#primaryimage"},"thumbnailUrl":"https:\/\/www.ilnotiziario.net\/wp\/wp-content\/uploads\/2020\/12\/vaccinoPexels.jpg","keywords":["anziani","aria","caos","Lombardia","Pd","Ponti","Regione","straniero","vaccino"],"articleSection":["BOLLATESE","BRIANZA","NORD MILANO","Prima Pagina","SARONNESE"],"inLanguage":"it-IT"},{"@type":"WebPage","@id":"https:\/\/www.ilnotiziario.net\/wp\/brianza\/caos-vaccino-lombardia-anziani-appuntamento\/","url":"https:\/\/www.ilnotiziario.net\/wp\/brianza\/caos-vaccino-lombardia-anziani-appuntamento\/","name":"Caos vaccino in Lombardia, anziani ancora senza appuntamento o mandati a 60 km da casa - Il Notiziario","isPartOf":{"@id":"https:\/\/www.ilnotiziario.net\/wp\/#website"},"primaryImageOfPage":{"@id":"https:\/\/www.ilnotiziario.net\/wp\/brianza\/caos-vaccino-lombardia-anziani-appuntamento\/#primaryimage"},"image":{"@id":"https:\/\/www.ilnotiziario.net\/wp\/brianza\/caos-vaccino-lombardia-anziani-appuntamento\/#primaryimage"},"thumbnailUrl":"https:\/\/www.ilnotiziario.net\/wp\/wp-content\/uploads\/2020\/12\/vaccinoPexels.jpg","datePublished":"2021-03-19T17:31:39+00:00","dateModified":"2021-03-19T18:16:26+00:00","description":"&nbsp; Caos vaccino in Lombardia, ancora moltissimi gli over 80 senza nemmeno una data per la prima iniezione, mentre aumentano quelli che vengono mandati","breadcrumb":{"@id":"https:\/\/www.ilnotiziario.net\/wp\/brianza\/caos-vaccino-lombardia-anziani-appuntamento\/#breadcrumb"},"inLanguage":"it-IT","potentialAction":[{"@type":"ReadAction","target":["https:\/\/www.ilnotiziario.net\/wp\/brianza\/caos-vaccino-lombardia-anziani-appuntamento\/"]}]},{"@type":"ImageObject","inLanguage":"it-IT","@id":"https:\/\/www.ilnotiziario.net\/wp\/brianza\/caos-vaccino-lombardia-anziani-appuntamento\/#primaryimage","url":"https:\/\/www.ilnotiziario.net\/wp\/wp-content\/uploads\/2020\/12\/vaccinoPexels.jpg","contentUrl":"https:\/\/www.ilnotiziario.net\/wp\/wp-content\/uploads\/2020\/12\/vaccinoPexels.jpg","width":935,"height":679,"caption":"Foto di Gustavo Fring da Pexels"},{"@type":"BreadcrumbList","@id":"https:\/\/www.ilnotiziario.net\/wp\/brianza\/caos-vaccino-lombardia-anziani-appuntamento\/#breadcrumb","itemListElement":[{"@type":"ListItem","position":1,"name":"tds_text_logo_tagline_colortds_text_logo_tagline_colortds_text_logo_tagline_colortds_text_logo_tagline_colortd_module_7_title_excerpttd_module_7_title_excerpttd_module_7_title_excerpttd_module_7_title_excerptHome","item":"https:\/\/www.ilnotiziario.net\/wp\/"},{"@type":"ListItem","position":2,"name":"Caos vaccino in Lombardia, anziani ancora senza appuntamento o mandati a 60 km da casa"}]},{"@type":"WebSite","@id":"https:\/\/www.ilnotiziario.net\/wp\/#website","url":"https:\/\/www.ilnotiziario.net\/wp\/","name":"Il Notiziario","description":"Per restare sempre connessi alla notizia","publisher":{"@id":"https:\/\/www.ilnotiziario.net\/wp\/#organization"},"alternateName":"Il Notiziario Bollate","potentialAction":[{"@type":"SearchAction","target":{"@type":"EntryPoint","urlTemplate":"https:\/\/www.ilnotiziario.net\/wp\/?s={search_term_string}"},"query-input":{"@type":"PropertyValueSpecification","valueRequired":true,"valueName":"search_term_string"}}],"inLanguage":"it-IT"},{"@type":"Organization","@id":"https:\/\/www.ilnotiziario.net\/wp\/#organization","name":"Il Notiziario","url":"https:\/\/www.ilnotiziario.net\/wp\/","logo":{"@type":"ImageObject","inLanguage":"it-IT","@id":"https:\/\/www.ilnotiziario.net\/wp\/#\/schema\/logo\/image\/","url":"https:\/\/www.ilnotiziario.net\/wp\/wp-content\/uploads\/2022\/06\/170x170ilN.png","contentUrl":"https:\/\/www.ilnotiziario.net\/wp\/wp-content\/uploads\/2022\/06\/170x170ilN.png","width":355,"height":355,"caption":"Il Notiziario"},"image":{"@id":"https:\/\/www.ilnotiziario.net\/wp\/#\/schema\/logo\/image\/"},"sameAs":["https:\/\/www.facebook.com\/ilnotiziarioind\/","https:\/\/x.com\/ilNotiziarioInd","https:\/\/www.instagram.com\/ilnotiziario_settimanale\/"]},{"@type":"Person","@id":"https:\/\/www.ilnotiziario.net\/wp\/#\/schema\/person\/386e222908f898bb41c033989482bbf2","name":"Gabriele Bassani","image":{"@type":"ImageObject","inLanguage":"it-IT","@id":"https:\/\/secure.gravatar.com\/avatar\/09274f4a84fa97698bde56f84b3afed61c8492d48b0550db9671b68c177479cb?s=96&d=mm&r=g","url":"https:\/\/secure.gravatar.com\/avatar\/09274f4a84fa97698bde56f84b3afed61c8492d48b0550db9671b68c177479cb?s=96&d=mm&r=g","contentUrl":"https:\/\/secure.gravatar.com\/avatar\/09274f4a84fa97698bde56f84b3afed61c8492d48b0550db9671b68c177479cb?s=96&d=mm&r=g","caption":"Gabriele Bassani"},"sameAs":["http:\/\/www.ilnotiziario.net"]}]}},"_links":{"self":[{"href":"https:\/\/www.ilnotiziario.net\/wp\/wp-json\/wp\/v2\/posts\/149481","targetHints":{"allow":["GET"]}}],"collection":[{"href":"https:\/\/www.ilnotiziario.net\/wp\/wp-json\/wp\/v2\/posts"}],"about":[{"href":"https:\/\/www.ilnotiziario.net\/wp\/wp-json\/wp\/v2\/types\/post"}],"author":[{"embeddable":true,"href":"https:\/\/www.ilnotiziario.net\/wp\/wp-json\/wp\/v2\/users\/3"}],"replies":[{"embeddable":true,"href":"https:\/\/www.ilnotiziario.net\/wp\/wp-json\/wp\/v2\/comments?post=149481"}],"version-history":[{"count":0,"href":"https:\/\/www.ilnotiziario.net\/wp\/wp-json\/wp\/v2\/posts\/149481\/revisions"}],"wp:featuredmedia":[{"embeddable":true,"href":"https:\/\/www.ilnotiziario.net\/wp\/wp-json\/wp\/v2\/media\/145193"}],"wp:attachment":[{"href":"https:\/\/www.ilnotiziario.net\/wp\/wp-json\/wp\/v2\/media?parent=149481"}],"wp:term":[{"taxonomy":"category","embeddable":true,"href":"https:\/\/www.ilnotiziario.net\/wp\/wp-json\/wp\/v2\/categories?post=149481"},{"taxonomy":"post_tag","embeddable":true,"href":"https:\/\/www.ilnotiziario.net\/wp\/wp-json\/wp\/v2\/tags?post=149481"}],"curies":[{"name":"wp","href":"https:\/\/api.w.org\/{rel}","templated":true}]}}