{"id":149554,"date":"2021-03-21T20:46:34","date_gmt":"2021-03-21T19:46:34","guid":{"rendered":"https:\/\/www.ilnotiziario.net\/wp\/?p=149554"},"modified":"2021-03-22T10:26:11","modified_gmt":"2021-03-22T09:26:11","slug":"saronno-protesta-zaini-dad-interviste-video","status":"publish","type":"post","link":"https:\/\/www.ilnotiziario.net\/wp\/senza-categoria\/saronno-protesta-zaini-dad-interviste-video\/","title":{"rendered":"Saronno, zaini a terra contro la Dad: &#8220;La scuola non \u00e8 solo didattica&#8221; le interviste I VIDEO"},"content":{"rendered":"<p>Per chi suona la campanella? Se lo chiedono genitori e studenti che a Saronno hanno manifestato, domenica 21 marzo, per chiedere di tornare tra i banchi di scuola. Armati di zaini, cartelli colorati e voglia di stare insieme in duecento circa si sono dati appuntamento nel pomeriggio in piazza Libert\u00e0 in un presidio anti &#8220;didattica a distanza&#8221; organizzato in tutta Italia dalla <strong>rete nazionale Scuola in Presenza<\/strong>. \u00abAll&#8217;entrata della seconda settimana di Dad &#8211; dice la coordinatrice del comitato saronnese <strong>Francesca Marchetti<\/strong> &#8211; i nostri ragazzi non hanno la percezione di andare a scuola. Le insegnanti fanno un gran lavoro ma con il fatto di stare a casa i ragazzi \u00e8 come se stessero sempre in intervallo\u00bb. Le fa eco <strong>Sara Roccabruna<\/strong> l&#8217;altra mamma che insieme a Marchetti ha organizzato la mobilitazione : \u00abLa dad ha lacune dal punto di vista della didattica ma soprattutto fa perdere tutti gli aspetti sociali, culturali e relazionali della scuola. La scuola non \u00e8 solo didattica ma i bambini hanno la possibilit\u00e0 di confrontarsi con i loro pari e con adulti diversi dai loro genitori e questo nella didattica a distanza non c&#8217;\u00e8\u00bb.<\/p><div id=\"ilnot-3252311261\" class=\"ilnot-contenuto ilnot-entity-placement\"><p><!-- incontent_1 --><\/p>\n<div class=\"gptslot\" data-adunitid=\"1\"><\/div>\n<\/div>\n<h2>Disegni di protesta dei bambini contro la Dad a Saronno<\/h2>\n<p>Tra laboratori e musiche, la piazza si \u00e8 riempita di simboli dalle maschere bianche per denunciare l\u2019alienazione provocata dal distanziamento, cappelli a cono d\u2019asino contro il rischio di dispersione scolastica. Tanti i disegni di protesta: Sofia, 7 anni ha scritto i nomi dei compagni di classe che non vede ormai da settimane. Filippo, 12 anni studente di seconda media, critica i limiti della dad. \u00abIl metodo in cui i professori spiegano in presenza \u00e8 molto pi\u00f9 efficace &#8211; dice &#8211; in dad guardiamo i video ma non \u00e8 la stessa cosa. Noi alunni riusciamo meglio a capire le spiegazioni se vediamo il professore che scrive sulla lavagna\u00bb.<\/p>\n<p>Secondo i manifestanti poi la dad ha evidenziato ancora di pi\u00f9 altri problemi come la parit\u00e0 di genere. Ne \u00e8 convita <strong>Katia Nesci madre di due bambini delle elementari:<\/strong> \u00abSi tende a derogare il lavoro di cura completamente sulle donne, parte della societ\u00e0 e della famiglia delegata alla cura e quindi anche se non si dice l&#8217;idea \u00e8 che tanto la mamma si prende cura di tutto\u00bb. Il disagio \u00e8 crescente anche tra i padri: \u00abAbbiamo superato la capacit\u00e0 di sopportazione &#8211; dice Alessandro D&#8217;Andrea &#8211; se la scuola \u00e8 sempre stata aperta durante la seconda ondata quando c&#8217;erano pi\u00f9 casi in numero assoluto anche nella nostra zona non vedo perch\u00e9 le scuole fino alla prima media almeno non debbano rimanere aperte\u00bb.<\/p><div id=\"ilnot-3070196677\" class=\"ilnot-contenuto_2 ilnot-entity-placement\"><div class=\"ads-wrapper\">\n<div class=\"ad-slot\">\n   <div id=\"ilnot-1292779116\" style=\"margin-right: auto;margin-left: auto;text-align: center;width: 320px;height: 100px;\"><a href=\"https:\/\/www.scuolasicurezza.it\/\"><img decoding=\"async\" src=\"https:\/\/www.ilnotiziario.net\/wp\/wp-content\/uploads\/2026\/04\/IlNotiziario_banner-sito-e-newsletter-320-x-100-px-1.gif\" alt=\"\"><\/a><\/div>\n  <\/div>\n<div class=\"ad-slot\">\n   <div id=\"ilnot-398087601\" style=\"margin-right: auto;margin-left: auto;text-align: center;width: 320px;height: 100px;\"><a href=\"https:\/\/purodesignarredamenti.com\/\"><img decoding=\"async\" src=\"https:\/\/www.ilnotiziario.net\/wp\/wp-content\/uploads\/2026\/04\/banner-puro-ok.gif\" alt=\"whatsapp\"><\/a><\/div><\/p><\/div>\n<\/div>\n<\/div>\n<p><iframe title=\"Saronno protesta in piazza di genitori e studenti contro le scuole chiuse\" width=\"765\" height=\"430\" src=\"https:\/\/www.youtube.com\/embed\/gYcfXX53GN8?feature=oembed\" frameborder=\"0\" allow=\"accelerometer; autoplay; clipboard-write; encrypted-media; gyroscope; picture-in-picture; web-share\" allowfullscreen><\/iframe><\/p>\n<p><strong>Claudio Agrelli<\/strong><\/p>\n","protected":false},"excerpt":{"rendered":"<p>Per chi suona la campanella? Se lo chiedono genitori e studenti che a Saronno hanno manifestato, domenica 21 marzo, per chiedere di tornare tra i banchi di scuola. Armati di zaini, cartelli colorati e voglia di stare insieme in duecento circa si sono dati appuntamento nel pomeriggio in piazza Libert\u00e0 in un presidio anti &#8220;didattica<\/p>\n","protected":false},"author":3,"featured_media":149539,"comment_status":"closed","ping_status":"closed","sticky":false,"template":"","format":"standard","meta":{"footnotes":""},"categories":[20,13,14,1,21],"tags":[8166,1220,8479,100,56,380,692],"class_list":{"0":"post-149554","1":"post","2":"type-post","3":"status-publish","4":"format-standard","5":"has-post-thumbnail","7":"category-prima-pagina","8":"category-saronnese","9":"category-saronno","10":"category-senza-categoria","11":"category-video","12":"tag-dad","13":"tag-genitori","14":"tag-interviste","15":"tag-protesta","16":"tag-saronno-2","17":"tag-scuola","18":"tag-studenti"},"yoast_head":"<!-- This site is optimized with the Yoast SEO plugin v27.4 - https:\/\/yoast.com\/product\/yoast-seo-wordpress\/ -->\n<title>Saronno, zaini a terra contro la Dad: &quot;La scuola non \u00e8 solo didattica&quot; le interviste I VIDEO - Il Notiziario<\/title>\n<meta name=\"description\" content=\"Per chi suona la campanella? Se lo chiedono genitori e studenti che a Saronno hanno manifestato, domenica 21 marzo, per chiedere di tornare tra i banchi\" \/>\n<meta name=\"robots\" content=\"index, follow, max-snippet:-1, max-image-preview:large, max-video-preview:-1\" \/>\n<link rel=\"canonical\" href=\"https:\/\/www.ilnotiziario.net\/wp\/senza-categoria\/saronno-protesta-zaini-dad-interviste-video\/\" \/>\n<meta property=\"og:locale\" content=\"it_IT\" \/>\n<meta property=\"og:type\" content=\"article\" \/>\n<meta property=\"og:title\" content=\"Saronno, zaini a terra contro la Dad: &quot;La scuola non \u00e8 solo didattica&quot; le interviste I VIDEO - Il Notiziario\" \/>\n<meta property=\"og:description\" content=\"Per chi suona la campanella? Se lo chiedono genitori e studenti che a Saronno hanno manifestato, domenica 21 marzo, per chiedere di tornare tra i banchi\" \/>\n<meta property=\"og:url\" content=\"https:\/\/www.ilnotiziario.net\/wp\/senza-categoria\/saronno-protesta-zaini-dad-interviste-video\/\" \/>\n<meta property=\"og:site_name\" content=\"Il Notiziario\" \/>\n<meta property=\"article:publisher\" content=\"https:\/\/www.facebook.com\/ilnotiziarioind\/\" \/>\n<meta property=\"article:published_time\" content=\"2021-03-21T19:46:34+00:00\" \/>\n<meta property=\"article:modified_time\" content=\"2021-03-22T09:26:11+00:00\" \/>\n<meta property=\"og:image\" content=\"https:\/\/www.ilnotiziario.net\/wp\/wp-content\/uploads\/2021\/03\/Sar-No-dad-3.jpg\" \/>\n\t<meta property=\"og:image:width\" content=\"750\" \/>\n\t<meta property=\"og:image:height\" content=\"423\" \/>\n\t<meta property=\"og:image:type\" content=\"image\/jpeg\" \/>\n<meta name=\"author\" content=\"Gabriele Bassani\" \/>\n<meta name=\"twitter:card\" content=\"summary_large_image\" \/>\n<meta name=\"twitter:creator\" content=\"@ilNotiziarioInd\" \/>\n<meta name=\"twitter:site\" content=\"@ilNotiziarioInd\" \/>\n<meta name=\"twitter:label1\" content=\"Scritto da\" \/>\n\t<meta name=\"twitter:data1\" content=\"Gabriele Bassani\" \/>\n\t<meta name=\"twitter:label2\" content=\"Tempo di lettura stimato\" \/>\n\t<meta name=\"twitter:data2\" content=\"2 minuti\" \/>\n<script type=\"application\/ld+json\" class=\"yoast-schema-graph\">{\"@context\":\"https:\\\/\\\/schema.org\",\"@graph\":[{\"@type\":\"Article\",\"@id\":\"https:\\\/\\\/www.ilnotiziario.net\\\/wp\\\/senza-categoria\\\/saronno-protesta-zaini-dad-interviste-video\\\/#article\",\"isPartOf\":{\"@id\":\"https:\\\/\\\/www.ilnotiziario.net\\\/wp\\\/senza-categoria\\\/saronno-protesta-zaini-dad-interviste-video\\\/\"},\"author\":{\"name\":\"Gabriele Bassani\",\"@id\":\"https:\\\/\\\/www.ilnotiziario.net\\\/wp\\\/#\\\/schema\\\/person\\\/386e222908f898bb41c033989482bbf2\"},\"headline\":\"Saronno, zaini a terra contro la Dad: &#8220;La scuola non \u00e8 solo didattica&#8221; le interviste I VIDEO\",\"datePublished\":\"2021-03-21T19:46:34+00:00\",\"dateModified\":\"2021-03-22T09:26:11+00:00\",\"mainEntityOfPage\":{\"@id\":\"https:\\\/\\\/www.ilnotiziario.net\\\/wp\\\/senza-categoria\\\/saronno-protesta-zaini-dad-interviste-video\\\/\"},\"wordCount\":447,\"publisher\":{\"@id\":\"https:\\\/\\\/www.ilnotiziario.net\\\/wp\\\/#organization\"},\"image\":{\"@id\":\"https:\\\/\\\/www.ilnotiziario.net\\\/wp\\\/senza-categoria\\\/saronno-protesta-zaini-dad-interviste-video\\\/#primaryimage\"},\"thumbnailUrl\":\"https:\\\/\\\/www.ilnotiziario.net\\\/wp\\\/wp-content\\\/uploads\\\/2021\\\/03\\\/Sar-No-dad-3.jpg\",\"keywords\":[\"dad\",\"genitori\",\"interviste\",\"Protesta\",\"Saronno\",\"scuola\",\"studenti\"],\"articleSection\":{\"0\":\"Prima Pagina\",\"1\":\"SARONNESE\",\"2\":\"SARONNO\",\"4\":\"Video\"},\"inLanguage\":\"it-IT\"},{\"@type\":\"WebPage\",\"@id\":\"https:\\\/\\\/www.ilnotiziario.net\\\/wp\\\/senza-categoria\\\/saronno-protesta-zaini-dad-interviste-video\\\/\",\"url\":\"https:\\\/\\\/www.ilnotiziario.net\\\/wp\\\/senza-categoria\\\/saronno-protesta-zaini-dad-interviste-video\\\/\",\"name\":\"Saronno, zaini a terra contro la Dad: \\\"La scuola non \u00e8 solo didattica\\\" le interviste I VIDEO - Il Notiziario\",\"isPartOf\":{\"@id\":\"https:\\\/\\\/www.ilnotiziario.net\\\/wp\\\/#website\"},\"primaryImageOfPage\":{\"@id\":\"https:\\\/\\\/www.ilnotiziario.net\\\/wp\\\/senza-categoria\\\/saronno-protesta-zaini-dad-interviste-video\\\/#primaryimage\"},\"image\":{\"@id\":\"https:\\\/\\\/www.ilnotiziario.net\\\/wp\\\/senza-categoria\\\/saronno-protesta-zaini-dad-interviste-video\\\/#primaryimage\"},\"thumbnailUrl\":\"https:\\\/\\\/www.ilnotiziario.net\\\/wp\\\/wp-content\\\/uploads\\\/2021\\\/03\\\/Sar-No-dad-3.jpg\",\"datePublished\":\"2021-03-21T19:46:34+00:00\",\"dateModified\":\"2021-03-22T09:26:11+00:00\",\"description\":\"Per chi suona la campanella? Se lo chiedono genitori e studenti che a Saronno hanno manifestato, domenica 21 marzo, per chiedere di tornare tra i banchi\",\"breadcrumb\":{\"@id\":\"https:\\\/\\\/www.ilnotiziario.net\\\/wp\\\/senza-categoria\\\/saronno-protesta-zaini-dad-interviste-video\\\/#breadcrumb\"},\"inLanguage\":\"it-IT\",\"potentialAction\":[{\"@type\":\"ReadAction\",\"target\":[\"https:\\\/\\\/www.ilnotiziario.net\\\/wp\\\/senza-categoria\\\/saronno-protesta-zaini-dad-interviste-video\\\/\"]}]},{\"@type\":\"ImageObject\",\"inLanguage\":\"it-IT\",\"@id\":\"https:\\\/\\\/www.ilnotiziario.net\\\/wp\\\/senza-categoria\\\/saronno-protesta-zaini-dad-interviste-video\\\/#primaryimage\",\"url\":\"https:\\\/\\\/www.ilnotiziario.net\\\/wp\\\/wp-content\\\/uploads\\\/2021\\\/03\\\/Sar-No-dad-3.jpg\",\"contentUrl\":\"https:\\\/\\\/www.ilnotiziario.net\\\/wp\\\/wp-content\\\/uploads\\\/2021\\\/03\\\/Sar-No-dad-3.jpg\",\"width\":750,\"height\":423},{\"@type\":\"BreadcrumbList\",\"@id\":\"https:\\\/\\\/www.ilnotiziario.net\\\/wp\\\/senza-categoria\\\/saronno-protesta-zaini-dad-interviste-video\\\/#breadcrumb\",\"itemListElement\":[{\"@type\":\"ListItem\",\"position\":1,\"name\":\"tds_text_logo_tagline_colortds_text_logo_tagline_colortds_text_logo_tagline_colortds_text_logo_tagline_colortd_module_7_title_excerpttd_module_7_title_excerpttd_module_7_title_excerpttd_module_7_title_excerptHome\",\"item\":\"https:\\\/\\\/www.ilnotiziario.net\\\/wp\\\/\"},{\"@type\":\"ListItem\",\"position\":2,\"name\":\"Saronno, zaini a terra contro la Dad: &#8220;La scuola non \u00e8 solo didattica&#8221; le interviste I VIDEO\"}]},{\"@type\":\"WebSite\",\"@id\":\"https:\\\/\\\/www.ilnotiziario.net\\\/wp\\\/#website\",\"url\":\"https:\\\/\\\/www.ilnotiziario.net\\\/wp\\\/\",\"name\":\"Il Notiziario\",\"description\":\"Per restare sempre connessi alla notizia\",\"publisher\":{\"@id\":\"https:\\\/\\\/www.ilnotiziario.net\\\/wp\\\/#organization\"},\"alternateName\":\"Il Notiziario Bollate\",\"potentialAction\":[{\"@type\":\"SearchAction\",\"target\":{\"@type\":\"EntryPoint\",\"urlTemplate\":\"https:\\\/\\\/www.ilnotiziario.net\\\/wp\\\/?s={search_term_string}\"},\"query-input\":{\"@type\":\"PropertyValueSpecification\",\"valueRequired\":true,\"valueName\":\"search_term_string\"}}],\"inLanguage\":\"it-IT\"},{\"@type\":\"Organization\",\"@id\":\"https:\\\/\\\/www.ilnotiziario.net\\\/wp\\\/#organization\",\"name\":\"Il Notiziario\",\"url\":\"https:\\\/\\\/www.ilnotiziario.net\\\/wp\\\/\",\"logo\":{\"@type\":\"ImageObject\",\"inLanguage\":\"it-IT\",\"@id\":\"https:\\\/\\\/www.ilnotiziario.net\\\/wp\\\/#\\\/schema\\\/logo\\\/image\\\/\",\"url\":\"https:\\\/\\\/www.ilnotiziario.net\\\/wp\\\/wp-content\\\/uploads\\\/2022\\\/06\\\/170x170ilN.png\",\"contentUrl\":\"https:\\\/\\\/www.ilnotiziario.net\\\/wp\\\/wp-content\\\/uploads\\\/2022\\\/06\\\/170x170ilN.png\",\"width\":355,\"height\":355,\"caption\":\"Il Notiziario\"},\"image\":{\"@id\":\"https:\\\/\\\/www.ilnotiziario.net\\\/wp\\\/#\\\/schema\\\/logo\\\/image\\\/\"},\"sameAs\":[\"https:\\\/\\\/www.facebook.com\\\/ilnotiziarioind\\\/\",\"https:\\\/\\\/x.com\\\/ilNotiziarioInd\",\"https:\\\/\\\/www.instagram.com\\\/ilnotiziario_settimanale\\\/\"]},{\"@type\":\"Person\",\"@id\":\"https:\\\/\\\/www.ilnotiziario.net\\\/wp\\\/#\\\/schema\\\/person\\\/386e222908f898bb41c033989482bbf2\",\"name\":\"Gabriele Bassani\",\"image\":{\"@type\":\"ImageObject\",\"inLanguage\":\"it-IT\",\"@id\":\"https:\\\/\\\/secure.gravatar.com\\\/avatar\\\/09274f4a84fa97698bde56f84b3afed61c8492d48b0550db9671b68c177479cb?s=96&d=mm&r=g\",\"url\":\"https:\\\/\\\/secure.gravatar.com\\\/avatar\\\/09274f4a84fa97698bde56f84b3afed61c8492d48b0550db9671b68c177479cb?s=96&d=mm&r=g\",\"contentUrl\":\"https:\\\/\\\/secure.gravatar.com\\\/avatar\\\/09274f4a84fa97698bde56f84b3afed61c8492d48b0550db9671b68c177479cb?s=96&d=mm&r=g\",\"caption\":\"Gabriele Bassani\"},\"sameAs\":[\"http:\\\/\\\/www.ilnotiziario.net\"]}]}<\/script>\n<!-- \/ Yoast SEO plugin. -->","yoast_head_json":{"title":"Saronno, zaini a terra contro la Dad: \"La scuola non \u00e8 solo didattica\" le interviste I VIDEO - Il Notiziario","description":"Per chi suona la campanella? Se lo chiedono genitori e studenti che a Saronno hanno manifestato, domenica 21 marzo, per chiedere di tornare tra i banchi","robots":{"index":"index","follow":"follow","max-snippet":"max-snippet:-1","max-image-preview":"max-image-preview:large","max-video-preview":"max-video-preview:-1"},"canonical":"https:\/\/www.ilnotiziario.net\/wp\/senza-categoria\/saronno-protesta-zaini-dad-interviste-video\/","og_locale":"it_IT","og_type":"article","og_title":"Saronno, zaini a terra contro la Dad: \"La scuola non \u00e8 solo didattica\" le interviste I VIDEO - Il Notiziario","og_description":"Per chi suona la campanella? Se lo chiedono genitori e studenti che a Saronno hanno manifestato, domenica 21 marzo, per chiedere di tornare tra i banchi","og_url":"https:\/\/www.ilnotiziario.net\/wp\/senza-categoria\/saronno-protesta-zaini-dad-interviste-video\/","og_site_name":"Il Notiziario","article_publisher":"https:\/\/www.facebook.com\/ilnotiziarioind\/","article_published_time":"2021-03-21T19:46:34+00:00","article_modified_time":"2021-03-22T09:26:11+00:00","og_image":[{"width":750,"height":423,"url":"https:\/\/www.ilnotiziario.net\/wp\/wp-content\/uploads\/2021\/03\/Sar-No-dad-3.jpg","type":"image\/jpeg"}],"author":"Gabriele Bassani","twitter_card":"summary_large_image","twitter_creator":"@ilNotiziarioInd","twitter_site":"@ilNotiziarioInd","twitter_misc":{"Scritto da":"Gabriele Bassani","Tempo di lettura stimato":"2 minuti"},"schema":{"@context":"https:\/\/schema.org","@graph":[{"@type":"Article","@id":"https:\/\/www.ilnotiziario.net\/wp\/senza-categoria\/saronno-protesta-zaini-dad-interviste-video\/#article","isPartOf":{"@id":"https:\/\/www.ilnotiziario.net\/wp\/senza-categoria\/saronno-protesta-zaini-dad-interviste-video\/"},"author":{"name":"Gabriele Bassani","@id":"https:\/\/www.ilnotiziario.net\/wp\/#\/schema\/person\/386e222908f898bb41c033989482bbf2"},"headline":"Saronno, zaini a terra contro la Dad: &#8220;La scuola non \u00e8 solo didattica&#8221; le interviste I VIDEO","datePublished":"2021-03-21T19:46:34+00:00","dateModified":"2021-03-22T09:26:11+00:00","mainEntityOfPage":{"@id":"https:\/\/www.ilnotiziario.net\/wp\/senza-categoria\/saronno-protesta-zaini-dad-interviste-video\/"},"wordCount":447,"publisher":{"@id":"https:\/\/www.ilnotiziario.net\/wp\/#organization"},"image":{"@id":"https:\/\/www.ilnotiziario.net\/wp\/senza-categoria\/saronno-protesta-zaini-dad-interviste-video\/#primaryimage"},"thumbnailUrl":"https:\/\/www.ilnotiziario.net\/wp\/wp-content\/uploads\/2021\/03\/Sar-No-dad-3.jpg","keywords":["dad","genitori","interviste","Protesta","Saronno","scuola","studenti"],"articleSection":{"0":"Prima Pagina","1":"SARONNESE","2":"SARONNO","4":"Video"},"inLanguage":"it-IT"},{"@type":"WebPage","@id":"https:\/\/www.ilnotiziario.net\/wp\/senza-categoria\/saronno-protesta-zaini-dad-interviste-video\/","url":"https:\/\/www.ilnotiziario.net\/wp\/senza-categoria\/saronno-protesta-zaini-dad-interviste-video\/","name":"Saronno, zaini a terra contro la Dad: \"La scuola non \u00e8 solo didattica\" le interviste I VIDEO - Il Notiziario","isPartOf":{"@id":"https:\/\/www.ilnotiziario.net\/wp\/#website"},"primaryImageOfPage":{"@id":"https:\/\/www.ilnotiziario.net\/wp\/senza-categoria\/saronno-protesta-zaini-dad-interviste-video\/#primaryimage"},"image":{"@id":"https:\/\/www.ilnotiziario.net\/wp\/senza-categoria\/saronno-protesta-zaini-dad-interviste-video\/#primaryimage"},"thumbnailUrl":"https:\/\/www.ilnotiziario.net\/wp\/wp-content\/uploads\/2021\/03\/Sar-No-dad-3.jpg","datePublished":"2021-03-21T19:46:34+00:00","dateModified":"2021-03-22T09:26:11+00:00","description":"Per chi suona la campanella? Se lo chiedono genitori e studenti che a Saronno hanno manifestato, domenica 21 marzo, per chiedere di tornare tra i banchi","breadcrumb":{"@id":"https:\/\/www.ilnotiziario.net\/wp\/senza-categoria\/saronno-protesta-zaini-dad-interviste-video\/#breadcrumb"},"inLanguage":"it-IT","potentialAction":[{"@type":"ReadAction","target":["https:\/\/www.ilnotiziario.net\/wp\/senza-categoria\/saronno-protesta-zaini-dad-interviste-video\/"]}]},{"@type":"ImageObject","inLanguage":"it-IT","@id":"https:\/\/www.ilnotiziario.net\/wp\/senza-categoria\/saronno-protesta-zaini-dad-interviste-video\/#primaryimage","url":"https:\/\/www.ilnotiziario.net\/wp\/wp-content\/uploads\/2021\/03\/Sar-No-dad-3.jpg","contentUrl":"https:\/\/www.ilnotiziario.net\/wp\/wp-content\/uploads\/2021\/03\/Sar-No-dad-3.jpg","width":750,"height":423},{"@type":"BreadcrumbList","@id":"https:\/\/www.ilnotiziario.net\/wp\/senza-categoria\/saronno-protesta-zaini-dad-interviste-video\/#breadcrumb","itemListElement":[{"@type":"ListItem","position":1,"name":"tds_text_logo_tagline_colortds_text_logo_tagline_colortds_text_logo_tagline_colortds_text_logo_tagline_colortd_module_7_title_excerpttd_module_7_title_excerpttd_module_7_title_excerpttd_module_7_title_excerptHome","item":"https:\/\/www.ilnotiziario.net\/wp\/"},{"@type":"ListItem","position":2,"name":"Saronno, zaini a terra contro la Dad: &#8220;La scuola non \u00e8 solo didattica&#8221; le interviste I VIDEO"}]},{"@type":"WebSite","@id":"https:\/\/www.ilnotiziario.net\/wp\/#website","url":"https:\/\/www.ilnotiziario.net\/wp\/","name":"Il Notiziario","description":"Per restare sempre connessi alla notizia","publisher":{"@id":"https:\/\/www.ilnotiziario.net\/wp\/#organization"},"alternateName":"Il Notiziario Bollate","potentialAction":[{"@type":"SearchAction","target":{"@type":"EntryPoint","urlTemplate":"https:\/\/www.ilnotiziario.net\/wp\/?s={search_term_string}"},"query-input":{"@type":"PropertyValueSpecification","valueRequired":true,"valueName":"search_term_string"}}],"inLanguage":"it-IT"},{"@type":"Organization","@id":"https:\/\/www.ilnotiziario.net\/wp\/#organization","name":"Il Notiziario","url":"https:\/\/www.ilnotiziario.net\/wp\/","logo":{"@type":"ImageObject","inLanguage":"it-IT","@id":"https:\/\/www.ilnotiziario.net\/wp\/#\/schema\/logo\/image\/","url":"https:\/\/www.ilnotiziario.net\/wp\/wp-content\/uploads\/2022\/06\/170x170ilN.png","contentUrl":"https:\/\/www.ilnotiziario.net\/wp\/wp-content\/uploads\/2022\/06\/170x170ilN.png","width":355,"height":355,"caption":"Il Notiziario"},"image":{"@id":"https:\/\/www.ilnotiziario.net\/wp\/#\/schema\/logo\/image\/"},"sameAs":["https:\/\/www.facebook.com\/ilnotiziarioind\/","https:\/\/x.com\/ilNotiziarioInd","https:\/\/www.instagram.com\/ilnotiziario_settimanale\/"]},{"@type":"Person","@id":"https:\/\/www.ilnotiziario.net\/wp\/#\/schema\/person\/386e222908f898bb41c033989482bbf2","name":"Gabriele Bassani","image":{"@type":"ImageObject","inLanguage":"it-IT","@id":"https:\/\/secure.gravatar.com\/avatar\/09274f4a84fa97698bde56f84b3afed61c8492d48b0550db9671b68c177479cb?s=96&d=mm&r=g","url":"https:\/\/secure.gravatar.com\/avatar\/09274f4a84fa97698bde56f84b3afed61c8492d48b0550db9671b68c177479cb?s=96&d=mm&r=g","contentUrl":"https:\/\/secure.gravatar.com\/avatar\/09274f4a84fa97698bde56f84b3afed61c8492d48b0550db9671b68c177479cb?s=96&d=mm&r=g","caption":"Gabriele Bassani"},"sameAs":["http:\/\/www.ilnotiziario.net"]}]}},"_links":{"self":[{"href":"https:\/\/www.ilnotiziario.net\/wp\/wp-json\/wp\/v2\/posts\/149554","targetHints":{"allow":["GET"]}}],"collection":[{"href":"https:\/\/www.ilnotiziario.net\/wp\/wp-json\/wp\/v2\/posts"}],"about":[{"href":"https:\/\/www.ilnotiziario.net\/wp\/wp-json\/wp\/v2\/types\/post"}],"author":[{"embeddable":true,"href":"https:\/\/www.ilnotiziario.net\/wp\/wp-json\/wp\/v2\/users\/3"}],"replies":[{"embeddable":true,"href":"https:\/\/www.ilnotiziario.net\/wp\/wp-json\/wp\/v2\/comments?post=149554"}],"version-history":[{"count":0,"href":"https:\/\/www.ilnotiziario.net\/wp\/wp-json\/wp\/v2\/posts\/149554\/revisions"}],"wp:featuredmedia":[{"embeddable":true,"href":"https:\/\/www.ilnotiziario.net\/wp\/wp-json\/wp\/v2\/media\/149539"}],"wp:attachment":[{"href":"https:\/\/www.ilnotiziario.net\/wp\/wp-json\/wp\/v2\/media?parent=149554"}],"wp:term":[{"taxonomy":"category","embeddable":true,"href":"https:\/\/www.ilnotiziario.net\/wp\/wp-json\/wp\/v2\/categories?post=149554"},{"taxonomy":"post_tag","embeddable":true,"href":"https:\/\/www.ilnotiziario.net\/wp\/wp-json\/wp\/v2\/tags?post=149554"}],"curies":[{"name":"wp","href":"https:\/\/api.w.org\/{rel}","templated":true}]}}