{"id":149909,"date":"2021-03-29T19:19:46","date_gmt":"2021-03-29T17:19:46","guid":{"rendered":"https:\/\/www.ilnotiziario.net\/wp\/?p=149909"},"modified":"2021-03-29T19:19:46","modified_gmt":"2021-03-29T17:19:46","slug":"bollate-tamponi-scuole-rientro-sicurezza","status":"publish","type":"post","link":"https:\/\/www.ilnotiziario.net\/wp\/bollatese\/bollate-tamponi-scuole-rientro-sicurezza\/","title":{"rendered":"A Bollate si faranno tamponi e screening nelle scuole per un rientro \u201cin sicurezza\u201d"},"content":{"rendered":"<p><img fetchpriority=\"high\" decoding=\"async\" class=\"size-medium wp-image-144869 aligncenter\" src=\"https:\/\/www.ilnotiziario.net\/wp\/wp-content\/uploads\/2020\/11\/rientro-a-scuola-300x225.jpg\" alt=\"rientro a scuola\" width=\"300\" height=\"225\" srcset=\"https:\/\/www.ilnotiziario.net\/wp\/wp-content\/uploads\/2020\/11\/rientro-a-scuola-300x225.jpg 300w, https:\/\/www.ilnotiziario.net\/wp\/wp-content\/uploads\/2020\/11\/rientro-a-scuola-80x60.jpg 80w, https:\/\/www.ilnotiziario.net\/wp\/wp-content\/uploads\/2020\/11\/rientro-a-scuola-160x120.jpg 160w, https:\/\/www.ilnotiziario.net\/wp\/wp-content\/uploads\/2020\/11\/rientro-a-scuola-265x198.jpg 265w, https:\/\/www.ilnotiziario.net\/wp\/wp-content\/uploads\/2020\/11\/rientro-a-scuola-600x450.jpg 600w, https:\/\/www.ilnotiziario.net\/wp\/wp-content\/uploads\/2020\/11\/rientro-a-scuola-213x160.jpg 213w, https:\/\/www.ilnotiziario.net\/wp\/wp-content\/uploads\/2020\/11\/rientro-a-scuola.jpg 640w\" sizes=\"(max-width: 300px) 100vw, 300px\" \/><\/p>\n<p>Sar\u00e0 un ritorno a scuola in sicurezza, non appena le norme lo consentiranno, quello in arrivo per le scuole di Bollate. Tutto ci\u00f2 grazie al doppio test, sierologico pungidito e \u201csalivare molecolare\u201d, che verr\u00e0 utilizzato su tutti gli studenti delle scuole elementari, medie e superiori oltre che sul personale scolastico gi\u00e0 vaccinato,\u00a0<b>subito dopo le vacanze di Pasqua.<\/b>\u00a0Un innovativo Piano di sorveglianza attiva messo a punto dall\u2019Universit\u00e0 Statale di Milano \u2013 Dipartimento di Scienza della Salute e dipartimento di Scienze biomediche, chirurgiche e odontoiatriche, e\u00a0<b>sperimentato per la prima volta a Bollate,<\/b>\u00a0la citt\u00e0 che nei mesi scorsi ha vissuto la chiusura in zona rossa a causa della diffusione della variante inglese, partita proprio nelle scuole.<\/p><div id=\"ilnot-1616441990\" class=\"ilnot-contenuto ilnot-entity-placement\"><p><!-- incontent_1 --><\/p>\n<div class=\"gptslot\" data-adunitid=\"1\"><\/div>\n<\/div>\n<p><b>L\u2019iniziativa \u00e8 stata voluta dall\u2019Amministrazione comunale<\/b>\u00a0che si \u00e8 posta il problema di come assicurare il rientro a scuola in sicurezza per alunni e insegnanti e prevede la condivisione con ATS Citt\u00e0 di Milano e la collaborazione dei Medici di Medicina Generale (MMG), dei Pediatri di Libera Scelta (PLS) di Bollate, dei dirigenti scolastici e delle associazioni di volontariato.<\/p>\n<p>\u201cIl rientro a scuola \u00e8 un\u2019esigenza molto sentita dalle famiglie degli studenti, soprattutto di quelli pi\u00f9\u00a0\u00a0piccoli. La soluzione al problema di un rientro che avvenga anche in sicurezza \u2013 spiega\u00a0<b>il Sindaco Francesco Vassallo<\/b>\u00a0\u2013 l\u2019abbiamo indentificata in questo innovativo sistema di tampone salivare molecolare messo a punto dall\u2019Universit\u00e0 che ci consentir\u00e0 di riprendere con maggior serenit\u00e0 le lezioni in classe\u201d.<\/p><div id=\"ilnot-3310794388\" class=\"ilnot-contenuto_2 ilnot-entity-placement\"><div class=\"ads-wrapper\">\n<div class=\"ad-slot\">\n   <div id=\"ilnot-2494168177\" style=\"margin-right: auto;margin-left: auto;text-align: center;width: 320px;height: 100px;\"><a href=\"https:\/\/www.scuolasicurezza.it\/\"><img decoding=\"async\" src=\"https:\/\/www.ilnotiziario.net\/wp\/wp-content\/uploads\/2026\/04\/IlNotiziario_banner-sito-e-newsletter-320-x-100-px-1.gif\" alt=\"\"><\/a><\/div>\n  <\/div>\n<div class=\"ad-slot\">\n   <div id=\"ilnot-2400657694\" style=\"margin-right: auto;margin-left: auto;text-align: center;width: 320px;height: 100px;\"><a href=\"https:\/\/purodesignarredamenti.com\/\"><img decoding=\"async\" src=\"https:\/\/www.ilnotiziario.net\/wp\/wp-content\/uploads\/2026\/04\/banner-puro-ok.gif\" alt=\"whatsapp\"><\/a><\/div><\/p><\/div>\n<\/div>\n<\/div>\n<p>\u201cA Bollate avviamo un piano di sorveglianza attiva per evitare focolai e per studiare i contagi. Servirebbe anche su altri campioni per ripartire con maggior tranquillit\u00e0 a settembre in tutte le scuole &#8211; dice\u00a0<b>Gian Vincenzo Zuccotti<\/b>, preside della facolt\u00e0 di Medicina alla Statale e coordinatore del gruppo di lavoro che, insieme alla professoressa Elisa Borghi, ha messo a punto il test salivare molecolare\u201d.\u00a0<b><\/b><\/p>\n<p><b>Ma vediamo di cosa si tratta.\u00a0<\/b><\/p>\n<p>Si tratta di uno screening (tampone molecolare-salivare e test sierologico) che non ha bisogno di assistenza sanitaria e che \u00e8 possibile eseguire al proprio domicilio: questo facilita le operazioni di prelievo\/ consegna\/ analisi in laboratorio.<\/p><div id=\"ilnot-2734350704\" class=\"ilnot-contenuto_2-2 ilnot-entity-placement\"><div class=\"gptslot\" data-adunitid=\"2\"><\/div>\n<\/div>\n<p>Il progetto si divide in due fasi. Alla \u201cfase 1\u201d parteciperanno gli alunni e il personale scolastico delle elementari e della prima media (classi che dovrebbero rientrare \u201cin presenza\u201d subito dopo le vacanze pasquali). In questa fase il Comune, in collaborazione con scuole del territorio e l\u2019Universit\u00e0 Statale, diffonder\u00e0 un questionario per le famiglie cos\u00ec da valutare l\u2019interesse e il numero preciso degli aderenti. A questo seguir\u00e0 la consegna dei kit da parte dell\u2019Universit\u00e0 che, tramite le scuole e con l&#8217;aiuto delle associazioni di volontariato di Bollate, dar\u00e0 il via alle attivit\u00e0 di screening vere e proprie. L\u2019ultima fase del progetto riguarder\u00e0 l&#8217;esito dei risultati dei test eseguiti nei laboratori dell\u2019Universit\u00e0 per l\u2019analisi finale. A questo punto, per i soli casi di positivit\u00e0, saranno attivate da parte dei medici e dei pediatri le misure di quarantena e la richiesta di tampone molecolare ad ATS Milano.<\/p>\n<p>Nella \u201cfase 2\u201d saranno coinvolti, invece, gli studenti e il personale scolastico delle seconde e terze medie e delle scuole superiori dei due istituti bollatesi, Erasmo da Rotterdam e Primo Levi.<\/p>\n<p><b>I numeri<\/b><\/p><div id=\"ilnot-1953611470\" class=\"ilnot-contenuto_2-2-2 ilnot-entity-placement\"><div class=\"gptslot\" data-adunitid=\"3\"><\/div>\n<\/div>\n<p>Ad essere coinvolti, nel complesso, saranno circa 4.500 studenti delle scuole primarie e secondarie di Bollate, oltre a circa 1.000 persone tra docenti e non docenti gi\u00e0 vaccinati e sottoposti a sierologico per la verifica dell\u2019immunizzazione ottenuta. Circa 2.500 le persone coinvolte nella \u201cfase 1\u201d e altre 3.000 nella \u201cfase 2\u201d.<\/p>\n<p>Al termine delle due fasi, l&#8217;Universit\u00e0 Statale proseguir\u00e0 lo screening scolastico su alcune \u201cclassi campione\u201d attraverso un monitoraggio settimanale con i test salivari, per capire quale sar\u00e0 l\u2019andamento dei contagi con le lezioni in presenza.\u00a0<b><\/b><\/p>\n<p><b>Le tempistiche<\/b><\/p><div id=\"ilnot-1721843091\" class=\"ilnot-contenuto_2-2-2-2 ilnot-entity-placement\"><div class=\"gptslot\" data-adunitid=\"4\"><\/div>\n<\/div>\n<p>Ci vorranno circa due settimane per mettere a punto l&#8217;organizzazione della \u201cfase 1\u201d, le attivit\u00e0 di coordinamento dei soggetti coinvolti e la diffusione dei questionari di adesione. La fase \u201cdiagnostica\u201d durer\u00e0 circa una settimana. A seguire si riproporranno le stesse attivit\u00e0 anche per la \u201cfase 2\u201d<\/p>\n<p><b>Quali sono gli strumenti utilizzati:\u00a0<\/b><\/p><div id=\"ilnot-1497671127\" class=\"ilnot-contenuto_2-2-2-2-2 ilnot-entity-placement\"><div class=\"gptslot\" data-adunitid=\"5\"><\/div>\n<\/div>\n<p>\u00b7\u00a0\u00a0\u00a0\u00a0\u00a0\u00a0\u00a0test sierologico immunoenzimatico \u201cDELFIA\u201d mediante \u201cpungidito\u201d<\/p>\n<p>\u00b7\u00a0\u00a0\u00a0\u00a0\u00a0\u00a0\u00a0tampone salivare molecolare analizzato in laboratorio attraverso la metodica molecolare di real-time RT-PCR (Reverse Transcription-Polymerase Chain Reaction).<\/p>\n","protected":false},"excerpt":{"rendered":"<p>Sar\u00e0 un ritorno a scuola in sicurezza, non appena le norme lo consentiranno, quello in arrivo per le scuole di Bollate. Tutto ci\u00f2 grazie al doppio test, sierologico pungidito e \u201csalivare molecolare\u201d, che verr\u00e0 utilizzato su tutti gli studenti delle scuole elementari, medie e superiori oltre che sul personale scolastico gi\u00e0 vaccinato,\u00a0subito dopo le vacanze<\/p>\n","protected":false},"author":3,"featured_media":144869,"comment_status":"closed","ping_status":"closed","sticky":false,"template":"","format":"standard","meta":{"footnotes":""},"categories":[8,20],"tags":[110,7244,380,7116],"class_list":{"0":"post-149909","1":"post","2":"type-post","3":"status-publish","4":"format-standard","5":"has-post-thumbnail","7":"category-bollatese","8":"category-prima-pagina","9":"tag-bollate","10":"tag-covid","11":"tag-scuola","12":"tag-tamponi"},"yoast_head":"<!-- This site is optimized with the Yoast SEO plugin v27.4 - https:\/\/yoast.com\/product\/yoast-seo-wordpress\/ -->\n<title>A Bollate si faranno tamponi e screening nelle scuole per un rientro \u201cin sicurezza\u201d - Il Notiziario<\/title>\n<meta name=\"description\" content=\"Sar\u00e0 un ritorno a scuola in sicurezza, non appena le norme lo consentiranno, quello in arrivo per le scuole di Bollate. Tutto ci\u00f2 grazie al doppio test,\" \/>\n<meta name=\"robots\" content=\"index, follow, max-snippet:-1, max-image-preview:large, max-video-preview:-1\" \/>\n<link rel=\"canonical\" href=\"https:\/\/www.ilnotiziario.net\/wp\/bollatese\/bollate-tamponi-scuole-rientro-sicurezza\/\" \/>\n<meta property=\"og:locale\" content=\"it_IT\" \/>\n<meta property=\"og:type\" content=\"article\" \/>\n<meta property=\"og:title\" content=\"A Bollate si faranno tamponi e screening nelle scuole per un rientro \u201cin sicurezza\u201d - Il Notiziario\" \/>\n<meta property=\"og:description\" content=\"Sar\u00e0 un ritorno a scuola in sicurezza, non appena le norme lo consentiranno, quello in arrivo per le scuole di Bollate. Tutto ci\u00f2 grazie al doppio test,\" \/>\n<meta property=\"og:url\" content=\"https:\/\/www.ilnotiziario.net\/wp\/bollatese\/bollate-tamponi-scuole-rientro-sicurezza\/\" \/>\n<meta property=\"og:site_name\" content=\"Il Notiziario\" \/>\n<meta property=\"article:publisher\" content=\"https:\/\/www.facebook.com\/ilnotiziarioind\/\" \/>\n<meta property=\"article:published_time\" content=\"2021-03-29T17:19:46+00:00\" \/>\n<meta property=\"og:image\" content=\"https:\/\/www.ilnotiziario.net\/wp\/wp-content\/uploads\/2020\/11\/rientro-a-scuola.jpg\" \/>\n\t<meta property=\"og:image:width\" content=\"640\" \/>\n\t<meta property=\"og:image:height\" content=\"480\" \/>\n\t<meta property=\"og:image:type\" content=\"image\/jpeg\" \/>\n<meta name=\"author\" content=\"Gabriele Bassani\" \/>\n<meta name=\"twitter:card\" content=\"summary_large_image\" \/>\n<meta name=\"twitter:creator\" content=\"@ilNotiziarioInd\" \/>\n<meta name=\"twitter:site\" content=\"@ilNotiziarioInd\" \/>\n<meta name=\"twitter:label1\" content=\"Scritto da\" \/>\n\t<meta name=\"twitter:data1\" content=\"Gabriele Bassani\" \/>\n\t<meta name=\"twitter:label2\" content=\"Tempo di lettura stimato\" \/>\n\t<meta name=\"twitter:data2\" content=\"4 minuti\" \/>\n<script type=\"application\/ld+json\" class=\"yoast-schema-graph\">{\"@context\":\"https:\\\/\\\/schema.org\",\"@graph\":[{\"@type\":\"Article\",\"@id\":\"https:\\\/\\\/www.ilnotiziario.net\\\/wp\\\/bollatese\\\/bollate-tamponi-scuole-rientro-sicurezza\\\/#article\",\"isPartOf\":{\"@id\":\"https:\\\/\\\/www.ilnotiziario.net\\\/wp\\\/bollatese\\\/bollate-tamponi-scuole-rientro-sicurezza\\\/\"},\"author\":{\"name\":\"Gabriele Bassani\",\"@id\":\"https:\\\/\\\/www.ilnotiziario.net\\\/wp\\\/#\\\/schema\\\/person\\\/386e222908f898bb41c033989482bbf2\"},\"headline\":\"A Bollate si faranno tamponi e screening nelle scuole per un rientro \u201cin sicurezza\u201d\",\"datePublished\":\"2021-03-29T17:19:46+00:00\",\"mainEntityOfPage\":{\"@id\":\"https:\\\/\\\/www.ilnotiziario.net\\\/wp\\\/bollatese\\\/bollate-tamponi-scuole-rientro-sicurezza\\\/\"},\"wordCount\":698,\"publisher\":{\"@id\":\"https:\\\/\\\/www.ilnotiziario.net\\\/wp\\\/#organization\"},\"image\":{\"@id\":\"https:\\\/\\\/www.ilnotiziario.net\\\/wp\\\/bollatese\\\/bollate-tamponi-scuole-rientro-sicurezza\\\/#primaryimage\"},\"thumbnailUrl\":\"https:\\\/\\\/www.ilnotiziario.net\\\/wp\\\/wp-content\\\/uploads\\\/2020\\\/11\\\/rientro-a-scuola.jpg\",\"keywords\":[\"Bollate\",\"covid\",\"scuola\",\"tamponi\"],\"articleSection\":[\"BOLLATESE\",\"Prima Pagina\"],\"inLanguage\":\"it-IT\"},{\"@type\":\"WebPage\",\"@id\":\"https:\\\/\\\/www.ilnotiziario.net\\\/wp\\\/bollatese\\\/bollate-tamponi-scuole-rientro-sicurezza\\\/\",\"url\":\"https:\\\/\\\/www.ilnotiziario.net\\\/wp\\\/bollatese\\\/bollate-tamponi-scuole-rientro-sicurezza\\\/\",\"name\":\"A Bollate si faranno tamponi e screening nelle scuole per un rientro \u201cin sicurezza\u201d - Il Notiziario\",\"isPartOf\":{\"@id\":\"https:\\\/\\\/www.ilnotiziario.net\\\/wp\\\/#website\"},\"primaryImageOfPage\":{\"@id\":\"https:\\\/\\\/www.ilnotiziario.net\\\/wp\\\/bollatese\\\/bollate-tamponi-scuole-rientro-sicurezza\\\/#primaryimage\"},\"image\":{\"@id\":\"https:\\\/\\\/www.ilnotiziario.net\\\/wp\\\/bollatese\\\/bollate-tamponi-scuole-rientro-sicurezza\\\/#primaryimage\"},\"thumbnailUrl\":\"https:\\\/\\\/www.ilnotiziario.net\\\/wp\\\/wp-content\\\/uploads\\\/2020\\\/11\\\/rientro-a-scuola.jpg\",\"datePublished\":\"2021-03-29T17:19:46+00:00\",\"description\":\"Sar\u00e0 un ritorno a scuola in sicurezza, non appena le norme lo consentiranno, quello in arrivo per le scuole di Bollate. Tutto ci\u00f2 grazie al doppio test,\",\"breadcrumb\":{\"@id\":\"https:\\\/\\\/www.ilnotiziario.net\\\/wp\\\/bollatese\\\/bollate-tamponi-scuole-rientro-sicurezza\\\/#breadcrumb\"},\"inLanguage\":\"it-IT\",\"potentialAction\":[{\"@type\":\"ReadAction\",\"target\":[\"https:\\\/\\\/www.ilnotiziario.net\\\/wp\\\/bollatese\\\/bollate-tamponi-scuole-rientro-sicurezza\\\/\"]}]},{\"@type\":\"ImageObject\",\"inLanguage\":\"it-IT\",\"@id\":\"https:\\\/\\\/www.ilnotiziario.net\\\/wp\\\/bollatese\\\/bollate-tamponi-scuole-rientro-sicurezza\\\/#primaryimage\",\"url\":\"https:\\\/\\\/www.ilnotiziario.net\\\/wp\\\/wp-content\\\/uploads\\\/2020\\\/11\\\/rientro-a-scuola.jpg\",\"contentUrl\":\"https:\\\/\\\/www.ilnotiziario.net\\\/wp\\\/wp-content\\\/uploads\\\/2020\\\/11\\\/rientro-a-scuola.jpg\",\"width\":640,\"height\":480,\"caption\":\"rientro a scuola\"},{\"@type\":\"BreadcrumbList\",\"@id\":\"https:\\\/\\\/www.ilnotiziario.net\\\/wp\\\/bollatese\\\/bollate-tamponi-scuole-rientro-sicurezza\\\/#breadcrumb\",\"itemListElement\":[{\"@type\":\"ListItem\",\"position\":1,\"name\":\"tds_text_logo_tagline_colortds_text_logo_tagline_colortds_text_logo_tagline_colortds_text_logo_tagline_colortd_module_7_title_excerpttd_module_7_title_excerpttd_module_7_title_excerpttd_module_7_title_excerptHome\",\"item\":\"https:\\\/\\\/www.ilnotiziario.net\\\/wp\\\/\"},{\"@type\":\"ListItem\",\"position\":2,\"name\":\"A Bollate si faranno tamponi e screening nelle scuole per un rientro \u201cin sicurezza\u201d\"}]},{\"@type\":\"WebSite\",\"@id\":\"https:\\\/\\\/www.ilnotiziario.net\\\/wp\\\/#website\",\"url\":\"https:\\\/\\\/www.ilnotiziario.net\\\/wp\\\/\",\"name\":\"Il Notiziario\",\"description\":\"Per restare sempre connessi alla notizia\",\"publisher\":{\"@id\":\"https:\\\/\\\/www.ilnotiziario.net\\\/wp\\\/#organization\"},\"alternateName\":\"Il Notiziario Bollate\",\"potentialAction\":[{\"@type\":\"SearchAction\",\"target\":{\"@type\":\"EntryPoint\",\"urlTemplate\":\"https:\\\/\\\/www.ilnotiziario.net\\\/wp\\\/?s={search_term_string}\"},\"query-input\":{\"@type\":\"PropertyValueSpecification\",\"valueRequired\":true,\"valueName\":\"search_term_string\"}}],\"inLanguage\":\"it-IT\"},{\"@type\":\"Organization\",\"@id\":\"https:\\\/\\\/www.ilnotiziario.net\\\/wp\\\/#organization\",\"name\":\"Il Notiziario\",\"url\":\"https:\\\/\\\/www.ilnotiziario.net\\\/wp\\\/\",\"logo\":{\"@type\":\"ImageObject\",\"inLanguage\":\"it-IT\",\"@id\":\"https:\\\/\\\/www.ilnotiziario.net\\\/wp\\\/#\\\/schema\\\/logo\\\/image\\\/\",\"url\":\"https:\\\/\\\/www.ilnotiziario.net\\\/wp\\\/wp-content\\\/uploads\\\/2022\\\/06\\\/170x170ilN.png\",\"contentUrl\":\"https:\\\/\\\/www.ilnotiziario.net\\\/wp\\\/wp-content\\\/uploads\\\/2022\\\/06\\\/170x170ilN.png\",\"width\":355,\"height\":355,\"caption\":\"Il Notiziario\"},\"image\":{\"@id\":\"https:\\\/\\\/www.ilnotiziario.net\\\/wp\\\/#\\\/schema\\\/logo\\\/image\\\/\"},\"sameAs\":[\"https:\\\/\\\/www.facebook.com\\\/ilnotiziarioind\\\/\",\"https:\\\/\\\/x.com\\\/ilNotiziarioInd\",\"https:\\\/\\\/www.instagram.com\\\/ilnotiziario_settimanale\\\/\"]},{\"@type\":\"Person\",\"@id\":\"https:\\\/\\\/www.ilnotiziario.net\\\/wp\\\/#\\\/schema\\\/person\\\/386e222908f898bb41c033989482bbf2\",\"name\":\"Gabriele Bassani\",\"image\":{\"@type\":\"ImageObject\",\"inLanguage\":\"it-IT\",\"@id\":\"https:\\\/\\\/secure.gravatar.com\\\/avatar\\\/09274f4a84fa97698bde56f84b3afed61c8492d48b0550db9671b68c177479cb?s=96&d=mm&r=g\",\"url\":\"https:\\\/\\\/secure.gravatar.com\\\/avatar\\\/09274f4a84fa97698bde56f84b3afed61c8492d48b0550db9671b68c177479cb?s=96&d=mm&r=g\",\"contentUrl\":\"https:\\\/\\\/secure.gravatar.com\\\/avatar\\\/09274f4a84fa97698bde56f84b3afed61c8492d48b0550db9671b68c177479cb?s=96&d=mm&r=g\",\"caption\":\"Gabriele Bassani\"},\"sameAs\":[\"http:\\\/\\\/www.ilnotiziario.net\"]}]}<\/script>\n<!-- \/ Yoast SEO plugin. -->","yoast_head_json":{"title":"A Bollate si faranno tamponi e screening nelle scuole per un rientro \u201cin sicurezza\u201d - Il Notiziario","description":"Sar\u00e0 un ritorno a scuola in sicurezza, non appena le norme lo consentiranno, quello in arrivo per le scuole di Bollate. Tutto ci\u00f2 grazie al doppio test,","robots":{"index":"index","follow":"follow","max-snippet":"max-snippet:-1","max-image-preview":"max-image-preview:large","max-video-preview":"max-video-preview:-1"},"canonical":"https:\/\/www.ilnotiziario.net\/wp\/bollatese\/bollate-tamponi-scuole-rientro-sicurezza\/","og_locale":"it_IT","og_type":"article","og_title":"A Bollate si faranno tamponi e screening nelle scuole per un rientro \u201cin sicurezza\u201d - Il Notiziario","og_description":"Sar\u00e0 un ritorno a scuola in sicurezza, non appena le norme lo consentiranno, quello in arrivo per le scuole di Bollate. Tutto ci\u00f2 grazie al doppio test,","og_url":"https:\/\/www.ilnotiziario.net\/wp\/bollatese\/bollate-tamponi-scuole-rientro-sicurezza\/","og_site_name":"Il Notiziario","article_publisher":"https:\/\/www.facebook.com\/ilnotiziarioind\/","article_published_time":"2021-03-29T17:19:46+00:00","og_image":[{"width":640,"height":480,"url":"https:\/\/www.ilnotiziario.net\/wp\/wp-content\/uploads\/2020\/11\/rientro-a-scuola.jpg","type":"image\/jpeg"}],"author":"Gabriele Bassani","twitter_card":"summary_large_image","twitter_creator":"@ilNotiziarioInd","twitter_site":"@ilNotiziarioInd","twitter_misc":{"Scritto da":"Gabriele Bassani","Tempo di lettura stimato":"4 minuti"},"schema":{"@context":"https:\/\/schema.org","@graph":[{"@type":"Article","@id":"https:\/\/www.ilnotiziario.net\/wp\/bollatese\/bollate-tamponi-scuole-rientro-sicurezza\/#article","isPartOf":{"@id":"https:\/\/www.ilnotiziario.net\/wp\/bollatese\/bollate-tamponi-scuole-rientro-sicurezza\/"},"author":{"name":"Gabriele Bassani","@id":"https:\/\/www.ilnotiziario.net\/wp\/#\/schema\/person\/386e222908f898bb41c033989482bbf2"},"headline":"A Bollate si faranno tamponi e screening nelle scuole per un rientro \u201cin sicurezza\u201d","datePublished":"2021-03-29T17:19:46+00:00","mainEntityOfPage":{"@id":"https:\/\/www.ilnotiziario.net\/wp\/bollatese\/bollate-tamponi-scuole-rientro-sicurezza\/"},"wordCount":698,"publisher":{"@id":"https:\/\/www.ilnotiziario.net\/wp\/#organization"},"image":{"@id":"https:\/\/www.ilnotiziario.net\/wp\/bollatese\/bollate-tamponi-scuole-rientro-sicurezza\/#primaryimage"},"thumbnailUrl":"https:\/\/www.ilnotiziario.net\/wp\/wp-content\/uploads\/2020\/11\/rientro-a-scuola.jpg","keywords":["Bollate","covid","scuola","tamponi"],"articleSection":["BOLLATESE","Prima Pagina"],"inLanguage":"it-IT"},{"@type":"WebPage","@id":"https:\/\/www.ilnotiziario.net\/wp\/bollatese\/bollate-tamponi-scuole-rientro-sicurezza\/","url":"https:\/\/www.ilnotiziario.net\/wp\/bollatese\/bollate-tamponi-scuole-rientro-sicurezza\/","name":"A Bollate si faranno tamponi e screening nelle scuole per un rientro \u201cin sicurezza\u201d - Il Notiziario","isPartOf":{"@id":"https:\/\/www.ilnotiziario.net\/wp\/#website"},"primaryImageOfPage":{"@id":"https:\/\/www.ilnotiziario.net\/wp\/bollatese\/bollate-tamponi-scuole-rientro-sicurezza\/#primaryimage"},"image":{"@id":"https:\/\/www.ilnotiziario.net\/wp\/bollatese\/bollate-tamponi-scuole-rientro-sicurezza\/#primaryimage"},"thumbnailUrl":"https:\/\/www.ilnotiziario.net\/wp\/wp-content\/uploads\/2020\/11\/rientro-a-scuola.jpg","datePublished":"2021-03-29T17:19:46+00:00","description":"Sar\u00e0 un ritorno a scuola in sicurezza, non appena le norme lo consentiranno, quello in arrivo per le scuole di Bollate. Tutto ci\u00f2 grazie al doppio test,","breadcrumb":{"@id":"https:\/\/www.ilnotiziario.net\/wp\/bollatese\/bollate-tamponi-scuole-rientro-sicurezza\/#breadcrumb"},"inLanguage":"it-IT","potentialAction":[{"@type":"ReadAction","target":["https:\/\/www.ilnotiziario.net\/wp\/bollatese\/bollate-tamponi-scuole-rientro-sicurezza\/"]}]},{"@type":"ImageObject","inLanguage":"it-IT","@id":"https:\/\/www.ilnotiziario.net\/wp\/bollatese\/bollate-tamponi-scuole-rientro-sicurezza\/#primaryimage","url":"https:\/\/www.ilnotiziario.net\/wp\/wp-content\/uploads\/2020\/11\/rientro-a-scuola.jpg","contentUrl":"https:\/\/www.ilnotiziario.net\/wp\/wp-content\/uploads\/2020\/11\/rientro-a-scuola.jpg","width":640,"height":480,"caption":"rientro a scuola"},{"@type":"BreadcrumbList","@id":"https:\/\/www.ilnotiziario.net\/wp\/bollatese\/bollate-tamponi-scuole-rientro-sicurezza\/#breadcrumb","itemListElement":[{"@type":"ListItem","position":1,"name":"tds_text_logo_tagline_colortds_text_logo_tagline_colortds_text_logo_tagline_colortds_text_logo_tagline_colortd_module_7_title_excerpttd_module_7_title_excerpttd_module_7_title_excerpttd_module_7_title_excerptHome","item":"https:\/\/www.ilnotiziario.net\/wp\/"},{"@type":"ListItem","position":2,"name":"A Bollate si faranno tamponi e screening nelle scuole per un rientro \u201cin sicurezza\u201d"}]},{"@type":"WebSite","@id":"https:\/\/www.ilnotiziario.net\/wp\/#website","url":"https:\/\/www.ilnotiziario.net\/wp\/","name":"Il Notiziario","description":"Per restare sempre connessi alla notizia","publisher":{"@id":"https:\/\/www.ilnotiziario.net\/wp\/#organization"},"alternateName":"Il Notiziario Bollate","potentialAction":[{"@type":"SearchAction","target":{"@type":"EntryPoint","urlTemplate":"https:\/\/www.ilnotiziario.net\/wp\/?s={search_term_string}"},"query-input":{"@type":"PropertyValueSpecification","valueRequired":true,"valueName":"search_term_string"}}],"inLanguage":"it-IT"},{"@type":"Organization","@id":"https:\/\/www.ilnotiziario.net\/wp\/#organization","name":"Il Notiziario","url":"https:\/\/www.ilnotiziario.net\/wp\/","logo":{"@type":"ImageObject","inLanguage":"it-IT","@id":"https:\/\/www.ilnotiziario.net\/wp\/#\/schema\/logo\/image\/","url":"https:\/\/www.ilnotiziario.net\/wp\/wp-content\/uploads\/2022\/06\/170x170ilN.png","contentUrl":"https:\/\/www.ilnotiziario.net\/wp\/wp-content\/uploads\/2022\/06\/170x170ilN.png","width":355,"height":355,"caption":"Il Notiziario"},"image":{"@id":"https:\/\/www.ilnotiziario.net\/wp\/#\/schema\/logo\/image\/"},"sameAs":["https:\/\/www.facebook.com\/ilnotiziarioind\/","https:\/\/x.com\/ilNotiziarioInd","https:\/\/www.instagram.com\/ilnotiziario_settimanale\/"]},{"@type":"Person","@id":"https:\/\/www.ilnotiziario.net\/wp\/#\/schema\/person\/386e222908f898bb41c033989482bbf2","name":"Gabriele Bassani","image":{"@type":"ImageObject","inLanguage":"it-IT","@id":"https:\/\/secure.gravatar.com\/avatar\/09274f4a84fa97698bde56f84b3afed61c8492d48b0550db9671b68c177479cb?s=96&d=mm&r=g","url":"https:\/\/secure.gravatar.com\/avatar\/09274f4a84fa97698bde56f84b3afed61c8492d48b0550db9671b68c177479cb?s=96&d=mm&r=g","contentUrl":"https:\/\/secure.gravatar.com\/avatar\/09274f4a84fa97698bde56f84b3afed61c8492d48b0550db9671b68c177479cb?s=96&d=mm&r=g","caption":"Gabriele Bassani"},"sameAs":["http:\/\/www.ilnotiziario.net"]}]}},"_links":{"self":[{"href":"https:\/\/www.ilnotiziario.net\/wp\/wp-json\/wp\/v2\/posts\/149909","targetHints":{"allow":["GET"]}}],"collection":[{"href":"https:\/\/www.ilnotiziario.net\/wp\/wp-json\/wp\/v2\/posts"}],"about":[{"href":"https:\/\/www.ilnotiziario.net\/wp\/wp-json\/wp\/v2\/types\/post"}],"author":[{"embeddable":true,"href":"https:\/\/www.ilnotiziario.net\/wp\/wp-json\/wp\/v2\/users\/3"}],"replies":[{"embeddable":true,"href":"https:\/\/www.ilnotiziario.net\/wp\/wp-json\/wp\/v2\/comments?post=149909"}],"version-history":[{"count":0,"href":"https:\/\/www.ilnotiziario.net\/wp\/wp-json\/wp\/v2\/posts\/149909\/revisions"}],"wp:featuredmedia":[{"embeddable":true,"href":"https:\/\/www.ilnotiziario.net\/wp\/wp-json\/wp\/v2\/media\/144869"}],"wp:attachment":[{"href":"https:\/\/www.ilnotiziario.net\/wp\/wp-json\/wp\/v2\/media?parent=149909"}],"wp:term":[{"taxonomy":"category","embeddable":true,"href":"https:\/\/www.ilnotiziario.net\/wp\/wp-json\/wp\/v2\/categories?post=149909"},{"taxonomy":"post_tag","embeddable":true,"href":"https:\/\/www.ilnotiziario.net\/wp\/wp-json\/wp\/v2\/tags?post=149909"}],"curies":[{"name":"wp","href":"https:\/\/api.w.org\/{rel}","templated":true}]}}