{"id":150061,"date":"2021-04-02T12:47:35","date_gmt":"2021-04-02T10:47:35","guid":{"rendered":"https:\/\/www.ilnotiziario.net\/wp\/?p=150061"},"modified":"2021-04-02T12:53:25","modified_gmt":"2021-04-02T10:53:25","slug":"saronno-softball-le-ragazze-tornano-in-campo-col-sogno-olimpiadi-e-il-ricordo-di-enrico-obletter-i-video","status":"publish","type":"post","link":"https:\/\/www.ilnotiziario.net\/wp\/prima-pagina\/saronno-softball-le-ragazze-tornano-in-campo-col-sogno-olimpiadi-e-il-ricordo-di-enrico-obletter-i-video\/","title":{"rendered":"Saronno Softball, le ragazze tornano in campo, col sogno Olimpiadi e il ricordo di Enrico Obletter I VIDEO"},"content":{"rendered":"<figure id=\"attachment_150062\" aria-describedby=\"caption-attachment-150062\" style=\"width: 300px\" class=\"wp-caption alignnone\"><img fetchpriority=\"high\" decoding=\"async\" class=\"wp-image-150062 size-medium\" src=\"https:\/\/www.ilnotiziario.net\/wp\/wp-content\/uploads\/2021\/04\/ritiro-300x225.jpeg\" alt=\"\" width=\"300\" height=\"225\" srcset=\"https:\/\/www.ilnotiziario.net\/wp\/wp-content\/uploads\/2021\/04\/ritiro-300x225.jpeg 300w, https:\/\/www.ilnotiziario.net\/wp\/wp-content\/uploads\/2021\/04\/ritiro-768x576.jpeg 768w, https:\/\/www.ilnotiziario.net\/wp\/wp-content\/uploads\/2021\/04\/ritiro-696x522.jpeg 696w, https:\/\/www.ilnotiziario.net\/wp\/wp-content\/uploads\/2021\/04\/ritiro-80x60.jpeg 80w, https:\/\/www.ilnotiziario.net\/wp\/wp-content\/uploads\/2021\/04\/ritiro-160x120.jpeg 160w, https:\/\/www.ilnotiziario.net\/wp\/wp-content\/uploads\/2021\/04\/ritiro-265x198.jpeg 265w, https:\/\/www.ilnotiziario.net\/wp\/wp-content\/uploads\/2021\/04\/ritiro.jpeg 1024w\" sizes=\"(max-width: 300px) 100vw, 300px\" \/><figcaption id=\"caption-attachment-150062\" class=\"wp-caption-text\">Le giocatrici dell&#8217;Inox Team Saronno con la manager Giovanna Palermi durante il ritiro con la nazionale a Ronchi dei Legionari<\/figcaption><\/figure>\n<p>Il diamante del softball torna a risplendere. Ieri si \u00e8 tenuto il primo allenamento stagionale per le ragazze dell\u2019<strong>Inox Team Saronno<\/strong>.\u00a0Dal campionato in A1 in partenza il prossimo 22 maggio agli europei di giugno fino alla \u201ccoppa delle coppe\u201d in programma a <strong>Saronno dal 16 al 21 agosto<\/strong> sono tanti gli appuntamenti segnati sul calendario del team nerazzurro. In mezzo, il sogno delle <strong>olimpiadi di Tokyo <\/strong>a luglio. In attesa delle convocazioni ufficiali, ben otto giocatrici saronnesi hanno partecipato la settimana scorsa al raduno della nazionale a Ronchi dei Legionari, nel Friuli Venezia Giulia. Tra loro <strong>Alice Nicolini<\/strong>, lanciatrice. &#8220;Durante la settimana si sono visti miglioramenti da parte di tutti. Nel mio ruolo di lanciatore \u00e8 aumentata la velocit\u00e0 e anche i dolori fisici per fortuna non ci sono stati rispetto ai vecchi tempi&#8221;.<\/p><div id=\"ilnot-2373896625\" class=\"ilnot-contenuto ilnot-entity-placement\"><p><!-- incontent_1 --><\/p>\n<div class=\"gptslot\" data-adunitid=\"1\"><\/div>\n<\/div>\n<p>\u201cLa squadra l\u2019anno scorso ha ben figurato nella regular season e nel play off, quest\u2019anno sono arrivati tre nuovi innesti che daranno un nuovo apporto. &#8211; dice il presidente di Saronno Softball <strong>Massimo Rotondo <\/strong>&#8211; &#8220;L&#8217;affiatamento di gruppo non si crea immediatamente perch\u00e9 \u00e8 un mix di sacrificio, divertimento, amicizia e professionalit\u00e0. Se riusciremo a trovare tutte queste pozioni da unire insieme sono sicuro troveremo la giusta alchimia per poter fare bene in questa stagione&#8221;.<\/p>\n<p>Alla rosa si sono unite la prima base <strong>Priscilla Brandi<\/strong>, l\u2019esterna italo-americana <strong>Brittany Abacherli<\/strong> e la lanciatrice statunitense <strong>Kelly Barnhill<\/strong>. \u201cSono molto contenta di essere qui. &#8211; commenta Kelly Barnhill &#8211;\u00a0 Oggi era il primo allenamento della squadra, \u00e8 stato bello vedere il team riunito, le compagne mi hanno accolta, mi sono divertita!\u201d. Brittany Abacherli condivide le sue sensazioni quando mette piede sul diamante: \u201cA volte puoi sentirti nervosa, puoi provare le farfalle nello stomaco o sentirti felice ma in realt\u00e0 una volta che sei in campo pensi solo a giocare con le tue compagne di squadra. Il softball riesce a trasmettere emozioni davvero forti\u201d.<\/p><div id=\"ilnot-1940455299\" class=\"ilnot-contenuto_2 ilnot-entity-placement\"><div class=\"ads-wrapper\">\n<div class=\"ad-slot\">\n   <div id=\"ilnot-2419724118\" style=\"margin-right: auto;margin-left: auto;text-align: center;width: 320px;height: 100px;\"><a href=\"https:\/\/www.scuolasicurezza.it\/\"><img decoding=\"async\" src=\"https:\/\/www.ilnotiziario.net\/wp\/wp-content\/uploads\/2026\/04\/IlNotiziario_banner-sito-e-newsletter-320-x-100-px-1.gif\" alt=\"\"><\/a><\/div>\n  <\/div>\n<div class=\"ad-slot\">\n   <div id=\"ilnot-1332366016\" style=\"margin-right: auto;margin-left: auto;text-align: center;width: 320px;height: 100px;\"><a href=\"https:\/\/purodesignarredamenti.com\/\"><img decoding=\"async\" src=\"https:\/\/www.ilnotiziario.net\/wp\/wp-content\/uploads\/2026\/04\/banner-puro-ok.gif\" alt=\"whatsapp\"><\/a><\/div><\/p><\/div>\n<\/div>\n<\/div>\n<p>Dall\u2019Avana a Saronno, esordio come coach dello staff tecnico anche per il campione <strong>Pedro Gonzalez.<\/strong> Cubano, classe 1970 da giocatore ha vinto quattro campionati nazionali e da allenatore due edizioni dei giochi del centro America. Il softball \u00e8 la sua vita. &#8220;Da quando ho iniziato a 16 anni &#8211; racconta &#8211; il softball \u00e8 stata la mia vita, alle ragazze voglio trasmettere tutte le tecniche conosciute in questi anni. Dalla difesa alla battuta cercher\u00f2 di migliorarle fino a farle diventare atlete professioniste&#8221;.<\/p>\n<p>E loro ripartono. Ancora pi\u00f9 forti e determinate di prima. Se lo ripetono come un mantra le giocatrici nerazzurre tra un lancio e l\u2019altro. Rialzare la mazza nonostante il Covid che si \u00e8 portato via <strong>Enrico Obletter,<\/strong> l\u2019ex ct della nazionale di softball, marito dell\u2019allenatrice del Saronno <strong>Giovanna Palermi<\/strong>, scomparso a 62 anni lo scorso 21 febbraio. \u00a0Il ricordo del &#8220;gigante buono&#8221; del capitano della squadra <strong>Giulia Longhi<\/strong>. &#8220;La sua perdita \u00e8 stata devastante, lo \u00e8 tuttora. Non \u00e8 stato facile per\u00f2 noi siamo tornate e lo abbiamo fatto per lui perch\u00e9 lui avrebbe voluto cos\u00ec. Avrebbe voluto che noi continuassimo nel nostro cammino con la nazionale verso Tokyo e che portassimo a casa questa medaglia. Stiamo lavorando veramente duro per ottenerla, se ce la faremo, la dedicheremo a lui, esclusivamente a lui&#8221;.<\/p>\n<p><iframe title=\"Saronno, le ragazze del softball in ritiro con Nazionale per le Olimpiadi\" width=\"765\" height=\"430\" src=\"https:\/\/www.youtube.com\/embed\/74-wrWvnMQQ?feature=oembed\" frameborder=\"0\" allow=\"accelerometer; autoplay; clipboard-write; encrypted-media; gyroscope; picture-in-picture; web-share\" allowfullscreen><\/iframe><\/p>\n<p><strong>Claudio Agrelli<\/strong><\/p><div id=\"ilnot-1044189977\" class=\"ilnot-contenuto_2-2 ilnot-entity-placement\"><div class=\"gptslot\" data-adunitid=\"2\"><\/div>\n<\/div>\n","protected":false},"excerpt":{"rendered":"<p>Il diamante del softball torna a risplendere. Ieri si \u00e8 tenuto il primo allenamento stagionale per le ragazze dell\u2019Inox Team Saronno.\u00a0Dal campionato in A1 in partenza il prossimo 22 maggio agli europei di giugno fino alla \u201ccoppa delle coppe\u201d in programma a Saronno dal 16 al 21 agosto sono tanti gli appuntamenti segnati sul calendario<\/p>\n","protected":false},"author":3,"featured_media":150062,"comment_status":"closed","ping_status":"closed","sticky":false,"template":"","format":"standard","meta":{"footnotes":""},"categories":[20,13,14,15,21],"tags":[950,7244,8531,8532,1384,56,8530,607,111],"class_list":{"0":"post-150061","1":"post","2":"type-post","3":"status-publish","4":"format-standard","5":"has-post-thumbnail","7":"category-prima-pagina","8":"category-saronnese","9":"category-saronno","10":"category-sport","11":"category-video","12":"tag-baseball","13":"tag-covid","14":"tag-enrico-obletter","15":"tag-fibs","16":"tag-olimpiadi","17":"tag-saronno-2","18":"tag-saronno-softball","19":"tag-softball","20":"tag-sport-2"},"yoast_head":"<!-- This site is optimized with the Yoast SEO plugin v27.5 - https:\/\/yoast.com\/product\/yoast-seo-wordpress\/ -->\n<title>Saronno Softball, le ragazze tornano in campo, col sogno Olimpiadi e il ricordo di Enrico Obletter I VIDEO - Il Notiziario<\/title>\n<meta name=\"description\" content=\"Il diamante del softball torna a risplendere. Ieri si \u00e8 tenuto il primo allenamento stagionale per le ragazze dell\u2019Inox Team Saronno.\u00a0Dal campionato in A1\" \/>\n<meta name=\"robots\" content=\"index, follow, max-snippet:-1, max-image-preview:large, max-video-preview:-1\" \/>\n<link rel=\"canonical\" href=\"https:\/\/www.ilnotiziario.net\/wp\/prima-pagina\/saronno-softball-le-ragazze-tornano-in-campo-col-sogno-olimpiadi-e-il-ricordo-di-enrico-obletter-i-video\/\" \/>\n<meta property=\"og:locale\" content=\"it_IT\" \/>\n<meta property=\"og:type\" content=\"article\" \/>\n<meta property=\"og:title\" content=\"Saronno Softball, le ragazze tornano in campo, col sogno Olimpiadi e il ricordo di Enrico Obletter I VIDEO - Il Notiziario\" \/>\n<meta property=\"og:description\" content=\"Il diamante del softball torna a risplendere. Ieri si \u00e8 tenuto il primo allenamento stagionale per le ragazze dell\u2019Inox Team Saronno.\u00a0Dal campionato in A1\" \/>\n<meta property=\"og:url\" content=\"https:\/\/www.ilnotiziario.net\/wp\/prima-pagina\/saronno-softball-le-ragazze-tornano-in-campo-col-sogno-olimpiadi-e-il-ricordo-di-enrico-obletter-i-video\/\" \/>\n<meta property=\"og:site_name\" content=\"Il Notiziario\" \/>\n<meta property=\"article:publisher\" content=\"https:\/\/www.facebook.com\/ilnotiziarioind\/\" \/>\n<meta property=\"article:published_time\" content=\"2021-04-02T10:47:35+00:00\" \/>\n<meta property=\"article:modified_time\" content=\"2021-04-02T10:53:25+00:00\" \/>\n<meta property=\"og:image\" content=\"https:\/\/www.ilnotiziario.net\/wp\/wp-content\/uploads\/2021\/04\/ritiro.jpeg\" \/>\n\t<meta property=\"og:image:width\" content=\"1024\" \/>\n\t<meta property=\"og:image:height\" content=\"768\" \/>\n\t<meta property=\"og:image:type\" content=\"image\/jpeg\" \/>\n<meta name=\"author\" content=\"Gabriele Bassani\" \/>\n<meta name=\"twitter:card\" content=\"summary_large_image\" \/>\n<meta name=\"twitter:creator\" content=\"@ilNotiziarioInd\" \/>\n<meta name=\"twitter:site\" content=\"@ilNotiziarioInd\" \/>\n<meta name=\"twitter:label1\" content=\"Scritto da\" \/>\n\t<meta name=\"twitter:data1\" content=\"Gabriele Bassani\" \/>\n\t<meta name=\"twitter:label2\" content=\"Tempo di lettura stimato\" \/>\n\t<meta name=\"twitter:data2\" content=\"3 minuti\" \/>\n<script type=\"application\/ld+json\" class=\"yoast-schema-graph\">{\"@context\":\"https:\\\/\\\/schema.org\",\"@graph\":[{\"@type\":\"Article\",\"@id\":\"https:\\\/\\\/www.ilnotiziario.net\\\/wp\\\/prima-pagina\\\/saronno-softball-le-ragazze-tornano-in-campo-col-sogno-olimpiadi-e-il-ricordo-di-enrico-obletter-i-video\\\/#article\",\"isPartOf\":{\"@id\":\"https:\\\/\\\/www.ilnotiziario.net\\\/wp\\\/prima-pagina\\\/saronno-softball-le-ragazze-tornano-in-campo-col-sogno-olimpiadi-e-il-ricordo-di-enrico-obletter-i-video\\\/\"},\"author\":{\"name\":\"Gabriele Bassani\",\"@id\":\"https:\\\/\\\/www.ilnotiziario.net\\\/wp\\\/#\\\/schema\\\/person\\\/386e222908f898bb41c033989482bbf2\"},\"headline\":\"Saronno Softball, le ragazze tornano in campo, col sogno Olimpiadi e il ricordo di Enrico Obletter I VIDEO\",\"datePublished\":\"2021-04-02T10:47:35+00:00\",\"dateModified\":\"2021-04-02T10:53:25+00:00\",\"mainEntityOfPage\":{\"@id\":\"https:\\\/\\\/www.ilnotiziario.net\\\/wp\\\/prima-pagina\\\/saronno-softball-le-ragazze-tornano-in-campo-col-sogno-olimpiadi-e-il-ricordo-di-enrico-obletter-i-video\\\/\"},\"wordCount\":576,\"publisher\":{\"@id\":\"https:\\\/\\\/www.ilnotiziario.net\\\/wp\\\/#organization\"},\"image\":{\"@id\":\"https:\\\/\\\/www.ilnotiziario.net\\\/wp\\\/prima-pagina\\\/saronno-softball-le-ragazze-tornano-in-campo-col-sogno-olimpiadi-e-il-ricordo-di-enrico-obletter-i-video\\\/#primaryimage\"},\"thumbnailUrl\":\"https:\\\/\\\/www.ilnotiziario.net\\\/wp\\\/wp-content\\\/uploads\\\/2021\\\/04\\\/ritiro.jpeg\",\"keywords\":[\"baseball\",\"covid\",\"Enrico Obletter\",\"fibs\",\"Olimpiadi\",\"Saronno\",\"Saronno Softball\",\"softball\",\"Sport\"],\"articleSection\":[\"Prima Pagina\",\"SARONNESE\",\"SARONNO\",\"SPORT\",\"Video\"],\"inLanguage\":\"it-IT\"},{\"@type\":\"WebPage\",\"@id\":\"https:\\\/\\\/www.ilnotiziario.net\\\/wp\\\/prima-pagina\\\/saronno-softball-le-ragazze-tornano-in-campo-col-sogno-olimpiadi-e-il-ricordo-di-enrico-obletter-i-video\\\/\",\"url\":\"https:\\\/\\\/www.ilnotiziario.net\\\/wp\\\/prima-pagina\\\/saronno-softball-le-ragazze-tornano-in-campo-col-sogno-olimpiadi-e-il-ricordo-di-enrico-obletter-i-video\\\/\",\"name\":\"Saronno Softball, le ragazze tornano in campo, col sogno Olimpiadi e il ricordo di Enrico Obletter I VIDEO - Il Notiziario\",\"isPartOf\":{\"@id\":\"https:\\\/\\\/www.ilnotiziario.net\\\/wp\\\/#website\"},\"primaryImageOfPage\":{\"@id\":\"https:\\\/\\\/www.ilnotiziario.net\\\/wp\\\/prima-pagina\\\/saronno-softball-le-ragazze-tornano-in-campo-col-sogno-olimpiadi-e-il-ricordo-di-enrico-obletter-i-video\\\/#primaryimage\"},\"image\":{\"@id\":\"https:\\\/\\\/www.ilnotiziario.net\\\/wp\\\/prima-pagina\\\/saronno-softball-le-ragazze-tornano-in-campo-col-sogno-olimpiadi-e-il-ricordo-di-enrico-obletter-i-video\\\/#primaryimage\"},\"thumbnailUrl\":\"https:\\\/\\\/www.ilnotiziario.net\\\/wp\\\/wp-content\\\/uploads\\\/2021\\\/04\\\/ritiro.jpeg\",\"datePublished\":\"2021-04-02T10:47:35+00:00\",\"dateModified\":\"2021-04-02T10:53:25+00:00\",\"description\":\"Il diamante del softball torna a risplendere. Ieri si \u00e8 tenuto il primo allenamento stagionale per le ragazze dell\u2019Inox Team Saronno.\u00a0Dal campionato in A1\",\"breadcrumb\":{\"@id\":\"https:\\\/\\\/www.ilnotiziario.net\\\/wp\\\/prima-pagina\\\/saronno-softball-le-ragazze-tornano-in-campo-col-sogno-olimpiadi-e-il-ricordo-di-enrico-obletter-i-video\\\/#breadcrumb\"},\"inLanguage\":\"it-IT\",\"potentialAction\":[{\"@type\":\"ReadAction\",\"target\":[\"https:\\\/\\\/www.ilnotiziario.net\\\/wp\\\/prima-pagina\\\/saronno-softball-le-ragazze-tornano-in-campo-col-sogno-olimpiadi-e-il-ricordo-di-enrico-obletter-i-video\\\/\"]}]},{\"@type\":\"ImageObject\",\"inLanguage\":\"it-IT\",\"@id\":\"https:\\\/\\\/www.ilnotiziario.net\\\/wp\\\/prima-pagina\\\/saronno-softball-le-ragazze-tornano-in-campo-col-sogno-olimpiadi-e-il-ricordo-di-enrico-obletter-i-video\\\/#primaryimage\",\"url\":\"https:\\\/\\\/www.ilnotiziario.net\\\/wp\\\/wp-content\\\/uploads\\\/2021\\\/04\\\/ritiro.jpeg\",\"contentUrl\":\"https:\\\/\\\/www.ilnotiziario.net\\\/wp\\\/wp-content\\\/uploads\\\/2021\\\/04\\\/ritiro.jpeg\",\"width\":1024,\"height\":768},{\"@type\":\"BreadcrumbList\",\"@id\":\"https:\\\/\\\/www.ilnotiziario.net\\\/wp\\\/prima-pagina\\\/saronno-softball-le-ragazze-tornano-in-campo-col-sogno-olimpiadi-e-il-ricordo-di-enrico-obletter-i-video\\\/#breadcrumb\",\"itemListElement\":[{\"@type\":\"ListItem\",\"position\":1,\"name\":\"tds_text_logo_tagline_colortds_text_logo_tagline_colortds_text_logo_tagline_colortds_text_logo_tagline_colortd_module_7_title_excerpttd_module_7_title_excerpttd_module_7_title_excerpttd_module_7_title_excerptHome\",\"item\":\"https:\\\/\\\/www.ilnotiziario.net\\\/wp\\\/\"},{\"@type\":\"ListItem\",\"position\":2,\"name\":\"Saronno Softball, le ragazze tornano in campo, col sogno Olimpiadi e il ricordo di Enrico Obletter I VIDEO\"}]},{\"@type\":\"WebSite\",\"@id\":\"https:\\\/\\\/www.ilnotiziario.net\\\/wp\\\/#website\",\"url\":\"https:\\\/\\\/www.ilnotiziario.net\\\/wp\\\/\",\"name\":\"Il Notiziario\",\"description\":\"Per restare sempre connessi alla notizia\",\"publisher\":{\"@id\":\"https:\\\/\\\/www.ilnotiziario.net\\\/wp\\\/#organization\"},\"alternateName\":\"Il Notiziario Bollate\",\"potentialAction\":[{\"@type\":\"SearchAction\",\"target\":{\"@type\":\"EntryPoint\",\"urlTemplate\":\"https:\\\/\\\/www.ilnotiziario.net\\\/wp\\\/?s={search_term_string}\"},\"query-input\":{\"@type\":\"PropertyValueSpecification\",\"valueRequired\":true,\"valueName\":\"search_term_string\"}}],\"inLanguage\":\"it-IT\"},{\"@type\":\"Organization\",\"@id\":\"https:\\\/\\\/www.ilnotiziario.net\\\/wp\\\/#organization\",\"name\":\"Il Notiziario\",\"url\":\"https:\\\/\\\/www.ilnotiziario.net\\\/wp\\\/\",\"logo\":{\"@type\":\"ImageObject\",\"inLanguage\":\"it-IT\",\"@id\":\"https:\\\/\\\/www.ilnotiziario.net\\\/wp\\\/#\\\/schema\\\/logo\\\/image\\\/\",\"url\":\"https:\\\/\\\/www.ilnotiziario.net\\\/wp\\\/wp-content\\\/uploads\\\/2022\\\/06\\\/170x170ilN.png\",\"contentUrl\":\"https:\\\/\\\/www.ilnotiziario.net\\\/wp\\\/wp-content\\\/uploads\\\/2022\\\/06\\\/170x170ilN.png\",\"width\":355,\"height\":355,\"caption\":\"Il Notiziario\"},\"image\":{\"@id\":\"https:\\\/\\\/www.ilnotiziario.net\\\/wp\\\/#\\\/schema\\\/logo\\\/image\\\/\"},\"sameAs\":[\"https:\\\/\\\/www.facebook.com\\\/ilnotiziarioind\\\/\",\"https:\\\/\\\/x.com\\\/ilNotiziarioInd\",\"https:\\\/\\\/www.instagram.com\\\/ilnotiziario_settimanale\\\/\"]},{\"@type\":\"Person\",\"@id\":\"https:\\\/\\\/www.ilnotiziario.net\\\/wp\\\/#\\\/schema\\\/person\\\/386e222908f898bb41c033989482bbf2\",\"name\":\"Gabriele Bassani\",\"image\":{\"@type\":\"ImageObject\",\"inLanguage\":\"it-IT\",\"@id\":\"https:\\\/\\\/secure.gravatar.com\\\/avatar\\\/09274f4a84fa97698bde56f84b3afed61c8492d48b0550db9671b68c177479cb?s=96&d=mm&r=g\",\"url\":\"https:\\\/\\\/secure.gravatar.com\\\/avatar\\\/09274f4a84fa97698bde56f84b3afed61c8492d48b0550db9671b68c177479cb?s=96&d=mm&r=g\",\"contentUrl\":\"https:\\\/\\\/secure.gravatar.com\\\/avatar\\\/09274f4a84fa97698bde56f84b3afed61c8492d48b0550db9671b68c177479cb?s=96&d=mm&r=g\",\"caption\":\"Gabriele Bassani\"},\"sameAs\":[\"http:\\\/\\\/www.ilnotiziario.net\"]}]}<\/script>\n<!-- \/ Yoast SEO plugin. -->","yoast_head_json":{"title":"Saronno Softball, le ragazze tornano in campo, col sogno Olimpiadi e il ricordo di Enrico Obletter I VIDEO - Il Notiziario","description":"Il diamante del softball torna a risplendere. Ieri si \u00e8 tenuto il primo allenamento stagionale per le ragazze dell\u2019Inox Team Saronno.\u00a0Dal campionato in A1","robots":{"index":"index","follow":"follow","max-snippet":"max-snippet:-1","max-image-preview":"max-image-preview:large","max-video-preview":"max-video-preview:-1"},"canonical":"https:\/\/www.ilnotiziario.net\/wp\/prima-pagina\/saronno-softball-le-ragazze-tornano-in-campo-col-sogno-olimpiadi-e-il-ricordo-di-enrico-obletter-i-video\/","og_locale":"it_IT","og_type":"article","og_title":"Saronno Softball, le ragazze tornano in campo, col sogno Olimpiadi e il ricordo di Enrico Obletter I VIDEO - Il Notiziario","og_description":"Il diamante del softball torna a risplendere. Ieri si \u00e8 tenuto il primo allenamento stagionale per le ragazze dell\u2019Inox Team Saronno.\u00a0Dal campionato in A1","og_url":"https:\/\/www.ilnotiziario.net\/wp\/prima-pagina\/saronno-softball-le-ragazze-tornano-in-campo-col-sogno-olimpiadi-e-il-ricordo-di-enrico-obletter-i-video\/","og_site_name":"Il Notiziario","article_publisher":"https:\/\/www.facebook.com\/ilnotiziarioind\/","article_published_time":"2021-04-02T10:47:35+00:00","article_modified_time":"2021-04-02T10:53:25+00:00","og_image":[{"width":1024,"height":768,"url":"https:\/\/www.ilnotiziario.net\/wp\/wp-content\/uploads\/2021\/04\/ritiro.jpeg","type":"image\/jpeg"}],"author":"Gabriele Bassani","twitter_card":"summary_large_image","twitter_creator":"@ilNotiziarioInd","twitter_site":"@ilNotiziarioInd","twitter_misc":{"Scritto da":"Gabriele Bassani","Tempo di lettura stimato":"3 minuti"},"schema":{"@context":"https:\/\/schema.org","@graph":[{"@type":"Article","@id":"https:\/\/www.ilnotiziario.net\/wp\/prima-pagina\/saronno-softball-le-ragazze-tornano-in-campo-col-sogno-olimpiadi-e-il-ricordo-di-enrico-obletter-i-video\/#article","isPartOf":{"@id":"https:\/\/www.ilnotiziario.net\/wp\/prima-pagina\/saronno-softball-le-ragazze-tornano-in-campo-col-sogno-olimpiadi-e-il-ricordo-di-enrico-obletter-i-video\/"},"author":{"name":"Gabriele Bassani","@id":"https:\/\/www.ilnotiziario.net\/wp\/#\/schema\/person\/386e222908f898bb41c033989482bbf2"},"headline":"Saronno Softball, le ragazze tornano in campo, col sogno Olimpiadi e il ricordo di Enrico Obletter I VIDEO","datePublished":"2021-04-02T10:47:35+00:00","dateModified":"2021-04-02T10:53:25+00:00","mainEntityOfPage":{"@id":"https:\/\/www.ilnotiziario.net\/wp\/prima-pagina\/saronno-softball-le-ragazze-tornano-in-campo-col-sogno-olimpiadi-e-il-ricordo-di-enrico-obletter-i-video\/"},"wordCount":576,"publisher":{"@id":"https:\/\/www.ilnotiziario.net\/wp\/#organization"},"image":{"@id":"https:\/\/www.ilnotiziario.net\/wp\/prima-pagina\/saronno-softball-le-ragazze-tornano-in-campo-col-sogno-olimpiadi-e-il-ricordo-di-enrico-obletter-i-video\/#primaryimage"},"thumbnailUrl":"https:\/\/www.ilnotiziario.net\/wp\/wp-content\/uploads\/2021\/04\/ritiro.jpeg","keywords":["baseball","covid","Enrico Obletter","fibs","Olimpiadi","Saronno","Saronno Softball","softball","Sport"],"articleSection":["Prima Pagina","SARONNESE","SARONNO","SPORT","Video"],"inLanguage":"it-IT"},{"@type":"WebPage","@id":"https:\/\/www.ilnotiziario.net\/wp\/prima-pagina\/saronno-softball-le-ragazze-tornano-in-campo-col-sogno-olimpiadi-e-il-ricordo-di-enrico-obletter-i-video\/","url":"https:\/\/www.ilnotiziario.net\/wp\/prima-pagina\/saronno-softball-le-ragazze-tornano-in-campo-col-sogno-olimpiadi-e-il-ricordo-di-enrico-obletter-i-video\/","name":"Saronno Softball, le ragazze tornano in campo, col sogno Olimpiadi e il ricordo di Enrico Obletter I VIDEO - Il Notiziario","isPartOf":{"@id":"https:\/\/www.ilnotiziario.net\/wp\/#website"},"primaryImageOfPage":{"@id":"https:\/\/www.ilnotiziario.net\/wp\/prima-pagina\/saronno-softball-le-ragazze-tornano-in-campo-col-sogno-olimpiadi-e-il-ricordo-di-enrico-obletter-i-video\/#primaryimage"},"image":{"@id":"https:\/\/www.ilnotiziario.net\/wp\/prima-pagina\/saronno-softball-le-ragazze-tornano-in-campo-col-sogno-olimpiadi-e-il-ricordo-di-enrico-obletter-i-video\/#primaryimage"},"thumbnailUrl":"https:\/\/www.ilnotiziario.net\/wp\/wp-content\/uploads\/2021\/04\/ritiro.jpeg","datePublished":"2021-04-02T10:47:35+00:00","dateModified":"2021-04-02T10:53:25+00:00","description":"Il diamante del softball torna a risplendere. Ieri si \u00e8 tenuto il primo allenamento stagionale per le ragazze dell\u2019Inox Team Saronno.\u00a0Dal campionato in A1","breadcrumb":{"@id":"https:\/\/www.ilnotiziario.net\/wp\/prima-pagina\/saronno-softball-le-ragazze-tornano-in-campo-col-sogno-olimpiadi-e-il-ricordo-di-enrico-obletter-i-video\/#breadcrumb"},"inLanguage":"it-IT","potentialAction":[{"@type":"ReadAction","target":["https:\/\/www.ilnotiziario.net\/wp\/prima-pagina\/saronno-softball-le-ragazze-tornano-in-campo-col-sogno-olimpiadi-e-il-ricordo-di-enrico-obletter-i-video\/"]}]},{"@type":"ImageObject","inLanguage":"it-IT","@id":"https:\/\/www.ilnotiziario.net\/wp\/prima-pagina\/saronno-softball-le-ragazze-tornano-in-campo-col-sogno-olimpiadi-e-il-ricordo-di-enrico-obletter-i-video\/#primaryimage","url":"https:\/\/www.ilnotiziario.net\/wp\/wp-content\/uploads\/2021\/04\/ritiro.jpeg","contentUrl":"https:\/\/www.ilnotiziario.net\/wp\/wp-content\/uploads\/2021\/04\/ritiro.jpeg","width":1024,"height":768},{"@type":"BreadcrumbList","@id":"https:\/\/www.ilnotiziario.net\/wp\/prima-pagina\/saronno-softball-le-ragazze-tornano-in-campo-col-sogno-olimpiadi-e-il-ricordo-di-enrico-obletter-i-video\/#breadcrumb","itemListElement":[{"@type":"ListItem","position":1,"name":"tds_text_logo_tagline_colortds_text_logo_tagline_colortds_text_logo_tagline_colortds_text_logo_tagline_colortd_module_7_title_excerpttd_module_7_title_excerpttd_module_7_title_excerpttd_module_7_title_excerptHome","item":"https:\/\/www.ilnotiziario.net\/wp\/"},{"@type":"ListItem","position":2,"name":"Saronno Softball, le ragazze tornano in campo, col sogno Olimpiadi e il ricordo di Enrico Obletter I VIDEO"}]},{"@type":"WebSite","@id":"https:\/\/www.ilnotiziario.net\/wp\/#website","url":"https:\/\/www.ilnotiziario.net\/wp\/","name":"Il Notiziario","description":"Per restare sempre connessi alla notizia","publisher":{"@id":"https:\/\/www.ilnotiziario.net\/wp\/#organization"},"alternateName":"Il Notiziario Bollate","potentialAction":[{"@type":"SearchAction","target":{"@type":"EntryPoint","urlTemplate":"https:\/\/www.ilnotiziario.net\/wp\/?s={search_term_string}"},"query-input":{"@type":"PropertyValueSpecification","valueRequired":true,"valueName":"search_term_string"}}],"inLanguage":"it-IT"},{"@type":"Organization","@id":"https:\/\/www.ilnotiziario.net\/wp\/#organization","name":"Il Notiziario","url":"https:\/\/www.ilnotiziario.net\/wp\/","logo":{"@type":"ImageObject","inLanguage":"it-IT","@id":"https:\/\/www.ilnotiziario.net\/wp\/#\/schema\/logo\/image\/","url":"https:\/\/www.ilnotiziario.net\/wp\/wp-content\/uploads\/2022\/06\/170x170ilN.png","contentUrl":"https:\/\/www.ilnotiziario.net\/wp\/wp-content\/uploads\/2022\/06\/170x170ilN.png","width":355,"height":355,"caption":"Il Notiziario"},"image":{"@id":"https:\/\/www.ilnotiziario.net\/wp\/#\/schema\/logo\/image\/"},"sameAs":["https:\/\/www.facebook.com\/ilnotiziarioind\/","https:\/\/x.com\/ilNotiziarioInd","https:\/\/www.instagram.com\/ilnotiziario_settimanale\/"]},{"@type":"Person","@id":"https:\/\/www.ilnotiziario.net\/wp\/#\/schema\/person\/386e222908f898bb41c033989482bbf2","name":"Gabriele Bassani","image":{"@type":"ImageObject","inLanguage":"it-IT","@id":"https:\/\/secure.gravatar.com\/avatar\/09274f4a84fa97698bde56f84b3afed61c8492d48b0550db9671b68c177479cb?s=96&d=mm&r=g","url":"https:\/\/secure.gravatar.com\/avatar\/09274f4a84fa97698bde56f84b3afed61c8492d48b0550db9671b68c177479cb?s=96&d=mm&r=g","contentUrl":"https:\/\/secure.gravatar.com\/avatar\/09274f4a84fa97698bde56f84b3afed61c8492d48b0550db9671b68c177479cb?s=96&d=mm&r=g","caption":"Gabriele Bassani"},"sameAs":["http:\/\/www.ilnotiziario.net"]}]}},"_links":{"self":[{"href":"https:\/\/www.ilnotiziario.net\/wp\/wp-json\/wp\/v2\/posts\/150061","targetHints":{"allow":["GET"]}}],"collection":[{"href":"https:\/\/www.ilnotiziario.net\/wp\/wp-json\/wp\/v2\/posts"}],"about":[{"href":"https:\/\/www.ilnotiziario.net\/wp\/wp-json\/wp\/v2\/types\/post"}],"author":[{"embeddable":true,"href":"https:\/\/www.ilnotiziario.net\/wp\/wp-json\/wp\/v2\/users\/3"}],"replies":[{"embeddable":true,"href":"https:\/\/www.ilnotiziario.net\/wp\/wp-json\/wp\/v2\/comments?post=150061"}],"version-history":[{"count":0,"href":"https:\/\/www.ilnotiziario.net\/wp\/wp-json\/wp\/v2\/posts\/150061\/revisions"}],"wp:featuredmedia":[{"embeddable":true,"href":"https:\/\/www.ilnotiziario.net\/wp\/wp-json\/wp\/v2\/media\/150062"}],"wp:attachment":[{"href":"https:\/\/www.ilnotiziario.net\/wp\/wp-json\/wp\/v2\/media?parent=150061"}],"wp:term":[{"taxonomy":"category","embeddable":true,"href":"https:\/\/www.ilnotiziario.net\/wp\/wp-json\/wp\/v2\/categories?post=150061"},{"taxonomy":"post_tag","embeddable":true,"href":"https:\/\/www.ilnotiziario.net\/wp\/wp-json\/wp\/v2\/tags?post=150061"}],"curies":[{"name":"wp","href":"https:\/\/api.w.org\/{rel}","templated":true}]}}