{"id":150133,"date":"2021-04-05T11:35:46","date_gmt":"2021-04-05T09:35:46","guid":{"rendered":"https:\/\/www.ilnotiziario.net\/wp\/?p=150133"},"modified":"2021-04-05T16:21:35","modified_gmt":"2021-04-05T14:21:35","slug":"saronno-pranzo-solidale-pasqua-arcivescovo-cucinato-studenti-prealpi","status":"publish","type":"post","link":"https:\/\/www.ilnotiziario.net\/wp\/prima-pagina\/saronno-pranzo-solidale-pasqua-arcivescovo-cucinato-studenti-prealpi\/","title":{"rendered":"Saronno, pranzo solidale di Pasqua con l&#8217;Arcivescovo cucinato dagli studenti del Prealpi"},"content":{"rendered":"<p><img fetchpriority=\"high\" decoding=\"async\" class=\"alignnone wp-image-150134 size-medium\" src=\"https:\/\/www.ilnotiziario.net\/wp\/wp-content\/uploads\/2021\/04\/168479272_4024495874267802_5632143250845460405_n-e1617615262805-300x235.jpg\" alt=\"\" width=\"300\" height=\"235\" srcset=\"https:\/\/www.ilnotiziario.net\/wp\/wp-content\/uploads\/2021\/04\/168479272_4024495874267802_5632143250845460405_n-e1617615262805-300x235.jpg 300w, https:\/\/www.ilnotiziario.net\/wp\/wp-content\/uploads\/2021\/04\/168479272_4024495874267802_5632143250845460405_n-e1617615262805-1024x802.jpg 1024w, https:\/\/www.ilnotiziario.net\/wp\/wp-content\/uploads\/2021\/04\/168479272_4024495874267802_5632143250845460405_n-e1617615262805-768x602.jpg 768w, https:\/\/www.ilnotiziario.net\/wp\/wp-content\/uploads\/2021\/04\/168479272_4024495874267802_5632143250845460405_n-e1617615262805-696x545.jpg 696w, https:\/\/www.ilnotiziario.net\/wp\/wp-content\/uploads\/2021\/04\/168479272_4024495874267802_5632143250845460405_n-e1617615262805-1068x837.jpg 1068w, https:\/\/www.ilnotiziario.net\/wp\/wp-content\/uploads\/2021\/04\/168479272_4024495874267802_5632143250845460405_n-e1617615262805.jpg 1200w\" sizes=\"(max-width: 300px) 100vw, 300px\" \/><\/p>\n<p><em>Et voil\u00e0<\/em> il pranzo \u00e8 servito. Al tavolo i bisognosi che dalla mattina si sono messi in fila &#8211; distanziati &#8211; attendendo pazientemente il proprio turno per entrare. Ai fornelli i ragazzi dell&#8217;<strong>Istituto alberghiero Prealpi di Saronno<\/strong> che ieri hanno cucinato il pranzo di Pasqua per i circa 150 poveri ospiti dell&#8217;<strong>Opera &#8220;Cardinal Ferrari&#8221; <\/strong>di Milano. Per il secondo anno consecutivo, causa restrizioni anti-Covid-19, il pranzo pasquale si \u00e8 tenuto in forma ridotta della met\u00e0 ma lo spirito di accoglienza &#8211; dicono i volontari &#8211; \u00e8 rimasto lo stesso di sempre: &#8220;Ora pi\u00f9 che mai il vaccino \u00e8 un diritto per tutti &#8211; ha detto il Presidente, <strong>Pasquale Seddio &#8211; <\/strong>riteniamo fondamentale garantire questo diritto a tutte le cittadine e cittadini, soprattutto a quelli che non hanno voce.\u201d<\/p><div id=\"ilnot-3386327739\" class=\"ilnot-contenuto ilnot-entity-placement\"><p><!-- incontent_1 --><\/p>\n<div class=\"gptslot\" data-adunitid=\"1\"><\/div>\n<\/div>\n<p>Tra i commensali anche l&#8217;<strong>Arcivescovo di Milano<\/strong>, <strong>Mario Delpini<\/strong> che ha raggiunto la struttura di Via Boeri al termine della messa pontificale celebrata in Duomo. &#8220;Che possa essere questo un principio di novit\u00e0, di conforto, di incoraggiamento &#8211; le parole di mons. Delpini durante l&#8217;omelia &#8211; Sentiamo che nel posto pi\u00f9 bello del mondo anche noi siamo chiamati ad essere le persone pi\u00f9 disponibili ad accogliere&#8221;.<\/p>\n<p>L&#8217;Arcivescovo \u00e8 arrivato intorno alle 12.30 augurando Buona Pasqua a tutti gli ospiti e i volontari della struttura. Il men\u00f9 messo a punto dagli aspiranti chef dell&#8217;istituto alberghiero saronnese prevedeva come antipasto <em>voulevant<\/em> alla crema di formaggio e frutta di capperi, bruschetta ai pomodorini e al pat\u00e9 d\u2019oliva, fiori di zucca in pastella; primo piatto con risotto allo champagne floreale seguito da un secondo con trancio di pesce spada alla griglia con tagliatelle di verdure e salsa di limone. Per dessert la tradizionale colomba pasquale con crema di vaniglia. &#8220;Ci siamo impegnati al meglio per cercare di dare un pranzo che comunque fosse degno di questa giornata&#8221;, racconta una giovane cuoca.<\/p><div id=\"ilnot-3313705820\" class=\"ilnot-contenuto_2 ilnot-entity-placement\"><div class=\"ads-wrapper\">\n<div class=\"ad-slot\">\n   <div id=\"ilnot-1124457225\" style=\"margin-right: auto;margin-left: auto;text-align: center;width: 320px;height: 100px;\"><a href=\"https:\/\/www.scuolasicurezza.it\/\"><img decoding=\"async\" src=\"https:\/\/www.ilnotiziario.net\/wp\/wp-content\/uploads\/2026\/04\/IlNotiziario_banner-sito-e-newsletter-320-x-100-px-1.gif\" alt=\"\"><\/a><\/div>\n  <\/div>\n<div class=\"ad-slot\">\n   <div id=\"ilnot-1601177944\" style=\"margin-right: auto;margin-left: auto;text-align: center;width: 320px;height: 100px;\"><a href=\"https:\/\/purodesignarredamenti.com\/\"><img decoding=\"async\" src=\"https:\/\/www.ilnotiziario.net\/wp\/wp-content\/uploads\/2026\/04\/banner-puro-ok.gif\" alt=\"whatsapp\"><\/a><\/div><\/p><\/div>\n<\/div>\n<\/div>\n<p>Gli ospiti hanno gustato le prelibatezze preparate dai ragazzi, alleviando, per qualche ora, il peso del disagio economico quotidiano: &#8220;Ogni giorno mi devo arrangiare &#8211; racconta un ospite &#8211; a mezzogiorno mi porta a mangiare il Comune, alla sera mi arrangio in qualche maniera con del caffelatte o con qualcosa risparmiato dal pranzo&#8221;. La lunga via all&#8217;ingresso della Onlus segnala come sempre pi\u00f9 persone patiscono gli effetti della crisi aggravata nell&#8217;ultimo anno dalla pandemia: secondo le stime preliminari dell&#8217;Istat nel 2020 \u00e8 aumentata la <strong>povert\u00e0 assoluta<\/strong> sia per le famiglie italiane la cui incidenza \u00e8 passata dal 4,9% al 6,0%, sia per le famiglie con stranieri con un balzo dal 22,0% al 25,7%, gli stessi livelli del 2018.<\/p>\n<p><strong>Claudio Agrelli<\/strong><\/p>\n","protected":false},"excerpt":{"rendered":"<p>Et voil\u00e0 il pranzo \u00e8 servito. Al tavolo i bisognosi che dalla mattina si sono messi in fila &#8211; distanziati &#8211; attendendo pazientemente il proprio turno per entrare. Ai fornelli i ragazzi dell&#8217;Istituto alberghiero Prealpi di Saronno che ieri hanno cucinato il pranzo di Pasqua per i circa 150 poveri ospiti dell&#8217;Opera &#8220;Cardinal Ferrari&#8221; di<\/p>\n","protected":false},"author":3,"featured_media":150134,"comment_status":"closed","ping_status":"closed","sticky":false,"template":"","format":"standard","meta":{"footnotes":""},"categories":[20,13,14],"tags":[8541,7244,4113,38,8539,3022,8540,8538,56],"class_list":{"0":"post-150133","1":"post","2":"type-post","3":"status-publish","4":"format-standard","5":"has-post-thumbnail","7":"category-prima-pagina","8":"category-saronnese","9":"category-saronno","10":"tag-alberghiero","11":"tag-covid","12":"tag-mario-delpini","13":"tag-milano","14":"tag-opera-cardinal-ferrari","15":"tag-pasqua","16":"tag-pasquale-seddio","17":"tag-prealpi","18":"tag-saronno-2"},"yoast_head":"<!-- This site is optimized with the Yoast SEO plugin v27.4 - https:\/\/yoast.com\/product\/yoast-seo-wordpress\/ -->\n<title>Saronno, pranzo solidale di Pasqua con l&#039;Arcivescovo cucinato dagli studenti del Prealpi - Il Notiziario<\/title>\n<meta name=\"description\" content=\"Et voil\u00e0 il pranzo \u00e8 servito. Al tavolo i bisognosi che dalla mattina si sono messi in fila - distanziati - attendendo pazientemente il proprio turno per\" \/>\n<meta name=\"robots\" content=\"index, follow, max-snippet:-1, max-image-preview:large, max-video-preview:-1\" \/>\n<link rel=\"canonical\" href=\"https:\/\/www.ilnotiziario.net\/wp\/prima-pagina\/saronno-pranzo-solidale-pasqua-arcivescovo-cucinato-studenti-prealpi\/\" \/>\n<meta property=\"og:locale\" content=\"it_IT\" \/>\n<meta property=\"og:type\" content=\"article\" \/>\n<meta property=\"og:title\" content=\"Saronno, pranzo solidale di Pasqua con l&#039;Arcivescovo cucinato dagli studenti del Prealpi - Il Notiziario\" \/>\n<meta property=\"og:description\" content=\"Et voil\u00e0 il pranzo \u00e8 servito. Al tavolo i bisognosi che dalla mattina si sono messi in fila - distanziati - attendendo pazientemente il proprio turno per\" \/>\n<meta property=\"og:url\" content=\"https:\/\/www.ilnotiziario.net\/wp\/prima-pagina\/saronno-pranzo-solidale-pasqua-arcivescovo-cucinato-studenti-prealpi\/\" \/>\n<meta property=\"og:site_name\" content=\"Il Notiziario\" \/>\n<meta property=\"article:publisher\" content=\"https:\/\/www.facebook.com\/ilnotiziarioind\/\" \/>\n<meta property=\"article:published_time\" content=\"2021-04-05T09:35:46+00:00\" \/>\n<meta property=\"article:modified_time\" content=\"2021-04-05T14:21:35+00:00\" \/>\n<meta property=\"og:image\" content=\"https:\/\/www.ilnotiziario.net\/wp\/wp-content\/uploads\/2021\/04\/168479272_4024495874267802_5632143250845460405_n-e1617615262805.jpg\" \/>\n\t<meta property=\"og:image:width\" content=\"1200\" \/>\n\t<meta property=\"og:image:height\" content=\"940\" \/>\n\t<meta property=\"og:image:type\" content=\"image\/jpeg\" \/>\n<meta name=\"author\" content=\"Gabriele Bassani\" \/>\n<meta name=\"twitter:card\" content=\"summary_large_image\" \/>\n<meta name=\"twitter:creator\" content=\"@ilNotiziarioInd\" \/>\n<meta name=\"twitter:site\" content=\"@ilNotiziarioInd\" \/>\n<meta name=\"twitter:label1\" content=\"Scritto da\" \/>\n\t<meta name=\"twitter:data1\" content=\"Gabriele Bassani\" \/>\n\t<meta name=\"twitter:label2\" content=\"Tempo di lettura stimato\" \/>\n\t<meta name=\"twitter:data2\" content=\"3 minuti\" \/>\n<script type=\"application\/ld+json\" class=\"yoast-schema-graph\">{\"@context\":\"https:\\\/\\\/schema.org\",\"@graph\":[{\"@type\":\"Article\",\"@id\":\"https:\\\/\\\/www.ilnotiziario.net\\\/wp\\\/prima-pagina\\\/saronno-pranzo-solidale-pasqua-arcivescovo-cucinato-studenti-prealpi\\\/#article\",\"isPartOf\":{\"@id\":\"https:\\\/\\\/www.ilnotiziario.net\\\/wp\\\/prima-pagina\\\/saronno-pranzo-solidale-pasqua-arcivescovo-cucinato-studenti-prealpi\\\/\"},\"author\":{\"name\":\"Gabriele Bassani\",\"@id\":\"https:\\\/\\\/www.ilnotiziario.net\\\/wp\\\/#\\\/schema\\\/person\\\/386e222908f898bb41c033989482bbf2\"},\"headline\":\"Saronno, pranzo solidale di Pasqua con l&#8217;Arcivescovo cucinato dagli studenti del Prealpi\",\"datePublished\":\"2021-04-05T09:35:46+00:00\",\"dateModified\":\"2021-04-05T14:21:35+00:00\",\"mainEntityOfPage\":{\"@id\":\"https:\\\/\\\/www.ilnotiziario.net\\\/wp\\\/prima-pagina\\\/saronno-pranzo-solidale-pasqua-arcivescovo-cucinato-studenti-prealpi\\\/\"},\"wordCount\":433,\"publisher\":{\"@id\":\"https:\\\/\\\/www.ilnotiziario.net\\\/wp\\\/#organization\"},\"image\":{\"@id\":\"https:\\\/\\\/www.ilnotiziario.net\\\/wp\\\/prima-pagina\\\/saronno-pranzo-solidale-pasqua-arcivescovo-cucinato-studenti-prealpi\\\/#primaryimage\"},\"thumbnailUrl\":\"https:\\\/\\\/www.ilnotiziario.net\\\/wp\\\/wp-content\\\/uploads\\\/2021\\\/04\\\/168479272_4024495874267802_5632143250845460405_n-e1617615262805.jpg\",\"keywords\":[\"alberghiero\",\"covid\",\"Mario Delpini\",\"Milano\",\"Opera Cardinal Ferrari\",\"Pasqua\",\"Pasquale Seddio\",\"Prealpi\",\"Saronno\"],\"articleSection\":[\"Prima Pagina\",\"SARONNESE\",\"SARONNO\"],\"inLanguage\":\"it-IT\"},{\"@type\":\"WebPage\",\"@id\":\"https:\\\/\\\/www.ilnotiziario.net\\\/wp\\\/prima-pagina\\\/saronno-pranzo-solidale-pasqua-arcivescovo-cucinato-studenti-prealpi\\\/\",\"url\":\"https:\\\/\\\/www.ilnotiziario.net\\\/wp\\\/prima-pagina\\\/saronno-pranzo-solidale-pasqua-arcivescovo-cucinato-studenti-prealpi\\\/\",\"name\":\"Saronno, pranzo solidale di Pasqua con l'Arcivescovo cucinato dagli studenti del Prealpi - Il Notiziario\",\"isPartOf\":{\"@id\":\"https:\\\/\\\/www.ilnotiziario.net\\\/wp\\\/#website\"},\"primaryImageOfPage\":{\"@id\":\"https:\\\/\\\/www.ilnotiziario.net\\\/wp\\\/prima-pagina\\\/saronno-pranzo-solidale-pasqua-arcivescovo-cucinato-studenti-prealpi\\\/#primaryimage\"},\"image\":{\"@id\":\"https:\\\/\\\/www.ilnotiziario.net\\\/wp\\\/prima-pagina\\\/saronno-pranzo-solidale-pasqua-arcivescovo-cucinato-studenti-prealpi\\\/#primaryimage\"},\"thumbnailUrl\":\"https:\\\/\\\/www.ilnotiziario.net\\\/wp\\\/wp-content\\\/uploads\\\/2021\\\/04\\\/168479272_4024495874267802_5632143250845460405_n-e1617615262805.jpg\",\"datePublished\":\"2021-04-05T09:35:46+00:00\",\"dateModified\":\"2021-04-05T14:21:35+00:00\",\"description\":\"Et voil\u00e0 il pranzo \u00e8 servito. Al tavolo i bisognosi che dalla mattina si sono messi in fila - distanziati - attendendo pazientemente il proprio turno per\",\"breadcrumb\":{\"@id\":\"https:\\\/\\\/www.ilnotiziario.net\\\/wp\\\/prima-pagina\\\/saronno-pranzo-solidale-pasqua-arcivescovo-cucinato-studenti-prealpi\\\/#breadcrumb\"},\"inLanguage\":\"it-IT\",\"potentialAction\":[{\"@type\":\"ReadAction\",\"target\":[\"https:\\\/\\\/www.ilnotiziario.net\\\/wp\\\/prima-pagina\\\/saronno-pranzo-solidale-pasqua-arcivescovo-cucinato-studenti-prealpi\\\/\"]}]},{\"@type\":\"ImageObject\",\"inLanguage\":\"it-IT\",\"@id\":\"https:\\\/\\\/www.ilnotiziario.net\\\/wp\\\/prima-pagina\\\/saronno-pranzo-solidale-pasqua-arcivescovo-cucinato-studenti-prealpi\\\/#primaryimage\",\"url\":\"https:\\\/\\\/www.ilnotiziario.net\\\/wp\\\/wp-content\\\/uploads\\\/2021\\\/04\\\/168479272_4024495874267802_5632143250845460405_n-e1617615262805.jpg\",\"contentUrl\":\"https:\\\/\\\/www.ilnotiziario.net\\\/wp\\\/wp-content\\\/uploads\\\/2021\\\/04\\\/168479272_4024495874267802_5632143250845460405_n-e1617615262805.jpg\",\"width\":1200,\"height\":940,\"caption\":\"mensa poveri saronno\"},{\"@type\":\"BreadcrumbList\",\"@id\":\"https:\\\/\\\/www.ilnotiziario.net\\\/wp\\\/prima-pagina\\\/saronno-pranzo-solidale-pasqua-arcivescovo-cucinato-studenti-prealpi\\\/#breadcrumb\",\"itemListElement\":[{\"@type\":\"ListItem\",\"position\":1,\"name\":\"tds_text_logo_tagline_colortds_text_logo_tagline_colortds_text_logo_tagline_colortds_text_logo_tagline_colortd_module_7_title_excerpttd_module_7_title_excerpttd_module_7_title_excerpttd_module_7_title_excerptHome\",\"item\":\"https:\\\/\\\/www.ilnotiziario.net\\\/wp\\\/\"},{\"@type\":\"ListItem\",\"position\":2,\"name\":\"Saronno, pranzo solidale di Pasqua con l&#8217;Arcivescovo cucinato dagli studenti del Prealpi\"}]},{\"@type\":\"WebSite\",\"@id\":\"https:\\\/\\\/www.ilnotiziario.net\\\/wp\\\/#website\",\"url\":\"https:\\\/\\\/www.ilnotiziario.net\\\/wp\\\/\",\"name\":\"Il Notiziario\",\"description\":\"Per restare sempre connessi alla notizia\",\"publisher\":{\"@id\":\"https:\\\/\\\/www.ilnotiziario.net\\\/wp\\\/#organization\"},\"alternateName\":\"Il Notiziario Bollate\",\"potentialAction\":[{\"@type\":\"SearchAction\",\"target\":{\"@type\":\"EntryPoint\",\"urlTemplate\":\"https:\\\/\\\/www.ilnotiziario.net\\\/wp\\\/?s={search_term_string}\"},\"query-input\":{\"@type\":\"PropertyValueSpecification\",\"valueRequired\":true,\"valueName\":\"search_term_string\"}}],\"inLanguage\":\"it-IT\"},{\"@type\":\"Organization\",\"@id\":\"https:\\\/\\\/www.ilnotiziario.net\\\/wp\\\/#organization\",\"name\":\"Il Notiziario\",\"url\":\"https:\\\/\\\/www.ilnotiziario.net\\\/wp\\\/\",\"logo\":{\"@type\":\"ImageObject\",\"inLanguage\":\"it-IT\",\"@id\":\"https:\\\/\\\/www.ilnotiziario.net\\\/wp\\\/#\\\/schema\\\/logo\\\/image\\\/\",\"url\":\"https:\\\/\\\/www.ilnotiziario.net\\\/wp\\\/wp-content\\\/uploads\\\/2022\\\/06\\\/170x170ilN.png\",\"contentUrl\":\"https:\\\/\\\/www.ilnotiziario.net\\\/wp\\\/wp-content\\\/uploads\\\/2022\\\/06\\\/170x170ilN.png\",\"width\":355,\"height\":355,\"caption\":\"Il Notiziario\"},\"image\":{\"@id\":\"https:\\\/\\\/www.ilnotiziario.net\\\/wp\\\/#\\\/schema\\\/logo\\\/image\\\/\"},\"sameAs\":[\"https:\\\/\\\/www.facebook.com\\\/ilnotiziarioind\\\/\",\"https:\\\/\\\/x.com\\\/ilNotiziarioInd\",\"https:\\\/\\\/www.instagram.com\\\/ilnotiziario_settimanale\\\/\"]},{\"@type\":\"Person\",\"@id\":\"https:\\\/\\\/www.ilnotiziario.net\\\/wp\\\/#\\\/schema\\\/person\\\/386e222908f898bb41c033989482bbf2\",\"name\":\"Gabriele Bassani\",\"image\":{\"@type\":\"ImageObject\",\"inLanguage\":\"it-IT\",\"@id\":\"https:\\\/\\\/secure.gravatar.com\\\/avatar\\\/09274f4a84fa97698bde56f84b3afed61c8492d48b0550db9671b68c177479cb?s=96&d=mm&r=g\",\"url\":\"https:\\\/\\\/secure.gravatar.com\\\/avatar\\\/09274f4a84fa97698bde56f84b3afed61c8492d48b0550db9671b68c177479cb?s=96&d=mm&r=g\",\"contentUrl\":\"https:\\\/\\\/secure.gravatar.com\\\/avatar\\\/09274f4a84fa97698bde56f84b3afed61c8492d48b0550db9671b68c177479cb?s=96&d=mm&r=g\",\"caption\":\"Gabriele Bassani\"},\"sameAs\":[\"http:\\\/\\\/www.ilnotiziario.net\"]}]}<\/script>\n<!-- \/ Yoast SEO plugin. -->","yoast_head_json":{"title":"Saronno, pranzo solidale di Pasqua con l'Arcivescovo cucinato dagli studenti del Prealpi - Il Notiziario","description":"Et voil\u00e0 il pranzo \u00e8 servito. Al tavolo i bisognosi che dalla mattina si sono messi in fila - distanziati - attendendo pazientemente il proprio turno per","robots":{"index":"index","follow":"follow","max-snippet":"max-snippet:-1","max-image-preview":"max-image-preview:large","max-video-preview":"max-video-preview:-1"},"canonical":"https:\/\/www.ilnotiziario.net\/wp\/prima-pagina\/saronno-pranzo-solidale-pasqua-arcivescovo-cucinato-studenti-prealpi\/","og_locale":"it_IT","og_type":"article","og_title":"Saronno, pranzo solidale di Pasqua con l'Arcivescovo cucinato dagli studenti del Prealpi - Il Notiziario","og_description":"Et voil\u00e0 il pranzo \u00e8 servito. Al tavolo i bisognosi che dalla mattina si sono messi in fila - distanziati - attendendo pazientemente il proprio turno per","og_url":"https:\/\/www.ilnotiziario.net\/wp\/prima-pagina\/saronno-pranzo-solidale-pasqua-arcivescovo-cucinato-studenti-prealpi\/","og_site_name":"Il Notiziario","article_publisher":"https:\/\/www.facebook.com\/ilnotiziarioind\/","article_published_time":"2021-04-05T09:35:46+00:00","article_modified_time":"2021-04-05T14:21:35+00:00","og_image":[{"width":1200,"height":940,"url":"https:\/\/www.ilnotiziario.net\/wp\/wp-content\/uploads\/2021\/04\/168479272_4024495874267802_5632143250845460405_n-e1617615262805.jpg","type":"image\/jpeg"}],"author":"Gabriele Bassani","twitter_card":"summary_large_image","twitter_creator":"@ilNotiziarioInd","twitter_site":"@ilNotiziarioInd","twitter_misc":{"Scritto da":"Gabriele Bassani","Tempo di lettura stimato":"3 minuti"},"schema":{"@context":"https:\/\/schema.org","@graph":[{"@type":"Article","@id":"https:\/\/www.ilnotiziario.net\/wp\/prima-pagina\/saronno-pranzo-solidale-pasqua-arcivescovo-cucinato-studenti-prealpi\/#article","isPartOf":{"@id":"https:\/\/www.ilnotiziario.net\/wp\/prima-pagina\/saronno-pranzo-solidale-pasqua-arcivescovo-cucinato-studenti-prealpi\/"},"author":{"name":"Gabriele Bassani","@id":"https:\/\/www.ilnotiziario.net\/wp\/#\/schema\/person\/386e222908f898bb41c033989482bbf2"},"headline":"Saronno, pranzo solidale di Pasqua con l&#8217;Arcivescovo cucinato dagli studenti del Prealpi","datePublished":"2021-04-05T09:35:46+00:00","dateModified":"2021-04-05T14:21:35+00:00","mainEntityOfPage":{"@id":"https:\/\/www.ilnotiziario.net\/wp\/prima-pagina\/saronno-pranzo-solidale-pasqua-arcivescovo-cucinato-studenti-prealpi\/"},"wordCount":433,"publisher":{"@id":"https:\/\/www.ilnotiziario.net\/wp\/#organization"},"image":{"@id":"https:\/\/www.ilnotiziario.net\/wp\/prima-pagina\/saronno-pranzo-solidale-pasqua-arcivescovo-cucinato-studenti-prealpi\/#primaryimage"},"thumbnailUrl":"https:\/\/www.ilnotiziario.net\/wp\/wp-content\/uploads\/2021\/04\/168479272_4024495874267802_5632143250845460405_n-e1617615262805.jpg","keywords":["alberghiero","covid","Mario Delpini","Milano","Opera Cardinal Ferrari","Pasqua","Pasquale Seddio","Prealpi","Saronno"],"articleSection":["Prima Pagina","SARONNESE","SARONNO"],"inLanguage":"it-IT"},{"@type":"WebPage","@id":"https:\/\/www.ilnotiziario.net\/wp\/prima-pagina\/saronno-pranzo-solidale-pasqua-arcivescovo-cucinato-studenti-prealpi\/","url":"https:\/\/www.ilnotiziario.net\/wp\/prima-pagina\/saronno-pranzo-solidale-pasqua-arcivescovo-cucinato-studenti-prealpi\/","name":"Saronno, pranzo solidale di Pasqua con l'Arcivescovo cucinato dagli studenti del Prealpi - Il Notiziario","isPartOf":{"@id":"https:\/\/www.ilnotiziario.net\/wp\/#website"},"primaryImageOfPage":{"@id":"https:\/\/www.ilnotiziario.net\/wp\/prima-pagina\/saronno-pranzo-solidale-pasqua-arcivescovo-cucinato-studenti-prealpi\/#primaryimage"},"image":{"@id":"https:\/\/www.ilnotiziario.net\/wp\/prima-pagina\/saronno-pranzo-solidale-pasqua-arcivescovo-cucinato-studenti-prealpi\/#primaryimage"},"thumbnailUrl":"https:\/\/www.ilnotiziario.net\/wp\/wp-content\/uploads\/2021\/04\/168479272_4024495874267802_5632143250845460405_n-e1617615262805.jpg","datePublished":"2021-04-05T09:35:46+00:00","dateModified":"2021-04-05T14:21:35+00:00","description":"Et voil\u00e0 il pranzo \u00e8 servito. Al tavolo i bisognosi che dalla mattina si sono messi in fila - distanziati - attendendo pazientemente il proprio turno per","breadcrumb":{"@id":"https:\/\/www.ilnotiziario.net\/wp\/prima-pagina\/saronno-pranzo-solidale-pasqua-arcivescovo-cucinato-studenti-prealpi\/#breadcrumb"},"inLanguage":"it-IT","potentialAction":[{"@type":"ReadAction","target":["https:\/\/www.ilnotiziario.net\/wp\/prima-pagina\/saronno-pranzo-solidale-pasqua-arcivescovo-cucinato-studenti-prealpi\/"]}]},{"@type":"ImageObject","inLanguage":"it-IT","@id":"https:\/\/www.ilnotiziario.net\/wp\/prima-pagina\/saronno-pranzo-solidale-pasqua-arcivescovo-cucinato-studenti-prealpi\/#primaryimage","url":"https:\/\/www.ilnotiziario.net\/wp\/wp-content\/uploads\/2021\/04\/168479272_4024495874267802_5632143250845460405_n-e1617615262805.jpg","contentUrl":"https:\/\/www.ilnotiziario.net\/wp\/wp-content\/uploads\/2021\/04\/168479272_4024495874267802_5632143250845460405_n-e1617615262805.jpg","width":1200,"height":940,"caption":"mensa poveri saronno"},{"@type":"BreadcrumbList","@id":"https:\/\/www.ilnotiziario.net\/wp\/prima-pagina\/saronno-pranzo-solidale-pasqua-arcivescovo-cucinato-studenti-prealpi\/#breadcrumb","itemListElement":[{"@type":"ListItem","position":1,"name":"tds_text_logo_tagline_colortds_text_logo_tagline_colortds_text_logo_tagline_colortds_text_logo_tagline_colortd_module_7_title_excerpttd_module_7_title_excerpttd_module_7_title_excerpttd_module_7_title_excerptHome","item":"https:\/\/www.ilnotiziario.net\/wp\/"},{"@type":"ListItem","position":2,"name":"Saronno, pranzo solidale di Pasqua con l&#8217;Arcivescovo cucinato dagli studenti del Prealpi"}]},{"@type":"WebSite","@id":"https:\/\/www.ilnotiziario.net\/wp\/#website","url":"https:\/\/www.ilnotiziario.net\/wp\/","name":"Il Notiziario","description":"Per restare sempre connessi alla notizia","publisher":{"@id":"https:\/\/www.ilnotiziario.net\/wp\/#organization"},"alternateName":"Il Notiziario Bollate","potentialAction":[{"@type":"SearchAction","target":{"@type":"EntryPoint","urlTemplate":"https:\/\/www.ilnotiziario.net\/wp\/?s={search_term_string}"},"query-input":{"@type":"PropertyValueSpecification","valueRequired":true,"valueName":"search_term_string"}}],"inLanguage":"it-IT"},{"@type":"Organization","@id":"https:\/\/www.ilnotiziario.net\/wp\/#organization","name":"Il Notiziario","url":"https:\/\/www.ilnotiziario.net\/wp\/","logo":{"@type":"ImageObject","inLanguage":"it-IT","@id":"https:\/\/www.ilnotiziario.net\/wp\/#\/schema\/logo\/image\/","url":"https:\/\/www.ilnotiziario.net\/wp\/wp-content\/uploads\/2022\/06\/170x170ilN.png","contentUrl":"https:\/\/www.ilnotiziario.net\/wp\/wp-content\/uploads\/2022\/06\/170x170ilN.png","width":355,"height":355,"caption":"Il Notiziario"},"image":{"@id":"https:\/\/www.ilnotiziario.net\/wp\/#\/schema\/logo\/image\/"},"sameAs":["https:\/\/www.facebook.com\/ilnotiziarioind\/","https:\/\/x.com\/ilNotiziarioInd","https:\/\/www.instagram.com\/ilnotiziario_settimanale\/"]},{"@type":"Person","@id":"https:\/\/www.ilnotiziario.net\/wp\/#\/schema\/person\/386e222908f898bb41c033989482bbf2","name":"Gabriele Bassani","image":{"@type":"ImageObject","inLanguage":"it-IT","@id":"https:\/\/secure.gravatar.com\/avatar\/09274f4a84fa97698bde56f84b3afed61c8492d48b0550db9671b68c177479cb?s=96&d=mm&r=g","url":"https:\/\/secure.gravatar.com\/avatar\/09274f4a84fa97698bde56f84b3afed61c8492d48b0550db9671b68c177479cb?s=96&d=mm&r=g","contentUrl":"https:\/\/secure.gravatar.com\/avatar\/09274f4a84fa97698bde56f84b3afed61c8492d48b0550db9671b68c177479cb?s=96&d=mm&r=g","caption":"Gabriele Bassani"},"sameAs":["http:\/\/www.ilnotiziario.net"]}]}},"_links":{"self":[{"href":"https:\/\/www.ilnotiziario.net\/wp\/wp-json\/wp\/v2\/posts\/150133","targetHints":{"allow":["GET"]}}],"collection":[{"href":"https:\/\/www.ilnotiziario.net\/wp\/wp-json\/wp\/v2\/posts"}],"about":[{"href":"https:\/\/www.ilnotiziario.net\/wp\/wp-json\/wp\/v2\/types\/post"}],"author":[{"embeddable":true,"href":"https:\/\/www.ilnotiziario.net\/wp\/wp-json\/wp\/v2\/users\/3"}],"replies":[{"embeddable":true,"href":"https:\/\/www.ilnotiziario.net\/wp\/wp-json\/wp\/v2\/comments?post=150133"}],"version-history":[{"count":0,"href":"https:\/\/www.ilnotiziario.net\/wp\/wp-json\/wp\/v2\/posts\/150133\/revisions"}],"wp:featuredmedia":[{"embeddable":true,"href":"https:\/\/www.ilnotiziario.net\/wp\/wp-json\/wp\/v2\/media\/150134"}],"wp:attachment":[{"href":"https:\/\/www.ilnotiziario.net\/wp\/wp-json\/wp\/v2\/media?parent=150133"}],"wp:term":[{"taxonomy":"category","embeddable":true,"href":"https:\/\/www.ilnotiziario.net\/wp\/wp-json\/wp\/v2\/categories?post=150133"},{"taxonomy":"post_tag","embeddable":true,"href":"https:\/\/www.ilnotiziario.net\/wp\/wp-json\/wp\/v2\/tags?post=150133"}],"curies":[{"name":"wp","href":"https:\/\/api.w.org\/{rel}","templated":true}]}}