{"id":150258,"date":"2021-04-07T09:44:51","date_gmt":"2021-04-07T07:44:51","guid":{"rendered":"https:\/\/www.ilnotiziario.net\/wp\/?p=150258"},"modified":"2021-04-07T09:44:51","modified_gmt":"2021-04-07T07:44:51","slug":"polizia-locale-bollate-veicoli-prestanome","status":"publish","type":"post","link":"https:\/\/www.ilnotiziario.net\/wp\/bollatese\/polizia-locale-bollate-veicoli-prestanome\/","title":{"rendered":"La Polizia Locale di Bollate fa radiare 82 veicoli e stoppa un \u201ccommerciante\u201d prestanome"},"content":{"rendered":"<p align=\"justify\"><img fetchpriority=\"high\" decoding=\"async\" class=\"size-medium wp-image-150263 aligncenter\" src=\"https:\/\/www.ilnotiziario.net\/wp\/wp-content\/uploads\/2021\/04\/auto-radiate-300x225.jpg\" alt=\"\" width=\"300\" height=\"225\" srcset=\"https:\/\/www.ilnotiziario.net\/wp\/wp-content\/uploads\/2021\/04\/auto-radiate-300x225.jpg 300w, https:\/\/www.ilnotiziario.net\/wp\/wp-content\/uploads\/2021\/04\/auto-radiate-1024x768.jpg 1024w, https:\/\/www.ilnotiziario.net\/wp\/wp-content\/uploads\/2021\/04\/auto-radiate-768x576.jpg 768w, https:\/\/www.ilnotiziario.net\/wp\/wp-content\/uploads\/2021\/04\/auto-radiate-696x522.jpg 696w, https:\/\/www.ilnotiziario.net\/wp\/wp-content\/uploads\/2021\/04\/auto-radiate-1068x801.jpg 1068w, https:\/\/www.ilnotiziario.net\/wp\/wp-content\/uploads\/2021\/04\/auto-radiate-80x60.jpg 80w, https:\/\/www.ilnotiziario.net\/wp\/wp-content\/uploads\/2021\/04\/auto-radiate-160x120.jpg 160w, https:\/\/www.ilnotiziario.net\/wp\/wp-content\/uploads\/2021\/04\/auto-radiate-265x198.jpg 265w, https:\/\/www.ilnotiziario.net\/wp\/wp-content\/uploads\/2021\/04\/auto-radiate.jpg 1333w\" sizes=\"(max-width: 300px) 100vw, 300px\" \/><\/p>\n<p align=\"justify\">Il Comando di Polizia Locale di Bollate si \u00e8 imbattuto luned\u00ec scorso lungo la via Milano in un\u2019auto intestata a un prestanome. Quando un\u2019auto di questi \u201cnoleggiatori per delinquenti\u201d fa un incidente con la nostra auto, allora ci accorgiamo di aver fatto un incidente con l\u2019auto del \u201csignor nessuno\u201d con una probabilit\u00e0 di risarcimento pressoch\u00e8 nulla. Un fenomeno dai risvolti sociali allarmanti.<\/p><div id=\"ilnot-1695661178\" class=\"ilnot-contenuto ilnot-entity-placement\"><p><!-- incontent_1 --><\/p>\n<div class=\"gptslot\" data-adunitid=\"1\"><\/div>\n<\/div>\n<p align=\"justify\">Al pari di una delle migliori concessionarie d\u2019auto, P.M.M., un trentenne rumeno regolarmente iscritto in Camera di Commercio dal 2018, ha \u201ctrattato\u201d da allora la compravendita e l\u2019esportazione di circa <strong>400 veicoli<\/strong>; al momento del controllo, nell\u2019ultima settimana di marzo, era ancora proprietario di 67 veicoli, che sono diventati 82 subito dopo Pasqua.<\/p>\n<p align=\"justify\">Il tutto senza avere la necessit\u00e0 di un deposito ed essendo irreperibile nel comune vicentino di residenza: risiede l\u00ec ma \u00e8 irreperibile dalla fine del 2019. E, ovviamente, senza aver mai presentato una dichiarazione dei redditi pur avendo commerciato 400 autovetture.<\/p><div id=\"ilnot-585974226\" class=\"ilnot-contenuto_2 ilnot-entity-placement\"><div class=\"ads-wrapper\">\n<div class=\"ad-slot\">\n   <div id=\"ilnot-1964019722\" style=\"margin-right: auto;margin-left: auto;text-align: center;width: 320px;height: 100px;\"><a href=\"https:\/\/www.scuolasicurezza.it\/\"><img decoding=\"async\" src=\"https:\/\/www.ilnotiziario.net\/wp\/wp-content\/uploads\/2026\/04\/IlNotiziario_banner-sito-e-newsletter-320-x-100-px-1.gif\" alt=\"\"><\/a><\/div>\n  <\/div>\n<div class=\"ad-slot\">\n   <div id=\"ilnot-1224259683\" style=\"margin-right: auto;margin-left: auto;text-align: center;width: 320px;height: 100px;\"><a href=\"https:\/\/purodesignarredamenti.com\/\"><img decoding=\"async\" src=\"https:\/\/www.ilnotiziario.net\/wp\/wp-content\/uploads\/2026\/04\/banner-puro-ok.gif\" alt=\"whatsapp\"><\/a><\/div><\/p><\/div>\n<\/div>\n<\/div>\n<p align=\"justify\">Sfruttando la cosiddetta \u201clegge Dini\u201d, essendo iscritti in Camera di Commercio come \u201ccommercianti\u201d, questi soggetti si intestano veicoli senza pagare l\u2019imposta provinciale di trascrizione, sono esenti dalla tassa di propriet\u00e0 e pagano una compravendita circa 10 volte meno di un normale cittadino.<\/p>\n<p align=\"justify\">Anche in questa circostanza, di concerto con uno specifico nucleo costituito presso la Procura della Repubblica di Milano che si occupa del fenomeno, il rumeno P.M.M. \u00e8 stato circostanziatamente segnalato dalla Polizia locale e a suo carico verr\u00e0 emesso provvedimento che gli impedir\u00e0 future operazioni di compravendita. Almeno uno di questi pericolosi prestanome viene messo fuori gioco.<\/p>\n<p align=\"justify\">Parallelamente, \u00e8 stato avviato il procedimento per far radiare tutti gli 82 veicoli intestati a questo prestanome, cos\u00ec da estirpare almeno una mela marcia e rendere le nostre strade un po\u2019 pi\u00f9 sicure. Radiare al Pra un veicolo \u00e8 per\u00f2 solo una operazione amministrativa: i veicoli radiati continueranno a circolare imperterriti in ogni parte d\u2019Italia sino a che, rintracciati ad uno ad uno, non saranno sequestrati.<\/p><div id=\"ilnot-636085491\" class=\"ilnot-contenuto_2-2 ilnot-entity-placement\"><div class=\"gptslot\" data-adunitid=\"2\"><\/div>\n<\/div>\n","protected":false},"excerpt":{"rendered":"<p>Il Comando di Polizia Locale di Bollate si \u00e8 imbattuto luned\u00ec scorso lungo la via Milano in un\u2019auto intestata a un prestanome. Quando un\u2019auto di questi \u201cnoleggiatori per delinquenti\u201d fa un incidente con la nostra auto, allora ci accorgiamo di aver fatto un incidente con l\u2019auto del \u201csignor nessuno\u201d con una probabilit\u00e0 di risarcimento pressoch\u00e8<\/p>\n","protected":false},"author":3,"featured_media":150263,"comment_status":"closed","ping_status":"closed","sticky":false,"template":"","format":"standard","meta":{"footnotes":""},"categories":[8,20],"tags":[110,49,7980],"class_list":{"0":"post-150258","1":"post","2":"type-post","3":"status-publish","4":"format-standard","5":"has-post-thumbnail","7":"category-bollatese","8":"category-prima-pagina","9":"tag-bollate","10":"tag-polizia-locale","11":"tag-prestanome"},"yoast_head":"<!-- This site is optimized with the Yoast SEO plugin v27.4 - https:\/\/yoast.com\/product\/yoast-seo-wordpress\/ -->\n<title>La Polizia Locale di Bollate fa radiare 82 veicoli e stoppa un \u201ccommerciante\u201d prestanome - Il Notiziario<\/title>\n<meta name=\"description\" content=\"Il Comando di Polizia Locale di Bollate si \u00e8 imbattuto luned\u00ec scorso lungo la via Milano in un\u2019auto intestata a un prestanome. Quando un\u2019auto di questi\" \/>\n<meta name=\"robots\" content=\"index, follow, max-snippet:-1, max-image-preview:large, max-video-preview:-1\" \/>\n<link rel=\"canonical\" href=\"https:\/\/www.ilnotiziario.net\/wp\/bollatese\/polizia-locale-bollate-veicoli-prestanome\/\" \/>\n<meta property=\"og:locale\" content=\"it_IT\" \/>\n<meta property=\"og:type\" content=\"article\" \/>\n<meta property=\"og:title\" content=\"La Polizia Locale di Bollate fa radiare 82 veicoli e stoppa un \u201ccommerciante\u201d prestanome - Il Notiziario\" \/>\n<meta property=\"og:description\" content=\"Il Comando di Polizia Locale di Bollate si \u00e8 imbattuto luned\u00ec scorso lungo la via Milano in un\u2019auto intestata a un prestanome. Quando un\u2019auto di questi\" \/>\n<meta property=\"og:url\" content=\"https:\/\/www.ilnotiziario.net\/wp\/bollatese\/polizia-locale-bollate-veicoli-prestanome\/\" \/>\n<meta property=\"og:site_name\" content=\"Il Notiziario\" \/>\n<meta property=\"article:publisher\" content=\"https:\/\/www.facebook.com\/ilnotiziarioind\/\" \/>\n<meta property=\"article:published_time\" content=\"2021-04-07T07:44:51+00:00\" \/>\n<meta property=\"og:image\" content=\"https:\/\/www.ilnotiziario.net\/wp\/wp-content\/uploads\/2021\/04\/auto-radiate.jpg\" \/>\n\t<meta property=\"og:image:width\" content=\"1333\" \/>\n\t<meta property=\"og:image:height\" content=\"1000\" \/>\n\t<meta property=\"og:image:type\" content=\"image\/jpeg\" \/>\n<meta name=\"author\" content=\"Gabriele Bassani\" \/>\n<meta name=\"twitter:card\" content=\"summary_large_image\" \/>\n<meta name=\"twitter:creator\" content=\"@ilNotiziarioInd\" \/>\n<meta name=\"twitter:site\" content=\"@ilNotiziarioInd\" \/>\n<meta name=\"twitter:label1\" content=\"Scritto da\" \/>\n\t<meta name=\"twitter:data1\" content=\"Gabriele Bassani\" \/>\n\t<meta name=\"twitter:label2\" content=\"Tempo di lettura stimato\" \/>\n\t<meta name=\"twitter:data2\" content=\"2 minuti\" \/>\n<script type=\"application\/ld+json\" class=\"yoast-schema-graph\">{\"@context\":\"https:\\\/\\\/schema.org\",\"@graph\":[{\"@type\":\"Article\",\"@id\":\"https:\\\/\\\/www.ilnotiziario.net\\\/wp\\\/bollatese\\\/polizia-locale-bollate-veicoli-prestanome\\\/#article\",\"isPartOf\":{\"@id\":\"https:\\\/\\\/www.ilnotiziario.net\\\/wp\\\/bollatese\\\/polizia-locale-bollate-veicoli-prestanome\\\/\"},\"author\":{\"name\":\"Gabriele Bassani\",\"@id\":\"https:\\\/\\\/www.ilnotiziario.net\\\/wp\\\/#\\\/schema\\\/person\\\/386e222908f898bb41c033989482bbf2\"},\"headline\":\"La Polizia Locale di Bollate fa radiare 82 veicoli e stoppa un \u201ccommerciante\u201d prestanome\",\"datePublished\":\"2021-04-07T07:44:51+00:00\",\"mainEntityOfPage\":{\"@id\":\"https:\\\/\\\/www.ilnotiziario.net\\\/wp\\\/bollatese\\\/polizia-locale-bollate-veicoli-prestanome\\\/\"},\"wordCount\":333,\"publisher\":{\"@id\":\"https:\\\/\\\/www.ilnotiziario.net\\\/wp\\\/#organization\"},\"image\":{\"@id\":\"https:\\\/\\\/www.ilnotiziario.net\\\/wp\\\/bollatese\\\/polizia-locale-bollate-veicoli-prestanome\\\/#primaryimage\"},\"thumbnailUrl\":\"https:\\\/\\\/www.ilnotiziario.net\\\/wp\\\/wp-content\\\/uploads\\\/2021\\\/04\\\/auto-radiate.jpg\",\"keywords\":[\"Bollate\",\"Polizia locale\",\"prestanome\"],\"articleSection\":[\"BOLLATESE\",\"Prima Pagina\"],\"inLanguage\":\"it-IT\"},{\"@type\":\"WebPage\",\"@id\":\"https:\\\/\\\/www.ilnotiziario.net\\\/wp\\\/bollatese\\\/polizia-locale-bollate-veicoli-prestanome\\\/\",\"url\":\"https:\\\/\\\/www.ilnotiziario.net\\\/wp\\\/bollatese\\\/polizia-locale-bollate-veicoli-prestanome\\\/\",\"name\":\"La Polizia Locale di Bollate fa radiare 82 veicoli e stoppa un \u201ccommerciante\u201d prestanome - Il Notiziario\",\"isPartOf\":{\"@id\":\"https:\\\/\\\/www.ilnotiziario.net\\\/wp\\\/#website\"},\"primaryImageOfPage\":{\"@id\":\"https:\\\/\\\/www.ilnotiziario.net\\\/wp\\\/bollatese\\\/polizia-locale-bollate-veicoli-prestanome\\\/#primaryimage\"},\"image\":{\"@id\":\"https:\\\/\\\/www.ilnotiziario.net\\\/wp\\\/bollatese\\\/polizia-locale-bollate-veicoli-prestanome\\\/#primaryimage\"},\"thumbnailUrl\":\"https:\\\/\\\/www.ilnotiziario.net\\\/wp\\\/wp-content\\\/uploads\\\/2021\\\/04\\\/auto-radiate.jpg\",\"datePublished\":\"2021-04-07T07:44:51+00:00\",\"description\":\"Il Comando di Polizia Locale di Bollate si \u00e8 imbattuto luned\u00ec scorso lungo la via Milano in un\u2019auto intestata a un prestanome. Quando un\u2019auto di questi\",\"breadcrumb\":{\"@id\":\"https:\\\/\\\/www.ilnotiziario.net\\\/wp\\\/bollatese\\\/polizia-locale-bollate-veicoli-prestanome\\\/#breadcrumb\"},\"inLanguage\":\"it-IT\",\"potentialAction\":[{\"@type\":\"ReadAction\",\"target\":[\"https:\\\/\\\/www.ilnotiziario.net\\\/wp\\\/bollatese\\\/polizia-locale-bollate-veicoli-prestanome\\\/\"]}]},{\"@type\":\"ImageObject\",\"inLanguage\":\"it-IT\",\"@id\":\"https:\\\/\\\/www.ilnotiziario.net\\\/wp\\\/bollatese\\\/polizia-locale-bollate-veicoli-prestanome\\\/#primaryimage\",\"url\":\"https:\\\/\\\/www.ilnotiziario.net\\\/wp\\\/wp-content\\\/uploads\\\/2021\\\/04\\\/auto-radiate.jpg\",\"contentUrl\":\"https:\\\/\\\/www.ilnotiziario.net\\\/wp\\\/wp-content\\\/uploads\\\/2021\\\/04\\\/auto-radiate.jpg\",\"width\":1333,\"height\":1000},{\"@type\":\"BreadcrumbList\",\"@id\":\"https:\\\/\\\/www.ilnotiziario.net\\\/wp\\\/bollatese\\\/polizia-locale-bollate-veicoli-prestanome\\\/#breadcrumb\",\"itemListElement\":[{\"@type\":\"ListItem\",\"position\":1,\"name\":\"tds_text_logo_tagline_colortds_text_logo_tagline_colortds_text_logo_tagline_colortds_text_logo_tagline_colortd_module_7_title_excerpttd_module_7_title_excerpttd_module_7_title_excerpttd_module_7_title_excerptHome\",\"item\":\"https:\\\/\\\/www.ilnotiziario.net\\\/wp\\\/\"},{\"@type\":\"ListItem\",\"position\":2,\"name\":\"La Polizia Locale di Bollate fa radiare 82 veicoli e stoppa un \u201ccommerciante\u201d prestanome\"}]},{\"@type\":\"WebSite\",\"@id\":\"https:\\\/\\\/www.ilnotiziario.net\\\/wp\\\/#website\",\"url\":\"https:\\\/\\\/www.ilnotiziario.net\\\/wp\\\/\",\"name\":\"Il Notiziario\",\"description\":\"Per restare sempre connessi alla notizia\",\"publisher\":{\"@id\":\"https:\\\/\\\/www.ilnotiziario.net\\\/wp\\\/#organization\"},\"alternateName\":\"Il Notiziario Bollate\",\"potentialAction\":[{\"@type\":\"SearchAction\",\"target\":{\"@type\":\"EntryPoint\",\"urlTemplate\":\"https:\\\/\\\/www.ilnotiziario.net\\\/wp\\\/?s={search_term_string}\"},\"query-input\":{\"@type\":\"PropertyValueSpecification\",\"valueRequired\":true,\"valueName\":\"search_term_string\"}}],\"inLanguage\":\"it-IT\"},{\"@type\":\"Organization\",\"@id\":\"https:\\\/\\\/www.ilnotiziario.net\\\/wp\\\/#organization\",\"name\":\"Il Notiziario\",\"url\":\"https:\\\/\\\/www.ilnotiziario.net\\\/wp\\\/\",\"logo\":{\"@type\":\"ImageObject\",\"inLanguage\":\"it-IT\",\"@id\":\"https:\\\/\\\/www.ilnotiziario.net\\\/wp\\\/#\\\/schema\\\/logo\\\/image\\\/\",\"url\":\"https:\\\/\\\/www.ilnotiziario.net\\\/wp\\\/wp-content\\\/uploads\\\/2022\\\/06\\\/170x170ilN.png\",\"contentUrl\":\"https:\\\/\\\/www.ilnotiziario.net\\\/wp\\\/wp-content\\\/uploads\\\/2022\\\/06\\\/170x170ilN.png\",\"width\":355,\"height\":355,\"caption\":\"Il Notiziario\"},\"image\":{\"@id\":\"https:\\\/\\\/www.ilnotiziario.net\\\/wp\\\/#\\\/schema\\\/logo\\\/image\\\/\"},\"sameAs\":[\"https:\\\/\\\/www.facebook.com\\\/ilnotiziarioind\\\/\",\"https:\\\/\\\/x.com\\\/ilNotiziarioInd\",\"https:\\\/\\\/www.instagram.com\\\/ilnotiziario_settimanale\\\/\"]},{\"@type\":\"Person\",\"@id\":\"https:\\\/\\\/www.ilnotiziario.net\\\/wp\\\/#\\\/schema\\\/person\\\/386e222908f898bb41c033989482bbf2\",\"name\":\"Gabriele Bassani\",\"image\":{\"@type\":\"ImageObject\",\"inLanguage\":\"it-IT\",\"@id\":\"https:\\\/\\\/secure.gravatar.com\\\/avatar\\\/09274f4a84fa97698bde56f84b3afed61c8492d48b0550db9671b68c177479cb?s=96&d=mm&r=g\",\"url\":\"https:\\\/\\\/secure.gravatar.com\\\/avatar\\\/09274f4a84fa97698bde56f84b3afed61c8492d48b0550db9671b68c177479cb?s=96&d=mm&r=g\",\"contentUrl\":\"https:\\\/\\\/secure.gravatar.com\\\/avatar\\\/09274f4a84fa97698bde56f84b3afed61c8492d48b0550db9671b68c177479cb?s=96&d=mm&r=g\",\"caption\":\"Gabriele Bassani\"},\"sameAs\":[\"http:\\\/\\\/www.ilnotiziario.net\"]}]}<\/script>\n<!-- \/ Yoast SEO plugin. -->","yoast_head_json":{"title":"La Polizia Locale di Bollate fa radiare 82 veicoli e stoppa un \u201ccommerciante\u201d prestanome - Il Notiziario","description":"Il Comando di Polizia Locale di Bollate si \u00e8 imbattuto luned\u00ec scorso lungo la via Milano in un\u2019auto intestata a un prestanome. Quando un\u2019auto di questi","robots":{"index":"index","follow":"follow","max-snippet":"max-snippet:-1","max-image-preview":"max-image-preview:large","max-video-preview":"max-video-preview:-1"},"canonical":"https:\/\/www.ilnotiziario.net\/wp\/bollatese\/polizia-locale-bollate-veicoli-prestanome\/","og_locale":"it_IT","og_type":"article","og_title":"La Polizia Locale di Bollate fa radiare 82 veicoli e stoppa un \u201ccommerciante\u201d prestanome - Il Notiziario","og_description":"Il Comando di Polizia Locale di Bollate si \u00e8 imbattuto luned\u00ec scorso lungo la via Milano in un\u2019auto intestata a un prestanome. Quando un\u2019auto di questi","og_url":"https:\/\/www.ilnotiziario.net\/wp\/bollatese\/polizia-locale-bollate-veicoli-prestanome\/","og_site_name":"Il Notiziario","article_publisher":"https:\/\/www.facebook.com\/ilnotiziarioind\/","article_published_time":"2021-04-07T07:44:51+00:00","og_image":[{"width":1333,"height":1000,"url":"https:\/\/www.ilnotiziario.net\/wp\/wp-content\/uploads\/2021\/04\/auto-radiate.jpg","type":"image\/jpeg"}],"author":"Gabriele Bassani","twitter_card":"summary_large_image","twitter_creator":"@ilNotiziarioInd","twitter_site":"@ilNotiziarioInd","twitter_misc":{"Scritto da":"Gabriele Bassani","Tempo di lettura stimato":"2 minuti"},"schema":{"@context":"https:\/\/schema.org","@graph":[{"@type":"Article","@id":"https:\/\/www.ilnotiziario.net\/wp\/bollatese\/polizia-locale-bollate-veicoli-prestanome\/#article","isPartOf":{"@id":"https:\/\/www.ilnotiziario.net\/wp\/bollatese\/polizia-locale-bollate-veicoli-prestanome\/"},"author":{"name":"Gabriele Bassani","@id":"https:\/\/www.ilnotiziario.net\/wp\/#\/schema\/person\/386e222908f898bb41c033989482bbf2"},"headline":"La Polizia Locale di Bollate fa radiare 82 veicoli e stoppa un \u201ccommerciante\u201d prestanome","datePublished":"2021-04-07T07:44:51+00:00","mainEntityOfPage":{"@id":"https:\/\/www.ilnotiziario.net\/wp\/bollatese\/polizia-locale-bollate-veicoli-prestanome\/"},"wordCount":333,"publisher":{"@id":"https:\/\/www.ilnotiziario.net\/wp\/#organization"},"image":{"@id":"https:\/\/www.ilnotiziario.net\/wp\/bollatese\/polizia-locale-bollate-veicoli-prestanome\/#primaryimage"},"thumbnailUrl":"https:\/\/www.ilnotiziario.net\/wp\/wp-content\/uploads\/2021\/04\/auto-radiate.jpg","keywords":["Bollate","Polizia locale","prestanome"],"articleSection":["BOLLATESE","Prima Pagina"],"inLanguage":"it-IT"},{"@type":"WebPage","@id":"https:\/\/www.ilnotiziario.net\/wp\/bollatese\/polizia-locale-bollate-veicoli-prestanome\/","url":"https:\/\/www.ilnotiziario.net\/wp\/bollatese\/polizia-locale-bollate-veicoli-prestanome\/","name":"La Polizia Locale di Bollate fa radiare 82 veicoli e stoppa un \u201ccommerciante\u201d prestanome - Il Notiziario","isPartOf":{"@id":"https:\/\/www.ilnotiziario.net\/wp\/#website"},"primaryImageOfPage":{"@id":"https:\/\/www.ilnotiziario.net\/wp\/bollatese\/polizia-locale-bollate-veicoli-prestanome\/#primaryimage"},"image":{"@id":"https:\/\/www.ilnotiziario.net\/wp\/bollatese\/polizia-locale-bollate-veicoli-prestanome\/#primaryimage"},"thumbnailUrl":"https:\/\/www.ilnotiziario.net\/wp\/wp-content\/uploads\/2021\/04\/auto-radiate.jpg","datePublished":"2021-04-07T07:44:51+00:00","description":"Il Comando di Polizia Locale di Bollate si \u00e8 imbattuto luned\u00ec scorso lungo la via Milano in un\u2019auto intestata a un prestanome. Quando un\u2019auto di questi","breadcrumb":{"@id":"https:\/\/www.ilnotiziario.net\/wp\/bollatese\/polizia-locale-bollate-veicoli-prestanome\/#breadcrumb"},"inLanguage":"it-IT","potentialAction":[{"@type":"ReadAction","target":["https:\/\/www.ilnotiziario.net\/wp\/bollatese\/polizia-locale-bollate-veicoli-prestanome\/"]}]},{"@type":"ImageObject","inLanguage":"it-IT","@id":"https:\/\/www.ilnotiziario.net\/wp\/bollatese\/polizia-locale-bollate-veicoli-prestanome\/#primaryimage","url":"https:\/\/www.ilnotiziario.net\/wp\/wp-content\/uploads\/2021\/04\/auto-radiate.jpg","contentUrl":"https:\/\/www.ilnotiziario.net\/wp\/wp-content\/uploads\/2021\/04\/auto-radiate.jpg","width":1333,"height":1000},{"@type":"BreadcrumbList","@id":"https:\/\/www.ilnotiziario.net\/wp\/bollatese\/polizia-locale-bollate-veicoli-prestanome\/#breadcrumb","itemListElement":[{"@type":"ListItem","position":1,"name":"tds_text_logo_tagline_colortds_text_logo_tagline_colortds_text_logo_tagline_colortds_text_logo_tagline_colortd_module_7_title_excerpttd_module_7_title_excerpttd_module_7_title_excerpttd_module_7_title_excerptHome","item":"https:\/\/www.ilnotiziario.net\/wp\/"},{"@type":"ListItem","position":2,"name":"La Polizia Locale di Bollate fa radiare 82 veicoli e stoppa un \u201ccommerciante\u201d prestanome"}]},{"@type":"WebSite","@id":"https:\/\/www.ilnotiziario.net\/wp\/#website","url":"https:\/\/www.ilnotiziario.net\/wp\/","name":"Il Notiziario","description":"Per restare sempre connessi alla notizia","publisher":{"@id":"https:\/\/www.ilnotiziario.net\/wp\/#organization"},"alternateName":"Il Notiziario Bollate","potentialAction":[{"@type":"SearchAction","target":{"@type":"EntryPoint","urlTemplate":"https:\/\/www.ilnotiziario.net\/wp\/?s={search_term_string}"},"query-input":{"@type":"PropertyValueSpecification","valueRequired":true,"valueName":"search_term_string"}}],"inLanguage":"it-IT"},{"@type":"Organization","@id":"https:\/\/www.ilnotiziario.net\/wp\/#organization","name":"Il Notiziario","url":"https:\/\/www.ilnotiziario.net\/wp\/","logo":{"@type":"ImageObject","inLanguage":"it-IT","@id":"https:\/\/www.ilnotiziario.net\/wp\/#\/schema\/logo\/image\/","url":"https:\/\/www.ilnotiziario.net\/wp\/wp-content\/uploads\/2022\/06\/170x170ilN.png","contentUrl":"https:\/\/www.ilnotiziario.net\/wp\/wp-content\/uploads\/2022\/06\/170x170ilN.png","width":355,"height":355,"caption":"Il Notiziario"},"image":{"@id":"https:\/\/www.ilnotiziario.net\/wp\/#\/schema\/logo\/image\/"},"sameAs":["https:\/\/www.facebook.com\/ilnotiziarioind\/","https:\/\/x.com\/ilNotiziarioInd","https:\/\/www.instagram.com\/ilnotiziario_settimanale\/"]},{"@type":"Person","@id":"https:\/\/www.ilnotiziario.net\/wp\/#\/schema\/person\/386e222908f898bb41c033989482bbf2","name":"Gabriele Bassani","image":{"@type":"ImageObject","inLanguage":"it-IT","@id":"https:\/\/secure.gravatar.com\/avatar\/09274f4a84fa97698bde56f84b3afed61c8492d48b0550db9671b68c177479cb?s=96&d=mm&r=g","url":"https:\/\/secure.gravatar.com\/avatar\/09274f4a84fa97698bde56f84b3afed61c8492d48b0550db9671b68c177479cb?s=96&d=mm&r=g","contentUrl":"https:\/\/secure.gravatar.com\/avatar\/09274f4a84fa97698bde56f84b3afed61c8492d48b0550db9671b68c177479cb?s=96&d=mm&r=g","caption":"Gabriele Bassani"},"sameAs":["http:\/\/www.ilnotiziario.net"]}]}},"_links":{"self":[{"href":"https:\/\/www.ilnotiziario.net\/wp\/wp-json\/wp\/v2\/posts\/150258","targetHints":{"allow":["GET"]}}],"collection":[{"href":"https:\/\/www.ilnotiziario.net\/wp\/wp-json\/wp\/v2\/posts"}],"about":[{"href":"https:\/\/www.ilnotiziario.net\/wp\/wp-json\/wp\/v2\/types\/post"}],"author":[{"embeddable":true,"href":"https:\/\/www.ilnotiziario.net\/wp\/wp-json\/wp\/v2\/users\/3"}],"replies":[{"embeddable":true,"href":"https:\/\/www.ilnotiziario.net\/wp\/wp-json\/wp\/v2\/comments?post=150258"}],"version-history":[{"count":0,"href":"https:\/\/www.ilnotiziario.net\/wp\/wp-json\/wp\/v2\/posts\/150258\/revisions"}],"wp:featuredmedia":[{"embeddable":true,"href":"https:\/\/www.ilnotiziario.net\/wp\/wp-json\/wp\/v2\/media\/150263"}],"wp:attachment":[{"href":"https:\/\/www.ilnotiziario.net\/wp\/wp-json\/wp\/v2\/media?parent=150258"}],"wp:term":[{"taxonomy":"category","embeddable":true,"href":"https:\/\/www.ilnotiziario.net\/wp\/wp-json\/wp\/v2\/categories?post=150258"},{"taxonomy":"post_tag","embeddable":true,"href":"https:\/\/www.ilnotiziario.net\/wp\/wp-json\/wp\/v2\/tags?post=150258"}],"curies":[{"name":"wp","href":"https:\/\/api.w.org\/{rel}","templated":true}]}}