{"id":150268,"date":"2021-04-07T13:50:32","date_gmt":"2021-04-07T11:50:32","guid":{"rendered":"https:\/\/www.ilnotiziario.net\/wp\/?p=150268"},"modified":"2021-04-07T17:02:32","modified_gmt":"2021-04-07T15:02:32","slug":"saronno-hub-vaccini-ospedale-regione-promesse","status":"publish","type":"post","link":"https:\/\/www.ilnotiziario.net\/wp\/prima-pagina\/saronno-hub-vaccini-ospedale-regione-promesse\/","title":{"rendered":"Saronno, luned\u00ec apre hub vaccini per 16 comuni. Il sindaco: &#8220;Sull&#8217;ospedale da Regione solo promesse&#8221;"},"content":{"rendered":"<figure id=\"attachment_150275\" aria-describedby=\"caption-attachment-150275\" style=\"width: 300px\" class=\"wp-caption alignnone\"><img fetchpriority=\"high\" decoding=\"async\" class=\"wp-image-150275 size-medium\" src=\"https:\/\/www.ilnotiziario.net\/wp\/wp-content\/uploads\/2021\/04\/IMG_2114-300x225.jpg\" alt=\"\" width=\"300\" height=\"225\" srcset=\"https:\/\/www.ilnotiziario.net\/wp\/wp-content\/uploads\/2021\/04\/IMG_2114-300x225.jpg 300w, https:\/\/www.ilnotiziario.net\/wp\/wp-content\/uploads\/2021\/04\/IMG_2114-1024x768.jpg 1024w, https:\/\/www.ilnotiziario.net\/wp\/wp-content\/uploads\/2021\/04\/IMG_2114-768x576.jpg 768w, https:\/\/www.ilnotiziario.net\/wp\/wp-content\/uploads\/2021\/04\/IMG_2114-1536x1152.jpg 1536w, https:\/\/www.ilnotiziario.net\/wp\/wp-content\/uploads\/2021\/04\/IMG_2114-2048x1536.jpg 2048w\" sizes=\"(max-width: 300px) 100vw, 300px\" \/><figcaption id=\"caption-attachment-150275\" class=\"wp-caption-text\">Il sindaco di Saronno Airoldi presenta il centro vaccinale nella palestra della Ex scuola Pizzigoni<\/figcaption><\/figure>\n<p>Obiettivo vaccinare, dosi permettendo, 700 persone al giorno. Alla <strong>palestra dell&#8217;ex scuola Pizzigoni <\/strong>di Saronno tutto \u00e8 pronto per accogliere, a partire dalle 8 di<strong> luned\u00ec 12 aprile,<\/strong> i primi pazienti per la nuova fase della campagna di vaccinazione anti-Covid. Questa mattina il sindaco <strong>Augusto Airoldi,<\/strong> insieme alla giunta comunale e ai tecnici che hanno allestito la struttura, ha tenuto una conferenza stampa in attesa dell&#8217;inaugurazione ufficiale prevista sabato mattina alla presenza, al momento ancora non confermata, del commissario straordinario di Regione Lombardia, <strong>Guido Bertolaso. <\/strong><\/p><div id=\"ilnot-855279421\" class=\"ilnot-contenuto ilnot-entity-placement\"><p><!-- incontent_1 --><\/p>\n<div class=\"gptslot\" data-adunitid=\"1\"><\/div>\n<\/div>\n<p>Si preannuncia una &#8220;corsa contro il tempo&#8221; nel hub vaccinale che rester\u00e0 aperto tutti i giorni dal <strong>luned\u00ec al venerd\u00ec dalle 8 alle 20<\/strong>: qui 60 medici, 14 infermieri dell&#8217;ospedale di Saronno insieme a circa 20 volontari si alterneranno su due turni nei 5 slot dove verranno immunizzati i cittadini che sono stati convocati dopo la prenotazione sul portale di Poste Italiane. La vecchia scuola elementare \u00e8 ora tappezzata delle primule simbolo della campagna anti-Covid, di cartelli con indicazioni del percorso ma anche di immagini con raffigurazioni iconiche del Santuario Beata Vergine dei Miracoli di Saronno &#8220;per rendere l&#8217;ambiente il pi\u00f9 confortevole possibile&#8221;. Rigide le misure anti-contagio a partire dal lungo serpentone che dal cancello di ingresso sul parcheggio di Via Parini accompagner\u00e0 le persone all&#8217;interno della palestra. &#8220;A tutti raccomando di non arrivare eccessivamente in anticipo per evitare di creare assembramenti&#8221;, ha detto Airoldi.<\/p>\n<p>Ci sar\u00e0 maggiore flessibilit\u00e0 invece sull&#8217;accesso per i cittadini del territorio saronnese: potranno usufruire dell&#8217;hub alla Ex Pizzigoni non solo i residenti dei comuni che per primi hanno sottoscritto l&#8217;intesa con Regione e Ats Insubria (oltre a Saronno, Bregnano, Carbonate, Caronno Pertusella, Cermenate, Cislago, Gerenzano, Locate Varesino, Mozzate, Origgio, Rovellasca, Rovello Porro, Turate) ma in generale tutti i comuni limitrofi alla citt\u00e0 degli amaretti come Solaro, Ceriano Laghetto, Misinto, Cogliate e Lazzate. Qui di seguito l&#8217;intervista a <em>&#8220;Il Notiziario.net&#8221;<\/em> del sindaco di Saronno Augusto Airoldi.<\/p><div id=\"ilnot-996751649\" class=\"ilnot-contenuto_2 ilnot-entity-placement\"><div class=\"ads-wrapper\">\n<div class=\"ad-slot\">\n   <div id=\"ilnot-2287813472\" style=\"margin-right: auto;margin-left: auto;text-align: center;width: 320px;height: 100px;\"><a href=\"https:\/\/www.scuolasicurezza.it\/\"><img decoding=\"async\" src=\"https:\/\/www.ilnotiziario.net\/wp\/wp-content\/uploads\/2026\/04\/IlNotiziario_banner-sito-e-newsletter-320-x-100-px-1.gif\" alt=\"\"><\/a><\/div>\n  <\/div>\n<div class=\"ad-slot\">\n   <div id=\"ilnot-2540068378\" style=\"margin-right: auto;margin-left: auto;text-align: center;width: 320px;height: 100px;\"><a href=\"https:\/\/purodesignarredamenti.com\/\"><img decoding=\"async\" src=\"https:\/\/www.ilnotiziario.net\/wp\/wp-content\/uploads\/2026\/04\/banner-puro-ok.gif\" alt=\"whatsapp\"><\/a><\/div><\/p><\/div>\n<\/div>\n<\/div>\n<p><strong>Sindaco Airoldi, cosa rappresenta per Saronno l\u2019apertura di questo <em>hub<\/em> vaccinale?<\/strong><\/p>\n<p>&#8220;L\u2019apertura dell&#8217;hub vaccinale alla Ex Pizzigoni rientra nella strategia di \u201ccitt\u00e0 attrezzata\u201d contro la pandemia della quale abbiamo parlato in campagna elettorale. Per la nostra Amministrazione rappresenta un contributo fondamentale affinch\u00e9 la citt\u00e0 possa ripartire. Il polo si rivolge ai saronnesi ma anche ai cittadini dei comuni limitrofi che cos\u00ec potranno essere vaccinati nella maniera pi\u00f9 comoda possibile&#8221;.<\/p>\n<p><strong>Il Comune manterr\u00e0 il servizio di trasporto per i pazienti pi\u00f9 anziani convocati in siti lontani come avvenuto nei giorni scorsi a Lurate Caccivio?&nbsp;<\/strong><\/p><div id=\"ilnot-3255499343\" class=\"ilnot-contenuto_2-2 ilnot-entity-placement\"><div class=\"gptslot\" data-adunitid=\"2\"><\/div>\n<\/div>\n<p>&#8220;Il servizio che abbiamo attivato di trasporto dei cittadini over80 negli hub vaccinali esterni a Saronno continuer\u00e0 perch\u00e9 qui alla Ex scuola Pizzigoni , secondo le indicazioni di Regione Lombardia, verranno vaccinati solo i cittadini con et\u00e0 inferiore agli ottant&#8217;anni. Il servizio andr\u00e0 avanti finch\u00e9 ci saranno richieste&#8221;.<\/p>\n<p><strong>Capitolo ospedale. Dopo i<em> flash mob<\/em> dei mesi scorsi, la lettera dei sindaci del territorio e l&#8217;audizione in Regione, oggi come vede il futuro della struttura?<\/strong><\/p>\n<p>&#8220;L\u2019augurio mio e di tutti i 19 sindaci del saronnese che con me hanno firmato la lettera all\u2019Assessore al Welfare, Letizia Moratti, \u00e8 che l\u2019interesse della Regione per l\u2019ospedale di Saronno sia un interesse vero. Finora, devo dire, abbiamo ricevuto solo promesse. Noi delle promesse ci fidiamo ma non possiamo vivere solo di quelle. Ci rendiamo conto che siamo in un periodo particolare per la sanit\u00e0 della nostra regione per\u00f2 \u00e8 chiaro che come rappresentanti di un territorio che conta oltre 200mila abitanti non ci fermeremo e non ci accontenteremo delle sole promesse. Sull\u2019ipotesi di spostamento dell\u2019ospedale di Saronno dall\u2019Asst Valle Olona all\u2019Alto Milanese come sindaco non ho la soluzione tecnica per il rilancio della struttura; quello che, come primi cittadini, chiediamo \u00e8 che l\u2019ospedale di Saronno rimanga un presidio di primo livello cos\u00ec come previsto dal decreto 70.<\/p><div id=\"ilnot-3463645376\" class=\"ilnot-contenuto_2-2-2 ilnot-entity-placement\"><div class=\"gptslot\" data-adunitid=\"3\"><\/div>\n<\/div>\n<p><strong>Oggi riaprono le scuole primarie dopo un mese di didattica a distanza. Quale messaggio si sente di rivolgere agli studenti saronnesi e alle famiglie anche alla luce delle manifestazioni delle settimane scorse?<\/strong><\/p>\n<p>&#8220;La ripresa della scuola per gli studenti pi\u00f9 giovani \u00e8 sicuramente una bella notizia perch\u00e9 tenerli a casa ancora un altro periodo sarebbe stato incredibile. Sono contento che i ragazzi tornino in classe, ringrazio tutto il personale docente per il loro impegno, mi auguro che non ci siano pi\u00f9 interruzioni di questo tipo. La scuola deve continuare indipendentemente dall\u2019evoluzione della pandemia che ci auguriamo i vaccini possa risolvere nel pi\u00f9 breve tempo possibile. Per l\u2019estate abbiamo in cantiere pi\u00f9 di un progetto rivolto ai ragazzi ma molto dipender\u00e0 dall\u2019evoluzione della curva epidemiologica, certo se Saronno rimarr\u00e0 in zona rossa o arancione si potr\u00e0 fare ben poco&#8221;.<\/p>\n<p><strong>Claudio Agrelli<\/strong><\/p><div id=\"ilnot-3989539522\" class=\"ilnot-contenuto_2-2-2-2 ilnot-entity-placement\"><div class=\"gptslot\" data-adunitid=\"4\"><\/div>\n<\/div>\n","protected":false},"excerpt":{"rendered":"<p>Obiettivo vaccinare, dosi permettendo, 700 persone al giorno. Alla palestra dell&#8217;ex scuola Pizzigoni di Saronno tutto \u00e8 pronto per accogliere, a partire dalle 8 di luned\u00ec 12 aprile, i primi pazienti per la nuova fase della campagna di vaccinazione anti-Covid. Questa mattina il sindaco Augusto Airoldi, insieme alla giunta comunale e ai tecnici che hanno<\/p>\n","protected":false},"author":3,"featured_media":150275,"comment_status":"closed","ping_status":"closed","sticky":false,"template":"","format":"standard","meta":{"footnotes":""},"categories":[20,13,14],"tags":[8444,7244,577,219,4175,56,8522,4107],"class_list":{"0":"post-150268","1":"post","2":"type-post","3":"status-publish","4":"format-standard","5":"has-post-thumbnail","7":"category-prima-pagina","8":"category-saronnese","9":"category-saronno","10":"tag-augusto-airoldi","11":"tag-covid","12":"tag-lombardia","13":"tag-ospedale","14":"tag-salute","15":"tag-saronno-2","16":"tag-vaccinazione","17":"tag-vaccini"},"yoast_head":"<!-- This site is optimized with the Yoast SEO plugin v27.4 - https:\/\/yoast.com\/product\/yoast-seo-wordpress\/ -->\n<title>Saronno, luned\u00ec apre hub vaccini per 16 comuni. Il sindaco: &quot;Sull&#039;ospedale da Regione solo promesse&quot; - Il Notiziario<\/title>\n<meta name=\"description\" content=\"Obiettivo vaccinare, dosi permettendo, 700 persone al giorno. Alla palestra dell&#039;ex scuola Pizzigoni di Saronno tutto \u00e8 pronto per accogliere, a partire\" \/>\n<meta name=\"robots\" content=\"index, follow, max-snippet:-1, max-image-preview:large, max-video-preview:-1\" \/>\n<link rel=\"canonical\" href=\"https:\/\/www.ilnotiziario.net\/wp\/prima-pagina\/saronno-hub-vaccini-ospedale-regione-promesse\/\" \/>\n<meta property=\"og:locale\" content=\"it_IT\" \/>\n<meta property=\"og:type\" content=\"article\" \/>\n<meta property=\"og:title\" content=\"Saronno, luned\u00ec apre hub vaccini per 16 comuni. Il sindaco: &quot;Sull&#039;ospedale da Regione solo promesse&quot; - Il Notiziario\" \/>\n<meta property=\"og:description\" content=\"Obiettivo vaccinare, dosi permettendo, 700 persone al giorno. Alla palestra dell&#039;ex scuola Pizzigoni di Saronno tutto \u00e8 pronto per accogliere, a partire\" \/>\n<meta property=\"og:url\" content=\"https:\/\/www.ilnotiziario.net\/wp\/prima-pagina\/saronno-hub-vaccini-ospedale-regione-promesse\/\" \/>\n<meta property=\"og:site_name\" content=\"Il Notiziario\" \/>\n<meta property=\"article:publisher\" content=\"https:\/\/www.facebook.com\/ilnotiziarioind\/\" \/>\n<meta property=\"article:published_time\" content=\"2021-04-07T11:50:32+00:00\" \/>\n<meta property=\"article:modified_time\" content=\"2021-04-07T15:02:32+00:00\" \/>\n<meta property=\"og:image\" content=\"https:\/\/www.ilnotiziario.net\/wp\/wp-content\/uploads\/2021\/04\/IMG_2114-scaled.jpg\" \/>\n\t<meta property=\"og:image:width\" content=\"2560\" \/>\n\t<meta property=\"og:image:height\" content=\"1920\" \/>\n\t<meta property=\"og:image:type\" content=\"image\/jpeg\" \/>\n<meta name=\"author\" content=\"Gabriele Bassani\" \/>\n<meta name=\"twitter:card\" content=\"summary_large_image\" \/>\n<meta name=\"twitter:creator\" content=\"@ilNotiziarioInd\" \/>\n<meta name=\"twitter:site\" content=\"@ilNotiziarioInd\" \/>\n<meta name=\"twitter:label1\" content=\"Scritto da\" \/>\n\t<meta name=\"twitter:data1\" content=\"Gabriele Bassani\" \/>\n\t<meta name=\"twitter:label2\" content=\"Tempo di lettura stimato\" \/>\n\t<meta name=\"twitter:data2\" content=\"4 minuti\" \/>\n<script type=\"application\/ld+json\" class=\"yoast-schema-graph\">{\"@context\":\"https:\\\/\\\/schema.org\",\"@graph\":[{\"@type\":\"Article\",\"@id\":\"https:\\\/\\\/www.ilnotiziario.net\\\/wp\\\/prima-pagina\\\/saronno-hub-vaccini-ospedale-regione-promesse\\\/#article\",\"isPartOf\":{\"@id\":\"https:\\\/\\\/www.ilnotiziario.net\\\/wp\\\/prima-pagina\\\/saronno-hub-vaccini-ospedale-regione-promesse\\\/\"},\"author\":{\"name\":\"Gabriele Bassani\",\"@id\":\"https:\\\/\\\/www.ilnotiziario.net\\\/wp\\\/#\\\/schema\\\/person\\\/386e222908f898bb41c033989482bbf2\"},\"headline\":\"Saronno, luned\u00ec apre hub vaccini per 16 comuni. Il sindaco: &#8220;Sull&#8217;ospedale da Regione solo promesse&#8221;\",\"datePublished\":\"2021-04-07T11:50:32+00:00\",\"dateModified\":\"2021-04-07T15:02:32+00:00\",\"mainEntityOfPage\":{\"@id\":\"https:\\\/\\\/www.ilnotiziario.net\\\/wp\\\/prima-pagina\\\/saronno-hub-vaccini-ospedale-regione-promesse\\\/\"},\"wordCount\":808,\"publisher\":{\"@id\":\"https:\\\/\\\/www.ilnotiziario.net\\\/wp\\\/#organization\"},\"image\":{\"@id\":\"https:\\\/\\\/www.ilnotiziario.net\\\/wp\\\/prima-pagina\\\/saronno-hub-vaccini-ospedale-regione-promesse\\\/#primaryimage\"},\"thumbnailUrl\":\"https:\\\/\\\/www.ilnotiziario.net\\\/wp\\\/wp-content\\\/uploads\\\/2021\\\/04\\\/IMG_2114-scaled.jpg\",\"keywords\":[\"Augusto Airoldi\",\"covid\",\"Lombardia\",\"ospedale\",\"salute\",\"Saronno\",\"vaccinazione\",\"Vaccini\"],\"articleSection\":[\"Prima Pagina\",\"SARONNESE\",\"SARONNO\"],\"inLanguage\":\"it-IT\"},{\"@type\":\"WebPage\",\"@id\":\"https:\\\/\\\/www.ilnotiziario.net\\\/wp\\\/prima-pagina\\\/saronno-hub-vaccini-ospedale-regione-promesse\\\/\",\"url\":\"https:\\\/\\\/www.ilnotiziario.net\\\/wp\\\/prima-pagina\\\/saronno-hub-vaccini-ospedale-regione-promesse\\\/\",\"name\":\"Saronno, luned\u00ec apre hub vaccini per 16 comuni. Il sindaco: \\\"Sull'ospedale da Regione solo promesse\\\" - Il Notiziario\",\"isPartOf\":{\"@id\":\"https:\\\/\\\/www.ilnotiziario.net\\\/wp\\\/#website\"},\"primaryImageOfPage\":{\"@id\":\"https:\\\/\\\/www.ilnotiziario.net\\\/wp\\\/prima-pagina\\\/saronno-hub-vaccini-ospedale-regione-promesse\\\/#primaryimage\"},\"image\":{\"@id\":\"https:\\\/\\\/www.ilnotiziario.net\\\/wp\\\/prima-pagina\\\/saronno-hub-vaccini-ospedale-regione-promesse\\\/#primaryimage\"},\"thumbnailUrl\":\"https:\\\/\\\/www.ilnotiziario.net\\\/wp\\\/wp-content\\\/uploads\\\/2021\\\/04\\\/IMG_2114-scaled.jpg\",\"datePublished\":\"2021-04-07T11:50:32+00:00\",\"dateModified\":\"2021-04-07T15:02:32+00:00\",\"description\":\"Obiettivo vaccinare, dosi permettendo, 700 persone al giorno. Alla palestra dell'ex scuola Pizzigoni di Saronno tutto \u00e8 pronto per accogliere, a partire\",\"breadcrumb\":{\"@id\":\"https:\\\/\\\/www.ilnotiziario.net\\\/wp\\\/prima-pagina\\\/saronno-hub-vaccini-ospedale-regione-promesse\\\/#breadcrumb\"},\"inLanguage\":\"it-IT\",\"potentialAction\":[{\"@type\":\"ReadAction\",\"target\":[\"https:\\\/\\\/www.ilnotiziario.net\\\/wp\\\/prima-pagina\\\/saronno-hub-vaccini-ospedale-regione-promesse\\\/\"]}]},{\"@type\":\"ImageObject\",\"inLanguage\":\"it-IT\",\"@id\":\"https:\\\/\\\/www.ilnotiziario.net\\\/wp\\\/prima-pagina\\\/saronno-hub-vaccini-ospedale-regione-promesse\\\/#primaryimage\",\"url\":\"https:\\\/\\\/www.ilnotiziario.net\\\/wp\\\/wp-content\\\/uploads\\\/2021\\\/04\\\/IMG_2114-scaled.jpg\",\"contentUrl\":\"https:\\\/\\\/www.ilnotiziario.net\\\/wp\\\/wp-content\\\/uploads\\\/2021\\\/04\\\/IMG_2114-scaled.jpg\",\"width\":2560,\"height\":1920},{\"@type\":\"BreadcrumbList\",\"@id\":\"https:\\\/\\\/www.ilnotiziario.net\\\/wp\\\/prima-pagina\\\/saronno-hub-vaccini-ospedale-regione-promesse\\\/#breadcrumb\",\"itemListElement\":[{\"@type\":\"ListItem\",\"position\":1,\"name\":\"tds_text_logo_tagline_colortds_text_logo_tagline_colortds_text_logo_tagline_colortds_text_logo_tagline_colortd_module_7_title_excerpttd_module_7_title_excerpttd_module_7_title_excerpttd_module_7_title_excerptHome\",\"item\":\"https:\\\/\\\/www.ilnotiziario.net\\\/wp\\\/\"},{\"@type\":\"ListItem\",\"position\":2,\"name\":\"Saronno, luned\u00ec apre hub vaccini per 16 comuni. Il sindaco: &#8220;Sull&#8217;ospedale da Regione solo promesse&#8221;\"}]},{\"@type\":\"WebSite\",\"@id\":\"https:\\\/\\\/www.ilnotiziario.net\\\/wp\\\/#website\",\"url\":\"https:\\\/\\\/www.ilnotiziario.net\\\/wp\\\/\",\"name\":\"Il Notiziario\",\"description\":\"Per restare sempre connessi alla notizia\",\"publisher\":{\"@id\":\"https:\\\/\\\/www.ilnotiziario.net\\\/wp\\\/#organization\"},\"alternateName\":\"Il Notiziario Bollate\",\"potentialAction\":[{\"@type\":\"SearchAction\",\"target\":{\"@type\":\"EntryPoint\",\"urlTemplate\":\"https:\\\/\\\/www.ilnotiziario.net\\\/wp\\\/?s={search_term_string}\"},\"query-input\":{\"@type\":\"PropertyValueSpecification\",\"valueRequired\":true,\"valueName\":\"search_term_string\"}}],\"inLanguage\":\"it-IT\"},{\"@type\":\"Organization\",\"@id\":\"https:\\\/\\\/www.ilnotiziario.net\\\/wp\\\/#organization\",\"name\":\"Il Notiziario\",\"url\":\"https:\\\/\\\/www.ilnotiziario.net\\\/wp\\\/\",\"logo\":{\"@type\":\"ImageObject\",\"inLanguage\":\"it-IT\",\"@id\":\"https:\\\/\\\/www.ilnotiziario.net\\\/wp\\\/#\\\/schema\\\/logo\\\/image\\\/\",\"url\":\"https:\\\/\\\/www.ilnotiziario.net\\\/wp\\\/wp-content\\\/uploads\\\/2022\\\/06\\\/170x170ilN.png\",\"contentUrl\":\"https:\\\/\\\/www.ilnotiziario.net\\\/wp\\\/wp-content\\\/uploads\\\/2022\\\/06\\\/170x170ilN.png\",\"width\":355,\"height\":355,\"caption\":\"Il Notiziario\"},\"image\":{\"@id\":\"https:\\\/\\\/www.ilnotiziario.net\\\/wp\\\/#\\\/schema\\\/logo\\\/image\\\/\"},\"sameAs\":[\"https:\\\/\\\/www.facebook.com\\\/ilnotiziarioind\\\/\",\"https:\\\/\\\/x.com\\\/ilNotiziarioInd\",\"https:\\\/\\\/www.instagram.com\\\/ilnotiziario_settimanale\\\/\"]},{\"@type\":\"Person\",\"@id\":\"https:\\\/\\\/www.ilnotiziario.net\\\/wp\\\/#\\\/schema\\\/person\\\/386e222908f898bb41c033989482bbf2\",\"name\":\"Gabriele Bassani\",\"image\":{\"@type\":\"ImageObject\",\"inLanguage\":\"it-IT\",\"@id\":\"https:\\\/\\\/secure.gravatar.com\\\/avatar\\\/09274f4a84fa97698bde56f84b3afed61c8492d48b0550db9671b68c177479cb?s=96&d=mm&r=g\",\"url\":\"https:\\\/\\\/secure.gravatar.com\\\/avatar\\\/09274f4a84fa97698bde56f84b3afed61c8492d48b0550db9671b68c177479cb?s=96&d=mm&r=g\",\"contentUrl\":\"https:\\\/\\\/secure.gravatar.com\\\/avatar\\\/09274f4a84fa97698bde56f84b3afed61c8492d48b0550db9671b68c177479cb?s=96&d=mm&r=g\",\"caption\":\"Gabriele Bassani\"},\"sameAs\":[\"http:\\\/\\\/www.ilnotiziario.net\"]}]}<\/script>\n<!-- \/ Yoast SEO plugin. -->","yoast_head_json":{"title":"Saronno, luned\u00ec apre hub vaccini per 16 comuni. Il sindaco: \"Sull'ospedale da Regione solo promesse\" - Il Notiziario","description":"Obiettivo vaccinare, dosi permettendo, 700 persone al giorno. Alla palestra dell'ex scuola Pizzigoni di Saronno tutto \u00e8 pronto per accogliere, a partire","robots":{"index":"index","follow":"follow","max-snippet":"max-snippet:-1","max-image-preview":"max-image-preview:large","max-video-preview":"max-video-preview:-1"},"canonical":"https:\/\/www.ilnotiziario.net\/wp\/prima-pagina\/saronno-hub-vaccini-ospedale-regione-promesse\/","og_locale":"it_IT","og_type":"article","og_title":"Saronno, luned\u00ec apre hub vaccini per 16 comuni. Il sindaco: \"Sull'ospedale da Regione solo promesse\" - Il Notiziario","og_description":"Obiettivo vaccinare, dosi permettendo, 700 persone al giorno. Alla palestra dell'ex scuola Pizzigoni di Saronno tutto \u00e8 pronto per accogliere, a partire","og_url":"https:\/\/www.ilnotiziario.net\/wp\/prima-pagina\/saronno-hub-vaccini-ospedale-regione-promesse\/","og_site_name":"Il Notiziario","article_publisher":"https:\/\/www.facebook.com\/ilnotiziarioind\/","article_published_time":"2021-04-07T11:50:32+00:00","article_modified_time":"2021-04-07T15:02:32+00:00","og_image":[{"width":2560,"height":1920,"url":"https:\/\/www.ilnotiziario.net\/wp\/wp-content\/uploads\/2021\/04\/IMG_2114-scaled.jpg","type":"image\/jpeg"}],"author":"Gabriele Bassani","twitter_card":"summary_large_image","twitter_creator":"@ilNotiziarioInd","twitter_site":"@ilNotiziarioInd","twitter_misc":{"Scritto da":"Gabriele Bassani","Tempo di lettura stimato":"4 minuti"},"schema":{"@context":"https:\/\/schema.org","@graph":[{"@type":"Article","@id":"https:\/\/www.ilnotiziario.net\/wp\/prima-pagina\/saronno-hub-vaccini-ospedale-regione-promesse\/#article","isPartOf":{"@id":"https:\/\/www.ilnotiziario.net\/wp\/prima-pagina\/saronno-hub-vaccini-ospedale-regione-promesse\/"},"author":{"name":"Gabriele Bassani","@id":"https:\/\/www.ilnotiziario.net\/wp\/#\/schema\/person\/386e222908f898bb41c033989482bbf2"},"headline":"Saronno, luned\u00ec apre hub vaccini per 16 comuni. Il sindaco: &#8220;Sull&#8217;ospedale da Regione solo promesse&#8221;","datePublished":"2021-04-07T11:50:32+00:00","dateModified":"2021-04-07T15:02:32+00:00","mainEntityOfPage":{"@id":"https:\/\/www.ilnotiziario.net\/wp\/prima-pagina\/saronno-hub-vaccini-ospedale-regione-promesse\/"},"wordCount":808,"publisher":{"@id":"https:\/\/www.ilnotiziario.net\/wp\/#organization"},"image":{"@id":"https:\/\/www.ilnotiziario.net\/wp\/prima-pagina\/saronno-hub-vaccini-ospedale-regione-promesse\/#primaryimage"},"thumbnailUrl":"https:\/\/www.ilnotiziario.net\/wp\/wp-content\/uploads\/2021\/04\/IMG_2114-scaled.jpg","keywords":["Augusto Airoldi","covid","Lombardia","ospedale","salute","Saronno","vaccinazione","Vaccini"],"articleSection":["Prima Pagina","SARONNESE","SARONNO"],"inLanguage":"it-IT"},{"@type":"WebPage","@id":"https:\/\/www.ilnotiziario.net\/wp\/prima-pagina\/saronno-hub-vaccini-ospedale-regione-promesse\/","url":"https:\/\/www.ilnotiziario.net\/wp\/prima-pagina\/saronno-hub-vaccini-ospedale-regione-promesse\/","name":"Saronno, luned\u00ec apre hub vaccini per 16 comuni. Il sindaco: \"Sull'ospedale da Regione solo promesse\" - Il Notiziario","isPartOf":{"@id":"https:\/\/www.ilnotiziario.net\/wp\/#website"},"primaryImageOfPage":{"@id":"https:\/\/www.ilnotiziario.net\/wp\/prima-pagina\/saronno-hub-vaccini-ospedale-regione-promesse\/#primaryimage"},"image":{"@id":"https:\/\/www.ilnotiziario.net\/wp\/prima-pagina\/saronno-hub-vaccini-ospedale-regione-promesse\/#primaryimage"},"thumbnailUrl":"https:\/\/www.ilnotiziario.net\/wp\/wp-content\/uploads\/2021\/04\/IMG_2114-scaled.jpg","datePublished":"2021-04-07T11:50:32+00:00","dateModified":"2021-04-07T15:02:32+00:00","description":"Obiettivo vaccinare, dosi permettendo, 700 persone al giorno. Alla palestra dell'ex scuola Pizzigoni di Saronno tutto \u00e8 pronto per accogliere, a partire","breadcrumb":{"@id":"https:\/\/www.ilnotiziario.net\/wp\/prima-pagina\/saronno-hub-vaccini-ospedale-regione-promesse\/#breadcrumb"},"inLanguage":"it-IT","potentialAction":[{"@type":"ReadAction","target":["https:\/\/www.ilnotiziario.net\/wp\/prima-pagina\/saronno-hub-vaccini-ospedale-regione-promesse\/"]}]},{"@type":"ImageObject","inLanguage":"it-IT","@id":"https:\/\/www.ilnotiziario.net\/wp\/prima-pagina\/saronno-hub-vaccini-ospedale-regione-promesse\/#primaryimage","url":"https:\/\/www.ilnotiziario.net\/wp\/wp-content\/uploads\/2021\/04\/IMG_2114-scaled.jpg","contentUrl":"https:\/\/www.ilnotiziario.net\/wp\/wp-content\/uploads\/2021\/04\/IMG_2114-scaled.jpg","width":2560,"height":1920},{"@type":"BreadcrumbList","@id":"https:\/\/www.ilnotiziario.net\/wp\/prima-pagina\/saronno-hub-vaccini-ospedale-regione-promesse\/#breadcrumb","itemListElement":[{"@type":"ListItem","position":1,"name":"tds_text_logo_tagline_colortds_text_logo_tagline_colortds_text_logo_tagline_colortds_text_logo_tagline_colortd_module_7_title_excerpttd_module_7_title_excerpttd_module_7_title_excerpttd_module_7_title_excerptHome","item":"https:\/\/www.ilnotiziario.net\/wp\/"},{"@type":"ListItem","position":2,"name":"Saronno, luned\u00ec apre hub vaccini per 16 comuni. Il sindaco: &#8220;Sull&#8217;ospedale da Regione solo promesse&#8221;"}]},{"@type":"WebSite","@id":"https:\/\/www.ilnotiziario.net\/wp\/#website","url":"https:\/\/www.ilnotiziario.net\/wp\/","name":"Il Notiziario","description":"Per restare sempre connessi alla notizia","publisher":{"@id":"https:\/\/www.ilnotiziario.net\/wp\/#organization"},"alternateName":"Il Notiziario Bollate","potentialAction":[{"@type":"SearchAction","target":{"@type":"EntryPoint","urlTemplate":"https:\/\/www.ilnotiziario.net\/wp\/?s={search_term_string}"},"query-input":{"@type":"PropertyValueSpecification","valueRequired":true,"valueName":"search_term_string"}}],"inLanguage":"it-IT"},{"@type":"Organization","@id":"https:\/\/www.ilnotiziario.net\/wp\/#organization","name":"Il Notiziario","url":"https:\/\/www.ilnotiziario.net\/wp\/","logo":{"@type":"ImageObject","inLanguage":"it-IT","@id":"https:\/\/www.ilnotiziario.net\/wp\/#\/schema\/logo\/image\/","url":"https:\/\/www.ilnotiziario.net\/wp\/wp-content\/uploads\/2022\/06\/170x170ilN.png","contentUrl":"https:\/\/www.ilnotiziario.net\/wp\/wp-content\/uploads\/2022\/06\/170x170ilN.png","width":355,"height":355,"caption":"Il Notiziario"},"image":{"@id":"https:\/\/www.ilnotiziario.net\/wp\/#\/schema\/logo\/image\/"},"sameAs":["https:\/\/www.facebook.com\/ilnotiziarioind\/","https:\/\/x.com\/ilNotiziarioInd","https:\/\/www.instagram.com\/ilnotiziario_settimanale\/"]},{"@type":"Person","@id":"https:\/\/www.ilnotiziario.net\/wp\/#\/schema\/person\/386e222908f898bb41c033989482bbf2","name":"Gabriele Bassani","image":{"@type":"ImageObject","inLanguage":"it-IT","@id":"https:\/\/secure.gravatar.com\/avatar\/09274f4a84fa97698bde56f84b3afed61c8492d48b0550db9671b68c177479cb?s=96&d=mm&r=g","url":"https:\/\/secure.gravatar.com\/avatar\/09274f4a84fa97698bde56f84b3afed61c8492d48b0550db9671b68c177479cb?s=96&d=mm&r=g","contentUrl":"https:\/\/secure.gravatar.com\/avatar\/09274f4a84fa97698bde56f84b3afed61c8492d48b0550db9671b68c177479cb?s=96&d=mm&r=g","caption":"Gabriele Bassani"},"sameAs":["http:\/\/www.ilnotiziario.net"]}]}},"_links":{"self":[{"href":"https:\/\/www.ilnotiziario.net\/wp\/wp-json\/wp\/v2\/posts\/150268","targetHints":{"allow":["GET"]}}],"collection":[{"href":"https:\/\/www.ilnotiziario.net\/wp\/wp-json\/wp\/v2\/posts"}],"about":[{"href":"https:\/\/www.ilnotiziario.net\/wp\/wp-json\/wp\/v2\/types\/post"}],"author":[{"embeddable":true,"href":"https:\/\/www.ilnotiziario.net\/wp\/wp-json\/wp\/v2\/users\/3"}],"replies":[{"embeddable":true,"href":"https:\/\/www.ilnotiziario.net\/wp\/wp-json\/wp\/v2\/comments?post=150268"}],"version-history":[{"count":0,"href":"https:\/\/www.ilnotiziario.net\/wp\/wp-json\/wp\/v2\/posts\/150268\/revisions"}],"wp:featuredmedia":[{"embeddable":true,"href":"https:\/\/www.ilnotiziario.net\/wp\/wp-json\/wp\/v2\/media\/150275"}],"wp:attachment":[{"href":"https:\/\/www.ilnotiziario.net\/wp\/wp-json\/wp\/v2\/media?parent=150268"}],"wp:term":[{"taxonomy":"category","embeddable":true,"href":"https:\/\/www.ilnotiziario.net\/wp\/wp-json\/wp\/v2\/categories?post=150268"},{"taxonomy":"post_tag","embeddable":true,"href":"https:\/\/www.ilnotiziario.net\/wp\/wp-json\/wp\/v2\/tags?post=150268"}],"curies":[{"name":"wp","href":"https:\/\/api.w.org\/{rel}","templated":true}]}}