{"id":150901,"date":"2021-04-22T10:17:58","date_gmt":"2021-04-22T08:17:58","guid":{"rendered":"https:\/\/www.ilnotiziario.net\/wp\/?p=150901"},"modified":"2021-04-22T10:17:58","modified_gmt":"2021-04-22T08:17:58","slug":"covid-ritorno-scuola-senza-sicurezza","status":"publish","type":"post","link":"https:\/\/www.ilnotiziario.net\/wp\/editoriali\/covid-ritorno-scuola-senza-sicurezza\/","title":{"rendered":"Covid, ritorno a scuola senza sicurezza, a Bollate ma non solo"},"content":{"rendered":"<p><img fetchpriority=\"high\" decoding=\"async\" class=\"aligncenter size-medium wp-image-145392\" src=\"https:\/\/www.ilnotiziario.net\/wp\/wp-content\/uploads\/2020\/12\/scuola-mascherina-300x208.jpg\" alt=\"scuola mascherina\" width=\"300\" height=\"208\" srcset=\"https:\/\/www.ilnotiziario.net\/wp\/wp-content\/uploads\/2020\/12\/scuola-mascherina-300x208.jpg 300w, https:\/\/www.ilnotiziario.net\/wp\/wp-content\/uploads\/2020\/12\/scuola-mascherina-100x70.jpg 100w, https:\/\/www.ilnotiziario.net\/wp\/wp-content\/uploads\/2020\/12\/scuola-mascherina-200x140.jpg 200w, https:\/\/www.ilnotiziario.net\/wp\/wp-content\/uploads\/2020\/12\/scuola-mascherina-218x150.jpg 218w, https:\/\/www.ilnotiziario.net\/wp\/wp-content\/uploads\/2020\/12\/scuola-mascherina-231x160.jpg 231w, https:\/\/www.ilnotiziario.net\/wp\/wp-content\/uploads\/2020\/12\/scuola-mascherina.jpg 500w\" sizes=\"(max-width: 300px) 100vw, 300px\" \/>E\u2019 luned\u00ec sera, sto cenando con mia moglie e le racconto che di mattina a Bollate hanno compiuto un\u2019operazione eccezionale: hanno fatto il test anti-Covid a tutti i bambini delle scuole (quelli a cui i genitori hanno dato l\u2019autorizzazione). Uno screening cos\u00ec importante che ne hanno parlato tutti i telegiornali. Lei smette di mangiare, mi guarda come si guarda un marziano e mi fa una domanda disarmante: \u201cPerch\u00e8 l\u2019hanno fatto solo a Bollate?\u201d.<\/p><div id=\"ilnot-2113637822\" class=\"ilnot-contenuto ilnot-entity-placement\"><p><!-- incontent_1 --><\/p>\n<div class=\"gptslot\" data-adunitid=\"1\"><\/div>\n<\/div>\n<p>Io tento di risponderle: \u201cForse perch\u00e9 costa troppo, o forse perch\u00e9 \u00e8 troppo complicato farlo a tutti i bambini italiani!\u201d. Lei si mette a ridere, io le chiedo perch\u00e9 ride e allora mi risponde candidamente: \u201cPerch\u00e8 oggi hanno fatto lo stesso test anche agli studenti in Repubblica Ceca, ma lo hanno fatto a tutti: negli asili, alle elementari e all\u2019ultimo anno delle superiori (perch\u00e9 gli altri al momento sono in Dad)\u201d. E mi racconta: il test viene fatto (a tutti!) due volte alla settimana,<strong> tutti i luned\u00ec e tutti i gioved\u00ec, ed \u00e8 obbligatorio,<\/strong> perch\u00e9 c\u2019\u00e8 di mezzo la salute pubblica.<\/p>\n<p>Se un genitore si rifiuta, lo studente sta a casa. Punto. Se lo studente risulta positivo il luned\u00ec, va in quarantena solo lui (perch\u00e9 il sabato e la domenica era a casa), se risulta positivo il gioved\u00ec, va in quarantena tutta la classe. <strong>Questo \u00e8 tornare a scuola in sicurezza,<\/strong> il nostro (a parte Bollate) mi sembra un tornare a scuola senza sicurezza. Possibile che ci riesca la Repubblica Ceca, che certo non \u00e8 pi\u00f9 ricca di noi, e non ci riesca l&#8217;Italia?<\/p><div id=\"ilnot-3738489377\" class=\"ilnot-contenuto_2 ilnot-entity-placement\"><div class=\"ads-wrapper\">\n<div class=\"ad-slot\">\n   <div id=\"ilnot-2902004095\" style=\"margin-right: auto;margin-left: auto;text-align: center;width: 320px;height: 100px;\"><a href=\"https:\/\/www.scuolasicurezza.it\/\"><img decoding=\"async\" src=\"https:\/\/www.ilnotiziario.net\/wp\/wp-content\/uploads\/2026\/04\/IlNotiziario_banner-sito-e-newsletter-320-x-100-px-1.gif\" alt=\"\"><\/a><\/div>\n  <\/div>\n<div class=\"ad-slot\">\n   <div id=\"ilnot-1273656868\" style=\"margin-right: auto;margin-left: auto;text-align: center;width: 320px;height: 100px;\"><a href=\"https:\/\/purodesignarredamenti.com\/\"><img decoding=\"async\" src=\"https:\/\/www.ilnotiziario.net\/wp\/wp-content\/uploads\/2026\/04\/banner-puro-ok.gif\" alt=\"whatsapp\"><\/a><\/div><\/p><\/div>\n<\/div>\n<\/div>\n","protected":false},"excerpt":{"rendered":"<p>E\u2019 luned\u00ec sera, sto cenando con mia moglie e le racconto che di mattina a Bollate hanno compiuto un\u2019operazione eccezionale: hanno fatto il test anti-Covid a tutti i bambini delle scuole (quelli a cui i genitori hanno dato l\u2019autorizzazione). Uno screening cos\u00ec importante che ne hanno parlato tutti i telegiornali. Lei smette di mangiare, mi<\/p>\n","protected":false},"author":3,"featured_media":145392,"comment_status":"closed","ping_status":"closed","sticky":false,"template":"","format":"standard","meta":{"footnotes":""},"categories":[3431],"tags":[7244,7001,380,584,7068],"class_list":{"0":"post-150901","1":"post","2":"type-post","3":"status-publish","4":"format-standard","5":"has-post-thumbnail","7":"category-editoriali","8":"tag-covid","9":"tag-quarantena","10":"tag-scuola","11":"tag-sicurezza","12":"tag-test"},"yoast_head":"<!-- This site is optimized with the Yoast SEO plugin v27.5 - https:\/\/yoast.com\/product\/yoast-seo-wordpress\/ -->\n<title>Covid, ritorno a scuola senza sicurezza, a Bollate ma non solo - Il Notiziario<\/title>\n<meta name=\"description\" content=\"E\u2019 luned\u00ec sera, sto cenando con mia moglie e le racconto che di mattina a Bollate hanno compiuto un\u2019operazione eccezionale: hanno fatto il test anti-Covid\" \/>\n<meta name=\"robots\" content=\"index, follow, max-snippet:-1, max-image-preview:large, max-video-preview:-1\" \/>\n<link rel=\"canonical\" href=\"https:\/\/www.ilnotiziario.net\/wp\/editoriali\/covid-ritorno-scuola-senza-sicurezza\/\" \/>\n<meta property=\"og:locale\" content=\"it_IT\" \/>\n<meta property=\"og:type\" content=\"article\" \/>\n<meta property=\"og:title\" content=\"Covid, ritorno a scuola senza sicurezza, a Bollate ma non solo - Il Notiziario\" \/>\n<meta property=\"og:description\" content=\"E\u2019 luned\u00ec sera, sto cenando con mia moglie e le racconto che di mattina a Bollate hanno compiuto un\u2019operazione eccezionale: hanno fatto il test anti-Covid\" \/>\n<meta property=\"og:url\" content=\"https:\/\/www.ilnotiziario.net\/wp\/editoriali\/covid-ritorno-scuola-senza-sicurezza\/\" \/>\n<meta property=\"og:site_name\" content=\"Il Notiziario\" \/>\n<meta property=\"article:publisher\" content=\"https:\/\/www.facebook.com\/ilnotiziarioind\/\" \/>\n<meta property=\"article:published_time\" content=\"2021-04-22T08:17:58+00:00\" \/>\n<meta property=\"og:image\" content=\"https:\/\/www.ilnotiziario.net\/wp\/wp-content\/uploads\/2020\/12\/scuola-mascherina.jpg\" \/>\n\t<meta property=\"og:image:width\" content=\"500\" \/>\n\t<meta property=\"og:image:height\" content=\"346\" \/>\n\t<meta property=\"og:image:type\" content=\"image\/jpeg\" \/>\n<meta name=\"author\" content=\"Gabriele Bassani\" \/>\n<meta name=\"twitter:card\" content=\"summary_large_image\" \/>\n<meta name=\"twitter:creator\" content=\"@ilNotiziarioInd\" \/>\n<meta name=\"twitter:site\" content=\"@ilNotiziarioInd\" \/>\n<meta name=\"twitter:label1\" content=\"Scritto da\" \/>\n\t<meta name=\"twitter:data1\" content=\"Gabriele Bassani\" \/>\n\t<meta name=\"twitter:label2\" content=\"Tempo di lettura stimato\" \/>\n\t<meta name=\"twitter:data2\" content=\"2 minuti\" \/>\n<script type=\"application\/ld+json\" class=\"yoast-schema-graph\">{\"@context\":\"https:\\\/\\\/schema.org\",\"@graph\":[{\"@type\":\"Article\",\"@id\":\"https:\\\/\\\/www.ilnotiziario.net\\\/wp\\\/editoriali\\\/covid-ritorno-scuola-senza-sicurezza\\\/#article\",\"isPartOf\":{\"@id\":\"https:\\\/\\\/www.ilnotiziario.net\\\/wp\\\/editoriali\\\/covid-ritorno-scuola-senza-sicurezza\\\/\"},\"author\":{\"name\":\"Gabriele Bassani\",\"@id\":\"https:\\\/\\\/www.ilnotiziario.net\\\/wp\\\/#\\\/schema\\\/person\\\/386e222908f898bb41c033989482bbf2\"},\"headline\":\"Covid, ritorno a scuola senza sicurezza, a Bollate ma non solo\",\"datePublished\":\"2021-04-22T08:17:58+00:00\",\"mainEntityOfPage\":{\"@id\":\"https:\\\/\\\/www.ilnotiziario.net\\\/wp\\\/editoriali\\\/covid-ritorno-scuola-senza-sicurezza\\\/\"},\"wordCount\":269,\"publisher\":{\"@id\":\"https:\\\/\\\/www.ilnotiziario.net\\\/wp\\\/#organization\"},\"image\":{\"@id\":\"https:\\\/\\\/www.ilnotiziario.net\\\/wp\\\/editoriali\\\/covid-ritorno-scuola-senza-sicurezza\\\/#primaryimage\"},\"thumbnailUrl\":\"https:\\\/\\\/www.ilnotiziario.net\\\/wp\\\/wp-content\\\/uploads\\\/2020\\\/12\\\/scuola-mascherina.jpg\",\"keywords\":[\"covid\",\"quarantena\",\"scuola\",\"sicurezza\",\"test\"],\"articleSection\":[\"EDITORIALI\"],\"inLanguage\":\"it-IT\"},{\"@type\":\"WebPage\",\"@id\":\"https:\\\/\\\/www.ilnotiziario.net\\\/wp\\\/editoriali\\\/covid-ritorno-scuola-senza-sicurezza\\\/\",\"url\":\"https:\\\/\\\/www.ilnotiziario.net\\\/wp\\\/editoriali\\\/covid-ritorno-scuola-senza-sicurezza\\\/\",\"name\":\"Covid, ritorno a scuola senza sicurezza, a Bollate ma non solo - Il Notiziario\",\"isPartOf\":{\"@id\":\"https:\\\/\\\/www.ilnotiziario.net\\\/wp\\\/#website\"},\"primaryImageOfPage\":{\"@id\":\"https:\\\/\\\/www.ilnotiziario.net\\\/wp\\\/editoriali\\\/covid-ritorno-scuola-senza-sicurezza\\\/#primaryimage\"},\"image\":{\"@id\":\"https:\\\/\\\/www.ilnotiziario.net\\\/wp\\\/editoriali\\\/covid-ritorno-scuola-senza-sicurezza\\\/#primaryimage\"},\"thumbnailUrl\":\"https:\\\/\\\/www.ilnotiziario.net\\\/wp\\\/wp-content\\\/uploads\\\/2020\\\/12\\\/scuola-mascherina.jpg\",\"datePublished\":\"2021-04-22T08:17:58+00:00\",\"description\":\"E\u2019 luned\u00ec sera, sto cenando con mia moglie e le racconto che di mattina a Bollate hanno compiuto un\u2019operazione eccezionale: hanno fatto il test anti-Covid\",\"breadcrumb\":{\"@id\":\"https:\\\/\\\/www.ilnotiziario.net\\\/wp\\\/editoriali\\\/covid-ritorno-scuola-senza-sicurezza\\\/#breadcrumb\"},\"inLanguage\":\"it-IT\",\"potentialAction\":[{\"@type\":\"ReadAction\",\"target\":[\"https:\\\/\\\/www.ilnotiziario.net\\\/wp\\\/editoriali\\\/covid-ritorno-scuola-senza-sicurezza\\\/\"]}]},{\"@type\":\"ImageObject\",\"inLanguage\":\"it-IT\",\"@id\":\"https:\\\/\\\/www.ilnotiziario.net\\\/wp\\\/editoriali\\\/covid-ritorno-scuola-senza-sicurezza\\\/#primaryimage\",\"url\":\"https:\\\/\\\/www.ilnotiziario.net\\\/wp\\\/wp-content\\\/uploads\\\/2020\\\/12\\\/scuola-mascherina.jpg\",\"contentUrl\":\"https:\\\/\\\/www.ilnotiziario.net\\\/wp\\\/wp-content\\\/uploads\\\/2020\\\/12\\\/scuola-mascherina.jpg\",\"width\":500,\"height\":346,\"caption\":\"scuola mascherina\"},{\"@type\":\"BreadcrumbList\",\"@id\":\"https:\\\/\\\/www.ilnotiziario.net\\\/wp\\\/editoriali\\\/covid-ritorno-scuola-senza-sicurezza\\\/#breadcrumb\",\"itemListElement\":[{\"@type\":\"ListItem\",\"position\":1,\"name\":\"tds_text_logo_tagline_colortds_text_logo_tagline_colortds_text_logo_tagline_colortds_text_logo_tagline_colortd_module_7_title_excerpttd_module_7_title_excerpttd_module_7_title_excerpttd_module_7_title_excerptHome\",\"item\":\"https:\\\/\\\/www.ilnotiziario.net\\\/wp\\\/\"},{\"@type\":\"ListItem\",\"position\":2,\"name\":\"Covid, ritorno a scuola senza sicurezza, a Bollate ma non solo\"}]},{\"@type\":\"WebSite\",\"@id\":\"https:\\\/\\\/www.ilnotiziario.net\\\/wp\\\/#website\",\"url\":\"https:\\\/\\\/www.ilnotiziario.net\\\/wp\\\/\",\"name\":\"Il Notiziario\",\"description\":\"Per restare sempre connessi alla notizia\",\"publisher\":{\"@id\":\"https:\\\/\\\/www.ilnotiziario.net\\\/wp\\\/#organization\"},\"alternateName\":\"Il Notiziario Bollate\",\"potentialAction\":[{\"@type\":\"SearchAction\",\"target\":{\"@type\":\"EntryPoint\",\"urlTemplate\":\"https:\\\/\\\/www.ilnotiziario.net\\\/wp\\\/?s={search_term_string}\"},\"query-input\":{\"@type\":\"PropertyValueSpecification\",\"valueRequired\":true,\"valueName\":\"search_term_string\"}}],\"inLanguage\":\"it-IT\"},{\"@type\":\"Organization\",\"@id\":\"https:\\\/\\\/www.ilnotiziario.net\\\/wp\\\/#organization\",\"name\":\"Il Notiziario\",\"url\":\"https:\\\/\\\/www.ilnotiziario.net\\\/wp\\\/\",\"logo\":{\"@type\":\"ImageObject\",\"inLanguage\":\"it-IT\",\"@id\":\"https:\\\/\\\/www.ilnotiziario.net\\\/wp\\\/#\\\/schema\\\/logo\\\/image\\\/\",\"url\":\"https:\\\/\\\/www.ilnotiziario.net\\\/wp\\\/wp-content\\\/uploads\\\/2022\\\/06\\\/170x170ilN.png\",\"contentUrl\":\"https:\\\/\\\/www.ilnotiziario.net\\\/wp\\\/wp-content\\\/uploads\\\/2022\\\/06\\\/170x170ilN.png\",\"width\":355,\"height\":355,\"caption\":\"Il Notiziario\"},\"image\":{\"@id\":\"https:\\\/\\\/www.ilnotiziario.net\\\/wp\\\/#\\\/schema\\\/logo\\\/image\\\/\"},\"sameAs\":[\"https:\\\/\\\/www.facebook.com\\\/ilnotiziarioind\\\/\",\"https:\\\/\\\/x.com\\\/ilNotiziarioInd\",\"https:\\\/\\\/www.instagram.com\\\/ilnotiziario_settimanale\\\/\"]},{\"@type\":\"Person\",\"@id\":\"https:\\\/\\\/www.ilnotiziario.net\\\/wp\\\/#\\\/schema\\\/person\\\/386e222908f898bb41c033989482bbf2\",\"name\":\"Gabriele Bassani\",\"image\":{\"@type\":\"ImageObject\",\"inLanguage\":\"it-IT\",\"@id\":\"https:\\\/\\\/secure.gravatar.com\\\/avatar\\\/09274f4a84fa97698bde56f84b3afed61c8492d48b0550db9671b68c177479cb?s=96&d=mm&r=g\",\"url\":\"https:\\\/\\\/secure.gravatar.com\\\/avatar\\\/09274f4a84fa97698bde56f84b3afed61c8492d48b0550db9671b68c177479cb?s=96&d=mm&r=g\",\"contentUrl\":\"https:\\\/\\\/secure.gravatar.com\\\/avatar\\\/09274f4a84fa97698bde56f84b3afed61c8492d48b0550db9671b68c177479cb?s=96&d=mm&r=g\",\"caption\":\"Gabriele Bassani\"},\"sameAs\":[\"http:\\\/\\\/www.ilnotiziario.net\"]}]}<\/script>\n<!-- \/ Yoast SEO plugin. -->","yoast_head_json":{"title":"Covid, ritorno a scuola senza sicurezza, a Bollate ma non solo - Il Notiziario","description":"E\u2019 luned\u00ec sera, sto cenando con mia moglie e le racconto che di mattina a Bollate hanno compiuto un\u2019operazione eccezionale: hanno fatto il test anti-Covid","robots":{"index":"index","follow":"follow","max-snippet":"max-snippet:-1","max-image-preview":"max-image-preview:large","max-video-preview":"max-video-preview:-1"},"canonical":"https:\/\/www.ilnotiziario.net\/wp\/editoriali\/covid-ritorno-scuola-senza-sicurezza\/","og_locale":"it_IT","og_type":"article","og_title":"Covid, ritorno a scuola senza sicurezza, a Bollate ma non solo - Il Notiziario","og_description":"E\u2019 luned\u00ec sera, sto cenando con mia moglie e le racconto che di mattina a Bollate hanno compiuto un\u2019operazione eccezionale: hanno fatto il test anti-Covid","og_url":"https:\/\/www.ilnotiziario.net\/wp\/editoriali\/covid-ritorno-scuola-senza-sicurezza\/","og_site_name":"Il Notiziario","article_publisher":"https:\/\/www.facebook.com\/ilnotiziarioind\/","article_published_time":"2021-04-22T08:17:58+00:00","og_image":[{"width":500,"height":346,"url":"https:\/\/www.ilnotiziario.net\/wp\/wp-content\/uploads\/2020\/12\/scuola-mascherina.jpg","type":"image\/jpeg"}],"author":"Gabriele Bassani","twitter_card":"summary_large_image","twitter_creator":"@ilNotiziarioInd","twitter_site":"@ilNotiziarioInd","twitter_misc":{"Scritto da":"Gabriele Bassani","Tempo di lettura stimato":"2 minuti"},"schema":{"@context":"https:\/\/schema.org","@graph":[{"@type":"Article","@id":"https:\/\/www.ilnotiziario.net\/wp\/editoriali\/covid-ritorno-scuola-senza-sicurezza\/#article","isPartOf":{"@id":"https:\/\/www.ilnotiziario.net\/wp\/editoriali\/covid-ritorno-scuola-senza-sicurezza\/"},"author":{"name":"Gabriele Bassani","@id":"https:\/\/www.ilnotiziario.net\/wp\/#\/schema\/person\/386e222908f898bb41c033989482bbf2"},"headline":"Covid, ritorno a scuola senza sicurezza, a Bollate ma non solo","datePublished":"2021-04-22T08:17:58+00:00","mainEntityOfPage":{"@id":"https:\/\/www.ilnotiziario.net\/wp\/editoriali\/covid-ritorno-scuola-senza-sicurezza\/"},"wordCount":269,"publisher":{"@id":"https:\/\/www.ilnotiziario.net\/wp\/#organization"},"image":{"@id":"https:\/\/www.ilnotiziario.net\/wp\/editoriali\/covid-ritorno-scuola-senza-sicurezza\/#primaryimage"},"thumbnailUrl":"https:\/\/www.ilnotiziario.net\/wp\/wp-content\/uploads\/2020\/12\/scuola-mascherina.jpg","keywords":["covid","quarantena","scuola","sicurezza","test"],"articleSection":["EDITORIALI"],"inLanguage":"it-IT"},{"@type":"WebPage","@id":"https:\/\/www.ilnotiziario.net\/wp\/editoriali\/covid-ritorno-scuola-senza-sicurezza\/","url":"https:\/\/www.ilnotiziario.net\/wp\/editoriali\/covid-ritorno-scuola-senza-sicurezza\/","name":"Covid, ritorno a scuola senza sicurezza, a Bollate ma non solo - Il Notiziario","isPartOf":{"@id":"https:\/\/www.ilnotiziario.net\/wp\/#website"},"primaryImageOfPage":{"@id":"https:\/\/www.ilnotiziario.net\/wp\/editoriali\/covid-ritorno-scuola-senza-sicurezza\/#primaryimage"},"image":{"@id":"https:\/\/www.ilnotiziario.net\/wp\/editoriali\/covid-ritorno-scuola-senza-sicurezza\/#primaryimage"},"thumbnailUrl":"https:\/\/www.ilnotiziario.net\/wp\/wp-content\/uploads\/2020\/12\/scuola-mascherina.jpg","datePublished":"2021-04-22T08:17:58+00:00","description":"E\u2019 luned\u00ec sera, sto cenando con mia moglie e le racconto che di mattina a Bollate hanno compiuto un\u2019operazione eccezionale: hanno fatto il test anti-Covid","breadcrumb":{"@id":"https:\/\/www.ilnotiziario.net\/wp\/editoriali\/covid-ritorno-scuola-senza-sicurezza\/#breadcrumb"},"inLanguage":"it-IT","potentialAction":[{"@type":"ReadAction","target":["https:\/\/www.ilnotiziario.net\/wp\/editoriali\/covid-ritorno-scuola-senza-sicurezza\/"]}]},{"@type":"ImageObject","inLanguage":"it-IT","@id":"https:\/\/www.ilnotiziario.net\/wp\/editoriali\/covid-ritorno-scuola-senza-sicurezza\/#primaryimage","url":"https:\/\/www.ilnotiziario.net\/wp\/wp-content\/uploads\/2020\/12\/scuola-mascherina.jpg","contentUrl":"https:\/\/www.ilnotiziario.net\/wp\/wp-content\/uploads\/2020\/12\/scuola-mascherina.jpg","width":500,"height":346,"caption":"scuola mascherina"},{"@type":"BreadcrumbList","@id":"https:\/\/www.ilnotiziario.net\/wp\/editoriali\/covid-ritorno-scuola-senza-sicurezza\/#breadcrumb","itemListElement":[{"@type":"ListItem","position":1,"name":"tds_text_logo_tagline_colortds_text_logo_tagline_colortds_text_logo_tagline_colortds_text_logo_tagline_colortd_module_7_title_excerpttd_module_7_title_excerpttd_module_7_title_excerpttd_module_7_title_excerptHome","item":"https:\/\/www.ilnotiziario.net\/wp\/"},{"@type":"ListItem","position":2,"name":"Covid, ritorno a scuola senza sicurezza, a Bollate ma non solo"}]},{"@type":"WebSite","@id":"https:\/\/www.ilnotiziario.net\/wp\/#website","url":"https:\/\/www.ilnotiziario.net\/wp\/","name":"Il Notiziario","description":"Per restare sempre connessi alla notizia","publisher":{"@id":"https:\/\/www.ilnotiziario.net\/wp\/#organization"},"alternateName":"Il Notiziario Bollate","potentialAction":[{"@type":"SearchAction","target":{"@type":"EntryPoint","urlTemplate":"https:\/\/www.ilnotiziario.net\/wp\/?s={search_term_string}"},"query-input":{"@type":"PropertyValueSpecification","valueRequired":true,"valueName":"search_term_string"}}],"inLanguage":"it-IT"},{"@type":"Organization","@id":"https:\/\/www.ilnotiziario.net\/wp\/#organization","name":"Il Notiziario","url":"https:\/\/www.ilnotiziario.net\/wp\/","logo":{"@type":"ImageObject","inLanguage":"it-IT","@id":"https:\/\/www.ilnotiziario.net\/wp\/#\/schema\/logo\/image\/","url":"https:\/\/www.ilnotiziario.net\/wp\/wp-content\/uploads\/2022\/06\/170x170ilN.png","contentUrl":"https:\/\/www.ilnotiziario.net\/wp\/wp-content\/uploads\/2022\/06\/170x170ilN.png","width":355,"height":355,"caption":"Il Notiziario"},"image":{"@id":"https:\/\/www.ilnotiziario.net\/wp\/#\/schema\/logo\/image\/"},"sameAs":["https:\/\/www.facebook.com\/ilnotiziarioind\/","https:\/\/x.com\/ilNotiziarioInd","https:\/\/www.instagram.com\/ilnotiziario_settimanale\/"]},{"@type":"Person","@id":"https:\/\/www.ilnotiziario.net\/wp\/#\/schema\/person\/386e222908f898bb41c033989482bbf2","name":"Gabriele Bassani","image":{"@type":"ImageObject","inLanguage":"it-IT","@id":"https:\/\/secure.gravatar.com\/avatar\/09274f4a84fa97698bde56f84b3afed61c8492d48b0550db9671b68c177479cb?s=96&d=mm&r=g","url":"https:\/\/secure.gravatar.com\/avatar\/09274f4a84fa97698bde56f84b3afed61c8492d48b0550db9671b68c177479cb?s=96&d=mm&r=g","contentUrl":"https:\/\/secure.gravatar.com\/avatar\/09274f4a84fa97698bde56f84b3afed61c8492d48b0550db9671b68c177479cb?s=96&d=mm&r=g","caption":"Gabriele Bassani"},"sameAs":["http:\/\/www.ilnotiziario.net"]}]}},"_links":{"self":[{"href":"https:\/\/www.ilnotiziario.net\/wp\/wp-json\/wp\/v2\/posts\/150901","targetHints":{"allow":["GET"]}}],"collection":[{"href":"https:\/\/www.ilnotiziario.net\/wp\/wp-json\/wp\/v2\/posts"}],"about":[{"href":"https:\/\/www.ilnotiziario.net\/wp\/wp-json\/wp\/v2\/types\/post"}],"author":[{"embeddable":true,"href":"https:\/\/www.ilnotiziario.net\/wp\/wp-json\/wp\/v2\/users\/3"}],"replies":[{"embeddable":true,"href":"https:\/\/www.ilnotiziario.net\/wp\/wp-json\/wp\/v2\/comments?post=150901"}],"version-history":[{"count":0,"href":"https:\/\/www.ilnotiziario.net\/wp\/wp-json\/wp\/v2\/posts\/150901\/revisions"}],"wp:featuredmedia":[{"embeddable":true,"href":"https:\/\/www.ilnotiziario.net\/wp\/wp-json\/wp\/v2\/media\/145392"}],"wp:attachment":[{"href":"https:\/\/www.ilnotiziario.net\/wp\/wp-json\/wp\/v2\/media?parent=150901"}],"wp:term":[{"taxonomy":"category","embeddable":true,"href":"https:\/\/www.ilnotiziario.net\/wp\/wp-json\/wp\/v2\/categories?post=150901"},{"taxonomy":"post_tag","embeddable":true,"href":"https:\/\/www.ilnotiziario.net\/wp\/wp-json\/wp\/v2\/tags?post=150901"}],"curies":[{"name":"wp","href":"https:\/\/api.w.org\/{rel}","templated":true}]}}