{"id":151126,"date":"2021-04-28T08:33:34","date_gmt":"2021-04-28T06:33:34","guid":{"rendered":"https:\/\/www.ilnotiziario.net\/wp\/?p=151126"},"modified":"2021-04-28T08:34:02","modified_gmt":"2021-04-28T06:34:02","slug":"garbagnate-ricoverato-ospedale-senza-saperlo","status":"publish","type":"post","link":"https:\/\/www.ilnotiziario.net\/wp\/bollatese\/garbagnate-ricoverato-ospedale-senza-saperlo\/","title":{"rendered":"Garbagnate: ricoverato in ospedale\u2026 senza saperlo"},"content":{"rendered":"<p><img fetchpriority=\"high\" decoding=\"async\" class=\"size-medium wp-image-151127 aligncenter\" src=\"https:\/\/www.ilnotiziario.net\/wp\/wp-content\/uploads\/2021\/04\/vadala-300x227.jpg\" alt=\"Garbagnate ricoverato ospedale\" width=\"300\" height=\"227\" srcset=\"https:\/\/www.ilnotiziario.net\/wp\/wp-content\/uploads\/2021\/04\/vadala-300x227.jpg 300w, https:\/\/www.ilnotiziario.net\/wp\/wp-content\/uploads\/2021\/04\/vadala-768x581.jpg 768w, https:\/\/www.ilnotiziario.net\/wp\/wp-content\/uploads\/2021\/04\/vadala-696x526.jpg 696w, https:\/\/www.ilnotiziario.net\/wp\/wp-content\/uploads\/2021\/04\/vadala-80x60.jpg 80w, https:\/\/www.ilnotiziario.net\/wp\/wp-content\/uploads\/2021\/04\/vadala-160x120.jpg 160w, https:\/\/www.ilnotiziario.net\/wp\/wp-content\/uploads\/2021\/04\/vadala.jpg 907w\" sizes=\"(max-width: 300px) 100vw, 300px\" \/>Un uomo di Rho si \u00e8 trovato &#8220;virtualmente&#8221; ricoverato in ospedale a Garbagnate pur essendo tranquillamente nel suo letto: una curiosa <strong>disavventura telematica.<\/strong><\/p><div id=\"ilnot-1721128076\" class=\"ilnot-contenuto ilnot-entity-placement\"><p><!-- incontent_1 --><\/p>\n<div class=\"gptslot\" data-adunitid=\"1\"><\/div>\n<\/div>\n<p>Va tranquillamente a dormire nel suo letto di casa il sabato sera e, mentre sta dormendo, alle 2 di notte gli arriva la comunicazione dalla Regione che lui \u00e8 ricoverato al Pronto soccorso dell\u2019ospedale di Garbagnate. E\u2019 la curiosa (ma per certi versi anche inquietante) situazione che ha vissuto Domenico V., un cittadino residente a Rho, ma che si \u00e8 trovato \u201cricoverato\u201d a Garbagnate senza neppure saperlo.<\/p>\n<p>Errore? <strong>Scambio di persona? Omonimia? Furto d\u2019identit\u00e0?<\/strong> Sono molti i dubbi che sono venuti allo sventurato pensionato.<\/p><div id=\"ilnot-2984102862\" class=\"ilnot-contenuto_2 ilnot-entity-placement\"><div class=\"ads-wrapper\">\n<div class=\"ad-slot\">\n   <div id=\"ilnot-1600448400\" style=\"margin-right: auto;margin-left: auto;text-align: center;width: 320px;height: 100px;\"><a href=\"https:\/\/www.scuolasicurezza.it\/\"><img decoding=\"async\" src=\"https:\/\/www.ilnotiziario.net\/wp\/wp-content\/uploads\/2026\/04\/IlNotiziario_banner-sito-e-newsletter-320-x-100-px-1.gif\" alt=\"\"><\/a><\/div>\n  <\/div>\n<div class=\"ad-slot\">\n   <div id=\"ilnot-4201510930\" style=\"margin-right: auto;margin-left: auto;text-align: center;width: 320px;height: 100px;\"><a href=\"https:\/\/purodesignarredamenti.com\/\"><img decoding=\"async\" src=\"https:\/\/www.ilnotiziario.net\/wp\/wp-content\/uploads\/2026\/04\/banner-puro-ok.gif\" alt=\"whatsapp\"><\/a><\/div><\/p><\/div>\n<\/div>\n<\/div>\n<p>\u201cNella notte dell\u201911aprile \u2013 ci racconta &#8211; attorno alle 2 ho ricevuto sul mio telefonino u<strong>n messaggio da Regione Lombardia<\/strong> che mi segnalava che nel fascicolo sanitario regionale era consultabile un mio documento. Al mattino, quando mi sono accorto del messaggio, ho fatto l\u2019accesso e mi sono ritrovato un referto a mio nome con tutti i dati giusti (nome e cognome, data di nascita, codice fiscale) tranne l\u2019indirizzo della residenza: la via era sbagliata. Il referto <strong>era firmato da una dottoressa<\/strong> e sosteneva che io fossi ricoverato al Pronto soccorso dell\u2019ospedale di Garbagnate.<\/p>\n<p>A quel punto ho chiamato il Pronto soccorso dell\u2019ospedale e all\u2019infermiere che mi ha risposto ho spiegato la stranezza. Lui mi ha detto che, essendo domenica, gli uffici erano chiusi e non ci poteva fare nulla. Tuttavia, mezz\u2019ora dopo <strong>misteriosamente il documento \u00e8 sparito dal mio fascicolo sanitario\u201d.<\/strong><\/p>\n<p>A questo punto Domenico \u00e8 preoccupato: \u00e8 vero che per fortuna sta bene di salute e non era lui la persona ricoverata in Pronto soccorso, ma ci\u00f2 che si chiede \u00e8 se si sia trattato solo di un banale errore, oppure se qualcuno si \u00e8 appropriato della sua identit\u00e0.<\/p><div id=\"ilnot-2133871723\" class=\"ilnot-contenuto_2-2 ilnot-entity-placement\"><div class=\"gptslot\" data-adunitid=\"2\"><\/div>\n<\/div>\n","protected":false},"excerpt":{"rendered":"<p>Un uomo di Rho si \u00e8 trovato &#8220;virtualmente&#8221; ricoverato in ospedale a Garbagnate pur essendo tranquillamente nel suo letto: una curiosa disavventura telematica. Va tranquillamente a dormire nel suo letto di casa il sabato sera e, mentre sta dormendo, alle 2 di notte gli arriva la comunicazione dalla Regione che lui \u00e8 ricoverato al Pronto<\/p>\n","protected":false},"author":14,"featured_media":151127,"comment_status":"closed","ping_status":"closed","sticky":false,"template":"","format":"standard","meta":{"footnotes":""},"categories":[8,11,20],"tags":[43,2623,219,54,8634],"class_list":{"0":"post-151126","1":"post","2":"type-post","3":"status-publish","4":"format-standard","5":"has-post-thumbnail","7":"category-bollatese","8":"category-nord-milano","9":"category-prima-pagina","10":"tag-garbagnate","11":"tag-messaggio","12":"tag-ospedale","13":"tag-regione-lombardia","14":"tag-ricoverato"},"yoast_head":"<!-- This site is optimized with the Yoast SEO plugin v27.5 - https:\/\/yoast.com\/product\/yoast-seo-wordpress\/ -->\n<title>Garbagnate: ricoverato in ospedale\u2026 senza saperlo - Il Notiziario<\/title>\n<meta name=\"description\" content=\"Un uomo di Rho si \u00e8 trovato &quot;virtualmente&quot; ricoverato in ospedale a Garbagnate pur essendo tranquillamente nel suo letto: una curiosa disavventura\" \/>\n<meta name=\"robots\" content=\"index, follow, max-snippet:-1, max-image-preview:large, max-video-preview:-1\" \/>\n<link rel=\"canonical\" href=\"https:\/\/www.ilnotiziario.net\/wp\/bollatese\/garbagnate-ricoverato-ospedale-senza-saperlo\/\" \/>\n<meta property=\"og:locale\" content=\"it_IT\" \/>\n<meta property=\"og:type\" content=\"article\" \/>\n<meta property=\"og:title\" content=\"Garbagnate: ricoverato in ospedale\u2026 senza saperlo - Il Notiziario\" \/>\n<meta property=\"og:description\" content=\"Un uomo di Rho si \u00e8 trovato &quot;virtualmente&quot; ricoverato in ospedale a Garbagnate pur essendo tranquillamente nel suo letto: una curiosa disavventura\" \/>\n<meta property=\"og:url\" content=\"https:\/\/www.ilnotiziario.net\/wp\/bollatese\/garbagnate-ricoverato-ospedale-senza-saperlo\/\" \/>\n<meta property=\"og:site_name\" content=\"Il Notiziario\" \/>\n<meta property=\"article:publisher\" content=\"https:\/\/www.facebook.com\/ilnotiziarioind\/\" \/>\n<meta property=\"article:published_time\" content=\"2021-04-28T06:33:34+00:00\" \/>\n<meta property=\"article:modified_time\" content=\"2021-04-28T06:34:02+00:00\" \/>\n<meta property=\"og:image\" content=\"https:\/\/www.ilnotiziario.net\/wp\/wp-content\/uploads\/2021\/04\/vadala.jpg\" \/>\n\t<meta property=\"og:image:width\" content=\"907\" \/>\n\t<meta property=\"og:image:height\" content=\"686\" \/>\n\t<meta property=\"og:image:type\" content=\"image\/jpeg\" \/>\n<meta name=\"author\" content=\"Silvia Citterio\" \/>\n<meta name=\"twitter:card\" content=\"summary_large_image\" \/>\n<meta name=\"twitter:creator\" content=\"@ilNotiziarioInd\" \/>\n<meta name=\"twitter:site\" content=\"@ilNotiziarioInd\" \/>\n<meta name=\"twitter:label1\" content=\"Scritto da\" \/>\n\t<meta name=\"twitter:data1\" content=\"Silvia Citterio\" \/>\n\t<meta name=\"twitter:label2\" content=\"Tempo di lettura stimato\" \/>\n\t<meta name=\"twitter:data2\" content=\"2 minuti\" \/>\n<script type=\"application\/ld+json\" class=\"yoast-schema-graph\">{\"@context\":\"https:\\\/\\\/schema.org\",\"@graph\":[{\"@type\":\"Article\",\"@id\":\"https:\\\/\\\/www.ilnotiziario.net\\\/wp\\\/bollatese\\\/garbagnate-ricoverato-ospedale-senza-saperlo\\\/#article\",\"isPartOf\":{\"@id\":\"https:\\\/\\\/www.ilnotiziario.net\\\/wp\\\/bollatese\\\/garbagnate-ricoverato-ospedale-senza-saperlo\\\/\"},\"author\":{\"name\":\"Silvia Citterio\",\"@id\":\"https:\\\/\\\/www.ilnotiziario.net\\\/wp\\\/#\\\/schema\\\/person\\\/c5bca2edc3d99d29959f04a6126f687b\"},\"headline\":\"Garbagnate: ricoverato in ospedale\u2026 senza saperlo\",\"datePublished\":\"2021-04-28T06:33:34+00:00\",\"dateModified\":\"2021-04-28T06:34:02+00:00\",\"mainEntityOfPage\":{\"@id\":\"https:\\\/\\\/www.ilnotiziario.net\\\/wp\\\/bollatese\\\/garbagnate-ricoverato-ospedale-senza-saperlo\\\/\"},\"wordCount\":301,\"publisher\":{\"@id\":\"https:\\\/\\\/www.ilnotiziario.net\\\/wp\\\/#organization\"},\"image\":{\"@id\":\"https:\\\/\\\/www.ilnotiziario.net\\\/wp\\\/bollatese\\\/garbagnate-ricoverato-ospedale-senza-saperlo\\\/#primaryimage\"},\"thumbnailUrl\":\"https:\\\/\\\/www.ilnotiziario.net\\\/wp\\\/wp-content\\\/uploads\\\/2021\\\/04\\\/vadala.jpg\",\"keywords\":[\"Garbagnate\",\"messaggio\",\"ospedale\",\"Regione Lombardia\",\"ricoverato\"],\"articleSection\":[\"BOLLATESE\",\"NORD MILANO\",\"Prima Pagina\"],\"inLanguage\":\"it-IT\"},{\"@type\":\"WebPage\",\"@id\":\"https:\\\/\\\/www.ilnotiziario.net\\\/wp\\\/bollatese\\\/garbagnate-ricoverato-ospedale-senza-saperlo\\\/\",\"url\":\"https:\\\/\\\/www.ilnotiziario.net\\\/wp\\\/bollatese\\\/garbagnate-ricoverato-ospedale-senza-saperlo\\\/\",\"name\":\"Garbagnate: ricoverato in ospedale\u2026 senza saperlo - Il Notiziario\",\"isPartOf\":{\"@id\":\"https:\\\/\\\/www.ilnotiziario.net\\\/wp\\\/#website\"},\"primaryImageOfPage\":{\"@id\":\"https:\\\/\\\/www.ilnotiziario.net\\\/wp\\\/bollatese\\\/garbagnate-ricoverato-ospedale-senza-saperlo\\\/#primaryimage\"},\"image\":{\"@id\":\"https:\\\/\\\/www.ilnotiziario.net\\\/wp\\\/bollatese\\\/garbagnate-ricoverato-ospedale-senza-saperlo\\\/#primaryimage\"},\"thumbnailUrl\":\"https:\\\/\\\/www.ilnotiziario.net\\\/wp\\\/wp-content\\\/uploads\\\/2021\\\/04\\\/vadala.jpg\",\"datePublished\":\"2021-04-28T06:33:34+00:00\",\"dateModified\":\"2021-04-28T06:34:02+00:00\",\"description\":\"Un uomo di Rho si \u00e8 trovato \\\"virtualmente\\\" ricoverato in ospedale a Garbagnate pur essendo tranquillamente nel suo letto: una curiosa disavventura\",\"breadcrumb\":{\"@id\":\"https:\\\/\\\/www.ilnotiziario.net\\\/wp\\\/bollatese\\\/garbagnate-ricoverato-ospedale-senza-saperlo\\\/#breadcrumb\"},\"inLanguage\":\"it-IT\",\"potentialAction\":[{\"@type\":\"ReadAction\",\"target\":[\"https:\\\/\\\/www.ilnotiziario.net\\\/wp\\\/bollatese\\\/garbagnate-ricoverato-ospedale-senza-saperlo\\\/\"]}]},{\"@type\":\"ImageObject\",\"inLanguage\":\"it-IT\",\"@id\":\"https:\\\/\\\/www.ilnotiziario.net\\\/wp\\\/bollatese\\\/garbagnate-ricoverato-ospedale-senza-saperlo\\\/#primaryimage\",\"url\":\"https:\\\/\\\/www.ilnotiziario.net\\\/wp\\\/wp-content\\\/uploads\\\/2021\\\/04\\\/vadala.jpg\",\"contentUrl\":\"https:\\\/\\\/www.ilnotiziario.net\\\/wp\\\/wp-content\\\/uploads\\\/2021\\\/04\\\/vadala.jpg\",\"width\":907,\"height\":686,\"caption\":\"Garbagnate ricoverato ospedale\"},{\"@type\":\"BreadcrumbList\",\"@id\":\"https:\\\/\\\/www.ilnotiziario.net\\\/wp\\\/bollatese\\\/garbagnate-ricoverato-ospedale-senza-saperlo\\\/#breadcrumb\",\"itemListElement\":[{\"@type\":\"ListItem\",\"position\":1,\"name\":\"tds_text_logo_tagline_colortds_text_logo_tagline_colortds_text_logo_tagline_colortds_text_logo_tagline_colortd_module_7_title_excerpttd_module_7_title_excerpttd_module_7_title_excerpttd_module_7_title_excerptHome\",\"item\":\"https:\\\/\\\/www.ilnotiziario.net\\\/wp\\\/\"},{\"@type\":\"ListItem\",\"position\":2,\"name\":\"Garbagnate: ricoverato in ospedale\u2026 senza saperlo\"}]},{\"@type\":\"WebSite\",\"@id\":\"https:\\\/\\\/www.ilnotiziario.net\\\/wp\\\/#website\",\"url\":\"https:\\\/\\\/www.ilnotiziario.net\\\/wp\\\/\",\"name\":\"Il Notiziario\",\"description\":\"Per restare sempre connessi alla notizia\",\"publisher\":{\"@id\":\"https:\\\/\\\/www.ilnotiziario.net\\\/wp\\\/#organization\"},\"alternateName\":\"Il Notiziario Bollate\",\"potentialAction\":[{\"@type\":\"SearchAction\",\"target\":{\"@type\":\"EntryPoint\",\"urlTemplate\":\"https:\\\/\\\/www.ilnotiziario.net\\\/wp\\\/?s={search_term_string}\"},\"query-input\":{\"@type\":\"PropertyValueSpecification\",\"valueRequired\":true,\"valueName\":\"search_term_string\"}}],\"inLanguage\":\"it-IT\"},{\"@type\":\"Organization\",\"@id\":\"https:\\\/\\\/www.ilnotiziario.net\\\/wp\\\/#organization\",\"name\":\"Il Notiziario\",\"url\":\"https:\\\/\\\/www.ilnotiziario.net\\\/wp\\\/\",\"logo\":{\"@type\":\"ImageObject\",\"inLanguage\":\"it-IT\",\"@id\":\"https:\\\/\\\/www.ilnotiziario.net\\\/wp\\\/#\\\/schema\\\/logo\\\/image\\\/\",\"url\":\"https:\\\/\\\/www.ilnotiziario.net\\\/wp\\\/wp-content\\\/uploads\\\/2022\\\/06\\\/170x170ilN.png\",\"contentUrl\":\"https:\\\/\\\/www.ilnotiziario.net\\\/wp\\\/wp-content\\\/uploads\\\/2022\\\/06\\\/170x170ilN.png\",\"width\":355,\"height\":355,\"caption\":\"Il Notiziario\"},\"image\":{\"@id\":\"https:\\\/\\\/www.ilnotiziario.net\\\/wp\\\/#\\\/schema\\\/logo\\\/image\\\/\"},\"sameAs\":[\"https:\\\/\\\/www.facebook.com\\\/ilnotiziarioind\\\/\",\"https:\\\/\\\/x.com\\\/ilNotiziarioInd\",\"https:\\\/\\\/www.instagram.com\\\/ilnotiziario_settimanale\\\/\"]},{\"@type\":\"Person\",\"@id\":\"https:\\\/\\\/www.ilnotiziario.net\\\/wp\\\/#\\\/schema\\\/person\\\/c5bca2edc3d99d29959f04a6126f687b\",\"name\":\"Silvia Citterio\",\"image\":{\"@type\":\"ImageObject\",\"inLanguage\":\"it-IT\",\"@id\":\"https:\\\/\\\/secure.gravatar.com\\\/avatar\\\/03eb19c63b944e79a9b5ce53ca5d1ca303edcf368a68721ec3ccaae7f98c5afd?s=96&d=mm&r=g\",\"url\":\"https:\\\/\\\/secure.gravatar.com\\\/avatar\\\/03eb19c63b944e79a9b5ce53ca5d1ca303edcf368a68721ec3ccaae7f98c5afd?s=96&d=mm&r=g\",\"contentUrl\":\"https:\\\/\\\/secure.gravatar.com\\\/avatar\\\/03eb19c63b944e79a9b5ce53ca5d1ca303edcf368a68721ec3ccaae7f98c5afd?s=96&d=mm&r=g\",\"caption\":\"Silvia Citterio\"}}]}<\/script>\n<!-- \/ Yoast SEO plugin. -->","yoast_head_json":{"title":"Garbagnate: ricoverato in ospedale\u2026 senza saperlo - Il Notiziario","description":"Un uomo di Rho si \u00e8 trovato \"virtualmente\" ricoverato in ospedale a Garbagnate pur essendo tranquillamente nel suo letto: una curiosa disavventura","robots":{"index":"index","follow":"follow","max-snippet":"max-snippet:-1","max-image-preview":"max-image-preview:large","max-video-preview":"max-video-preview:-1"},"canonical":"https:\/\/www.ilnotiziario.net\/wp\/bollatese\/garbagnate-ricoverato-ospedale-senza-saperlo\/","og_locale":"it_IT","og_type":"article","og_title":"Garbagnate: ricoverato in ospedale\u2026 senza saperlo - Il Notiziario","og_description":"Un uomo di Rho si \u00e8 trovato \"virtualmente\" ricoverato in ospedale a Garbagnate pur essendo tranquillamente nel suo letto: una curiosa disavventura","og_url":"https:\/\/www.ilnotiziario.net\/wp\/bollatese\/garbagnate-ricoverato-ospedale-senza-saperlo\/","og_site_name":"Il Notiziario","article_publisher":"https:\/\/www.facebook.com\/ilnotiziarioind\/","article_published_time":"2021-04-28T06:33:34+00:00","article_modified_time":"2021-04-28T06:34:02+00:00","og_image":[{"width":907,"height":686,"url":"https:\/\/www.ilnotiziario.net\/wp\/wp-content\/uploads\/2021\/04\/vadala.jpg","type":"image\/jpeg"}],"author":"Silvia Citterio","twitter_card":"summary_large_image","twitter_creator":"@ilNotiziarioInd","twitter_site":"@ilNotiziarioInd","twitter_misc":{"Scritto da":"Silvia Citterio","Tempo di lettura stimato":"2 minuti"},"schema":{"@context":"https:\/\/schema.org","@graph":[{"@type":"Article","@id":"https:\/\/www.ilnotiziario.net\/wp\/bollatese\/garbagnate-ricoverato-ospedale-senza-saperlo\/#article","isPartOf":{"@id":"https:\/\/www.ilnotiziario.net\/wp\/bollatese\/garbagnate-ricoverato-ospedale-senza-saperlo\/"},"author":{"name":"Silvia Citterio","@id":"https:\/\/www.ilnotiziario.net\/wp\/#\/schema\/person\/c5bca2edc3d99d29959f04a6126f687b"},"headline":"Garbagnate: ricoverato in ospedale\u2026 senza saperlo","datePublished":"2021-04-28T06:33:34+00:00","dateModified":"2021-04-28T06:34:02+00:00","mainEntityOfPage":{"@id":"https:\/\/www.ilnotiziario.net\/wp\/bollatese\/garbagnate-ricoverato-ospedale-senza-saperlo\/"},"wordCount":301,"publisher":{"@id":"https:\/\/www.ilnotiziario.net\/wp\/#organization"},"image":{"@id":"https:\/\/www.ilnotiziario.net\/wp\/bollatese\/garbagnate-ricoverato-ospedale-senza-saperlo\/#primaryimage"},"thumbnailUrl":"https:\/\/www.ilnotiziario.net\/wp\/wp-content\/uploads\/2021\/04\/vadala.jpg","keywords":["Garbagnate","messaggio","ospedale","Regione Lombardia","ricoverato"],"articleSection":["BOLLATESE","NORD MILANO","Prima Pagina"],"inLanguage":"it-IT"},{"@type":"WebPage","@id":"https:\/\/www.ilnotiziario.net\/wp\/bollatese\/garbagnate-ricoverato-ospedale-senza-saperlo\/","url":"https:\/\/www.ilnotiziario.net\/wp\/bollatese\/garbagnate-ricoverato-ospedale-senza-saperlo\/","name":"Garbagnate: ricoverato in ospedale\u2026 senza saperlo - Il Notiziario","isPartOf":{"@id":"https:\/\/www.ilnotiziario.net\/wp\/#website"},"primaryImageOfPage":{"@id":"https:\/\/www.ilnotiziario.net\/wp\/bollatese\/garbagnate-ricoverato-ospedale-senza-saperlo\/#primaryimage"},"image":{"@id":"https:\/\/www.ilnotiziario.net\/wp\/bollatese\/garbagnate-ricoverato-ospedale-senza-saperlo\/#primaryimage"},"thumbnailUrl":"https:\/\/www.ilnotiziario.net\/wp\/wp-content\/uploads\/2021\/04\/vadala.jpg","datePublished":"2021-04-28T06:33:34+00:00","dateModified":"2021-04-28T06:34:02+00:00","description":"Un uomo di Rho si \u00e8 trovato \"virtualmente\" ricoverato in ospedale a Garbagnate pur essendo tranquillamente nel suo letto: una curiosa disavventura","breadcrumb":{"@id":"https:\/\/www.ilnotiziario.net\/wp\/bollatese\/garbagnate-ricoverato-ospedale-senza-saperlo\/#breadcrumb"},"inLanguage":"it-IT","potentialAction":[{"@type":"ReadAction","target":["https:\/\/www.ilnotiziario.net\/wp\/bollatese\/garbagnate-ricoverato-ospedale-senza-saperlo\/"]}]},{"@type":"ImageObject","inLanguage":"it-IT","@id":"https:\/\/www.ilnotiziario.net\/wp\/bollatese\/garbagnate-ricoverato-ospedale-senza-saperlo\/#primaryimage","url":"https:\/\/www.ilnotiziario.net\/wp\/wp-content\/uploads\/2021\/04\/vadala.jpg","contentUrl":"https:\/\/www.ilnotiziario.net\/wp\/wp-content\/uploads\/2021\/04\/vadala.jpg","width":907,"height":686,"caption":"Garbagnate ricoverato ospedale"},{"@type":"BreadcrumbList","@id":"https:\/\/www.ilnotiziario.net\/wp\/bollatese\/garbagnate-ricoverato-ospedale-senza-saperlo\/#breadcrumb","itemListElement":[{"@type":"ListItem","position":1,"name":"tds_text_logo_tagline_colortds_text_logo_tagline_colortds_text_logo_tagline_colortds_text_logo_tagline_colortd_module_7_title_excerpttd_module_7_title_excerpttd_module_7_title_excerpttd_module_7_title_excerptHome","item":"https:\/\/www.ilnotiziario.net\/wp\/"},{"@type":"ListItem","position":2,"name":"Garbagnate: ricoverato in ospedale\u2026 senza saperlo"}]},{"@type":"WebSite","@id":"https:\/\/www.ilnotiziario.net\/wp\/#website","url":"https:\/\/www.ilnotiziario.net\/wp\/","name":"Il Notiziario","description":"Per restare sempre connessi alla notizia","publisher":{"@id":"https:\/\/www.ilnotiziario.net\/wp\/#organization"},"alternateName":"Il Notiziario Bollate","potentialAction":[{"@type":"SearchAction","target":{"@type":"EntryPoint","urlTemplate":"https:\/\/www.ilnotiziario.net\/wp\/?s={search_term_string}"},"query-input":{"@type":"PropertyValueSpecification","valueRequired":true,"valueName":"search_term_string"}}],"inLanguage":"it-IT"},{"@type":"Organization","@id":"https:\/\/www.ilnotiziario.net\/wp\/#organization","name":"Il Notiziario","url":"https:\/\/www.ilnotiziario.net\/wp\/","logo":{"@type":"ImageObject","inLanguage":"it-IT","@id":"https:\/\/www.ilnotiziario.net\/wp\/#\/schema\/logo\/image\/","url":"https:\/\/www.ilnotiziario.net\/wp\/wp-content\/uploads\/2022\/06\/170x170ilN.png","contentUrl":"https:\/\/www.ilnotiziario.net\/wp\/wp-content\/uploads\/2022\/06\/170x170ilN.png","width":355,"height":355,"caption":"Il Notiziario"},"image":{"@id":"https:\/\/www.ilnotiziario.net\/wp\/#\/schema\/logo\/image\/"},"sameAs":["https:\/\/www.facebook.com\/ilnotiziarioind\/","https:\/\/x.com\/ilNotiziarioInd","https:\/\/www.instagram.com\/ilnotiziario_settimanale\/"]},{"@type":"Person","@id":"https:\/\/www.ilnotiziario.net\/wp\/#\/schema\/person\/c5bca2edc3d99d29959f04a6126f687b","name":"Silvia Citterio","image":{"@type":"ImageObject","inLanguage":"it-IT","@id":"https:\/\/secure.gravatar.com\/avatar\/03eb19c63b944e79a9b5ce53ca5d1ca303edcf368a68721ec3ccaae7f98c5afd?s=96&d=mm&r=g","url":"https:\/\/secure.gravatar.com\/avatar\/03eb19c63b944e79a9b5ce53ca5d1ca303edcf368a68721ec3ccaae7f98c5afd?s=96&d=mm&r=g","contentUrl":"https:\/\/secure.gravatar.com\/avatar\/03eb19c63b944e79a9b5ce53ca5d1ca303edcf368a68721ec3ccaae7f98c5afd?s=96&d=mm&r=g","caption":"Silvia Citterio"}}]}},"_links":{"self":[{"href":"https:\/\/www.ilnotiziario.net\/wp\/wp-json\/wp\/v2\/posts\/151126","targetHints":{"allow":["GET"]}}],"collection":[{"href":"https:\/\/www.ilnotiziario.net\/wp\/wp-json\/wp\/v2\/posts"}],"about":[{"href":"https:\/\/www.ilnotiziario.net\/wp\/wp-json\/wp\/v2\/types\/post"}],"author":[{"embeddable":true,"href":"https:\/\/www.ilnotiziario.net\/wp\/wp-json\/wp\/v2\/users\/14"}],"replies":[{"embeddable":true,"href":"https:\/\/www.ilnotiziario.net\/wp\/wp-json\/wp\/v2\/comments?post=151126"}],"version-history":[{"count":0,"href":"https:\/\/www.ilnotiziario.net\/wp\/wp-json\/wp\/v2\/posts\/151126\/revisions"}],"wp:featuredmedia":[{"embeddable":true,"href":"https:\/\/www.ilnotiziario.net\/wp\/wp-json\/wp\/v2\/media\/151127"}],"wp:attachment":[{"href":"https:\/\/www.ilnotiziario.net\/wp\/wp-json\/wp\/v2\/media?parent=151126"}],"wp:term":[{"taxonomy":"category","embeddable":true,"href":"https:\/\/www.ilnotiziario.net\/wp\/wp-json\/wp\/v2\/categories?post=151126"},{"taxonomy":"post_tag","embeddable":true,"href":"https:\/\/www.ilnotiziario.net\/wp\/wp-json\/wp\/v2\/tags?post=151126"}],"curies":[{"name":"wp","href":"https:\/\/api.w.org\/{rel}","templated":true}]}}