{"id":152002,"date":"2021-05-17T20:04:22","date_gmt":"2021-05-17T18:04:22","guid":{"rendered":"https:\/\/www.ilnotiziario.net\/wp\/?p=152002"},"modified":"2021-05-17T20:04:22","modified_gmt":"2021-05-17T18:04:22","slug":"zero-recensione-potere-essere-invisibili","status":"publish","type":"post","link":"https:\/\/www.ilnotiziario.net\/wp\/serietv\/zero-recensione-potere-essere-invisibili\/","title":{"rendered":"Zero, la recensione della serie Netflix: il potere di essere invisibili"},"content":{"rendered":"<p><img fetchpriority=\"high\" decoding=\"async\" class=\"aligncenter wp-image-152003 size-medium\" src=\"https:\/\/www.ilnotiziario.net\/wp\/wp-content\/uploads\/2021\/05\/zero-serie-tv-italiana-netflix-300x169.jpg\" alt=\"\" width=\"300\" height=\"169\" srcset=\"https:\/\/www.ilnotiziario.net\/wp\/wp-content\/uploads\/2021\/05\/zero-serie-tv-italiana-netflix-300x169.jpg 300w, https:\/\/www.ilnotiziario.net\/wp\/wp-content\/uploads\/2021\/05\/zero-serie-tv-italiana-netflix-696x391.jpg 696w, https:\/\/www.ilnotiziario.net\/wp\/wp-content\/uploads\/2021\/05\/zero-serie-tv-italiana-netflix.jpg 722w\" sizes=\"(max-width: 300px) 100vw, 300px\" \/><\/p>\n<p>di Stefano Di Maria<\/p><div id=\"ilnot-1435843585\" class=\"ilnot-contenuto ilnot-entity-placement\"><p><!-- incontent_1 --><\/p>\n<div class=\"gptslot\" data-adunitid=\"1\"><\/div>\n<\/div>\n<p>Ormai \u00e8 assodata la scelta di Netflix di <strong>dar voce alle minoranze<\/strong>, rappresentando tutte le fasce della popolazione senza distinzione di etnie, genere e sessualit\u00e0. Un altro passo in questa direzione \u00e8 stato compiuto in Italia con la miniserie ZERO, prodotta da Fabula Pictures e Red Joint Film per&nbsp;il colosso dello streaming, liberamente <strong>ispirata al romanzo&nbsp;\u201cNon ho mai avuto la mia et\u00e0<em>\u201d<\/em>&nbsp;di&nbsp;Antonio Dikele Distefano.<\/strong><\/p>\n<p><img decoding=\"async\" class=\"alignnone size-medium wp-image-152004\" src=\"https:\/\/www.ilnotiziario.net\/wp\/wp-content\/uploads\/2021\/05\/prima-immagine-27-300x300.jpg\" alt=\"\" width=\"300\" height=\"300\" srcset=\"https:\/\/www.ilnotiziario.net\/wp\/wp-content\/uploads\/2021\/05\/prima-immagine-27-300x300.jpg 300w, https:\/\/www.ilnotiziario.net\/wp\/wp-content\/uploads\/2021\/05\/prima-immagine-27-150x150.jpg 150w, https:\/\/www.ilnotiziario.net\/wp\/wp-content\/uploads\/2021\/05\/prima-immagine-27.jpg 620w\" sizes=\"(max-width: 300px) 100vw, 300px\" \/>La vicenda \u00e8 ambientata nell\u2019immaginario quartiere Barrio di Milano (che in realt\u00e0 corrisponde al rione della Barona, alla periferia sud), abitato da una comunit\u00e0 di ragazzi nati e cresciuti in Italia ma figli di extracomunitari. Fra loro c\u2019\u00e8 Omar, un senegalese che sogna di diventare fumettista, il quale scopre per caso di avere il superpotere di diventare invisibile quando vive emozioni fortissime. Se ne servir\u00e0 per salvare il Barrio dalla speculazione edilizia di un\u2019impresa immobiliare, che vuole abbassare i prezzi delle case per acquistarle e poi costruire un nuovo quartiere. Affiancando la \u201cresistenza\u201d degli altri ragazzi, Omar far\u00e0 di tutto per impedirlo, a costo di rischiare la vita e dover rinunciare all\u2019amore.<\/p><div id=\"ilnot-3172878736\" class=\"ilnot-contenuto_2 ilnot-entity-placement\"><div class=\"ads-wrapper\">\n<div class=\"ad-slot\">\n   <div id=\"ilnot-2630850838\" style=\"margin-right: auto;margin-left: auto;text-align: center;width: 320px;height: 100px;\"><a href=\"https:\/\/www.scuolasicurezza.it\/\"><img decoding=\"async\" src=\"https:\/\/www.ilnotiziario.net\/wp\/wp-content\/uploads\/2026\/04\/IlNotiziario_banner-sito-e-newsletter-320-x-100-px-1.gif\" alt=\"\"><\/a><\/div>\n  <\/div>\n<div class=\"ad-slot\">\n   <div id=\"ilnot-113236241\" style=\"margin-right: auto;margin-left: auto;text-align: center;width: 320px;height: 100px;\"><a href=\"https:\/\/purodesignarredamenti.com\/\"><img decoding=\"async\" src=\"https:\/\/www.ilnotiziario.net\/wp\/wp-content\/uploads\/2026\/04\/banner-puro-ok.gif\" alt=\"whatsapp\"><\/a><\/div><\/p><\/div>\n<\/div>\n<\/div>\n<p><img decoding=\"async\" class=\"aligncenter wp-image-152005 size-medium\" src=\"https:\/\/www.ilnotiziario.net\/wp\/wp-content\/uploads\/2021\/05\/AAAABWJ1LrR03GqrB7j1A3WHQCRqztHqdZy7dLweXmj3vrXRxSrvkvtXHLJbGI3RSrgAtCOkNUhG5oy0JDDSaCu6HcB4jrkTOfQEBahCNUcS-wbHctuBK2yu3Qyb1MJFOw-300x169.jpg\" alt=\"\" width=\"300\" height=\"169\" srcset=\"https:\/\/www.ilnotiziario.net\/wp\/wp-content\/uploads\/2021\/05\/AAAABWJ1LrR03GqrB7j1A3WHQCRqztHqdZy7dLweXmj3vrXRxSrvkvtXHLJbGI3RSrgAtCOkNUhG5oy0JDDSaCu6HcB4jrkTOfQEBahCNUcS-wbHctuBK2yu3Qyb1MJFOw-300x169.jpg 300w, https:\/\/www.ilnotiziario.net\/wp\/wp-content\/uploads\/2021\/05\/AAAABWJ1LrR03GqrB7j1A3WHQCRqztHqdZy7dLweXmj3vrXRxSrvkvtXHLJbGI3RSrgAtCOkNUhG5oy0JDDSaCu6HcB4jrkTOfQEBahCNUcS-wbHctuBK2yu3Qyb1MJFOw.jpg 512w\" sizes=\"(max-width: 300px) 100vw, 300px\" \/><\/p>\n<p>ZERO \u00e8 una storia raccontata in otto episodi di mezz\u2019ora circa, che appassionano e spingono a vederlo tutto d\u2019un fiato. Certo non \u00e8 la serie ideale per chi non ama i supereroi, tuttavia ne consigliamo comunque la visione: se si supera lo scoglio della capacit\u00e0 del protagonista di diventare invisibile, i personaggi e le vicende in cui sono coinvolti sono di grande attualit\u00e0. Diversi i temi trattati: <strong>dalla difficolt\u00e0 di trovarsi un lavoro<\/strong>, che rende la vita complicata alle nuove generazioni di ragazzi che si sentono tutto fuorch\u00e9 extracomunitari, <strong>alle speculazioni<\/strong> edilizie di societ\u00e0 che lucrano sulle disgrazie altrui; <strong>dalla malavita alleata dei colletti bianchi<\/strong>, disposta a tutto per soldi, alla <strong>convivenza fra italiani e stranieri<\/strong>, con risvolti sempre problematici e imprevedibili. Poi c\u2019\u00e8 <strong>l\u2019invisibilit\u00e0 del protagonista, che simboleggia l\u2019invisibilit\u00e0 di chi vive ai margini come Omar<\/strong>, che fa il rider e si scontra ogni giorno con l\u2019indifferenza della gente. &nbsp;&nbsp;&nbsp;&nbsp;<\/p>\n<p><img loading=\"lazy\" decoding=\"async\" class=\"alignnone wp-image-152006 size-medium\" src=\"https:\/\/www.ilnotiziario.net\/wp\/wp-content\/uploads\/2021\/05\/ZERO_107_Social_00011R-300x200.jpg\" alt=\"\" width=\"300\" height=\"200\" srcset=\"https:\/\/www.ilnotiziario.net\/wp\/wp-content\/uploads\/2021\/05\/ZERO_107_Social_00011R-300x200.jpg 300w, https:\/\/www.ilnotiziario.net\/wp\/wp-content\/uploads\/2021\/05\/ZERO_107_Social_00011R.jpg 620w\" sizes=\"(max-width: 300px) 100vw, 300px\" \/><\/p>\n<p>Dal punto di vista tecnico, ZERO \u00e8 <strong>una miniserie ben confezionata<\/strong>: la fotografia \u00e8 curata, cos\u00ec come la scelta del cast di attori, tutti ben calati nella parte e credibili (azzeccatissimo nel ruolo di Omar Giuseppe Dave Seke). C\u2019\u00e8 anche un bel ritmo, ma <strong>non mancano vuoti narrativi e difetti di scrittura<\/strong>. Gli autori hanno voluto tenere aperta la porta a una seconda stagione (non ancora confermata) introducendo un misterioso personaggio che lascia alquanto perplessi e potrebbe far approdare la storia in lidi ancora pi\u00f9 surreali. Il che potrebbe essere un pregio o un difetto, a seconda dei gusti.<\/p>\n<p>Trovate qui trovate tutte le nostre recensioni:<\/p><div id=\"ilnot-1611809068\" class=\"ilnot-contenuto_2-2 ilnot-entity-placement\"><div class=\"gptslot\" data-adunitid=\"2\"><\/div>\n<\/div>\n<p><a href=\"https:\/\/www.ilnotiziario.net\/wp\/serie-tv\/?fbclid=IwAR0KAy2xA5awmGw2GUET38OFoPg8rk0hx9jkq0Kyr7VX73Fg3zkdZJ2oUqs\">https:\/\/www.ilnotiziario.net\/wp\/serie-tv\/<\/a><\/p>\n","protected":false},"excerpt":{"rendered":"<p>di Stefano Di Maria Ormai \u00e8 assodata la scelta di Netflix di dar voce alle minoranze, rappresentando tutte le fasce della popolazione senza distinzione di etnie, genere e sessualit\u00e0. Un altro passo in questa direzione \u00e8 stato compiuto in Italia con la miniserie ZERO, prodotta da Fabula Pictures e Red Joint Film per&nbsp;il colosso dello<\/p>\n","protected":false},"author":6,"featured_media":152005,"comment_status":"closed","ping_status":"closed","sticky":false,"template":"","format":"standard","meta":{"footnotes":""},"categories":[6756],"tags":[6759,7900,6757,8743],"class_list":{"0":"post-152002","1":"post","2":"type-post","3":"status-publish","4":"format-standard","5":"has-post-thumbnail","7":"category-serietv","8":"tag-netflix","9":"tag-recensione","10":"tag-serie-tv","11":"tag-zero"},"yoast_head":"<!-- This site is optimized with the Yoast SEO plugin v27.4 - https:\/\/yoast.com\/product\/yoast-seo-wordpress\/ -->\n<title>Zero, la recensione della serie Netflix: il potere di essere invisibili - Il Notiziario<\/title>\n<meta name=\"description\" content=\"di Stefano Di Maria Ormai \u00e8 assodata la scelta di Netflix di dar voce alle minoranze, rappresentando tutte le fasce della popolazione senza distinzione di La storia di Omar, un senegalese che sogna di diventare fumettista, il quale scopre per caso di avere il superpotere di diventare invisibile\" \/>\n<meta name=\"robots\" content=\"index, follow, max-snippet:-1, max-image-preview:large, max-video-preview:-1\" \/>\n<link rel=\"canonical\" href=\"https:\/\/www.ilnotiziario.net\/wp\/serietv\/zero-recensione-potere-essere-invisibili\/\" \/>\n<meta property=\"og:locale\" content=\"it_IT\" \/>\n<meta property=\"og:type\" content=\"article\" \/>\n<meta property=\"og:title\" content=\"Zero, la recensione della serie Netflix: il potere di essere invisibili - Il Notiziario\" \/>\n<meta property=\"og:description\" content=\"di Stefano Di Maria Ormai \u00e8 assodata la scelta di Netflix di dar voce alle minoranze, rappresentando tutte le fasce della popolazione senza distinzione di La storia di Omar, un senegalese che sogna di diventare fumettista, il quale scopre per caso di avere il superpotere di diventare invisibile\" \/>\n<meta property=\"og:url\" content=\"https:\/\/www.ilnotiziario.net\/wp\/serietv\/zero-recensione-potere-essere-invisibili\/\" \/>\n<meta property=\"og:site_name\" content=\"Il Notiziario\" \/>\n<meta property=\"article:publisher\" content=\"https:\/\/www.facebook.com\/ilnotiziarioind\/\" \/>\n<meta property=\"article:published_time\" content=\"2021-05-17T18:04:22+00:00\" \/>\n<meta property=\"og:image\" content=\"https:\/\/www.ilnotiziario.net\/wp\/wp-content\/uploads\/2021\/05\/AAAABWJ1LrR03GqrB7j1A3WHQCRqztHqdZy7dLweXmj3vrXRxSrvkvtXHLJbGI3RSrgAtCOkNUhG5oy0JDDSaCu6HcB4jrkTOfQEBahCNUcS-wbHctuBK2yu3Qyb1MJFOw.jpg\" \/>\n\t<meta property=\"og:image:width\" content=\"512\" \/>\n\t<meta property=\"og:image:height\" content=\"288\" \/>\n\t<meta property=\"og:image:type\" content=\"image\/jpeg\" \/>\n<meta name=\"author\" content=\"Stefano Di Maria\" \/>\n<meta name=\"twitter:card\" content=\"summary_large_image\" \/>\n<meta name=\"twitter:creator\" content=\"@ilNotiziarioInd\" \/>\n<meta name=\"twitter:site\" content=\"@ilNotiziarioInd\" \/>\n<meta name=\"twitter:label1\" content=\"Scritto da\" \/>\n\t<meta name=\"twitter:data1\" content=\"Stefano Di Maria\" \/>\n\t<meta name=\"twitter:label2\" content=\"Tempo di lettura stimato\" \/>\n\t<meta name=\"twitter:data2\" content=\"3 minuti\" \/>\n<script type=\"application\/ld+json\" class=\"yoast-schema-graph\">{\"@context\":\"https:\\\/\\\/schema.org\",\"@graph\":[{\"@type\":\"Article\",\"@id\":\"https:\\\/\\\/www.ilnotiziario.net\\\/wp\\\/serietv\\\/zero-recensione-potere-essere-invisibili\\\/#article\",\"isPartOf\":{\"@id\":\"https:\\\/\\\/www.ilnotiziario.net\\\/wp\\\/serietv\\\/zero-recensione-potere-essere-invisibili\\\/\"},\"author\":{\"name\":\"Stefano Di Maria\",\"@id\":\"https:\\\/\\\/www.ilnotiziario.net\\\/wp\\\/#\\\/schema\\\/person\\\/82fdd8795bbed42a4164047853b6efe7\"},\"headline\":\"Zero, la recensione della serie Netflix: il potere di essere invisibili\",\"datePublished\":\"2021-05-17T18:04:22+00:00\",\"mainEntityOfPage\":{\"@id\":\"https:\\\/\\\/www.ilnotiziario.net\\\/wp\\\/serietv\\\/zero-recensione-potere-essere-invisibili\\\/\"},\"wordCount\":466,\"publisher\":{\"@id\":\"https:\\\/\\\/www.ilnotiziario.net\\\/wp\\\/#organization\"},\"image\":{\"@id\":\"https:\\\/\\\/www.ilnotiziario.net\\\/wp\\\/serietv\\\/zero-recensione-potere-essere-invisibili\\\/#primaryimage\"},\"thumbnailUrl\":\"https:\\\/\\\/www.ilnotiziario.net\\\/wp\\\/wp-content\\\/uploads\\\/2021\\\/05\\\/AAAABWJ1LrR03GqrB7j1A3WHQCRqztHqdZy7dLweXmj3vrXRxSrvkvtXHLJbGI3RSrgAtCOkNUhG5oy0JDDSaCu6HcB4jrkTOfQEBahCNUcS-wbHctuBK2yu3Qyb1MJFOw.jpg\",\"keywords\":[\"netflix\",\"recensione\",\"serie tv\",\"Zero\"],\"articleSection\":[\"SERIE TV\"],\"inLanguage\":\"it-IT\"},{\"@type\":\"WebPage\",\"@id\":\"https:\\\/\\\/www.ilnotiziario.net\\\/wp\\\/serietv\\\/zero-recensione-potere-essere-invisibili\\\/\",\"url\":\"https:\\\/\\\/www.ilnotiziario.net\\\/wp\\\/serietv\\\/zero-recensione-potere-essere-invisibili\\\/\",\"name\":\"Zero, la recensione della serie Netflix: il potere di essere invisibili - Il Notiziario\",\"isPartOf\":{\"@id\":\"https:\\\/\\\/www.ilnotiziario.net\\\/wp\\\/#website\"},\"primaryImageOfPage\":{\"@id\":\"https:\\\/\\\/www.ilnotiziario.net\\\/wp\\\/serietv\\\/zero-recensione-potere-essere-invisibili\\\/#primaryimage\"},\"image\":{\"@id\":\"https:\\\/\\\/www.ilnotiziario.net\\\/wp\\\/serietv\\\/zero-recensione-potere-essere-invisibili\\\/#primaryimage\"},\"thumbnailUrl\":\"https:\\\/\\\/www.ilnotiziario.net\\\/wp\\\/wp-content\\\/uploads\\\/2021\\\/05\\\/AAAABWJ1LrR03GqrB7j1A3WHQCRqztHqdZy7dLweXmj3vrXRxSrvkvtXHLJbGI3RSrgAtCOkNUhG5oy0JDDSaCu6HcB4jrkTOfQEBahCNUcS-wbHctuBK2yu3Qyb1MJFOw.jpg\",\"datePublished\":\"2021-05-17T18:04:22+00:00\",\"description\":\"di Stefano Di Maria Ormai \u00e8 assodata la scelta di Netflix di dar voce alle minoranze, rappresentando tutte le fasce della popolazione senza distinzione di La storia di Omar, un senegalese che sogna di diventare fumettista, il quale scopre per caso di avere il superpotere di diventare invisibile\",\"breadcrumb\":{\"@id\":\"https:\\\/\\\/www.ilnotiziario.net\\\/wp\\\/serietv\\\/zero-recensione-potere-essere-invisibili\\\/#breadcrumb\"},\"inLanguage\":\"it-IT\",\"potentialAction\":[{\"@type\":\"ReadAction\",\"target\":[\"https:\\\/\\\/www.ilnotiziario.net\\\/wp\\\/serietv\\\/zero-recensione-potere-essere-invisibili\\\/\"]}]},{\"@type\":\"ImageObject\",\"inLanguage\":\"it-IT\",\"@id\":\"https:\\\/\\\/www.ilnotiziario.net\\\/wp\\\/serietv\\\/zero-recensione-potere-essere-invisibili\\\/#primaryimage\",\"url\":\"https:\\\/\\\/www.ilnotiziario.net\\\/wp\\\/wp-content\\\/uploads\\\/2021\\\/05\\\/AAAABWJ1LrR03GqrB7j1A3WHQCRqztHqdZy7dLweXmj3vrXRxSrvkvtXHLJbGI3RSrgAtCOkNUhG5oy0JDDSaCu6HcB4jrkTOfQEBahCNUcS-wbHctuBK2yu3Qyb1MJFOw.jpg\",\"contentUrl\":\"https:\\\/\\\/www.ilnotiziario.net\\\/wp\\\/wp-content\\\/uploads\\\/2021\\\/05\\\/AAAABWJ1LrR03GqrB7j1A3WHQCRqztHqdZy7dLweXmj3vrXRxSrvkvtXHLJbGI3RSrgAtCOkNUhG5oy0JDDSaCu6HcB4jrkTOfQEBahCNUcS-wbHctuBK2yu3Qyb1MJFOw.jpg\",\"width\":512,\"height\":288},{\"@type\":\"BreadcrumbList\",\"@id\":\"https:\\\/\\\/www.ilnotiziario.net\\\/wp\\\/serietv\\\/zero-recensione-potere-essere-invisibili\\\/#breadcrumb\",\"itemListElement\":[{\"@type\":\"ListItem\",\"position\":1,\"name\":\"tds_text_logo_tagline_colortds_text_logo_tagline_colortds_text_logo_tagline_colortds_text_logo_tagline_colortd_module_7_title_excerpttd_module_7_title_excerpttd_module_7_title_excerpttd_module_7_title_excerptHome\",\"item\":\"https:\\\/\\\/www.ilnotiziario.net\\\/wp\\\/\"},{\"@type\":\"ListItem\",\"position\":2,\"name\":\"Zero, la recensione della serie Netflix: il potere di essere invisibili\"}]},{\"@type\":\"WebSite\",\"@id\":\"https:\\\/\\\/www.ilnotiziario.net\\\/wp\\\/#website\",\"url\":\"https:\\\/\\\/www.ilnotiziario.net\\\/wp\\\/\",\"name\":\"Il Notiziario\",\"description\":\"Per restare sempre connessi alla notizia\",\"publisher\":{\"@id\":\"https:\\\/\\\/www.ilnotiziario.net\\\/wp\\\/#organization\"},\"alternateName\":\"Il Notiziario Bollate\",\"potentialAction\":[{\"@type\":\"SearchAction\",\"target\":{\"@type\":\"EntryPoint\",\"urlTemplate\":\"https:\\\/\\\/www.ilnotiziario.net\\\/wp\\\/?s={search_term_string}\"},\"query-input\":{\"@type\":\"PropertyValueSpecification\",\"valueRequired\":true,\"valueName\":\"search_term_string\"}}],\"inLanguage\":\"it-IT\"},{\"@type\":\"Organization\",\"@id\":\"https:\\\/\\\/www.ilnotiziario.net\\\/wp\\\/#organization\",\"name\":\"Il Notiziario\",\"url\":\"https:\\\/\\\/www.ilnotiziario.net\\\/wp\\\/\",\"logo\":{\"@type\":\"ImageObject\",\"inLanguage\":\"it-IT\",\"@id\":\"https:\\\/\\\/www.ilnotiziario.net\\\/wp\\\/#\\\/schema\\\/logo\\\/image\\\/\",\"url\":\"https:\\\/\\\/www.ilnotiziario.net\\\/wp\\\/wp-content\\\/uploads\\\/2022\\\/06\\\/170x170ilN.png\",\"contentUrl\":\"https:\\\/\\\/www.ilnotiziario.net\\\/wp\\\/wp-content\\\/uploads\\\/2022\\\/06\\\/170x170ilN.png\",\"width\":355,\"height\":355,\"caption\":\"Il Notiziario\"},\"image\":{\"@id\":\"https:\\\/\\\/www.ilnotiziario.net\\\/wp\\\/#\\\/schema\\\/logo\\\/image\\\/\"},\"sameAs\":[\"https:\\\/\\\/www.facebook.com\\\/ilnotiziarioind\\\/\",\"https:\\\/\\\/x.com\\\/ilNotiziarioInd\",\"https:\\\/\\\/www.instagram.com\\\/ilnotiziario_settimanale\\\/\"]},{\"@type\":\"Person\",\"@id\":\"https:\\\/\\\/www.ilnotiziario.net\\\/wp\\\/#\\\/schema\\\/person\\\/82fdd8795bbed42a4164047853b6efe7\",\"name\":\"Stefano Di Maria\",\"image\":{\"@type\":\"ImageObject\",\"inLanguage\":\"it-IT\",\"@id\":\"https:\\\/\\\/secure.gravatar.com\\\/avatar\\\/b3163d1e75da759bd0a681248e88a87d84bdd563fec9b060a3ae82742880745a?s=96&d=mm&r=g\",\"url\":\"https:\\\/\\\/secure.gravatar.com\\\/avatar\\\/b3163d1e75da759bd0a681248e88a87d84bdd563fec9b060a3ae82742880745a?s=96&d=mm&r=g\",\"contentUrl\":\"https:\\\/\\\/secure.gravatar.com\\\/avatar\\\/b3163d1e75da759bd0a681248e88a87d84bdd563fec9b060a3ae82742880745a?s=96&d=mm&r=g\",\"caption\":\"Stefano Di Maria\"},\"sameAs\":[\"http:\\\/\\\/www.ilnotiziario.net\"]}]}<\/script>\n<!-- \/ Yoast SEO plugin. -->","yoast_head_json":{"title":"Zero, la recensione della serie Netflix: il potere di essere invisibili - Il Notiziario","description":"di Stefano Di Maria Ormai \u00e8 assodata la scelta di Netflix di dar voce alle minoranze, rappresentando tutte le fasce della popolazione senza distinzione di La storia di Omar, un senegalese che sogna di diventare fumettista, il quale scopre per caso di avere il superpotere di diventare invisibile","robots":{"index":"index","follow":"follow","max-snippet":"max-snippet:-1","max-image-preview":"max-image-preview:large","max-video-preview":"max-video-preview:-1"},"canonical":"https:\/\/www.ilnotiziario.net\/wp\/serietv\/zero-recensione-potere-essere-invisibili\/","og_locale":"it_IT","og_type":"article","og_title":"Zero, la recensione della serie Netflix: il potere di essere invisibili - Il Notiziario","og_description":"di Stefano Di Maria Ormai \u00e8 assodata la scelta di Netflix di dar voce alle minoranze, rappresentando tutte le fasce della popolazione senza distinzione di La storia di Omar, un senegalese che sogna di diventare fumettista, il quale scopre per caso di avere il superpotere di diventare invisibile","og_url":"https:\/\/www.ilnotiziario.net\/wp\/serietv\/zero-recensione-potere-essere-invisibili\/","og_site_name":"Il Notiziario","article_publisher":"https:\/\/www.facebook.com\/ilnotiziarioind\/","article_published_time":"2021-05-17T18:04:22+00:00","og_image":[{"width":512,"height":288,"url":"https:\/\/www.ilnotiziario.net\/wp\/wp-content\/uploads\/2021\/05\/AAAABWJ1LrR03GqrB7j1A3WHQCRqztHqdZy7dLweXmj3vrXRxSrvkvtXHLJbGI3RSrgAtCOkNUhG5oy0JDDSaCu6HcB4jrkTOfQEBahCNUcS-wbHctuBK2yu3Qyb1MJFOw.jpg","type":"image\/jpeg"}],"author":"Stefano Di Maria","twitter_card":"summary_large_image","twitter_creator":"@ilNotiziarioInd","twitter_site":"@ilNotiziarioInd","twitter_misc":{"Scritto da":"Stefano Di Maria","Tempo di lettura stimato":"3 minuti"},"schema":{"@context":"https:\/\/schema.org","@graph":[{"@type":"Article","@id":"https:\/\/www.ilnotiziario.net\/wp\/serietv\/zero-recensione-potere-essere-invisibili\/#article","isPartOf":{"@id":"https:\/\/www.ilnotiziario.net\/wp\/serietv\/zero-recensione-potere-essere-invisibili\/"},"author":{"name":"Stefano Di Maria","@id":"https:\/\/www.ilnotiziario.net\/wp\/#\/schema\/person\/82fdd8795bbed42a4164047853b6efe7"},"headline":"Zero, la recensione della serie Netflix: il potere di essere invisibili","datePublished":"2021-05-17T18:04:22+00:00","mainEntityOfPage":{"@id":"https:\/\/www.ilnotiziario.net\/wp\/serietv\/zero-recensione-potere-essere-invisibili\/"},"wordCount":466,"publisher":{"@id":"https:\/\/www.ilnotiziario.net\/wp\/#organization"},"image":{"@id":"https:\/\/www.ilnotiziario.net\/wp\/serietv\/zero-recensione-potere-essere-invisibili\/#primaryimage"},"thumbnailUrl":"https:\/\/www.ilnotiziario.net\/wp\/wp-content\/uploads\/2021\/05\/AAAABWJ1LrR03GqrB7j1A3WHQCRqztHqdZy7dLweXmj3vrXRxSrvkvtXHLJbGI3RSrgAtCOkNUhG5oy0JDDSaCu6HcB4jrkTOfQEBahCNUcS-wbHctuBK2yu3Qyb1MJFOw.jpg","keywords":["netflix","recensione","serie tv","Zero"],"articleSection":["SERIE TV"],"inLanguage":"it-IT"},{"@type":"WebPage","@id":"https:\/\/www.ilnotiziario.net\/wp\/serietv\/zero-recensione-potere-essere-invisibili\/","url":"https:\/\/www.ilnotiziario.net\/wp\/serietv\/zero-recensione-potere-essere-invisibili\/","name":"Zero, la recensione della serie Netflix: il potere di essere invisibili - Il Notiziario","isPartOf":{"@id":"https:\/\/www.ilnotiziario.net\/wp\/#website"},"primaryImageOfPage":{"@id":"https:\/\/www.ilnotiziario.net\/wp\/serietv\/zero-recensione-potere-essere-invisibili\/#primaryimage"},"image":{"@id":"https:\/\/www.ilnotiziario.net\/wp\/serietv\/zero-recensione-potere-essere-invisibili\/#primaryimage"},"thumbnailUrl":"https:\/\/www.ilnotiziario.net\/wp\/wp-content\/uploads\/2021\/05\/AAAABWJ1LrR03GqrB7j1A3WHQCRqztHqdZy7dLweXmj3vrXRxSrvkvtXHLJbGI3RSrgAtCOkNUhG5oy0JDDSaCu6HcB4jrkTOfQEBahCNUcS-wbHctuBK2yu3Qyb1MJFOw.jpg","datePublished":"2021-05-17T18:04:22+00:00","description":"di Stefano Di Maria Ormai \u00e8 assodata la scelta di Netflix di dar voce alle minoranze, rappresentando tutte le fasce della popolazione senza distinzione di La storia di Omar, un senegalese che sogna di diventare fumettista, il quale scopre per caso di avere il superpotere di diventare invisibile","breadcrumb":{"@id":"https:\/\/www.ilnotiziario.net\/wp\/serietv\/zero-recensione-potere-essere-invisibili\/#breadcrumb"},"inLanguage":"it-IT","potentialAction":[{"@type":"ReadAction","target":["https:\/\/www.ilnotiziario.net\/wp\/serietv\/zero-recensione-potere-essere-invisibili\/"]}]},{"@type":"ImageObject","inLanguage":"it-IT","@id":"https:\/\/www.ilnotiziario.net\/wp\/serietv\/zero-recensione-potere-essere-invisibili\/#primaryimage","url":"https:\/\/www.ilnotiziario.net\/wp\/wp-content\/uploads\/2021\/05\/AAAABWJ1LrR03GqrB7j1A3WHQCRqztHqdZy7dLweXmj3vrXRxSrvkvtXHLJbGI3RSrgAtCOkNUhG5oy0JDDSaCu6HcB4jrkTOfQEBahCNUcS-wbHctuBK2yu3Qyb1MJFOw.jpg","contentUrl":"https:\/\/www.ilnotiziario.net\/wp\/wp-content\/uploads\/2021\/05\/AAAABWJ1LrR03GqrB7j1A3WHQCRqztHqdZy7dLweXmj3vrXRxSrvkvtXHLJbGI3RSrgAtCOkNUhG5oy0JDDSaCu6HcB4jrkTOfQEBahCNUcS-wbHctuBK2yu3Qyb1MJFOw.jpg","width":512,"height":288},{"@type":"BreadcrumbList","@id":"https:\/\/www.ilnotiziario.net\/wp\/serietv\/zero-recensione-potere-essere-invisibili\/#breadcrumb","itemListElement":[{"@type":"ListItem","position":1,"name":"tds_text_logo_tagline_colortds_text_logo_tagline_colortds_text_logo_tagline_colortds_text_logo_tagline_colortd_module_7_title_excerpttd_module_7_title_excerpttd_module_7_title_excerpttd_module_7_title_excerptHome","item":"https:\/\/www.ilnotiziario.net\/wp\/"},{"@type":"ListItem","position":2,"name":"Zero, la recensione della serie Netflix: il potere di essere invisibili"}]},{"@type":"WebSite","@id":"https:\/\/www.ilnotiziario.net\/wp\/#website","url":"https:\/\/www.ilnotiziario.net\/wp\/","name":"Il Notiziario","description":"Per restare sempre connessi alla notizia","publisher":{"@id":"https:\/\/www.ilnotiziario.net\/wp\/#organization"},"alternateName":"Il Notiziario Bollate","potentialAction":[{"@type":"SearchAction","target":{"@type":"EntryPoint","urlTemplate":"https:\/\/www.ilnotiziario.net\/wp\/?s={search_term_string}"},"query-input":{"@type":"PropertyValueSpecification","valueRequired":true,"valueName":"search_term_string"}}],"inLanguage":"it-IT"},{"@type":"Organization","@id":"https:\/\/www.ilnotiziario.net\/wp\/#organization","name":"Il Notiziario","url":"https:\/\/www.ilnotiziario.net\/wp\/","logo":{"@type":"ImageObject","inLanguage":"it-IT","@id":"https:\/\/www.ilnotiziario.net\/wp\/#\/schema\/logo\/image\/","url":"https:\/\/www.ilnotiziario.net\/wp\/wp-content\/uploads\/2022\/06\/170x170ilN.png","contentUrl":"https:\/\/www.ilnotiziario.net\/wp\/wp-content\/uploads\/2022\/06\/170x170ilN.png","width":355,"height":355,"caption":"Il Notiziario"},"image":{"@id":"https:\/\/www.ilnotiziario.net\/wp\/#\/schema\/logo\/image\/"},"sameAs":["https:\/\/www.facebook.com\/ilnotiziarioind\/","https:\/\/x.com\/ilNotiziarioInd","https:\/\/www.instagram.com\/ilnotiziario_settimanale\/"]},{"@type":"Person","@id":"https:\/\/www.ilnotiziario.net\/wp\/#\/schema\/person\/82fdd8795bbed42a4164047853b6efe7","name":"Stefano Di Maria","image":{"@type":"ImageObject","inLanguage":"it-IT","@id":"https:\/\/secure.gravatar.com\/avatar\/b3163d1e75da759bd0a681248e88a87d84bdd563fec9b060a3ae82742880745a?s=96&d=mm&r=g","url":"https:\/\/secure.gravatar.com\/avatar\/b3163d1e75da759bd0a681248e88a87d84bdd563fec9b060a3ae82742880745a?s=96&d=mm&r=g","contentUrl":"https:\/\/secure.gravatar.com\/avatar\/b3163d1e75da759bd0a681248e88a87d84bdd563fec9b060a3ae82742880745a?s=96&d=mm&r=g","caption":"Stefano Di Maria"},"sameAs":["http:\/\/www.ilnotiziario.net"]}]}},"_links":{"self":[{"href":"https:\/\/www.ilnotiziario.net\/wp\/wp-json\/wp\/v2\/posts\/152002","targetHints":{"allow":["GET"]}}],"collection":[{"href":"https:\/\/www.ilnotiziario.net\/wp\/wp-json\/wp\/v2\/posts"}],"about":[{"href":"https:\/\/www.ilnotiziario.net\/wp\/wp-json\/wp\/v2\/types\/post"}],"author":[{"embeddable":true,"href":"https:\/\/www.ilnotiziario.net\/wp\/wp-json\/wp\/v2\/users\/6"}],"replies":[{"embeddable":true,"href":"https:\/\/www.ilnotiziario.net\/wp\/wp-json\/wp\/v2\/comments?post=152002"}],"version-history":[{"count":0,"href":"https:\/\/www.ilnotiziario.net\/wp\/wp-json\/wp\/v2\/posts\/152002\/revisions"}],"wp:featuredmedia":[{"embeddable":true,"href":"https:\/\/www.ilnotiziario.net\/wp\/wp-json\/wp\/v2\/media\/152005"}],"wp:attachment":[{"href":"https:\/\/www.ilnotiziario.net\/wp\/wp-json\/wp\/v2\/media?parent=152002"}],"wp:term":[{"taxonomy":"category","embeddable":true,"href":"https:\/\/www.ilnotiziario.net\/wp\/wp-json\/wp\/v2\/categories?post=152002"},{"taxonomy":"post_tag","embeddable":true,"href":"https:\/\/www.ilnotiziario.net\/wp\/wp-json\/wp\/v2\/tags?post=152002"}],"curies":[{"name":"wp","href":"https:\/\/api.w.org\/{rel}","templated":true}]}}