{"id":152060,"date":"2021-05-20T07:57:13","date_gmt":"2021-05-20T05:57:13","guid":{"rendered":"https:\/\/www.ilnotiziario.net\/wp\/?p=152060"},"modified":"2021-05-20T07:57:13","modified_gmt":"2021-05-20T05:57:13","slug":"senago-autismo-premio-imprenditore-inclusione-lavorativa","status":"publish","type":"post","link":"https:\/\/www.ilnotiziario.net\/wp\/bollatese\/senago-autismo-premio-imprenditore-inclusione-lavorativa\/","title":{"rendered":"Senago: assunto con autismo, premio all&#8217;imprenditore che fa inclusione in azienda"},"content":{"rendered":"<div id='gallery-1' class='gallery galleryid-152060 gallery-columns-3 gallery-size-thumbnail'><figure class='gallery-item'>\n\t\t\t<div class='gallery-icon landscape'>\n\t\t\t\t<a href='https:\/\/www.ilnotiziario.net\/wp\/bollatese\/senago-autismo-premio-imprenditore-inclusione-lavorativa\/attachment\/sen_prima_sottoapertura_il_pentolino_targa_inclusione_lavorativa_1\/'><img decoding=\"async\" width=\"150\" height=\"150\" src=\"https:\/\/www.ilnotiziario.net\/wp\/wp-content\/uploads\/2021\/05\/sen_PRIMA_sottoapertura_Il_pentolino_TARGA_INCLUSIONE_LAVORATIVA_1-150x150.jpg\" class=\"attachment-thumbnail size-thumbnail\" alt=\"Senago premio inclusione\" aria-describedby=\"gallery-1-152061\" \/><\/a>\n\t\t\t<\/div>\n\t\t\t\t<figcaption class='wp-caption-text gallery-caption' id='gallery-1-152061'>\n\t\t\t\tIsabella Nardulli presidente de Il Pentolino, Luca,\nl&#8217;imprenditore Mauro Lizzi e mamma Silvia\n\t\t\t\t<\/figcaption><\/figure><figure class='gallery-item'>\n\t\t\t<div class='gallery-icon landscape'>\n\t\t\t\t<a href='https:\/\/www.ilnotiziario.net\/wp\/bollatese\/senago-autismo-premio-imprenditore-inclusione-lavorativa\/attachment\/sen_prima_sottoapertura_il_pentolino_targa_inclusione_lavorativa_2\/'><img decoding=\"async\" width=\"150\" height=\"150\" src=\"https:\/\/www.ilnotiziario.net\/wp\/wp-content\/uploads\/2021\/05\/sen_PRIMA_sottoapertura_Il_pentolino_TARGA_INCLUSIONE_LAVORATIVA_2-150x150.jpg\" class=\"attachment-thumbnail size-thumbnail\" alt=\"\" \/><\/a>\n\t\t\t<\/div><\/figure>\n\t\t<\/div>\n\n<p>L\u2019associazione Il Pentolino di Senago premia l\u2019imprenditore Mauro Lizzi.<br \/>\nUn premio come \u201c<strong>miglior imprenditore che persegue l\u2019inclusione lavorativa\u201d<\/strong>.<\/p><div id=\"ilnot-2001691583\" class=\"ilnot-contenuto ilnot-entity-placement\"><p><!-- incontent_1 --><\/p>\n<div class=\"gptslot\" data-adunitid=\"1\"><\/div>\n<\/div>\n<p>Quella di Luca, e della consegna di una targa, \u00e8 una di quelle storie che, una volta scovate, meritano di essere raccontate.<\/p>\n<p>E\u2019 una storia di gioia e speranza, ma soprattutto di quei diritti e di quelle pari opportunit\u00e0 che non restano sulla carta, ma che si traducono nella vita di tutti i giorni.<\/p><div id=\"ilnot-3576917767\" class=\"ilnot-contenuto_2 ilnot-entity-placement\"><div class=\"ads-wrapper\">\n<div class=\"ad-slot\">\n   <div id=\"ilnot-3961456155\" style=\"margin-right: auto;margin-left: auto;text-align: center;width: 320px;height: 100px;\"><a href=\"https:\/\/www.scuolasicurezza.it\/\"><img decoding=\"async\" src=\"https:\/\/www.ilnotiziario.net\/wp\/wp-content\/uploads\/2026\/04\/IlNotiziario_banner-sito-e-newsletter-320-x-100-px-1.gif\" alt=\"\"><\/a><\/div>\n  <\/div>\n<div class=\"ad-slot\">\n   <div id=\"ilnot-2371270839\" style=\"margin-right: auto;margin-left: auto;text-align: center;width: 320px;height: 100px;\"><a href=\"https:\/\/purodesignarredamenti.com\/\"><img decoding=\"async\" src=\"https:\/\/www.ilnotiziario.net\/wp\/wp-content\/uploads\/2026\/04\/banner-puro-ok.gif\" alt=\"whatsapp\"><\/a><\/div><\/p><\/div>\n<\/div>\n<\/div>\n<p>E questo \u00e8 il motivo per cui l\u2019associazione Il Pentolino, onlus che<strong> opera nel mondo dell\u2019autismo<\/strong>, ha deciso di consegnare un premio all\u2019imprenditore senaghese Mauro Lizzi. E\u2019 nei capannoni della Lizzi Climatizzazione che Luca, ragazzo con autismo, ha iniziato il suo percorso formativo.<\/p>\n<p>Il suo tirocinio \u00e8 iniziato nell\u2019aprile 2019, doveva durare due anni, <strong>ma il 16 dicembre scorso \u00e8 scattata l\u2019assunzione<\/strong>. Il team dell\u2019azienda \u00e8 diventato per lui quasi una seconda famiglia. Quando entra \u00e8 come un raggio di sole in un cielo pieno di nuvole. Qualche battuta e poi subito al lavoro perch\u00e9 il suo \u00e8 un ruolo importante.<\/p>\n<p>\u201cSi occupa delle scansioni e delle distinte \u2013 ha spiegato Mauro Lizzi \u2013 All\u2019inizio non \u00e8 stato facile, come non lo \u00e8 per i nuovi dipendenti. Poi ha imparato, oggi viaggia, ed \u00e8 molto preciso. <strong>Il suo \u00e8 un lavoro fondamentale per noi.<\/strong> Con la pandemia abbiamo riorganizzato le postazioni. Quella di Luca \u00e8 una posizione centrale, tra gli uffici e la parte operativa, e cos\u00ec pu\u00f2 continuare a relazionarsi con tutti\u201d.<\/p><div id=\"ilnot-1125049233\" class=\"ilnot-contenuto_2-2 ilnot-entity-placement\"><div class=\"gptslot\" data-adunitid=\"2\"><\/div>\n<\/div>\n<p>E Luca ne parla anche in famiglia, soprattutto con mamma Silvia.<strong> La sua esperienza ha colpito anche i genitori dell\u2019associazione Il Pentolino che da tempo frequenta<\/strong>. La presidente Isabella Nardulli ha deciso quindi di scrivere una lettera all\u2019imprenditore senaghese per ringraziarlo di questa concreta testimonianza di inclusione.<\/p>\n<p>\u201cLa famiglia ci racconta di come l\u2019ambiente lavorativo che lei ha saputo creare ha reso Luca una persona responsabile e matura, un adulto che svolge il suo percorso professionale con impegno e autodeterminazione. Quello che sta accadendo a Luca \u00e8 normale per un lavoratore soddisfatto del proprio ruolo, <strong>ma \u00e8 assolutamente straordinario che avvenga nella vita di una persona con autismo\u201d.<\/strong><\/p>\n<p>\u201cIl suo inserimento nel contesto \u00e8 stata un\u2019evoluzione naturale \u2013 ha spiegato Mauro Lizzi \u2013 C\u2019\u00e8 voluto del tempo, ma si \u00e8 ambientato. Se ci sono delle pratiche nuove si \u2018mette sotto\u2019 finch\u00e8 non riesce a risolverle, \u00e8 molto preciso, a volte ci riprende, ed \u00e8 anche molto schietto, ma per quanto mi riguarda \u00e8 un lato positivo, anzi dovremmo imparare da lui\u201d.<\/p><div id=\"ilnot-4290576771\" class=\"ilnot-contenuto_2-2-2 ilnot-entity-placement\"><div class=\"gptslot\" data-adunitid=\"3\"><\/div>\n<\/div>\n<p>E durante la consegna della targa, che Luca ha voluto fare di persona insieme alla presidente dell\u2019associazione ed a mamma Silvia sono arrivati anche colleghi e colleghe. Nei momenti iniziali hanno condiviso parte del lavoro e della formazione con lui, si sono perfino documentati, per capire come meglio relazionarsi. Un lavoro di squadra in cui la qualit\u00e0 umana ed un ottimo capitano hanno contribuito a fare di Luca una risorsa dell\u2019azienda al pari con gli altri.<\/p>\n<p>\u201cMauro Lizzi ha il grande merito di essere libero da pregiudizi \u2013 ha spiegato Isabella Nardulli &#8211; nell\u2019adempiere alla normativa sull\u2019assunzione di persone con disabilit\u00e0, <strong>ha scelto la sfida pi\u00f9 grande assumendo un ragazzo con autismo<\/strong>. L\u2019inclusione come modo di pensare e agire \u00e8 un traguardo difficilissimo da realizzare in ambito lavorativo. Eppure nella sua azienda Lizzi ha raggiunto questo traguardo ben due volte a favore di due ragazzi con disabilit\u00e0 cognitiva&#8221;.<\/p>\n<p>&#8220;I ragazzi hanno intrapreso un percorso di crescita professionale vivendo con serenit\u00e0 questo importante passaggio della loro vita. Come genitori di ragazzi con difficolt\u00e0 &#8211; ha concluso &#8211; possiamo solo ringraziare che ci siano persone cos\u00ec coraggiose e di buon cuore, ci regalano la speranza che questa esperienza possa ripetersi ancora\u201d.<\/p><div id=\"ilnot-3781668369\" class=\"ilnot-contenuto_2-2-2-2 ilnot-entity-placement\"><div class=\"gptslot\" data-adunitid=\"4\"><\/div>\n<\/div>\n<p style=\"text-align: right;\"><strong>Stefania Priolo<\/strong><\/p>\n","protected":false},"excerpt":{"rendered":"<p>L\u2019associazione Il Pentolino di Senago premia l\u2019imprenditore Mauro Lizzi. Un premio come \u201cmiglior imprenditore che persegue l\u2019inclusione lavorativa\u201d. Quella di Luca, e della consegna di una targa, \u00e8 una di quelle storie che, una volta scovate, meritano di essere raccontate. E\u2019 una storia di gioia e speranza, ma soprattutto di quei diritti e di quelle<\/p>\n","protected":false},"author":14,"featured_media":152061,"comment_status":"closed","ping_status":"closed","sticky":false,"template":"","format":"standard","meta":{"footnotes":""},"categories":[8,11,20,16],"tags":[2261,8746,8756,2260,183],"class_list":{"0":"post-152060","1":"post","2":"type-post","3":"status-publish","4":"format-standard","5":"has-post-thumbnail","7":"category-bollatese","8":"category-nord-milano","9":"category-prima-pagina","10":"category-storie","11":"tag-autismo","12":"tag-imprenditore","13":"tag-inclusione","14":"tag-premio","15":"tag-senago"},"yoast_head":"<!-- This site is optimized with the Yoast SEO plugin v27.4 - https:\/\/yoast.com\/product\/yoast-seo-wordpress\/ -->\n<title>Senago: assunto con autismo, premio all&#039;imprenditore che fa inclusione in azienda - Il Notiziario<\/title>\n<meta name=\"description\" content=\"L\u2019associazione Il Pentolino di Senago premia l\u2019imprenditore Mauro Lizzi. Un premio come \u201cmiglior imprenditore che persegue l\u2019inclusione lavorativa\u201d.\" \/>\n<meta name=\"robots\" content=\"index, follow, max-snippet:-1, max-image-preview:large, max-video-preview:-1\" \/>\n<link rel=\"canonical\" href=\"https:\/\/www.ilnotiziario.net\/wp\/bollatese\/senago-autismo-premio-imprenditore-inclusione-lavorativa\/\" \/>\n<meta property=\"og:locale\" content=\"it_IT\" \/>\n<meta property=\"og:type\" content=\"article\" \/>\n<meta property=\"og:title\" content=\"Senago: assunto con autismo, premio all&#039;imprenditore che fa inclusione in azienda - Il Notiziario\" \/>\n<meta property=\"og:description\" content=\"L\u2019associazione Il Pentolino di Senago premia l\u2019imprenditore Mauro Lizzi. Un premio come \u201cmiglior imprenditore che persegue l\u2019inclusione lavorativa\u201d.\" \/>\n<meta property=\"og:url\" content=\"https:\/\/www.ilnotiziario.net\/wp\/bollatese\/senago-autismo-premio-imprenditore-inclusione-lavorativa\/\" \/>\n<meta property=\"og:site_name\" content=\"Il Notiziario\" \/>\n<meta property=\"article:publisher\" content=\"https:\/\/www.facebook.com\/ilnotiziarioind\/\" \/>\n<meta property=\"article:published_time\" content=\"2021-05-20T05:57:13+00:00\" \/>\n<meta property=\"og:image\" content=\"https:\/\/www.ilnotiziario.net\/wp\/wp-content\/uploads\/2021\/05\/sen_PRIMA_sottoapertura_Il_pentolino_TARGA_INCLUSIONE_LAVORATIVA_1.jpg\" \/>\n\t<meta property=\"og:image:width\" content=\"680\" \/>\n\t<meta property=\"og:image:height\" content=\"511\" \/>\n\t<meta property=\"og:image:type\" content=\"image\/jpeg\" \/>\n<meta name=\"author\" content=\"Silvia Citterio\" \/>\n<meta name=\"twitter:card\" content=\"summary_large_image\" \/>\n<meta name=\"twitter:creator\" content=\"@ilNotiziarioInd\" \/>\n<meta name=\"twitter:site\" content=\"@ilNotiziarioInd\" \/>\n<meta name=\"twitter:label1\" content=\"Scritto da\" \/>\n\t<meta name=\"twitter:data1\" content=\"Silvia Citterio\" \/>\n\t<meta name=\"twitter:label2\" content=\"Tempo di lettura stimato\" \/>\n\t<meta name=\"twitter:data2\" content=\"3 minuti\" \/>\n<script type=\"application\/ld+json\" class=\"yoast-schema-graph\">{\"@context\":\"https:\\\/\\\/schema.org\",\"@graph\":[{\"@type\":\"Article\",\"@id\":\"https:\\\/\\\/www.ilnotiziario.net\\\/wp\\\/bollatese\\\/senago-autismo-premio-imprenditore-inclusione-lavorativa\\\/#article\",\"isPartOf\":{\"@id\":\"https:\\\/\\\/www.ilnotiziario.net\\\/wp\\\/bollatese\\\/senago-autismo-premio-imprenditore-inclusione-lavorativa\\\/\"},\"author\":{\"name\":\"Silvia Citterio\",\"@id\":\"https:\\\/\\\/www.ilnotiziario.net\\\/wp\\\/#\\\/schema\\\/person\\\/c5bca2edc3d99d29959f04a6126f687b\"},\"headline\":\"Senago: assunto con autismo, premio all&#8217;imprenditore che fa inclusione in azienda\",\"datePublished\":\"2021-05-20T05:57:13+00:00\",\"mainEntityOfPage\":{\"@id\":\"https:\\\/\\\/www.ilnotiziario.net\\\/wp\\\/bollatese\\\/senago-autismo-premio-imprenditore-inclusione-lavorativa\\\/\"},\"wordCount\":628,\"publisher\":{\"@id\":\"https:\\\/\\\/www.ilnotiziario.net\\\/wp\\\/#organization\"},\"image\":{\"@id\":\"https:\\\/\\\/www.ilnotiziario.net\\\/wp\\\/bollatese\\\/senago-autismo-premio-imprenditore-inclusione-lavorativa\\\/#primaryimage\"},\"thumbnailUrl\":\"https:\\\/\\\/www.ilnotiziario.net\\\/wp\\\/wp-content\\\/uploads\\\/2021\\\/05\\\/sen_PRIMA_sottoapertura_Il_pentolino_TARGA_INCLUSIONE_LAVORATIVA_1.jpg\",\"keywords\":[\"autismo\",\"imprenditore\",\"inclusione\",\"premio\",\"Senago\"],\"articleSection\":[\"BOLLATESE\",\"NORD MILANO\",\"Prima Pagina\",\"STORIE\"],\"inLanguage\":\"it-IT\"},{\"@type\":\"WebPage\",\"@id\":\"https:\\\/\\\/www.ilnotiziario.net\\\/wp\\\/bollatese\\\/senago-autismo-premio-imprenditore-inclusione-lavorativa\\\/\",\"url\":\"https:\\\/\\\/www.ilnotiziario.net\\\/wp\\\/bollatese\\\/senago-autismo-premio-imprenditore-inclusione-lavorativa\\\/\",\"name\":\"Senago: assunto con autismo, premio all'imprenditore che fa inclusione in azienda - Il Notiziario\",\"isPartOf\":{\"@id\":\"https:\\\/\\\/www.ilnotiziario.net\\\/wp\\\/#website\"},\"primaryImageOfPage\":{\"@id\":\"https:\\\/\\\/www.ilnotiziario.net\\\/wp\\\/bollatese\\\/senago-autismo-premio-imprenditore-inclusione-lavorativa\\\/#primaryimage\"},\"image\":{\"@id\":\"https:\\\/\\\/www.ilnotiziario.net\\\/wp\\\/bollatese\\\/senago-autismo-premio-imprenditore-inclusione-lavorativa\\\/#primaryimage\"},\"thumbnailUrl\":\"https:\\\/\\\/www.ilnotiziario.net\\\/wp\\\/wp-content\\\/uploads\\\/2021\\\/05\\\/sen_PRIMA_sottoapertura_Il_pentolino_TARGA_INCLUSIONE_LAVORATIVA_1.jpg\",\"datePublished\":\"2021-05-20T05:57:13+00:00\",\"description\":\"L\u2019associazione Il Pentolino di Senago premia l\u2019imprenditore Mauro Lizzi. Un premio come \u201cmiglior imprenditore che persegue l\u2019inclusione lavorativa\u201d.\",\"breadcrumb\":{\"@id\":\"https:\\\/\\\/www.ilnotiziario.net\\\/wp\\\/bollatese\\\/senago-autismo-premio-imprenditore-inclusione-lavorativa\\\/#breadcrumb\"},\"inLanguage\":\"it-IT\",\"potentialAction\":[{\"@type\":\"ReadAction\",\"target\":[\"https:\\\/\\\/www.ilnotiziario.net\\\/wp\\\/bollatese\\\/senago-autismo-premio-imprenditore-inclusione-lavorativa\\\/\"]}]},{\"@type\":\"ImageObject\",\"inLanguage\":\"it-IT\",\"@id\":\"https:\\\/\\\/www.ilnotiziario.net\\\/wp\\\/bollatese\\\/senago-autismo-premio-imprenditore-inclusione-lavorativa\\\/#primaryimage\",\"url\":\"https:\\\/\\\/www.ilnotiziario.net\\\/wp\\\/wp-content\\\/uploads\\\/2021\\\/05\\\/sen_PRIMA_sottoapertura_Il_pentolino_TARGA_INCLUSIONE_LAVORATIVA_1.jpg\",\"contentUrl\":\"https:\\\/\\\/www.ilnotiziario.net\\\/wp\\\/wp-content\\\/uploads\\\/2021\\\/05\\\/sen_PRIMA_sottoapertura_Il_pentolino_TARGA_INCLUSIONE_LAVORATIVA_1.jpg\",\"width\":680,\"height\":511,\"caption\":\"Isabella Nardulli presidente de Il Pentolino, Luca, l'imprenditore Mauro Lizzi e mamma Silvia\"},{\"@type\":\"BreadcrumbList\",\"@id\":\"https:\\\/\\\/www.ilnotiziario.net\\\/wp\\\/bollatese\\\/senago-autismo-premio-imprenditore-inclusione-lavorativa\\\/#breadcrumb\",\"itemListElement\":[{\"@type\":\"ListItem\",\"position\":1,\"name\":\"tds_text_logo_tagline_colortds_text_logo_tagline_colortds_text_logo_tagline_colortds_text_logo_tagline_colortd_module_7_title_excerpttd_module_7_title_excerpttd_module_7_title_excerpttd_module_7_title_excerptHome\",\"item\":\"https:\\\/\\\/www.ilnotiziario.net\\\/wp\\\/\"},{\"@type\":\"ListItem\",\"position\":2,\"name\":\"Senago: assunto con autismo, premio all&#8217;imprenditore che fa inclusione in azienda\"}]},{\"@type\":\"WebSite\",\"@id\":\"https:\\\/\\\/www.ilnotiziario.net\\\/wp\\\/#website\",\"url\":\"https:\\\/\\\/www.ilnotiziario.net\\\/wp\\\/\",\"name\":\"Il Notiziario\",\"description\":\"Per restare sempre connessi alla notizia\",\"publisher\":{\"@id\":\"https:\\\/\\\/www.ilnotiziario.net\\\/wp\\\/#organization\"},\"alternateName\":\"Il Notiziario Bollate\",\"potentialAction\":[{\"@type\":\"SearchAction\",\"target\":{\"@type\":\"EntryPoint\",\"urlTemplate\":\"https:\\\/\\\/www.ilnotiziario.net\\\/wp\\\/?s={search_term_string}\"},\"query-input\":{\"@type\":\"PropertyValueSpecification\",\"valueRequired\":true,\"valueName\":\"search_term_string\"}}],\"inLanguage\":\"it-IT\"},{\"@type\":\"Organization\",\"@id\":\"https:\\\/\\\/www.ilnotiziario.net\\\/wp\\\/#organization\",\"name\":\"Il Notiziario\",\"url\":\"https:\\\/\\\/www.ilnotiziario.net\\\/wp\\\/\",\"logo\":{\"@type\":\"ImageObject\",\"inLanguage\":\"it-IT\",\"@id\":\"https:\\\/\\\/www.ilnotiziario.net\\\/wp\\\/#\\\/schema\\\/logo\\\/image\\\/\",\"url\":\"https:\\\/\\\/www.ilnotiziario.net\\\/wp\\\/wp-content\\\/uploads\\\/2022\\\/06\\\/170x170ilN.png\",\"contentUrl\":\"https:\\\/\\\/www.ilnotiziario.net\\\/wp\\\/wp-content\\\/uploads\\\/2022\\\/06\\\/170x170ilN.png\",\"width\":355,\"height\":355,\"caption\":\"Il Notiziario\"},\"image\":{\"@id\":\"https:\\\/\\\/www.ilnotiziario.net\\\/wp\\\/#\\\/schema\\\/logo\\\/image\\\/\"},\"sameAs\":[\"https:\\\/\\\/www.facebook.com\\\/ilnotiziarioind\\\/\",\"https:\\\/\\\/x.com\\\/ilNotiziarioInd\",\"https:\\\/\\\/www.instagram.com\\\/ilnotiziario_settimanale\\\/\"]},{\"@type\":\"Person\",\"@id\":\"https:\\\/\\\/www.ilnotiziario.net\\\/wp\\\/#\\\/schema\\\/person\\\/c5bca2edc3d99d29959f04a6126f687b\",\"name\":\"Silvia Citterio\",\"image\":{\"@type\":\"ImageObject\",\"inLanguage\":\"it-IT\",\"@id\":\"https:\\\/\\\/secure.gravatar.com\\\/avatar\\\/03eb19c63b944e79a9b5ce53ca5d1ca303edcf368a68721ec3ccaae7f98c5afd?s=96&d=mm&r=g\",\"url\":\"https:\\\/\\\/secure.gravatar.com\\\/avatar\\\/03eb19c63b944e79a9b5ce53ca5d1ca303edcf368a68721ec3ccaae7f98c5afd?s=96&d=mm&r=g\",\"contentUrl\":\"https:\\\/\\\/secure.gravatar.com\\\/avatar\\\/03eb19c63b944e79a9b5ce53ca5d1ca303edcf368a68721ec3ccaae7f98c5afd?s=96&d=mm&r=g\",\"caption\":\"Silvia Citterio\"}}]}<\/script>\n<!-- \/ Yoast SEO plugin. -->","yoast_head_json":{"title":"Senago: assunto con autismo, premio all'imprenditore che fa inclusione in azienda - Il Notiziario","description":"L\u2019associazione Il Pentolino di Senago premia l\u2019imprenditore Mauro Lizzi. Un premio come \u201cmiglior imprenditore che persegue l\u2019inclusione lavorativa\u201d.","robots":{"index":"index","follow":"follow","max-snippet":"max-snippet:-1","max-image-preview":"max-image-preview:large","max-video-preview":"max-video-preview:-1"},"canonical":"https:\/\/www.ilnotiziario.net\/wp\/bollatese\/senago-autismo-premio-imprenditore-inclusione-lavorativa\/","og_locale":"it_IT","og_type":"article","og_title":"Senago: assunto con autismo, premio all'imprenditore che fa inclusione in azienda - Il Notiziario","og_description":"L\u2019associazione Il Pentolino di Senago premia l\u2019imprenditore Mauro Lizzi. Un premio come \u201cmiglior imprenditore che persegue l\u2019inclusione lavorativa\u201d.","og_url":"https:\/\/www.ilnotiziario.net\/wp\/bollatese\/senago-autismo-premio-imprenditore-inclusione-lavorativa\/","og_site_name":"Il Notiziario","article_publisher":"https:\/\/www.facebook.com\/ilnotiziarioind\/","article_published_time":"2021-05-20T05:57:13+00:00","og_image":[{"width":680,"height":511,"url":"https:\/\/www.ilnotiziario.net\/wp\/wp-content\/uploads\/2021\/05\/sen_PRIMA_sottoapertura_Il_pentolino_TARGA_INCLUSIONE_LAVORATIVA_1.jpg","type":"image\/jpeg"}],"author":"Silvia Citterio","twitter_card":"summary_large_image","twitter_creator":"@ilNotiziarioInd","twitter_site":"@ilNotiziarioInd","twitter_misc":{"Scritto da":"Silvia Citterio","Tempo di lettura stimato":"3 minuti"},"schema":{"@context":"https:\/\/schema.org","@graph":[{"@type":"Article","@id":"https:\/\/www.ilnotiziario.net\/wp\/bollatese\/senago-autismo-premio-imprenditore-inclusione-lavorativa\/#article","isPartOf":{"@id":"https:\/\/www.ilnotiziario.net\/wp\/bollatese\/senago-autismo-premio-imprenditore-inclusione-lavorativa\/"},"author":{"name":"Silvia Citterio","@id":"https:\/\/www.ilnotiziario.net\/wp\/#\/schema\/person\/c5bca2edc3d99d29959f04a6126f687b"},"headline":"Senago: assunto con autismo, premio all&#8217;imprenditore che fa inclusione in azienda","datePublished":"2021-05-20T05:57:13+00:00","mainEntityOfPage":{"@id":"https:\/\/www.ilnotiziario.net\/wp\/bollatese\/senago-autismo-premio-imprenditore-inclusione-lavorativa\/"},"wordCount":628,"publisher":{"@id":"https:\/\/www.ilnotiziario.net\/wp\/#organization"},"image":{"@id":"https:\/\/www.ilnotiziario.net\/wp\/bollatese\/senago-autismo-premio-imprenditore-inclusione-lavorativa\/#primaryimage"},"thumbnailUrl":"https:\/\/www.ilnotiziario.net\/wp\/wp-content\/uploads\/2021\/05\/sen_PRIMA_sottoapertura_Il_pentolino_TARGA_INCLUSIONE_LAVORATIVA_1.jpg","keywords":["autismo","imprenditore","inclusione","premio","Senago"],"articleSection":["BOLLATESE","NORD MILANO","Prima Pagina","STORIE"],"inLanguage":"it-IT"},{"@type":"WebPage","@id":"https:\/\/www.ilnotiziario.net\/wp\/bollatese\/senago-autismo-premio-imprenditore-inclusione-lavorativa\/","url":"https:\/\/www.ilnotiziario.net\/wp\/bollatese\/senago-autismo-premio-imprenditore-inclusione-lavorativa\/","name":"Senago: assunto con autismo, premio all'imprenditore che fa inclusione in azienda - Il Notiziario","isPartOf":{"@id":"https:\/\/www.ilnotiziario.net\/wp\/#website"},"primaryImageOfPage":{"@id":"https:\/\/www.ilnotiziario.net\/wp\/bollatese\/senago-autismo-premio-imprenditore-inclusione-lavorativa\/#primaryimage"},"image":{"@id":"https:\/\/www.ilnotiziario.net\/wp\/bollatese\/senago-autismo-premio-imprenditore-inclusione-lavorativa\/#primaryimage"},"thumbnailUrl":"https:\/\/www.ilnotiziario.net\/wp\/wp-content\/uploads\/2021\/05\/sen_PRIMA_sottoapertura_Il_pentolino_TARGA_INCLUSIONE_LAVORATIVA_1.jpg","datePublished":"2021-05-20T05:57:13+00:00","description":"L\u2019associazione Il Pentolino di Senago premia l\u2019imprenditore Mauro Lizzi. Un premio come \u201cmiglior imprenditore che persegue l\u2019inclusione lavorativa\u201d.","breadcrumb":{"@id":"https:\/\/www.ilnotiziario.net\/wp\/bollatese\/senago-autismo-premio-imprenditore-inclusione-lavorativa\/#breadcrumb"},"inLanguage":"it-IT","potentialAction":[{"@type":"ReadAction","target":["https:\/\/www.ilnotiziario.net\/wp\/bollatese\/senago-autismo-premio-imprenditore-inclusione-lavorativa\/"]}]},{"@type":"ImageObject","inLanguage":"it-IT","@id":"https:\/\/www.ilnotiziario.net\/wp\/bollatese\/senago-autismo-premio-imprenditore-inclusione-lavorativa\/#primaryimage","url":"https:\/\/www.ilnotiziario.net\/wp\/wp-content\/uploads\/2021\/05\/sen_PRIMA_sottoapertura_Il_pentolino_TARGA_INCLUSIONE_LAVORATIVA_1.jpg","contentUrl":"https:\/\/www.ilnotiziario.net\/wp\/wp-content\/uploads\/2021\/05\/sen_PRIMA_sottoapertura_Il_pentolino_TARGA_INCLUSIONE_LAVORATIVA_1.jpg","width":680,"height":511,"caption":"Isabella Nardulli presidente de Il Pentolino, Luca, l'imprenditore Mauro Lizzi e mamma Silvia"},{"@type":"BreadcrumbList","@id":"https:\/\/www.ilnotiziario.net\/wp\/bollatese\/senago-autismo-premio-imprenditore-inclusione-lavorativa\/#breadcrumb","itemListElement":[{"@type":"ListItem","position":1,"name":"tds_text_logo_tagline_colortds_text_logo_tagline_colortds_text_logo_tagline_colortds_text_logo_tagline_colortd_module_7_title_excerpttd_module_7_title_excerpttd_module_7_title_excerpttd_module_7_title_excerptHome","item":"https:\/\/www.ilnotiziario.net\/wp\/"},{"@type":"ListItem","position":2,"name":"Senago: assunto con autismo, premio all&#8217;imprenditore che fa inclusione in azienda"}]},{"@type":"WebSite","@id":"https:\/\/www.ilnotiziario.net\/wp\/#website","url":"https:\/\/www.ilnotiziario.net\/wp\/","name":"Il Notiziario","description":"Per restare sempre connessi alla notizia","publisher":{"@id":"https:\/\/www.ilnotiziario.net\/wp\/#organization"},"alternateName":"Il Notiziario Bollate","potentialAction":[{"@type":"SearchAction","target":{"@type":"EntryPoint","urlTemplate":"https:\/\/www.ilnotiziario.net\/wp\/?s={search_term_string}"},"query-input":{"@type":"PropertyValueSpecification","valueRequired":true,"valueName":"search_term_string"}}],"inLanguage":"it-IT"},{"@type":"Organization","@id":"https:\/\/www.ilnotiziario.net\/wp\/#organization","name":"Il Notiziario","url":"https:\/\/www.ilnotiziario.net\/wp\/","logo":{"@type":"ImageObject","inLanguage":"it-IT","@id":"https:\/\/www.ilnotiziario.net\/wp\/#\/schema\/logo\/image\/","url":"https:\/\/www.ilnotiziario.net\/wp\/wp-content\/uploads\/2022\/06\/170x170ilN.png","contentUrl":"https:\/\/www.ilnotiziario.net\/wp\/wp-content\/uploads\/2022\/06\/170x170ilN.png","width":355,"height":355,"caption":"Il Notiziario"},"image":{"@id":"https:\/\/www.ilnotiziario.net\/wp\/#\/schema\/logo\/image\/"},"sameAs":["https:\/\/www.facebook.com\/ilnotiziarioind\/","https:\/\/x.com\/ilNotiziarioInd","https:\/\/www.instagram.com\/ilnotiziario_settimanale\/"]},{"@type":"Person","@id":"https:\/\/www.ilnotiziario.net\/wp\/#\/schema\/person\/c5bca2edc3d99d29959f04a6126f687b","name":"Silvia Citterio","image":{"@type":"ImageObject","inLanguage":"it-IT","@id":"https:\/\/secure.gravatar.com\/avatar\/03eb19c63b944e79a9b5ce53ca5d1ca303edcf368a68721ec3ccaae7f98c5afd?s=96&d=mm&r=g","url":"https:\/\/secure.gravatar.com\/avatar\/03eb19c63b944e79a9b5ce53ca5d1ca303edcf368a68721ec3ccaae7f98c5afd?s=96&d=mm&r=g","contentUrl":"https:\/\/secure.gravatar.com\/avatar\/03eb19c63b944e79a9b5ce53ca5d1ca303edcf368a68721ec3ccaae7f98c5afd?s=96&d=mm&r=g","caption":"Silvia Citterio"}}]}},"_links":{"self":[{"href":"https:\/\/www.ilnotiziario.net\/wp\/wp-json\/wp\/v2\/posts\/152060","targetHints":{"allow":["GET"]}}],"collection":[{"href":"https:\/\/www.ilnotiziario.net\/wp\/wp-json\/wp\/v2\/posts"}],"about":[{"href":"https:\/\/www.ilnotiziario.net\/wp\/wp-json\/wp\/v2\/types\/post"}],"author":[{"embeddable":true,"href":"https:\/\/www.ilnotiziario.net\/wp\/wp-json\/wp\/v2\/users\/14"}],"replies":[{"embeddable":true,"href":"https:\/\/www.ilnotiziario.net\/wp\/wp-json\/wp\/v2\/comments?post=152060"}],"version-history":[{"count":0,"href":"https:\/\/www.ilnotiziario.net\/wp\/wp-json\/wp\/v2\/posts\/152060\/revisions"}],"wp:featuredmedia":[{"embeddable":true,"href":"https:\/\/www.ilnotiziario.net\/wp\/wp-json\/wp\/v2\/media\/152061"}],"wp:attachment":[{"href":"https:\/\/www.ilnotiziario.net\/wp\/wp-json\/wp\/v2\/media?parent=152060"}],"wp:term":[{"taxonomy":"category","embeddable":true,"href":"https:\/\/www.ilnotiziario.net\/wp\/wp-json\/wp\/v2\/categories?post=152060"},{"taxonomy":"post_tag","embeddable":true,"href":"https:\/\/www.ilnotiziario.net\/wp\/wp-json\/wp\/v2\/tags?post=152060"}],"curies":[{"name":"wp","href":"https:\/\/api.w.org\/{rel}","templated":true}]}}