{"id":152240,"date":"2021-05-22T19:08:12","date_gmt":"2021-05-22T17:08:12","guid":{"rendered":"https:\/\/www.ilnotiziario.net\/wp\/?p=152240"},"modified":"2021-05-22T19:08:12","modified_gmt":"2021-05-22T17:08:12","slug":"senago-nuova-pista-ciclabile-dedicata-giro-italia","status":"publish","type":"post","link":"https:\/\/www.ilnotiziario.net\/wp\/prima-pagina\/senago-nuova-pista-ciclabile-dedicata-giro-italia\/","title":{"rendered":"Senago: nuova pista ciclabile dedicata al Giro d&#8217;Italia | VIDEO"},"content":{"rendered":"<p><img decoding=\"async\" class=\"aligncenter size-medium wp-image-152241\" src=\"https:\/\/www.ilnotiziario.net\/wp\/wp-content\/uploads\/2021\/05\/Senago-pista-ciclabile-300x165.jpg\" alt=\"Senago pista ciclabile\" width=\"300\" height=\"165\" srcset=\"https:\/\/www.ilnotiziario.net\/wp\/wp-content\/uploads\/2021\/05\/Senago-pista-ciclabile-300x165.jpg 300w, https:\/\/www.ilnotiziario.net\/wp\/wp-content\/uploads\/2021\/05\/Senago-pista-ciclabile-696x385.jpg 696w, https:\/\/www.ilnotiziario.net\/wp\/wp-content\/uploads\/2021\/05\/Senago-pista-ciclabile.jpg 709w\" sizes=\"(max-width: 300px) 100vw, 300px\" \/>A Senago \u00e8 partito il conto alla rovescia per il grande evento della partenza dell&#8217;ultima tappa del Giro d&#8217;Italia 2021. Questo pomeriggio, sabato 22 maggio&nbsp; l&#8217;amministrazione comunale ha inaugurato la nuova pista ciclopedonale intitolata proprio al Giro d&#8217;Italia. Sulla targa si legge &#8220;Percorso Giro d&#8217;italia 30 maggio&#8221;.<br \/>\nSenago sar\u00e0 infatti protagonista dell&#8217;ultima tappa, la 21esima, una cronometro che partir\u00e0 dal centro cittadino per raggiungere il Duomo di Milano.<\/p><div id=\"ilnot-206983626\" class=\"ilnot-contenuto ilnot-entity-placement\"><p><!-- incontent_1 --><\/p>\n<div class=\"gptslot\" data-adunitid=\"1\"><\/div>\n<\/div>\n<p>&#8220;Sar\u00e0 una giornata storica che Senago ricorder\u00e0 per sempre &#8211; ha spiegato il sindaco Magda Beretta prima di scoprire la targa &#8211; la nuova pista ciclabile collegher\u00e0 le diverse aree della citt\u00e0. Da via Risorgimento all&#8217;alzaia del Villoresi, dalla Comasina a Castelletto, attraversando il centro fino al Mascagni, collegando l&#8217;area dell&#8217;isolino e la via De Gasperi.<\/p>\n<p>Quest&#8217;opera \u00e8 stata realizzata grazie ai contributi di Regione Lombardia a cui vanno i nostri pi\u00f9 sentiti ringraziamenti&#8221;. Per l&#8217;occasione \u00e8 stata organizzata anche una biciclettata che ha visto in sella membri della Giunta e rappresentanti delle associazioni sportive del territorio.<\/p><div id=\"ilnot-1966625620\" class=\"ilnot-contenuto_2 ilnot-entity-placement\"><div class=\"ads-wrapper\">\n<div class=\"ad-slot\">\n   <div id=\"ilnot-959103972\" style=\"margin-right: auto;margin-left: auto;text-align: center;width: 320px;height: 100px;\"><a href=\"https:\/\/www.scuolasicurezza.it\/\"><img decoding=\"async\" src=\"https:\/\/www.ilnotiziario.net\/wp\/wp-content\/uploads\/2026\/04\/IlNotiziario_banner-sito-e-newsletter-320-x-100-px-1.gif\" alt=\"\"><\/a><\/div>\n  <\/div>\n<div class=\"ad-slot\">\n   <div id=\"ilnot-267771617\" style=\"margin-right: auto;margin-left: auto;text-align: center;width: 320px;height: 100px;\"><a href=\"https:\/\/purodesignarredamenti.com\/\"><img decoding=\"async\" src=\"https:\/\/www.ilnotiziario.net\/wp\/wp-content\/uploads\/2026\/04\/banner-puro-ok.gif\" alt=\"whatsapp\"><\/a><\/div><\/p><\/div>\n<\/div>\n<\/div>\n<p><iframe title=\"Senago, nuova pista ciclabile dedicata al Giro d&#039;Italia\" width=\"765\" height=\"430\" src=\"https:\/\/www.youtube.com\/embed\/q3fw0sttQ5M?feature=oembed\" frameborder=\"0\" allow=\"accelerometer; autoplay; clipboard-write; encrypted-media; gyroscope; picture-in-picture; web-share\" allowfullscreen><\/iframe><\/p>\n<p><strong>Stefania Priolo&nbsp;<\/strong><\/p>\n","protected":false},"excerpt":{"rendered":"<p>A Senago \u00e8 partito il conto alla rovescia per il grande evento della partenza dell&#8217;ultima tappa del Giro d&#8217;Italia 2021. Questo pomeriggio, sabato 22 maggio&nbsp; l&#8217;amministrazione comunale ha inaugurato la nuova pista ciclopedonale intitolata proprio al Giro d&#8217;Italia. Sulla targa si legge &#8220;Percorso Giro d&#8217;italia 30 maggio&#8221;. Senago sar\u00e0 infatti protagonista dell&#8217;ultima tappa, la 21esima,<\/p>\n","protected":false},"author":3,"featured_media":152241,"comment_status":"closed","ping_status":"closed","sticky":false,"template":"","format":"standard","meta":{"footnotes":""},"categories":[8,11,20,21],"tags":[322,3037,2229,183],"class_list":{"0":"post-152240","1":"post","2":"type-post","3":"status-publish","4":"format-standard","5":"has-post-thumbnail","7":"category-bollatese","8":"category-nord-milano","9":"category-prima-pagina","10":"category-video","11":"tag-bicicletta","12":"tag-giro-ditalia","13":"tag-pista-ciclabile","14":"tag-senago"},"yoast_head":"<!-- This site is optimized with the Yoast SEO plugin v27.4 - https:\/\/yoast.com\/product\/yoast-seo-wordpress\/ -->\n<title>Senago: nuova pista ciclabile dedicata al Giro d&#039;Italia | VIDEO - Il Notiziario<\/title>\n<meta name=\"description\" content=\"A Senago \u00e8 partito il conto alla rovescia per il grande evento della partenza dell&#039;ultima tappa del Giro d&#039;Italia 2021. Questo pomeriggio, sabato 22\" \/>\n<meta name=\"robots\" content=\"index, follow, max-snippet:-1, max-image-preview:large, max-video-preview:-1\" \/>\n<link rel=\"canonical\" href=\"https:\/\/www.ilnotiziario.net\/wp\/prima-pagina\/senago-nuova-pista-ciclabile-dedicata-giro-italia\/\" \/>\n<meta property=\"og:locale\" content=\"it_IT\" \/>\n<meta property=\"og:type\" content=\"article\" \/>\n<meta property=\"og:title\" content=\"Senago: nuova pista ciclabile dedicata al Giro d&#039;Italia | VIDEO - Il Notiziario\" \/>\n<meta property=\"og:description\" content=\"A Senago \u00e8 partito il conto alla rovescia per il grande evento della partenza dell&#039;ultima tappa del Giro d&#039;Italia 2021. Questo pomeriggio, sabato 22\" \/>\n<meta property=\"og:url\" content=\"https:\/\/www.ilnotiziario.net\/wp\/prima-pagina\/senago-nuova-pista-ciclabile-dedicata-giro-italia\/\" \/>\n<meta property=\"og:site_name\" content=\"Il Notiziario\" \/>\n<meta property=\"article:publisher\" content=\"https:\/\/www.facebook.com\/ilnotiziarioind\/\" \/>\n<meta property=\"article:published_time\" content=\"2021-05-22T17:08:12+00:00\" \/>\n<meta property=\"og:image\" content=\"https:\/\/www.ilnotiziario.net\/wp\/wp-content\/uploads\/2021\/05\/Senago-pista-ciclabile.jpg\" \/>\n\t<meta property=\"og:image:width\" content=\"709\" \/>\n\t<meta property=\"og:image:height\" content=\"390\" \/>\n\t<meta property=\"og:image:type\" content=\"image\/jpeg\" \/>\n<meta name=\"author\" content=\"Gabriele Bassani\" \/>\n<meta name=\"twitter:card\" content=\"summary_large_image\" \/>\n<meta name=\"twitter:creator\" content=\"@ilNotiziarioInd\" \/>\n<meta name=\"twitter:site\" content=\"@ilNotiziarioInd\" \/>\n<meta name=\"twitter:label1\" content=\"Scritto da\" \/>\n\t<meta name=\"twitter:data1\" content=\"Gabriele Bassani\" \/>\n\t<meta name=\"twitter:label2\" content=\"Tempo di lettura stimato\" \/>\n\t<meta name=\"twitter:data2\" content=\"1 minuto\" \/>\n<script type=\"application\/ld+json\" class=\"yoast-schema-graph\">{\"@context\":\"https:\\\/\\\/schema.org\",\"@graph\":[{\"@type\":\"Article\",\"@id\":\"https:\\\/\\\/www.ilnotiziario.net\\\/wp\\\/prima-pagina\\\/senago-nuova-pista-ciclabile-dedicata-giro-italia\\\/#article\",\"isPartOf\":{\"@id\":\"https:\\\/\\\/www.ilnotiziario.net\\\/wp\\\/prima-pagina\\\/senago-nuova-pista-ciclabile-dedicata-giro-italia\\\/\"},\"author\":{\"name\":\"Gabriele Bassani\",\"@id\":\"https:\\\/\\\/www.ilnotiziario.net\\\/wp\\\/#\\\/schema\\\/person\\\/386e222908f898bb41c033989482bbf2\"},\"headline\":\"Senago: nuova pista ciclabile dedicata al Giro d&#8217;Italia | VIDEO\",\"datePublished\":\"2021-05-22T17:08:12+00:00\",\"mainEntityOfPage\":{\"@id\":\"https:\\\/\\\/www.ilnotiziario.net\\\/wp\\\/prima-pagina\\\/senago-nuova-pista-ciclabile-dedicata-giro-italia\\\/\"},\"wordCount\":193,\"publisher\":{\"@id\":\"https:\\\/\\\/www.ilnotiziario.net\\\/wp\\\/#organization\"},\"image\":{\"@id\":\"https:\\\/\\\/www.ilnotiziario.net\\\/wp\\\/prima-pagina\\\/senago-nuova-pista-ciclabile-dedicata-giro-italia\\\/#primaryimage\"},\"thumbnailUrl\":\"https:\\\/\\\/www.ilnotiziario.net\\\/wp\\\/wp-content\\\/uploads\\\/2021\\\/05\\\/Senago-pista-ciclabile.jpg\",\"keywords\":[\"bicicletta\",\"Giro d'Italia\",\"pista ciclabile\",\"Senago\"],\"articleSection\":[\"BOLLATESE\",\"NORD MILANO\",\"Prima Pagina\",\"Video\"],\"inLanguage\":\"it-IT\"},{\"@type\":\"WebPage\",\"@id\":\"https:\\\/\\\/www.ilnotiziario.net\\\/wp\\\/prima-pagina\\\/senago-nuova-pista-ciclabile-dedicata-giro-italia\\\/\",\"url\":\"https:\\\/\\\/www.ilnotiziario.net\\\/wp\\\/prima-pagina\\\/senago-nuova-pista-ciclabile-dedicata-giro-italia\\\/\",\"name\":\"Senago: nuova pista ciclabile dedicata al Giro d'Italia | VIDEO - Il Notiziario\",\"isPartOf\":{\"@id\":\"https:\\\/\\\/www.ilnotiziario.net\\\/wp\\\/#website\"},\"primaryImageOfPage\":{\"@id\":\"https:\\\/\\\/www.ilnotiziario.net\\\/wp\\\/prima-pagina\\\/senago-nuova-pista-ciclabile-dedicata-giro-italia\\\/#primaryimage\"},\"image\":{\"@id\":\"https:\\\/\\\/www.ilnotiziario.net\\\/wp\\\/prima-pagina\\\/senago-nuova-pista-ciclabile-dedicata-giro-italia\\\/#primaryimage\"},\"thumbnailUrl\":\"https:\\\/\\\/www.ilnotiziario.net\\\/wp\\\/wp-content\\\/uploads\\\/2021\\\/05\\\/Senago-pista-ciclabile.jpg\",\"datePublished\":\"2021-05-22T17:08:12+00:00\",\"description\":\"A Senago \u00e8 partito il conto alla rovescia per il grande evento della partenza dell'ultima tappa del Giro d'Italia 2021. Questo pomeriggio, sabato 22\",\"breadcrumb\":{\"@id\":\"https:\\\/\\\/www.ilnotiziario.net\\\/wp\\\/prima-pagina\\\/senago-nuova-pista-ciclabile-dedicata-giro-italia\\\/#breadcrumb\"},\"inLanguage\":\"it-IT\",\"potentialAction\":[{\"@type\":\"ReadAction\",\"target\":[\"https:\\\/\\\/www.ilnotiziario.net\\\/wp\\\/prima-pagina\\\/senago-nuova-pista-ciclabile-dedicata-giro-italia\\\/\"]}]},{\"@type\":\"ImageObject\",\"inLanguage\":\"it-IT\",\"@id\":\"https:\\\/\\\/www.ilnotiziario.net\\\/wp\\\/prima-pagina\\\/senago-nuova-pista-ciclabile-dedicata-giro-italia\\\/#primaryimage\",\"url\":\"https:\\\/\\\/www.ilnotiziario.net\\\/wp\\\/wp-content\\\/uploads\\\/2021\\\/05\\\/Senago-pista-ciclabile.jpg\",\"contentUrl\":\"https:\\\/\\\/www.ilnotiziario.net\\\/wp\\\/wp-content\\\/uploads\\\/2021\\\/05\\\/Senago-pista-ciclabile.jpg\",\"width\":709,\"height\":390,\"caption\":\"Senago pista ciclabile\"},{\"@type\":\"BreadcrumbList\",\"@id\":\"https:\\\/\\\/www.ilnotiziario.net\\\/wp\\\/prima-pagina\\\/senago-nuova-pista-ciclabile-dedicata-giro-italia\\\/#breadcrumb\",\"itemListElement\":[{\"@type\":\"ListItem\",\"position\":1,\"name\":\"tds_text_logo_tagline_colortds_text_logo_tagline_colortds_text_logo_tagline_colortds_text_logo_tagline_colortd_module_7_title_excerpttd_module_7_title_excerpttd_module_7_title_excerpttd_module_7_title_excerptHome\",\"item\":\"https:\\\/\\\/www.ilnotiziario.net\\\/wp\\\/\"},{\"@type\":\"ListItem\",\"position\":2,\"name\":\"Senago: nuova pista ciclabile dedicata al Giro d&#8217;Italia | VIDEO\"}]},{\"@type\":\"WebSite\",\"@id\":\"https:\\\/\\\/www.ilnotiziario.net\\\/wp\\\/#website\",\"url\":\"https:\\\/\\\/www.ilnotiziario.net\\\/wp\\\/\",\"name\":\"Il Notiziario\",\"description\":\"Per restare sempre connessi alla notizia\",\"publisher\":{\"@id\":\"https:\\\/\\\/www.ilnotiziario.net\\\/wp\\\/#organization\"},\"alternateName\":\"Il Notiziario Bollate\",\"potentialAction\":[{\"@type\":\"SearchAction\",\"target\":{\"@type\":\"EntryPoint\",\"urlTemplate\":\"https:\\\/\\\/www.ilnotiziario.net\\\/wp\\\/?s={search_term_string}\"},\"query-input\":{\"@type\":\"PropertyValueSpecification\",\"valueRequired\":true,\"valueName\":\"search_term_string\"}}],\"inLanguage\":\"it-IT\"},{\"@type\":\"Organization\",\"@id\":\"https:\\\/\\\/www.ilnotiziario.net\\\/wp\\\/#organization\",\"name\":\"Il Notiziario\",\"url\":\"https:\\\/\\\/www.ilnotiziario.net\\\/wp\\\/\",\"logo\":{\"@type\":\"ImageObject\",\"inLanguage\":\"it-IT\",\"@id\":\"https:\\\/\\\/www.ilnotiziario.net\\\/wp\\\/#\\\/schema\\\/logo\\\/image\\\/\",\"url\":\"https:\\\/\\\/www.ilnotiziario.net\\\/wp\\\/wp-content\\\/uploads\\\/2022\\\/06\\\/170x170ilN.png\",\"contentUrl\":\"https:\\\/\\\/www.ilnotiziario.net\\\/wp\\\/wp-content\\\/uploads\\\/2022\\\/06\\\/170x170ilN.png\",\"width\":355,\"height\":355,\"caption\":\"Il Notiziario\"},\"image\":{\"@id\":\"https:\\\/\\\/www.ilnotiziario.net\\\/wp\\\/#\\\/schema\\\/logo\\\/image\\\/\"},\"sameAs\":[\"https:\\\/\\\/www.facebook.com\\\/ilnotiziarioind\\\/\",\"https:\\\/\\\/x.com\\\/ilNotiziarioInd\",\"https:\\\/\\\/www.instagram.com\\\/ilnotiziario_settimanale\\\/\"]},{\"@type\":\"Person\",\"@id\":\"https:\\\/\\\/www.ilnotiziario.net\\\/wp\\\/#\\\/schema\\\/person\\\/386e222908f898bb41c033989482bbf2\",\"name\":\"Gabriele Bassani\",\"image\":{\"@type\":\"ImageObject\",\"inLanguage\":\"it-IT\",\"@id\":\"https:\\\/\\\/secure.gravatar.com\\\/avatar\\\/09274f4a84fa97698bde56f84b3afed61c8492d48b0550db9671b68c177479cb?s=96&d=mm&r=g\",\"url\":\"https:\\\/\\\/secure.gravatar.com\\\/avatar\\\/09274f4a84fa97698bde56f84b3afed61c8492d48b0550db9671b68c177479cb?s=96&d=mm&r=g\",\"contentUrl\":\"https:\\\/\\\/secure.gravatar.com\\\/avatar\\\/09274f4a84fa97698bde56f84b3afed61c8492d48b0550db9671b68c177479cb?s=96&d=mm&r=g\",\"caption\":\"Gabriele Bassani\"},\"sameAs\":[\"http:\\\/\\\/www.ilnotiziario.net\"]}]}<\/script>\n<!-- \/ Yoast SEO plugin. -->","yoast_head_json":{"title":"Senago: nuova pista ciclabile dedicata al Giro d'Italia | VIDEO - Il Notiziario","description":"A Senago \u00e8 partito il conto alla rovescia per il grande evento della partenza dell'ultima tappa del Giro d'Italia 2021. Questo pomeriggio, sabato 22","robots":{"index":"index","follow":"follow","max-snippet":"max-snippet:-1","max-image-preview":"max-image-preview:large","max-video-preview":"max-video-preview:-1"},"canonical":"https:\/\/www.ilnotiziario.net\/wp\/prima-pagina\/senago-nuova-pista-ciclabile-dedicata-giro-italia\/","og_locale":"it_IT","og_type":"article","og_title":"Senago: nuova pista ciclabile dedicata al Giro d'Italia | VIDEO - Il Notiziario","og_description":"A Senago \u00e8 partito il conto alla rovescia per il grande evento della partenza dell'ultima tappa del Giro d'Italia 2021. Questo pomeriggio, sabato 22","og_url":"https:\/\/www.ilnotiziario.net\/wp\/prima-pagina\/senago-nuova-pista-ciclabile-dedicata-giro-italia\/","og_site_name":"Il Notiziario","article_publisher":"https:\/\/www.facebook.com\/ilnotiziarioind\/","article_published_time":"2021-05-22T17:08:12+00:00","og_image":[{"width":709,"height":390,"url":"https:\/\/www.ilnotiziario.net\/wp\/wp-content\/uploads\/2021\/05\/Senago-pista-ciclabile.jpg","type":"image\/jpeg"}],"author":"Gabriele Bassani","twitter_card":"summary_large_image","twitter_creator":"@ilNotiziarioInd","twitter_site":"@ilNotiziarioInd","twitter_misc":{"Scritto da":"Gabriele Bassani","Tempo di lettura stimato":"1 minuto"},"schema":{"@context":"https:\/\/schema.org","@graph":[{"@type":"Article","@id":"https:\/\/www.ilnotiziario.net\/wp\/prima-pagina\/senago-nuova-pista-ciclabile-dedicata-giro-italia\/#article","isPartOf":{"@id":"https:\/\/www.ilnotiziario.net\/wp\/prima-pagina\/senago-nuova-pista-ciclabile-dedicata-giro-italia\/"},"author":{"name":"Gabriele Bassani","@id":"https:\/\/www.ilnotiziario.net\/wp\/#\/schema\/person\/386e222908f898bb41c033989482bbf2"},"headline":"Senago: nuova pista ciclabile dedicata al Giro d&#8217;Italia | VIDEO","datePublished":"2021-05-22T17:08:12+00:00","mainEntityOfPage":{"@id":"https:\/\/www.ilnotiziario.net\/wp\/prima-pagina\/senago-nuova-pista-ciclabile-dedicata-giro-italia\/"},"wordCount":193,"publisher":{"@id":"https:\/\/www.ilnotiziario.net\/wp\/#organization"},"image":{"@id":"https:\/\/www.ilnotiziario.net\/wp\/prima-pagina\/senago-nuova-pista-ciclabile-dedicata-giro-italia\/#primaryimage"},"thumbnailUrl":"https:\/\/www.ilnotiziario.net\/wp\/wp-content\/uploads\/2021\/05\/Senago-pista-ciclabile.jpg","keywords":["bicicletta","Giro d'Italia","pista ciclabile","Senago"],"articleSection":["BOLLATESE","NORD MILANO","Prima Pagina","Video"],"inLanguage":"it-IT"},{"@type":"WebPage","@id":"https:\/\/www.ilnotiziario.net\/wp\/prima-pagina\/senago-nuova-pista-ciclabile-dedicata-giro-italia\/","url":"https:\/\/www.ilnotiziario.net\/wp\/prima-pagina\/senago-nuova-pista-ciclabile-dedicata-giro-italia\/","name":"Senago: nuova pista ciclabile dedicata al Giro d'Italia | VIDEO - Il Notiziario","isPartOf":{"@id":"https:\/\/www.ilnotiziario.net\/wp\/#website"},"primaryImageOfPage":{"@id":"https:\/\/www.ilnotiziario.net\/wp\/prima-pagina\/senago-nuova-pista-ciclabile-dedicata-giro-italia\/#primaryimage"},"image":{"@id":"https:\/\/www.ilnotiziario.net\/wp\/prima-pagina\/senago-nuova-pista-ciclabile-dedicata-giro-italia\/#primaryimage"},"thumbnailUrl":"https:\/\/www.ilnotiziario.net\/wp\/wp-content\/uploads\/2021\/05\/Senago-pista-ciclabile.jpg","datePublished":"2021-05-22T17:08:12+00:00","description":"A Senago \u00e8 partito il conto alla rovescia per il grande evento della partenza dell'ultima tappa del Giro d'Italia 2021. Questo pomeriggio, sabato 22","breadcrumb":{"@id":"https:\/\/www.ilnotiziario.net\/wp\/prima-pagina\/senago-nuova-pista-ciclabile-dedicata-giro-italia\/#breadcrumb"},"inLanguage":"it-IT","potentialAction":[{"@type":"ReadAction","target":["https:\/\/www.ilnotiziario.net\/wp\/prima-pagina\/senago-nuova-pista-ciclabile-dedicata-giro-italia\/"]}]},{"@type":"ImageObject","inLanguage":"it-IT","@id":"https:\/\/www.ilnotiziario.net\/wp\/prima-pagina\/senago-nuova-pista-ciclabile-dedicata-giro-italia\/#primaryimage","url":"https:\/\/www.ilnotiziario.net\/wp\/wp-content\/uploads\/2021\/05\/Senago-pista-ciclabile.jpg","contentUrl":"https:\/\/www.ilnotiziario.net\/wp\/wp-content\/uploads\/2021\/05\/Senago-pista-ciclabile.jpg","width":709,"height":390,"caption":"Senago pista ciclabile"},{"@type":"BreadcrumbList","@id":"https:\/\/www.ilnotiziario.net\/wp\/prima-pagina\/senago-nuova-pista-ciclabile-dedicata-giro-italia\/#breadcrumb","itemListElement":[{"@type":"ListItem","position":1,"name":"tds_text_logo_tagline_colortds_text_logo_tagline_colortds_text_logo_tagline_colortds_text_logo_tagline_colortd_module_7_title_excerpttd_module_7_title_excerpttd_module_7_title_excerpttd_module_7_title_excerptHome","item":"https:\/\/www.ilnotiziario.net\/wp\/"},{"@type":"ListItem","position":2,"name":"Senago: nuova pista ciclabile dedicata al Giro d&#8217;Italia | VIDEO"}]},{"@type":"WebSite","@id":"https:\/\/www.ilnotiziario.net\/wp\/#website","url":"https:\/\/www.ilnotiziario.net\/wp\/","name":"Il Notiziario","description":"Per restare sempre connessi alla notizia","publisher":{"@id":"https:\/\/www.ilnotiziario.net\/wp\/#organization"},"alternateName":"Il Notiziario Bollate","potentialAction":[{"@type":"SearchAction","target":{"@type":"EntryPoint","urlTemplate":"https:\/\/www.ilnotiziario.net\/wp\/?s={search_term_string}"},"query-input":{"@type":"PropertyValueSpecification","valueRequired":true,"valueName":"search_term_string"}}],"inLanguage":"it-IT"},{"@type":"Organization","@id":"https:\/\/www.ilnotiziario.net\/wp\/#organization","name":"Il Notiziario","url":"https:\/\/www.ilnotiziario.net\/wp\/","logo":{"@type":"ImageObject","inLanguage":"it-IT","@id":"https:\/\/www.ilnotiziario.net\/wp\/#\/schema\/logo\/image\/","url":"https:\/\/www.ilnotiziario.net\/wp\/wp-content\/uploads\/2022\/06\/170x170ilN.png","contentUrl":"https:\/\/www.ilnotiziario.net\/wp\/wp-content\/uploads\/2022\/06\/170x170ilN.png","width":355,"height":355,"caption":"Il Notiziario"},"image":{"@id":"https:\/\/www.ilnotiziario.net\/wp\/#\/schema\/logo\/image\/"},"sameAs":["https:\/\/www.facebook.com\/ilnotiziarioind\/","https:\/\/x.com\/ilNotiziarioInd","https:\/\/www.instagram.com\/ilnotiziario_settimanale\/"]},{"@type":"Person","@id":"https:\/\/www.ilnotiziario.net\/wp\/#\/schema\/person\/386e222908f898bb41c033989482bbf2","name":"Gabriele Bassani","image":{"@type":"ImageObject","inLanguage":"it-IT","@id":"https:\/\/secure.gravatar.com\/avatar\/09274f4a84fa97698bde56f84b3afed61c8492d48b0550db9671b68c177479cb?s=96&d=mm&r=g","url":"https:\/\/secure.gravatar.com\/avatar\/09274f4a84fa97698bde56f84b3afed61c8492d48b0550db9671b68c177479cb?s=96&d=mm&r=g","contentUrl":"https:\/\/secure.gravatar.com\/avatar\/09274f4a84fa97698bde56f84b3afed61c8492d48b0550db9671b68c177479cb?s=96&d=mm&r=g","caption":"Gabriele Bassani"},"sameAs":["http:\/\/www.ilnotiziario.net"]}]}},"_links":{"self":[{"href":"https:\/\/www.ilnotiziario.net\/wp\/wp-json\/wp\/v2\/posts\/152240","targetHints":{"allow":["GET"]}}],"collection":[{"href":"https:\/\/www.ilnotiziario.net\/wp\/wp-json\/wp\/v2\/posts"}],"about":[{"href":"https:\/\/www.ilnotiziario.net\/wp\/wp-json\/wp\/v2\/types\/post"}],"author":[{"embeddable":true,"href":"https:\/\/www.ilnotiziario.net\/wp\/wp-json\/wp\/v2\/users\/3"}],"replies":[{"embeddable":true,"href":"https:\/\/www.ilnotiziario.net\/wp\/wp-json\/wp\/v2\/comments?post=152240"}],"version-history":[{"count":0,"href":"https:\/\/www.ilnotiziario.net\/wp\/wp-json\/wp\/v2\/posts\/152240\/revisions"}],"wp:featuredmedia":[{"embeddable":true,"href":"https:\/\/www.ilnotiziario.net\/wp\/wp-json\/wp\/v2\/media\/152241"}],"wp:attachment":[{"href":"https:\/\/www.ilnotiziario.net\/wp\/wp-json\/wp\/v2\/media?parent=152240"}],"wp:term":[{"taxonomy":"category","embeddable":true,"href":"https:\/\/www.ilnotiziario.net\/wp\/wp-json\/wp\/v2\/categories?post=152240"},{"taxonomy":"post_tag","embeddable":true,"href":"https:\/\/www.ilnotiziario.net\/wp\/wp-json\/wp\/v2\/tags?post=152240"}],"curies":[{"name":"wp","href":"https:\/\/api.w.org\/{rel}","templated":true}]}}