{"id":152549,"date":"2021-05-31T11:08:49","date_gmt":"2021-05-31T09:08:49","guid":{"rendered":"https:\/\/www.ilnotiziario.net\/wp\/?p=152549"},"modified":"2021-05-31T11:08:49","modified_gmt":"2021-05-31T09:08:49","slug":"carcinoma-ovarico-san-gerardo-monza-ambulatorio","status":"publish","type":"post","link":"https:\/\/www.ilnotiziario.net\/wp\/buonoasapersi\/carcinoma-ovarico-san-gerardo-monza-ambulatorio\/","title":{"rendered":"Carcinoma ovarico: al San Gerardo di Monza un ambulatorio per le donne portatrici di mutazione BRCA"},"content":{"rendered":"<p><img fetchpriority=\"high\" decoding=\"async\" class=\"size-medium wp-image-32140 aligncenter\" src=\"https:\/\/www.ilnotiziario.net\/wp\/wp-content\/uploads\/2019\/03\/SanGerardoMonza-300x217.jpg\" alt=\"Ospedale San Gerardo Monza\" width=\"300\" height=\"217\" srcset=\"https:\/\/www.ilnotiziario.net\/wp\/wp-content\/uploads\/2019\/03\/SanGerardoMonza-300x217.jpg 300w, https:\/\/www.ilnotiziario.net\/wp\/wp-content\/uploads\/2019\/03\/SanGerardoMonza-768x556.jpg 768w, https:\/\/www.ilnotiziario.net\/wp\/wp-content\/uploads\/2019\/03\/SanGerardoMonza-324x235.jpg 324w, https:\/\/www.ilnotiziario.net\/wp\/wp-content\/uploads\/2019\/03\/SanGerardoMonza-560x405.jpg 560w, https:\/\/www.ilnotiziario.net\/wp\/wp-content\/uploads\/2019\/03\/SanGerardoMonza.jpg 880w\" sizes=\"(max-width: 300px) 100vw, 300px\" \/><\/p>\n<p>Dal gennaio 2017 \u00e8 attivo, presso l\u2019<strong>Ospedale San Gerardo di Monza<\/strong>, un servizio dedicato alla sorveglianza ginecologica per le donne portatrici di mutazione genetica dei geni BRCA, diretto dal prof. Robert Fruscio della UOC di Ginecologia Chirurgica guidata del prof. Fabio Landoni, entrambi professori associati in Ginecologia e Ostetricia dell\u2019Universit\u00e0 degli Studi di Milano-Bicocca.<\/p><div id=\"ilnot-46561547\" class=\"ilnot-contenuto ilnot-entity-placement\"><p><!-- incontent_1 --><\/p>\n<div class=\"gptslot\" data-adunitid=\"1\"><\/div>\n<\/div>\n<p>L\u2019idea di creare uno spazio riservato a tali donne nasce da una stretta collaborazione con la UOS di Genetica Medica, in particolare con la dott.ssa Elena Sala e la dott.ssa Gaia Roversi, con l&#8217;obiettivo di recepire le direttive regionali in merito alla <strong>prevenzione del carcinoma ovarico<\/strong>, patologia a prognosi sfavorevole per la quale queste donne sono maggiormente a rischio.<\/p>\n<p>L\u2019ambulatorio ha avuto un grande successo, tanto che il numero di prestazioni effettuate \u00e8 in costante aumento ed anche nel 2020, in piena pandemia Covid-19, ha segnato un <strong>+21%<\/strong> rispetto all\u2019anno precedente, con <strong>pi\u00f9 di 300 donne che vengono seguite periodicamente e pi\u00f9 di 100 chirurgie profilattiche gi\u00e0 eseguite<\/strong>.<\/p><div id=\"ilnot-1015297876\" class=\"ilnot-contenuto_2 ilnot-entity-placement\"><div class=\"ads-wrapper\">\n<div class=\"ad-slot\">\n   <div id=\"ilnot-3554529956\" style=\"margin-right: auto;margin-left: auto;text-align: center;width: 320px;height: 100px;\"><a href=\"https:\/\/www.scuolasicurezza.it\/\"><img decoding=\"async\" src=\"https:\/\/www.ilnotiziario.net\/wp\/wp-content\/uploads\/2026\/04\/IlNotiziario_banner-sito-e-newsletter-320-x-100-px-1.gif\" alt=\"\"><\/a><\/div>\n  <\/div>\n<div class=\"ad-slot\">\n   <div id=\"ilnot-3141896464\" style=\"margin-right: auto;margin-left: auto;text-align: center;width: 320px;height: 100px;\"><a href=\"https:\/\/purodesignarredamenti.com\/\"><img decoding=\"async\" src=\"https:\/\/www.ilnotiziario.net\/wp\/wp-content\/uploads\/2026\/04\/banner-puro-ok.gif\" alt=\"whatsapp\"><\/a><\/div><\/p><\/div>\n<\/div>\n<\/div>\n<p>Per cercare inoltre di rispondere a 360 gradi ai bisogni delle donne, sono presenti e a disposizione delle pazienti anche una psicologa ed una nutrizionista, la prima grazie al contributo dell\u2019associazione delle pazienti ACTO Lombardia Onlus, la seconda dell\u2019Associazione Cancro Primo Aiuto Onlus.<\/p>\n<p>Molte donne infatti trovano giovamento dal supporto psicologico nella gestione emotiva della consapevolezza del rischio aumentato di neoplasia, cos\u00ec come una consulenza nutrizionale le aiuta ad affrontare i cambiamenti del metabolismo indotti dall\u2019intervento chirurgico profilattico.<\/p>\n<p>Nel tempo e con l\u2019aumentare della complessit\u00e0 del quadro clinico delle donne seguite, si sono intensificati i rapporti con i colleghi della Breast Unit diretta dal dott. Riccardo Giovanazzi, con le colleghe della Oncologia Medica, in particolare con la dott.ssa Marinella Mastore, responsabile di un ambulatorio di oncogenetica, e con le colleghe responsabili della cura della patologia oncologica della mammella, le dott.sse Marina Cazzaniga, Federica Cicchiello e Francesca Riva, con l\u2019estensione del servizio a donne portatrici di altre mutazioni e con la creazione di un vero e proprio team multidisciplinare.<\/p><div id=\"ilnot-2166186290\" class=\"ilnot-contenuto_2-2 ilnot-entity-placement\"><div class=\"gptslot\" data-adunitid=\"2\"><\/div>\n<\/div>\n<p>Inoltre, dal punto di vista della ricerca clinica e di base, sono sorte collaborazioni internazionali con alcuni dei gruppi pi\u00f9 attivi sul tema della prevenzione oncologica a livello mondiale, quale quello del dott. Steven Narod (Toronto, Canada) ed il consorzio CIMBA (Cambridge, UK).<\/p>\n<p>&#8220;<em>L\u2019attivit\u00e0 dell\u2019ambulatorio rappresenta un paradigma virtuoso della sinergia tra la componente universitaria ed ospedaliera<\/em> &#8211; sottolinea il <strong>Direttore Generale della ASST Monza Mario Alparone<\/strong> &#8211; <em>Grazie alla collaborazione di diverse figure professionali, \u00e8 possibile fornire un servizio all\u2019avanguardia contribuendo con il lavoro clinico all\u2019aumento della conoscenza scientifica su un argomento relativamente recente, che quindi necessita di continue nuove acquisizioni<\/em>&#8220;.<\/p>\n<p>I Servizi sono erogati il marted\u00ec pomeriggio a partire dalle 14.30 presso gli ambulatori di ginecologia dell\u2019ASST Monza \u2013 via Pergolesi, 33 &#8211; Settore A, piano terra. Le prenotazioni si effettuano presso il CUP dell\u2019ambulatorio di ginecologia oppure chiamando il luned\u00ec, marted\u00ec e gioved\u00ec il numero 039.2339985 dalle 9.00 alle 11.00.<\/p><div id=\"ilnot-3571206669\" class=\"ilnot-contenuto_2-2-2 ilnot-entity-placement\"><div class=\"gptslot\" data-adunitid=\"3\"><\/div>\n<\/div>\n","protected":false},"excerpt":{"rendered":"<p>Dal gennaio 2017 \u00e8 attivo, presso l\u2019Ospedale San Gerardo di Monza, un servizio dedicato alla sorveglianza ginecologica per le donne portatrici di mutazione genetica dei geni BRCA, diretto dal prof. Robert Fruscio della UOC di Ginecologia Chirurgica guidata del prof. Fabio Landoni, entrambi professori associati in Ginecologia e Ostetricia dell\u2019Universit\u00e0 degli Studi di Milano-Bicocca. L\u2019idea<\/p>\n","protected":false},"author":3,"featured_media":32140,"comment_status":"closed","ping_status":"closed","sticky":false,"template":"","format":"standard","meta":{"footnotes":""},"categories":[4193],"tags":[8811,121,7339],"class_list":{"0":"post-152549","1":"post","2":"type-post","3":"status-publish","4":"format-standard","5":"has-post-thumbnail","7":"category-buonoasapersi","8":"tag-carcinoma-ovarico","9":"tag-monza","10":"tag-ospedale-san-gerardo"},"yoast_head":"<!-- This site is optimized with the Yoast SEO plugin v27.5 - https:\/\/yoast.com\/product\/yoast-seo-wordpress\/ -->\n<title>Carcinoma ovarico: al San Gerardo di Monza un ambulatorio per le donne portatrici di mutazione BRCA - Il Notiziario<\/title>\n<meta name=\"description\" content=\"Dal gennaio 2017 \u00e8 attivo, presso l\u2019Ospedale San Gerardo di Monza, un servizio dedicato alla sorveglianza ginecologica per le donne portatrici di\" \/>\n<meta name=\"robots\" content=\"index, follow, max-snippet:-1, max-image-preview:large, max-video-preview:-1\" \/>\n<link rel=\"canonical\" href=\"https:\/\/www.ilnotiziario.net\/wp\/buonoasapersi\/carcinoma-ovarico-san-gerardo-monza-ambulatorio\/\" \/>\n<meta property=\"og:locale\" content=\"it_IT\" \/>\n<meta property=\"og:type\" content=\"article\" \/>\n<meta property=\"og:title\" content=\"Carcinoma ovarico: al San Gerardo di Monza un ambulatorio per le donne portatrici di mutazione BRCA - Il Notiziario\" \/>\n<meta property=\"og:description\" content=\"Dal gennaio 2017 \u00e8 attivo, presso l\u2019Ospedale San Gerardo di Monza, un servizio dedicato alla sorveglianza ginecologica per le donne portatrici di\" \/>\n<meta property=\"og:url\" content=\"https:\/\/www.ilnotiziario.net\/wp\/buonoasapersi\/carcinoma-ovarico-san-gerardo-monza-ambulatorio\/\" \/>\n<meta property=\"og:site_name\" content=\"Il Notiziario\" \/>\n<meta property=\"article:publisher\" content=\"https:\/\/www.facebook.com\/ilnotiziarioind\/\" \/>\n<meta property=\"article:published_time\" content=\"2021-05-31T09:08:49+00:00\" \/>\n<meta property=\"og:image\" content=\"https:\/\/www.ilnotiziario.net\/wp\/wp-content\/uploads\/2019\/03\/SanGerardoMonza.jpg\" \/>\n\t<meta property=\"og:image:width\" content=\"880\" \/>\n\t<meta property=\"og:image:height\" content=\"637\" \/>\n\t<meta property=\"og:image:type\" content=\"image\/jpeg\" \/>\n<meta name=\"author\" content=\"Gabriele Bassani\" \/>\n<meta name=\"twitter:card\" content=\"summary_large_image\" \/>\n<meta name=\"twitter:creator\" content=\"@ilNotiziarioInd\" \/>\n<meta name=\"twitter:site\" content=\"@ilNotiziarioInd\" \/>\n<meta name=\"twitter:label1\" content=\"Scritto da\" \/>\n\t<meta name=\"twitter:data1\" content=\"Gabriele Bassani\" \/>\n\t<meta name=\"twitter:label2\" content=\"Tempo di lettura stimato\" \/>\n\t<meta name=\"twitter:data2\" content=\"3 minuti\" \/>\n<script type=\"application\/ld+json\" class=\"yoast-schema-graph\">{\"@context\":\"https:\\\/\\\/schema.org\",\"@graph\":[{\"@type\":\"Article\",\"@id\":\"https:\\\/\\\/www.ilnotiziario.net\\\/wp\\\/buonoasapersi\\\/carcinoma-ovarico-san-gerardo-monza-ambulatorio\\\/#article\",\"isPartOf\":{\"@id\":\"https:\\\/\\\/www.ilnotiziario.net\\\/wp\\\/buonoasapersi\\\/carcinoma-ovarico-san-gerardo-monza-ambulatorio\\\/\"},\"author\":{\"name\":\"Gabriele Bassani\",\"@id\":\"https:\\\/\\\/www.ilnotiziario.net\\\/wp\\\/#\\\/schema\\\/person\\\/386e222908f898bb41c033989482bbf2\"},\"headline\":\"Carcinoma ovarico: al San Gerardo di Monza un ambulatorio per le donne portatrici di mutazione BRCA\",\"datePublished\":\"2021-05-31T09:08:49+00:00\",\"mainEntityOfPage\":{\"@id\":\"https:\\\/\\\/www.ilnotiziario.net\\\/wp\\\/buonoasapersi\\\/carcinoma-ovarico-san-gerardo-monza-ambulatorio\\\/\"},\"wordCount\":505,\"publisher\":{\"@id\":\"https:\\\/\\\/www.ilnotiziario.net\\\/wp\\\/#organization\"},\"image\":{\"@id\":\"https:\\\/\\\/www.ilnotiziario.net\\\/wp\\\/buonoasapersi\\\/carcinoma-ovarico-san-gerardo-monza-ambulatorio\\\/#primaryimage\"},\"thumbnailUrl\":\"https:\\\/\\\/www.ilnotiziario.net\\\/wp\\\/wp-content\\\/uploads\\\/2019\\\/03\\\/SanGerardoMonza.jpg\",\"keywords\":[\"carcinoma ovarico\",\"Monza\",\"Ospedale San Gerardo\"],\"articleSection\":[\"BUONO A SAPERSI\"],\"inLanguage\":\"it-IT\"},{\"@type\":\"WebPage\",\"@id\":\"https:\\\/\\\/www.ilnotiziario.net\\\/wp\\\/buonoasapersi\\\/carcinoma-ovarico-san-gerardo-monza-ambulatorio\\\/\",\"url\":\"https:\\\/\\\/www.ilnotiziario.net\\\/wp\\\/buonoasapersi\\\/carcinoma-ovarico-san-gerardo-monza-ambulatorio\\\/\",\"name\":\"Carcinoma ovarico: al San Gerardo di Monza un ambulatorio per le donne portatrici di mutazione BRCA - Il Notiziario\",\"isPartOf\":{\"@id\":\"https:\\\/\\\/www.ilnotiziario.net\\\/wp\\\/#website\"},\"primaryImageOfPage\":{\"@id\":\"https:\\\/\\\/www.ilnotiziario.net\\\/wp\\\/buonoasapersi\\\/carcinoma-ovarico-san-gerardo-monza-ambulatorio\\\/#primaryimage\"},\"image\":{\"@id\":\"https:\\\/\\\/www.ilnotiziario.net\\\/wp\\\/buonoasapersi\\\/carcinoma-ovarico-san-gerardo-monza-ambulatorio\\\/#primaryimage\"},\"thumbnailUrl\":\"https:\\\/\\\/www.ilnotiziario.net\\\/wp\\\/wp-content\\\/uploads\\\/2019\\\/03\\\/SanGerardoMonza.jpg\",\"datePublished\":\"2021-05-31T09:08:49+00:00\",\"description\":\"Dal gennaio 2017 \u00e8 attivo, presso l\u2019Ospedale San Gerardo di Monza, un servizio dedicato alla sorveglianza ginecologica per le donne portatrici di\",\"breadcrumb\":{\"@id\":\"https:\\\/\\\/www.ilnotiziario.net\\\/wp\\\/buonoasapersi\\\/carcinoma-ovarico-san-gerardo-monza-ambulatorio\\\/#breadcrumb\"},\"inLanguage\":\"it-IT\",\"potentialAction\":[{\"@type\":\"ReadAction\",\"target\":[\"https:\\\/\\\/www.ilnotiziario.net\\\/wp\\\/buonoasapersi\\\/carcinoma-ovarico-san-gerardo-monza-ambulatorio\\\/\"]}]},{\"@type\":\"ImageObject\",\"inLanguage\":\"it-IT\",\"@id\":\"https:\\\/\\\/www.ilnotiziario.net\\\/wp\\\/buonoasapersi\\\/carcinoma-ovarico-san-gerardo-monza-ambulatorio\\\/#primaryimage\",\"url\":\"https:\\\/\\\/www.ilnotiziario.net\\\/wp\\\/wp-content\\\/uploads\\\/2019\\\/03\\\/SanGerardoMonza.jpg\",\"contentUrl\":\"https:\\\/\\\/www.ilnotiziario.net\\\/wp\\\/wp-content\\\/uploads\\\/2019\\\/03\\\/SanGerardoMonza.jpg\",\"width\":880,\"height\":637,\"caption\":\"Ospedale San Gerardo Monza\"},{\"@type\":\"BreadcrumbList\",\"@id\":\"https:\\\/\\\/www.ilnotiziario.net\\\/wp\\\/buonoasapersi\\\/carcinoma-ovarico-san-gerardo-monza-ambulatorio\\\/#breadcrumb\",\"itemListElement\":[{\"@type\":\"ListItem\",\"position\":1,\"name\":\"tds_text_logo_tagline_colortds_text_logo_tagline_colortds_text_logo_tagline_colortds_text_logo_tagline_colortd_module_7_title_excerpttd_module_7_title_excerpttd_module_7_title_excerpttd_module_7_title_excerptHome\",\"item\":\"https:\\\/\\\/www.ilnotiziario.net\\\/wp\\\/\"},{\"@type\":\"ListItem\",\"position\":2,\"name\":\"Carcinoma ovarico: al San Gerardo di Monza un ambulatorio per le donne portatrici di mutazione BRCA\"}]},{\"@type\":\"WebSite\",\"@id\":\"https:\\\/\\\/www.ilnotiziario.net\\\/wp\\\/#website\",\"url\":\"https:\\\/\\\/www.ilnotiziario.net\\\/wp\\\/\",\"name\":\"Il Notiziario\",\"description\":\"Per restare sempre connessi alla notizia\",\"publisher\":{\"@id\":\"https:\\\/\\\/www.ilnotiziario.net\\\/wp\\\/#organization\"},\"alternateName\":\"Il Notiziario Bollate\",\"potentialAction\":[{\"@type\":\"SearchAction\",\"target\":{\"@type\":\"EntryPoint\",\"urlTemplate\":\"https:\\\/\\\/www.ilnotiziario.net\\\/wp\\\/?s={search_term_string}\"},\"query-input\":{\"@type\":\"PropertyValueSpecification\",\"valueRequired\":true,\"valueName\":\"search_term_string\"}}],\"inLanguage\":\"it-IT\"},{\"@type\":\"Organization\",\"@id\":\"https:\\\/\\\/www.ilnotiziario.net\\\/wp\\\/#organization\",\"name\":\"Il Notiziario\",\"url\":\"https:\\\/\\\/www.ilnotiziario.net\\\/wp\\\/\",\"logo\":{\"@type\":\"ImageObject\",\"inLanguage\":\"it-IT\",\"@id\":\"https:\\\/\\\/www.ilnotiziario.net\\\/wp\\\/#\\\/schema\\\/logo\\\/image\\\/\",\"url\":\"https:\\\/\\\/www.ilnotiziario.net\\\/wp\\\/wp-content\\\/uploads\\\/2022\\\/06\\\/170x170ilN.png\",\"contentUrl\":\"https:\\\/\\\/www.ilnotiziario.net\\\/wp\\\/wp-content\\\/uploads\\\/2022\\\/06\\\/170x170ilN.png\",\"width\":355,\"height\":355,\"caption\":\"Il Notiziario\"},\"image\":{\"@id\":\"https:\\\/\\\/www.ilnotiziario.net\\\/wp\\\/#\\\/schema\\\/logo\\\/image\\\/\"},\"sameAs\":[\"https:\\\/\\\/www.facebook.com\\\/ilnotiziarioind\\\/\",\"https:\\\/\\\/x.com\\\/ilNotiziarioInd\",\"https:\\\/\\\/www.instagram.com\\\/ilnotiziario_settimanale\\\/\"]},{\"@type\":\"Person\",\"@id\":\"https:\\\/\\\/www.ilnotiziario.net\\\/wp\\\/#\\\/schema\\\/person\\\/386e222908f898bb41c033989482bbf2\",\"name\":\"Gabriele Bassani\",\"image\":{\"@type\":\"ImageObject\",\"inLanguage\":\"it-IT\",\"@id\":\"https:\\\/\\\/secure.gravatar.com\\\/avatar\\\/09274f4a84fa97698bde56f84b3afed61c8492d48b0550db9671b68c177479cb?s=96&d=mm&r=g\",\"url\":\"https:\\\/\\\/secure.gravatar.com\\\/avatar\\\/09274f4a84fa97698bde56f84b3afed61c8492d48b0550db9671b68c177479cb?s=96&d=mm&r=g\",\"contentUrl\":\"https:\\\/\\\/secure.gravatar.com\\\/avatar\\\/09274f4a84fa97698bde56f84b3afed61c8492d48b0550db9671b68c177479cb?s=96&d=mm&r=g\",\"caption\":\"Gabriele Bassani\"},\"sameAs\":[\"http:\\\/\\\/www.ilnotiziario.net\"]}]}<\/script>\n<!-- \/ Yoast SEO plugin. -->","yoast_head_json":{"title":"Carcinoma ovarico: al San Gerardo di Monza un ambulatorio per le donne portatrici di mutazione BRCA - Il Notiziario","description":"Dal gennaio 2017 \u00e8 attivo, presso l\u2019Ospedale San Gerardo di Monza, un servizio dedicato alla sorveglianza ginecologica per le donne portatrici di","robots":{"index":"index","follow":"follow","max-snippet":"max-snippet:-1","max-image-preview":"max-image-preview:large","max-video-preview":"max-video-preview:-1"},"canonical":"https:\/\/www.ilnotiziario.net\/wp\/buonoasapersi\/carcinoma-ovarico-san-gerardo-monza-ambulatorio\/","og_locale":"it_IT","og_type":"article","og_title":"Carcinoma ovarico: al San Gerardo di Monza un ambulatorio per le donne portatrici di mutazione BRCA - Il Notiziario","og_description":"Dal gennaio 2017 \u00e8 attivo, presso l\u2019Ospedale San Gerardo di Monza, un servizio dedicato alla sorveglianza ginecologica per le donne portatrici di","og_url":"https:\/\/www.ilnotiziario.net\/wp\/buonoasapersi\/carcinoma-ovarico-san-gerardo-monza-ambulatorio\/","og_site_name":"Il Notiziario","article_publisher":"https:\/\/www.facebook.com\/ilnotiziarioind\/","article_published_time":"2021-05-31T09:08:49+00:00","og_image":[{"width":880,"height":637,"url":"https:\/\/www.ilnotiziario.net\/wp\/wp-content\/uploads\/2019\/03\/SanGerardoMonza.jpg","type":"image\/jpeg"}],"author":"Gabriele Bassani","twitter_card":"summary_large_image","twitter_creator":"@ilNotiziarioInd","twitter_site":"@ilNotiziarioInd","twitter_misc":{"Scritto da":"Gabriele Bassani","Tempo di lettura stimato":"3 minuti"},"schema":{"@context":"https:\/\/schema.org","@graph":[{"@type":"Article","@id":"https:\/\/www.ilnotiziario.net\/wp\/buonoasapersi\/carcinoma-ovarico-san-gerardo-monza-ambulatorio\/#article","isPartOf":{"@id":"https:\/\/www.ilnotiziario.net\/wp\/buonoasapersi\/carcinoma-ovarico-san-gerardo-monza-ambulatorio\/"},"author":{"name":"Gabriele Bassani","@id":"https:\/\/www.ilnotiziario.net\/wp\/#\/schema\/person\/386e222908f898bb41c033989482bbf2"},"headline":"Carcinoma ovarico: al San Gerardo di Monza un ambulatorio per le donne portatrici di mutazione BRCA","datePublished":"2021-05-31T09:08:49+00:00","mainEntityOfPage":{"@id":"https:\/\/www.ilnotiziario.net\/wp\/buonoasapersi\/carcinoma-ovarico-san-gerardo-monza-ambulatorio\/"},"wordCount":505,"publisher":{"@id":"https:\/\/www.ilnotiziario.net\/wp\/#organization"},"image":{"@id":"https:\/\/www.ilnotiziario.net\/wp\/buonoasapersi\/carcinoma-ovarico-san-gerardo-monza-ambulatorio\/#primaryimage"},"thumbnailUrl":"https:\/\/www.ilnotiziario.net\/wp\/wp-content\/uploads\/2019\/03\/SanGerardoMonza.jpg","keywords":["carcinoma ovarico","Monza","Ospedale San Gerardo"],"articleSection":["BUONO A SAPERSI"],"inLanguage":"it-IT"},{"@type":"WebPage","@id":"https:\/\/www.ilnotiziario.net\/wp\/buonoasapersi\/carcinoma-ovarico-san-gerardo-monza-ambulatorio\/","url":"https:\/\/www.ilnotiziario.net\/wp\/buonoasapersi\/carcinoma-ovarico-san-gerardo-monza-ambulatorio\/","name":"Carcinoma ovarico: al San Gerardo di Monza un ambulatorio per le donne portatrici di mutazione BRCA - Il Notiziario","isPartOf":{"@id":"https:\/\/www.ilnotiziario.net\/wp\/#website"},"primaryImageOfPage":{"@id":"https:\/\/www.ilnotiziario.net\/wp\/buonoasapersi\/carcinoma-ovarico-san-gerardo-monza-ambulatorio\/#primaryimage"},"image":{"@id":"https:\/\/www.ilnotiziario.net\/wp\/buonoasapersi\/carcinoma-ovarico-san-gerardo-monza-ambulatorio\/#primaryimage"},"thumbnailUrl":"https:\/\/www.ilnotiziario.net\/wp\/wp-content\/uploads\/2019\/03\/SanGerardoMonza.jpg","datePublished":"2021-05-31T09:08:49+00:00","description":"Dal gennaio 2017 \u00e8 attivo, presso l\u2019Ospedale San Gerardo di Monza, un servizio dedicato alla sorveglianza ginecologica per le donne portatrici di","breadcrumb":{"@id":"https:\/\/www.ilnotiziario.net\/wp\/buonoasapersi\/carcinoma-ovarico-san-gerardo-monza-ambulatorio\/#breadcrumb"},"inLanguage":"it-IT","potentialAction":[{"@type":"ReadAction","target":["https:\/\/www.ilnotiziario.net\/wp\/buonoasapersi\/carcinoma-ovarico-san-gerardo-monza-ambulatorio\/"]}]},{"@type":"ImageObject","inLanguage":"it-IT","@id":"https:\/\/www.ilnotiziario.net\/wp\/buonoasapersi\/carcinoma-ovarico-san-gerardo-monza-ambulatorio\/#primaryimage","url":"https:\/\/www.ilnotiziario.net\/wp\/wp-content\/uploads\/2019\/03\/SanGerardoMonza.jpg","contentUrl":"https:\/\/www.ilnotiziario.net\/wp\/wp-content\/uploads\/2019\/03\/SanGerardoMonza.jpg","width":880,"height":637,"caption":"Ospedale San Gerardo Monza"},{"@type":"BreadcrumbList","@id":"https:\/\/www.ilnotiziario.net\/wp\/buonoasapersi\/carcinoma-ovarico-san-gerardo-monza-ambulatorio\/#breadcrumb","itemListElement":[{"@type":"ListItem","position":1,"name":"tds_text_logo_tagline_colortds_text_logo_tagline_colortds_text_logo_tagline_colortds_text_logo_tagline_colortd_module_7_title_excerpttd_module_7_title_excerpttd_module_7_title_excerpttd_module_7_title_excerptHome","item":"https:\/\/www.ilnotiziario.net\/wp\/"},{"@type":"ListItem","position":2,"name":"Carcinoma ovarico: al San Gerardo di Monza un ambulatorio per le donne portatrici di mutazione BRCA"}]},{"@type":"WebSite","@id":"https:\/\/www.ilnotiziario.net\/wp\/#website","url":"https:\/\/www.ilnotiziario.net\/wp\/","name":"Il Notiziario","description":"Per restare sempre connessi alla notizia","publisher":{"@id":"https:\/\/www.ilnotiziario.net\/wp\/#organization"},"alternateName":"Il Notiziario Bollate","potentialAction":[{"@type":"SearchAction","target":{"@type":"EntryPoint","urlTemplate":"https:\/\/www.ilnotiziario.net\/wp\/?s={search_term_string}"},"query-input":{"@type":"PropertyValueSpecification","valueRequired":true,"valueName":"search_term_string"}}],"inLanguage":"it-IT"},{"@type":"Organization","@id":"https:\/\/www.ilnotiziario.net\/wp\/#organization","name":"Il Notiziario","url":"https:\/\/www.ilnotiziario.net\/wp\/","logo":{"@type":"ImageObject","inLanguage":"it-IT","@id":"https:\/\/www.ilnotiziario.net\/wp\/#\/schema\/logo\/image\/","url":"https:\/\/www.ilnotiziario.net\/wp\/wp-content\/uploads\/2022\/06\/170x170ilN.png","contentUrl":"https:\/\/www.ilnotiziario.net\/wp\/wp-content\/uploads\/2022\/06\/170x170ilN.png","width":355,"height":355,"caption":"Il Notiziario"},"image":{"@id":"https:\/\/www.ilnotiziario.net\/wp\/#\/schema\/logo\/image\/"},"sameAs":["https:\/\/www.facebook.com\/ilnotiziarioind\/","https:\/\/x.com\/ilNotiziarioInd","https:\/\/www.instagram.com\/ilnotiziario_settimanale\/"]},{"@type":"Person","@id":"https:\/\/www.ilnotiziario.net\/wp\/#\/schema\/person\/386e222908f898bb41c033989482bbf2","name":"Gabriele Bassani","image":{"@type":"ImageObject","inLanguage":"it-IT","@id":"https:\/\/secure.gravatar.com\/avatar\/09274f4a84fa97698bde56f84b3afed61c8492d48b0550db9671b68c177479cb?s=96&d=mm&r=g","url":"https:\/\/secure.gravatar.com\/avatar\/09274f4a84fa97698bde56f84b3afed61c8492d48b0550db9671b68c177479cb?s=96&d=mm&r=g","contentUrl":"https:\/\/secure.gravatar.com\/avatar\/09274f4a84fa97698bde56f84b3afed61c8492d48b0550db9671b68c177479cb?s=96&d=mm&r=g","caption":"Gabriele Bassani"},"sameAs":["http:\/\/www.ilnotiziario.net"]}]}},"_links":{"self":[{"href":"https:\/\/www.ilnotiziario.net\/wp\/wp-json\/wp\/v2\/posts\/152549","targetHints":{"allow":["GET"]}}],"collection":[{"href":"https:\/\/www.ilnotiziario.net\/wp\/wp-json\/wp\/v2\/posts"}],"about":[{"href":"https:\/\/www.ilnotiziario.net\/wp\/wp-json\/wp\/v2\/types\/post"}],"author":[{"embeddable":true,"href":"https:\/\/www.ilnotiziario.net\/wp\/wp-json\/wp\/v2\/users\/3"}],"replies":[{"embeddable":true,"href":"https:\/\/www.ilnotiziario.net\/wp\/wp-json\/wp\/v2\/comments?post=152549"}],"version-history":[{"count":0,"href":"https:\/\/www.ilnotiziario.net\/wp\/wp-json\/wp\/v2\/posts\/152549\/revisions"}],"wp:featuredmedia":[{"embeddable":true,"href":"https:\/\/www.ilnotiziario.net\/wp\/wp-json\/wp\/v2\/media\/32140"}],"wp:attachment":[{"href":"https:\/\/www.ilnotiziario.net\/wp\/wp-json\/wp\/v2\/media?parent=152549"}],"wp:term":[{"taxonomy":"category","embeddable":true,"href":"https:\/\/www.ilnotiziario.net\/wp\/wp-json\/wp\/v2\/categories?post=152549"},{"taxonomy":"post_tag","embeddable":true,"href":"https:\/\/www.ilnotiziario.net\/wp\/wp-json\/wp\/v2\/tags?post=152549"}],"curies":[{"name":"wp","href":"https:\/\/api.w.org\/{rel}","templated":true}]}}