{"id":152589,"date":"2021-05-31T17:31:42","date_gmt":"2021-05-31T15:31:42","guid":{"rendered":"https:\/\/www.ilnotiziario.net\/wp\/?p=152589"},"modified":"2021-05-31T17:35:29","modified_gmt":"2021-05-31T15:35:29","slug":"desio-vigili-del-fuoco-pensione-capo-reparto-massimo-bassignani","status":"publish","type":"post","link":"https:\/\/www.ilnotiziario.net\/wp\/video\/desio-vigili-del-fuoco-pensione-capo-reparto-massimo-bassignani\/","title":{"rendered":"Vigili del fuoco Desio: sirene per la pensione del Capo Reparto Massimo Bassignani | VIDEO"},"content":{"rendered":"<p><img fetchpriority=\"high\" decoding=\"async\" class=\"alignnone size-full wp-image-152592\" src=\"https:\/\/www.ilnotiziario.net\/wp\/wp-content\/uploads\/2021\/05\/bass-min.jpg\" alt=\"\" width=\"850\" height=\"638\" srcset=\"https:\/\/www.ilnotiziario.net\/wp\/wp-content\/uploads\/2021\/05\/bass-min.jpg 850w, https:\/\/www.ilnotiziario.net\/wp\/wp-content\/uploads\/2021\/05\/bass-min-300x225.jpg 300w, https:\/\/www.ilnotiziario.net\/wp\/wp-content\/uploads\/2021\/05\/bass-min-768x576.jpg 768w, https:\/\/www.ilnotiziario.net\/wp\/wp-content\/uploads\/2021\/05\/bass-min-696x522.jpg 696w, https:\/\/www.ilnotiziario.net\/wp\/wp-content\/uploads\/2021\/05\/bass-min-80x60.jpg 80w, https:\/\/www.ilnotiziario.net\/wp\/wp-content\/uploads\/2021\/05\/bass-min-160x120.jpg 160w, https:\/\/www.ilnotiziario.net\/wp\/wp-content\/uploads\/2021\/05\/bass-min-265x198.jpg 265w\" sizes=\"(max-width: 850px) 100vw, 850px\" \/><\/p>\n<p><span style=\"font-weight: 400;\">Ieri, domenica 30 maggio, nel distaccamento di Desio tra festeggiamenti e qualche lacrima, si \u00e8 salutato il Capo Reparto Massimo Bassignani, che dopo 41 anni di onorato servizio nel Corpo Nazionale di Vigili del Fuoco, \u00e8 andato in pensione. Lo abbiamo intervistato.<\/span><\/p><div id=\"ilnot-3679042298\" class=\"ilnot-contenuto ilnot-entity-placement\"><p><!-- incontent_1 --><\/p>\n<div class=\"gptslot\" data-adunitid=\"1\"><\/div>\n<\/div>\n<p><b>Come \u00e8 stato l&#8217;ultimo turno con la tua squadra?<\/b><\/p>\n<p><span style=\"font-weight: 400;\">\u201cBellissimo, oltre al saluto in caserma con i mezzi schierati con le sirene, di notte, fingendo un intervento siamo partiti come nulla fosse con i mezzi, ma poi mi hanno portato al Comando Provinciale di Monza, dove ad attendermi nel piazzale, c&#8217;erano tutti mezzi schierati con le sirene\u201d ci ha raccontato l&#8217;ex Capo Reparto Massimo Bassignani.<\/span><\/p><div id=\"ilnot-2468145884\" class=\"ilnot-contenuto_2 ilnot-entity-placement\"><div class=\"ads-wrapper\">\n<div class=\"ad-slot\">\n   <div id=\"ilnot-3894277237\" style=\"margin-right: auto;margin-left: auto;text-align: center;width: 320px;height: 100px;\"><a href=\"https:\/\/www.scuolasicurezza.it\/\"><img decoding=\"async\" src=\"https:\/\/www.ilnotiziario.net\/wp\/wp-content\/uploads\/2026\/04\/IlNotiziario_banner-sito-e-newsletter-320-x-100-px-1.gif\" alt=\"\"><\/a><\/div>\n  <\/div>\n<div class=\"ad-slot\">\n   <div id=\"ilnot-1233532722\" style=\"margin-right: auto;margin-left: auto;text-align: center;width: 320px;height: 100px;\"><a href=\"https:\/\/purodesignarredamenti.com\/\"><img decoding=\"async\" src=\"https:\/\/www.ilnotiziario.net\/wp\/wp-content\/uploads\/2026\/04\/banner-puro-ok.gif\" alt=\"whatsapp\"><\/a><\/div><\/p><\/div>\n<\/div>\n<\/div>\n<p><span style=\"font-weight: 400;\">Massimo Bassignani, nasce e cresce a Desio, le finestre di casa sua si affacciavano direttamente sul distaccamento di Desio, la possibilit\u00e0 di vedere i mezzi sfrecciare fuori dalla caserma tutti i giorni gli ha accesso una passione per i vigili del fuoco, che va oltre a quella passione che hanno tutti i bambini per il camion dei pompieri. La passione, mista ad ammirazione per i pompieri \u00e8 rimasta stabilmente nel cuore di Massimo, fino al 1980, quando gli \u00e8 arrivata la chiamata per svolgere l&#8217;anno di leva militare obbligatoria, saputa l&#8217;opportunit\u00e0 di poter svolgere l&#8217;anno di leva nel Corpo Nazionale dei Vigili del Fuoco, ha intrapreso tale percorso nella Scuole Centrali Antincendi di Capannelle, a Roma.<\/span><\/p>\n<p><span style=\"font-weight: 400;\">Terminato l\u2019anno di leva militare ha continuato il percorso per diventare vigile del fuoco. La nomina a vigile del fuoco permanente \u00e8 arrivata il 2 marzo del 1983.&nbsp;<\/span><\/p>\n<p><span style=\"font-weight: 400;\">Dal 1983 fino al 1996, Massimo ha prestato servizio nel Comando Provinciale di Milano, pi\u00f9 precisamente nel distaccamento permanente di Desio, dove ha trascorso gran parte della propria vita da pompiere.&nbsp;<\/span><\/p><div id=\"ilnot-2033505943\" class=\"ilnot-contenuto_2-2 ilnot-entity-placement\"><div class=\"gptslot\" data-adunitid=\"2\"><\/div>\n<\/div>\n<p><span style=\"font-weight: 400;\">Il 1 gennaio del 1996, dopo aver sostenuto un concorso nazionale, viene nominato Caposquadra, ma questa nomina ha costretto il caposquadra Bassignani, a un trasferimento di quasi 300 km, fino al Comando Provinciale di Pistoia, dopo 7 mesi riesce a farsi riasegnare nel Comando Provinciale di Milano, questa volta viene assegnato al distaccamento permanente di Seregno, successivamente viene trasferito al distaccamento di Desio, dove fino a ieri, 30 maggio 21, ha lavorato con dedizione e spirito di squadra, fino all\u2019ottenimento nel primo giorno dell\u2019anno del 2018, di un\u2019ulteriore promozione al grado di Capo Reparto, divenendo il responsabile del soccorso del turno D, del distaccamento di Desio.&nbsp;<\/span><\/p>\n<p><b>Ci sono degli interventi che ricordi particolarmente?<\/b><\/p>\n<p><span style=\"font-weight: 400;\">\u201cHo risposto a migliaia di interventi nei miei 41 anni di servizio, di giorno e di notte, ma gli interventi che ricordo particolarmente sono tre: L\u2019incendio della Seruggia Trasporti di Nova Milanese, l\u2019incendio della cartiera di Lentate sul Seveso e incidente aereo di Cogliate\u201d<\/span><\/p><div id=\"ilnot-3658778731\" class=\"ilnot-contenuto_2-2-2 ilnot-entity-placement\"><div class=\"gptslot\" data-adunitid=\"3\"><\/div>\n<\/div>\n<p><span style=\"font-weight: 400;\">Nel 2008, a Cogliate un piccolo velivolo, un ultraleggero, \u00e8 precipitato in un campo di granoturco, il pilota alla guida \u00e8 morto sul colpo a causa del violento impatto. I pompieri hanno dovuto lavorare parecchie ore per recuperare il suo corpo.<\/span><\/p>\n<p><span style=\"font-weight: 400;\">Nel 2009, era un giorno come tanti per Massimo e per la sua squadra, ad un tratto la campana della caserma suona, saltati sull&#8217;autopompa e usciti dalla caserma, vedevano gi\u00e0 le fiamme. Da l\u00ec si era gi\u00e0 capito che al loro arrivo si sarebbero trovati ad affrontare un disastro, ed \u00e8 stato proprio cos\u00ec. Al loro arrivo hanno trovato fiamme altissime e un calore difficilmente descrivibile. Ad andare in fiamme era una cartiera di Lentate sul Seveso, che produceva rotolo di carta.<\/span><\/p>\n<p><span style=\"font-weight: 400;\">Un altro incendio rimasto nella memoria di Massimo, \u00e8 quello della Seruggia Trasporti di Nova Milanese. \u201cCi siamo allontanati pochi istanti prima che esplodesse\u201d ricorda Massimo Bassignani, che coordinava la propria squadra, la prima ad essere arrivata sul posto.&nbsp;<\/span><\/p><div id=\"ilnot-2469006763\" class=\"ilnot-contenuto_2-2-2-2 ilnot-entity-placement\"><div class=\"gptslot\" data-adunitid=\"4\"><\/div>\n<\/div>\n<p><b>Hai partecipato anche Emergenze a livello Nazionale?<\/b><\/p>\n<p><b>\u201c<\/b><span style=\"font-weight: 400;\">Nel 1994 ho partecipato all\u2019alluvione che aveva interessato il Piemonte\u201d, la prima di una serie di maxi emergenze che hanno visto Massimo Bassignani impegnato in prima linea, il quale ha partecipato anche alle ultime maxi emergenze nazionali: \u201cHo partecipato al terremoto dell\u2019Aquila nel 2009 e nel 2016 ho partecipato al terremoto del Centro Italia\u201d.<\/span><\/p><div id=\"ilnot-424330865\" class=\"ilnot-contenuto_2-2-2-2-2 ilnot-entity-placement\"><div class=\"gptslot\" data-adunitid=\"5\"><\/div>\n<\/div>\n<p><span style=\"font-weight: 400;\">\u201cAnche se non \u00e8 emergenza di livello Nazionale, ho partecipato alle operazioni di soccorso dell\u2019aereo uscito di pista a Linate\u201d<\/span><\/p>\n<p><span style=\"font-weight: 400;\">Ieri notte, 30 maggio, i colleghi in accordo con il Comando Provinciale di Monza, gli hanno organizzato una sorpresa per salutarlo nel modo che pi\u00f9 di merita dopo i lunghi anni che ha trascorso da vigile del fuoco. \u201cHanno finto un intervento siamo usciti come normalmente facciamo e quando siamo arrivati sul target ho visto tutti i mezzi del comando Provinciale schierati sul piazzale del comando, con i lampeggianti accesi e con le sirene in segno di saluto&#8221;.&nbsp;<\/span><\/p>\n<p><strong>Alessandro Sala&nbsp;<\/strong><\/p>\n<p>&nbsp;<\/p>\n<p style=\"text-align: center;\"><b>\u201cNON SCAMBIEREI PER NULLA AL MONDO IL MIO LAVORO\u201d<\/b><\/p><div id=\"ilnot-1237877010\" class=\"ilnot-contenuto_2-2-2-2-2-2 ilnot-entity-placement\"><div class=\"gptslot\" data-adunitid=\"6\"><\/div>\n<\/div>\n<p><iframe title=\"Il saluto dei Vigili del fuoco di Desio e Monza al collega che raggiunge la pensione\" width=\"765\" height=\"430\" src=\"https:\/\/www.youtube.com\/embed\/AgkqdhsN-RA?feature=oembed\" frameborder=\"0\" allow=\"accelerometer; autoplay; clipboard-write; encrypted-media; gyroscope; picture-in-picture; web-share\" allowfullscreen><\/iframe><\/p>\n","protected":false},"excerpt":{"rendered":"<p>Ieri, domenica 30 maggio, nel distaccamento di Desio tra festeggiamenti e qualche lacrima, si \u00e8 salutato il Capo Reparto Massimo Bassignani, che dopo 41 anni di onorato servizio nel Corpo Nazionale di Vigili del Fuoco, \u00e8 andato in pensione. Lo abbiamo intervistato. Come \u00e8 stato l&#8217;ultimo turno con la tua squadra? \u201cBellissimo, oltre al saluto<\/p>\n","protected":false},"author":24,"featured_media":152592,"comment_status":"closed","ping_status":"closed","sticky":false,"template":"","format":"standard","meta":{"footnotes":""},"categories":[3335,21],"tags":[158,47,8819,39,159,84,8679],"class_list":{"0":"post-152589","1":"post","2":"type-post","3":"status-publish","4":"format-standard","5":"has-post-thumbnail","7":"category-notizie","8":"category-video","9":"tag-desio","10":"tag-limbiate","11":"tag-massimo-bassignani","12":"tag-paderno-dugnano","13":"tag-seregno","14":"tag-vigili-del-fuoco","15":"tag-vigili-del-fuoco-desio"},"yoast_head":"<!-- This site is optimized with the Yoast SEO plugin v27.5 - https:\/\/yoast.com\/product\/yoast-seo-wordpress\/ -->\n<title>Vigili del fuoco Desio: sirene per la pensione del Capo Reparto Massimo Bassignani | VIDEO - Il Notiziario<\/title>\n<meta name=\"description\" content=\"Ieri, domenica 30 maggio, nel distaccamento di Desio tra festeggiamenti e qualche lacrima, si \u00e8 salutato il Capo Reparto Massimo Bassignani, che dopo 41\" \/>\n<meta name=\"robots\" content=\"index, follow, max-snippet:-1, max-image-preview:large, max-video-preview:-1\" \/>\n<link rel=\"canonical\" href=\"https:\/\/www.ilnotiziario.net\/wp\/video\/desio-vigili-del-fuoco-pensione-capo-reparto-massimo-bassignani\/\" \/>\n<meta property=\"og:locale\" content=\"it_IT\" \/>\n<meta property=\"og:type\" content=\"article\" \/>\n<meta property=\"og:title\" content=\"Vigili del fuoco Desio: sirene per la pensione del Capo Reparto Massimo Bassignani | VIDEO - Il Notiziario\" \/>\n<meta property=\"og:description\" content=\"Ieri, domenica 30 maggio, nel distaccamento di Desio tra festeggiamenti e qualche lacrima, si \u00e8 salutato il Capo Reparto Massimo Bassignani, che dopo 41\" \/>\n<meta property=\"og:url\" content=\"https:\/\/www.ilnotiziario.net\/wp\/video\/desio-vigili-del-fuoco-pensione-capo-reparto-massimo-bassignani\/\" \/>\n<meta property=\"og:site_name\" content=\"Il Notiziario\" \/>\n<meta property=\"article:publisher\" content=\"https:\/\/www.facebook.com\/ilnotiziarioind\/\" \/>\n<meta property=\"article:published_time\" content=\"2021-05-31T15:31:42+00:00\" \/>\n<meta property=\"article:modified_time\" content=\"2021-05-31T15:35:29+00:00\" \/>\n<meta property=\"og:image\" content=\"https:\/\/www.ilnotiziario.net\/wp\/wp-content\/uploads\/2021\/05\/bass-min.jpg\" \/>\n\t<meta property=\"og:image:width\" content=\"850\" \/>\n\t<meta property=\"og:image:height\" content=\"638\" \/>\n\t<meta property=\"og:image:type\" content=\"image\/jpeg\" \/>\n<meta name=\"author\" content=\"Alessandro Sala\" \/>\n<meta name=\"twitter:card\" content=\"summary_large_image\" \/>\n<meta name=\"twitter:creator\" content=\"@ilNotiziarioInd\" \/>\n<meta name=\"twitter:site\" content=\"@ilNotiziarioInd\" \/>\n<meta name=\"twitter:label1\" content=\"Scritto da\" \/>\n\t<meta name=\"twitter:data1\" content=\"Alessandro Sala\" \/>\n\t<meta name=\"twitter:label2\" content=\"Tempo di lettura stimato\" \/>\n\t<meta name=\"twitter:data2\" content=\"4 minuti\" \/>\n<script type=\"application\/ld+json\" class=\"yoast-schema-graph\">{\"@context\":\"https:\\\/\\\/schema.org\",\"@graph\":[{\"@type\":\"Article\",\"@id\":\"https:\\\/\\\/www.ilnotiziario.net\\\/wp\\\/video\\\/desio-vigili-del-fuoco-pensione-capo-reparto-massimo-bassignani\\\/#article\",\"isPartOf\":{\"@id\":\"https:\\\/\\\/www.ilnotiziario.net\\\/wp\\\/video\\\/desio-vigili-del-fuoco-pensione-capo-reparto-massimo-bassignani\\\/\"},\"author\":{\"name\":\"Alessandro Sala\",\"@id\":\"https:\\\/\\\/www.ilnotiziario.net\\\/wp\\\/#\\\/schema\\\/person\\\/010339118cc82fd5f898da6508eaaf34\"},\"headline\":\"Vigili del fuoco Desio: sirene per la pensione del Capo Reparto Massimo Bassignani | VIDEO\",\"datePublished\":\"2021-05-31T15:31:42+00:00\",\"dateModified\":\"2021-05-31T15:35:29+00:00\",\"mainEntityOfPage\":{\"@id\":\"https:\\\/\\\/www.ilnotiziario.net\\\/wp\\\/video\\\/desio-vigili-del-fuoco-pensione-capo-reparto-massimo-bassignani\\\/\"},\"wordCount\":782,\"publisher\":{\"@id\":\"https:\\\/\\\/www.ilnotiziario.net\\\/wp\\\/#organization\"},\"image\":{\"@id\":\"https:\\\/\\\/www.ilnotiziario.net\\\/wp\\\/video\\\/desio-vigili-del-fuoco-pensione-capo-reparto-massimo-bassignani\\\/#primaryimage\"},\"thumbnailUrl\":\"https:\\\/\\\/www.ilnotiziario.net\\\/wp\\\/wp-content\\\/uploads\\\/2021\\\/05\\\/bass-min.jpg\",\"keywords\":[\"Desio\",\"Limbiate\",\"Massimo Bassignani\",\"Paderno Dugnano\",\"Seregno\",\"Vigili del fuoco\",\"vigili del fuoco Desio\"],\"articleSection\":[\"NEI DINTORNI\",\"Video\"],\"inLanguage\":\"it-IT\"},{\"@type\":\"WebPage\",\"@id\":\"https:\\\/\\\/www.ilnotiziario.net\\\/wp\\\/video\\\/desio-vigili-del-fuoco-pensione-capo-reparto-massimo-bassignani\\\/\",\"url\":\"https:\\\/\\\/www.ilnotiziario.net\\\/wp\\\/video\\\/desio-vigili-del-fuoco-pensione-capo-reparto-massimo-bassignani\\\/\",\"name\":\"Vigili del fuoco Desio: sirene per la pensione del Capo Reparto Massimo Bassignani | VIDEO - Il Notiziario\",\"isPartOf\":{\"@id\":\"https:\\\/\\\/www.ilnotiziario.net\\\/wp\\\/#website\"},\"primaryImageOfPage\":{\"@id\":\"https:\\\/\\\/www.ilnotiziario.net\\\/wp\\\/video\\\/desio-vigili-del-fuoco-pensione-capo-reparto-massimo-bassignani\\\/#primaryimage\"},\"image\":{\"@id\":\"https:\\\/\\\/www.ilnotiziario.net\\\/wp\\\/video\\\/desio-vigili-del-fuoco-pensione-capo-reparto-massimo-bassignani\\\/#primaryimage\"},\"thumbnailUrl\":\"https:\\\/\\\/www.ilnotiziario.net\\\/wp\\\/wp-content\\\/uploads\\\/2021\\\/05\\\/bass-min.jpg\",\"datePublished\":\"2021-05-31T15:31:42+00:00\",\"dateModified\":\"2021-05-31T15:35:29+00:00\",\"description\":\"Ieri, domenica 30 maggio, nel distaccamento di Desio tra festeggiamenti e qualche lacrima, si \u00e8 salutato il Capo Reparto Massimo Bassignani, che dopo 41\",\"breadcrumb\":{\"@id\":\"https:\\\/\\\/www.ilnotiziario.net\\\/wp\\\/video\\\/desio-vigili-del-fuoco-pensione-capo-reparto-massimo-bassignani\\\/#breadcrumb\"},\"inLanguage\":\"it-IT\",\"potentialAction\":[{\"@type\":\"ReadAction\",\"target\":[\"https:\\\/\\\/www.ilnotiziario.net\\\/wp\\\/video\\\/desio-vigili-del-fuoco-pensione-capo-reparto-massimo-bassignani\\\/\"]}]},{\"@type\":\"ImageObject\",\"inLanguage\":\"it-IT\",\"@id\":\"https:\\\/\\\/www.ilnotiziario.net\\\/wp\\\/video\\\/desio-vigili-del-fuoco-pensione-capo-reparto-massimo-bassignani\\\/#primaryimage\",\"url\":\"https:\\\/\\\/www.ilnotiziario.net\\\/wp\\\/wp-content\\\/uploads\\\/2021\\\/05\\\/bass-min.jpg\",\"contentUrl\":\"https:\\\/\\\/www.ilnotiziario.net\\\/wp\\\/wp-content\\\/uploads\\\/2021\\\/05\\\/bass-min.jpg\",\"width\":850,\"height\":638},{\"@type\":\"BreadcrumbList\",\"@id\":\"https:\\\/\\\/www.ilnotiziario.net\\\/wp\\\/video\\\/desio-vigili-del-fuoco-pensione-capo-reparto-massimo-bassignani\\\/#breadcrumb\",\"itemListElement\":[{\"@type\":\"ListItem\",\"position\":1,\"name\":\"tds_text_logo_tagline_colortds_text_logo_tagline_colortds_text_logo_tagline_colortds_text_logo_tagline_colortd_module_7_title_excerpttd_module_7_title_excerpttd_module_7_title_excerpttd_module_7_title_excerptHome\",\"item\":\"https:\\\/\\\/www.ilnotiziario.net\\\/wp\\\/\"},{\"@type\":\"ListItem\",\"position\":2,\"name\":\"Vigili del fuoco Desio: sirene per la pensione del Capo Reparto Massimo Bassignani | VIDEO\"}]},{\"@type\":\"WebSite\",\"@id\":\"https:\\\/\\\/www.ilnotiziario.net\\\/wp\\\/#website\",\"url\":\"https:\\\/\\\/www.ilnotiziario.net\\\/wp\\\/\",\"name\":\"Il Notiziario\",\"description\":\"Per restare sempre connessi alla notizia\",\"publisher\":{\"@id\":\"https:\\\/\\\/www.ilnotiziario.net\\\/wp\\\/#organization\"},\"alternateName\":\"Il Notiziario Bollate\",\"potentialAction\":[{\"@type\":\"SearchAction\",\"target\":{\"@type\":\"EntryPoint\",\"urlTemplate\":\"https:\\\/\\\/www.ilnotiziario.net\\\/wp\\\/?s={search_term_string}\"},\"query-input\":{\"@type\":\"PropertyValueSpecification\",\"valueRequired\":true,\"valueName\":\"search_term_string\"}}],\"inLanguage\":\"it-IT\"},{\"@type\":\"Organization\",\"@id\":\"https:\\\/\\\/www.ilnotiziario.net\\\/wp\\\/#organization\",\"name\":\"Il Notiziario\",\"url\":\"https:\\\/\\\/www.ilnotiziario.net\\\/wp\\\/\",\"logo\":{\"@type\":\"ImageObject\",\"inLanguage\":\"it-IT\",\"@id\":\"https:\\\/\\\/www.ilnotiziario.net\\\/wp\\\/#\\\/schema\\\/logo\\\/image\\\/\",\"url\":\"https:\\\/\\\/www.ilnotiziario.net\\\/wp\\\/wp-content\\\/uploads\\\/2022\\\/06\\\/170x170ilN.png\",\"contentUrl\":\"https:\\\/\\\/www.ilnotiziario.net\\\/wp\\\/wp-content\\\/uploads\\\/2022\\\/06\\\/170x170ilN.png\",\"width\":355,\"height\":355,\"caption\":\"Il Notiziario\"},\"image\":{\"@id\":\"https:\\\/\\\/www.ilnotiziario.net\\\/wp\\\/#\\\/schema\\\/logo\\\/image\\\/\"},\"sameAs\":[\"https:\\\/\\\/www.facebook.com\\\/ilnotiziarioind\\\/\",\"https:\\\/\\\/x.com\\\/ilNotiziarioInd\",\"https:\\\/\\\/www.instagram.com\\\/ilnotiziario_settimanale\\\/\"]},{\"@type\":\"Person\",\"@id\":\"https:\\\/\\\/www.ilnotiziario.net\\\/wp\\\/#\\\/schema\\\/person\\\/010339118cc82fd5f898da6508eaaf34\",\"name\":\"Alessandro Sala\",\"image\":{\"@type\":\"ImageObject\",\"inLanguage\":\"it-IT\",\"@id\":\"https:\\\/\\\/secure.gravatar.com\\\/avatar\\\/a0d1942058e31b680b73d77603b24208638aa7af79fac28ab4d9f968ca449f2d?s=96&d=mm&r=g\",\"url\":\"https:\\\/\\\/secure.gravatar.com\\\/avatar\\\/a0d1942058e31b680b73d77603b24208638aa7af79fac28ab4d9f968ca449f2d?s=96&d=mm&r=g\",\"contentUrl\":\"https:\\\/\\\/secure.gravatar.com\\\/avatar\\\/a0d1942058e31b680b73d77603b24208638aa7af79fac28ab4d9f968ca449f2d?s=96&d=mm&r=g\",\"caption\":\"Alessandro Sala\"}}]}<\/script>\n<!-- \/ Yoast SEO plugin. -->","yoast_head_json":{"title":"Vigili del fuoco Desio: sirene per la pensione del Capo Reparto Massimo Bassignani | VIDEO - Il Notiziario","description":"Ieri, domenica 30 maggio, nel distaccamento di Desio tra festeggiamenti e qualche lacrima, si \u00e8 salutato il Capo Reparto Massimo Bassignani, che dopo 41","robots":{"index":"index","follow":"follow","max-snippet":"max-snippet:-1","max-image-preview":"max-image-preview:large","max-video-preview":"max-video-preview:-1"},"canonical":"https:\/\/www.ilnotiziario.net\/wp\/video\/desio-vigili-del-fuoco-pensione-capo-reparto-massimo-bassignani\/","og_locale":"it_IT","og_type":"article","og_title":"Vigili del fuoco Desio: sirene per la pensione del Capo Reparto Massimo Bassignani | VIDEO - Il Notiziario","og_description":"Ieri, domenica 30 maggio, nel distaccamento di Desio tra festeggiamenti e qualche lacrima, si \u00e8 salutato il Capo Reparto Massimo Bassignani, che dopo 41","og_url":"https:\/\/www.ilnotiziario.net\/wp\/video\/desio-vigili-del-fuoco-pensione-capo-reparto-massimo-bassignani\/","og_site_name":"Il Notiziario","article_publisher":"https:\/\/www.facebook.com\/ilnotiziarioind\/","article_published_time":"2021-05-31T15:31:42+00:00","article_modified_time":"2021-05-31T15:35:29+00:00","og_image":[{"width":850,"height":638,"url":"https:\/\/www.ilnotiziario.net\/wp\/wp-content\/uploads\/2021\/05\/bass-min.jpg","type":"image\/jpeg"}],"author":"Alessandro Sala","twitter_card":"summary_large_image","twitter_creator":"@ilNotiziarioInd","twitter_site":"@ilNotiziarioInd","twitter_misc":{"Scritto da":"Alessandro Sala","Tempo di lettura stimato":"4 minuti"},"schema":{"@context":"https:\/\/schema.org","@graph":[{"@type":"Article","@id":"https:\/\/www.ilnotiziario.net\/wp\/video\/desio-vigili-del-fuoco-pensione-capo-reparto-massimo-bassignani\/#article","isPartOf":{"@id":"https:\/\/www.ilnotiziario.net\/wp\/video\/desio-vigili-del-fuoco-pensione-capo-reparto-massimo-bassignani\/"},"author":{"name":"Alessandro Sala","@id":"https:\/\/www.ilnotiziario.net\/wp\/#\/schema\/person\/010339118cc82fd5f898da6508eaaf34"},"headline":"Vigili del fuoco Desio: sirene per la pensione del Capo Reparto Massimo Bassignani | VIDEO","datePublished":"2021-05-31T15:31:42+00:00","dateModified":"2021-05-31T15:35:29+00:00","mainEntityOfPage":{"@id":"https:\/\/www.ilnotiziario.net\/wp\/video\/desio-vigili-del-fuoco-pensione-capo-reparto-massimo-bassignani\/"},"wordCount":782,"publisher":{"@id":"https:\/\/www.ilnotiziario.net\/wp\/#organization"},"image":{"@id":"https:\/\/www.ilnotiziario.net\/wp\/video\/desio-vigili-del-fuoco-pensione-capo-reparto-massimo-bassignani\/#primaryimage"},"thumbnailUrl":"https:\/\/www.ilnotiziario.net\/wp\/wp-content\/uploads\/2021\/05\/bass-min.jpg","keywords":["Desio","Limbiate","Massimo Bassignani","Paderno Dugnano","Seregno","Vigili del fuoco","vigili del fuoco Desio"],"articleSection":["NEI DINTORNI","Video"],"inLanguage":"it-IT"},{"@type":"WebPage","@id":"https:\/\/www.ilnotiziario.net\/wp\/video\/desio-vigili-del-fuoco-pensione-capo-reparto-massimo-bassignani\/","url":"https:\/\/www.ilnotiziario.net\/wp\/video\/desio-vigili-del-fuoco-pensione-capo-reparto-massimo-bassignani\/","name":"Vigili del fuoco Desio: sirene per la pensione del Capo Reparto Massimo Bassignani | VIDEO - Il Notiziario","isPartOf":{"@id":"https:\/\/www.ilnotiziario.net\/wp\/#website"},"primaryImageOfPage":{"@id":"https:\/\/www.ilnotiziario.net\/wp\/video\/desio-vigili-del-fuoco-pensione-capo-reparto-massimo-bassignani\/#primaryimage"},"image":{"@id":"https:\/\/www.ilnotiziario.net\/wp\/video\/desio-vigili-del-fuoco-pensione-capo-reparto-massimo-bassignani\/#primaryimage"},"thumbnailUrl":"https:\/\/www.ilnotiziario.net\/wp\/wp-content\/uploads\/2021\/05\/bass-min.jpg","datePublished":"2021-05-31T15:31:42+00:00","dateModified":"2021-05-31T15:35:29+00:00","description":"Ieri, domenica 30 maggio, nel distaccamento di Desio tra festeggiamenti e qualche lacrima, si \u00e8 salutato il Capo Reparto Massimo Bassignani, che dopo 41","breadcrumb":{"@id":"https:\/\/www.ilnotiziario.net\/wp\/video\/desio-vigili-del-fuoco-pensione-capo-reparto-massimo-bassignani\/#breadcrumb"},"inLanguage":"it-IT","potentialAction":[{"@type":"ReadAction","target":["https:\/\/www.ilnotiziario.net\/wp\/video\/desio-vigili-del-fuoco-pensione-capo-reparto-massimo-bassignani\/"]}]},{"@type":"ImageObject","inLanguage":"it-IT","@id":"https:\/\/www.ilnotiziario.net\/wp\/video\/desio-vigili-del-fuoco-pensione-capo-reparto-massimo-bassignani\/#primaryimage","url":"https:\/\/www.ilnotiziario.net\/wp\/wp-content\/uploads\/2021\/05\/bass-min.jpg","contentUrl":"https:\/\/www.ilnotiziario.net\/wp\/wp-content\/uploads\/2021\/05\/bass-min.jpg","width":850,"height":638},{"@type":"BreadcrumbList","@id":"https:\/\/www.ilnotiziario.net\/wp\/video\/desio-vigili-del-fuoco-pensione-capo-reparto-massimo-bassignani\/#breadcrumb","itemListElement":[{"@type":"ListItem","position":1,"name":"tds_text_logo_tagline_colortds_text_logo_tagline_colortds_text_logo_tagline_colortds_text_logo_tagline_colortd_module_7_title_excerpttd_module_7_title_excerpttd_module_7_title_excerpttd_module_7_title_excerptHome","item":"https:\/\/www.ilnotiziario.net\/wp\/"},{"@type":"ListItem","position":2,"name":"Vigili del fuoco Desio: sirene per la pensione del Capo Reparto Massimo Bassignani | VIDEO"}]},{"@type":"WebSite","@id":"https:\/\/www.ilnotiziario.net\/wp\/#website","url":"https:\/\/www.ilnotiziario.net\/wp\/","name":"Il Notiziario","description":"Per restare sempre connessi alla notizia","publisher":{"@id":"https:\/\/www.ilnotiziario.net\/wp\/#organization"},"alternateName":"Il Notiziario Bollate","potentialAction":[{"@type":"SearchAction","target":{"@type":"EntryPoint","urlTemplate":"https:\/\/www.ilnotiziario.net\/wp\/?s={search_term_string}"},"query-input":{"@type":"PropertyValueSpecification","valueRequired":true,"valueName":"search_term_string"}}],"inLanguage":"it-IT"},{"@type":"Organization","@id":"https:\/\/www.ilnotiziario.net\/wp\/#organization","name":"Il Notiziario","url":"https:\/\/www.ilnotiziario.net\/wp\/","logo":{"@type":"ImageObject","inLanguage":"it-IT","@id":"https:\/\/www.ilnotiziario.net\/wp\/#\/schema\/logo\/image\/","url":"https:\/\/www.ilnotiziario.net\/wp\/wp-content\/uploads\/2022\/06\/170x170ilN.png","contentUrl":"https:\/\/www.ilnotiziario.net\/wp\/wp-content\/uploads\/2022\/06\/170x170ilN.png","width":355,"height":355,"caption":"Il Notiziario"},"image":{"@id":"https:\/\/www.ilnotiziario.net\/wp\/#\/schema\/logo\/image\/"},"sameAs":["https:\/\/www.facebook.com\/ilnotiziarioind\/","https:\/\/x.com\/ilNotiziarioInd","https:\/\/www.instagram.com\/ilnotiziario_settimanale\/"]},{"@type":"Person","@id":"https:\/\/www.ilnotiziario.net\/wp\/#\/schema\/person\/010339118cc82fd5f898da6508eaaf34","name":"Alessandro Sala","image":{"@type":"ImageObject","inLanguage":"it-IT","@id":"https:\/\/secure.gravatar.com\/avatar\/a0d1942058e31b680b73d77603b24208638aa7af79fac28ab4d9f968ca449f2d?s=96&d=mm&r=g","url":"https:\/\/secure.gravatar.com\/avatar\/a0d1942058e31b680b73d77603b24208638aa7af79fac28ab4d9f968ca449f2d?s=96&d=mm&r=g","contentUrl":"https:\/\/secure.gravatar.com\/avatar\/a0d1942058e31b680b73d77603b24208638aa7af79fac28ab4d9f968ca449f2d?s=96&d=mm&r=g","caption":"Alessandro Sala"}}]}},"_links":{"self":[{"href":"https:\/\/www.ilnotiziario.net\/wp\/wp-json\/wp\/v2\/posts\/152589","targetHints":{"allow":["GET"]}}],"collection":[{"href":"https:\/\/www.ilnotiziario.net\/wp\/wp-json\/wp\/v2\/posts"}],"about":[{"href":"https:\/\/www.ilnotiziario.net\/wp\/wp-json\/wp\/v2\/types\/post"}],"author":[{"embeddable":true,"href":"https:\/\/www.ilnotiziario.net\/wp\/wp-json\/wp\/v2\/users\/24"}],"replies":[{"embeddable":true,"href":"https:\/\/www.ilnotiziario.net\/wp\/wp-json\/wp\/v2\/comments?post=152589"}],"version-history":[{"count":0,"href":"https:\/\/www.ilnotiziario.net\/wp\/wp-json\/wp\/v2\/posts\/152589\/revisions"}],"wp:featuredmedia":[{"embeddable":true,"href":"https:\/\/www.ilnotiziario.net\/wp\/wp-json\/wp\/v2\/media\/152592"}],"wp:attachment":[{"href":"https:\/\/www.ilnotiziario.net\/wp\/wp-json\/wp\/v2\/media?parent=152589"}],"wp:term":[{"taxonomy":"category","embeddable":true,"href":"https:\/\/www.ilnotiziario.net\/wp\/wp-json\/wp\/v2\/categories?post=152589"},{"taxonomy":"post_tag","embeddable":true,"href":"https:\/\/www.ilnotiziario.net\/wp\/wp-json\/wp\/v2\/tags?post=152589"}],"curies":[{"name":"wp","href":"https:\/\/api.w.org\/{rel}","templated":true}]}}