{"id":153531,"date":"2021-06-24T08:30:01","date_gmt":"2021-06-24T06:30:01","guid":{"rendered":"https:\/\/www.ilnotiziario.net\/wp\/?p=153531"},"modified":"2021-06-24T08:30:48","modified_gmt":"2021-06-24T06:30:48","slug":"limbiate-auto-mamma-figli-villoresi-nessun-risarcimento","status":"publish","type":"post","link":"https:\/\/www.ilnotiziario.net\/wp\/brianza\/limbiate-auto-mamma-figli-villoresi-nessun-risarcimento\/","title":{"rendered":"Limbiate, auto con mamma e figli nel Villoresi, vite distrutte, nessun risarcimento"},"content":{"rendered":"<figure id=\"attachment_153532\" aria-describedby=\"caption-attachment-153532\" style=\"width: 680px\" class=\"wp-caption aligncenter\"><img fetchpriority=\"high\" decoding=\"async\" class=\"wp-image-153532 size-full\" src=\"https:\/\/www.ilnotiziario.net\/wp\/wp-content\/uploads\/2021\/06\/Auto-Villoresi-WEB.jpg\" alt=\"limbiate auto villoresi \" width=\"680\" height=\"510\" srcset=\"https:\/\/www.ilnotiziario.net\/wp\/wp-content\/uploads\/2021\/06\/Auto-Villoresi-WEB.jpg 680w, https:\/\/www.ilnotiziario.net\/wp\/wp-content\/uploads\/2021\/06\/Auto-Villoresi-WEB-300x225.jpg 300w, https:\/\/www.ilnotiziario.net\/wp\/wp-content\/uploads\/2021\/06\/Auto-Villoresi-WEB-80x60.jpg 80w, https:\/\/www.ilnotiziario.net\/wp\/wp-content\/uploads\/2021\/06\/Auto-Villoresi-WEB-160x120.jpg 160w, https:\/\/www.ilnotiziario.net\/wp\/wp-content\/uploads\/2021\/06\/Auto-Villoresi-WEB-265x198.jpg 265w\" sizes=\"(max-width: 680px) 100vw, 680px\" \/><figcaption id=\"caption-attachment-153532\" class=\"wp-caption-text\">Il recupero dell&#8217;auto nel canale dopo l&#8217;incidente del 2009<\/figcaption><\/figure>\n<p>Auto con madre e figli nel Villoresi, nessun risarcimento per la tragedia che ha distrutto la vita di una famiglia di Limbiate. In tanti ricorderanno l&#8217;incidente che nell&#8217;agosto del 2009 sconvolse Limbiate. <strong>Un&#8217;auto era finita all&#8217;interno del canale Villoresi, in piena,<\/strong> alla guida c\u2019era Patrizia, con i due figli Chantal ed Anthony. Mamma e figlia furono estratte subito, ma pi\u00f9 complesso fu il recupero del piccolo Anthony che rimase sotto l&#8217;acqua per 21 minuti fino ad andare in ipossia cerebrale. Solo grazie all\u2019intervento di un cittadino che si tuff\u00f2 nel canale riusc\u00ec a sopravvivere, con lesioni permanenti pari al 100% di invalidit\u00e0.<\/p><div id=\"ilnot-1569587380\" class=\"ilnot-contenuto ilnot-entity-placement\"><p><!-- incontent_1 --><\/p>\n<div class=\"gptslot\" data-adunitid=\"1\"><\/div>\n<\/div>\n<p>A distanza di 12 anni li abbiamo incontrati ed \u00e8 stato il padre, Michele Fratini, a fare con noi il punto della situazione. La famiglia aveva fatto causa al Consorzio di Bonifica est Ticino Villoresi ed al Comune di Limbiate, che ha chiamato in causa Amissima Assicurazioni spa perch\u00e9 l&#8217;auto, a loro avviso, era finita all&#8217;interno del corso d\u2019acqua che costeggia la strada a causa di una insufficiente e inadeguata protezione degli argini e della pericolosit\u00e0 della strada. \u201cSono nato e cresciuto in via Marconi, quando avevo 5 anni ho visto la prima persona finire all&#8217;interno del canale- racconta Michele Fratini- e il mancato posizionamento di un guardrail che non permetta ad un&#8217;auto di entrarci, l&#8217;ho sempre considerato la causa della vicenda che ha stravolto la mia famiglia\u201d. \u201c<strong>Quel giorno non doveva andare cos\u00ec.<\/strong> Ci stavamo preparando per partire per le vacanze, poi sono stato chiamato dal mio capo, mi sono assentato e mia moglie non vedendomi arrivare \u00e8 andata da suo nonno- continua Fratini-. Doveva lasciare i bambini dai miei, ma per una coincidenza alla fine li ha portati con se. Quando sono arrivato sul luogo dell&#8217;incidente non potevo crederci, sono andato in elicottero con mio figlio in ospedale, mentre il soccorritore continuava a praticargli il massaggio cardiaco per salvarlo. Interminabili i momenti di ansia prima di vederlo respirare\u201d.<\/p>\n<p>Oggi via Marconi sta cambiando look ed \u00e8\u2006\u2006questo che ha portato Michele Fratini a contattarci. \u201cTutti e tre i gradi di giudizio ci hanno dato torto -racconta- la responsabilit\u00e0 di questa disgrazia viene attribuita solo a mia moglie, che avrebbe posto in essere una condotta di guida \u201caberrante ed inopinata\u201d senza tuttavia essere stata nemmeno multata per eccesso di velocit\u00e0 dalle forze dell\u2019ordine, io sono convinto\u2006 \u2006 per\u00f2 che\u2006 \u2006<strong> si poteva evitare mettendo in sicurezza l&#8217;argine del canale, apponendo un guardrail o, quantomeno, riducendo i limiti di velocit\u00e0 a 30 Km\/h\u201d.<\/strong> E questo \u00e8 quello che ha affermato anche il Tribunale, secondo cui \u201cl\u2019esito del fatale incidente .. con ogni probabilit\u00e0 avrebbe potuto essere evitato dalla presenza di un guardrail a ridosso del canale\u201d. \u201cVedo che oggi si stanno facendo dei lavori importanti per riqualificare la zona e mi chiedo perch\u00e9, dato che secondo gli inquirenti non c&#8217;era pericolosit\u00e0- insiste Fratini-.<\/p><div id=\"ilnot-184239188\" class=\"ilnot-contenuto_2 ilnot-entity-placement\"><div class=\"ads-wrapper\">\n<div class=\"ad-slot\">\n   <div id=\"ilnot-2490105234\" style=\"margin-right: auto;margin-left: auto;text-align: center;width: 320px;height: 100px;\"><a href=\"https:\/\/www.scuolasicurezza.it\/\"><img decoding=\"async\" src=\"https:\/\/www.ilnotiziario.net\/wp\/wp-content\/uploads\/2026\/04\/IlNotiziario_banner-sito-e-newsletter-320-x-100-px-1.gif\" alt=\"\"><\/a><\/div>\n  <\/div>\n<div class=\"ad-slot\">\n   <div id=\"ilnot-2118723301\" style=\"margin-right: auto;margin-left: auto;text-align: center;width: 320px;height: 100px;\"><a href=\"https:\/\/purodesignarredamenti.com\/\"><img decoding=\"async\" src=\"https:\/\/www.ilnotiziario.net\/wp\/wp-content\/uploads\/2026\/04\/banner-puro-ok.gif\" alt=\"whatsapp\"><\/a><\/div><\/p><\/div>\n<\/div>\n<\/div>\n<h2>Oggi a Limbiate&nbsp; vengono rialzati gli argini del Villoresi e posizionati dossi su via Marconi&nbsp;<\/h2>\n<p>Diversi Ctu, consulenti tecnici d&#8217;ufficio, nelle loro relazioni\u2006 \u2006 avevano invece riferito di un tratto pericoloso e la decisione dei giudici ci ha stupito\u201d. \u201cDagli esami condotti dai tecnici \u00e8 emerso che in funzione della conformazione dei luoghi per un\u2019autovettura in movimento sarebbe sufficiente una velocit\u00e0 di 30 Km\/h per riuscire a superare l\u2019argine e concludere la propria marcia all\u2019interno del canale. E con una velocit\u00e0 di 35 Km\/h si rischia di finire ribaltati nel canale Villoresi, a testa in gi\u00f9. Ma se il limite di velocit\u00e0 imposto dal Comune di Limbiate \u00e8 di 50 Km\/h significa che <strong>un conducente che percorre quel tratto di strada rettilineo e privo di guardrail nel pieno rispetto dei limiti di velocit\u00e0<\/strong> e dovesse mai perdere il controllo del veicolo per cause indipendenti dalla propria volont\u00e0, con il terrapieno obliquo a fare da trampolino, finirebbe la sua corsa ribaltato nel canale\u201d &#8211; si legge nelle argomentazioni dell&#8217;avvocato Lelio De Zan che ha difeso la famiglia in Cassazione.<\/p>\n<p>Questo per\u00f2, non ha portato i giudici a dare ragione alla famiglia, con il conseguente risarcimento sperato che ora si trova in grave difficolt\u00e0 economiche perch\u00e9\u2006 \u2006\u00e8 stata anche chiamata a risarcire le spese legali dei primi due gradi di giudizio. \u201cIo non ho un lavoro stabile, l&#8217;ho perso quando \u00e8 successa la tragedia seguendo la mia famiglia in ospedale da vicino. Mio figlio deve avere qualcuno con s\u00e9 24 ore su 24 e i supporti sono pochi e insufficienti\u201d -dice Michele. <strong>Una famiglia distrutta da quel terribile pomeriggio,<\/strong> \u201cuna tragedia che si poteva evitare e mi chiedo perch\u00e9 solo ora si \u00e8 scelto di alzare gli argini e di mettere ben tre dossi in via Marconi. Forse se queste disposizioni ci fossero state prima il mio Anthony non sarebbe in questa situazione. Mi piacerebbe chiedere giustizia per lui. Il risarcimento che chiedevamo era pensato proprio per riuscire a dargli tutte le opportunit\u00e0 che merita\u201d -conclude il pap\u00e0.<\/p>\n<p><strong>Daniela Salerno&nbsp;<\/strong><\/p><div id=\"ilnot-2054801333\" class=\"ilnot-contenuto_2-2 ilnot-entity-placement\"><div class=\"gptslot\" data-adunitid=\"2\"><\/div>\n<\/div>\n","protected":false},"excerpt":{"rendered":"<p>Auto con madre e figli nel Villoresi, nessun risarcimento per la tragedia che ha distrutto la vita di una famiglia di Limbiate. In tanti ricorderanno l&#8217;incidente che nell&#8217;agosto del 2009 sconvolse Limbiate. Un&#8217;auto era finita all&#8217;interno del canale Villoresi, in piena, alla guida c\u2019era Patrizia, con i due figli Chantal ed Anthony. Mamma e figlia<\/p>\n","protected":false},"author":3,"featured_media":153532,"comment_status":"closed","ping_status":"closed","sticky":false,"template":"","format":"standard","meta":{"footnotes":""},"categories":[9,11,20],"tags":[323,1666,2716,880,95,47,968,768,344,358],"class_list":{"0":"post-153531","1":"post","2":"type-post","3":"status-publish","4":"format-standard","5":"has-post-thumbnail","7":"category-brianza","8":"category-nord-milano","9":"category-prima-pagina","10":"tag-auto","11":"tag-bambini","12":"tag-canale","13":"tag-famiglia","14":"tag-incidente","15":"tag-limbiate","16":"tag-mamma","17":"tag-risarcimento","18":"tag-tragedia","19":"tag-villoresi"},"yoast_head":"<!-- This site is optimized with the Yoast SEO plugin v27.4 - https:\/\/yoast.com\/product\/yoast-seo-wordpress\/ -->\n<title>Limbiate, auto con mamma e figli nel Villoresi, vite distrutte, nessun risarcimento - Il Notiziario<\/title>\n<meta name=\"description\" content=\"Auto con madre e figli nel Villoresi, nessun risarcimento per la tragedia che ha distrutto la vita di una famiglia di Limbiate. In tanti ricorderanno\" \/>\n<meta name=\"robots\" content=\"index, follow, max-snippet:-1, max-image-preview:large, max-video-preview:-1\" \/>\n<link rel=\"canonical\" href=\"https:\/\/www.ilnotiziario.net\/wp\/brianza\/limbiate-auto-mamma-figli-villoresi-nessun-risarcimento\/\" \/>\n<meta property=\"og:locale\" content=\"it_IT\" \/>\n<meta property=\"og:type\" content=\"article\" \/>\n<meta property=\"og:title\" content=\"Limbiate, auto con mamma e figli nel Villoresi, vite distrutte, nessun risarcimento - Il Notiziario\" \/>\n<meta property=\"og:description\" content=\"Auto con madre e figli nel Villoresi, nessun risarcimento per la tragedia che ha distrutto la vita di una famiglia di Limbiate. In tanti ricorderanno\" \/>\n<meta property=\"og:url\" content=\"https:\/\/www.ilnotiziario.net\/wp\/brianza\/limbiate-auto-mamma-figli-villoresi-nessun-risarcimento\/\" \/>\n<meta property=\"og:site_name\" content=\"Il Notiziario\" \/>\n<meta property=\"article:publisher\" content=\"https:\/\/www.facebook.com\/ilnotiziarioind\/\" \/>\n<meta property=\"article:published_time\" content=\"2021-06-24T06:30:01+00:00\" \/>\n<meta property=\"article:modified_time\" content=\"2021-06-24T06:30:48+00:00\" \/>\n<meta property=\"og:image\" content=\"https:\/\/www.ilnotiziario.net\/wp\/wp-content\/uploads\/2021\/06\/Auto-Villoresi-WEB.jpg\" \/>\n\t<meta property=\"og:image:width\" content=\"680\" \/>\n\t<meta property=\"og:image:height\" content=\"510\" \/>\n\t<meta property=\"og:image:type\" content=\"image\/jpeg\" \/>\n<meta name=\"author\" content=\"Gabriele Bassani\" \/>\n<meta name=\"twitter:card\" content=\"summary_large_image\" \/>\n<meta name=\"twitter:creator\" content=\"@ilNotiziarioInd\" \/>\n<meta name=\"twitter:site\" content=\"@ilNotiziarioInd\" \/>\n<meta name=\"twitter:label1\" content=\"Scritto da\" \/>\n\t<meta name=\"twitter:data1\" content=\"Gabriele Bassani\" \/>\n\t<meta name=\"twitter:label2\" content=\"Tempo di lettura stimato\" \/>\n\t<meta name=\"twitter:data2\" content=\"4 minuti\" \/>\n<script type=\"application\/ld+json\" class=\"yoast-schema-graph\">{\"@context\":\"https:\\\/\\\/schema.org\",\"@graph\":[{\"@type\":\"Article\",\"@id\":\"https:\\\/\\\/www.ilnotiziario.net\\\/wp\\\/brianza\\\/limbiate-auto-mamma-figli-villoresi-nessun-risarcimento\\\/#article\",\"isPartOf\":{\"@id\":\"https:\\\/\\\/www.ilnotiziario.net\\\/wp\\\/brianza\\\/limbiate-auto-mamma-figli-villoresi-nessun-risarcimento\\\/\"},\"author\":{\"name\":\"Gabriele Bassani\",\"@id\":\"https:\\\/\\\/www.ilnotiziario.net\\\/wp\\\/#\\\/schema\\\/person\\\/386e222908f898bb41c033989482bbf2\"},\"headline\":\"Limbiate, auto con mamma e figli nel Villoresi, vite distrutte, nessun risarcimento\",\"datePublished\":\"2021-06-24T06:30:01+00:00\",\"dateModified\":\"2021-06-24T06:30:48+00:00\",\"mainEntityOfPage\":{\"@id\":\"https:\\\/\\\/www.ilnotiziario.net\\\/wp\\\/brianza\\\/limbiate-auto-mamma-figli-villoresi-nessun-risarcimento\\\/\"},\"wordCount\":850,\"publisher\":{\"@id\":\"https:\\\/\\\/www.ilnotiziario.net\\\/wp\\\/#organization\"},\"image\":{\"@id\":\"https:\\\/\\\/www.ilnotiziario.net\\\/wp\\\/brianza\\\/limbiate-auto-mamma-figli-villoresi-nessun-risarcimento\\\/#primaryimage\"},\"thumbnailUrl\":\"https:\\\/\\\/www.ilnotiziario.net\\\/wp\\\/wp-content\\\/uploads\\\/2021\\\/06\\\/Auto-Villoresi-WEB.jpg\",\"keywords\":[\"auto\",\"bambini\",\"canale\",\"famiglia\",\"incidente\",\"Limbiate\",\"mamma\",\"risarcimento\",\"tragedia\",\"Villoresi\"],\"articleSection\":[\"BRIANZA\",\"NORD MILANO\",\"Prima Pagina\"],\"inLanguage\":\"it-IT\"},{\"@type\":\"WebPage\",\"@id\":\"https:\\\/\\\/www.ilnotiziario.net\\\/wp\\\/brianza\\\/limbiate-auto-mamma-figli-villoresi-nessun-risarcimento\\\/\",\"url\":\"https:\\\/\\\/www.ilnotiziario.net\\\/wp\\\/brianza\\\/limbiate-auto-mamma-figli-villoresi-nessun-risarcimento\\\/\",\"name\":\"Limbiate, auto con mamma e figli nel Villoresi, vite distrutte, nessun risarcimento - Il Notiziario\",\"isPartOf\":{\"@id\":\"https:\\\/\\\/www.ilnotiziario.net\\\/wp\\\/#website\"},\"primaryImageOfPage\":{\"@id\":\"https:\\\/\\\/www.ilnotiziario.net\\\/wp\\\/brianza\\\/limbiate-auto-mamma-figli-villoresi-nessun-risarcimento\\\/#primaryimage\"},\"image\":{\"@id\":\"https:\\\/\\\/www.ilnotiziario.net\\\/wp\\\/brianza\\\/limbiate-auto-mamma-figli-villoresi-nessun-risarcimento\\\/#primaryimage\"},\"thumbnailUrl\":\"https:\\\/\\\/www.ilnotiziario.net\\\/wp\\\/wp-content\\\/uploads\\\/2021\\\/06\\\/Auto-Villoresi-WEB.jpg\",\"datePublished\":\"2021-06-24T06:30:01+00:00\",\"dateModified\":\"2021-06-24T06:30:48+00:00\",\"description\":\"Auto con madre e figli nel Villoresi, nessun risarcimento per la tragedia che ha distrutto la vita di una famiglia di Limbiate. In tanti ricorderanno\",\"breadcrumb\":{\"@id\":\"https:\\\/\\\/www.ilnotiziario.net\\\/wp\\\/brianza\\\/limbiate-auto-mamma-figli-villoresi-nessun-risarcimento\\\/#breadcrumb\"},\"inLanguage\":\"it-IT\",\"potentialAction\":[{\"@type\":\"ReadAction\",\"target\":[\"https:\\\/\\\/www.ilnotiziario.net\\\/wp\\\/brianza\\\/limbiate-auto-mamma-figli-villoresi-nessun-risarcimento\\\/\"]}]},{\"@type\":\"ImageObject\",\"inLanguage\":\"it-IT\",\"@id\":\"https:\\\/\\\/www.ilnotiziario.net\\\/wp\\\/brianza\\\/limbiate-auto-mamma-figli-villoresi-nessun-risarcimento\\\/#primaryimage\",\"url\":\"https:\\\/\\\/www.ilnotiziario.net\\\/wp\\\/wp-content\\\/uploads\\\/2021\\\/06\\\/Auto-Villoresi-WEB.jpg\",\"contentUrl\":\"https:\\\/\\\/www.ilnotiziario.net\\\/wp\\\/wp-content\\\/uploads\\\/2021\\\/06\\\/Auto-Villoresi-WEB.jpg\",\"width\":680,\"height\":510,\"caption\":\"limbiate auto villoresi\"},{\"@type\":\"BreadcrumbList\",\"@id\":\"https:\\\/\\\/www.ilnotiziario.net\\\/wp\\\/brianza\\\/limbiate-auto-mamma-figli-villoresi-nessun-risarcimento\\\/#breadcrumb\",\"itemListElement\":[{\"@type\":\"ListItem\",\"position\":1,\"name\":\"tds_text_logo_tagline_colortds_text_logo_tagline_colortds_text_logo_tagline_colortds_text_logo_tagline_colortd_module_7_title_excerpttd_module_7_title_excerpttd_module_7_title_excerpttd_module_7_title_excerptHome\",\"item\":\"https:\\\/\\\/www.ilnotiziario.net\\\/wp\\\/\"},{\"@type\":\"ListItem\",\"position\":2,\"name\":\"Limbiate, auto con mamma e figli nel Villoresi, vite distrutte, nessun risarcimento\"}]},{\"@type\":\"WebSite\",\"@id\":\"https:\\\/\\\/www.ilnotiziario.net\\\/wp\\\/#website\",\"url\":\"https:\\\/\\\/www.ilnotiziario.net\\\/wp\\\/\",\"name\":\"Il Notiziario\",\"description\":\"Per restare sempre connessi alla notizia\",\"publisher\":{\"@id\":\"https:\\\/\\\/www.ilnotiziario.net\\\/wp\\\/#organization\"},\"alternateName\":\"Il Notiziario Bollate\",\"potentialAction\":[{\"@type\":\"SearchAction\",\"target\":{\"@type\":\"EntryPoint\",\"urlTemplate\":\"https:\\\/\\\/www.ilnotiziario.net\\\/wp\\\/?s={search_term_string}\"},\"query-input\":{\"@type\":\"PropertyValueSpecification\",\"valueRequired\":true,\"valueName\":\"search_term_string\"}}],\"inLanguage\":\"it-IT\"},{\"@type\":\"Organization\",\"@id\":\"https:\\\/\\\/www.ilnotiziario.net\\\/wp\\\/#organization\",\"name\":\"Il Notiziario\",\"url\":\"https:\\\/\\\/www.ilnotiziario.net\\\/wp\\\/\",\"logo\":{\"@type\":\"ImageObject\",\"inLanguage\":\"it-IT\",\"@id\":\"https:\\\/\\\/www.ilnotiziario.net\\\/wp\\\/#\\\/schema\\\/logo\\\/image\\\/\",\"url\":\"https:\\\/\\\/www.ilnotiziario.net\\\/wp\\\/wp-content\\\/uploads\\\/2022\\\/06\\\/170x170ilN.png\",\"contentUrl\":\"https:\\\/\\\/www.ilnotiziario.net\\\/wp\\\/wp-content\\\/uploads\\\/2022\\\/06\\\/170x170ilN.png\",\"width\":355,\"height\":355,\"caption\":\"Il Notiziario\"},\"image\":{\"@id\":\"https:\\\/\\\/www.ilnotiziario.net\\\/wp\\\/#\\\/schema\\\/logo\\\/image\\\/\"},\"sameAs\":[\"https:\\\/\\\/www.facebook.com\\\/ilnotiziarioind\\\/\",\"https:\\\/\\\/x.com\\\/ilNotiziarioInd\",\"https:\\\/\\\/www.instagram.com\\\/ilnotiziario_settimanale\\\/\"]},{\"@type\":\"Person\",\"@id\":\"https:\\\/\\\/www.ilnotiziario.net\\\/wp\\\/#\\\/schema\\\/person\\\/386e222908f898bb41c033989482bbf2\",\"name\":\"Gabriele Bassani\",\"image\":{\"@type\":\"ImageObject\",\"inLanguage\":\"it-IT\",\"@id\":\"https:\\\/\\\/secure.gravatar.com\\\/avatar\\\/09274f4a84fa97698bde56f84b3afed61c8492d48b0550db9671b68c177479cb?s=96&d=mm&r=g\",\"url\":\"https:\\\/\\\/secure.gravatar.com\\\/avatar\\\/09274f4a84fa97698bde56f84b3afed61c8492d48b0550db9671b68c177479cb?s=96&d=mm&r=g\",\"contentUrl\":\"https:\\\/\\\/secure.gravatar.com\\\/avatar\\\/09274f4a84fa97698bde56f84b3afed61c8492d48b0550db9671b68c177479cb?s=96&d=mm&r=g\",\"caption\":\"Gabriele Bassani\"},\"sameAs\":[\"http:\\\/\\\/www.ilnotiziario.net\"]}]}<\/script>\n<!-- \/ Yoast SEO plugin. -->","yoast_head_json":{"title":"Limbiate, auto con mamma e figli nel Villoresi, vite distrutte, nessun risarcimento - Il Notiziario","description":"Auto con madre e figli nel Villoresi, nessun risarcimento per la tragedia che ha distrutto la vita di una famiglia di Limbiate. In tanti ricorderanno","robots":{"index":"index","follow":"follow","max-snippet":"max-snippet:-1","max-image-preview":"max-image-preview:large","max-video-preview":"max-video-preview:-1"},"canonical":"https:\/\/www.ilnotiziario.net\/wp\/brianza\/limbiate-auto-mamma-figli-villoresi-nessun-risarcimento\/","og_locale":"it_IT","og_type":"article","og_title":"Limbiate, auto con mamma e figli nel Villoresi, vite distrutte, nessun risarcimento - Il Notiziario","og_description":"Auto con madre e figli nel Villoresi, nessun risarcimento per la tragedia che ha distrutto la vita di una famiglia di Limbiate. In tanti ricorderanno","og_url":"https:\/\/www.ilnotiziario.net\/wp\/brianza\/limbiate-auto-mamma-figli-villoresi-nessun-risarcimento\/","og_site_name":"Il Notiziario","article_publisher":"https:\/\/www.facebook.com\/ilnotiziarioind\/","article_published_time":"2021-06-24T06:30:01+00:00","article_modified_time":"2021-06-24T06:30:48+00:00","og_image":[{"width":680,"height":510,"url":"https:\/\/www.ilnotiziario.net\/wp\/wp-content\/uploads\/2021\/06\/Auto-Villoresi-WEB.jpg","type":"image\/jpeg"}],"author":"Gabriele Bassani","twitter_card":"summary_large_image","twitter_creator":"@ilNotiziarioInd","twitter_site":"@ilNotiziarioInd","twitter_misc":{"Scritto da":"Gabriele Bassani","Tempo di lettura stimato":"4 minuti"},"schema":{"@context":"https:\/\/schema.org","@graph":[{"@type":"Article","@id":"https:\/\/www.ilnotiziario.net\/wp\/brianza\/limbiate-auto-mamma-figli-villoresi-nessun-risarcimento\/#article","isPartOf":{"@id":"https:\/\/www.ilnotiziario.net\/wp\/brianza\/limbiate-auto-mamma-figli-villoresi-nessun-risarcimento\/"},"author":{"name":"Gabriele Bassani","@id":"https:\/\/www.ilnotiziario.net\/wp\/#\/schema\/person\/386e222908f898bb41c033989482bbf2"},"headline":"Limbiate, auto con mamma e figli nel Villoresi, vite distrutte, nessun risarcimento","datePublished":"2021-06-24T06:30:01+00:00","dateModified":"2021-06-24T06:30:48+00:00","mainEntityOfPage":{"@id":"https:\/\/www.ilnotiziario.net\/wp\/brianza\/limbiate-auto-mamma-figli-villoresi-nessun-risarcimento\/"},"wordCount":850,"publisher":{"@id":"https:\/\/www.ilnotiziario.net\/wp\/#organization"},"image":{"@id":"https:\/\/www.ilnotiziario.net\/wp\/brianza\/limbiate-auto-mamma-figli-villoresi-nessun-risarcimento\/#primaryimage"},"thumbnailUrl":"https:\/\/www.ilnotiziario.net\/wp\/wp-content\/uploads\/2021\/06\/Auto-Villoresi-WEB.jpg","keywords":["auto","bambini","canale","famiglia","incidente","Limbiate","mamma","risarcimento","tragedia","Villoresi"],"articleSection":["BRIANZA","NORD MILANO","Prima Pagina"],"inLanguage":"it-IT"},{"@type":"WebPage","@id":"https:\/\/www.ilnotiziario.net\/wp\/brianza\/limbiate-auto-mamma-figli-villoresi-nessun-risarcimento\/","url":"https:\/\/www.ilnotiziario.net\/wp\/brianza\/limbiate-auto-mamma-figli-villoresi-nessun-risarcimento\/","name":"Limbiate, auto con mamma e figli nel Villoresi, vite distrutte, nessun risarcimento - Il Notiziario","isPartOf":{"@id":"https:\/\/www.ilnotiziario.net\/wp\/#website"},"primaryImageOfPage":{"@id":"https:\/\/www.ilnotiziario.net\/wp\/brianza\/limbiate-auto-mamma-figli-villoresi-nessun-risarcimento\/#primaryimage"},"image":{"@id":"https:\/\/www.ilnotiziario.net\/wp\/brianza\/limbiate-auto-mamma-figli-villoresi-nessun-risarcimento\/#primaryimage"},"thumbnailUrl":"https:\/\/www.ilnotiziario.net\/wp\/wp-content\/uploads\/2021\/06\/Auto-Villoresi-WEB.jpg","datePublished":"2021-06-24T06:30:01+00:00","dateModified":"2021-06-24T06:30:48+00:00","description":"Auto con madre e figli nel Villoresi, nessun risarcimento per la tragedia che ha distrutto la vita di una famiglia di Limbiate. In tanti ricorderanno","breadcrumb":{"@id":"https:\/\/www.ilnotiziario.net\/wp\/brianza\/limbiate-auto-mamma-figli-villoresi-nessun-risarcimento\/#breadcrumb"},"inLanguage":"it-IT","potentialAction":[{"@type":"ReadAction","target":["https:\/\/www.ilnotiziario.net\/wp\/brianza\/limbiate-auto-mamma-figli-villoresi-nessun-risarcimento\/"]}]},{"@type":"ImageObject","inLanguage":"it-IT","@id":"https:\/\/www.ilnotiziario.net\/wp\/brianza\/limbiate-auto-mamma-figli-villoresi-nessun-risarcimento\/#primaryimage","url":"https:\/\/www.ilnotiziario.net\/wp\/wp-content\/uploads\/2021\/06\/Auto-Villoresi-WEB.jpg","contentUrl":"https:\/\/www.ilnotiziario.net\/wp\/wp-content\/uploads\/2021\/06\/Auto-Villoresi-WEB.jpg","width":680,"height":510,"caption":"limbiate auto villoresi"},{"@type":"BreadcrumbList","@id":"https:\/\/www.ilnotiziario.net\/wp\/brianza\/limbiate-auto-mamma-figli-villoresi-nessun-risarcimento\/#breadcrumb","itemListElement":[{"@type":"ListItem","position":1,"name":"tds_text_logo_tagline_colortds_text_logo_tagline_colortds_text_logo_tagline_colortds_text_logo_tagline_colortd_module_7_title_excerpttd_module_7_title_excerpttd_module_7_title_excerpttd_module_7_title_excerptHome","item":"https:\/\/www.ilnotiziario.net\/wp\/"},{"@type":"ListItem","position":2,"name":"Limbiate, auto con mamma e figli nel Villoresi, vite distrutte, nessun risarcimento"}]},{"@type":"WebSite","@id":"https:\/\/www.ilnotiziario.net\/wp\/#website","url":"https:\/\/www.ilnotiziario.net\/wp\/","name":"Il Notiziario","description":"Per restare sempre connessi alla notizia","publisher":{"@id":"https:\/\/www.ilnotiziario.net\/wp\/#organization"},"alternateName":"Il Notiziario Bollate","potentialAction":[{"@type":"SearchAction","target":{"@type":"EntryPoint","urlTemplate":"https:\/\/www.ilnotiziario.net\/wp\/?s={search_term_string}"},"query-input":{"@type":"PropertyValueSpecification","valueRequired":true,"valueName":"search_term_string"}}],"inLanguage":"it-IT"},{"@type":"Organization","@id":"https:\/\/www.ilnotiziario.net\/wp\/#organization","name":"Il Notiziario","url":"https:\/\/www.ilnotiziario.net\/wp\/","logo":{"@type":"ImageObject","inLanguage":"it-IT","@id":"https:\/\/www.ilnotiziario.net\/wp\/#\/schema\/logo\/image\/","url":"https:\/\/www.ilnotiziario.net\/wp\/wp-content\/uploads\/2022\/06\/170x170ilN.png","contentUrl":"https:\/\/www.ilnotiziario.net\/wp\/wp-content\/uploads\/2022\/06\/170x170ilN.png","width":355,"height":355,"caption":"Il Notiziario"},"image":{"@id":"https:\/\/www.ilnotiziario.net\/wp\/#\/schema\/logo\/image\/"},"sameAs":["https:\/\/www.facebook.com\/ilnotiziarioind\/","https:\/\/x.com\/ilNotiziarioInd","https:\/\/www.instagram.com\/ilnotiziario_settimanale\/"]},{"@type":"Person","@id":"https:\/\/www.ilnotiziario.net\/wp\/#\/schema\/person\/386e222908f898bb41c033989482bbf2","name":"Gabriele Bassani","image":{"@type":"ImageObject","inLanguage":"it-IT","@id":"https:\/\/secure.gravatar.com\/avatar\/09274f4a84fa97698bde56f84b3afed61c8492d48b0550db9671b68c177479cb?s=96&d=mm&r=g","url":"https:\/\/secure.gravatar.com\/avatar\/09274f4a84fa97698bde56f84b3afed61c8492d48b0550db9671b68c177479cb?s=96&d=mm&r=g","contentUrl":"https:\/\/secure.gravatar.com\/avatar\/09274f4a84fa97698bde56f84b3afed61c8492d48b0550db9671b68c177479cb?s=96&d=mm&r=g","caption":"Gabriele Bassani"},"sameAs":["http:\/\/www.ilnotiziario.net"]}]}},"_links":{"self":[{"href":"https:\/\/www.ilnotiziario.net\/wp\/wp-json\/wp\/v2\/posts\/153531","targetHints":{"allow":["GET"]}}],"collection":[{"href":"https:\/\/www.ilnotiziario.net\/wp\/wp-json\/wp\/v2\/posts"}],"about":[{"href":"https:\/\/www.ilnotiziario.net\/wp\/wp-json\/wp\/v2\/types\/post"}],"author":[{"embeddable":true,"href":"https:\/\/www.ilnotiziario.net\/wp\/wp-json\/wp\/v2\/users\/3"}],"replies":[{"embeddable":true,"href":"https:\/\/www.ilnotiziario.net\/wp\/wp-json\/wp\/v2\/comments?post=153531"}],"version-history":[{"count":0,"href":"https:\/\/www.ilnotiziario.net\/wp\/wp-json\/wp\/v2\/posts\/153531\/revisions"}],"wp:featuredmedia":[{"embeddable":true,"href":"https:\/\/www.ilnotiziario.net\/wp\/wp-json\/wp\/v2\/media\/153532"}],"wp:attachment":[{"href":"https:\/\/www.ilnotiziario.net\/wp\/wp-json\/wp\/v2\/media?parent=153531"}],"wp:term":[{"taxonomy":"category","embeddable":true,"href":"https:\/\/www.ilnotiziario.net\/wp\/wp-json\/wp\/v2\/categories?post=153531"},{"taxonomy":"post_tag","embeddable":true,"href":"https:\/\/www.ilnotiziario.net\/wp\/wp-json\/wp\/v2\/tags?post=153531"}],"curies":[{"name":"wp","href":"https:\/\/api.w.org\/{rel}","templated":true}]}}