{"id":153539,"date":"2021-06-24T08:49:24","date_gmt":"2021-06-24T06:49:24","guid":{"rendered":"https:\/\/www.ilnotiziario.net\/wp\/?p=153539"},"modified":"2021-06-24T10:06:50","modified_gmt":"2021-06-24T08:06:50","slug":"qualita-della-vita-dopo-covid","status":"publish","type":"post","link":"https:\/\/www.ilnotiziario.net\/wp\/editoriali\/qualita-della-vita-dopo-covid\/","title":{"rendered":"La qualit\u00e0 della vita dopo il Covid"},"content":{"rendered":"<figure id=\"attachment_153540\" aria-describedby=\"caption-attachment-153540\" style=\"width: 640px\" class=\"wp-caption aligncenter\"><img fetchpriority=\"high\" decoding=\"async\" class=\"wp-image-153540 size-full\" src=\"https:\/\/www.ilnotiziario.net\/wp\/wp-content\/uploads\/2021\/06\/tramonto-coppia-vita-qualita.jpg\" alt=\" qualit\u00e0 vita \" width=\"640\" height=\"371\" srcset=\"https:\/\/www.ilnotiziario.net\/wp\/wp-content\/uploads\/2021\/06\/tramonto-coppia-vita-qualita.jpg 640w, https:\/\/www.ilnotiziario.net\/wp\/wp-content\/uploads\/2021\/06\/tramonto-coppia-vita-qualita-300x174.jpg 300w\" sizes=\"(max-width: 640px) 100vw, 640px\" \/><figcaption id=\"caption-attachment-153540\" class=\"wp-caption-text\">Foto di <a href=\"https:\/\/pixabay.com\/it\/users\/mohamed_hassan-5229782\/?utm_source=link-attribution&amp;utm_medium=referral&amp;utm_campaign=image&amp;utm_content=3754082\">mohamed Hassan<\/a> da <a href=\"https:\/\/pixabay.com\/it\/?utm_source=link-attribution&amp;utm_medium=referral&amp;utm_campaign=image&amp;utm_content=3754082\">Pixabay<\/a><\/figcaption><\/figure>\n<p>Il Covid ha portato nell\u2019ultimo anno grossi cambiamenti nelle nostre vite, ma non \u00e8 detto che siano tutti negativi. Molti di voi avranno letto sui giornali che, con la \u201cripartenza\u201d, si \u00e8 scoperta una drammatica carenza di camerieri nei ristoranti. Perch\u00e8? Perch\u00e9 mentre i locali erano chiusi tanti camerieri hanno cercato lavori alternativi e vi si sono affezionati, al punto da non voler pi\u00f9 tornare indietro.<\/p><div id=\"ilnot-2510243900\" class=\"ilnot-contenuto ilnot-entity-placement\"><p><!-- incontent_1 --><\/p>\n<div class=\"gptslot\" data-adunitid=\"1\"><\/div>\n<\/div>\n<p>So per esempio di un capo cameriere di un locale che ha cominciato a lavorare come manovale in un cantiere e, al momento di tornare al vecchio lavoro, ha detto di no. Ma so anche di una giovane donna che aveva un prestigioso lavoro nell\u2019area della ristorazione in centro a Milano, durante il lockdown ha cominciato a insegnare in una scuola e ora mi racconta di essere la donna pi\u00f9 felice del mondo: ha riscoperto la bellezza di stare coi bambini, il piacere di vivere la propria cittadina, la possibilit\u00e0 di godersi la sua famiglia\u2026<\/p>\n<p>Queste sono situazioni che mi fanno riflettere: a volte ci facciamo travolgere dal lavoro al punto che non riusciamo pi\u00f9 a fermarci; deve arrivare un virus per costringerci a staccare la spina, a riflettere e pensare alla qualit\u00e0 della nostra vita.<\/p><div id=\"ilnot-942496174\" class=\"ilnot-contenuto_2 ilnot-entity-placement\"><div class=\"ads-wrapper\">\n<div class=\"ad-slot\">\n   <div id=\"ilnot-3352861001\" style=\"margin-right: auto;margin-left: auto;text-align: center;width: 320px;height: 100px;\"><a href=\"https:\/\/www.scuolasicurezza.it\/\"><img decoding=\"async\" src=\"https:\/\/www.ilnotiziario.net\/wp\/wp-content\/uploads\/2026\/04\/IlNotiziario_banner-sito-e-newsletter-320-x-100-px-1.gif\" alt=\"\"><\/a><\/div>\n  <\/div>\n<div class=\"ad-slot\">\n   <div id=\"ilnot-3111412557\" style=\"margin-right: auto;margin-left: auto;text-align: center;width: 320px;height: 100px;\"><a href=\"https:\/\/purodesignarredamenti.com\/\"><img decoding=\"async\" src=\"https:\/\/www.ilnotiziario.net\/wp\/wp-content\/uploads\/2026\/04\/banner-puro-ok.gif\" alt=\"whatsapp\"><\/a><\/div><\/p><\/div>\n<\/div>\n<\/div>\n<p>Qualcuno, nella sfortuna, ha avuto questa fortuna, altri invece no, non si sono mai fermati e dunque non hanno potuto riflettere davvero. Ma siamo proprio sicuri che la vita che facciamo sia la migliore e che non ci sia davvero modo di cambiarla?<\/p>\n<p><strong>Piero Uboldi<\/strong><\/p>\n","protected":false},"excerpt":{"rendered":"<p>Il Covid ha portato nell\u2019ultimo anno grossi cambiamenti nelle nostre vite, ma non \u00e8 detto che siano tutti negativi. Molti di voi avranno letto sui giornali che, con la \u201cripartenza\u201d, si \u00e8 scoperta una drammatica carenza di camerieri nei ristoranti. Perch\u00e8? Perch\u00e9 mentre i locali erano chiusi tanti camerieri hanno cercato lavori alternativi e vi<\/p>\n","protected":false},"author":3,"featured_media":153540,"comment_status":"closed","ping_status":"closed","sticky":false,"template":"","format":"standard","meta":{"footnotes":""},"categories":[3431],"tags":[7244,61,8931,62,6325],"class_list":{"0":"post-153539","1":"post","2":"type-post","3":"status-publish","4":"format-standard","5":"has-post-thumbnail","7":"category-editoriali","8":"tag-covid","9":"tag-editoriale","10":"tag-qualita","11":"tag-uboldi","12":"tag-vita"},"yoast_head":"<!-- This site is optimized with the Yoast SEO plugin v27.5 - https:\/\/yoast.com\/product\/yoast-seo-wordpress\/ -->\n<title>La qualit\u00e0 della vita dopo il Covid - Il Notiziario<\/title>\n<meta name=\"description\" content=\"Il Covid ha portato nell\u2019ultimo anno grossi cambiamenti nelle nostre vite, ma non \u00e8 detto che siano tutti negativi. Molti di voi avranno letto sui\" \/>\n<meta name=\"robots\" content=\"index, follow, max-snippet:-1, max-image-preview:large, max-video-preview:-1\" \/>\n<link rel=\"canonical\" href=\"https:\/\/www.ilnotiziario.net\/wp\/editoriali\/qualita-della-vita-dopo-covid\/\" \/>\n<meta property=\"og:locale\" content=\"it_IT\" \/>\n<meta property=\"og:type\" content=\"article\" \/>\n<meta property=\"og:title\" content=\"La qualit\u00e0 della vita dopo il Covid - Il Notiziario\" \/>\n<meta property=\"og:description\" content=\"Il Covid ha portato nell\u2019ultimo anno grossi cambiamenti nelle nostre vite, ma non \u00e8 detto che siano tutti negativi. Molti di voi avranno letto sui\" \/>\n<meta property=\"og:url\" content=\"https:\/\/www.ilnotiziario.net\/wp\/editoriali\/qualita-della-vita-dopo-covid\/\" \/>\n<meta property=\"og:site_name\" content=\"Il Notiziario\" \/>\n<meta property=\"article:publisher\" content=\"https:\/\/www.facebook.com\/ilnotiziarioind\/\" \/>\n<meta property=\"article:published_time\" content=\"2021-06-24T06:49:24+00:00\" \/>\n<meta property=\"article:modified_time\" content=\"2021-06-24T08:06:50+00:00\" \/>\n<meta property=\"og:image\" content=\"https:\/\/www.ilnotiziario.net\/wp\/wp-content\/uploads\/2021\/06\/tramonto-coppia-vita-qualita.jpg\" \/>\n\t<meta property=\"og:image:width\" content=\"640\" \/>\n\t<meta property=\"og:image:height\" content=\"371\" \/>\n\t<meta property=\"og:image:type\" content=\"image\/jpeg\" \/>\n<meta name=\"author\" content=\"Gabriele Bassani\" \/>\n<meta name=\"twitter:card\" content=\"summary_large_image\" \/>\n<meta name=\"twitter:creator\" content=\"@ilNotiziarioInd\" \/>\n<meta name=\"twitter:site\" content=\"@ilNotiziarioInd\" \/>\n<meta name=\"twitter:label1\" content=\"Scritto da\" \/>\n\t<meta name=\"twitter:data1\" content=\"Gabriele Bassani\" \/>\n\t<meta name=\"twitter:label2\" content=\"Tempo di lettura stimato\" \/>\n\t<meta name=\"twitter:data2\" content=\"2 minuti\" \/>\n<script type=\"application\/ld+json\" class=\"yoast-schema-graph\">{\"@context\":\"https:\\\/\\\/schema.org\",\"@graph\":[{\"@type\":\"Article\",\"@id\":\"https:\\\/\\\/www.ilnotiziario.net\\\/wp\\\/editoriali\\\/qualita-della-vita-dopo-covid\\\/#article\",\"isPartOf\":{\"@id\":\"https:\\\/\\\/www.ilnotiziario.net\\\/wp\\\/editoriali\\\/qualita-della-vita-dopo-covid\\\/\"},\"author\":{\"name\":\"Gabriele Bassani\",\"@id\":\"https:\\\/\\\/www.ilnotiziario.net\\\/wp\\\/#\\\/schema\\\/person\\\/386e222908f898bb41c033989482bbf2\"},\"headline\":\"La qualit\u00e0 della vita dopo il Covid\",\"datePublished\":\"2021-06-24T06:49:24+00:00\",\"dateModified\":\"2021-06-24T08:06:50+00:00\",\"mainEntityOfPage\":{\"@id\":\"https:\\\/\\\/www.ilnotiziario.net\\\/wp\\\/editoriali\\\/qualita-della-vita-dopo-covid\\\/\"},\"wordCount\":267,\"publisher\":{\"@id\":\"https:\\\/\\\/www.ilnotiziario.net\\\/wp\\\/#organization\"},\"image\":{\"@id\":\"https:\\\/\\\/www.ilnotiziario.net\\\/wp\\\/editoriali\\\/qualita-della-vita-dopo-covid\\\/#primaryimage\"},\"thumbnailUrl\":\"https:\\\/\\\/www.ilnotiziario.net\\\/wp\\\/wp-content\\\/uploads\\\/2021\\\/06\\\/tramonto-coppia-vita-qualita.jpg\",\"keywords\":[\"covid\",\"editoriale\",\"qualit\u00e0\",\"Uboldi\",\"vita\"],\"articleSection\":[\"EDITORIALI\"],\"inLanguage\":\"it-IT\"},{\"@type\":\"WebPage\",\"@id\":\"https:\\\/\\\/www.ilnotiziario.net\\\/wp\\\/editoriali\\\/qualita-della-vita-dopo-covid\\\/\",\"url\":\"https:\\\/\\\/www.ilnotiziario.net\\\/wp\\\/editoriali\\\/qualita-della-vita-dopo-covid\\\/\",\"name\":\"La qualit\u00e0 della vita dopo il Covid - Il Notiziario\",\"isPartOf\":{\"@id\":\"https:\\\/\\\/www.ilnotiziario.net\\\/wp\\\/#website\"},\"primaryImageOfPage\":{\"@id\":\"https:\\\/\\\/www.ilnotiziario.net\\\/wp\\\/editoriali\\\/qualita-della-vita-dopo-covid\\\/#primaryimage\"},\"image\":{\"@id\":\"https:\\\/\\\/www.ilnotiziario.net\\\/wp\\\/editoriali\\\/qualita-della-vita-dopo-covid\\\/#primaryimage\"},\"thumbnailUrl\":\"https:\\\/\\\/www.ilnotiziario.net\\\/wp\\\/wp-content\\\/uploads\\\/2021\\\/06\\\/tramonto-coppia-vita-qualita.jpg\",\"datePublished\":\"2021-06-24T06:49:24+00:00\",\"dateModified\":\"2021-06-24T08:06:50+00:00\",\"description\":\"Il Covid ha portato nell\u2019ultimo anno grossi cambiamenti nelle nostre vite, ma non \u00e8 detto che siano tutti negativi. Molti di voi avranno letto sui\",\"breadcrumb\":{\"@id\":\"https:\\\/\\\/www.ilnotiziario.net\\\/wp\\\/editoriali\\\/qualita-della-vita-dopo-covid\\\/#breadcrumb\"},\"inLanguage\":\"it-IT\",\"potentialAction\":[{\"@type\":\"ReadAction\",\"target\":[\"https:\\\/\\\/www.ilnotiziario.net\\\/wp\\\/editoriali\\\/qualita-della-vita-dopo-covid\\\/\"]}]},{\"@type\":\"ImageObject\",\"inLanguage\":\"it-IT\",\"@id\":\"https:\\\/\\\/www.ilnotiziario.net\\\/wp\\\/editoriali\\\/qualita-della-vita-dopo-covid\\\/#primaryimage\",\"url\":\"https:\\\/\\\/www.ilnotiziario.net\\\/wp\\\/wp-content\\\/uploads\\\/2021\\\/06\\\/tramonto-coppia-vita-qualita.jpg\",\"contentUrl\":\"https:\\\/\\\/www.ilnotiziario.net\\\/wp\\\/wp-content\\\/uploads\\\/2021\\\/06\\\/tramonto-coppia-vita-qualita.jpg\",\"width\":640,\"height\":371,\"caption\":\"qualit\u00e0 vita\"},{\"@type\":\"BreadcrumbList\",\"@id\":\"https:\\\/\\\/www.ilnotiziario.net\\\/wp\\\/editoriali\\\/qualita-della-vita-dopo-covid\\\/#breadcrumb\",\"itemListElement\":[{\"@type\":\"ListItem\",\"position\":1,\"name\":\"tds_text_logo_tagline_colortds_text_logo_tagline_colortds_text_logo_tagline_colortds_text_logo_tagline_colortd_module_7_title_excerpttd_module_7_title_excerpttd_module_7_title_excerpttd_module_7_title_excerptHome\",\"item\":\"https:\\\/\\\/www.ilnotiziario.net\\\/wp\\\/\"},{\"@type\":\"ListItem\",\"position\":2,\"name\":\"La qualit\u00e0 della vita dopo il Covid\"}]},{\"@type\":\"WebSite\",\"@id\":\"https:\\\/\\\/www.ilnotiziario.net\\\/wp\\\/#website\",\"url\":\"https:\\\/\\\/www.ilnotiziario.net\\\/wp\\\/\",\"name\":\"Il Notiziario\",\"description\":\"Per restare sempre connessi alla notizia\",\"publisher\":{\"@id\":\"https:\\\/\\\/www.ilnotiziario.net\\\/wp\\\/#organization\"},\"alternateName\":\"Il Notiziario Bollate\",\"potentialAction\":[{\"@type\":\"SearchAction\",\"target\":{\"@type\":\"EntryPoint\",\"urlTemplate\":\"https:\\\/\\\/www.ilnotiziario.net\\\/wp\\\/?s={search_term_string}\"},\"query-input\":{\"@type\":\"PropertyValueSpecification\",\"valueRequired\":true,\"valueName\":\"search_term_string\"}}],\"inLanguage\":\"it-IT\"},{\"@type\":\"Organization\",\"@id\":\"https:\\\/\\\/www.ilnotiziario.net\\\/wp\\\/#organization\",\"name\":\"Il Notiziario\",\"url\":\"https:\\\/\\\/www.ilnotiziario.net\\\/wp\\\/\",\"logo\":{\"@type\":\"ImageObject\",\"inLanguage\":\"it-IT\",\"@id\":\"https:\\\/\\\/www.ilnotiziario.net\\\/wp\\\/#\\\/schema\\\/logo\\\/image\\\/\",\"url\":\"https:\\\/\\\/www.ilnotiziario.net\\\/wp\\\/wp-content\\\/uploads\\\/2022\\\/06\\\/170x170ilN.png\",\"contentUrl\":\"https:\\\/\\\/www.ilnotiziario.net\\\/wp\\\/wp-content\\\/uploads\\\/2022\\\/06\\\/170x170ilN.png\",\"width\":355,\"height\":355,\"caption\":\"Il Notiziario\"},\"image\":{\"@id\":\"https:\\\/\\\/www.ilnotiziario.net\\\/wp\\\/#\\\/schema\\\/logo\\\/image\\\/\"},\"sameAs\":[\"https:\\\/\\\/www.facebook.com\\\/ilnotiziarioind\\\/\",\"https:\\\/\\\/x.com\\\/ilNotiziarioInd\",\"https:\\\/\\\/www.instagram.com\\\/ilnotiziario_settimanale\\\/\"]},{\"@type\":\"Person\",\"@id\":\"https:\\\/\\\/www.ilnotiziario.net\\\/wp\\\/#\\\/schema\\\/person\\\/386e222908f898bb41c033989482bbf2\",\"name\":\"Gabriele Bassani\",\"image\":{\"@type\":\"ImageObject\",\"inLanguage\":\"it-IT\",\"@id\":\"https:\\\/\\\/secure.gravatar.com\\\/avatar\\\/09274f4a84fa97698bde56f84b3afed61c8492d48b0550db9671b68c177479cb?s=96&d=mm&r=g\",\"url\":\"https:\\\/\\\/secure.gravatar.com\\\/avatar\\\/09274f4a84fa97698bde56f84b3afed61c8492d48b0550db9671b68c177479cb?s=96&d=mm&r=g\",\"contentUrl\":\"https:\\\/\\\/secure.gravatar.com\\\/avatar\\\/09274f4a84fa97698bde56f84b3afed61c8492d48b0550db9671b68c177479cb?s=96&d=mm&r=g\",\"caption\":\"Gabriele Bassani\"},\"sameAs\":[\"http:\\\/\\\/www.ilnotiziario.net\"]}]}<\/script>\n<!-- \/ Yoast SEO plugin. -->","yoast_head_json":{"title":"La qualit\u00e0 della vita dopo il Covid - Il Notiziario","description":"Il Covid ha portato nell\u2019ultimo anno grossi cambiamenti nelle nostre vite, ma non \u00e8 detto che siano tutti negativi. Molti di voi avranno letto sui","robots":{"index":"index","follow":"follow","max-snippet":"max-snippet:-1","max-image-preview":"max-image-preview:large","max-video-preview":"max-video-preview:-1"},"canonical":"https:\/\/www.ilnotiziario.net\/wp\/editoriali\/qualita-della-vita-dopo-covid\/","og_locale":"it_IT","og_type":"article","og_title":"La qualit\u00e0 della vita dopo il Covid - Il Notiziario","og_description":"Il Covid ha portato nell\u2019ultimo anno grossi cambiamenti nelle nostre vite, ma non \u00e8 detto che siano tutti negativi. Molti di voi avranno letto sui","og_url":"https:\/\/www.ilnotiziario.net\/wp\/editoriali\/qualita-della-vita-dopo-covid\/","og_site_name":"Il Notiziario","article_publisher":"https:\/\/www.facebook.com\/ilnotiziarioind\/","article_published_time":"2021-06-24T06:49:24+00:00","article_modified_time":"2021-06-24T08:06:50+00:00","og_image":[{"width":640,"height":371,"url":"https:\/\/www.ilnotiziario.net\/wp\/wp-content\/uploads\/2021\/06\/tramonto-coppia-vita-qualita.jpg","type":"image\/jpeg"}],"author":"Gabriele Bassani","twitter_card":"summary_large_image","twitter_creator":"@ilNotiziarioInd","twitter_site":"@ilNotiziarioInd","twitter_misc":{"Scritto da":"Gabriele Bassani","Tempo di lettura stimato":"2 minuti"},"schema":{"@context":"https:\/\/schema.org","@graph":[{"@type":"Article","@id":"https:\/\/www.ilnotiziario.net\/wp\/editoriali\/qualita-della-vita-dopo-covid\/#article","isPartOf":{"@id":"https:\/\/www.ilnotiziario.net\/wp\/editoriali\/qualita-della-vita-dopo-covid\/"},"author":{"name":"Gabriele Bassani","@id":"https:\/\/www.ilnotiziario.net\/wp\/#\/schema\/person\/386e222908f898bb41c033989482bbf2"},"headline":"La qualit\u00e0 della vita dopo il Covid","datePublished":"2021-06-24T06:49:24+00:00","dateModified":"2021-06-24T08:06:50+00:00","mainEntityOfPage":{"@id":"https:\/\/www.ilnotiziario.net\/wp\/editoriali\/qualita-della-vita-dopo-covid\/"},"wordCount":267,"publisher":{"@id":"https:\/\/www.ilnotiziario.net\/wp\/#organization"},"image":{"@id":"https:\/\/www.ilnotiziario.net\/wp\/editoriali\/qualita-della-vita-dopo-covid\/#primaryimage"},"thumbnailUrl":"https:\/\/www.ilnotiziario.net\/wp\/wp-content\/uploads\/2021\/06\/tramonto-coppia-vita-qualita.jpg","keywords":["covid","editoriale","qualit\u00e0","Uboldi","vita"],"articleSection":["EDITORIALI"],"inLanguage":"it-IT"},{"@type":"WebPage","@id":"https:\/\/www.ilnotiziario.net\/wp\/editoriali\/qualita-della-vita-dopo-covid\/","url":"https:\/\/www.ilnotiziario.net\/wp\/editoriali\/qualita-della-vita-dopo-covid\/","name":"La qualit\u00e0 della vita dopo il Covid - Il Notiziario","isPartOf":{"@id":"https:\/\/www.ilnotiziario.net\/wp\/#website"},"primaryImageOfPage":{"@id":"https:\/\/www.ilnotiziario.net\/wp\/editoriali\/qualita-della-vita-dopo-covid\/#primaryimage"},"image":{"@id":"https:\/\/www.ilnotiziario.net\/wp\/editoriali\/qualita-della-vita-dopo-covid\/#primaryimage"},"thumbnailUrl":"https:\/\/www.ilnotiziario.net\/wp\/wp-content\/uploads\/2021\/06\/tramonto-coppia-vita-qualita.jpg","datePublished":"2021-06-24T06:49:24+00:00","dateModified":"2021-06-24T08:06:50+00:00","description":"Il Covid ha portato nell\u2019ultimo anno grossi cambiamenti nelle nostre vite, ma non \u00e8 detto che siano tutti negativi. Molti di voi avranno letto sui","breadcrumb":{"@id":"https:\/\/www.ilnotiziario.net\/wp\/editoriali\/qualita-della-vita-dopo-covid\/#breadcrumb"},"inLanguage":"it-IT","potentialAction":[{"@type":"ReadAction","target":["https:\/\/www.ilnotiziario.net\/wp\/editoriali\/qualita-della-vita-dopo-covid\/"]}]},{"@type":"ImageObject","inLanguage":"it-IT","@id":"https:\/\/www.ilnotiziario.net\/wp\/editoriali\/qualita-della-vita-dopo-covid\/#primaryimage","url":"https:\/\/www.ilnotiziario.net\/wp\/wp-content\/uploads\/2021\/06\/tramonto-coppia-vita-qualita.jpg","contentUrl":"https:\/\/www.ilnotiziario.net\/wp\/wp-content\/uploads\/2021\/06\/tramonto-coppia-vita-qualita.jpg","width":640,"height":371,"caption":"qualit\u00e0 vita"},{"@type":"BreadcrumbList","@id":"https:\/\/www.ilnotiziario.net\/wp\/editoriali\/qualita-della-vita-dopo-covid\/#breadcrumb","itemListElement":[{"@type":"ListItem","position":1,"name":"tds_text_logo_tagline_colortds_text_logo_tagline_colortds_text_logo_tagline_colortds_text_logo_tagline_colortd_module_7_title_excerpttd_module_7_title_excerpttd_module_7_title_excerpttd_module_7_title_excerptHome","item":"https:\/\/www.ilnotiziario.net\/wp\/"},{"@type":"ListItem","position":2,"name":"La qualit\u00e0 della vita dopo il Covid"}]},{"@type":"WebSite","@id":"https:\/\/www.ilnotiziario.net\/wp\/#website","url":"https:\/\/www.ilnotiziario.net\/wp\/","name":"Il Notiziario","description":"Per restare sempre connessi alla notizia","publisher":{"@id":"https:\/\/www.ilnotiziario.net\/wp\/#organization"},"alternateName":"Il Notiziario Bollate","potentialAction":[{"@type":"SearchAction","target":{"@type":"EntryPoint","urlTemplate":"https:\/\/www.ilnotiziario.net\/wp\/?s={search_term_string}"},"query-input":{"@type":"PropertyValueSpecification","valueRequired":true,"valueName":"search_term_string"}}],"inLanguage":"it-IT"},{"@type":"Organization","@id":"https:\/\/www.ilnotiziario.net\/wp\/#organization","name":"Il Notiziario","url":"https:\/\/www.ilnotiziario.net\/wp\/","logo":{"@type":"ImageObject","inLanguage":"it-IT","@id":"https:\/\/www.ilnotiziario.net\/wp\/#\/schema\/logo\/image\/","url":"https:\/\/www.ilnotiziario.net\/wp\/wp-content\/uploads\/2022\/06\/170x170ilN.png","contentUrl":"https:\/\/www.ilnotiziario.net\/wp\/wp-content\/uploads\/2022\/06\/170x170ilN.png","width":355,"height":355,"caption":"Il Notiziario"},"image":{"@id":"https:\/\/www.ilnotiziario.net\/wp\/#\/schema\/logo\/image\/"},"sameAs":["https:\/\/www.facebook.com\/ilnotiziarioind\/","https:\/\/x.com\/ilNotiziarioInd","https:\/\/www.instagram.com\/ilnotiziario_settimanale\/"]},{"@type":"Person","@id":"https:\/\/www.ilnotiziario.net\/wp\/#\/schema\/person\/386e222908f898bb41c033989482bbf2","name":"Gabriele Bassani","image":{"@type":"ImageObject","inLanguage":"it-IT","@id":"https:\/\/secure.gravatar.com\/avatar\/09274f4a84fa97698bde56f84b3afed61c8492d48b0550db9671b68c177479cb?s=96&d=mm&r=g","url":"https:\/\/secure.gravatar.com\/avatar\/09274f4a84fa97698bde56f84b3afed61c8492d48b0550db9671b68c177479cb?s=96&d=mm&r=g","contentUrl":"https:\/\/secure.gravatar.com\/avatar\/09274f4a84fa97698bde56f84b3afed61c8492d48b0550db9671b68c177479cb?s=96&d=mm&r=g","caption":"Gabriele Bassani"},"sameAs":["http:\/\/www.ilnotiziario.net"]}]}},"_links":{"self":[{"href":"https:\/\/www.ilnotiziario.net\/wp\/wp-json\/wp\/v2\/posts\/153539","targetHints":{"allow":["GET"]}}],"collection":[{"href":"https:\/\/www.ilnotiziario.net\/wp\/wp-json\/wp\/v2\/posts"}],"about":[{"href":"https:\/\/www.ilnotiziario.net\/wp\/wp-json\/wp\/v2\/types\/post"}],"author":[{"embeddable":true,"href":"https:\/\/www.ilnotiziario.net\/wp\/wp-json\/wp\/v2\/users\/3"}],"replies":[{"embeddable":true,"href":"https:\/\/www.ilnotiziario.net\/wp\/wp-json\/wp\/v2\/comments?post=153539"}],"version-history":[{"count":0,"href":"https:\/\/www.ilnotiziario.net\/wp\/wp-json\/wp\/v2\/posts\/153539\/revisions"}],"wp:featuredmedia":[{"embeddable":true,"href":"https:\/\/www.ilnotiziario.net\/wp\/wp-json\/wp\/v2\/media\/153540"}],"wp:attachment":[{"href":"https:\/\/www.ilnotiziario.net\/wp\/wp-json\/wp\/v2\/media?parent=153539"}],"wp:term":[{"taxonomy":"category","embeddable":true,"href":"https:\/\/www.ilnotiziario.net\/wp\/wp-json\/wp\/v2\/categories?post=153539"},{"taxonomy":"post_tag","embeddable":true,"href":"https:\/\/www.ilnotiziario.net\/wp\/wp-json\/wp\/v2\/tags?post=153539"}],"curies":[{"name":"wp","href":"https:\/\/api.w.org\/{rel}","templated":true}]}}