{"id":154216,"date":"2021-07-13T09:47:22","date_gmt":"2021-07-13T07:47:22","guid":{"rendered":"https:\/\/www.ilnotiziario.net\/wp\/?p=154216"},"modified":"2021-07-13T09:47:22","modified_gmt":"2021-07-13T07:47:22","slug":"centri-estivi-regione-finanzia-turate-cesate-bollate-saronno-paderno","status":"publish","type":"post","link":"https:\/\/www.ilnotiziario.net\/wp\/prima-pagina\/centri-estivi-regione-finanzia-turate-cesate-bollate-saronno-paderno\/","title":{"rendered":"Centri estivi, la Regione finanzia solo Turate e Cesate: esclusi Bollate, Saronno, Paderno e altri"},"content":{"rendered":"<p><img fetchpriority=\"high\" decoding=\"async\" class=\"aligncenter size-full wp-image-70625\" src=\"https:\/\/www.ilnotiziario.net\/wp\/wp-content\/uploads\/2020\/05\/centri-estivi-bambini-gioco.jpg\" alt=\"centri estivi\" width=\"640\" height=\"426\" srcset=\"https:\/\/www.ilnotiziario.net\/wp\/wp-content\/uploads\/2020\/05\/centri-estivi-bambini-gioco.jpg 640w, https:\/\/www.ilnotiziario.net\/wp\/wp-content\/uploads\/2020\/05\/centri-estivi-bambini-gioco-300x200.jpg 300w\" sizes=\"(max-width: 640px) 100vw, 640px\" \/>E\u2019 stata finalmente pubblicata solo venerd\u00ec sera, con grande ritardo, la graduatoria per il bando di finanziamento dei centri estivi da parte di Regione Lombardia.<br \/>\nDei 669 progetti presentati dai comuni, ne sono stati finanziati solo 136, con la copertura al 100%, <strong>lasciando a bocca asciutta moltissimi comuni che facevano affidamento su quelle risorse<\/strong> per far partire iniziative estive sul territorio rivolte a bambini e ragazzi e dare cos\u00ec un aiuto concreto alle famiglie.<\/p><div id=\"ilnot-202427772\" class=\"ilnot-contenuto ilnot-entity-placement\"><p><!-- incontent_1 --><\/p>\n<div class=\"gptslot\" data-adunitid=\"1\"><\/div>\n<\/div>\n<p>Il criterio utilizzato per l\u2019assegnazione dei finanziamenti \u00e8 stato esclusivamente quello della velocit\u00e0 dell\u2019inserimento della domanda nel giorno fissato, il 21 giugno, a partire dalle 12. I circa 13 milioni di euro disponibili complessivamente, sono andati esauriti nel giro di 18 minuti. L\u2019ultimo progetto finanziato \u00e8 stato quello di Marchirolo (Va), inserito alle 12,18 e 54 secondi, mentre per soli 5 secondi il primo degli esclusi \u00e8 stato Roccafranca (Bs). Tra i comuni della nostra zona<strong> \u00e8 stato finanziato il progetto di Cesate,<\/strong> posizione 121, che ha ottenuto 180mila euro <strong>e quello di Turate,<\/strong> che ha conquistato la posizione 133 (quartultimo tra i finanziati) ottenendo 132.240 euro.<\/p>\n<p>Tutti esclusi gli altri progetti presentati dai comuni della nostra zona: Bollate \u00e8 in posizione 451, Paderno Dugnano 501, Saronno 436, Novate Milanese, 223 (fuori per 7 minuti), Cogliate 261 (fuori per 10 minuti), Lazzate 333, Misinto 189 (fuori per 4 minuti), Arese 622, Origgio 203 (fuori per 5 minuti), Rovellasca 446, Cormano 353.<\/p><div id=\"ilnot-1529909402\" class=\"ilnot-contenuto_2 ilnot-entity-placement\"><div class=\"ads-wrapper\">\n<div class=\"ad-slot\">\n   <div id=\"ilnot-3419236579\" style=\"margin-right: auto;margin-left: auto;text-align: center;width: 320px;height: 100px;\"><a href=\"https:\/\/www.scuolasicurezza.it\/\"><img decoding=\"async\" src=\"https:\/\/www.ilnotiziario.net\/wp\/wp-content\/uploads\/2026\/04\/IlNotiziario_banner-sito-e-newsletter-320-x-100-px-1.gif\" alt=\"\"><\/a><\/div>\n  <\/div>\n<div class=\"ad-slot\">\n   <div id=\"ilnot-3210681819\" style=\"margin-right: auto;margin-left: auto;text-align: center;width: 320px;height: 100px;\"><a href=\"https:\/\/purodesignarredamenti.com\/\"><img decoding=\"async\" src=\"https:\/\/www.ilnotiziario.net\/wp\/wp-content\/uploads\/2026\/04\/banner-puro-ok.gif\" alt=\"whatsapp\"><\/a><\/div><\/p><\/div>\n<\/div>\n<\/div>\n<p>Un sistema di distribuzione di risorse che ha scontentato molti, in particolare i comuni pi\u00f9 piccoli che facevano affidamento su questo finanziamento per potere avviare progetti estivi per bambini e ragazzi sul territorio, <a href=\"https:\/\/www.ilnotiziario.net\/wp\/2021\/06\/16\/lombardia-centri-estivi-comuni-parrocchie-difficolta\/\"><strong>nonostante i ritardi della pubblicazione del bando e poi del successivo annullamento della prima versione<\/strong><\/a> dello stesso a causa di un problema tecnico di Regione Lombardia.<\/p>\n","protected":false},"excerpt":{"rendered":"<p>E\u2019 stata finalmente pubblicata solo venerd\u00ec sera, con grande ritardo, la graduatoria per il bando di finanziamento dei centri estivi da parte di Regione Lombardia. Dei 669 progetti presentati dai comuni, ne sono stati finanziati solo 136, con la copertura al 100%, lasciando a bocca asciutta moltissimi comuni che facevano affidamento su quelle risorse per<\/p>\n","protected":false},"author":3,"featured_media":70625,"comment_status":"closed","ping_status":"closed","sticky":false,"template":"","format":"standard","meta":{"footnotes":""},"categories":[11,20,13,14],"tags":[115,110,7245,3434,286,39,54,56,1023],"class_list":{"0":"post-154216","1":"post","2":"type-post","3":"status-publish","4":"format-standard","5":"has-post-thumbnail","7":"category-nord-milano","8":"category-prima-pagina","9":"category-saronnese","10":"category-saronno","11":"tag-arese","12":"tag-bollate","13":"tag-centri-estivi","14":"tag-cesate","15":"tag-cogliate","16":"tag-paderno-dugnano","17":"tag-regione-lombardia","18":"tag-saronno-2","19":"tag-turate"},"yoast_head":"<!-- This site is optimized with the Yoast SEO plugin v27.5 - https:\/\/yoast.com\/product\/yoast-seo-wordpress\/ -->\n<title>Centri estivi, la Regione finanzia solo Turate e Cesate: esclusi Bollate, Saronno, Paderno e altri - Il Notiziario<\/title>\n<meta name=\"description\" content=\"E\u2019 stata finalmente pubblicata solo venerd\u00ec sera, con grande ritardo, la graduatoria per il bando di finanziamento dei centri estivi da parte di Regione\" \/>\n<meta name=\"robots\" content=\"index, follow, max-snippet:-1, max-image-preview:large, max-video-preview:-1\" \/>\n<link rel=\"canonical\" href=\"https:\/\/www.ilnotiziario.net\/wp\/prima-pagina\/centri-estivi-regione-finanzia-turate-cesate-bollate-saronno-paderno\/\" \/>\n<meta property=\"og:locale\" content=\"it_IT\" \/>\n<meta property=\"og:type\" content=\"article\" \/>\n<meta property=\"og:title\" content=\"Centri estivi, la Regione finanzia solo Turate e Cesate: esclusi Bollate, Saronno, Paderno e altri - Il Notiziario\" \/>\n<meta property=\"og:description\" content=\"E\u2019 stata finalmente pubblicata solo venerd\u00ec sera, con grande ritardo, la graduatoria per il bando di finanziamento dei centri estivi da parte di Regione\" \/>\n<meta property=\"og:url\" content=\"https:\/\/www.ilnotiziario.net\/wp\/prima-pagina\/centri-estivi-regione-finanzia-turate-cesate-bollate-saronno-paderno\/\" \/>\n<meta property=\"og:site_name\" content=\"Il Notiziario\" \/>\n<meta property=\"article:publisher\" content=\"https:\/\/www.facebook.com\/ilnotiziarioind\/\" \/>\n<meta property=\"article:published_time\" content=\"2021-07-13T07:47:22+00:00\" \/>\n<meta property=\"og:image\" content=\"https:\/\/www.ilnotiziario.net\/wp\/wp-content\/uploads\/2020\/05\/centri-estivi-bambini-gioco.jpg\" \/>\n\t<meta property=\"og:image:width\" content=\"640\" \/>\n\t<meta property=\"og:image:height\" content=\"426\" \/>\n\t<meta property=\"og:image:type\" content=\"image\/jpeg\" \/>\n<meta name=\"author\" content=\"Gabriele Bassani\" \/>\n<meta name=\"twitter:card\" content=\"summary_large_image\" \/>\n<meta name=\"twitter:creator\" content=\"@ilNotiziarioInd\" \/>\n<meta name=\"twitter:site\" content=\"@ilNotiziarioInd\" \/>\n<meta name=\"twitter:label1\" content=\"Scritto da\" \/>\n\t<meta name=\"twitter:data1\" content=\"Gabriele Bassani\" \/>\n\t<meta name=\"twitter:label2\" content=\"Tempo di lettura stimato\" \/>\n\t<meta name=\"twitter:data2\" content=\"2 minuti\" \/>\n<script type=\"application\/ld+json\" class=\"yoast-schema-graph\">{\"@context\":\"https:\\\/\\\/schema.org\",\"@graph\":[{\"@type\":\"Article\",\"@id\":\"https:\\\/\\\/www.ilnotiziario.net\\\/wp\\\/prima-pagina\\\/centri-estivi-regione-finanzia-turate-cesate-bollate-saronno-paderno\\\/#article\",\"isPartOf\":{\"@id\":\"https:\\\/\\\/www.ilnotiziario.net\\\/wp\\\/prima-pagina\\\/centri-estivi-regione-finanzia-turate-cesate-bollate-saronno-paderno\\\/\"},\"author\":{\"name\":\"Gabriele Bassani\",\"@id\":\"https:\\\/\\\/www.ilnotiziario.net\\\/wp\\\/#\\\/schema\\\/person\\\/386e222908f898bb41c033989482bbf2\"},\"headline\":\"Centri estivi, la Regione finanzia solo Turate e Cesate: esclusi Bollate, Saronno, Paderno e altri\",\"datePublished\":\"2021-07-13T07:47:22+00:00\",\"mainEntityOfPage\":{\"@id\":\"https:\\\/\\\/www.ilnotiziario.net\\\/wp\\\/prima-pagina\\\/centri-estivi-regione-finanzia-turate-cesate-bollate-saronno-paderno\\\/\"},\"wordCount\":279,\"publisher\":{\"@id\":\"https:\\\/\\\/www.ilnotiziario.net\\\/wp\\\/#organization\"},\"image\":{\"@id\":\"https:\\\/\\\/www.ilnotiziario.net\\\/wp\\\/prima-pagina\\\/centri-estivi-regione-finanzia-turate-cesate-bollate-saronno-paderno\\\/#primaryimage\"},\"thumbnailUrl\":\"https:\\\/\\\/www.ilnotiziario.net\\\/wp\\\/wp-content\\\/uploads\\\/2020\\\/05\\\/centri-estivi-bambini-gioco.jpg\",\"keywords\":[\"Arese\",\"Bollate\",\"centri estivi\",\"Cesate\",\"Cogliate\",\"Paderno Dugnano\",\"Regione Lombardia\",\"Saronno\",\"Turate\"],\"articleSection\":[\"NORD MILANO\",\"Prima Pagina\",\"SARONNESE\",\"SARONNO\"],\"inLanguage\":\"it-IT\"},{\"@type\":\"WebPage\",\"@id\":\"https:\\\/\\\/www.ilnotiziario.net\\\/wp\\\/prima-pagina\\\/centri-estivi-regione-finanzia-turate-cesate-bollate-saronno-paderno\\\/\",\"url\":\"https:\\\/\\\/www.ilnotiziario.net\\\/wp\\\/prima-pagina\\\/centri-estivi-regione-finanzia-turate-cesate-bollate-saronno-paderno\\\/\",\"name\":\"Centri estivi, la Regione finanzia solo Turate e Cesate: esclusi Bollate, Saronno, Paderno e altri - Il Notiziario\",\"isPartOf\":{\"@id\":\"https:\\\/\\\/www.ilnotiziario.net\\\/wp\\\/#website\"},\"primaryImageOfPage\":{\"@id\":\"https:\\\/\\\/www.ilnotiziario.net\\\/wp\\\/prima-pagina\\\/centri-estivi-regione-finanzia-turate-cesate-bollate-saronno-paderno\\\/#primaryimage\"},\"image\":{\"@id\":\"https:\\\/\\\/www.ilnotiziario.net\\\/wp\\\/prima-pagina\\\/centri-estivi-regione-finanzia-turate-cesate-bollate-saronno-paderno\\\/#primaryimage\"},\"thumbnailUrl\":\"https:\\\/\\\/www.ilnotiziario.net\\\/wp\\\/wp-content\\\/uploads\\\/2020\\\/05\\\/centri-estivi-bambini-gioco.jpg\",\"datePublished\":\"2021-07-13T07:47:22+00:00\",\"description\":\"E\u2019 stata finalmente pubblicata solo venerd\u00ec sera, con grande ritardo, la graduatoria per il bando di finanziamento dei centri estivi da parte di Regione\",\"breadcrumb\":{\"@id\":\"https:\\\/\\\/www.ilnotiziario.net\\\/wp\\\/prima-pagina\\\/centri-estivi-regione-finanzia-turate-cesate-bollate-saronno-paderno\\\/#breadcrumb\"},\"inLanguage\":\"it-IT\",\"potentialAction\":[{\"@type\":\"ReadAction\",\"target\":[\"https:\\\/\\\/www.ilnotiziario.net\\\/wp\\\/prima-pagina\\\/centri-estivi-regione-finanzia-turate-cesate-bollate-saronno-paderno\\\/\"]}]},{\"@type\":\"ImageObject\",\"inLanguage\":\"it-IT\",\"@id\":\"https:\\\/\\\/www.ilnotiziario.net\\\/wp\\\/prima-pagina\\\/centri-estivi-regione-finanzia-turate-cesate-bollate-saronno-paderno\\\/#primaryimage\",\"url\":\"https:\\\/\\\/www.ilnotiziario.net\\\/wp\\\/wp-content\\\/uploads\\\/2020\\\/05\\\/centri-estivi-bambini-gioco.jpg\",\"contentUrl\":\"https:\\\/\\\/www.ilnotiziario.net\\\/wp\\\/wp-content\\\/uploads\\\/2020\\\/05\\\/centri-estivi-bambini-gioco.jpg\",\"width\":640,\"height\":426,\"caption\":\"centri estivi\"},{\"@type\":\"BreadcrumbList\",\"@id\":\"https:\\\/\\\/www.ilnotiziario.net\\\/wp\\\/prima-pagina\\\/centri-estivi-regione-finanzia-turate-cesate-bollate-saronno-paderno\\\/#breadcrumb\",\"itemListElement\":[{\"@type\":\"ListItem\",\"position\":1,\"name\":\"tds_text_logo_tagline_colortds_text_logo_tagline_colortds_text_logo_tagline_colortds_text_logo_tagline_colortd_module_7_title_excerpttd_module_7_title_excerpttd_module_7_title_excerpttd_module_7_title_excerptHome\",\"item\":\"https:\\\/\\\/www.ilnotiziario.net\\\/wp\\\/\"},{\"@type\":\"ListItem\",\"position\":2,\"name\":\"Centri estivi, la Regione finanzia solo Turate e Cesate: esclusi Bollate, Saronno, Paderno e altri\"}]},{\"@type\":\"WebSite\",\"@id\":\"https:\\\/\\\/www.ilnotiziario.net\\\/wp\\\/#website\",\"url\":\"https:\\\/\\\/www.ilnotiziario.net\\\/wp\\\/\",\"name\":\"Il Notiziario\",\"description\":\"Per restare sempre connessi alla notizia\",\"publisher\":{\"@id\":\"https:\\\/\\\/www.ilnotiziario.net\\\/wp\\\/#organization\"},\"alternateName\":\"Il Notiziario Bollate\",\"potentialAction\":[{\"@type\":\"SearchAction\",\"target\":{\"@type\":\"EntryPoint\",\"urlTemplate\":\"https:\\\/\\\/www.ilnotiziario.net\\\/wp\\\/?s={search_term_string}\"},\"query-input\":{\"@type\":\"PropertyValueSpecification\",\"valueRequired\":true,\"valueName\":\"search_term_string\"}}],\"inLanguage\":\"it-IT\"},{\"@type\":\"Organization\",\"@id\":\"https:\\\/\\\/www.ilnotiziario.net\\\/wp\\\/#organization\",\"name\":\"Il Notiziario\",\"url\":\"https:\\\/\\\/www.ilnotiziario.net\\\/wp\\\/\",\"logo\":{\"@type\":\"ImageObject\",\"inLanguage\":\"it-IT\",\"@id\":\"https:\\\/\\\/www.ilnotiziario.net\\\/wp\\\/#\\\/schema\\\/logo\\\/image\\\/\",\"url\":\"https:\\\/\\\/www.ilnotiziario.net\\\/wp\\\/wp-content\\\/uploads\\\/2022\\\/06\\\/170x170ilN.png\",\"contentUrl\":\"https:\\\/\\\/www.ilnotiziario.net\\\/wp\\\/wp-content\\\/uploads\\\/2022\\\/06\\\/170x170ilN.png\",\"width\":355,\"height\":355,\"caption\":\"Il Notiziario\"},\"image\":{\"@id\":\"https:\\\/\\\/www.ilnotiziario.net\\\/wp\\\/#\\\/schema\\\/logo\\\/image\\\/\"},\"sameAs\":[\"https:\\\/\\\/www.facebook.com\\\/ilnotiziarioind\\\/\",\"https:\\\/\\\/x.com\\\/ilNotiziarioInd\",\"https:\\\/\\\/www.instagram.com\\\/ilnotiziario_settimanale\\\/\"]},{\"@type\":\"Person\",\"@id\":\"https:\\\/\\\/www.ilnotiziario.net\\\/wp\\\/#\\\/schema\\\/person\\\/386e222908f898bb41c033989482bbf2\",\"name\":\"Gabriele Bassani\",\"image\":{\"@type\":\"ImageObject\",\"inLanguage\":\"it-IT\",\"@id\":\"https:\\\/\\\/secure.gravatar.com\\\/avatar\\\/09274f4a84fa97698bde56f84b3afed61c8492d48b0550db9671b68c177479cb?s=96&d=mm&r=g\",\"url\":\"https:\\\/\\\/secure.gravatar.com\\\/avatar\\\/09274f4a84fa97698bde56f84b3afed61c8492d48b0550db9671b68c177479cb?s=96&d=mm&r=g\",\"contentUrl\":\"https:\\\/\\\/secure.gravatar.com\\\/avatar\\\/09274f4a84fa97698bde56f84b3afed61c8492d48b0550db9671b68c177479cb?s=96&d=mm&r=g\",\"caption\":\"Gabriele Bassani\"},\"sameAs\":[\"http:\\\/\\\/www.ilnotiziario.net\"]}]}<\/script>\n<!-- \/ Yoast SEO plugin. -->","yoast_head_json":{"title":"Centri estivi, la Regione finanzia solo Turate e Cesate: esclusi Bollate, Saronno, Paderno e altri - Il Notiziario","description":"E\u2019 stata finalmente pubblicata solo venerd\u00ec sera, con grande ritardo, la graduatoria per il bando di finanziamento dei centri estivi da parte di Regione","robots":{"index":"index","follow":"follow","max-snippet":"max-snippet:-1","max-image-preview":"max-image-preview:large","max-video-preview":"max-video-preview:-1"},"canonical":"https:\/\/www.ilnotiziario.net\/wp\/prima-pagina\/centri-estivi-regione-finanzia-turate-cesate-bollate-saronno-paderno\/","og_locale":"it_IT","og_type":"article","og_title":"Centri estivi, la Regione finanzia solo Turate e Cesate: esclusi Bollate, Saronno, Paderno e altri - Il Notiziario","og_description":"E\u2019 stata finalmente pubblicata solo venerd\u00ec sera, con grande ritardo, la graduatoria per il bando di finanziamento dei centri estivi da parte di Regione","og_url":"https:\/\/www.ilnotiziario.net\/wp\/prima-pagina\/centri-estivi-regione-finanzia-turate-cesate-bollate-saronno-paderno\/","og_site_name":"Il Notiziario","article_publisher":"https:\/\/www.facebook.com\/ilnotiziarioind\/","article_published_time":"2021-07-13T07:47:22+00:00","og_image":[{"width":640,"height":426,"url":"https:\/\/www.ilnotiziario.net\/wp\/wp-content\/uploads\/2020\/05\/centri-estivi-bambini-gioco.jpg","type":"image\/jpeg"}],"author":"Gabriele Bassani","twitter_card":"summary_large_image","twitter_creator":"@ilNotiziarioInd","twitter_site":"@ilNotiziarioInd","twitter_misc":{"Scritto da":"Gabriele Bassani","Tempo di lettura stimato":"2 minuti"},"schema":{"@context":"https:\/\/schema.org","@graph":[{"@type":"Article","@id":"https:\/\/www.ilnotiziario.net\/wp\/prima-pagina\/centri-estivi-regione-finanzia-turate-cesate-bollate-saronno-paderno\/#article","isPartOf":{"@id":"https:\/\/www.ilnotiziario.net\/wp\/prima-pagina\/centri-estivi-regione-finanzia-turate-cesate-bollate-saronno-paderno\/"},"author":{"name":"Gabriele Bassani","@id":"https:\/\/www.ilnotiziario.net\/wp\/#\/schema\/person\/386e222908f898bb41c033989482bbf2"},"headline":"Centri estivi, la Regione finanzia solo Turate e Cesate: esclusi Bollate, Saronno, Paderno e altri","datePublished":"2021-07-13T07:47:22+00:00","mainEntityOfPage":{"@id":"https:\/\/www.ilnotiziario.net\/wp\/prima-pagina\/centri-estivi-regione-finanzia-turate-cesate-bollate-saronno-paderno\/"},"wordCount":279,"publisher":{"@id":"https:\/\/www.ilnotiziario.net\/wp\/#organization"},"image":{"@id":"https:\/\/www.ilnotiziario.net\/wp\/prima-pagina\/centri-estivi-regione-finanzia-turate-cesate-bollate-saronno-paderno\/#primaryimage"},"thumbnailUrl":"https:\/\/www.ilnotiziario.net\/wp\/wp-content\/uploads\/2020\/05\/centri-estivi-bambini-gioco.jpg","keywords":["Arese","Bollate","centri estivi","Cesate","Cogliate","Paderno Dugnano","Regione Lombardia","Saronno","Turate"],"articleSection":["NORD MILANO","Prima Pagina","SARONNESE","SARONNO"],"inLanguage":"it-IT"},{"@type":"WebPage","@id":"https:\/\/www.ilnotiziario.net\/wp\/prima-pagina\/centri-estivi-regione-finanzia-turate-cesate-bollate-saronno-paderno\/","url":"https:\/\/www.ilnotiziario.net\/wp\/prima-pagina\/centri-estivi-regione-finanzia-turate-cesate-bollate-saronno-paderno\/","name":"Centri estivi, la Regione finanzia solo Turate e Cesate: esclusi Bollate, Saronno, Paderno e altri - Il Notiziario","isPartOf":{"@id":"https:\/\/www.ilnotiziario.net\/wp\/#website"},"primaryImageOfPage":{"@id":"https:\/\/www.ilnotiziario.net\/wp\/prima-pagina\/centri-estivi-regione-finanzia-turate-cesate-bollate-saronno-paderno\/#primaryimage"},"image":{"@id":"https:\/\/www.ilnotiziario.net\/wp\/prima-pagina\/centri-estivi-regione-finanzia-turate-cesate-bollate-saronno-paderno\/#primaryimage"},"thumbnailUrl":"https:\/\/www.ilnotiziario.net\/wp\/wp-content\/uploads\/2020\/05\/centri-estivi-bambini-gioco.jpg","datePublished":"2021-07-13T07:47:22+00:00","description":"E\u2019 stata finalmente pubblicata solo venerd\u00ec sera, con grande ritardo, la graduatoria per il bando di finanziamento dei centri estivi da parte di Regione","breadcrumb":{"@id":"https:\/\/www.ilnotiziario.net\/wp\/prima-pagina\/centri-estivi-regione-finanzia-turate-cesate-bollate-saronno-paderno\/#breadcrumb"},"inLanguage":"it-IT","potentialAction":[{"@type":"ReadAction","target":["https:\/\/www.ilnotiziario.net\/wp\/prima-pagina\/centri-estivi-regione-finanzia-turate-cesate-bollate-saronno-paderno\/"]}]},{"@type":"ImageObject","inLanguage":"it-IT","@id":"https:\/\/www.ilnotiziario.net\/wp\/prima-pagina\/centri-estivi-regione-finanzia-turate-cesate-bollate-saronno-paderno\/#primaryimage","url":"https:\/\/www.ilnotiziario.net\/wp\/wp-content\/uploads\/2020\/05\/centri-estivi-bambini-gioco.jpg","contentUrl":"https:\/\/www.ilnotiziario.net\/wp\/wp-content\/uploads\/2020\/05\/centri-estivi-bambini-gioco.jpg","width":640,"height":426,"caption":"centri estivi"},{"@type":"BreadcrumbList","@id":"https:\/\/www.ilnotiziario.net\/wp\/prima-pagina\/centri-estivi-regione-finanzia-turate-cesate-bollate-saronno-paderno\/#breadcrumb","itemListElement":[{"@type":"ListItem","position":1,"name":"tds_text_logo_tagline_colortds_text_logo_tagline_colortds_text_logo_tagline_colortds_text_logo_tagline_colortd_module_7_title_excerpttd_module_7_title_excerpttd_module_7_title_excerpttd_module_7_title_excerptHome","item":"https:\/\/www.ilnotiziario.net\/wp\/"},{"@type":"ListItem","position":2,"name":"Centri estivi, la Regione finanzia solo Turate e Cesate: esclusi Bollate, Saronno, Paderno e altri"}]},{"@type":"WebSite","@id":"https:\/\/www.ilnotiziario.net\/wp\/#website","url":"https:\/\/www.ilnotiziario.net\/wp\/","name":"Il Notiziario","description":"Per restare sempre connessi alla notizia","publisher":{"@id":"https:\/\/www.ilnotiziario.net\/wp\/#organization"},"alternateName":"Il Notiziario Bollate","potentialAction":[{"@type":"SearchAction","target":{"@type":"EntryPoint","urlTemplate":"https:\/\/www.ilnotiziario.net\/wp\/?s={search_term_string}"},"query-input":{"@type":"PropertyValueSpecification","valueRequired":true,"valueName":"search_term_string"}}],"inLanguage":"it-IT"},{"@type":"Organization","@id":"https:\/\/www.ilnotiziario.net\/wp\/#organization","name":"Il Notiziario","url":"https:\/\/www.ilnotiziario.net\/wp\/","logo":{"@type":"ImageObject","inLanguage":"it-IT","@id":"https:\/\/www.ilnotiziario.net\/wp\/#\/schema\/logo\/image\/","url":"https:\/\/www.ilnotiziario.net\/wp\/wp-content\/uploads\/2022\/06\/170x170ilN.png","contentUrl":"https:\/\/www.ilnotiziario.net\/wp\/wp-content\/uploads\/2022\/06\/170x170ilN.png","width":355,"height":355,"caption":"Il Notiziario"},"image":{"@id":"https:\/\/www.ilnotiziario.net\/wp\/#\/schema\/logo\/image\/"},"sameAs":["https:\/\/www.facebook.com\/ilnotiziarioind\/","https:\/\/x.com\/ilNotiziarioInd","https:\/\/www.instagram.com\/ilnotiziario_settimanale\/"]},{"@type":"Person","@id":"https:\/\/www.ilnotiziario.net\/wp\/#\/schema\/person\/386e222908f898bb41c033989482bbf2","name":"Gabriele Bassani","image":{"@type":"ImageObject","inLanguage":"it-IT","@id":"https:\/\/secure.gravatar.com\/avatar\/09274f4a84fa97698bde56f84b3afed61c8492d48b0550db9671b68c177479cb?s=96&d=mm&r=g","url":"https:\/\/secure.gravatar.com\/avatar\/09274f4a84fa97698bde56f84b3afed61c8492d48b0550db9671b68c177479cb?s=96&d=mm&r=g","contentUrl":"https:\/\/secure.gravatar.com\/avatar\/09274f4a84fa97698bde56f84b3afed61c8492d48b0550db9671b68c177479cb?s=96&d=mm&r=g","caption":"Gabriele Bassani"},"sameAs":["http:\/\/www.ilnotiziario.net"]}]}},"_links":{"self":[{"href":"https:\/\/www.ilnotiziario.net\/wp\/wp-json\/wp\/v2\/posts\/154216","targetHints":{"allow":["GET"]}}],"collection":[{"href":"https:\/\/www.ilnotiziario.net\/wp\/wp-json\/wp\/v2\/posts"}],"about":[{"href":"https:\/\/www.ilnotiziario.net\/wp\/wp-json\/wp\/v2\/types\/post"}],"author":[{"embeddable":true,"href":"https:\/\/www.ilnotiziario.net\/wp\/wp-json\/wp\/v2\/users\/3"}],"replies":[{"embeddable":true,"href":"https:\/\/www.ilnotiziario.net\/wp\/wp-json\/wp\/v2\/comments?post=154216"}],"version-history":[{"count":0,"href":"https:\/\/www.ilnotiziario.net\/wp\/wp-json\/wp\/v2\/posts\/154216\/revisions"}],"wp:featuredmedia":[{"embeddable":true,"href":"https:\/\/www.ilnotiziario.net\/wp\/wp-json\/wp\/v2\/media\/70625"}],"wp:attachment":[{"href":"https:\/\/www.ilnotiziario.net\/wp\/wp-json\/wp\/v2\/media?parent=154216"}],"wp:term":[{"taxonomy":"category","embeddable":true,"href":"https:\/\/www.ilnotiziario.net\/wp\/wp-json\/wp\/v2\/categories?post=154216"},{"taxonomy":"post_tag","embeddable":true,"href":"https:\/\/www.ilnotiziario.net\/wp\/wp-json\/wp\/v2\/tags?post=154216"}],"curies":[{"name":"wp","href":"https:\/\/api.w.org\/{rel}","templated":true}]}}