{"id":154260,"date":"2021-07-14T09:49:16","date_gmt":"2021-07-14T07:49:16","guid":{"rendered":"https:\/\/www.ilnotiziario.net\/wp\/?p=154260"},"modified":"2021-07-14T09:49:16","modified_gmt":"2021-07-14T07:49:16","slug":"bollate-popillia-japonica-invade-campi-allarme-soluzione","status":"publish","type":"post","link":"https:\/\/www.ilnotiziario.net\/wp\/bollatese\/bollate-popillia-japonica-invade-campi-allarme-soluzione\/","title":{"rendered":"Bollate, la Popillia japonica invade i campi: allarme e soluzione"},"content":{"rendered":"<p><img fetchpriority=\"high\" decoding=\"async\" class=\"size-medium wp-image-154262 aligncenter\" src=\"https:\/\/www.ilnotiziario.net\/wp\/wp-content\/uploads\/2021\/07\/pop-292x300.jpg\" alt=\"Bollatese Popillia japonica campi allarme\" width=\"292\" height=\"300\" srcset=\"https:\/\/www.ilnotiziario.net\/wp\/wp-content\/uploads\/2021\/07\/pop-292x300.jpg 292w, https:\/\/www.ilnotiziario.net\/wp\/wp-content\/uploads\/2021\/07\/pop-768x790.jpg 768w, https:\/\/www.ilnotiziario.net\/wp\/wp-content\/uploads\/2021\/07\/pop-696x716.jpg 696w, https:\/\/www.ilnotiziario.net\/wp\/wp-content\/uploads\/2021\/07\/pop-356x364.jpg 356w, https:\/\/www.ilnotiziario.net\/wp\/wp-content\/uploads\/2021\/07\/pop.jpg 854w\" sizes=\"(max-width: 292px) 100vw, 292px\" \/>La Popillia japonica invade i campi di Bollate e di tutti i comuni della nostra zona.<\/p><div id=\"ilnot-589359750\" class=\"ilnot-contenuto ilnot-entity-placement\"><p><!-- incontent_1 --><\/p>\n<div class=\"gptslot\" data-adunitid=\"1\"><\/div>\n<\/div>\n<p>La prima segnalazione ci \u00e8 arrivata da via dei Dossi, poi da Baranzate, da via Don Uboldi e, marted\u00ec, da via Origona, sempre a Bollate. Poi i casi si sono moltiplicati, a Garbagnate, a Paderno Dugnano, a Limbiate, a Cogliate.&nbsp;<\/p>\n<p>C&#8217;\u00e8 una vera e propria invasione in atto, ed \u00e8 un\u2019invasione pericolosa per le colture, poich\u00e9 c\u2019\u00e8 un insetto vorace che sta mangiando di tutto.<\/p><div id=\"ilnot-2971981839\" class=\"ilnot-contenuto_2 ilnot-entity-placement\"><div class=\"ads-wrapper\">\n<div class=\"ad-slot\">\n   <div id=\"ilnot-3255800556\" style=\"margin-right: auto;margin-left: auto;text-align: center;width: 320px;height: 100px;\"><a href=\"https:\/\/www.scuolasicurezza.it\/\"><img decoding=\"async\" src=\"https:\/\/www.ilnotiziario.net\/wp\/wp-content\/uploads\/2026\/04\/IlNotiziario_banner-sito-e-newsletter-320-x-100-px-1.gif\" alt=\"\"><\/a><\/div>\n  <\/div>\n<div class=\"ad-slot\">\n   <div id=\"ilnot-4281732584\" style=\"margin-right: auto;margin-left: auto;text-align: center;width: 320px;height: 100px;\"><a href=\"https:\/\/purodesignarredamenti.com\/\"><img decoding=\"async\" src=\"https:\/\/www.ilnotiziario.net\/wp\/wp-content\/uploads\/2026\/04\/banner-puro-ok.gif\" alt=\"whatsapp\"><\/a><\/div><\/p><\/div>\n<\/div>\n<\/div>\n<p>Ogni giorno che passa, aumentano le segnalazioni di questo insetto e ormai pare che ce ne siano a milioni nei campi bollatesi.<\/p>\n<p>Si tratta della \u201cPopillia japonica\u201d, un coleottero di origine giapponese che rappresenta l\u2019ennesima specie non autoctona arrivata da lontano per portare distruzione.<\/p>\n<p>Infatti distrugge prati, foglie e frutti delle piante ed \u00e8 cos\u00ec vorace che si pu\u00f2 sentire il rumore che fa un gruppo di insetti mentre divora le foglie di una pianta da frutto o di un orto.<\/p><div id=\"ilnot-4233447597\" class=\"ilnot-contenuto_2-2 ilnot-entity-placement\"><div class=\"gptslot\" data-adunitid=\"2\"><\/div>\n<\/div>\n<p>La Popillia japonica compare a fine giugno e ha la sua massima diffusione a fine luglio, dunque vuol dire che oggi siamo quasi all\u2019inizio dell\u2019invasione e il peggio arriver\u00e0 nelle prossime settimane.<\/p>\n<p><strong>L\u2019insetto \u00e8 stato scoperto per la prima volta nel 2014 nelle valli del Ticino<\/strong>, arrivato chiss\u00e0 come fin qui e subito proliferato in modo pauroso, poich\u00e9 non ha nemici che lo combattano. <strong>In Giappone \u00e8 tenuto sotto controllo dai nemici naturali della specie<\/strong>, da noi non \u00e8 cosi e si sta diffondendo in modo preoccupante, al punto che adesso \u00e8 arrivato a infestare anche i nostri campi.<\/p>\n<p>L\u2019Unione Europea lo ritiene tra le 20 specie pi\u00f9 nocive, la Regione Lombardia sta tentando di trovare un rimedio per fronteggiare l\u2019invasione del coleottero, che si differenzia dal nostrano maggiolino degli orti per i 12 ciuffi di peli bianchi che circondano il dorso.<\/p><div id=\"ilnot-352152061\" class=\"ilnot-contenuto_2-2-2 ilnot-entity-placement\"><div class=\"gptslot\" data-adunitid=\"3\"><\/div>\n<\/div>\n<p>La Popillia japonica compare da giugno fino a settembre e prende di mira non solo i campi ma anche le piante dei boschi.<\/p>\n<h2>Popillia japonica, come combatterla<\/h2>\n<p>Un rimedio suggerito dalla Regione \u00e8 quello di prendere delle speciali trappole fatte da barattoli gialli e verdi con apposite alette: il coleottero ne viene attratto e rimane intrappolato all\u2019interno, <strong>ma vanno usate da esperti, se no si peggiora la situazione.<\/strong><\/p>\n<p>Un altro rimedio \u00e8 andare a <strong>eliminarli uno a uno al mattino presto o alla sera, quando sono meno mobili,<\/strong> facendoli cadere in un recipiente che abbia all\u2019interno dell\u2019acqua e aceto.<\/p><div id=\"ilnot-643509580\" class=\"ilnot-contenuto_2-2-2-2 ilnot-entity-placement\"><div class=\"gptslot\" data-adunitid=\"4\"><\/div>\n<\/div>\n<p><strong>Si pu\u00f2 anche agire spruzzando insetticidi anti-cimice,<\/strong> ma in questo caso \u00e8 bene chiedere ai florovivaisti della zona. Una soluzione biologica \u00e8 spruzzare olio di neem diluito in acqua, non serve a uccidere ma fa da repellente e tiene lontani questi insetti dagli orti.<\/p>\n<p>Ultima soluzione \u00e8 coprire orti e piante da frutta con reti anti insetto prima che la Popillia arrivi.<\/p><div id=\"ilnot-2895332081\" class=\"ilnot-contenuto_2-2-2-2-2 ilnot-entity-placement\"><div class=\"gptslot\" data-adunitid=\"5\"><\/div>\n<\/div>\n<p>L\u2019emergenza \u00e8 cos\u00ec grave che la Ue ha gi\u00e0 finanziato nel 2020 il progetto Ipm Popillia per combattere questa piaga, ma evidentemente i risultati, almeno per ora, sono stati nulli.<\/p>\n","protected":false},"excerpt":{"rendered":"<p>La Popillia japonica invade i campi di Bollate e di tutti i comuni della nostra zona. La prima segnalazione ci \u00e8 arrivata da via dei Dossi, poi da Baranzate, da via Don Uboldi e, marted\u00ec, da via Origona, sempre a Bollate. Poi i casi si sono moltiplicati, a Garbagnate, a Paderno Dugnano, a Limbiate, a<\/p>\n","protected":false},"author":14,"featured_media":154262,"comment_status":"closed","ping_status":"closed","sticky":false,"template":"","format":"standard","meta":{"footnotes":""},"categories":[8,20],"tags":[1570,7345,6204,783,9014],"class_list":{"0":"post-154260","1":"post","2":"type-post","3":"status-publish","4":"format-standard","5":"has-post-thumbnail","7":"category-bollatese","8":"category-prima-pagina","9":"tag-agricoltura","10":"tag-campi","11":"tag-coltivazione","12":"tag-orti","13":"tag-popillia-japonica"},"yoast_head":"<!-- This site is optimized with the Yoast SEO plugin v27.4 - https:\/\/yoast.com\/product\/yoast-seo-wordpress\/ -->\n<title>Bollate, la Popillia japonica invade i campi: allarme e soluzione - Il Notiziario<\/title>\n<meta name=\"description\" content=\"La Popillia japonica invade i campi di Bollate e di tutti i comuni della nostra zona. La prima segnalazione ci \u00e8 arrivata da via dei Dossi, poi da\" \/>\n<meta name=\"robots\" content=\"index, follow, max-snippet:-1, max-image-preview:large, max-video-preview:-1\" \/>\n<link rel=\"canonical\" href=\"https:\/\/www.ilnotiziario.net\/wp\/bollatese\/bollate-popillia-japonica-invade-campi-allarme-soluzione\/\" \/>\n<meta property=\"og:locale\" content=\"it_IT\" \/>\n<meta property=\"og:type\" content=\"article\" \/>\n<meta property=\"og:title\" content=\"Bollate, la Popillia japonica invade i campi: allarme e soluzione - Il Notiziario\" \/>\n<meta property=\"og:description\" content=\"La Popillia japonica invade i campi di Bollate e di tutti i comuni della nostra zona. La prima segnalazione ci \u00e8 arrivata da via dei Dossi, poi da\" \/>\n<meta property=\"og:url\" content=\"https:\/\/www.ilnotiziario.net\/wp\/bollatese\/bollate-popillia-japonica-invade-campi-allarme-soluzione\/\" \/>\n<meta property=\"og:site_name\" content=\"Il Notiziario\" \/>\n<meta property=\"article:publisher\" content=\"https:\/\/www.facebook.com\/ilnotiziarioind\/\" \/>\n<meta property=\"article:published_time\" content=\"2021-07-14T07:49:16+00:00\" \/>\n<meta property=\"og:image\" content=\"https:\/\/www.ilnotiziario.net\/wp\/wp-content\/uploads\/2021\/07\/pop.jpg\" \/>\n\t<meta property=\"og:image:width\" content=\"854\" \/>\n\t<meta property=\"og:image:height\" content=\"878\" \/>\n\t<meta property=\"og:image:type\" content=\"image\/jpeg\" \/>\n<meta name=\"author\" content=\"Silvia Citterio\" \/>\n<meta name=\"twitter:card\" content=\"summary_large_image\" \/>\n<meta name=\"twitter:creator\" content=\"@ilNotiziarioInd\" \/>\n<meta name=\"twitter:site\" content=\"@ilNotiziarioInd\" \/>\n<meta name=\"twitter:label1\" content=\"Scritto da\" \/>\n\t<meta name=\"twitter:data1\" content=\"Silvia Citterio\" \/>\n\t<meta name=\"twitter:label2\" content=\"Tempo di lettura stimato\" \/>\n\t<meta name=\"twitter:data2\" content=\"3 minuti\" \/>\n<script type=\"application\/ld+json\" class=\"yoast-schema-graph\">{\"@context\":\"https:\\\/\\\/schema.org\",\"@graph\":[{\"@type\":\"Article\",\"@id\":\"https:\\\/\\\/www.ilnotiziario.net\\\/wp\\\/bollatese\\\/bollate-popillia-japonica-invade-campi-allarme-soluzione\\\/#article\",\"isPartOf\":{\"@id\":\"https:\\\/\\\/www.ilnotiziario.net\\\/wp\\\/bollatese\\\/bollate-popillia-japonica-invade-campi-allarme-soluzione\\\/\"},\"author\":{\"name\":\"Silvia Citterio\",\"@id\":\"https:\\\/\\\/www.ilnotiziario.net\\\/wp\\\/#\\\/schema\\\/person\\\/c5bca2edc3d99d29959f04a6126f687b\"},\"headline\":\"Bollate, la Popillia japonica invade i campi: allarme e soluzione\",\"datePublished\":\"2021-07-14T07:49:16+00:00\",\"mainEntityOfPage\":{\"@id\":\"https:\\\/\\\/www.ilnotiziario.net\\\/wp\\\/bollatese\\\/bollate-popillia-japonica-invade-campi-allarme-soluzione\\\/\"},\"wordCount\":500,\"publisher\":{\"@id\":\"https:\\\/\\\/www.ilnotiziario.net\\\/wp\\\/#organization\"},\"image\":{\"@id\":\"https:\\\/\\\/www.ilnotiziario.net\\\/wp\\\/bollatese\\\/bollate-popillia-japonica-invade-campi-allarme-soluzione\\\/#primaryimage\"},\"thumbnailUrl\":\"https:\\\/\\\/www.ilnotiziario.net\\\/wp\\\/wp-content\\\/uploads\\\/2021\\\/07\\\/pop.jpg\",\"keywords\":[\"agricoltura\",\"Campi\",\"coltivazione\",\"Orti\",\"Popillia japonica\"],\"articleSection\":[\"BOLLATESE\",\"Prima Pagina\"],\"inLanguage\":\"it-IT\"},{\"@type\":\"WebPage\",\"@id\":\"https:\\\/\\\/www.ilnotiziario.net\\\/wp\\\/bollatese\\\/bollate-popillia-japonica-invade-campi-allarme-soluzione\\\/\",\"url\":\"https:\\\/\\\/www.ilnotiziario.net\\\/wp\\\/bollatese\\\/bollate-popillia-japonica-invade-campi-allarme-soluzione\\\/\",\"name\":\"Bollate, la Popillia japonica invade i campi: allarme e soluzione - Il Notiziario\",\"isPartOf\":{\"@id\":\"https:\\\/\\\/www.ilnotiziario.net\\\/wp\\\/#website\"},\"primaryImageOfPage\":{\"@id\":\"https:\\\/\\\/www.ilnotiziario.net\\\/wp\\\/bollatese\\\/bollate-popillia-japonica-invade-campi-allarme-soluzione\\\/#primaryimage\"},\"image\":{\"@id\":\"https:\\\/\\\/www.ilnotiziario.net\\\/wp\\\/bollatese\\\/bollate-popillia-japonica-invade-campi-allarme-soluzione\\\/#primaryimage\"},\"thumbnailUrl\":\"https:\\\/\\\/www.ilnotiziario.net\\\/wp\\\/wp-content\\\/uploads\\\/2021\\\/07\\\/pop.jpg\",\"datePublished\":\"2021-07-14T07:49:16+00:00\",\"description\":\"La Popillia japonica invade i campi di Bollate e di tutti i comuni della nostra zona. La prima segnalazione ci \u00e8 arrivata da via dei Dossi, poi da\",\"breadcrumb\":{\"@id\":\"https:\\\/\\\/www.ilnotiziario.net\\\/wp\\\/bollatese\\\/bollate-popillia-japonica-invade-campi-allarme-soluzione\\\/#breadcrumb\"},\"inLanguage\":\"it-IT\",\"potentialAction\":[{\"@type\":\"ReadAction\",\"target\":[\"https:\\\/\\\/www.ilnotiziario.net\\\/wp\\\/bollatese\\\/bollate-popillia-japonica-invade-campi-allarme-soluzione\\\/\"]}]},{\"@type\":\"ImageObject\",\"inLanguage\":\"it-IT\",\"@id\":\"https:\\\/\\\/www.ilnotiziario.net\\\/wp\\\/bollatese\\\/bollate-popillia-japonica-invade-campi-allarme-soluzione\\\/#primaryimage\",\"url\":\"https:\\\/\\\/www.ilnotiziario.net\\\/wp\\\/wp-content\\\/uploads\\\/2021\\\/07\\\/pop.jpg\",\"contentUrl\":\"https:\\\/\\\/www.ilnotiziario.net\\\/wp\\\/wp-content\\\/uploads\\\/2021\\\/07\\\/pop.jpg\",\"width\":854,\"height\":878,\"caption\":\"Bollatese Popillia japonica campi allarme\"},{\"@type\":\"BreadcrumbList\",\"@id\":\"https:\\\/\\\/www.ilnotiziario.net\\\/wp\\\/bollatese\\\/bollate-popillia-japonica-invade-campi-allarme-soluzione\\\/#breadcrumb\",\"itemListElement\":[{\"@type\":\"ListItem\",\"position\":1,\"name\":\"tds_text_logo_tagline_colortds_text_logo_tagline_colortds_text_logo_tagline_colortds_text_logo_tagline_colortd_module_7_title_excerpttd_module_7_title_excerpttd_module_7_title_excerpttd_module_7_title_excerptHome\",\"item\":\"https:\\\/\\\/www.ilnotiziario.net\\\/wp\\\/\"},{\"@type\":\"ListItem\",\"position\":2,\"name\":\"Bollate, la Popillia japonica invade i campi: allarme e soluzione\"}]},{\"@type\":\"WebSite\",\"@id\":\"https:\\\/\\\/www.ilnotiziario.net\\\/wp\\\/#website\",\"url\":\"https:\\\/\\\/www.ilnotiziario.net\\\/wp\\\/\",\"name\":\"Il Notiziario\",\"description\":\"Per restare sempre connessi alla notizia\",\"publisher\":{\"@id\":\"https:\\\/\\\/www.ilnotiziario.net\\\/wp\\\/#organization\"},\"alternateName\":\"Il Notiziario Bollate\",\"potentialAction\":[{\"@type\":\"SearchAction\",\"target\":{\"@type\":\"EntryPoint\",\"urlTemplate\":\"https:\\\/\\\/www.ilnotiziario.net\\\/wp\\\/?s={search_term_string}\"},\"query-input\":{\"@type\":\"PropertyValueSpecification\",\"valueRequired\":true,\"valueName\":\"search_term_string\"}}],\"inLanguage\":\"it-IT\"},{\"@type\":\"Organization\",\"@id\":\"https:\\\/\\\/www.ilnotiziario.net\\\/wp\\\/#organization\",\"name\":\"Il Notiziario\",\"url\":\"https:\\\/\\\/www.ilnotiziario.net\\\/wp\\\/\",\"logo\":{\"@type\":\"ImageObject\",\"inLanguage\":\"it-IT\",\"@id\":\"https:\\\/\\\/www.ilnotiziario.net\\\/wp\\\/#\\\/schema\\\/logo\\\/image\\\/\",\"url\":\"https:\\\/\\\/www.ilnotiziario.net\\\/wp\\\/wp-content\\\/uploads\\\/2022\\\/06\\\/170x170ilN.png\",\"contentUrl\":\"https:\\\/\\\/www.ilnotiziario.net\\\/wp\\\/wp-content\\\/uploads\\\/2022\\\/06\\\/170x170ilN.png\",\"width\":355,\"height\":355,\"caption\":\"Il Notiziario\"},\"image\":{\"@id\":\"https:\\\/\\\/www.ilnotiziario.net\\\/wp\\\/#\\\/schema\\\/logo\\\/image\\\/\"},\"sameAs\":[\"https:\\\/\\\/www.facebook.com\\\/ilnotiziarioind\\\/\",\"https:\\\/\\\/x.com\\\/ilNotiziarioInd\",\"https:\\\/\\\/www.instagram.com\\\/ilnotiziario_settimanale\\\/\"]},{\"@type\":\"Person\",\"@id\":\"https:\\\/\\\/www.ilnotiziario.net\\\/wp\\\/#\\\/schema\\\/person\\\/c5bca2edc3d99d29959f04a6126f687b\",\"name\":\"Silvia Citterio\",\"image\":{\"@type\":\"ImageObject\",\"inLanguage\":\"it-IT\",\"@id\":\"https:\\\/\\\/secure.gravatar.com\\\/avatar\\\/03eb19c63b944e79a9b5ce53ca5d1ca303edcf368a68721ec3ccaae7f98c5afd?s=96&d=mm&r=g\",\"url\":\"https:\\\/\\\/secure.gravatar.com\\\/avatar\\\/03eb19c63b944e79a9b5ce53ca5d1ca303edcf368a68721ec3ccaae7f98c5afd?s=96&d=mm&r=g\",\"contentUrl\":\"https:\\\/\\\/secure.gravatar.com\\\/avatar\\\/03eb19c63b944e79a9b5ce53ca5d1ca303edcf368a68721ec3ccaae7f98c5afd?s=96&d=mm&r=g\",\"caption\":\"Silvia Citterio\"}}]}<\/script>\n<!-- \/ Yoast SEO plugin. -->","yoast_head_json":{"title":"Bollate, la Popillia japonica invade i campi: allarme e soluzione - Il Notiziario","description":"La Popillia japonica invade i campi di Bollate e di tutti i comuni della nostra zona. La prima segnalazione ci \u00e8 arrivata da via dei Dossi, poi da","robots":{"index":"index","follow":"follow","max-snippet":"max-snippet:-1","max-image-preview":"max-image-preview:large","max-video-preview":"max-video-preview:-1"},"canonical":"https:\/\/www.ilnotiziario.net\/wp\/bollatese\/bollate-popillia-japonica-invade-campi-allarme-soluzione\/","og_locale":"it_IT","og_type":"article","og_title":"Bollate, la Popillia japonica invade i campi: allarme e soluzione - Il Notiziario","og_description":"La Popillia japonica invade i campi di Bollate e di tutti i comuni della nostra zona. La prima segnalazione ci \u00e8 arrivata da via dei Dossi, poi da","og_url":"https:\/\/www.ilnotiziario.net\/wp\/bollatese\/bollate-popillia-japonica-invade-campi-allarme-soluzione\/","og_site_name":"Il Notiziario","article_publisher":"https:\/\/www.facebook.com\/ilnotiziarioind\/","article_published_time":"2021-07-14T07:49:16+00:00","og_image":[{"width":854,"height":878,"url":"https:\/\/www.ilnotiziario.net\/wp\/wp-content\/uploads\/2021\/07\/pop.jpg","type":"image\/jpeg"}],"author":"Silvia Citterio","twitter_card":"summary_large_image","twitter_creator":"@ilNotiziarioInd","twitter_site":"@ilNotiziarioInd","twitter_misc":{"Scritto da":"Silvia Citterio","Tempo di lettura stimato":"3 minuti"},"schema":{"@context":"https:\/\/schema.org","@graph":[{"@type":"Article","@id":"https:\/\/www.ilnotiziario.net\/wp\/bollatese\/bollate-popillia-japonica-invade-campi-allarme-soluzione\/#article","isPartOf":{"@id":"https:\/\/www.ilnotiziario.net\/wp\/bollatese\/bollate-popillia-japonica-invade-campi-allarme-soluzione\/"},"author":{"name":"Silvia Citterio","@id":"https:\/\/www.ilnotiziario.net\/wp\/#\/schema\/person\/c5bca2edc3d99d29959f04a6126f687b"},"headline":"Bollate, la Popillia japonica invade i campi: allarme e soluzione","datePublished":"2021-07-14T07:49:16+00:00","mainEntityOfPage":{"@id":"https:\/\/www.ilnotiziario.net\/wp\/bollatese\/bollate-popillia-japonica-invade-campi-allarme-soluzione\/"},"wordCount":500,"publisher":{"@id":"https:\/\/www.ilnotiziario.net\/wp\/#organization"},"image":{"@id":"https:\/\/www.ilnotiziario.net\/wp\/bollatese\/bollate-popillia-japonica-invade-campi-allarme-soluzione\/#primaryimage"},"thumbnailUrl":"https:\/\/www.ilnotiziario.net\/wp\/wp-content\/uploads\/2021\/07\/pop.jpg","keywords":["agricoltura","Campi","coltivazione","Orti","Popillia japonica"],"articleSection":["BOLLATESE","Prima Pagina"],"inLanguage":"it-IT"},{"@type":"WebPage","@id":"https:\/\/www.ilnotiziario.net\/wp\/bollatese\/bollate-popillia-japonica-invade-campi-allarme-soluzione\/","url":"https:\/\/www.ilnotiziario.net\/wp\/bollatese\/bollate-popillia-japonica-invade-campi-allarme-soluzione\/","name":"Bollate, la Popillia japonica invade i campi: allarme e soluzione - Il Notiziario","isPartOf":{"@id":"https:\/\/www.ilnotiziario.net\/wp\/#website"},"primaryImageOfPage":{"@id":"https:\/\/www.ilnotiziario.net\/wp\/bollatese\/bollate-popillia-japonica-invade-campi-allarme-soluzione\/#primaryimage"},"image":{"@id":"https:\/\/www.ilnotiziario.net\/wp\/bollatese\/bollate-popillia-japonica-invade-campi-allarme-soluzione\/#primaryimage"},"thumbnailUrl":"https:\/\/www.ilnotiziario.net\/wp\/wp-content\/uploads\/2021\/07\/pop.jpg","datePublished":"2021-07-14T07:49:16+00:00","description":"La Popillia japonica invade i campi di Bollate e di tutti i comuni della nostra zona. La prima segnalazione ci \u00e8 arrivata da via dei Dossi, poi da","breadcrumb":{"@id":"https:\/\/www.ilnotiziario.net\/wp\/bollatese\/bollate-popillia-japonica-invade-campi-allarme-soluzione\/#breadcrumb"},"inLanguage":"it-IT","potentialAction":[{"@type":"ReadAction","target":["https:\/\/www.ilnotiziario.net\/wp\/bollatese\/bollate-popillia-japonica-invade-campi-allarme-soluzione\/"]}]},{"@type":"ImageObject","inLanguage":"it-IT","@id":"https:\/\/www.ilnotiziario.net\/wp\/bollatese\/bollate-popillia-japonica-invade-campi-allarme-soluzione\/#primaryimage","url":"https:\/\/www.ilnotiziario.net\/wp\/wp-content\/uploads\/2021\/07\/pop.jpg","contentUrl":"https:\/\/www.ilnotiziario.net\/wp\/wp-content\/uploads\/2021\/07\/pop.jpg","width":854,"height":878,"caption":"Bollatese Popillia japonica campi allarme"},{"@type":"BreadcrumbList","@id":"https:\/\/www.ilnotiziario.net\/wp\/bollatese\/bollate-popillia-japonica-invade-campi-allarme-soluzione\/#breadcrumb","itemListElement":[{"@type":"ListItem","position":1,"name":"tds_text_logo_tagline_colortds_text_logo_tagline_colortds_text_logo_tagline_colortds_text_logo_tagline_colortd_module_7_title_excerpttd_module_7_title_excerpttd_module_7_title_excerpttd_module_7_title_excerptHome","item":"https:\/\/www.ilnotiziario.net\/wp\/"},{"@type":"ListItem","position":2,"name":"Bollate, la Popillia japonica invade i campi: allarme e soluzione"}]},{"@type":"WebSite","@id":"https:\/\/www.ilnotiziario.net\/wp\/#website","url":"https:\/\/www.ilnotiziario.net\/wp\/","name":"Il Notiziario","description":"Per restare sempre connessi alla notizia","publisher":{"@id":"https:\/\/www.ilnotiziario.net\/wp\/#organization"},"alternateName":"Il Notiziario Bollate","potentialAction":[{"@type":"SearchAction","target":{"@type":"EntryPoint","urlTemplate":"https:\/\/www.ilnotiziario.net\/wp\/?s={search_term_string}"},"query-input":{"@type":"PropertyValueSpecification","valueRequired":true,"valueName":"search_term_string"}}],"inLanguage":"it-IT"},{"@type":"Organization","@id":"https:\/\/www.ilnotiziario.net\/wp\/#organization","name":"Il Notiziario","url":"https:\/\/www.ilnotiziario.net\/wp\/","logo":{"@type":"ImageObject","inLanguage":"it-IT","@id":"https:\/\/www.ilnotiziario.net\/wp\/#\/schema\/logo\/image\/","url":"https:\/\/www.ilnotiziario.net\/wp\/wp-content\/uploads\/2022\/06\/170x170ilN.png","contentUrl":"https:\/\/www.ilnotiziario.net\/wp\/wp-content\/uploads\/2022\/06\/170x170ilN.png","width":355,"height":355,"caption":"Il Notiziario"},"image":{"@id":"https:\/\/www.ilnotiziario.net\/wp\/#\/schema\/logo\/image\/"},"sameAs":["https:\/\/www.facebook.com\/ilnotiziarioind\/","https:\/\/x.com\/ilNotiziarioInd","https:\/\/www.instagram.com\/ilnotiziario_settimanale\/"]},{"@type":"Person","@id":"https:\/\/www.ilnotiziario.net\/wp\/#\/schema\/person\/c5bca2edc3d99d29959f04a6126f687b","name":"Silvia Citterio","image":{"@type":"ImageObject","inLanguage":"it-IT","@id":"https:\/\/secure.gravatar.com\/avatar\/03eb19c63b944e79a9b5ce53ca5d1ca303edcf368a68721ec3ccaae7f98c5afd?s=96&d=mm&r=g","url":"https:\/\/secure.gravatar.com\/avatar\/03eb19c63b944e79a9b5ce53ca5d1ca303edcf368a68721ec3ccaae7f98c5afd?s=96&d=mm&r=g","contentUrl":"https:\/\/secure.gravatar.com\/avatar\/03eb19c63b944e79a9b5ce53ca5d1ca303edcf368a68721ec3ccaae7f98c5afd?s=96&d=mm&r=g","caption":"Silvia Citterio"}}]}},"_links":{"self":[{"href":"https:\/\/www.ilnotiziario.net\/wp\/wp-json\/wp\/v2\/posts\/154260","targetHints":{"allow":["GET"]}}],"collection":[{"href":"https:\/\/www.ilnotiziario.net\/wp\/wp-json\/wp\/v2\/posts"}],"about":[{"href":"https:\/\/www.ilnotiziario.net\/wp\/wp-json\/wp\/v2\/types\/post"}],"author":[{"embeddable":true,"href":"https:\/\/www.ilnotiziario.net\/wp\/wp-json\/wp\/v2\/users\/14"}],"replies":[{"embeddable":true,"href":"https:\/\/www.ilnotiziario.net\/wp\/wp-json\/wp\/v2\/comments?post=154260"}],"version-history":[{"count":0,"href":"https:\/\/www.ilnotiziario.net\/wp\/wp-json\/wp\/v2\/posts\/154260\/revisions"}],"wp:featuredmedia":[{"embeddable":true,"href":"https:\/\/www.ilnotiziario.net\/wp\/wp-json\/wp\/v2\/media\/154262"}],"wp:attachment":[{"href":"https:\/\/www.ilnotiziario.net\/wp\/wp-json\/wp\/v2\/media?parent=154260"}],"wp:term":[{"taxonomy":"category","embeddable":true,"href":"https:\/\/www.ilnotiziario.net\/wp\/wp-json\/wp\/v2\/categories?post=154260"},{"taxonomy":"post_tag","embeddable":true,"href":"https:\/\/www.ilnotiziario.net\/wp\/wp-json\/wp\/v2\/tags?post=154260"}],"curies":[{"name":"wp","href":"https:\/\/api.w.org\/{rel}","templated":true}]}}