{"id":154272,"date":"2021-07-13T21:17:50","date_gmt":"2021-07-13T19:17:50","guid":{"rendered":"https:\/\/www.ilnotiziario.net\/wp\/?p=154272"},"modified":"2021-07-13T21:17:50","modified_gmt":"2021-07-13T19:17:50","slug":"gianetti-caso-parlamento-europeo-governo-italiano","status":"publish","type":"post","link":"https:\/\/www.ilnotiziario.net\/wp\/brianza\/gianetti-caso-parlamento-europeo-governo-italiano\/","title":{"rendered":"Gianetti, il caso al Parlamento Europeo, mentre il Governo italiano ancora tace"},"content":{"rendered":"<figure id=\"attachment_154274\" aria-describedby=\"caption-attachment-154274\" style=\"width: 680px\" class=\"wp-caption aligncenter\"><img fetchpriority=\"high\" decoding=\"async\" class=\"wp-image-154274 size-full\" src=\"https:\/\/www.ilnotiziario.net\/wp\/wp-content\/uploads\/2021\/07\/Gianetti-Presidio-Pranzo.jpg\" alt=\"Gianetti pranzo \" width=\"680\" height=\"383\" srcset=\"https:\/\/www.ilnotiziario.net\/wp\/wp-content\/uploads\/2021\/07\/Gianetti-Presidio-Pranzo.jpg 680w, https:\/\/www.ilnotiziario.net\/wp\/wp-content\/uploads\/2021\/07\/Gianetti-Presidio-Pranzo-300x169.jpg 300w\" sizes=\"(max-width: 680px) 100vw, 680px\" \/><figcaption id=\"caption-attachment-154274\" class=\"wp-caption-text\">Al presidio Gianetti si pensa anche a pranzo e cena<\/figcaption><\/figure>\n<p>Il caso Gianetti approda anche al Parlamento Europeo, in attesa di avere risposte dal Governo italiano che finora non ha ancora nemmeno convocato le parti, facendo crescere il malcontento tra i lavoratori che si aspettavano di ricevere gi\u00e0 la scorsa settimana almeno un segnale da Roma.<\/p><div id=\"ilnot-3592212003\" class=\"ilnot-contenuto ilnot-entity-placement\"><p><!-- incontent_1 --><\/p>\n<div class=\"gptslot\" data-adunitid=\"1\"><\/div>\n<\/div>\n<h2>Carabinieri al presidio Gianetti, per un&#8217;impresa che voleva entrare in fabbrica&nbsp;<\/h2>\n<p>Questa mattina, al presidio davanti alla fabbrica di Ceriano si sono vissuti concitati quando il titolare di un\u2019impresa di pulizie esterne si \u00e8 presentato con un furgone per ritirare i propri attrezzi lasciati in fabbrica. I lavoratori, in presidio permanente davanti al cancello hanno spiegato che dentro ci sono ancora anche i loro effetti personali, oltre che materie prime e prodotti finiti pronti per la consegna e che fino a quando non sarebbero entrati loro non sarebbe entrato nessun altro. Il titolare della ditta esterna ha chiamato i carabinieri che hanno identificato tutti i presenti. Poi lo stesso titolare dell\u2019impresa di pulizie se ne \u00e8 andato col furgone vuoto.<\/p>\n<p><a href=\"https:\/\/www.ilnotiziario.net\/wp\/gianetti-ruote-ceriano-laghetto\/\"><strong>LEGGI TUTTI GLI ARTICOLI SU GIANETTI RUOTE DA QUESTA PAGINA (CLICCA QUI)&nbsp;<\/strong><\/a><\/p><div id=\"ilnot-682521128\" class=\"ilnot-contenuto_2 ilnot-entity-placement\"><div class=\"ads-wrapper\">\n<div class=\"ad-slot\">\n   <div id=\"ilnot-2971333617\" style=\"margin-right: auto;margin-left: auto;text-align: center;width: 320px;height: 100px;\"><a href=\"https:\/\/www.scuolasicurezza.it\/\"><img decoding=\"async\" src=\"https:\/\/www.ilnotiziario.net\/wp\/wp-content\/uploads\/2026\/04\/IlNotiziario_banner-sito-e-newsletter-320-x-100-px-1.gif\" alt=\"\"><\/a><\/div>\n  <\/div>\n<div class=\"ad-slot\">\n   <div id=\"ilnot-1431996732\" style=\"margin-right: auto;margin-left: auto;text-align: center;width: 320px;height: 100px;\"><a href=\"https:\/\/purodesignarredamenti.com\/\"><img decoding=\"async\" src=\"https:\/\/www.ilnotiziario.net\/wp\/wp-content\/uploads\/2026\/04\/banner-puro-ok.gif\" alt=\"whatsapp\"><\/a><\/div><\/p><\/div>\n<\/div>\n<\/div>\n<p>Intanto \u00e8 di oggi l\u2019intervento dell\u2019europarlamentare italiana Patrizia Toia che ha sottolineato la scorrettezza dell\u2019azienda anche rispetto alle indicazioni europee.<br \/>\n&#8220;Gli annunciati licenziamenti della Gianetti sono contrari alle indicazioni date dall&#8217;antitrust europeo tre anni fa, quando aveva costretto la societ\u00e0 Accuride a cedere l&#8217;azienda italiana a un compratore in grado di mantenerla sul mercato per evitare di ridurre il mercato delle ruote di acciaio a un duopolio pericoloso per la concorrenza\u201d -scrive Patrizia Toia, eurodeputata Pd e vicepresidente della commissione Industria, Ricerca ed Energia in un&#8217;interrogazione scritta all&#8217;esecutivo comunitario.<\/p>\n<h2>Toia all&#8217;Ue su Gianetti: in Europa si torna al duopolio che la Commissione voleva evitare&nbsp;<\/h2>\n<p>\u201cTre anni fa \u2013 ricorda Toia &#8211; la Commissione europea approv\u00f2 l&#8217;acquisizione di Mefro Wheels da parte di Accuride a condizione che quest&#8217;ultima cedesse l&#8217;azienda italiana Gianetti a un compratore che potesse mantenerla sul mercato per garantire la presenza di almeno tre aziende di ruote in acciaio e una sufficiente concorrenza nel mercato unico. Pochi giorni fa, la nuova propriet\u00e0 di Gianetti, il fondo tedesco Quantum, ha comunicato il licenziamento a tutti i 152 dipendenti e la sostanziale chiusura dell&#8217;azienda\u201d.<\/p>\n<p>&#8220;Ora &#8211; conclude l&#8217;eurodeputata &#8211; questo creer\u00e0, di fatto, il duopolio che la Commissione aveva voluto evitare tre anni fa, pertanto si chiede alla Commissione in che modo intende intervenire al riguardo?\u201d<\/p><div id=\"ilnot-3552391028\" class=\"ilnot-contenuto_2-2 ilnot-entity-placement\"><div class=\"gptslot\" data-adunitid=\"2\"><\/div>\n<\/div>\n<p>Sulla vicenda Gianetti \u00e8 intervenuto l&#8217;assessore allo Sviluppo economico della Regione Lombardia Guido Guidesi.<\/p>\n<p>&#8220;Io ho detto che quello della Gianetti &#8211; ha rimarcato l&#8217;assessore Guidesi &#8211; \u00e8 un caso isolato dal punto di vista del metodo che hanno utilizzato, che \u00e8 un metodo che non sta n\u00e9 in cielo n\u00e9 in terra, che ha privato del giusto rispetto i lavoratori, ma anche le istituzioni ed il territorio. Una cosa che noi evidentemente non possiamo permettere e non possiamo accettare&#8221;.<\/p>\n","protected":false},"excerpt":{"rendered":"<p>Il caso Gianetti approda anche al Parlamento Europeo, in attesa di avere risposte dal Governo italiano che finora non ha ancora nemmeno convocato le parti, facendo crescere il malcontento tra i lavoratori che si aspettavano di ricevere gi\u00e0 la scorsa settimana almeno un segnale da Roma. Carabinieri al presidio Gianetti, per un&#8217;impresa che voleva entrare<\/p>\n","protected":false},"author":3,"featured_media":154274,"comment_status":"closed","ping_status":"closed","sticky":false,"template":"","format":"standard","meta":{"footnotes":""},"categories":[9,11,20,13],"tags":[856,2688,648,404,1480,119,9015],"class_list":{"0":"post-154272","1":"post","2":"type-post","3":"status-publish","4":"format-standard","5":"has-post-thumbnail","7":"category-brianza","8":"category-nord-milano","9":"category-prima-pagina","10":"category-saronnese","11":"tag-ceriano-laghetto","12":"tag-gianetti","13":"tag-governo","14":"tag-lavoro","15":"tag-parlamento","16":"tag-presidio","17":"tag-toia"},"yoast_head":"<!-- This site is optimized with the Yoast SEO plugin v27.5 - https:\/\/yoast.com\/product\/yoast-seo-wordpress\/ -->\n<title>Gianetti, il caso al Parlamento Europeo, mentre il Governo italiano ancora tace - Il Notiziario<\/title>\n<meta name=\"description\" content=\"Il caso Gianetti approda anche al Parlamento Europeo, in attesa di avere risposte dal Governo italiano che finora non ha ancora nemmeno convocato le\" \/>\n<meta name=\"robots\" content=\"index, follow, max-snippet:-1, max-image-preview:large, max-video-preview:-1\" \/>\n<link rel=\"canonical\" href=\"https:\/\/www.ilnotiziario.net\/wp\/brianza\/gianetti-caso-parlamento-europeo-governo-italiano\/\" \/>\n<meta property=\"og:locale\" content=\"it_IT\" \/>\n<meta property=\"og:type\" content=\"article\" \/>\n<meta property=\"og:title\" content=\"Gianetti, il caso al Parlamento Europeo, mentre il Governo italiano ancora tace - Il Notiziario\" \/>\n<meta property=\"og:description\" content=\"Il caso Gianetti approda anche al Parlamento Europeo, in attesa di avere risposte dal Governo italiano che finora non ha ancora nemmeno convocato le\" \/>\n<meta property=\"og:url\" content=\"https:\/\/www.ilnotiziario.net\/wp\/brianza\/gianetti-caso-parlamento-europeo-governo-italiano\/\" \/>\n<meta property=\"og:site_name\" content=\"Il Notiziario\" \/>\n<meta property=\"article:publisher\" content=\"https:\/\/www.facebook.com\/ilnotiziarioind\/\" \/>\n<meta property=\"article:published_time\" content=\"2021-07-13T19:17:50+00:00\" \/>\n<meta property=\"og:image\" content=\"https:\/\/www.ilnotiziario.net\/wp\/wp-content\/uploads\/2021\/07\/Gianetti-Presidio-Pranzo.jpg\" \/>\n\t<meta property=\"og:image:width\" content=\"680\" \/>\n\t<meta property=\"og:image:height\" content=\"383\" \/>\n\t<meta property=\"og:image:type\" content=\"image\/jpeg\" \/>\n<meta name=\"author\" content=\"Gabriele Bassani\" \/>\n<meta name=\"twitter:card\" content=\"summary_large_image\" \/>\n<meta name=\"twitter:creator\" content=\"@ilNotiziarioInd\" \/>\n<meta name=\"twitter:site\" content=\"@ilNotiziarioInd\" \/>\n<meta name=\"twitter:label1\" content=\"Scritto da\" \/>\n\t<meta name=\"twitter:data1\" content=\"Gabriele Bassani\" \/>\n\t<meta name=\"twitter:label2\" content=\"Tempo di lettura stimato\" \/>\n\t<meta name=\"twitter:data2\" content=\"3 minuti\" \/>\n<script type=\"application\/ld+json\" class=\"yoast-schema-graph\">{\"@context\":\"https:\\\/\\\/schema.org\",\"@graph\":[{\"@type\":\"Article\",\"@id\":\"https:\\\/\\\/www.ilnotiziario.net\\\/wp\\\/brianza\\\/gianetti-caso-parlamento-europeo-governo-italiano\\\/#article\",\"isPartOf\":{\"@id\":\"https:\\\/\\\/www.ilnotiziario.net\\\/wp\\\/brianza\\\/gianetti-caso-parlamento-europeo-governo-italiano\\\/\"},\"author\":{\"name\":\"Gabriele Bassani\",\"@id\":\"https:\\\/\\\/www.ilnotiziario.net\\\/wp\\\/#\\\/schema\\\/person\\\/386e222908f898bb41c033989482bbf2\"},\"headline\":\"Gianetti, il caso al Parlamento Europeo, mentre il Governo italiano ancora tace\",\"datePublished\":\"2021-07-13T19:17:50+00:00\",\"mainEntityOfPage\":{\"@id\":\"https:\\\/\\\/www.ilnotiziario.net\\\/wp\\\/brianza\\\/gianetti-caso-parlamento-europeo-governo-italiano\\\/\"},\"wordCount\":516,\"publisher\":{\"@id\":\"https:\\\/\\\/www.ilnotiziario.net\\\/wp\\\/#organization\"},\"image\":{\"@id\":\"https:\\\/\\\/www.ilnotiziario.net\\\/wp\\\/brianza\\\/gianetti-caso-parlamento-europeo-governo-italiano\\\/#primaryimage\"},\"thumbnailUrl\":\"https:\\\/\\\/www.ilnotiziario.net\\\/wp\\\/wp-content\\\/uploads\\\/2021\\\/07\\\/Gianetti-Presidio-Pranzo.jpg\",\"keywords\":[\"Ceriano Laghetto\",\"Gianetti\",\"governo\",\"Lavoro\",\"Parlamento\",\"presidio\",\"Toia\"],\"articleSection\":[\"BRIANZA\",\"NORD MILANO\",\"Prima Pagina\",\"SARONNESE\"],\"inLanguage\":\"it-IT\"},{\"@type\":\"WebPage\",\"@id\":\"https:\\\/\\\/www.ilnotiziario.net\\\/wp\\\/brianza\\\/gianetti-caso-parlamento-europeo-governo-italiano\\\/\",\"url\":\"https:\\\/\\\/www.ilnotiziario.net\\\/wp\\\/brianza\\\/gianetti-caso-parlamento-europeo-governo-italiano\\\/\",\"name\":\"Gianetti, il caso al Parlamento Europeo, mentre il Governo italiano ancora tace - Il Notiziario\",\"isPartOf\":{\"@id\":\"https:\\\/\\\/www.ilnotiziario.net\\\/wp\\\/#website\"},\"primaryImageOfPage\":{\"@id\":\"https:\\\/\\\/www.ilnotiziario.net\\\/wp\\\/brianza\\\/gianetti-caso-parlamento-europeo-governo-italiano\\\/#primaryimage\"},\"image\":{\"@id\":\"https:\\\/\\\/www.ilnotiziario.net\\\/wp\\\/brianza\\\/gianetti-caso-parlamento-europeo-governo-italiano\\\/#primaryimage\"},\"thumbnailUrl\":\"https:\\\/\\\/www.ilnotiziario.net\\\/wp\\\/wp-content\\\/uploads\\\/2021\\\/07\\\/Gianetti-Presidio-Pranzo.jpg\",\"datePublished\":\"2021-07-13T19:17:50+00:00\",\"description\":\"Il caso Gianetti approda anche al Parlamento Europeo, in attesa di avere risposte dal Governo italiano che finora non ha ancora nemmeno convocato le\",\"breadcrumb\":{\"@id\":\"https:\\\/\\\/www.ilnotiziario.net\\\/wp\\\/brianza\\\/gianetti-caso-parlamento-europeo-governo-italiano\\\/#breadcrumb\"},\"inLanguage\":\"it-IT\",\"potentialAction\":[{\"@type\":\"ReadAction\",\"target\":[\"https:\\\/\\\/www.ilnotiziario.net\\\/wp\\\/brianza\\\/gianetti-caso-parlamento-europeo-governo-italiano\\\/\"]}]},{\"@type\":\"ImageObject\",\"inLanguage\":\"it-IT\",\"@id\":\"https:\\\/\\\/www.ilnotiziario.net\\\/wp\\\/brianza\\\/gianetti-caso-parlamento-europeo-governo-italiano\\\/#primaryimage\",\"url\":\"https:\\\/\\\/www.ilnotiziario.net\\\/wp\\\/wp-content\\\/uploads\\\/2021\\\/07\\\/Gianetti-Presidio-Pranzo.jpg\",\"contentUrl\":\"https:\\\/\\\/www.ilnotiziario.net\\\/wp\\\/wp-content\\\/uploads\\\/2021\\\/07\\\/Gianetti-Presidio-Pranzo.jpg\",\"width\":680,\"height\":383,\"caption\":\"Gianetti pranzo\"},{\"@type\":\"BreadcrumbList\",\"@id\":\"https:\\\/\\\/www.ilnotiziario.net\\\/wp\\\/brianza\\\/gianetti-caso-parlamento-europeo-governo-italiano\\\/#breadcrumb\",\"itemListElement\":[{\"@type\":\"ListItem\",\"position\":1,\"name\":\"tds_text_logo_tagline_colortds_text_logo_tagline_colortds_text_logo_tagline_colortds_text_logo_tagline_colortd_module_7_title_excerpttd_module_7_title_excerpttd_module_7_title_excerpttd_module_7_title_excerptHome\",\"item\":\"https:\\\/\\\/www.ilnotiziario.net\\\/wp\\\/\"},{\"@type\":\"ListItem\",\"position\":2,\"name\":\"Gianetti, il caso al Parlamento Europeo, mentre il Governo italiano ancora tace\"}]},{\"@type\":\"WebSite\",\"@id\":\"https:\\\/\\\/www.ilnotiziario.net\\\/wp\\\/#website\",\"url\":\"https:\\\/\\\/www.ilnotiziario.net\\\/wp\\\/\",\"name\":\"Il Notiziario\",\"description\":\"Per restare sempre connessi alla notizia\",\"publisher\":{\"@id\":\"https:\\\/\\\/www.ilnotiziario.net\\\/wp\\\/#organization\"},\"alternateName\":\"Il Notiziario Bollate\",\"potentialAction\":[{\"@type\":\"SearchAction\",\"target\":{\"@type\":\"EntryPoint\",\"urlTemplate\":\"https:\\\/\\\/www.ilnotiziario.net\\\/wp\\\/?s={search_term_string}\"},\"query-input\":{\"@type\":\"PropertyValueSpecification\",\"valueRequired\":true,\"valueName\":\"search_term_string\"}}],\"inLanguage\":\"it-IT\"},{\"@type\":\"Organization\",\"@id\":\"https:\\\/\\\/www.ilnotiziario.net\\\/wp\\\/#organization\",\"name\":\"Il Notiziario\",\"url\":\"https:\\\/\\\/www.ilnotiziario.net\\\/wp\\\/\",\"logo\":{\"@type\":\"ImageObject\",\"inLanguage\":\"it-IT\",\"@id\":\"https:\\\/\\\/www.ilnotiziario.net\\\/wp\\\/#\\\/schema\\\/logo\\\/image\\\/\",\"url\":\"https:\\\/\\\/www.ilnotiziario.net\\\/wp\\\/wp-content\\\/uploads\\\/2022\\\/06\\\/170x170ilN.png\",\"contentUrl\":\"https:\\\/\\\/www.ilnotiziario.net\\\/wp\\\/wp-content\\\/uploads\\\/2022\\\/06\\\/170x170ilN.png\",\"width\":355,\"height\":355,\"caption\":\"Il Notiziario\"},\"image\":{\"@id\":\"https:\\\/\\\/www.ilnotiziario.net\\\/wp\\\/#\\\/schema\\\/logo\\\/image\\\/\"},\"sameAs\":[\"https:\\\/\\\/www.facebook.com\\\/ilnotiziarioind\\\/\",\"https:\\\/\\\/x.com\\\/ilNotiziarioInd\",\"https:\\\/\\\/www.instagram.com\\\/ilnotiziario_settimanale\\\/\"]},{\"@type\":\"Person\",\"@id\":\"https:\\\/\\\/www.ilnotiziario.net\\\/wp\\\/#\\\/schema\\\/person\\\/386e222908f898bb41c033989482bbf2\",\"name\":\"Gabriele Bassani\",\"image\":{\"@type\":\"ImageObject\",\"inLanguage\":\"it-IT\",\"@id\":\"https:\\\/\\\/secure.gravatar.com\\\/avatar\\\/09274f4a84fa97698bde56f84b3afed61c8492d48b0550db9671b68c177479cb?s=96&d=mm&r=g\",\"url\":\"https:\\\/\\\/secure.gravatar.com\\\/avatar\\\/09274f4a84fa97698bde56f84b3afed61c8492d48b0550db9671b68c177479cb?s=96&d=mm&r=g\",\"contentUrl\":\"https:\\\/\\\/secure.gravatar.com\\\/avatar\\\/09274f4a84fa97698bde56f84b3afed61c8492d48b0550db9671b68c177479cb?s=96&d=mm&r=g\",\"caption\":\"Gabriele Bassani\"},\"sameAs\":[\"http:\\\/\\\/www.ilnotiziario.net\"]}]}<\/script>\n<!-- \/ Yoast SEO plugin. -->","yoast_head_json":{"title":"Gianetti, il caso al Parlamento Europeo, mentre il Governo italiano ancora tace - Il Notiziario","description":"Il caso Gianetti approda anche al Parlamento Europeo, in attesa di avere risposte dal Governo italiano che finora non ha ancora nemmeno convocato le","robots":{"index":"index","follow":"follow","max-snippet":"max-snippet:-1","max-image-preview":"max-image-preview:large","max-video-preview":"max-video-preview:-1"},"canonical":"https:\/\/www.ilnotiziario.net\/wp\/brianza\/gianetti-caso-parlamento-europeo-governo-italiano\/","og_locale":"it_IT","og_type":"article","og_title":"Gianetti, il caso al Parlamento Europeo, mentre il Governo italiano ancora tace - Il Notiziario","og_description":"Il caso Gianetti approda anche al Parlamento Europeo, in attesa di avere risposte dal Governo italiano che finora non ha ancora nemmeno convocato le","og_url":"https:\/\/www.ilnotiziario.net\/wp\/brianza\/gianetti-caso-parlamento-europeo-governo-italiano\/","og_site_name":"Il Notiziario","article_publisher":"https:\/\/www.facebook.com\/ilnotiziarioind\/","article_published_time":"2021-07-13T19:17:50+00:00","og_image":[{"width":680,"height":383,"url":"https:\/\/www.ilnotiziario.net\/wp\/wp-content\/uploads\/2021\/07\/Gianetti-Presidio-Pranzo.jpg","type":"image\/jpeg"}],"author":"Gabriele Bassani","twitter_card":"summary_large_image","twitter_creator":"@ilNotiziarioInd","twitter_site":"@ilNotiziarioInd","twitter_misc":{"Scritto da":"Gabriele Bassani","Tempo di lettura stimato":"3 minuti"},"schema":{"@context":"https:\/\/schema.org","@graph":[{"@type":"Article","@id":"https:\/\/www.ilnotiziario.net\/wp\/brianza\/gianetti-caso-parlamento-europeo-governo-italiano\/#article","isPartOf":{"@id":"https:\/\/www.ilnotiziario.net\/wp\/brianza\/gianetti-caso-parlamento-europeo-governo-italiano\/"},"author":{"name":"Gabriele Bassani","@id":"https:\/\/www.ilnotiziario.net\/wp\/#\/schema\/person\/386e222908f898bb41c033989482bbf2"},"headline":"Gianetti, il caso al Parlamento Europeo, mentre il Governo italiano ancora tace","datePublished":"2021-07-13T19:17:50+00:00","mainEntityOfPage":{"@id":"https:\/\/www.ilnotiziario.net\/wp\/brianza\/gianetti-caso-parlamento-europeo-governo-italiano\/"},"wordCount":516,"publisher":{"@id":"https:\/\/www.ilnotiziario.net\/wp\/#organization"},"image":{"@id":"https:\/\/www.ilnotiziario.net\/wp\/brianza\/gianetti-caso-parlamento-europeo-governo-italiano\/#primaryimage"},"thumbnailUrl":"https:\/\/www.ilnotiziario.net\/wp\/wp-content\/uploads\/2021\/07\/Gianetti-Presidio-Pranzo.jpg","keywords":["Ceriano Laghetto","Gianetti","governo","Lavoro","Parlamento","presidio","Toia"],"articleSection":["BRIANZA","NORD MILANO","Prima Pagina","SARONNESE"],"inLanguage":"it-IT"},{"@type":"WebPage","@id":"https:\/\/www.ilnotiziario.net\/wp\/brianza\/gianetti-caso-parlamento-europeo-governo-italiano\/","url":"https:\/\/www.ilnotiziario.net\/wp\/brianza\/gianetti-caso-parlamento-europeo-governo-italiano\/","name":"Gianetti, il caso al Parlamento Europeo, mentre il Governo italiano ancora tace - Il Notiziario","isPartOf":{"@id":"https:\/\/www.ilnotiziario.net\/wp\/#website"},"primaryImageOfPage":{"@id":"https:\/\/www.ilnotiziario.net\/wp\/brianza\/gianetti-caso-parlamento-europeo-governo-italiano\/#primaryimage"},"image":{"@id":"https:\/\/www.ilnotiziario.net\/wp\/brianza\/gianetti-caso-parlamento-europeo-governo-italiano\/#primaryimage"},"thumbnailUrl":"https:\/\/www.ilnotiziario.net\/wp\/wp-content\/uploads\/2021\/07\/Gianetti-Presidio-Pranzo.jpg","datePublished":"2021-07-13T19:17:50+00:00","description":"Il caso Gianetti approda anche al Parlamento Europeo, in attesa di avere risposte dal Governo italiano che finora non ha ancora nemmeno convocato le","breadcrumb":{"@id":"https:\/\/www.ilnotiziario.net\/wp\/brianza\/gianetti-caso-parlamento-europeo-governo-italiano\/#breadcrumb"},"inLanguage":"it-IT","potentialAction":[{"@type":"ReadAction","target":["https:\/\/www.ilnotiziario.net\/wp\/brianza\/gianetti-caso-parlamento-europeo-governo-italiano\/"]}]},{"@type":"ImageObject","inLanguage":"it-IT","@id":"https:\/\/www.ilnotiziario.net\/wp\/brianza\/gianetti-caso-parlamento-europeo-governo-italiano\/#primaryimage","url":"https:\/\/www.ilnotiziario.net\/wp\/wp-content\/uploads\/2021\/07\/Gianetti-Presidio-Pranzo.jpg","contentUrl":"https:\/\/www.ilnotiziario.net\/wp\/wp-content\/uploads\/2021\/07\/Gianetti-Presidio-Pranzo.jpg","width":680,"height":383,"caption":"Gianetti pranzo"},{"@type":"BreadcrumbList","@id":"https:\/\/www.ilnotiziario.net\/wp\/brianza\/gianetti-caso-parlamento-europeo-governo-italiano\/#breadcrumb","itemListElement":[{"@type":"ListItem","position":1,"name":"tds_text_logo_tagline_colortds_text_logo_tagline_colortds_text_logo_tagline_colortds_text_logo_tagline_colortd_module_7_title_excerpttd_module_7_title_excerpttd_module_7_title_excerpttd_module_7_title_excerptHome","item":"https:\/\/www.ilnotiziario.net\/wp\/"},{"@type":"ListItem","position":2,"name":"Gianetti, il caso al Parlamento Europeo, mentre il Governo italiano ancora tace"}]},{"@type":"WebSite","@id":"https:\/\/www.ilnotiziario.net\/wp\/#website","url":"https:\/\/www.ilnotiziario.net\/wp\/","name":"Il Notiziario","description":"Per restare sempre connessi alla notizia","publisher":{"@id":"https:\/\/www.ilnotiziario.net\/wp\/#organization"},"alternateName":"Il Notiziario Bollate","potentialAction":[{"@type":"SearchAction","target":{"@type":"EntryPoint","urlTemplate":"https:\/\/www.ilnotiziario.net\/wp\/?s={search_term_string}"},"query-input":{"@type":"PropertyValueSpecification","valueRequired":true,"valueName":"search_term_string"}}],"inLanguage":"it-IT"},{"@type":"Organization","@id":"https:\/\/www.ilnotiziario.net\/wp\/#organization","name":"Il Notiziario","url":"https:\/\/www.ilnotiziario.net\/wp\/","logo":{"@type":"ImageObject","inLanguage":"it-IT","@id":"https:\/\/www.ilnotiziario.net\/wp\/#\/schema\/logo\/image\/","url":"https:\/\/www.ilnotiziario.net\/wp\/wp-content\/uploads\/2022\/06\/170x170ilN.png","contentUrl":"https:\/\/www.ilnotiziario.net\/wp\/wp-content\/uploads\/2022\/06\/170x170ilN.png","width":355,"height":355,"caption":"Il Notiziario"},"image":{"@id":"https:\/\/www.ilnotiziario.net\/wp\/#\/schema\/logo\/image\/"},"sameAs":["https:\/\/www.facebook.com\/ilnotiziarioind\/","https:\/\/x.com\/ilNotiziarioInd","https:\/\/www.instagram.com\/ilnotiziario_settimanale\/"]},{"@type":"Person","@id":"https:\/\/www.ilnotiziario.net\/wp\/#\/schema\/person\/386e222908f898bb41c033989482bbf2","name":"Gabriele Bassani","image":{"@type":"ImageObject","inLanguage":"it-IT","@id":"https:\/\/secure.gravatar.com\/avatar\/09274f4a84fa97698bde56f84b3afed61c8492d48b0550db9671b68c177479cb?s=96&d=mm&r=g","url":"https:\/\/secure.gravatar.com\/avatar\/09274f4a84fa97698bde56f84b3afed61c8492d48b0550db9671b68c177479cb?s=96&d=mm&r=g","contentUrl":"https:\/\/secure.gravatar.com\/avatar\/09274f4a84fa97698bde56f84b3afed61c8492d48b0550db9671b68c177479cb?s=96&d=mm&r=g","caption":"Gabriele Bassani"},"sameAs":["http:\/\/www.ilnotiziario.net"]}]}},"_links":{"self":[{"href":"https:\/\/www.ilnotiziario.net\/wp\/wp-json\/wp\/v2\/posts\/154272","targetHints":{"allow":["GET"]}}],"collection":[{"href":"https:\/\/www.ilnotiziario.net\/wp\/wp-json\/wp\/v2\/posts"}],"about":[{"href":"https:\/\/www.ilnotiziario.net\/wp\/wp-json\/wp\/v2\/types\/post"}],"author":[{"embeddable":true,"href":"https:\/\/www.ilnotiziario.net\/wp\/wp-json\/wp\/v2\/users\/3"}],"replies":[{"embeddable":true,"href":"https:\/\/www.ilnotiziario.net\/wp\/wp-json\/wp\/v2\/comments?post=154272"}],"version-history":[{"count":0,"href":"https:\/\/www.ilnotiziario.net\/wp\/wp-json\/wp\/v2\/posts\/154272\/revisions"}],"wp:featuredmedia":[{"embeddable":true,"href":"https:\/\/www.ilnotiziario.net\/wp\/wp-json\/wp\/v2\/media\/154274"}],"wp:attachment":[{"href":"https:\/\/www.ilnotiziario.net\/wp\/wp-json\/wp\/v2\/media?parent=154272"}],"wp:term":[{"taxonomy":"category","embeddable":true,"href":"https:\/\/www.ilnotiziario.net\/wp\/wp-json\/wp\/v2\/categories?post=154272"},{"taxonomy":"post_tag","embeddable":true,"href":"https:\/\/www.ilnotiziario.net\/wp\/wp-json\/wp\/v2\/tags?post=154272"}],"curies":[{"name":"wp","href":"https:\/\/api.w.org\/{rel}","templated":true}]}}