{"id":154907,"date":"2021-07-31T19:19:46","date_gmt":"2021-07-31T17:19:46","guid":{"rendered":"https:\/\/www.ilnotiziario.net\/wp\/?p=154907"},"modified":"2021-07-31T19:20:51","modified_gmt":"2021-07-31T17:20:51","slug":"atypical-recensione-finale-autismo-serie","status":"publish","type":"post","link":"https:\/\/www.ilnotiziario.net\/wp\/serietv\/atypical-recensione-finale-autismo-serie\/","title":{"rendered":"Atypical, recensione finale: l&#8217;autismo in una serie tv coraggiosa"},"content":{"rendered":"<p><img fetchpriority=\"high\" decoding=\"async\" class=\"aligncenter wp-image-154908 size-medium\" src=\"https:\/\/www.ilnotiziario.net\/wp\/wp-content\/uploads\/2021\/07\/Atypical-300x169.jpg\" alt=\"\" width=\"300\" height=\"169\" srcset=\"https:\/\/www.ilnotiziario.net\/wp\/wp-content\/uploads\/2021\/07\/Atypical-300x169.jpg 300w, https:\/\/www.ilnotiziario.net\/wp\/wp-content\/uploads\/2021\/07\/Atypical-1024x576.jpg 1024w, https:\/\/www.ilnotiziario.net\/wp\/wp-content\/uploads\/2021\/07\/Atypical-768x432.jpg 768w, https:\/\/www.ilnotiziario.net\/wp\/wp-content\/uploads\/2021\/07\/Atypical-696x392.jpg 696w, https:\/\/www.ilnotiziario.net\/wp\/wp-content\/uploads\/2021\/07\/Atypical-1068x601.jpg 1068w, https:\/\/www.ilnotiziario.net\/wp\/wp-content\/uploads\/2021\/07\/Atypical.jpg 1280w\" sizes=\"(max-width: 300px) 100vw, 300px\" \/><\/p>\n<p>L\u2019autismo in una serie televisiva. C\u2019\u00e8 una produzione originale Netflix, ATYPICAL, che affronta questo tema in modo leggero e costruttivo, raccontando le vicende di un ragazzo 18enne affetto dalla sindrome di Asperger: <strong>la sua scoperta del sesso, le relazioni coi compagni di scuola, i contrasti con la famiglia, il desiderio d\u2019indipendenza<\/strong> pur tra mille ostacoli.<\/p><div id=\"ilnot-175736036\" class=\"ilnot-contenuto ilnot-entity-placement\"><p><!-- incontent_1 --><\/p>\n<div class=\"gptslot\" data-adunitid=\"1\"><\/div>\n<\/div>\n<p><img decoding=\"async\" class=\"aligncenter wp-image-154909 size-medium\" src=\"https:\/\/www.ilnotiziario.net\/wp\/wp-content\/uploads\/2021\/07\/atypical-01-696x464-1-300x200.jpg\" alt=\"\" width=\"300\" height=\"200\" srcset=\"https:\/\/www.ilnotiziario.net\/wp\/wp-content\/uploads\/2021\/07\/atypical-01-696x464-1-300x200.jpg 300w, https:\/\/www.ilnotiziario.net\/wp\/wp-content\/uploads\/2021\/07\/atypical-01-696x464-1.jpg 696w\" sizes=\"(max-width: 300px) 100vw, 300px\" \/><\/p>\n<p>S\u00ec, perch\u00e9 Sam, il protagonista, grande esperto di pinguini (la sua passione), in fondo \u00e8 <strong>un ragazzo come tutti gli altri, che ha bisogno di relazionarsi e, soprattutto, di essere capito.<\/strong> Dalla sua ha una famiglia che lo ama tantissimo, la terapeuta Julia che lo aiuta nel suo percorso di crescita, e l\u2019amico Zahid, un collega di lavoro singolare. Ovviamente Sam deve combattere ogni giorno con le sue fobie, deve affrontare il bullismo di chi a scuola non lo capisce e lo considera \u201cstrano\u201d, oltre ad altre mille altre difficolt\u00e0.<\/p>\n<p><img decoding=\"async\" class=\"alignnone size-medium wp-image-154910\" src=\"https:\/\/www.ilnotiziario.net\/wp\/wp-content\/uploads\/2021\/07\/atypical_netflix-300x188.jpg\" alt=\"\" width=\"300\" height=\"188\" srcset=\"https:\/\/www.ilnotiziario.net\/wp\/wp-content\/uploads\/2021\/07\/atypical_netflix-300x188.jpg 300w, https:\/\/www.ilnotiziario.net\/wp\/wp-content\/uploads\/2021\/07\/atypical_netflix-1024x641.jpg 1024w, https:\/\/www.ilnotiziario.net\/wp\/wp-content\/uploads\/2021\/07\/atypical_netflix-768x481.jpg 768w, https:\/\/www.ilnotiziario.net\/wp\/wp-content\/uploads\/2021\/07\/atypical_netflix-1536x961.jpg 1536w, https:\/\/www.ilnotiziario.net\/wp\/wp-content\/uploads\/2021\/07\/atypical_netflix-2048x1282.jpg 2048w, https:\/\/www.ilnotiziario.net\/wp\/wp-content\/uploads\/2021\/07\/atypical_netflix-696x436.jpg 696w, https:\/\/www.ilnotiziario.net\/wp\/wp-content\/uploads\/2021\/07\/atypical_netflix-1392x871.jpg 1392w, https:\/\/www.ilnotiziario.net\/wp\/wp-content\/uploads\/2021\/07\/atypical_netflix-1068x669.jpg 1068w\" sizes=\"(max-width: 300px) 100vw, 300px\" \/>Le avventure di Sam si sono concluse con la quarta stagione di ATYPICAL, uscita questo mese sul colosso dello streaming. Una stagione che chiude un cerchio: <strong>dopo avere superato paure e insicurezze, il protagonista raggiunge il suo sogno<\/strong> grazie a una determinazione fuori dal comune e col pieno appoggio della famiglia. Se lui \u00e8 atipico lo \u00e8 anche la sorella Casey, alla scoperta della sua sessualit\u00e0, e la fidanzata Page, fuori le righe quanto Zahid (perch\u00e9 tutti a modo nostro siamo atipici).<\/p><div id=\"ilnot-147345260\" class=\"ilnot-contenuto_2 ilnot-entity-placement\"><div class=\"ads-wrapper\">\n<div class=\"ad-slot\">\n   <div id=\"ilnot-980262539\" style=\"margin-right: auto;margin-left: auto;text-align: center;width: 320px;height: 100px;\"><a href=\"https:\/\/www.scuolasicurezza.it\/\"><img decoding=\"async\" src=\"https:\/\/www.ilnotiziario.net\/wp\/wp-content\/uploads\/2026\/04\/IlNotiziario_banner-sito-e-newsletter-320-x-100-px-1.gif\" alt=\"\"><\/a><\/div>\n  <\/div>\n<div class=\"ad-slot\">\n   <div id=\"ilnot-1199386936\" style=\"margin-right: auto;margin-left: auto;text-align: center;width: 320px;height: 100px;\"><a href=\"https:\/\/purodesignarredamenti.com\/\"><img decoding=\"async\" src=\"https:\/\/www.ilnotiziario.net\/wp\/wp-content\/uploads\/2026\/04\/banner-puro-ok.gif\" alt=\"whatsapp\"><\/a><\/div><\/p><\/div>\n<\/div>\n<\/div>\n<p>Il bravissimo interprete di Sam, Keir Gilchrist, si cala perfettamente nei panni di un giovane autistico dimostrando notevoli doti attoriali, <strong>prendendo per mano lo spettatore e rendendolo partecipe del coinvolgente viaggio di Sam<\/strong> alla scoperta di s\u00e9. Notevole l\u2019apporto dato alla serie dagli altrettanto bravi Jennifer Jason Leigh (mamma Elsa) e Michael Rapaport (pap\u00e0 Doug).<\/p>\n<p><img loading=\"lazy\" decoding=\"async\" class=\"alignnone size-medium wp-image-154911\" src=\"https:\/\/www.ilnotiziario.net\/wp\/wp-content\/uploads\/2021\/07\/atypical-4_netflix-300x188.jpg\" alt=\"\" width=\"300\" height=\"188\" srcset=\"https:\/\/www.ilnotiziario.net\/wp\/wp-content\/uploads\/2021\/07\/atypical-4_netflix-300x188.jpg 300w, https:\/\/www.ilnotiziario.net\/wp\/wp-content\/uploads\/2021\/07\/atypical-4_netflix-1024x641.jpg 1024w, https:\/\/www.ilnotiziario.net\/wp\/wp-content\/uploads\/2021\/07\/atypical-4_netflix-768x481.jpg 768w, https:\/\/www.ilnotiziario.net\/wp\/wp-content\/uploads\/2021\/07\/atypical-4_netflix-1536x961.jpg 1536w, https:\/\/www.ilnotiziario.net\/wp\/wp-content\/uploads\/2021\/07\/atypical-4_netflix-2048x1282.jpg 2048w, https:\/\/www.ilnotiziario.net\/wp\/wp-content\/uploads\/2021\/07\/atypical-4_netflix-696x436.jpg 696w, https:\/\/www.ilnotiziario.net\/wp\/wp-content\/uploads\/2021\/07\/atypical-4_netflix-1392x871.jpg 1392w, https:\/\/www.ilnotiziario.net\/wp\/wp-content\/uploads\/2021\/07\/atypical-4_netflix-1068x669.jpg 1068w\" sizes=\"(max-width: 300px) 100vw, 300px\" \/>Ci sono state associazioni di genitori con figli autistici che hanno <strong>criticato la serie per avere affrontato con troppa leggerezza<\/strong> e anche comicit\u00e0 una malattia cos\u00ec complicata, ma dal nostro punto di vista sta proprio qui la forza di ATYPICAL: trattare un tema atipico come l\u2019Asperger nei suoi risvolti pi\u00f9 normali. Perch\u00e9 <strong>anche chi soffre di queste patologie vive i nostri stessi d\u2019animo, le nostre stesse emozioni<\/strong>, ha bisogni ed esigenze molto simili a quelli di tutti. E al pubblico \u00e8 piaciuta se la serie \u00e8 arrivata alla quarta stagione.<\/p>\n<p>Un solo rammarico: ci sarebbe piaciuto vedere Sam in Antartide, fra i suoi amati pinguini.<\/p><div id=\"ilnot-4113368235\" class=\"ilnot-contenuto_2-2 ilnot-entity-placement\"><div class=\"gptslot\" data-adunitid=\"2\"><\/div>\n<\/div>\n<p>Qui trovate tutte le nostre recensioni<\/p>\n<p><a href=\"https:\/\/l.facebook.com\/l.php?u=https%3A%2F%2Fwww.ilnotiziario.net%2Fwp%2Fserie-tv%2F%3Ffbclid%3DIwAR2u3xGJM7GOd-dLZImbzptHlAiSSiuKWblHPukzZBe_itwZOVhS1g88wjE&amp;h=AT1nZILR4KwF4CRZDWa1x1TlyJd6i0JJ6EILp-fbjzBIk9ltM-icRJaUJfHaakKj-9mVjzVVQ6wkLYksZd73OB-yK7idQLsIaFYZmYX6OTM7joM_uVHJyw1jF-G8ICquVVhV&amp;__tn__=-UK-R&amp;c%5b0%5d=AT27Lq6WuWV0qsC8eq9d5TsoNiXu2fuyxq9M7r9du02UCi5AZZz8ZU5q3eERYkvvIy8GZ_Ao5EIbm_v-y3E9Xm_q8zmutV8M5ynJP1dWQXURyKbC-AczbvCyhpecTrCOY0bdLAVqINw83rBAIAkj5DbaQo-GJ0vIotFKvGFg32QJM2abhODYgjWT6Wgx-e1G5LLUwVrU\">https:\/\/www.ilnotiziario.net\/wp\/serie-tv\/<\/a><\/p>\n<p>&nbsp;<\/p>\n","protected":false},"excerpt":{"rendered":"<p>L\u2019autismo in una serie televisiva. C\u2019\u00e8 una produzione originale Netflix, ATYPICAL, che affronta questo tema in modo leggero e costruttivo, raccontando le vicende di un ragazzo 18enne affetto dalla sindrome di Asperger: la sua scoperta del sesso, le relazioni coi compagni di scuola, i contrasti con la famiglia, il desiderio d\u2019indipendenza pur tra mille ostacoli.<\/p>\n","protected":false},"author":6,"featured_media":154908,"comment_status":"closed","ping_status":"closed","sticky":false,"template":"","format":"standard","meta":{"footnotes":""},"categories":[6756],"tags":[9078,6759,7900,6757],"class_list":{"0":"post-154907","1":"post","2":"type-post","3":"status-publish","4":"format-standard","5":"has-post-thumbnail","7":"category-serietv","8":"tag-atypical","9":"tag-netflix","10":"tag-recensione","11":"tag-serie-tv"},"yoast_head":"<!-- This site is optimized with the Yoast SEO plugin v27.4 - https:\/\/yoast.com\/product\/yoast-seo-wordpress\/ -->\n<title>Atypical, recensione finale: l&#039;autismo in una serie tv coraggiosa - Il Notiziario<\/title>\n<meta name=\"description\" content=\"L\u2019autismo in una serie televisiva. C\u2019\u00e8 una produzione originale Netflix, ATYPICAL, che affronta questo tema in modo leggero e costruttivo, raccontando le La recensione finale di Atypical, una serie che tratta l&#039;autismo come mai nessuno ha fatto\" \/>\n<meta name=\"robots\" content=\"index, follow, max-snippet:-1, max-image-preview:large, max-video-preview:-1\" \/>\n<link rel=\"canonical\" href=\"https:\/\/www.ilnotiziario.net\/wp\/serietv\/atypical-recensione-finale-autismo-serie\/\" \/>\n<meta property=\"og:locale\" content=\"it_IT\" \/>\n<meta property=\"og:type\" content=\"article\" \/>\n<meta property=\"og:title\" content=\"Atypical, recensione finale: l&#039;autismo in una serie tv coraggiosa - Il Notiziario\" \/>\n<meta property=\"og:description\" content=\"L\u2019autismo in una serie televisiva. C\u2019\u00e8 una produzione originale Netflix, ATYPICAL, che affronta questo tema in modo leggero e costruttivo, raccontando le La recensione finale di Atypical, una serie che tratta l&#039;autismo come mai nessuno ha fatto\" \/>\n<meta property=\"og:url\" content=\"https:\/\/www.ilnotiziario.net\/wp\/serietv\/atypical-recensione-finale-autismo-serie\/\" \/>\n<meta property=\"og:site_name\" content=\"Il Notiziario\" \/>\n<meta property=\"article:publisher\" content=\"https:\/\/www.facebook.com\/ilnotiziarioind\/\" \/>\n<meta property=\"article:published_time\" content=\"2021-07-31T17:19:46+00:00\" \/>\n<meta property=\"article:modified_time\" content=\"2021-07-31T17:20:51+00:00\" \/>\n<meta property=\"og:image\" content=\"https:\/\/www.ilnotiziario.net\/wp\/wp-content\/uploads\/2021\/07\/Atypical.jpg\" \/>\n\t<meta property=\"og:image:width\" content=\"1280\" \/>\n\t<meta property=\"og:image:height\" content=\"720\" \/>\n\t<meta property=\"og:image:type\" content=\"image\/jpeg\" \/>\n<meta name=\"author\" content=\"Stefano Di Maria\" \/>\n<meta name=\"twitter:card\" content=\"summary_large_image\" \/>\n<meta name=\"twitter:creator\" content=\"@ilNotiziarioInd\" \/>\n<meta name=\"twitter:site\" content=\"@ilNotiziarioInd\" \/>\n<meta name=\"twitter:label1\" content=\"Scritto da\" \/>\n\t<meta name=\"twitter:data1\" content=\"Stefano Di Maria\" \/>\n\t<meta name=\"twitter:label2\" content=\"Tempo di lettura stimato\" \/>\n\t<meta name=\"twitter:data2\" content=\"3 minuti\" \/>\n<script type=\"application\/ld+json\" class=\"yoast-schema-graph\">{\"@context\":\"https:\\\/\\\/schema.org\",\"@graph\":[{\"@type\":\"Article\",\"@id\":\"https:\\\/\\\/www.ilnotiziario.net\\\/wp\\\/serietv\\\/atypical-recensione-finale-autismo-serie\\\/#article\",\"isPartOf\":{\"@id\":\"https:\\\/\\\/www.ilnotiziario.net\\\/wp\\\/serietv\\\/atypical-recensione-finale-autismo-serie\\\/\"},\"author\":{\"name\":\"Stefano Di Maria\",\"@id\":\"https:\\\/\\\/www.ilnotiziario.net\\\/wp\\\/#\\\/schema\\\/person\\\/82fdd8795bbed42a4164047853b6efe7\"},\"headline\":\"Atypical, recensione finale: l&#8217;autismo in una serie tv coraggiosa\",\"datePublished\":\"2021-07-31T17:19:46+00:00\",\"dateModified\":\"2021-07-31T17:20:51+00:00\",\"mainEntityOfPage\":{\"@id\":\"https:\\\/\\\/www.ilnotiziario.net\\\/wp\\\/serietv\\\/atypical-recensione-finale-autismo-serie\\\/\"},\"wordCount\":411,\"publisher\":{\"@id\":\"https:\\\/\\\/www.ilnotiziario.net\\\/wp\\\/#organization\"},\"image\":{\"@id\":\"https:\\\/\\\/www.ilnotiziario.net\\\/wp\\\/serietv\\\/atypical-recensione-finale-autismo-serie\\\/#primaryimage\"},\"thumbnailUrl\":\"https:\\\/\\\/www.ilnotiziario.net\\\/wp\\\/wp-content\\\/uploads\\\/2021\\\/07\\\/Atypical.jpg\",\"keywords\":[\"Atypical\",\"netflix\",\"recensione\",\"serie tv\"],\"articleSection\":[\"SERIE TV\"],\"inLanguage\":\"it-IT\"},{\"@type\":\"WebPage\",\"@id\":\"https:\\\/\\\/www.ilnotiziario.net\\\/wp\\\/serietv\\\/atypical-recensione-finale-autismo-serie\\\/\",\"url\":\"https:\\\/\\\/www.ilnotiziario.net\\\/wp\\\/serietv\\\/atypical-recensione-finale-autismo-serie\\\/\",\"name\":\"Atypical, recensione finale: l'autismo in una serie tv coraggiosa - Il Notiziario\",\"isPartOf\":{\"@id\":\"https:\\\/\\\/www.ilnotiziario.net\\\/wp\\\/#website\"},\"primaryImageOfPage\":{\"@id\":\"https:\\\/\\\/www.ilnotiziario.net\\\/wp\\\/serietv\\\/atypical-recensione-finale-autismo-serie\\\/#primaryimage\"},\"image\":{\"@id\":\"https:\\\/\\\/www.ilnotiziario.net\\\/wp\\\/serietv\\\/atypical-recensione-finale-autismo-serie\\\/#primaryimage\"},\"thumbnailUrl\":\"https:\\\/\\\/www.ilnotiziario.net\\\/wp\\\/wp-content\\\/uploads\\\/2021\\\/07\\\/Atypical.jpg\",\"datePublished\":\"2021-07-31T17:19:46+00:00\",\"dateModified\":\"2021-07-31T17:20:51+00:00\",\"description\":\"L\u2019autismo in una serie televisiva. C\u2019\u00e8 una produzione originale Netflix, ATYPICAL, che affronta questo tema in modo leggero e costruttivo, raccontando le La recensione finale di Atypical, una serie che tratta l'autismo come mai nessuno ha fatto\",\"breadcrumb\":{\"@id\":\"https:\\\/\\\/www.ilnotiziario.net\\\/wp\\\/serietv\\\/atypical-recensione-finale-autismo-serie\\\/#breadcrumb\"},\"inLanguage\":\"it-IT\",\"potentialAction\":[{\"@type\":\"ReadAction\",\"target\":[\"https:\\\/\\\/www.ilnotiziario.net\\\/wp\\\/serietv\\\/atypical-recensione-finale-autismo-serie\\\/\"]}]},{\"@type\":\"ImageObject\",\"inLanguage\":\"it-IT\",\"@id\":\"https:\\\/\\\/www.ilnotiziario.net\\\/wp\\\/serietv\\\/atypical-recensione-finale-autismo-serie\\\/#primaryimage\",\"url\":\"https:\\\/\\\/www.ilnotiziario.net\\\/wp\\\/wp-content\\\/uploads\\\/2021\\\/07\\\/Atypical.jpg\",\"contentUrl\":\"https:\\\/\\\/www.ilnotiziario.net\\\/wp\\\/wp-content\\\/uploads\\\/2021\\\/07\\\/Atypical.jpg\",\"width\":1280,\"height\":720},{\"@type\":\"BreadcrumbList\",\"@id\":\"https:\\\/\\\/www.ilnotiziario.net\\\/wp\\\/serietv\\\/atypical-recensione-finale-autismo-serie\\\/#breadcrumb\",\"itemListElement\":[{\"@type\":\"ListItem\",\"position\":1,\"name\":\"tds_text_logo_tagline_colortds_text_logo_tagline_colortds_text_logo_tagline_colortds_text_logo_tagline_colortd_module_7_title_excerpttd_module_7_title_excerpttd_module_7_title_excerpttd_module_7_title_excerptHome\",\"item\":\"https:\\\/\\\/www.ilnotiziario.net\\\/wp\\\/\"},{\"@type\":\"ListItem\",\"position\":2,\"name\":\"Atypical, recensione finale: l&#8217;autismo in una serie tv coraggiosa\"}]},{\"@type\":\"WebSite\",\"@id\":\"https:\\\/\\\/www.ilnotiziario.net\\\/wp\\\/#website\",\"url\":\"https:\\\/\\\/www.ilnotiziario.net\\\/wp\\\/\",\"name\":\"Il Notiziario\",\"description\":\"Per restare sempre connessi alla notizia\",\"publisher\":{\"@id\":\"https:\\\/\\\/www.ilnotiziario.net\\\/wp\\\/#organization\"},\"alternateName\":\"Il Notiziario Bollate\",\"potentialAction\":[{\"@type\":\"SearchAction\",\"target\":{\"@type\":\"EntryPoint\",\"urlTemplate\":\"https:\\\/\\\/www.ilnotiziario.net\\\/wp\\\/?s={search_term_string}\"},\"query-input\":{\"@type\":\"PropertyValueSpecification\",\"valueRequired\":true,\"valueName\":\"search_term_string\"}}],\"inLanguage\":\"it-IT\"},{\"@type\":\"Organization\",\"@id\":\"https:\\\/\\\/www.ilnotiziario.net\\\/wp\\\/#organization\",\"name\":\"Il Notiziario\",\"url\":\"https:\\\/\\\/www.ilnotiziario.net\\\/wp\\\/\",\"logo\":{\"@type\":\"ImageObject\",\"inLanguage\":\"it-IT\",\"@id\":\"https:\\\/\\\/www.ilnotiziario.net\\\/wp\\\/#\\\/schema\\\/logo\\\/image\\\/\",\"url\":\"https:\\\/\\\/www.ilnotiziario.net\\\/wp\\\/wp-content\\\/uploads\\\/2022\\\/06\\\/170x170ilN.png\",\"contentUrl\":\"https:\\\/\\\/www.ilnotiziario.net\\\/wp\\\/wp-content\\\/uploads\\\/2022\\\/06\\\/170x170ilN.png\",\"width\":355,\"height\":355,\"caption\":\"Il Notiziario\"},\"image\":{\"@id\":\"https:\\\/\\\/www.ilnotiziario.net\\\/wp\\\/#\\\/schema\\\/logo\\\/image\\\/\"},\"sameAs\":[\"https:\\\/\\\/www.facebook.com\\\/ilnotiziarioind\\\/\",\"https:\\\/\\\/x.com\\\/ilNotiziarioInd\",\"https:\\\/\\\/www.instagram.com\\\/ilnotiziario_settimanale\\\/\"]},{\"@type\":\"Person\",\"@id\":\"https:\\\/\\\/www.ilnotiziario.net\\\/wp\\\/#\\\/schema\\\/person\\\/82fdd8795bbed42a4164047853b6efe7\",\"name\":\"Stefano Di Maria\",\"image\":{\"@type\":\"ImageObject\",\"inLanguage\":\"it-IT\",\"@id\":\"https:\\\/\\\/secure.gravatar.com\\\/avatar\\\/b3163d1e75da759bd0a681248e88a87d84bdd563fec9b060a3ae82742880745a?s=96&d=mm&r=g\",\"url\":\"https:\\\/\\\/secure.gravatar.com\\\/avatar\\\/b3163d1e75da759bd0a681248e88a87d84bdd563fec9b060a3ae82742880745a?s=96&d=mm&r=g\",\"contentUrl\":\"https:\\\/\\\/secure.gravatar.com\\\/avatar\\\/b3163d1e75da759bd0a681248e88a87d84bdd563fec9b060a3ae82742880745a?s=96&d=mm&r=g\",\"caption\":\"Stefano Di Maria\"},\"sameAs\":[\"http:\\\/\\\/www.ilnotiziario.net\"]}]}<\/script>\n<!-- \/ Yoast SEO plugin. -->","yoast_head_json":{"title":"Atypical, recensione finale: l'autismo in una serie tv coraggiosa - Il Notiziario","description":"L\u2019autismo in una serie televisiva. C\u2019\u00e8 una produzione originale Netflix, ATYPICAL, che affronta questo tema in modo leggero e costruttivo, raccontando le La recensione finale di Atypical, una serie che tratta l'autismo come mai nessuno ha fatto","robots":{"index":"index","follow":"follow","max-snippet":"max-snippet:-1","max-image-preview":"max-image-preview:large","max-video-preview":"max-video-preview:-1"},"canonical":"https:\/\/www.ilnotiziario.net\/wp\/serietv\/atypical-recensione-finale-autismo-serie\/","og_locale":"it_IT","og_type":"article","og_title":"Atypical, recensione finale: l'autismo in una serie tv coraggiosa - Il Notiziario","og_description":"L\u2019autismo in una serie televisiva. C\u2019\u00e8 una produzione originale Netflix, ATYPICAL, che affronta questo tema in modo leggero e costruttivo, raccontando le La recensione finale di Atypical, una serie che tratta l'autismo come mai nessuno ha fatto","og_url":"https:\/\/www.ilnotiziario.net\/wp\/serietv\/atypical-recensione-finale-autismo-serie\/","og_site_name":"Il Notiziario","article_publisher":"https:\/\/www.facebook.com\/ilnotiziarioind\/","article_published_time":"2021-07-31T17:19:46+00:00","article_modified_time":"2021-07-31T17:20:51+00:00","og_image":[{"width":1280,"height":720,"url":"https:\/\/www.ilnotiziario.net\/wp\/wp-content\/uploads\/2021\/07\/Atypical.jpg","type":"image\/jpeg"}],"author":"Stefano Di Maria","twitter_card":"summary_large_image","twitter_creator":"@ilNotiziarioInd","twitter_site":"@ilNotiziarioInd","twitter_misc":{"Scritto da":"Stefano Di Maria","Tempo di lettura stimato":"3 minuti"},"schema":{"@context":"https:\/\/schema.org","@graph":[{"@type":"Article","@id":"https:\/\/www.ilnotiziario.net\/wp\/serietv\/atypical-recensione-finale-autismo-serie\/#article","isPartOf":{"@id":"https:\/\/www.ilnotiziario.net\/wp\/serietv\/atypical-recensione-finale-autismo-serie\/"},"author":{"name":"Stefano Di Maria","@id":"https:\/\/www.ilnotiziario.net\/wp\/#\/schema\/person\/82fdd8795bbed42a4164047853b6efe7"},"headline":"Atypical, recensione finale: l&#8217;autismo in una serie tv coraggiosa","datePublished":"2021-07-31T17:19:46+00:00","dateModified":"2021-07-31T17:20:51+00:00","mainEntityOfPage":{"@id":"https:\/\/www.ilnotiziario.net\/wp\/serietv\/atypical-recensione-finale-autismo-serie\/"},"wordCount":411,"publisher":{"@id":"https:\/\/www.ilnotiziario.net\/wp\/#organization"},"image":{"@id":"https:\/\/www.ilnotiziario.net\/wp\/serietv\/atypical-recensione-finale-autismo-serie\/#primaryimage"},"thumbnailUrl":"https:\/\/www.ilnotiziario.net\/wp\/wp-content\/uploads\/2021\/07\/Atypical.jpg","keywords":["Atypical","netflix","recensione","serie tv"],"articleSection":["SERIE TV"],"inLanguage":"it-IT"},{"@type":"WebPage","@id":"https:\/\/www.ilnotiziario.net\/wp\/serietv\/atypical-recensione-finale-autismo-serie\/","url":"https:\/\/www.ilnotiziario.net\/wp\/serietv\/atypical-recensione-finale-autismo-serie\/","name":"Atypical, recensione finale: l'autismo in una serie tv coraggiosa - Il Notiziario","isPartOf":{"@id":"https:\/\/www.ilnotiziario.net\/wp\/#website"},"primaryImageOfPage":{"@id":"https:\/\/www.ilnotiziario.net\/wp\/serietv\/atypical-recensione-finale-autismo-serie\/#primaryimage"},"image":{"@id":"https:\/\/www.ilnotiziario.net\/wp\/serietv\/atypical-recensione-finale-autismo-serie\/#primaryimage"},"thumbnailUrl":"https:\/\/www.ilnotiziario.net\/wp\/wp-content\/uploads\/2021\/07\/Atypical.jpg","datePublished":"2021-07-31T17:19:46+00:00","dateModified":"2021-07-31T17:20:51+00:00","description":"L\u2019autismo in una serie televisiva. C\u2019\u00e8 una produzione originale Netflix, ATYPICAL, che affronta questo tema in modo leggero e costruttivo, raccontando le La recensione finale di Atypical, una serie che tratta l'autismo come mai nessuno ha fatto","breadcrumb":{"@id":"https:\/\/www.ilnotiziario.net\/wp\/serietv\/atypical-recensione-finale-autismo-serie\/#breadcrumb"},"inLanguage":"it-IT","potentialAction":[{"@type":"ReadAction","target":["https:\/\/www.ilnotiziario.net\/wp\/serietv\/atypical-recensione-finale-autismo-serie\/"]}]},{"@type":"ImageObject","inLanguage":"it-IT","@id":"https:\/\/www.ilnotiziario.net\/wp\/serietv\/atypical-recensione-finale-autismo-serie\/#primaryimage","url":"https:\/\/www.ilnotiziario.net\/wp\/wp-content\/uploads\/2021\/07\/Atypical.jpg","contentUrl":"https:\/\/www.ilnotiziario.net\/wp\/wp-content\/uploads\/2021\/07\/Atypical.jpg","width":1280,"height":720},{"@type":"BreadcrumbList","@id":"https:\/\/www.ilnotiziario.net\/wp\/serietv\/atypical-recensione-finale-autismo-serie\/#breadcrumb","itemListElement":[{"@type":"ListItem","position":1,"name":"tds_text_logo_tagline_colortds_text_logo_tagline_colortds_text_logo_tagline_colortds_text_logo_tagline_colortd_module_7_title_excerpttd_module_7_title_excerpttd_module_7_title_excerpttd_module_7_title_excerptHome","item":"https:\/\/www.ilnotiziario.net\/wp\/"},{"@type":"ListItem","position":2,"name":"Atypical, recensione finale: l&#8217;autismo in una serie tv coraggiosa"}]},{"@type":"WebSite","@id":"https:\/\/www.ilnotiziario.net\/wp\/#website","url":"https:\/\/www.ilnotiziario.net\/wp\/","name":"Il Notiziario","description":"Per restare sempre connessi alla notizia","publisher":{"@id":"https:\/\/www.ilnotiziario.net\/wp\/#organization"},"alternateName":"Il Notiziario Bollate","potentialAction":[{"@type":"SearchAction","target":{"@type":"EntryPoint","urlTemplate":"https:\/\/www.ilnotiziario.net\/wp\/?s={search_term_string}"},"query-input":{"@type":"PropertyValueSpecification","valueRequired":true,"valueName":"search_term_string"}}],"inLanguage":"it-IT"},{"@type":"Organization","@id":"https:\/\/www.ilnotiziario.net\/wp\/#organization","name":"Il Notiziario","url":"https:\/\/www.ilnotiziario.net\/wp\/","logo":{"@type":"ImageObject","inLanguage":"it-IT","@id":"https:\/\/www.ilnotiziario.net\/wp\/#\/schema\/logo\/image\/","url":"https:\/\/www.ilnotiziario.net\/wp\/wp-content\/uploads\/2022\/06\/170x170ilN.png","contentUrl":"https:\/\/www.ilnotiziario.net\/wp\/wp-content\/uploads\/2022\/06\/170x170ilN.png","width":355,"height":355,"caption":"Il Notiziario"},"image":{"@id":"https:\/\/www.ilnotiziario.net\/wp\/#\/schema\/logo\/image\/"},"sameAs":["https:\/\/www.facebook.com\/ilnotiziarioind\/","https:\/\/x.com\/ilNotiziarioInd","https:\/\/www.instagram.com\/ilnotiziario_settimanale\/"]},{"@type":"Person","@id":"https:\/\/www.ilnotiziario.net\/wp\/#\/schema\/person\/82fdd8795bbed42a4164047853b6efe7","name":"Stefano Di Maria","image":{"@type":"ImageObject","inLanguage":"it-IT","@id":"https:\/\/secure.gravatar.com\/avatar\/b3163d1e75da759bd0a681248e88a87d84bdd563fec9b060a3ae82742880745a?s=96&d=mm&r=g","url":"https:\/\/secure.gravatar.com\/avatar\/b3163d1e75da759bd0a681248e88a87d84bdd563fec9b060a3ae82742880745a?s=96&d=mm&r=g","contentUrl":"https:\/\/secure.gravatar.com\/avatar\/b3163d1e75da759bd0a681248e88a87d84bdd563fec9b060a3ae82742880745a?s=96&d=mm&r=g","caption":"Stefano Di Maria"},"sameAs":["http:\/\/www.ilnotiziario.net"]}]}},"_links":{"self":[{"href":"https:\/\/www.ilnotiziario.net\/wp\/wp-json\/wp\/v2\/posts\/154907","targetHints":{"allow":["GET"]}}],"collection":[{"href":"https:\/\/www.ilnotiziario.net\/wp\/wp-json\/wp\/v2\/posts"}],"about":[{"href":"https:\/\/www.ilnotiziario.net\/wp\/wp-json\/wp\/v2\/types\/post"}],"author":[{"embeddable":true,"href":"https:\/\/www.ilnotiziario.net\/wp\/wp-json\/wp\/v2\/users\/6"}],"replies":[{"embeddable":true,"href":"https:\/\/www.ilnotiziario.net\/wp\/wp-json\/wp\/v2\/comments?post=154907"}],"version-history":[{"count":0,"href":"https:\/\/www.ilnotiziario.net\/wp\/wp-json\/wp\/v2\/posts\/154907\/revisions"}],"wp:featuredmedia":[{"embeddable":true,"href":"https:\/\/www.ilnotiziario.net\/wp\/wp-json\/wp\/v2\/media\/154908"}],"wp:attachment":[{"href":"https:\/\/www.ilnotiziario.net\/wp\/wp-json\/wp\/v2\/media?parent=154907"}],"wp:term":[{"taxonomy":"category","embeddable":true,"href":"https:\/\/www.ilnotiziario.net\/wp\/wp-json\/wp\/v2\/categories?post=154907"},{"taxonomy":"post_tag","embeddable":true,"href":"https:\/\/www.ilnotiziario.net\/wp\/wp-json\/wp\/v2\/tags?post=154907"}],"curies":[{"name":"wp","href":"https:\/\/api.w.org\/{rel}","templated":true}]}}