{"id":155126,"date":"2021-08-06T18:15:40","date_gmt":"2021-08-06T16:15:40","guid":{"rendered":"https:\/\/www.ilnotiziario.net\/wp\/?p=155126"},"modified":"2021-08-06T18:15:40","modified_gmt":"2021-08-06T16:15:40","slug":"sky-rojo-recensione-seconda-stagione","status":"publish","type":"post","link":"https:\/\/www.ilnotiziario.net\/wp\/serietv\/sky-rojo-recensione-seconda-stagione\/","title":{"rendered":"Sky Rojo, recensione della seconda stagione: la libert\u00e0 \u00e8 servita"},"content":{"rendered":"<p><img fetchpriority=\"high\" decoding=\"async\" class=\"aligncenter wp-image-155128 size-medium\" src=\"https:\/\/www.ilnotiziario.net\/wp\/wp-content\/uploads\/2021\/08\/gina-wendy-e-coral-di-sky-rojo-maxw-697-300x169.jpg\" alt=\"\" width=\"300\" height=\"169\" srcset=\"https:\/\/www.ilnotiziario.net\/wp\/wp-content\/uploads\/2021\/08\/gina-wendy-e-coral-di-sky-rojo-maxw-697-300x169.jpg 300w, https:\/\/www.ilnotiziario.net\/wp\/wp-content\/uploads\/2021\/08\/gina-wendy-e-coral-di-sky-rojo-maxw-697.jpg 697w\" sizes=\"(max-width: 300px) 100vw, 300px\" \/><\/p>\n<p>di Stefano Di Maria<\/p><div id=\"ilnot-219460322\" class=\"ilnot-contenuto ilnot-entity-placement\"><p><!-- incontent_1 --><\/p>\n<div class=\"gptslot\" data-adunitid=\"1\"><\/div>\n<\/div>\n<p>Una serie <strong>esplosiva, sopra le righe, surreale e spesso volgare<\/strong>. E\u2019 SKY ROJO, uscita dalla vulcanica mente di Alex Pina, l\u2019autore de LA CASA DE PAPEL e del meno fortunato (ma a nostro giudizio bellissimo) WHITE LINES. La seconda stagione, pubblicata lo scorso mese da Netflix, si \u00e8 rivelata all\u2019altezza della prima. Anche quest\u2019altro capitolo si presenta a tratti splatter, <strong>alla \u201cPulp Fiction\u201d<\/strong>, obbligando lo spettatore alla sospensione dell\u2019incredulit\u00e0, ma che importa se il fine \u00e8 intrattenere? Un lavoro che Alex Pina svolge al meglio, meritandosi una promozione quasi scontata anche stavolta.<\/p>\n<p><img decoding=\"async\" class=\"alignnone size-medium wp-image-155129\" src=\"https:\/\/www.ilnotiziario.net\/wp\/wp-content\/uploads\/2021\/08\/skyrojo_s02_e10_20201124_339_carlaoset_a2_fullres_jpg_400x250_crop_q85-300x188.jpg\" alt=\"\" width=\"300\" height=\"188\" srcset=\"https:\/\/www.ilnotiziario.net\/wp\/wp-content\/uploads\/2021\/08\/skyrojo_s02_e10_20201124_339_carlaoset_a2_fullres_jpg_400x250_crop_q85-300x188.jpg 300w, https:\/\/www.ilnotiziario.net\/wp\/wp-content\/uploads\/2021\/08\/skyrojo_s02_e10_20201124_339_carlaoset_a2_fullres_jpg_400x250_crop_q85.jpg 400w\" sizes=\"(max-width: 300px) 100vw, 300px\" \/><\/p>\n<p>Al centro della vicenda ci sono tre prostitute di un bordello di Tenerife, Coral, Wendy e Gina, in fuga dal capo Romeo. Il loro viaggio in macchina, costellato da pericolose avventure, ricorda quello della pellicola \u201cThelma e Luoise\u201d: ma qui le <strong>donne in cerca di riscatto<\/strong> non scappano dalla polizia (del tutto inesistente), bens\u00ec dagli scagnozzi di Romeo, i fratelli Mois\u00e9s e Christian, perennemente sulle loro tracce. Fra morti veri o presunti, sparatorie, feriti e pericoli di ogni genere (non poteva mancare il veterinario che cura un ferito), le tre amiche e ormai ex \u201ccolleghe\u201d si ritroveranno a vivere la libert\u00e0 tanto a lungo sognata. Il tutto contrapponendo il maschilismo di chi tratta le donne semplicemente come merce di scambio, da usare e su cui lucrare, e tre eroine che sono stanche di questa vita e disposte a tutto per un\u2019esistenza normale. Se prima il loro intento era fuggire, ora \u00e8 la vendetta.<\/p><div id=\"ilnot-2292622272\" class=\"ilnot-contenuto_2 ilnot-entity-placement\"><div class=\"ads-wrapper\">\n<div class=\"ad-slot\">\n   <div id=\"ilnot-516777826\" style=\"margin-right: auto;margin-left: auto;text-align: center;width: 320px;height: 100px;\"><a href=\"https:\/\/www.scuolasicurezza.it\/\"><img decoding=\"async\" src=\"https:\/\/www.ilnotiziario.net\/wp\/wp-content\/uploads\/2026\/04\/IlNotiziario_banner-sito-e-newsletter-320-x-100-px-1.gif\" alt=\"\"><\/a><\/div>\n  <\/div>\n<div class=\"ad-slot\">\n   <div id=\"ilnot-607178688\" style=\"margin-right: auto;margin-left: auto;text-align: center;width: 320px;height: 100px;\"><a href=\"https:\/\/purodesignarredamenti.com\/\"><img decoding=\"async\" src=\"https:\/\/www.ilnotiziario.net\/wp\/wp-content\/uploads\/2026\/04\/banner-puro-ok.gif\" alt=\"whatsapp\"><\/a><\/div><\/p><\/div>\n<\/div>\n<\/div>\n<p><img decoding=\"async\" class=\"alignnone size-medium wp-image-155130\" src=\"https:\/\/www.ilnotiziario.net\/wp\/wp-content\/uploads\/2021\/08\/sky-rojo-2-300x165.jpg\" alt=\"\" width=\"300\" height=\"165\" srcset=\"https:\/\/www.ilnotiziario.net\/wp\/wp-content\/uploads\/2021\/08\/sky-rojo-2-300x165.jpg 300w, https:\/\/www.ilnotiziario.net\/wp\/wp-content\/uploads\/2021\/08\/sky-rojo-2-1024x563.jpg 1024w, https:\/\/www.ilnotiziario.net\/wp\/wp-content\/uploads\/2021\/08\/sky-rojo-2-768x422.jpg 768w, https:\/\/www.ilnotiziario.net\/wp\/wp-content\/uploads\/2021\/08\/sky-rojo-2-696x385.jpg 696w, https:\/\/www.ilnotiziario.net\/wp\/wp-content\/uploads\/2021\/08\/sky-rojo-2-1068x588.jpg 1068w, https:\/\/www.ilnotiziario.net\/wp\/wp-content\/uploads\/2021\/08\/sky-rojo-2.jpg 1227w\" sizes=\"(max-width: 300px) 100vw, 300px\" \/>SKY ROYO 2, che prende il nome dal divano rosso dove sedevano le prostitute e i clienti del bordello di lusso al centro della vicenda, mantiene le stesse caratteristiche della prima parte: stesso <strong>ritmo incalzante, stessa fotografia dai colori accesi, sangue che scorre a fiumi, violenza, volgarit\u00e0<\/strong> (spesso gratuite) e alcune scene cos\u00ec melense che ricordano le telenovele degli anni Ottanta. Ha voluto osare, Alex Pina, e il risultato \u00e8 uno show che appassiona e si vede tutto d\u2019un fiato, grazie ai cliffhanger (ma non solo) disseminati qua e l\u00e0. <strong>Peccato per l\u2019assenza dei flashback sul passato delle protagoniste<\/strong>: a differenza della prima parte, qui mancano del tutto, perdendo l\u2019occasione di farcele conoscere meglio, di farci capire come sia possibile che siano arrivate a fare quella vita. Le attrici sono tutte a loro agio nei rispettivi ruoli, anche se non pu\u00f2 che spiccare Veronica S\u00e0nchez, gi\u00e0 apprezzata in IL MOLO ROSSO. Da citare, nel cast, anche Miguel Angel Silvestre, che ricordiamo nel bellissimo SENSE8 e in NARCOS.<\/p>\n<p>Non resta che attendere una terza stagione, sperando che non abbassi l\u2019asticella.<\/p>\n<p>Qui trovate tutte le nostre recensioni:<\/p><div id=\"ilnot-2911664977\" class=\"ilnot-contenuto_2-2 ilnot-entity-placement\"><div class=\"gptslot\" data-adunitid=\"2\"><\/div>\n<\/div>\n<p><a href=\"https:\/\/www.ilnotiziario.net\/wp\/serie-tv\/?fbclid=IwAR3MZLVdxvvULmCxDdItbRb0Z12yXcQJyzRQM2SPODNhqg3nC_y4wWS0vMg\">https:\/\/www.ilnotiziario.net\/wp\/serie-tv\/<\/a><\/p>\n","protected":false},"excerpt":{"rendered":"<p>di Stefano Di Maria Una serie esplosiva, sopra le righe, surreale e spesso volgare. E\u2019 SKY ROJO, uscita dalla vulcanica mente di Alex Pina, l\u2019autore de LA CASA DE PAPEL e del meno fortunato (ma a nostro giudizio bellissimo) WHITE LINES. La seconda stagione, pubblicata lo scorso mese da Netflix, si \u00e8 rivelata all\u2019altezza della<\/p>\n","protected":false},"author":6,"featured_media":155131,"comment_status":"closed","ping_status":"closed","sticky":false,"template":"","format":"standard","meta":{"footnotes":""},"categories":[6756],"tags":[6759,7900,8362,8504],"class_list":{"0":"post-155126","1":"post","2":"type-post","3":"status-publish","4":"format-standard","5":"has-post-thumbnail","7":"category-serietv","8":"tag-netflix","9":"tag-recensione","10":"tag-serie","11":"tag-sky-rojo"},"yoast_head":"<!-- This site is optimized with the Yoast SEO plugin v27.4 - https:\/\/yoast.com\/product\/yoast-seo-wordpress\/ -->\n<title>Sky Rojo, recensione della seconda stagione: la libert\u00e0 \u00e8 servita - Il Notiziario<\/title>\n<meta name=\"description\" content=\"di Stefano Di Maria Una serie esplosiva, sopra le righe, surreale e spesso volgare. E\u2019 SKY ROJO, uscita dalla vulcanica mente di Alex Pina, l\u2019autore de LA La seconda stagione di Sky Rojo, serie Netflix, si conferma avvincente\" \/>\n<meta name=\"robots\" content=\"index, follow, max-snippet:-1, max-image-preview:large, max-video-preview:-1\" \/>\n<link rel=\"canonical\" href=\"https:\/\/www.ilnotiziario.net\/wp\/serietv\/sky-rojo-recensione-seconda-stagione\/\" \/>\n<meta property=\"og:locale\" content=\"it_IT\" \/>\n<meta property=\"og:type\" content=\"article\" \/>\n<meta property=\"og:title\" content=\"Sky Rojo, recensione della seconda stagione: la libert\u00e0 \u00e8 servita - Il Notiziario\" \/>\n<meta property=\"og:description\" content=\"di Stefano Di Maria Una serie esplosiva, sopra le righe, surreale e spesso volgare. E\u2019 SKY ROJO, uscita dalla vulcanica mente di Alex Pina, l\u2019autore de LA La seconda stagione di Sky Rojo, serie Netflix, si conferma avvincente\" \/>\n<meta property=\"og:url\" content=\"https:\/\/www.ilnotiziario.net\/wp\/serietv\/sky-rojo-recensione-seconda-stagione\/\" \/>\n<meta property=\"og:site_name\" content=\"Il Notiziario\" \/>\n<meta property=\"article:publisher\" content=\"https:\/\/www.facebook.com\/ilnotiziarioind\/\" \/>\n<meta property=\"article:published_time\" content=\"2021-08-06T16:15:40+00:00\" \/>\n<meta property=\"og:image\" content=\"https:\/\/www.ilnotiziario.net\/wp\/wp-content\/uploads\/2021\/08\/Sky-Rojo-Season-2..jpeg\" \/>\n\t<meta property=\"og:image:width\" content=\"730\" \/>\n\t<meta property=\"og:image:height\" content=\"387\" \/>\n\t<meta property=\"og:image:type\" content=\"image\/jpeg\" \/>\n<meta name=\"author\" content=\"Stefano Di Maria\" \/>\n<meta name=\"twitter:card\" content=\"summary_large_image\" \/>\n<meta name=\"twitter:creator\" content=\"@ilNotiziarioInd\" \/>\n<meta name=\"twitter:site\" content=\"@ilNotiziarioInd\" \/>\n<meta name=\"twitter:label1\" content=\"Scritto da\" \/>\n\t<meta name=\"twitter:data1\" content=\"Stefano Di Maria\" \/>\n\t<meta name=\"twitter:label2\" content=\"Tempo di lettura stimato\" \/>\n\t<meta name=\"twitter:data2\" content=\"3 minuti\" \/>\n<script type=\"application\/ld+json\" class=\"yoast-schema-graph\">{\"@context\":\"https:\\\/\\\/schema.org\",\"@graph\":[{\"@type\":\"Article\",\"@id\":\"https:\\\/\\\/www.ilnotiziario.net\\\/wp\\\/serietv\\\/sky-rojo-recensione-seconda-stagione\\\/#article\",\"isPartOf\":{\"@id\":\"https:\\\/\\\/www.ilnotiziario.net\\\/wp\\\/serietv\\\/sky-rojo-recensione-seconda-stagione\\\/\"},\"author\":{\"name\":\"Stefano Di Maria\",\"@id\":\"https:\\\/\\\/www.ilnotiziario.net\\\/wp\\\/#\\\/schema\\\/person\\\/82fdd8795bbed42a4164047853b6efe7\"},\"headline\":\"Sky Rojo, recensione della seconda stagione: la libert\u00e0 \u00e8 servita\",\"datePublished\":\"2021-08-06T16:15:40+00:00\",\"mainEntityOfPage\":{\"@id\":\"https:\\\/\\\/www.ilnotiziario.net\\\/wp\\\/serietv\\\/sky-rojo-recensione-seconda-stagione\\\/\"},\"wordCount\":455,\"publisher\":{\"@id\":\"https:\\\/\\\/www.ilnotiziario.net\\\/wp\\\/#organization\"},\"image\":{\"@id\":\"https:\\\/\\\/www.ilnotiziario.net\\\/wp\\\/serietv\\\/sky-rojo-recensione-seconda-stagione\\\/#primaryimage\"},\"thumbnailUrl\":\"https:\\\/\\\/www.ilnotiziario.net\\\/wp\\\/wp-content\\\/uploads\\\/2021\\\/08\\\/Sky-Rojo-Season-2..jpeg\",\"keywords\":[\"netflix\",\"recensione\",\"serie\",\"Sky Rojo\"],\"articleSection\":[\"SERIE TV\"],\"inLanguage\":\"it-IT\"},{\"@type\":\"WebPage\",\"@id\":\"https:\\\/\\\/www.ilnotiziario.net\\\/wp\\\/serietv\\\/sky-rojo-recensione-seconda-stagione\\\/\",\"url\":\"https:\\\/\\\/www.ilnotiziario.net\\\/wp\\\/serietv\\\/sky-rojo-recensione-seconda-stagione\\\/\",\"name\":\"Sky Rojo, recensione della seconda stagione: la libert\u00e0 \u00e8 servita - Il Notiziario\",\"isPartOf\":{\"@id\":\"https:\\\/\\\/www.ilnotiziario.net\\\/wp\\\/#website\"},\"primaryImageOfPage\":{\"@id\":\"https:\\\/\\\/www.ilnotiziario.net\\\/wp\\\/serietv\\\/sky-rojo-recensione-seconda-stagione\\\/#primaryimage\"},\"image\":{\"@id\":\"https:\\\/\\\/www.ilnotiziario.net\\\/wp\\\/serietv\\\/sky-rojo-recensione-seconda-stagione\\\/#primaryimage\"},\"thumbnailUrl\":\"https:\\\/\\\/www.ilnotiziario.net\\\/wp\\\/wp-content\\\/uploads\\\/2021\\\/08\\\/Sky-Rojo-Season-2..jpeg\",\"datePublished\":\"2021-08-06T16:15:40+00:00\",\"description\":\"di Stefano Di Maria Una serie esplosiva, sopra le righe, surreale e spesso volgare. E\u2019 SKY ROJO, uscita dalla vulcanica mente di Alex Pina, l\u2019autore de LA La seconda stagione di Sky Rojo, serie Netflix, si conferma avvincente\",\"breadcrumb\":{\"@id\":\"https:\\\/\\\/www.ilnotiziario.net\\\/wp\\\/serietv\\\/sky-rojo-recensione-seconda-stagione\\\/#breadcrumb\"},\"inLanguage\":\"it-IT\",\"potentialAction\":[{\"@type\":\"ReadAction\",\"target\":[\"https:\\\/\\\/www.ilnotiziario.net\\\/wp\\\/serietv\\\/sky-rojo-recensione-seconda-stagione\\\/\"]}]},{\"@type\":\"ImageObject\",\"inLanguage\":\"it-IT\",\"@id\":\"https:\\\/\\\/www.ilnotiziario.net\\\/wp\\\/serietv\\\/sky-rojo-recensione-seconda-stagione\\\/#primaryimage\",\"url\":\"https:\\\/\\\/www.ilnotiziario.net\\\/wp\\\/wp-content\\\/uploads\\\/2021\\\/08\\\/Sky-Rojo-Season-2..jpeg\",\"contentUrl\":\"https:\\\/\\\/www.ilnotiziario.net\\\/wp\\\/wp-content\\\/uploads\\\/2021\\\/08\\\/Sky-Rojo-Season-2..jpeg\",\"width\":730,\"height\":387},{\"@type\":\"BreadcrumbList\",\"@id\":\"https:\\\/\\\/www.ilnotiziario.net\\\/wp\\\/serietv\\\/sky-rojo-recensione-seconda-stagione\\\/#breadcrumb\",\"itemListElement\":[{\"@type\":\"ListItem\",\"position\":1,\"name\":\"tds_text_logo_tagline_colortds_text_logo_tagline_colortds_text_logo_tagline_colortds_text_logo_tagline_colortd_module_7_title_excerpttd_module_7_title_excerpttd_module_7_title_excerpttd_module_7_title_excerptHome\",\"item\":\"https:\\\/\\\/www.ilnotiziario.net\\\/wp\\\/\"},{\"@type\":\"ListItem\",\"position\":2,\"name\":\"Sky Rojo, recensione della seconda stagione: la libert\u00e0 \u00e8 servita\"}]},{\"@type\":\"WebSite\",\"@id\":\"https:\\\/\\\/www.ilnotiziario.net\\\/wp\\\/#website\",\"url\":\"https:\\\/\\\/www.ilnotiziario.net\\\/wp\\\/\",\"name\":\"Il Notiziario\",\"description\":\"Per restare sempre connessi alla notizia\",\"publisher\":{\"@id\":\"https:\\\/\\\/www.ilnotiziario.net\\\/wp\\\/#organization\"},\"alternateName\":\"Il Notiziario Bollate\",\"potentialAction\":[{\"@type\":\"SearchAction\",\"target\":{\"@type\":\"EntryPoint\",\"urlTemplate\":\"https:\\\/\\\/www.ilnotiziario.net\\\/wp\\\/?s={search_term_string}\"},\"query-input\":{\"@type\":\"PropertyValueSpecification\",\"valueRequired\":true,\"valueName\":\"search_term_string\"}}],\"inLanguage\":\"it-IT\"},{\"@type\":\"Organization\",\"@id\":\"https:\\\/\\\/www.ilnotiziario.net\\\/wp\\\/#organization\",\"name\":\"Il Notiziario\",\"url\":\"https:\\\/\\\/www.ilnotiziario.net\\\/wp\\\/\",\"logo\":{\"@type\":\"ImageObject\",\"inLanguage\":\"it-IT\",\"@id\":\"https:\\\/\\\/www.ilnotiziario.net\\\/wp\\\/#\\\/schema\\\/logo\\\/image\\\/\",\"url\":\"https:\\\/\\\/www.ilnotiziario.net\\\/wp\\\/wp-content\\\/uploads\\\/2022\\\/06\\\/170x170ilN.png\",\"contentUrl\":\"https:\\\/\\\/www.ilnotiziario.net\\\/wp\\\/wp-content\\\/uploads\\\/2022\\\/06\\\/170x170ilN.png\",\"width\":355,\"height\":355,\"caption\":\"Il Notiziario\"},\"image\":{\"@id\":\"https:\\\/\\\/www.ilnotiziario.net\\\/wp\\\/#\\\/schema\\\/logo\\\/image\\\/\"},\"sameAs\":[\"https:\\\/\\\/www.facebook.com\\\/ilnotiziarioind\\\/\",\"https:\\\/\\\/x.com\\\/ilNotiziarioInd\",\"https:\\\/\\\/www.instagram.com\\\/ilnotiziario_settimanale\\\/\"]},{\"@type\":\"Person\",\"@id\":\"https:\\\/\\\/www.ilnotiziario.net\\\/wp\\\/#\\\/schema\\\/person\\\/82fdd8795bbed42a4164047853b6efe7\",\"name\":\"Stefano Di Maria\",\"image\":{\"@type\":\"ImageObject\",\"inLanguage\":\"it-IT\",\"@id\":\"https:\\\/\\\/secure.gravatar.com\\\/avatar\\\/b3163d1e75da759bd0a681248e88a87d84bdd563fec9b060a3ae82742880745a?s=96&d=mm&r=g\",\"url\":\"https:\\\/\\\/secure.gravatar.com\\\/avatar\\\/b3163d1e75da759bd0a681248e88a87d84bdd563fec9b060a3ae82742880745a?s=96&d=mm&r=g\",\"contentUrl\":\"https:\\\/\\\/secure.gravatar.com\\\/avatar\\\/b3163d1e75da759bd0a681248e88a87d84bdd563fec9b060a3ae82742880745a?s=96&d=mm&r=g\",\"caption\":\"Stefano Di Maria\"},\"sameAs\":[\"http:\\\/\\\/www.ilnotiziario.net\"]}]}<\/script>\n<!-- \/ Yoast SEO plugin. -->","yoast_head_json":{"title":"Sky Rojo, recensione della seconda stagione: la libert\u00e0 \u00e8 servita - Il Notiziario","description":"di Stefano Di Maria Una serie esplosiva, sopra le righe, surreale e spesso volgare. E\u2019 SKY ROJO, uscita dalla vulcanica mente di Alex Pina, l\u2019autore de LA La seconda stagione di Sky Rojo, serie Netflix, si conferma avvincente","robots":{"index":"index","follow":"follow","max-snippet":"max-snippet:-1","max-image-preview":"max-image-preview:large","max-video-preview":"max-video-preview:-1"},"canonical":"https:\/\/www.ilnotiziario.net\/wp\/serietv\/sky-rojo-recensione-seconda-stagione\/","og_locale":"it_IT","og_type":"article","og_title":"Sky Rojo, recensione della seconda stagione: la libert\u00e0 \u00e8 servita - Il Notiziario","og_description":"di Stefano Di Maria Una serie esplosiva, sopra le righe, surreale e spesso volgare. E\u2019 SKY ROJO, uscita dalla vulcanica mente di Alex Pina, l\u2019autore de LA La seconda stagione di Sky Rojo, serie Netflix, si conferma avvincente","og_url":"https:\/\/www.ilnotiziario.net\/wp\/serietv\/sky-rojo-recensione-seconda-stagione\/","og_site_name":"Il Notiziario","article_publisher":"https:\/\/www.facebook.com\/ilnotiziarioind\/","article_published_time":"2021-08-06T16:15:40+00:00","og_image":[{"width":730,"height":387,"url":"https:\/\/www.ilnotiziario.net\/wp\/wp-content\/uploads\/2021\/08\/Sky-Rojo-Season-2..jpeg","type":"image\/jpeg"}],"author":"Stefano Di Maria","twitter_card":"summary_large_image","twitter_creator":"@ilNotiziarioInd","twitter_site":"@ilNotiziarioInd","twitter_misc":{"Scritto da":"Stefano Di Maria","Tempo di lettura stimato":"3 minuti"},"schema":{"@context":"https:\/\/schema.org","@graph":[{"@type":"Article","@id":"https:\/\/www.ilnotiziario.net\/wp\/serietv\/sky-rojo-recensione-seconda-stagione\/#article","isPartOf":{"@id":"https:\/\/www.ilnotiziario.net\/wp\/serietv\/sky-rojo-recensione-seconda-stagione\/"},"author":{"name":"Stefano Di Maria","@id":"https:\/\/www.ilnotiziario.net\/wp\/#\/schema\/person\/82fdd8795bbed42a4164047853b6efe7"},"headline":"Sky Rojo, recensione della seconda stagione: la libert\u00e0 \u00e8 servita","datePublished":"2021-08-06T16:15:40+00:00","mainEntityOfPage":{"@id":"https:\/\/www.ilnotiziario.net\/wp\/serietv\/sky-rojo-recensione-seconda-stagione\/"},"wordCount":455,"publisher":{"@id":"https:\/\/www.ilnotiziario.net\/wp\/#organization"},"image":{"@id":"https:\/\/www.ilnotiziario.net\/wp\/serietv\/sky-rojo-recensione-seconda-stagione\/#primaryimage"},"thumbnailUrl":"https:\/\/www.ilnotiziario.net\/wp\/wp-content\/uploads\/2021\/08\/Sky-Rojo-Season-2..jpeg","keywords":["netflix","recensione","serie","Sky Rojo"],"articleSection":["SERIE TV"],"inLanguage":"it-IT"},{"@type":"WebPage","@id":"https:\/\/www.ilnotiziario.net\/wp\/serietv\/sky-rojo-recensione-seconda-stagione\/","url":"https:\/\/www.ilnotiziario.net\/wp\/serietv\/sky-rojo-recensione-seconda-stagione\/","name":"Sky Rojo, recensione della seconda stagione: la libert\u00e0 \u00e8 servita - Il Notiziario","isPartOf":{"@id":"https:\/\/www.ilnotiziario.net\/wp\/#website"},"primaryImageOfPage":{"@id":"https:\/\/www.ilnotiziario.net\/wp\/serietv\/sky-rojo-recensione-seconda-stagione\/#primaryimage"},"image":{"@id":"https:\/\/www.ilnotiziario.net\/wp\/serietv\/sky-rojo-recensione-seconda-stagione\/#primaryimage"},"thumbnailUrl":"https:\/\/www.ilnotiziario.net\/wp\/wp-content\/uploads\/2021\/08\/Sky-Rojo-Season-2..jpeg","datePublished":"2021-08-06T16:15:40+00:00","description":"di Stefano Di Maria Una serie esplosiva, sopra le righe, surreale e spesso volgare. E\u2019 SKY ROJO, uscita dalla vulcanica mente di Alex Pina, l\u2019autore de LA La seconda stagione di Sky Rojo, serie Netflix, si conferma avvincente","breadcrumb":{"@id":"https:\/\/www.ilnotiziario.net\/wp\/serietv\/sky-rojo-recensione-seconda-stagione\/#breadcrumb"},"inLanguage":"it-IT","potentialAction":[{"@type":"ReadAction","target":["https:\/\/www.ilnotiziario.net\/wp\/serietv\/sky-rojo-recensione-seconda-stagione\/"]}]},{"@type":"ImageObject","inLanguage":"it-IT","@id":"https:\/\/www.ilnotiziario.net\/wp\/serietv\/sky-rojo-recensione-seconda-stagione\/#primaryimage","url":"https:\/\/www.ilnotiziario.net\/wp\/wp-content\/uploads\/2021\/08\/Sky-Rojo-Season-2..jpeg","contentUrl":"https:\/\/www.ilnotiziario.net\/wp\/wp-content\/uploads\/2021\/08\/Sky-Rojo-Season-2..jpeg","width":730,"height":387},{"@type":"BreadcrumbList","@id":"https:\/\/www.ilnotiziario.net\/wp\/serietv\/sky-rojo-recensione-seconda-stagione\/#breadcrumb","itemListElement":[{"@type":"ListItem","position":1,"name":"tds_text_logo_tagline_colortds_text_logo_tagline_colortds_text_logo_tagline_colortds_text_logo_tagline_colortd_module_7_title_excerpttd_module_7_title_excerpttd_module_7_title_excerpttd_module_7_title_excerptHome","item":"https:\/\/www.ilnotiziario.net\/wp\/"},{"@type":"ListItem","position":2,"name":"Sky Rojo, recensione della seconda stagione: la libert\u00e0 \u00e8 servita"}]},{"@type":"WebSite","@id":"https:\/\/www.ilnotiziario.net\/wp\/#website","url":"https:\/\/www.ilnotiziario.net\/wp\/","name":"Il Notiziario","description":"Per restare sempre connessi alla notizia","publisher":{"@id":"https:\/\/www.ilnotiziario.net\/wp\/#organization"},"alternateName":"Il Notiziario Bollate","potentialAction":[{"@type":"SearchAction","target":{"@type":"EntryPoint","urlTemplate":"https:\/\/www.ilnotiziario.net\/wp\/?s={search_term_string}"},"query-input":{"@type":"PropertyValueSpecification","valueRequired":true,"valueName":"search_term_string"}}],"inLanguage":"it-IT"},{"@type":"Organization","@id":"https:\/\/www.ilnotiziario.net\/wp\/#organization","name":"Il Notiziario","url":"https:\/\/www.ilnotiziario.net\/wp\/","logo":{"@type":"ImageObject","inLanguage":"it-IT","@id":"https:\/\/www.ilnotiziario.net\/wp\/#\/schema\/logo\/image\/","url":"https:\/\/www.ilnotiziario.net\/wp\/wp-content\/uploads\/2022\/06\/170x170ilN.png","contentUrl":"https:\/\/www.ilnotiziario.net\/wp\/wp-content\/uploads\/2022\/06\/170x170ilN.png","width":355,"height":355,"caption":"Il Notiziario"},"image":{"@id":"https:\/\/www.ilnotiziario.net\/wp\/#\/schema\/logo\/image\/"},"sameAs":["https:\/\/www.facebook.com\/ilnotiziarioind\/","https:\/\/x.com\/ilNotiziarioInd","https:\/\/www.instagram.com\/ilnotiziario_settimanale\/"]},{"@type":"Person","@id":"https:\/\/www.ilnotiziario.net\/wp\/#\/schema\/person\/82fdd8795bbed42a4164047853b6efe7","name":"Stefano Di Maria","image":{"@type":"ImageObject","inLanguage":"it-IT","@id":"https:\/\/secure.gravatar.com\/avatar\/b3163d1e75da759bd0a681248e88a87d84bdd563fec9b060a3ae82742880745a?s=96&d=mm&r=g","url":"https:\/\/secure.gravatar.com\/avatar\/b3163d1e75da759bd0a681248e88a87d84bdd563fec9b060a3ae82742880745a?s=96&d=mm&r=g","contentUrl":"https:\/\/secure.gravatar.com\/avatar\/b3163d1e75da759bd0a681248e88a87d84bdd563fec9b060a3ae82742880745a?s=96&d=mm&r=g","caption":"Stefano Di Maria"},"sameAs":["http:\/\/www.ilnotiziario.net"]}]}},"_links":{"self":[{"href":"https:\/\/www.ilnotiziario.net\/wp\/wp-json\/wp\/v2\/posts\/155126","targetHints":{"allow":["GET"]}}],"collection":[{"href":"https:\/\/www.ilnotiziario.net\/wp\/wp-json\/wp\/v2\/posts"}],"about":[{"href":"https:\/\/www.ilnotiziario.net\/wp\/wp-json\/wp\/v2\/types\/post"}],"author":[{"embeddable":true,"href":"https:\/\/www.ilnotiziario.net\/wp\/wp-json\/wp\/v2\/users\/6"}],"replies":[{"embeddable":true,"href":"https:\/\/www.ilnotiziario.net\/wp\/wp-json\/wp\/v2\/comments?post=155126"}],"version-history":[{"count":0,"href":"https:\/\/www.ilnotiziario.net\/wp\/wp-json\/wp\/v2\/posts\/155126\/revisions"}],"wp:featuredmedia":[{"embeddable":true,"href":"https:\/\/www.ilnotiziario.net\/wp\/wp-json\/wp\/v2\/media\/155131"}],"wp:attachment":[{"href":"https:\/\/www.ilnotiziario.net\/wp\/wp-json\/wp\/v2\/media?parent=155126"}],"wp:term":[{"taxonomy":"category","embeddable":true,"href":"https:\/\/www.ilnotiziario.net\/wp\/wp-json\/wp\/v2\/categories?post=155126"},{"taxonomy":"post_tag","embeddable":true,"href":"https:\/\/www.ilnotiziario.net\/wp\/wp-json\/wp\/v2\/tags?post=155126"}],"curies":[{"name":"wp","href":"https:\/\/api.w.org\/{rel}","templated":true}]}}