{"id":156391,"date":"2021-09-20T16:31:21","date_gmt":"2021-09-20T14:31:21","guid":{"rendered":"https:\/\/www.ilnotiziario.net\/wp\/?p=156391"},"modified":"2021-09-20T16:31:21","modified_gmt":"2021-09-20T14:31:21","slug":"vaccino-covid-lombardia-terza-dose-fragili","status":"publish","type":"post","link":"https:\/\/www.ilnotiziario.net\/wp\/prima-pagina\/vaccino-covid-lombardia-terza-dose-fragili\/","title":{"rendered":"Vaccino anticovid, in Lombardia al via la terza dose per i soggetti fragili"},"content":{"rendered":"<p><img fetchpriority=\"high\" decoding=\"async\" class=\"size-medium wp-image-148133 aligncenter\" src=\"https:\/\/www.ilnotiziario.net\/wp\/wp-content\/uploads\/2021\/02\/vaccino-covid-2-300x193.jpg\" alt=\"\" width=\"300\" height=\"193\" srcset=\"https:\/\/www.ilnotiziario.net\/wp\/wp-content\/uploads\/2021\/02\/vaccino-covid-2-300x193.jpg 300w, https:\/\/www.ilnotiziario.net\/wp\/wp-content\/uploads\/2021\/02\/vaccino-covid-2-1024x660.jpg 1024w, https:\/\/www.ilnotiziario.net\/wp\/wp-content\/uploads\/2021\/02\/vaccino-covid-2-768x495.jpg 768w, https:\/\/www.ilnotiziario.net\/wp\/wp-content\/uploads\/2021\/02\/vaccino-covid-2-696x449.jpg 696w, https:\/\/www.ilnotiziario.net\/wp\/wp-content\/uploads\/2021\/02\/vaccino-covid-2-1068x688.jpg 1068w, https:\/\/www.ilnotiziario.net\/wp\/wp-content\/uploads\/2021\/02\/vaccino-covid-2.jpg 1134w\" sizes=\"(max-width: 300px) 100vw, 300px\" \/><\/p>\n<p>Al via in Lombardia la <strong>Fase 3<\/strong> della campagna vaccinale anti-covid. Da oggi, luned\u00ec 20 settembre, avranno accesso alla terza dose i <strong>soggetti immunocompromessi<\/strong>, trapiantati e gravi immunodepressi che, sul territorio lombardo, sono circa 150mila. Ad annunciare tramite conferenza stampa l&#8217;inizio della nuova fase sono stati il <strong>Presidente di Regione Lombardia Attilio Fontana<\/strong>, la <strong>Vicepresidente e Assessore al Welfare Letizia Moratti<\/strong>, l&#8217;<strong>Assessore al Territorio e alla Protezione Civile Pietro Foroni<\/strong> e il <strong>coordinatore della campagna vaccinale lombarda Guido Bertolaso<\/strong>.<\/p><div id=\"ilnot-3816022902\" class=\"ilnot-contenuto ilnot-entity-placement\"><p><!-- incontent_1 --><\/p>\n<div class=\"gptslot\" data-adunitid=\"1\"><\/div>\n<\/div>\n<p>&#8220;<em>Oggi siamo qua per presentare l\u2019avvio della fase tre della campagna vaccinale lombarda che prevede la somministrazione della dose aggiuntiva e di quella di richiamo per i soggetti fragili e vulnerabili<\/em> &#8211; ha spiegato il Presidente Fontana &#8211; <em>Con grande soddisfazione posso dire che circa l\u2019<strong>87% dei lombardi ha gi\u00e0 ricevuto almeno la prima dose<\/strong> e circa l\u2019<strong>82% ha completato il ciclo vaccinale<\/strong><\/em>&#8220;.<\/p>\n<p>&#8220;<em>Sicuramente un obiettivo che \u00e8 stato possibile raggiungere grazie al grande senso civico e di responsabilit\u00e0 dei lombardi che hanno aderito. Le conseguenze di questa grande operazione hanno prodotto risultati confortanti anche dal punto di vista del contenimento del virus, non a caso la nostra regione ha superato il terzo mese in zona bianca e ha un tasso di incidenza di positivi su 100mila abitanti, tra i pi\u00f9 bassi a livello nazionale. Questo grande successo ottenuto ci consente di allargare il nostro sguardo verso quei popoli che hanno maggiori difficolt\u00e0<\/em>&#8220;.<\/p><div id=\"ilnot-1489646371\" class=\"ilnot-contenuto_2 ilnot-entity-placement\"><div class=\"ads-wrapper\">\n<div class=\"ad-slot\">\n   <div id=\"ilnot-4164445627\" style=\"margin-right: auto;margin-left: auto;text-align: center;width: 320px;height: 100px;\"><a href=\"https:\/\/www.scuolasicurezza.it\/\"><img decoding=\"async\" src=\"https:\/\/www.ilnotiziario.net\/wp\/wp-content\/uploads\/2026\/04\/IlNotiziario_banner-sito-e-newsletter-320-x-100-px-1.gif\" alt=\"\"><\/a><\/div>\n  <\/div>\n<div class=\"ad-slot\">\n   <div id=\"ilnot-4221599168\" style=\"margin-right: auto;margin-left: auto;text-align: center;width: 320px;height: 100px;\"><a href=\"https:\/\/purodesignarredamenti.com\/\"><img decoding=\"async\" src=\"https:\/\/www.ilnotiziario.net\/wp\/wp-content\/uploads\/2026\/04\/banner-puro-ok.gif\" alt=\"whatsapp\"><\/a><\/div><\/p><\/div>\n<\/div>\n<\/div>\n<p>Al momento la terza dose del vaccino \u00e8 prevista solo per i pazienti immunocompromessi e dovr\u00e0 essere somministrata almeno dopo 4 settimane dalla seconda somministrazione. Dall&#8217;<strong>11 ottobre<\/strong> invece, partir\u00e0 il terzo richiamo per gli over80, gli ospiti delle Rsa e gli operatori sanitari. Per queste categorie, la terza dose \u00e8 previsto dopo almeno 6 mesi dalla seconda. Sar\u00e0 utilizzabile indifferentemente uno dei vaccini mRNA.<\/p>\n<p>Il sistema di prenotazione e registrazione sar\u00e0 sempre gestito da Poste tramite &#8220;agenda dedicata&#8221;, ma \u00e8 possibile effettuare la prenotazione anche presso le farmacie aderenti. La somministrazione al personale sanitario sar\u00e0 effettuata presso la propria struttura ospedaliera; gli ospiti delle Rsa riceveranno la somministrazione presso la struttura in cui si trovano.<\/p>\n","protected":false},"excerpt":{"rendered":"<p>Al via in Lombardia la Fase 3 della campagna vaccinale anti-covid. Da oggi, luned\u00ec 20 settembre, avranno accesso alla terza dose i soggetti immunocompromessi, trapiantati e gravi immunodepressi che, sul territorio lombardo, sono circa 150mila. Ad annunciare tramite conferenza stampa l&#8217;inizio della nuova fase sono stati il Presidente di Regione Lombardia Attilio Fontana, la Vicepresidente<\/p>\n","protected":false},"author":3,"featured_media":148133,"comment_status":"closed","ping_status":"closed","sticky":false,"template":"","format":"standard","meta":{"footnotes":""},"categories":[20],"tags":[577,9202,4680],"class_list":{"0":"post-156391","1":"post","2":"type-post","3":"status-publish","4":"format-standard","5":"has-post-thumbnail","7":"category-prima-pagina","8":"tag-lombardia","9":"tag-terza-dose","10":"tag-vaccino"},"yoast_head":"<!-- This site is optimized with the Yoast SEO plugin v27.4 - https:\/\/yoast.com\/product\/yoast-seo-wordpress\/ -->\n<title>Vaccino anticovid, in Lombardia al via la terza dose per i soggetti fragili - Il Notiziario<\/title>\n<meta name=\"description\" content=\"Al via in Lombardia la Fase 3 della campagna vaccinale anti-covid. Da oggi, luned\u00ec 20 settembre, avranno accesso alla terza dose i soggetti\" \/>\n<meta name=\"robots\" content=\"index, follow, max-snippet:-1, max-image-preview:large, max-video-preview:-1\" \/>\n<link rel=\"canonical\" href=\"https:\/\/www.ilnotiziario.net\/wp\/prima-pagina\/vaccino-covid-lombardia-terza-dose-fragili\/\" \/>\n<meta property=\"og:locale\" content=\"it_IT\" \/>\n<meta property=\"og:type\" content=\"article\" \/>\n<meta property=\"og:title\" content=\"Vaccino anticovid, in Lombardia al via la terza dose per i soggetti fragili - Il Notiziario\" \/>\n<meta property=\"og:description\" content=\"Al via in Lombardia la Fase 3 della campagna vaccinale anti-covid. Da oggi, luned\u00ec 20 settembre, avranno accesso alla terza dose i soggetti\" \/>\n<meta property=\"og:url\" content=\"https:\/\/www.ilnotiziario.net\/wp\/prima-pagina\/vaccino-covid-lombardia-terza-dose-fragili\/\" \/>\n<meta property=\"og:site_name\" content=\"Il Notiziario\" \/>\n<meta property=\"article:publisher\" content=\"https:\/\/www.facebook.com\/ilnotiziarioind\/\" \/>\n<meta property=\"article:published_time\" content=\"2021-09-20T14:31:21+00:00\" \/>\n<meta property=\"og:image\" content=\"https:\/\/www.ilnotiziario.net\/wp\/wp-content\/uploads\/2021\/02\/vaccino-covid-2.jpg\" \/>\n\t<meta property=\"og:image:width\" content=\"1134\" \/>\n\t<meta property=\"og:image:height\" content=\"731\" \/>\n\t<meta property=\"og:image:type\" content=\"image\/jpeg\" \/>\n<meta name=\"author\" content=\"Gabriele Bassani\" \/>\n<meta name=\"twitter:card\" content=\"summary_large_image\" \/>\n<meta name=\"twitter:creator\" content=\"@ilNotiziarioInd\" \/>\n<meta name=\"twitter:site\" content=\"@ilNotiziarioInd\" \/>\n<meta name=\"twitter:label1\" content=\"Scritto da\" \/>\n\t<meta name=\"twitter:data1\" content=\"Gabriele Bassani\" \/>\n\t<meta name=\"twitter:label2\" content=\"Tempo di lettura stimato\" \/>\n\t<meta name=\"twitter:data2\" content=\"2 minuti\" \/>\n<script type=\"application\/ld+json\" class=\"yoast-schema-graph\">{\"@context\":\"https:\\\/\\\/schema.org\",\"@graph\":[{\"@type\":\"Article\",\"@id\":\"https:\\\/\\\/www.ilnotiziario.net\\\/wp\\\/prima-pagina\\\/vaccino-covid-lombardia-terza-dose-fragili\\\/#article\",\"isPartOf\":{\"@id\":\"https:\\\/\\\/www.ilnotiziario.net\\\/wp\\\/prima-pagina\\\/vaccino-covid-lombardia-terza-dose-fragili\\\/\"},\"author\":{\"name\":\"Gabriele Bassani\",\"@id\":\"https:\\\/\\\/www.ilnotiziario.net\\\/wp\\\/#\\\/schema\\\/person\\\/386e222908f898bb41c033989482bbf2\"},\"headline\":\"Vaccino anticovid, in Lombardia al via la terza dose per i soggetti fragili\",\"datePublished\":\"2021-09-20T14:31:21+00:00\",\"mainEntityOfPage\":{\"@id\":\"https:\\\/\\\/www.ilnotiziario.net\\\/wp\\\/prima-pagina\\\/vaccino-covid-lombardia-terza-dose-fragili\\\/\"},\"wordCount\":355,\"publisher\":{\"@id\":\"https:\\\/\\\/www.ilnotiziario.net\\\/wp\\\/#organization\"},\"image\":{\"@id\":\"https:\\\/\\\/www.ilnotiziario.net\\\/wp\\\/prima-pagina\\\/vaccino-covid-lombardia-terza-dose-fragili\\\/#primaryimage\"},\"thumbnailUrl\":\"https:\\\/\\\/www.ilnotiziario.net\\\/wp\\\/wp-content\\\/uploads\\\/2021\\\/02\\\/vaccino-covid-2.jpg\",\"keywords\":[\"Lombardia\",\"terza dose\",\"vaccino\"],\"articleSection\":[\"Prima Pagina\"],\"inLanguage\":\"it-IT\"},{\"@type\":\"WebPage\",\"@id\":\"https:\\\/\\\/www.ilnotiziario.net\\\/wp\\\/prima-pagina\\\/vaccino-covid-lombardia-terza-dose-fragili\\\/\",\"url\":\"https:\\\/\\\/www.ilnotiziario.net\\\/wp\\\/prima-pagina\\\/vaccino-covid-lombardia-terza-dose-fragili\\\/\",\"name\":\"Vaccino anticovid, in Lombardia al via la terza dose per i soggetti fragili - Il Notiziario\",\"isPartOf\":{\"@id\":\"https:\\\/\\\/www.ilnotiziario.net\\\/wp\\\/#website\"},\"primaryImageOfPage\":{\"@id\":\"https:\\\/\\\/www.ilnotiziario.net\\\/wp\\\/prima-pagina\\\/vaccino-covid-lombardia-terza-dose-fragili\\\/#primaryimage\"},\"image\":{\"@id\":\"https:\\\/\\\/www.ilnotiziario.net\\\/wp\\\/prima-pagina\\\/vaccino-covid-lombardia-terza-dose-fragili\\\/#primaryimage\"},\"thumbnailUrl\":\"https:\\\/\\\/www.ilnotiziario.net\\\/wp\\\/wp-content\\\/uploads\\\/2021\\\/02\\\/vaccino-covid-2.jpg\",\"datePublished\":\"2021-09-20T14:31:21+00:00\",\"description\":\"Al via in Lombardia la Fase 3 della campagna vaccinale anti-covid. Da oggi, luned\u00ec 20 settembre, avranno accesso alla terza dose i soggetti\",\"breadcrumb\":{\"@id\":\"https:\\\/\\\/www.ilnotiziario.net\\\/wp\\\/prima-pagina\\\/vaccino-covid-lombardia-terza-dose-fragili\\\/#breadcrumb\"},\"inLanguage\":\"it-IT\",\"potentialAction\":[{\"@type\":\"ReadAction\",\"target\":[\"https:\\\/\\\/www.ilnotiziario.net\\\/wp\\\/prima-pagina\\\/vaccino-covid-lombardia-terza-dose-fragili\\\/\"]}]},{\"@type\":\"ImageObject\",\"inLanguage\":\"it-IT\",\"@id\":\"https:\\\/\\\/www.ilnotiziario.net\\\/wp\\\/prima-pagina\\\/vaccino-covid-lombardia-terza-dose-fragili\\\/#primaryimage\",\"url\":\"https:\\\/\\\/www.ilnotiziario.net\\\/wp\\\/wp-content\\\/uploads\\\/2021\\\/02\\\/vaccino-covid-2.jpg\",\"contentUrl\":\"https:\\\/\\\/www.ilnotiziario.net\\\/wp\\\/wp-content\\\/uploads\\\/2021\\\/02\\\/vaccino-covid-2.jpg\",\"width\":1134,\"height\":731,\"caption\":\"Covid Cesate multe over 50\"},{\"@type\":\"BreadcrumbList\",\"@id\":\"https:\\\/\\\/www.ilnotiziario.net\\\/wp\\\/prima-pagina\\\/vaccino-covid-lombardia-terza-dose-fragili\\\/#breadcrumb\",\"itemListElement\":[{\"@type\":\"ListItem\",\"position\":1,\"name\":\"tds_text_logo_tagline_colortds_text_logo_tagline_colortds_text_logo_tagline_colortds_text_logo_tagline_colortd_module_7_title_excerpttd_module_7_title_excerpttd_module_7_title_excerpttd_module_7_title_excerptHome\",\"item\":\"https:\\\/\\\/www.ilnotiziario.net\\\/wp\\\/\"},{\"@type\":\"ListItem\",\"position\":2,\"name\":\"Vaccino anticovid, in Lombardia al via la terza dose per i soggetti fragili\"}]},{\"@type\":\"WebSite\",\"@id\":\"https:\\\/\\\/www.ilnotiziario.net\\\/wp\\\/#website\",\"url\":\"https:\\\/\\\/www.ilnotiziario.net\\\/wp\\\/\",\"name\":\"Il Notiziario\",\"description\":\"Per restare sempre connessi alla notizia\",\"publisher\":{\"@id\":\"https:\\\/\\\/www.ilnotiziario.net\\\/wp\\\/#organization\"},\"alternateName\":\"Il Notiziario Bollate\",\"potentialAction\":[{\"@type\":\"SearchAction\",\"target\":{\"@type\":\"EntryPoint\",\"urlTemplate\":\"https:\\\/\\\/www.ilnotiziario.net\\\/wp\\\/?s={search_term_string}\"},\"query-input\":{\"@type\":\"PropertyValueSpecification\",\"valueRequired\":true,\"valueName\":\"search_term_string\"}}],\"inLanguage\":\"it-IT\"},{\"@type\":\"Organization\",\"@id\":\"https:\\\/\\\/www.ilnotiziario.net\\\/wp\\\/#organization\",\"name\":\"Il Notiziario\",\"url\":\"https:\\\/\\\/www.ilnotiziario.net\\\/wp\\\/\",\"logo\":{\"@type\":\"ImageObject\",\"inLanguage\":\"it-IT\",\"@id\":\"https:\\\/\\\/www.ilnotiziario.net\\\/wp\\\/#\\\/schema\\\/logo\\\/image\\\/\",\"url\":\"https:\\\/\\\/www.ilnotiziario.net\\\/wp\\\/wp-content\\\/uploads\\\/2022\\\/06\\\/170x170ilN.png\",\"contentUrl\":\"https:\\\/\\\/www.ilnotiziario.net\\\/wp\\\/wp-content\\\/uploads\\\/2022\\\/06\\\/170x170ilN.png\",\"width\":355,\"height\":355,\"caption\":\"Il Notiziario\"},\"image\":{\"@id\":\"https:\\\/\\\/www.ilnotiziario.net\\\/wp\\\/#\\\/schema\\\/logo\\\/image\\\/\"},\"sameAs\":[\"https:\\\/\\\/www.facebook.com\\\/ilnotiziarioind\\\/\",\"https:\\\/\\\/x.com\\\/ilNotiziarioInd\",\"https:\\\/\\\/www.instagram.com\\\/ilnotiziario_settimanale\\\/\"]},{\"@type\":\"Person\",\"@id\":\"https:\\\/\\\/www.ilnotiziario.net\\\/wp\\\/#\\\/schema\\\/person\\\/386e222908f898bb41c033989482bbf2\",\"name\":\"Gabriele Bassani\",\"image\":{\"@type\":\"ImageObject\",\"inLanguage\":\"it-IT\",\"@id\":\"https:\\\/\\\/secure.gravatar.com\\\/avatar\\\/09274f4a84fa97698bde56f84b3afed61c8492d48b0550db9671b68c177479cb?s=96&d=mm&r=g\",\"url\":\"https:\\\/\\\/secure.gravatar.com\\\/avatar\\\/09274f4a84fa97698bde56f84b3afed61c8492d48b0550db9671b68c177479cb?s=96&d=mm&r=g\",\"contentUrl\":\"https:\\\/\\\/secure.gravatar.com\\\/avatar\\\/09274f4a84fa97698bde56f84b3afed61c8492d48b0550db9671b68c177479cb?s=96&d=mm&r=g\",\"caption\":\"Gabriele Bassani\"},\"sameAs\":[\"http:\\\/\\\/www.ilnotiziario.net\"]}]}<\/script>\n<!-- \/ Yoast SEO plugin. -->","yoast_head_json":{"title":"Vaccino anticovid, in Lombardia al via la terza dose per i soggetti fragili - Il Notiziario","description":"Al via in Lombardia la Fase 3 della campagna vaccinale anti-covid. Da oggi, luned\u00ec 20 settembre, avranno accesso alla terza dose i soggetti","robots":{"index":"index","follow":"follow","max-snippet":"max-snippet:-1","max-image-preview":"max-image-preview:large","max-video-preview":"max-video-preview:-1"},"canonical":"https:\/\/www.ilnotiziario.net\/wp\/prima-pagina\/vaccino-covid-lombardia-terza-dose-fragili\/","og_locale":"it_IT","og_type":"article","og_title":"Vaccino anticovid, in Lombardia al via la terza dose per i soggetti fragili - Il Notiziario","og_description":"Al via in Lombardia la Fase 3 della campagna vaccinale anti-covid. Da oggi, luned\u00ec 20 settembre, avranno accesso alla terza dose i soggetti","og_url":"https:\/\/www.ilnotiziario.net\/wp\/prima-pagina\/vaccino-covid-lombardia-terza-dose-fragili\/","og_site_name":"Il Notiziario","article_publisher":"https:\/\/www.facebook.com\/ilnotiziarioind\/","article_published_time":"2021-09-20T14:31:21+00:00","og_image":[{"width":1134,"height":731,"url":"https:\/\/www.ilnotiziario.net\/wp\/wp-content\/uploads\/2021\/02\/vaccino-covid-2.jpg","type":"image\/jpeg"}],"author":"Gabriele Bassani","twitter_card":"summary_large_image","twitter_creator":"@ilNotiziarioInd","twitter_site":"@ilNotiziarioInd","twitter_misc":{"Scritto da":"Gabriele Bassani","Tempo di lettura stimato":"2 minuti"},"schema":{"@context":"https:\/\/schema.org","@graph":[{"@type":"Article","@id":"https:\/\/www.ilnotiziario.net\/wp\/prima-pagina\/vaccino-covid-lombardia-terza-dose-fragili\/#article","isPartOf":{"@id":"https:\/\/www.ilnotiziario.net\/wp\/prima-pagina\/vaccino-covid-lombardia-terza-dose-fragili\/"},"author":{"name":"Gabriele Bassani","@id":"https:\/\/www.ilnotiziario.net\/wp\/#\/schema\/person\/386e222908f898bb41c033989482bbf2"},"headline":"Vaccino anticovid, in Lombardia al via la terza dose per i soggetti fragili","datePublished":"2021-09-20T14:31:21+00:00","mainEntityOfPage":{"@id":"https:\/\/www.ilnotiziario.net\/wp\/prima-pagina\/vaccino-covid-lombardia-terza-dose-fragili\/"},"wordCount":355,"publisher":{"@id":"https:\/\/www.ilnotiziario.net\/wp\/#organization"},"image":{"@id":"https:\/\/www.ilnotiziario.net\/wp\/prima-pagina\/vaccino-covid-lombardia-terza-dose-fragili\/#primaryimage"},"thumbnailUrl":"https:\/\/www.ilnotiziario.net\/wp\/wp-content\/uploads\/2021\/02\/vaccino-covid-2.jpg","keywords":["Lombardia","terza dose","vaccino"],"articleSection":["Prima Pagina"],"inLanguage":"it-IT"},{"@type":"WebPage","@id":"https:\/\/www.ilnotiziario.net\/wp\/prima-pagina\/vaccino-covid-lombardia-terza-dose-fragili\/","url":"https:\/\/www.ilnotiziario.net\/wp\/prima-pagina\/vaccino-covid-lombardia-terza-dose-fragili\/","name":"Vaccino anticovid, in Lombardia al via la terza dose per i soggetti fragili - Il Notiziario","isPartOf":{"@id":"https:\/\/www.ilnotiziario.net\/wp\/#website"},"primaryImageOfPage":{"@id":"https:\/\/www.ilnotiziario.net\/wp\/prima-pagina\/vaccino-covid-lombardia-terza-dose-fragili\/#primaryimage"},"image":{"@id":"https:\/\/www.ilnotiziario.net\/wp\/prima-pagina\/vaccino-covid-lombardia-terza-dose-fragili\/#primaryimage"},"thumbnailUrl":"https:\/\/www.ilnotiziario.net\/wp\/wp-content\/uploads\/2021\/02\/vaccino-covid-2.jpg","datePublished":"2021-09-20T14:31:21+00:00","description":"Al via in Lombardia la Fase 3 della campagna vaccinale anti-covid. Da oggi, luned\u00ec 20 settembre, avranno accesso alla terza dose i soggetti","breadcrumb":{"@id":"https:\/\/www.ilnotiziario.net\/wp\/prima-pagina\/vaccino-covid-lombardia-terza-dose-fragili\/#breadcrumb"},"inLanguage":"it-IT","potentialAction":[{"@type":"ReadAction","target":["https:\/\/www.ilnotiziario.net\/wp\/prima-pagina\/vaccino-covid-lombardia-terza-dose-fragili\/"]}]},{"@type":"ImageObject","inLanguage":"it-IT","@id":"https:\/\/www.ilnotiziario.net\/wp\/prima-pagina\/vaccino-covid-lombardia-terza-dose-fragili\/#primaryimage","url":"https:\/\/www.ilnotiziario.net\/wp\/wp-content\/uploads\/2021\/02\/vaccino-covid-2.jpg","contentUrl":"https:\/\/www.ilnotiziario.net\/wp\/wp-content\/uploads\/2021\/02\/vaccino-covid-2.jpg","width":1134,"height":731,"caption":"Covid Cesate multe over 50"},{"@type":"BreadcrumbList","@id":"https:\/\/www.ilnotiziario.net\/wp\/prima-pagina\/vaccino-covid-lombardia-terza-dose-fragili\/#breadcrumb","itemListElement":[{"@type":"ListItem","position":1,"name":"tds_text_logo_tagline_colortds_text_logo_tagline_colortds_text_logo_tagline_colortds_text_logo_tagline_colortd_module_7_title_excerpttd_module_7_title_excerpttd_module_7_title_excerpttd_module_7_title_excerptHome","item":"https:\/\/www.ilnotiziario.net\/wp\/"},{"@type":"ListItem","position":2,"name":"Vaccino anticovid, in Lombardia al via la terza dose per i soggetti fragili"}]},{"@type":"WebSite","@id":"https:\/\/www.ilnotiziario.net\/wp\/#website","url":"https:\/\/www.ilnotiziario.net\/wp\/","name":"Il Notiziario","description":"Per restare sempre connessi alla notizia","publisher":{"@id":"https:\/\/www.ilnotiziario.net\/wp\/#organization"},"alternateName":"Il Notiziario Bollate","potentialAction":[{"@type":"SearchAction","target":{"@type":"EntryPoint","urlTemplate":"https:\/\/www.ilnotiziario.net\/wp\/?s={search_term_string}"},"query-input":{"@type":"PropertyValueSpecification","valueRequired":true,"valueName":"search_term_string"}}],"inLanguage":"it-IT"},{"@type":"Organization","@id":"https:\/\/www.ilnotiziario.net\/wp\/#organization","name":"Il Notiziario","url":"https:\/\/www.ilnotiziario.net\/wp\/","logo":{"@type":"ImageObject","inLanguage":"it-IT","@id":"https:\/\/www.ilnotiziario.net\/wp\/#\/schema\/logo\/image\/","url":"https:\/\/www.ilnotiziario.net\/wp\/wp-content\/uploads\/2022\/06\/170x170ilN.png","contentUrl":"https:\/\/www.ilnotiziario.net\/wp\/wp-content\/uploads\/2022\/06\/170x170ilN.png","width":355,"height":355,"caption":"Il Notiziario"},"image":{"@id":"https:\/\/www.ilnotiziario.net\/wp\/#\/schema\/logo\/image\/"},"sameAs":["https:\/\/www.facebook.com\/ilnotiziarioind\/","https:\/\/x.com\/ilNotiziarioInd","https:\/\/www.instagram.com\/ilnotiziario_settimanale\/"]},{"@type":"Person","@id":"https:\/\/www.ilnotiziario.net\/wp\/#\/schema\/person\/386e222908f898bb41c033989482bbf2","name":"Gabriele Bassani","image":{"@type":"ImageObject","inLanguage":"it-IT","@id":"https:\/\/secure.gravatar.com\/avatar\/09274f4a84fa97698bde56f84b3afed61c8492d48b0550db9671b68c177479cb?s=96&d=mm&r=g","url":"https:\/\/secure.gravatar.com\/avatar\/09274f4a84fa97698bde56f84b3afed61c8492d48b0550db9671b68c177479cb?s=96&d=mm&r=g","contentUrl":"https:\/\/secure.gravatar.com\/avatar\/09274f4a84fa97698bde56f84b3afed61c8492d48b0550db9671b68c177479cb?s=96&d=mm&r=g","caption":"Gabriele Bassani"},"sameAs":["http:\/\/www.ilnotiziario.net"]}]}},"_links":{"self":[{"href":"https:\/\/www.ilnotiziario.net\/wp\/wp-json\/wp\/v2\/posts\/156391","targetHints":{"allow":["GET"]}}],"collection":[{"href":"https:\/\/www.ilnotiziario.net\/wp\/wp-json\/wp\/v2\/posts"}],"about":[{"href":"https:\/\/www.ilnotiziario.net\/wp\/wp-json\/wp\/v2\/types\/post"}],"author":[{"embeddable":true,"href":"https:\/\/www.ilnotiziario.net\/wp\/wp-json\/wp\/v2\/users\/3"}],"replies":[{"embeddable":true,"href":"https:\/\/www.ilnotiziario.net\/wp\/wp-json\/wp\/v2\/comments?post=156391"}],"version-history":[{"count":0,"href":"https:\/\/www.ilnotiziario.net\/wp\/wp-json\/wp\/v2\/posts\/156391\/revisions"}],"wp:featuredmedia":[{"embeddable":true,"href":"https:\/\/www.ilnotiziario.net\/wp\/wp-json\/wp\/v2\/media\/148133"}],"wp:attachment":[{"href":"https:\/\/www.ilnotiziario.net\/wp\/wp-json\/wp\/v2\/media?parent=156391"}],"wp:term":[{"taxonomy":"category","embeddable":true,"href":"https:\/\/www.ilnotiziario.net\/wp\/wp-json\/wp\/v2\/categories?post=156391"},{"taxonomy":"post_tag","embeddable":true,"href":"https:\/\/www.ilnotiziario.net\/wp\/wp-json\/wp\/v2\/tags?post=156391"}],"curies":[{"name":"wp","href":"https:\/\/api.w.org\/{rel}","templated":true}]}}