{"id":156623,"date":"2021-09-27T10:45:44","date_gmt":"2021-09-27T08:45:44","guid":{"rendered":"https:\/\/www.ilnotiziario.net\/wp\/?p=156623"},"modified":"2021-09-27T10:45:44","modified_gmt":"2021-09-27T08:45:44","slug":"monegato-solaro-primo-italiano-ultramaratona-sparta-atene","status":"publish","type":"post","link":"https:\/\/www.ilnotiziario.net\/wp\/prima-pagina\/monegato-solaro-primo-italiano-ultramaratona-sparta-atene\/","title":{"rendered":"Monegato, da Solaro, primo italiano a completare l&#8217;ultramaratona Sparta-Atene di 246 km"},"content":{"rendered":"<p><img fetchpriority=\"high\" decoding=\"async\" class=\"aligncenter size-full wp-image-156624\" src=\"https:\/\/www.ilnotiziario.net\/wp\/wp-content\/uploads\/2021\/09\/0110Solaro-Monegato.jpg\" alt=\"Solaro Monegato \" width=\"463\" height=\"390\" srcset=\"https:\/\/www.ilnotiziario.net\/wp\/wp-content\/uploads\/2021\/09\/0110Solaro-Monegato.jpg 463w, https:\/\/www.ilnotiziario.net\/wp\/wp-content\/uploads\/2021\/09\/0110Solaro-Monegato-300x253.jpg 300w\" sizes=\"(max-width: 463px) 100vw, 463px\" \/>Piergiuseppe Monegato, di Solaro, \u00e8 uno dei finishers della pi\u00f9 importante ultramaratona del mondo, la Sparta-Atene, sulla distanza di 246 km. Precisamente, Monegato, \u00e8 il primo italiano classificato nell\u2019incredibile gara di resistenza. Ha coperto l<strong>a distanza tra le due storiche citt\u00e0 greche in 34 ore 22 minuti e 47 secondi<\/strong>, conquistando l\u201987esimo posto assoluto in classifica tra i 167 che hanno portato a termine l\u2019impresa su 341 iscritti provenienti da 56 Paesi del mondo.<\/p><div id=\"ilnot-378649937\" class=\"ilnot-contenuto ilnot-entity-placement\"><p><!-- incontent_1 --><\/p>\n<div class=\"gptslot\" data-adunitid=\"1\"><\/div>\n<\/div>\n<p>Ad assisterlo per tutta la gara e ad accompagnarlo negli ultimi emozionanti metri di corsa stendendo il Tricolore italiano, c\u2019era la moglie Marisa Re. Con loro anche l\u2019altro ultramaratoneta appartenente all&#8217;Asd Tartarughe della Kirghisia, <a href=\"https:\/\/www.ilnotiziario.net\/wp\/2021\/03\/13\/ultramaratona-rovellasca-caroni-de-corato-video\/\"><strong>&nbsp;Lucio Caroni di Rovellasca, che avevano intervistato qualche mese fa<\/strong> <\/a>e che ha dovuto abbandonare la gara per un problema fisico.<\/p>\n<p>Anche il sindaco di Solaro, Nilde Moretti, ha voluto complimentarsi con Piergiuseppe Monegato, \u201corgoglio solarese\u201d.<\/p><div id=\"ilnot-815628176\" class=\"ilnot-contenuto_2 ilnot-entity-placement\"><div class=\"ads-wrapper\">\n<div class=\"ad-slot\">\n   <div id=\"ilnot-4148021601\" style=\"margin-right: auto;margin-left: auto;text-align: center;width: 320px;height: 100px;\"><a href=\"https:\/\/www.scuolasicurezza.it\/\"><img decoding=\"async\" src=\"https:\/\/www.ilnotiziario.net\/wp\/wp-content\/uploads\/2026\/04\/IlNotiziario_banner-sito-e-newsletter-320-x-100-px-1.gif\" alt=\"\"><\/a><\/div>\n  <\/div>\n<div class=\"ad-slot\">\n   <div id=\"ilnot-1301052389\" style=\"margin-right: auto;margin-left: auto;text-align: center;width: 320px;height: 100px;\"><a href=\"https:\/\/purodesignarredamenti.com\/\"><img decoding=\"async\" src=\"https:\/\/www.ilnotiziario.net\/wp\/wp-content\/uploads\/2026\/04\/banner-puro-ok.gif\" alt=\"whatsapp\"><\/a><\/div><\/p><\/div>\n<\/div>\n<\/div>\n","protected":false},"excerpt":{"rendered":"<p>Piergiuseppe Monegato, di Solaro, \u00e8 uno dei finishers della pi\u00f9 importante ultramaratona del mondo, la Sparta-Atene, sulla distanza di 246 km. Precisamente, Monegato, \u00e8 il primo italiano classificato nell\u2019incredibile gara di resistenza. Ha coperto la distanza tra le due storiche citt\u00e0 greche in 34 ore 22 minuti e 47 secondi, conquistando l\u201987esimo posto assoluto in<\/p>\n","protected":false},"author":3,"featured_media":156624,"comment_status":"closed","ping_status":"closed","sticky":false,"template":"","format":"standard","meta":{"footnotes":""},"categories":[8,11,20,13],"tags":[9226,9227,9224,623,263,9225,8429],"class_list":{"0":"post-156623","1":"post","2":"type-post","3":"status-publish","4":"format-standard","5":"has-post-thumbnail","7":"category-bollatese","8":"category-nord-milano","9":"category-prima-pagina","10":"category-saronnese","11":"tag-atene","12":"tag-caroni","13":"tag-monegato","14":"tag-rovellasca","15":"tag-solaro","16":"tag-sparta","17":"tag-ultramaratona"},"yoast_head":"<!-- This site is optimized with the Yoast SEO plugin v27.5 - https:\/\/yoast.com\/product\/yoast-seo-wordpress\/ -->\n<title>Monegato, da Solaro, primo italiano a completare l&#039;ultramaratona Sparta-Atene di 246 km - Il Notiziario<\/title>\n<meta name=\"description\" content=\"Piergiuseppe Monegato, di Solaro, \u00e8 uno dei finishers della pi\u00f9 importante ultramaratona del mondo, la Sparta-Atene, sulla distanza di 246 km.\" \/>\n<meta name=\"robots\" content=\"index, follow, max-snippet:-1, max-image-preview:large, max-video-preview:-1\" \/>\n<link rel=\"canonical\" href=\"https:\/\/www.ilnotiziario.net\/wp\/prima-pagina\/monegato-solaro-primo-italiano-ultramaratona-sparta-atene\/\" \/>\n<meta property=\"og:locale\" content=\"it_IT\" \/>\n<meta property=\"og:type\" content=\"article\" \/>\n<meta property=\"og:title\" content=\"Monegato, da Solaro, primo italiano a completare l&#039;ultramaratona Sparta-Atene di 246 km - Il Notiziario\" \/>\n<meta property=\"og:description\" content=\"Piergiuseppe Monegato, di Solaro, \u00e8 uno dei finishers della pi\u00f9 importante ultramaratona del mondo, la Sparta-Atene, sulla distanza di 246 km.\" \/>\n<meta property=\"og:url\" content=\"https:\/\/www.ilnotiziario.net\/wp\/prima-pagina\/monegato-solaro-primo-italiano-ultramaratona-sparta-atene\/\" \/>\n<meta property=\"og:site_name\" content=\"Il Notiziario\" \/>\n<meta property=\"article:publisher\" content=\"https:\/\/www.facebook.com\/ilnotiziarioind\/\" \/>\n<meta property=\"article:published_time\" content=\"2021-09-27T08:45:44+00:00\" \/>\n<meta property=\"og:image\" content=\"https:\/\/www.ilnotiziario.net\/wp\/wp-content\/uploads\/2021\/09\/0110Solaro-Monegato.jpg\" \/>\n\t<meta property=\"og:image:width\" content=\"463\" \/>\n\t<meta property=\"og:image:height\" content=\"390\" \/>\n\t<meta property=\"og:image:type\" content=\"image\/jpeg\" \/>\n<meta name=\"author\" content=\"Gabriele Bassani\" \/>\n<meta name=\"twitter:card\" content=\"summary_large_image\" \/>\n<meta name=\"twitter:creator\" content=\"@ilNotiziarioInd\" \/>\n<meta name=\"twitter:site\" content=\"@ilNotiziarioInd\" \/>\n<meta name=\"twitter:label1\" content=\"Scritto da\" \/>\n\t<meta name=\"twitter:data1\" content=\"Gabriele Bassani\" \/>\n\t<meta name=\"twitter:label2\" content=\"Tempo di lettura stimato\" \/>\n\t<meta name=\"twitter:data2\" content=\"1 minuto\" \/>\n<script type=\"application\/ld+json\" class=\"yoast-schema-graph\">{\"@context\":\"https:\\\/\\\/schema.org\",\"@graph\":[{\"@type\":\"Article\",\"@id\":\"https:\\\/\\\/www.ilnotiziario.net\\\/wp\\\/prima-pagina\\\/monegato-solaro-primo-italiano-ultramaratona-sparta-atene\\\/#article\",\"isPartOf\":{\"@id\":\"https:\\\/\\\/www.ilnotiziario.net\\\/wp\\\/prima-pagina\\\/monegato-solaro-primo-italiano-ultramaratona-sparta-atene\\\/\"},\"author\":{\"name\":\"Gabriele Bassani\",\"@id\":\"https:\\\/\\\/www.ilnotiziario.net\\\/wp\\\/#\\\/schema\\\/person\\\/386e222908f898bb41c033989482bbf2\"},\"headline\":\"Monegato, da Solaro, primo italiano a completare l&#8217;ultramaratona Sparta-Atene di 246 km\",\"datePublished\":\"2021-09-27T08:45:44+00:00\",\"mainEntityOfPage\":{\"@id\":\"https:\\\/\\\/www.ilnotiziario.net\\\/wp\\\/prima-pagina\\\/monegato-solaro-primo-italiano-ultramaratona-sparta-atene\\\/\"},\"wordCount\":154,\"publisher\":{\"@id\":\"https:\\\/\\\/www.ilnotiziario.net\\\/wp\\\/#organization\"},\"image\":{\"@id\":\"https:\\\/\\\/www.ilnotiziario.net\\\/wp\\\/prima-pagina\\\/monegato-solaro-primo-italiano-ultramaratona-sparta-atene\\\/#primaryimage\"},\"thumbnailUrl\":\"https:\\\/\\\/www.ilnotiziario.net\\\/wp\\\/wp-content\\\/uploads\\\/2021\\\/09\\\/0110Solaro-Monegato.jpg\",\"keywords\":[\"Atene\",\"Caroni\",\"Monegato\",\"Rovellasca\",\"Solaro\",\"Sparta\",\"Ultramaratona\"],\"articleSection\":[\"BOLLATESE\",\"NORD MILANO\",\"Prima Pagina\",\"SARONNESE\"],\"inLanguage\":\"it-IT\"},{\"@type\":\"WebPage\",\"@id\":\"https:\\\/\\\/www.ilnotiziario.net\\\/wp\\\/prima-pagina\\\/monegato-solaro-primo-italiano-ultramaratona-sparta-atene\\\/\",\"url\":\"https:\\\/\\\/www.ilnotiziario.net\\\/wp\\\/prima-pagina\\\/monegato-solaro-primo-italiano-ultramaratona-sparta-atene\\\/\",\"name\":\"Monegato, da Solaro, primo italiano a completare l'ultramaratona Sparta-Atene di 246 km - Il Notiziario\",\"isPartOf\":{\"@id\":\"https:\\\/\\\/www.ilnotiziario.net\\\/wp\\\/#website\"},\"primaryImageOfPage\":{\"@id\":\"https:\\\/\\\/www.ilnotiziario.net\\\/wp\\\/prima-pagina\\\/monegato-solaro-primo-italiano-ultramaratona-sparta-atene\\\/#primaryimage\"},\"image\":{\"@id\":\"https:\\\/\\\/www.ilnotiziario.net\\\/wp\\\/prima-pagina\\\/monegato-solaro-primo-italiano-ultramaratona-sparta-atene\\\/#primaryimage\"},\"thumbnailUrl\":\"https:\\\/\\\/www.ilnotiziario.net\\\/wp\\\/wp-content\\\/uploads\\\/2021\\\/09\\\/0110Solaro-Monegato.jpg\",\"datePublished\":\"2021-09-27T08:45:44+00:00\",\"description\":\"Piergiuseppe Monegato, di Solaro, \u00e8 uno dei finishers della pi\u00f9 importante ultramaratona del mondo, la Sparta-Atene, sulla distanza di 246 km.\",\"breadcrumb\":{\"@id\":\"https:\\\/\\\/www.ilnotiziario.net\\\/wp\\\/prima-pagina\\\/monegato-solaro-primo-italiano-ultramaratona-sparta-atene\\\/#breadcrumb\"},\"inLanguage\":\"it-IT\",\"potentialAction\":[{\"@type\":\"ReadAction\",\"target\":[\"https:\\\/\\\/www.ilnotiziario.net\\\/wp\\\/prima-pagina\\\/monegato-solaro-primo-italiano-ultramaratona-sparta-atene\\\/\"]}]},{\"@type\":\"ImageObject\",\"inLanguage\":\"it-IT\",\"@id\":\"https:\\\/\\\/www.ilnotiziario.net\\\/wp\\\/prima-pagina\\\/monegato-solaro-primo-italiano-ultramaratona-sparta-atene\\\/#primaryimage\",\"url\":\"https:\\\/\\\/www.ilnotiziario.net\\\/wp\\\/wp-content\\\/uploads\\\/2021\\\/09\\\/0110Solaro-Monegato.jpg\",\"contentUrl\":\"https:\\\/\\\/www.ilnotiziario.net\\\/wp\\\/wp-content\\\/uploads\\\/2021\\\/09\\\/0110Solaro-Monegato.jpg\",\"width\":463,\"height\":390,\"caption\":\"Solaro Monegato\"},{\"@type\":\"BreadcrumbList\",\"@id\":\"https:\\\/\\\/www.ilnotiziario.net\\\/wp\\\/prima-pagina\\\/monegato-solaro-primo-italiano-ultramaratona-sparta-atene\\\/#breadcrumb\",\"itemListElement\":[{\"@type\":\"ListItem\",\"position\":1,\"name\":\"tds_text_logo_tagline_colortds_text_logo_tagline_colortds_text_logo_tagline_colortds_text_logo_tagline_colortd_module_7_title_excerpttd_module_7_title_excerpttd_module_7_title_excerpttd_module_7_title_excerptHome\",\"item\":\"https:\\\/\\\/www.ilnotiziario.net\\\/wp\\\/\"},{\"@type\":\"ListItem\",\"position\":2,\"name\":\"Monegato, da Solaro, primo italiano a completare l&#8217;ultramaratona Sparta-Atene di 246 km\"}]},{\"@type\":\"WebSite\",\"@id\":\"https:\\\/\\\/www.ilnotiziario.net\\\/wp\\\/#website\",\"url\":\"https:\\\/\\\/www.ilnotiziario.net\\\/wp\\\/\",\"name\":\"Il Notiziario\",\"description\":\"Per restare sempre connessi alla notizia\",\"publisher\":{\"@id\":\"https:\\\/\\\/www.ilnotiziario.net\\\/wp\\\/#organization\"},\"alternateName\":\"Il Notiziario Bollate\",\"potentialAction\":[{\"@type\":\"SearchAction\",\"target\":{\"@type\":\"EntryPoint\",\"urlTemplate\":\"https:\\\/\\\/www.ilnotiziario.net\\\/wp\\\/?s={search_term_string}\"},\"query-input\":{\"@type\":\"PropertyValueSpecification\",\"valueRequired\":true,\"valueName\":\"search_term_string\"}}],\"inLanguage\":\"it-IT\"},{\"@type\":\"Organization\",\"@id\":\"https:\\\/\\\/www.ilnotiziario.net\\\/wp\\\/#organization\",\"name\":\"Il Notiziario\",\"url\":\"https:\\\/\\\/www.ilnotiziario.net\\\/wp\\\/\",\"logo\":{\"@type\":\"ImageObject\",\"inLanguage\":\"it-IT\",\"@id\":\"https:\\\/\\\/www.ilnotiziario.net\\\/wp\\\/#\\\/schema\\\/logo\\\/image\\\/\",\"url\":\"https:\\\/\\\/www.ilnotiziario.net\\\/wp\\\/wp-content\\\/uploads\\\/2022\\\/06\\\/170x170ilN.png\",\"contentUrl\":\"https:\\\/\\\/www.ilnotiziario.net\\\/wp\\\/wp-content\\\/uploads\\\/2022\\\/06\\\/170x170ilN.png\",\"width\":355,\"height\":355,\"caption\":\"Il Notiziario\"},\"image\":{\"@id\":\"https:\\\/\\\/www.ilnotiziario.net\\\/wp\\\/#\\\/schema\\\/logo\\\/image\\\/\"},\"sameAs\":[\"https:\\\/\\\/www.facebook.com\\\/ilnotiziarioind\\\/\",\"https:\\\/\\\/x.com\\\/ilNotiziarioInd\",\"https:\\\/\\\/www.instagram.com\\\/ilnotiziario_settimanale\\\/\"]},{\"@type\":\"Person\",\"@id\":\"https:\\\/\\\/www.ilnotiziario.net\\\/wp\\\/#\\\/schema\\\/person\\\/386e222908f898bb41c033989482bbf2\",\"name\":\"Gabriele Bassani\",\"image\":{\"@type\":\"ImageObject\",\"inLanguage\":\"it-IT\",\"@id\":\"https:\\\/\\\/secure.gravatar.com\\\/avatar\\\/09274f4a84fa97698bde56f84b3afed61c8492d48b0550db9671b68c177479cb?s=96&d=mm&r=g\",\"url\":\"https:\\\/\\\/secure.gravatar.com\\\/avatar\\\/09274f4a84fa97698bde56f84b3afed61c8492d48b0550db9671b68c177479cb?s=96&d=mm&r=g\",\"contentUrl\":\"https:\\\/\\\/secure.gravatar.com\\\/avatar\\\/09274f4a84fa97698bde56f84b3afed61c8492d48b0550db9671b68c177479cb?s=96&d=mm&r=g\",\"caption\":\"Gabriele Bassani\"},\"sameAs\":[\"http:\\\/\\\/www.ilnotiziario.net\"]}]}<\/script>\n<!-- \/ Yoast SEO plugin. -->","yoast_head_json":{"title":"Monegato, da Solaro, primo italiano a completare l'ultramaratona Sparta-Atene di 246 km - Il Notiziario","description":"Piergiuseppe Monegato, di Solaro, \u00e8 uno dei finishers della pi\u00f9 importante ultramaratona del mondo, la Sparta-Atene, sulla distanza di 246 km.","robots":{"index":"index","follow":"follow","max-snippet":"max-snippet:-1","max-image-preview":"max-image-preview:large","max-video-preview":"max-video-preview:-1"},"canonical":"https:\/\/www.ilnotiziario.net\/wp\/prima-pagina\/monegato-solaro-primo-italiano-ultramaratona-sparta-atene\/","og_locale":"it_IT","og_type":"article","og_title":"Monegato, da Solaro, primo italiano a completare l'ultramaratona Sparta-Atene di 246 km - Il Notiziario","og_description":"Piergiuseppe Monegato, di Solaro, \u00e8 uno dei finishers della pi\u00f9 importante ultramaratona del mondo, la Sparta-Atene, sulla distanza di 246 km.","og_url":"https:\/\/www.ilnotiziario.net\/wp\/prima-pagina\/monegato-solaro-primo-italiano-ultramaratona-sparta-atene\/","og_site_name":"Il Notiziario","article_publisher":"https:\/\/www.facebook.com\/ilnotiziarioind\/","article_published_time":"2021-09-27T08:45:44+00:00","og_image":[{"width":463,"height":390,"url":"https:\/\/www.ilnotiziario.net\/wp\/wp-content\/uploads\/2021\/09\/0110Solaro-Monegato.jpg","type":"image\/jpeg"}],"author":"Gabriele Bassani","twitter_card":"summary_large_image","twitter_creator":"@ilNotiziarioInd","twitter_site":"@ilNotiziarioInd","twitter_misc":{"Scritto da":"Gabriele Bassani","Tempo di lettura stimato":"1 minuto"},"schema":{"@context":"https:\/\/schema.org","@graph":[{"@type":"Article","@id":"https:\/\/www.ilnotiziario.net\/wp\/prima-pagina\/monegato-solaro-primo-italiano-ultramaratona-sparta-atene\/#article","isPartOf":{"@id":"https:\/\/www.ilnotiziario.net\/wp\/prima-pagina\/monegato-solaro-primo-italiano-ultramaratona-sparta-atene\/"},"author":{"name":"Gabriele Bassani","@id":"https:\/\/www.ilnotiziario.net\/wp\/#\/schema\/person\/386e222908f898bb41c033989482bbf2"},"headline":"Monegato, da Solaro, primo italiano a completare l&#8217;ultramaratona Sparta-Atene di 246 km","datePublished":"2021-09-27T08:45:44+00:00","mainEntityOfPage":{"@id":"https:\/\/www.ilnotiziario.net\/wp\/prima-pagina\/monegato-solaro-primo-italiano-ultramaratona-sparta-atene\/"},"wordCount":154,"publisher":{"@id":"https:\/\/www.ilnotiziario.net\/wp\/#organization"},"image":{"@id":"https:\/\/www.ilnotiziario.net\/wp\/prima-pagina\/monegato-solaro-primo-italiano-ultramaratona-sparta-atene\/#primaryimage"},"thumbnailUrl":"https:\/\/www.ilnotiziario.net\/wp\/wp-content\/uploads\/2021\/09\/0110Solaro-Monegato.jpg","keywords":["Atene","Caroni","Monegato","Rovellasca","Solaro","Sparta","Ultramaratona"],"articleSection":["BOLLATESE","NORD MILANO","Prima Pagina","SARONNESE"],"inLanguage":"it-IT"},{"@type":"WebPage","@id":"https:\/\/www.ilnotiziario.net\/wp\/prima-pagina\/monegato-solaro-primo-italiano-ultramaratona-sparta-atene\/","url":"https:\/\/www.ilnotiziario.net\/wp\/prima-pagina\/monegato-solaro-primo-italiano-ultramaratona-sparta-atene\/","name":"Monegato, da Solaro, primo italiano a completare l'ultramaratona Sparta-Atene di 246 km - Il Notiziario","isPartOf":{"@id":"https:\/\/www.ilnotiziario.net\/wp\/#website"},"primaryImageOfPage":{"@id":"https:\/\/www.ilnotiziario.net\/wp\/prima-pagina\/monegato-solaro-primo-italiano-ultramaratona-sparta-atene\/#primaryimage"},"image":{"@id":"https:\/\/www.ilnotiziario.net\/wp\/prima-pagina\/monegato-solaro-primo-italiano-ultramaratona-sparta-atene\/#primaryimage"},"thumbnailUrl":"https:\/\/www.ilnotiziario.net\/wp\/wp-content\/uploads\/2021\/09\/0110Solaro-Monegato.jpg","datePublished":"2021-09-27T08:45:44+00:00","description":"Piergiuseppe Monegato, di Solaro, \u00e8 uno dei finishers della pi\u00f9 importante ultramaratona del mondo, la Sparta-Atene, sulla distanza di 246 km.","breadcrumb":{"@id":"https:\/\/www.ilnotiziario.net\/wp\/prima-pagina\/monegato-solaro-primo-italiano-ultramaratona-sparta-atene\/#breadcrumb"},"inLanguage":"it-IT","potentialAction":[{"@type":"ReadAction","target":["https:\/\/www.ilnotiziario.net\/wp\/prima-pagina\/monegato-solaro-primo-italiano-ultramaratona-sparta-atene\/"]}]},{"@type":"ImageObject","inLanguage":"it-IT","@id":"https:\/\/www.ilnotiziario.net\/wp\/prima-pagina\/monegato-solaro-primo-italiano-ultramaratona-sparta-atene\/#primaryimage","url":"https:\/\/www.ilnotiziario.net\/wp\/wp-content\/uploads\/2021\/09\/0110Solaro-Monegato.jpg","contentUrl":"https:\/\/www.ilnotiziario.net\/wp\/wp-content\/uploads\/2021\/09\/0110Solaro-Monegato.jpg","width":463,"height":390,"caption":"Solaro Monegato"},{"@type":"BreadcrumbList","@id":"https:\/\/www.ilnotiziario.net\/wp\/prima-pagina\/monegato-solaro-primo-italiano-ultramaratona-sparta-atene\/#breadcrumb","itemListElement":[{"@type":"ListItem","position":1,"name":"tds_text_logo_tagline_colortds_text_logo_tagline_colortds_text_logo_tagline_colortds_text_logo_tagline_colortd_module_7_title_excerpttd_module_7_title_excerpttd_module_7_title_excerpttd_module_7_title_excerptHome","item":"https:\/\/www.ilnotiziario.net\/wp\/"},{"@type":"ListItem","position":2,"name":"Monegato, da Solaro, primo italiano a completare l&#8217;ultramaratona Sparta-Atene di 246 km"}]},{"@type":"WebSite","@id":"https:\/\/www.ilnotiziario.net\/wp\/#website","url":"https:\/\/www.ilnotiziario.net\/wp\/","name":"Il Notiziario","description":"Per restare sempre connessi alla notizia","publisher":{"@id":"https:\/\/www.ilnotiziario.net\/wp\/#organization"},"alternateName":"Il Notiziario Bollate","potentialAction":[{"@type":"SearchAction","target":{"@type":"EntryPoint","urlTemplate":"https:\/\/www.ilnotiziario.net\/wp\/?s={search_term_string}"},"query-input":{"@type":"PropertyValueSpecification","valueRequired":true,"valueName":"search_term_string"}}],"inLanguage":"it-IT"},{"@type":"Organization","@id":"https:\/\/www.ilnotiziario.net\/wp\/#organization","name":"Il Notiziario","url":"https:\/\/www.ilnotiziario.net\/wp\/","logo":{"@type":"ImageObject","inLanguage":"it-IT","@id":"https:\/\/www.ilnotiziario.net\/wp\/#\/schema\/logo\/image\/","url":"https:\/\/www.ilnotiziario.net\/wp\/wp-content\/uploads\/2022\/06\/170x170ilN.png","contentUrl":"https:\/\/www.ilnotiziario.net\/wp\/wp-content\/uploads\/2022\/06\/170x170ilN.png","width":355,"height":355,"caption":"Il Notiziario"},"image":{"@id":"https:\/\/www.ilnotiziario.net\/wp\/#\/schema\/logo\/image\/"},"sameAs":["https:\/\/www.facebook.com\/ilnotiziarioind\/","https:\/\/x.com\/ilNotiziarioInd","https:\/\/www.instagram.com\/ilnotiziario_settimanale\/"]},{"@type":"Person","@id":"https:\/\/www.ilnotiziario.net\/wp\/#\/schema\/person\/386e222908f898bb41c033989482bbf2","name":"Gabriele Bassani","image":{"@type":"ImageObject","inLanguage":"it-IT","@id":"https:\/\/secure.gravatar.com\/avatar\/09274f4a84fa97698bde56f84b3afed61c8492d48b0550db9671b68c177479cb?s=96&d=mm&r=g","url":"https:\/\/secure.gravatar.com\/avatar\/09274f4a84fa97698bde56f84b3afed61c8492d48b0550db9671b68c177479cb?s=96&d=mm&r=g","contentUrl":"https:\/\/secure.gravatar.com\/avatar\/09274f4a84fa97698bde56f84b3afed61c8492d48b0550db9671b68c177479cb?s=96&d=mm&r=g","caption":"Gabriele Bassani"},"sameAs":["http:\/\/www.ilnotiziario.net"]}]}},"_links":{"self":[{"href":"https:\/\/www.ilnotiziario.net\/wp\/wp-json\/wp\/v2\/posts\/156623","targetHints":{"allow":["GET"]}}],"collection":[{"href":"https:\/\/www.ilnotiziario.net\/wp\/wp-json\/wp\/v2\/posts"}],"about":[{"href":"https:\/\/www.ilnotiziario.net\/wp\/wp-json\/wp\/v2\/types\/post"}],"author":[{"embeddable":true,"href":"https:\/\/www.ilnotiziario.net\/wp\/wp-json\/wp\/v2\/users\/3"}],"replies":[{"embeddable":true,"href":"https:\/\/www.ilnotiziario.net\/wp\/wp-json\/wp\/v2\/comments?post=156623"}],"version-history":[{"count":0,"href":"https:\/\/www.ilnotiziario.net\/wp\/wp-json\/wp\/v2\/posts\/156623\/revisions"}],"wp:featuredmedia":[{"embeddable":true,"href":"https:\/\/www.ilnotiziario.net\/wp\/wp-json\/wp\/v2\/media\/156624"}],"wp:attachment":[{"href":"https:\/\/www.ilnotiziario.net\/wp\/wp-json\/wp\/v2\/media?parent=156623"}],"wp:term":[{"taxonomy":"category","embeddable":true,"href":"https:\/\/www.ilnotiziario.net\/wp\/wp-json\/wp\/v2\/categories?post=156623"},{"taxonomy":"post_tag","embeddable":true,"href":"https:\/\/www.ilnotiziario.net\/wp\/wp-json\/wp\/v2\/tags?post=156623"}],"curies":[{"name":"wp","href":"https:\/\/api.w.org\/{rel}","templated":true}]}}