{"id":156694,"date":"2021-09-29T14:42:00","date_gmt":"2021-09-29T12:42:00","guid":{"rendered":"https:\/\/www.ilnotiziario.net\/wp\/?p=156694"},"modified":"2021-09-29T14:42:00","modified_gmt":"2021-09-29T12:42:00","slug":"tra-novate-e-cormano-via-cavour-riaperta-entro-la-fine-dellanno","status":"publish","type":"post","link":"https:\/\/www.ilnotiziario.net\/wp\/bollatese\/tra-novate-e-cormano-via-cavour-riaperta-entro-la-fine-dellanno\/","title":{"rendered":"Tra Novate e Cormano, via Cavour riaperta entro la fine dell\u2019anno"},"content":{"rendered":"<p><img fetchpriority=\"high\" decoding=\"async\" class=\"size-medium wp-image-156695 alignleft\" src=\"https:\/\/www.ilnotiziario.net\/wp\/wp-content\/uploads\/2021\/09\/novate11-300x205.jpg\" alt=\"Novate via Cavour\" width=\"300\" height=\"205\" srcset=\"https:\/\/www.ilnotiziario.net\/wp\/wp-content\/uploads\/2021\/09\/novate11-300x205.jpg 300w, https:\/\/www.ilnotiziario.net\/wp\/wp-content\/uploads\/2021\/09\/novate11-218x150.jpg 218w, https:\/\/www.ilnotiziario.net\/wp\/wp-content\/uploads\/2021\/09\/novate11.jpg 640w\" sizes=\"(max-width: 300px) 100vw, 300px\" \/>A Novate via Cavour sar\u00e0 riaperta entro la fine dell\u2019anno.<\/p><div id=\"ilnot-2798485654\" class=\"ilnot-contenuto ilnot-entity-placement\"><p><!-- incontent_1 --><\/p>\n<div class=\"gptslot\" data-adunitid=\"1\"><\/div>\n<\/div>\n<p>La situazione viabilistica di Novate in questo periodo non \u00e8 certo semplice. Come scrivevamo settimana scorsa, l\u2019Amministrazione comunale sta valutando l\u2019aumento di traffico per decidere se e come far partire la Ztl in centro.<\/p>\n<p>In attesa di tale decisione, per\u00f2, occorre fare il punto della situazione su un\u2019importante arteria che attualmente \u00e8 chiusa ma che, una volta riaperta, potrebbe contribuire a migliorare il quadro generale.<\/p><div id=\"ilnot-367583184\" class=\"ilnot-contenuto_2 ilnot-entity-placement\"><div class=\"ads-wrapper\">\n<div class=\"ad-slot\">\n   <div id=\"ilnot-2646466708\" style=\"margin-right: auto;margin-left: auto;text-align: center;width: 320px;height: 100px;\"><a href=\"https:\/\/www.scuolasicurezza.it\/\"><img decoding=\"async\" src=\"https:\/\/www.ilnotiziario.net\/wp\/wp-content\/uploads\/2026\/04\/IlNotiziario_banner-sito-e-newsletter-320-x-100-px-1.gif\" alt=\"\"><\/a><\/div>\n  <\/div>\n<div class=\"ad-slot\">\n   <div id=\"ilnot-4127487530\" style=\"margin-right: auto;margin-left: auto;text-align: center;width: 320px;height: 100px;\"><a href=\"https:\/\/purodesignarredamenti.com\/\"><img decoding=\"async\" src=\"https:\/\/www.ilnotiziario.net\/wp\/wp-content\/uploads\/2026\/04\/banner-puro-ok.gif\" alt=\"whatsapp\"><\/a><\/div><\/p><\/div>\n<\/div>\n<\/div>\n<p>Si tratta de<strong>l tratto di via Cavour verso la Comasina, chiuso a causa dei lavori di ampliamento dell\u2019autostrada,<\/strong> che hanno reso necessario lo spostamento della sede stradale della via Cavour (che in quel tratto \u00e8 gi\u00e0 territorio di Cormano e si chiama via Torino).<\/p>\n<p>Per capire a che punto sono i lavori, abbiamo interpellato direttamente il sindaco Daniela Maldini, la quale ci spiega che la via Cavour<strong> dovrebbe essere riaperta, salvo imprevisti, prima di Natale<\/strong> e comunque prima della fine dell\u2019anno.<\/p>\n<p>La novit\u00e0, oltre all\u2019ampliamento della sede stradale, sar\u00e0 l\u2019immissione sulla Comasina, che avverr\u00e0 con un semaforo, cos\u00ec da renderla pi\u00f9 sicura.<\/p><div id=\"ilnot-2843073427\" class=\"ilnot-contenuto_2-2 ilnot-entity-placement\"><div class=\"gptslot\" data-adunitid=\"2\"><\/div>\n<\/div>\n<h2>Cantieri tra Novate e Cormano per l&#8217;allargamento dell&#8217;autostrada&nbsp;<\/h2>\n<p>\u201cI lavori effettuati da Autostrade per l\u2019Italia sono imponenti \u2013 ci spiega il sindaco &#8211; e hanno trasformato la via Cavour dandole una dimensione di strada decisamente pi\u00f9 importante e in grado di rappresentare una valida alternativa alla via Polveriera, che \u00e8 oggi l\u2019unico sbocco novatese sulla Comasina\u201d.<\/p>\n<p>Tra l\u2019altro, la situazione viabilistica diventer\u00e0 pi\u00f9 complessa <strong>quando chiuder\u00e0 del tutto lo svincolo tra la Rho-Monza e la via Brodolini,<\/strong> che oggi \u00e8 aperto solo per met\u00e0.<\/p>\n<p>E\u2019 il sindaco Daniela Maldini a confermarci che al momento non c\u2019\u00e8 ancora una data precisa su quando lo svincolo verr\u00e0 chiuso del tutto, ma questa chiusura non dovrebbe avvenire prima della fine dell\u2019anno e dunque non avverr\u00e0 prima dell\u2019apertura della via Cavour.<\/p><div id=\"ilnot-916700057\" class=\"ilnot-contenuto_2-2-2 ilnot-entity-placement\"><div class=\"gptslot\" data-adunitid=\"3\"><\/div>\n<\/div>\n<p>Ci\u00f2 significa che, quando lo svincolo sar\u00e0 chiuso, ci sar\u00e0 gi\u00e0 attiva la nuova via Cavour che dunque potr\u00e0 fungere da valida alternativa.<\/p>\n","protected":false},"excerpt":{"rendered":"<p>A Novate via Cavour sar\u00e0 riaperta entro la fine dell\u2019anno. La situazione viabilistica di Novate in questo periodo non \u00e8 certo semplice. Come scrivevamo settimana scorsa, l\u2019Amministrazione comunale sta valutando l\u2019aumento di traffico per decidere se e come far partire la Ztl in centro. In attesa di tale decisione, per\u00f2, occorre fare il punto della<\/p>\n","protected":false},"author":14,"featured_media":156695,"comment_status":"closed","ping_status":"closed","sticky":false,"template":"","format":"standard","meta":{"footnotes":""},"categories":[8,11,20],"tags":[1786,102,172,2758],"class_list":{"0":"post-156694","1":"post","2":"type-post","3":"status-publish","4":"format-standard","5":"has-post-thumbnail","7":"category-bollatese","8":"category-nord-milano","9":"category-prima-pagina","10":"tag-autostrada","11":"tag-cormano","12":"tag-novate","13":"tag-via-cavour"},"yoast_head":"<!-- This site is optimized with the Yoast SEO plugin v27.4 - https:\/\/yoast.com\/product\/yoast-seo-wordpress\/ -->\n<title>Tra Novate e Cormano, via Cavour riaperta entro la fine dell\u2019anno - Il Notiziario<\/title>\n<meta name=\"description\" content=\"A Novate via Cavour sar\u00e0 riaperta entro la fine dell\u2019anno. La situazione viabilistica di Novate in questo periodo non \u00e8 certo semplice. Come scrivevamo\" \/>\n<meta name=\"robots\" content=\"index, follow, max-snippet:-1, max-image-preview:large, max-video-preview:-1\" \/>\n<link rel=\"canonical\" href=\"https:\/\/www.ilnotiziario.net\/wp\/bollatese\/tra-novate-e-cormano-via-cavour-riaperta-entro-la-fine-dellanno\/\" \/>\n<meta property=\"og:locale\" content=\"it_IT\" \/>\n<meta property=\"og:type\" content=\"article\" \/>\n<meta property=\"og:title\" content=\"Tra Novate e Cormano, via Cavour riaperta entro la fine dell\u2019anno - Il Notiziario\" \/>\n<meta property=\"og:description\" content=\"A Novate via Cavour sar\u00e0 riaperta entro la fine dell\u2019anno. La situazione viabilistica di Novate in questo periodo non \u00e8 certo semplice. Come scrivevamo\" \/>\n<meta property=\"og:url\" content=\"https:\/\/www.ilnotiziario.net\/wp\/bollatese\/tra-novate-e-cormano-via-cavour-riaperta-entro-la-fine-dellanno\/\" \/>\n<meta property=\"og:site_name\" content=\"Il Notiziario\" \/>\n<meta property=\"article:publisher\" content=\"https:\/\/www.facebook.com\/ilnotiziarioind\/\" \/>\n<meta property=\"article:published_time\" content=\"2021-09-29T12:42:00+00:00\" \/>\n<meta property=\"og:image\" content=\"https:\/\/www.ilnotiziario.net\/wp\/wp-content\/uploads\/2021\/09\/novate11.jpg\" \/>\n\t<meta property=\"og:image:width\" content=\"640\" \/>\n\t<meta property=\"og:image:height\" content=\"437\" \/>\n\t<meta property=\"og:image:type\" content=\"image\/jpeg\" \/>\n<meta name=\"author\" content=\"Silvia Citterio\" \/>\n<meta name=\"twitter:card\" content=\"summary_large_image\" \/>\n<meta name=\"twitter:creator\" content=\"@ilNotiziarioInd\" \/>\n<meta name=\"twitter:site\" content=\"@ilNotiziarioInd\" \/>\n<meta name=\"twitter:label1\" content=\"Scritto da\" \/>\n\t<meta name=\"twitter:data1\" content=\"Silvia Citterio\" \/>\n\t<meta name=\"twitter:label2\" content=\"Tempo di lettura stimato\" \/>\n\t<meta name=\"twitter:data2\" content=\"2 minuti\" \/>\n<script type=\"application\/ld+json\" class=\"yoast-schema-graph\">{\"@context\":\"https:\\\/\\\/schema.org\",\"@graph\":[{\"@type\":\"Article\",\"@id\":\"https:\\\/\\\/www.ilnotiziario.net\\\/wp\\\/bollatese\\\/tra-novate-e-cormano-via-cavour-riaperta-entro-la-fine-dellanno\\\/#article\",\"isPartOf\":{\"@id\":\"https:\\\/\\\/www.ilnotiziario.net\\\/wp\\\/bollatese\\\/tra-novate-e-cormano-via-cavour-riaperta-entro-la-fine-dellanno\\\/\"},\"author\":{\"name\":\"Silvia Citterio\",\"@id\":\"https:\\\/\\\/www.ilnotiziario.net\\\/wp\\\/#\\\/schema\\\/person\\\/c5bca2edc3d99d29959f04a6126f687b\"},\"headline\":\"Tra Novate e Cormano, via Cavour riaperta entro la fine dell\u2019anno\",\"datePublished\":\"2021-09-29T12:42:00+00:00\",\"mainEntityOfPage\":{\"@id\":\"https:\\\/\\\/www.ilnotiziario.net\\\/wp\\\/bollatese\\\/tra-novate-e-cormano-via-cavour-riaperta-entro-la-fine-dellanno\\\/\"},\"wordCount\":349,\"publisher\":{\"@id\":\"https:\\\/\\\/www.ilnotiziario.net\\\/wp\\\/#organization\"},\"image\":{\"@id\":\"https:\\\/\\\/www.ilnotiziario.net\\\/wp\\\/bollatese\\\/tra-novate-e-cormano-via-cavour-riaperta-entro-la-fine-dellanno\\\/#primaryimage\"},\"thumbnailUrl\":\"https:\\\/\\\/www.ilnotiziario.net\\\/wp\\\/wp-content\\\/uploads\\\/2021\\\/09\\\/novate11.jpg\",\"keywords\":[\"autostrada\",\"Cormano\",\"novate\",\"via cavour\"],\"articleSection\":[\"BOLLATESE\",\"NORD MILANO\",\"Prima Pagina\"],\"inLanguage\":\"it-IT\"},{\"@type\":\"WebPage\",\"@id\":\"https:\\\/\\\/www.ilnotiziario.net\\\/wp\\\/bollatese\\\/tra-novate-e-cormano-via-cavour-riaperta-entro-la-fine-dellanno\\\/\",\"url\":\"https:\\\/\\\/www.ilnotiziario.net\\\/wp\\\/bollatese\\\/tra-novate-e-cormano-via-cavour-riaperta-entro-la-fine-dellanno\\\/\",\"name\":\"Tra Novate e Cormano, via Cavour riaperta entro la fine dell\u2019anno - Il Notiziario\",\"isPartOf\":{\"@id\":\"https:\\\/\\\/www.ilnotiziario.net\\\/wp\\\/#website\"},\"primaryImageOfPage\":{\"@id\":\"https:\\\/\\\/www.ilnotiziario.net\\\/wp\\\/bollatese\\\/tra-novate-e-cormano-via-cavour-riaperta-entro-la-fine-dellanno\\\/#primaryimage\"},\"image\":{\"@id\":\"https:\\\/\\\/www.ilnotiziario.net\\\/wp\\\/bollatese\\\/tra-novate-e-cormano-via-cavour-riaperta-entro-la-fine-dellanno\\\/#primaryimage\"},\"thumbnailUrl\":\"https:\\\/\\\/www.ilnotiziario.net\\\/wp\\\/wp-content\\\/uploads\\\/2021\\\/09\\\/novate11.jpg\",\"datePublished\":\"2021-09-29T12:42:00+00:00\",\"description\":\"A Novate via Cavour sar\u00e0 riaperta entro la fine dell\u2019anno. La situazione viabilistica di Novate in questo periodo non \u00e8 certo semplice. Come scrivevamo\",\"breadcrumb\":{\"@id\":\"https:\\\/\\\/www.ilnotiziario.net\\\/wp\\\/bollatese\\\/tra-novate-e-cormano-via-cavour-riaperta-entro-la-fine-dellanno\\\/#breadcrumb\"},\"inLanguage\":\"it-IT\",\"potentialAction\":[{\"@type\":\"ReadAction\",\"target\":[\"https:\\\/\\\/www.ilnotiziario.net\\\/wp\\\/bollatese\\\/tra-novate-e-cormano-via-cavour-riaperta-entro-la-fine-dellanno\\\/\"]}]},{\"@type\":\"ImageObject\",\"inLanguage\":\"it-IT\",\"@id\":\"https:\\\/\\\/www.ilnotiziario.net\\\/wp\\\/bollatese\\\/tra-novate-e-cormano-via-cavour-riaperta-entro-la-fine-dellanno\\\/#primaryimage\",\"url\":\"https:\\\/\\\/www.ilnotiziario.net\\\/wp\\\/wp-content\\\/uploads\\\/2021\\\/09\\\/novate11.jpg\",\"contentUrl\":\"https:\\\/\\\/www.ilnotiziario.net\\\/wp\\\/wp-content\\\/uploads\\\/2021\\\/09\\\/novate11.jpg\",\"width\":640,\"height\":437,\"caption\":\"Novate via Cavour\"},{\"@type\":\"BreadcrumbList\",\"@id\":\"https:\\\/\\\/www.ilnotiziario.net\\\/wp\\\/bollatese\\\/tra-novate-e-cormano-via-cavour-riaperta-entro-la-fine-dellanno\\\/#breadcrumb\",\"itemListElement\":[{\"@type\":\"ListItem\",\"position\":1,\"name\":\"tds_text_logo_tagline_colortds_text_logo_tagline_colortds_text_logo_tagline_colortds_text_logo_tagline_colortd_module_7_title_excerpttd_module_7_title_excerpttd_module_7_title_excerpttd_module_7_title_excerptHome\",\"item\":\"https:\\\/\\\/www.ilnotiziario.net\\\/wp\\\/\"},{\"@type\":\"ListItem\",\"position\":2,\"name\":\"Tra Novate e Cormano, via Cavour riaperta entro la fine dell\u2019anno\"}]},{\"@type\":\"WebSite\",\"@id\":\"https:\\\/\\\/www.ilnotiziario.net\\\/wp\\\/#website\",\"url\":\"https:\\\/\\\/www.ilnotiziario.net\\\/wp\\\/\",\"name\":\"Il Notiziario\",\"description\":\"Per restare sempre connessi alla notizia\",\"publisher\":{\"@id\":\"https:\\\/\\\/www.ilnotiziario.net\\\/wp\\\/#organization\"},\"alternateName\":\"Il Notiziario Bollate\",\"potentialAction\":[{\"@type\":\"SearchAction\",\"target\":{\"@type\":\"EntryPoint\",\"urlTemplate\":\"https:\\\/\\\/www.ilnotiziario.net\\\/wp\\\/?s={search_term_string}\"},\"query-input\":{\"@type\":\"PropertyValueSpecification\",\"valueRequired\":true,\"valueName\":\"search_term_string\"}}],\"inLanguage\":\"it-IT\"},{\"@type\":\"Organization\",\"@id\":\"https:\\\/\\\/www.ilnotiziario.net\\\/wp\\\/#organization\",\"name\":\"Il Notiziario\",\"url\":\"https:\\\/\\\/www.ilnotiziario.net\\\/wp\\\/\",\"logo\":{\"@type\":\"ImageObject\",\"inLanguage\":\"it-IT\",\"@id\":\"https:\\\/\\\/www.ilnotiziario.net\\\/wp\\\/#\\\/schema\\\/logo\\\/image\\\/\",\"url\":\"https:\\\/\\\/www.ilnotiziario.net\\\/wp\\\/wp-content\\\/uploads\\\/2022\\\/06\\\/170x170ilN.png\",\"contentUrl\":\"https:\\\/\\\/www.ilnotiziario.net\\\/wp\\\/wp-content\\\/uploads\\\/2022\\\/06\\\/170x170ilN.png\",\"width\":355,\"height\":355,\"caption\":\"Il Notiziario\"},\"image\":{\"@id\":\"https:\\\/\\\/www.ilnotiziario.net\\\/wp\\\/#\\\/schema\\\/logo\\\/image\\\/\"},\"sameAs\":[\"https:\\\/\\\/www.facebook.com\\\/ilnotiziarioind\\\/\",\"https:\\\/\\\/x.com\\\/ilNotiziarioInd\",\"https:\\\/\\\/www.instagram.com\\\/ilnotiziario_settimanale\\\/\"]},{\"@type\":\"Person\",\"@id\":\"https:\\\/\\\/www.ilnotiziario.net\\\/wp\\\/#\\\/schema\\\/person\\\/c5bca2edc3d99d29959f04a6126f687b\",\"name\":\"Silvia Citterio\",\"image\":{\"@type\":\"ImageObject\",\"inLanguage\":\"it-IT\",\"@id\":\"https:\\\/\\\/secure.gravatar.com\\\/avatar\\\/03eb19c63b944e79a9b5ce53ca5d1ca303edcf368a68721ec3ccaae7f98c5afd?s=96&d=mm&r=g\",\"url\":\"https:\\\/\\\/secure.gravatar.com\\\/avatar\\\/03eb19c63b944e79a9b5ce53ca5d1ca303edcf368a68721ec3ccaae7f98c5afd?s=96&d=mm&r=g\",\"contentUrl\":\"https:\\\/\\\/secure.gravatar.com\\\/avatar\\\/03eb19c63b944e79a9b5ce53ca5d1ca303edcf368a68721ec3ccaae7f98c5afd?s=96&d=mm&r=g\",\"caption\":\"Silvia Citterio\"}}]}<\/script>\n<!-- \/ Yoast SEO plugin. -->","yoast_head_json":{"title":"Tra Novate e Cormano, via Cavour riaperta entro la fine dell\u2019anno - Il Notiziario","description":"A Novate via Cavour sar\u00e0 riaperta entro la fine dell\u2019anno. La situazione viabilistica di Novate in questo periodo non \u00e8 certo semplice. Come scrivevamo","robots":{"index":"index","follow":"follow","max-snippet":"max-snippet:-1","max-image-preview":"max-image-preview:large","max-video-preview":"max-video-preview:-1"},"canonical":"https:\/\/www.ilnotiziario.net\/wp\/bollatese\/tra-novate-e-cormano-via-cavour-riaperta-entro-la-fine-dellanno\/","og_locale":"it_IT","og_type":"article","og_title":"Tra Novate e Cormano, via Cavour riaperta entro la fine dell\u2019anno - Il Notiziario","og_description":"A Novate via Cavour sar\u00e0 riaperta entro la fine dell\u2019anno. La situazione viabilistica di Novate in questo periodo non \u00e8 certo semplice. Come scrivevamo","og_url":"https:\/\/www.ilnotiziario.net\/wp\/bollatese\/tra-novate-e-cormano-via-cavour-riaperta-entro-la-fine-dellanno\/","og_site_name":"Il Notiziario","article_publisher":"https:\/\/www.facebook.com\/ilnotiziarioind\/","article_published_time":"2021-09-29T12:42:00+00:00","og_image":[{"width":640,"height":437,"url":"https:\/\/www.ilnotiziario.net\/wp\/wp-content\/uploads\/2021\/09\/novate11.jpg","type":"image\/jpeg"}],"author":"Silvia Citterio","twitter_card":"summary_large_image","twitter_creator":"@ilNotiziarioInd","twitter_site":"@ilNotiziarioInd","twitter_misc":{"Scritto da":"Silvia Citterio","Tempo di lettura stimato":"2 minuti"},"schema":{"@context":"https:\/\/schema.org","@graph":[{"@type":"Article","@id":"https:\/\/www.ilnotiziario.net\/wp\/bollatese\/tra-novate-e-cormano-via-cavour-riaperta-entro-la-fine-dellanno\/#article","isPartOf":{"@id":"https:\/\/www.ilnotiziario.net\/wp\/bollatese\/tra-novate-e-cormano-via-cavour-riaperta-entro-la-fine-dellanno\/"},"author":{"name":"Silvia Citterio","@id":"https:\/\/www.ilnotiziario.net\/wp\/#\/schema\/person\/c5bca2edc3d99d29959f04a6126f687b"},"headline":"Tra Novate e Cormano, via Cavour riaperta entro la fine dell\u2019anno","datePublished":"2021-09-29T12:42:00+00:00","mainEntityOfPage":{"@id":"https:\/\/www.ilnotiziario.net\/wp\/bollatese\/tra-novate-e-cormano-via-cavour-riaperta-entro-la-fine-dellanno\/"},"wordCount":349,"publisher":{"@id":"https:\/\/www.ilnotiziario.net\/wp\/#organization"},"image":{"@id":"https:\/\/www.ilnotiziario.net\/wp\/bollatese\/tra-novate-e-cormano-via-cavour-riaperta-entro-la-fine-dellanno\/#primaryimage"},"thumbnailUrl":"https:\/\/www.ilnotiziario.net\/wp\/wp-content\/uploads\/2021\/09\/novate11.jpg","keywords":["autostrada","Cormano","novate","via cavour"],"articleSection":["BOLLATESE","NORD MILANO","Prima Pagina"],"inLanguage":"it-IT"},{"@type":"WebPage","@id":"https:\/\/www.ilnotiziario.net\/wp\/bollatese\/tra-novate-e-cormano-via-cavour-riaperta-entro-la-fine-dellanno\/","url":"https:\/\/www.ilnotiziario.net\/wp\/bollatese\/tra-novate-e-cormano-via-cavour-riaperta-entro-la-fine-dellanno\/","name":"Tra Novate e Cormano, via Cavour riaperta entro la fine dell\u2019anno - Il Notiziario","isPartOf":{"@id":"https:\/\/www.ilnotiziario.net\/wp\/#website"},"primaryImageOfPage":{"@id":"https:\/\/www.ilnotiziario.net\/wp\/bollatese\/tra-novate-e-cormano-via-cavour-riaperta-entro-la-fine-dellanno\/#primaryimage"},"image":{"@id":"https:\/\/www.ilnotiziario.net\/wp\/bollatese\/tra-novate-e-cormano-via-cavour-riaperta-entro-la-fine-dellanno\/#primaryimage"},"thumbnailUrl":"https:\/\/www.ilnotiziario.net\/wp\/wp-content\/uploads\/2021\/09\/novate11.jpg","datePublished":"2021-09-29T12:42:00+00:00","description":"A Novate via Cavour sar\u00e0 riaperta entro la fine dell\u2019anno. La situazione viabilistica di Novate in questo periodo non \u00e8 certo semplice. Come scrivevamo","breadcrumb":{"@id":"https:\/\/www.ilnotiziario.net\/wp\/bollatese\/tra-novate-e-cormano-via-cavour-riaperta-entro-la-fine-dellanno\/#breadcrumb"},"inLanguage":"it-IT","potentialAction":[{"@type":"ReadAction","target":["https:\/\/www.ilnotiziario.net\/wp\/bollatese\/tra-novate-e-cormano-via-cavour-riaperta-entro-la-fine-dellanno\/"]}]},{"@type":"ImageObject","inLanguage":"it-IT","@id":"https:\/\/www.ilnotiziario.net\/wp\/bollatese\/tra-novate-e-cormano-via-cavour-riaperta-entro-la-fine-dellanno\/#primaryimage","url":"https:\/\/www.ilnotiziario.net\/wp\/wp-content\/uploads\/2021\/09\/novate11.jpg","contentUrl":"https:\/\/www.ilnotiziario.net\/wp\/wp-content\/uploads\/2021\/09\/novate11.jpg","width":640,"height":437,"caption":"Novate via Cavour"},{"@type":"BreadcrumbList","@id":"https:\/\/www.ilnotiziario.net\/wp\/bollatese\/tra-novate-e-cormano-via-cavour-riaperta-entro-la-fine-dellanno\/#breadcrumb","itemListElement":[{"@type":"ListItem","position":1,"name":"tds_text_logo_tagline_colortds_text_logo_tagline_colortds_text_logo_tagline_colortds_text_logo_tagline_colortd_module_7_title_excerpttd_module_7_title_excerpttd_module_7_title_excerpttd_module_7_title_excerptHome","item":"https:\/\/www.ilnotiziario.net\/wp\/"},{"@type":"ListItem","position":2,"name":"Tra Novate e Cormano, via Cavour riaperta entro la fine dell\u2019anno"}]},{"@type":"WebSite","@id":"https:\/\/www.ilnotiziario.net\/wp\/#website","url":"https:\/\/www.ilnotiziario.net\/wp\/","name":"Il Notiziario","description":"Per restare sempre connessi alla notizia","publisher":{"@id":"https:\/\/www.ilnotiziario.net\/wp\/#organization"},"alternateName":"Il Notiziario Bollate","potentialAction":[{"@type":"SearchAction","target":{"@type":"EntryPoint","urlTemplate":"https:\/\/www.ilnotiziario.net\/wp\/?s={search_term_string}"},"query-input":{"@type":"PropertyValueSpecification","valueRequired":true,"valueName":"search_term_string"}}],"inLanguage":"it-IT"},{"@type":"Organization","@id":"https:\/\/www.ilnotiziario.net\/wp\/#organization","name":"Il Notiziario","url":"https:\/\/www.ilnotiziario.net\/wp\/","logo":{"@type":"ImageObject","inLanguage":"it-IT","@id":"https:\/\/www.ilnotiziario.net\/wp\/#\/schema\/logo\/image\/","url":"https:\/\/www.ilnotiziario.net\/wp\/wp-content\/uploads\/2022\/06\/170x170ilN.png","contentUrl":"https:\/\/www.ilnotiziario.net\/wp\/wp-content\/uploads\/2022\/06\/170x170ilN.png","width":355,"height":355,"caption":"Il Notiziario"},"image":{"@id":"https:\/\/www.ilnotiziario.net\/wp\/#\/schema\/logo\/image\/"},"sameAs":["https:\/\/www.facebook.com\/ilnotiziarioind\/","https:\/\/x.com\/ilNotiziarioInd","https:\/\/www.instagram.com\/ilnotiziario_settimanale\/"]},{"@type":"Person","@id":"https:\/\/www.ilnotiziario.net\/wp\/#\/schema\/person\/c5bca2edc3d99d29959f04a6126f687b","name":"Silvia Citterio","image":{"@type":"ImageObject","inLanguage":"it-IT","@id":"https:\/\/secure.gravatar.com\/avatar\/03eb19c63b944e79a9b5ce53ca5d1ca303edcf368a68721ec3ccaae7f98c5afd?s=96&d=mm&r=g","url":"https:\/\/secure.gravatar.com\/avatar\/03eb19c63b944e79a9b5ce53ca5d1ca303edcf368a68721ec3ccaae7f98c5afd?s=96&d=mm&r=g","contentUrl":"https:\/\/secure.gravatar.com\/avatar\/03eb19c63b944e79a9b5ce53ca5d1ca303edcf368a68721ec3ccaae7f98c5afd?s=96&d=mm&r=g","caption":"Silvia Citterio"}}]}},"_links":{"self":[{"href":"https:\/\/www.ilnotiziario.net\/wp\/wp-json\/wp\/v2\/posts\/156694","targetHints":{"allow":["GET"]}}],"collection":[{"href":"https:\/\/www.ilnotiziario.net\/wp\/wp-json\/wp\/v2\/posts"}],"about":[{"href":"https:\/\/www.ilnotiziario.net\/wp\/wp-json\/wp\/v2\/types\/post"}],"author":[{"embeddable":true,"href":"https:\/\/www.ilnotiziario.net\/wp\/wp-json\/wp\/v2\/users\/14"}],"replies":[{"embeddable":true,"href":"https:\/\/www.ilnotiziario.net\/wp\/wp-json\/wp\/v2\/comments?post=156694"}],"version-history":[{"count":0,"href":"https:\/\/www.ilnotiziario.net\/wp\/wp-json\/wp\/v2\/posts\/156694\/revisions"}],"wp:featuredmedia":[{"embeddable":true,"href":"https:\/\/www.ilnotiziario.net\/wp\/wp-json\/wp\/v2\/media\/156695"}],"wp:attachment":[{"href":"https:\/\/www.ilnotiziario.net\/wp\/wp-json\/wp\/v2\/media?parent=156694"}],"wp:term":[{"taxonomy":"category","embeddable":true,"href":"https:\/\/www.ilnotiziario.net\/wp\/wp-json\/wp\/v2\/categories?post=156694"},{"taxonomy":"post_tag","embeddable":true,"href":"https:\/\/www.ilnotiziario.net\/wp\/wp-json\/wp\/v2\/tags?post=156694"}],"curies":[{"name":"wp","href":"https:\/\/api.w.org\/{rel}","templated":true}]}}