{"id":157367,"date":"2021-10-14T19:54:34","date_gmt":"2021-10-14T17:54:34","guid":{"rendered":"https:\/\/www.ilnotiziario.net\/wp\/?p=157367"},"modified":"2021-10-14T19:54:34","modified_gmt":"2021-10-14T17:54:34","slug":"jaguar-recensione-caccia-nazisti-spagna","status":"publish","type":"post","link":"https:\/\/www.ilnotiziario.net\/wp\/serietv\/jaguar-recensione-caccia-nazisti-spagna\/","title":{"rendered":"Jaguar, recensione: a caccia di nazisti nella Spagna di Franco"},"content":{"rendered":"<p><img fetchpriority=\"high\" decoding=\"async\" class=\"aligncenter wp-image-157369 size-medium\" src=\"https:\/\/www.ilnotiziario.net\/wp\/wp-content\/uploads\/2021\/10\/AAAABa5j4jYG8aaanK0vSZFiBVs8hB9FetxIlvAujCA1e_IDoS4-puzy_mR0P9H8v5FQsh-boruaXCeFICBD6pOPiYrLOOwf-1-300x170.jpg\" alt=\"\" width=\"300\" height=\"170\" srcset=\"https:\/\/www.ilnotiziario.net\/wp\/wp-content\/uploads\/2021\/10\/AAAABa5j4jYG8aaanK0vSZFiBVs8hB9FetxIlvAujCA1e_IDoS4-puzy_mR0P9H8v5FQsh-boruaXCeFICBD6pOPiYrLOOwf-1-300x170.jpg 300w, https:\/\/www.ilnotiziario.net\/wp\/wp-content\/uploads\/2021\/10\/AAAABa5j4jYG8aaanK0vSZFiBVs8hB9FetxIlvAujCA1e_IDoS4-puzy_mR0P9H8v5FQsh-boruaXCeFICBD6pOPiYrLOOwf-1-1024x581.jpg 1024w, https:\/\/www.ilnotiziario.net\/wp\/wp-content\/uploads\/2021\/10\/AAAABa5j4jYG8aaanK0vSZFiBVs8hB9FetxIlvAujCA1e_IDoS4-puzy_mR0P9H8v5FQsh-boruaXCeFICBD6pOPiYrLOOwf-1-768x436.jpg 768w, https:\/\/www.ilnotiziario.net\/wp\/wp-content\/uploads\/2021\/10\/AAAABa5j4jYG8aaanK0vSZFiBVs8hB9FetxIlvAujCA1e_IDoS4-puzy_mR0P9H8v5FQsh-boruaXCeFICBD6pOPiYrLOOwf-1-696x395.jpg 696w, https:\/\/www.ilnotiziario.net\/wp\/wp-content\/uploads\/2021\/10\/AAAABa5j4jYG8aaanK0vSZFiBVs8hB9FetxIlvAujCA1e_IDoS4-puzy_mR0P9H8v5FQsh-boruaXCeFICBD6pOPiYrLOOwf-1-1068x606.jpg 1068w, https:\/\/www.ilnotiziario.net\/wp\/wp-content\/uploads\/2021\/10\/AAAABa5j4jYG8aaanK0vSZFiBVs8hB9FetxIlvAujCA1e_IDoS4-puzy_mR0P9H8v5FQsh-boruaXCeFICBD6pOPiYrLOOwf-1.jpg 1200w\" sizes=\"(max-width: 300px) 100vw, 300px\" \/><\/p>\n<p>di Stefano Di Maria<\/p><div id=\"ilnot-338012936\" class=\"ilnot-contenuto ilnot-entity-placement\"><p><!-- incontent_1 --><\/p>\n<div class=\"gptslot\" data-adunitid=\"1\"><\/div>\n<\/div>\n<p>Per chi cerca l\u2019azione \u00e8 uscita una miniserie senza troppe pretese ma tutto sommato ben confezionata e in parte riflessiva: \u00e8 JAGUAR, rilasciata dalla piattaforma Netflix e prodotta in Spagna, dove il colosso dello streaming sta sempre pi\u00f9 puntando le sue produzioni seriali.<\/p>\n<p><img decoding=\"async\" class=\"alignnone size-medium wp-image-157372\" src=\"https:\/\/www.ilnotiziario.net\/wp\/wp-content\/uploads\/2021\/10\/jaguar-10-300x169.jpg\" alt=\"\" width=\"300\" height=\"169\" srcset=\"https:\/\/www.ilnotiziario.net\/wp\/wp-content\/uploads\/2021\/10\/jaguar-10-300x169.jpg 300w, https:\/\/www.ilnotiziario.net\/wp\/wp-content\/uploads\/2021\/10\/jaguar-10-768x432.jpg 768w, https:\/\/www.ilnotiziario.net\/wp\/wp-content\/uploads\/2021\/10\/jaguar-10-696x392.jpg 696w, https:\/\/www.ilnotiziario.net\/wp\/wp-content\/uploads\/2021\/10\/jaguar-10.jpg 880w\" sizes=\"(max-width: 300px) 100vw, 300px\" \/>Stavolta ci troviamo nella Madrid negli anni Sessanta. Una sorta di <strong>task-force di cacciatori di nazisti tenta di catturare alcuni gerarchi del Terzo Reich<\/strong> che si sono rifugiati in Spagna sotto la protezione del regime di Franco. Gli stessi che mangiano, rievocando il loro passato, nel ristorante dove lavora Isabel Garrido, sopravvissuta a Mauthausen, dove ha visto morire il padre e il fratello. E\u2019 lei la protagonista della storia: decisa a vendicare la famiglia a ogni costo uccidendo il comandante delle SS Otto Bachnan, verr\u00e0 assoldata dalla squadra di una misteriosa organizzazione che d\u00e0 la caccia ai nazisti non per vendetta ma per giustizia, per farli processare come a Norimberga. Anch\u2019essi sopravvissuti ai campi di sterminio, vogliono catturare chi sta sopra Otto, Haribert Heim, e saranno disposti a tutto, anche a rischiare la vita, per riuscirci.<\/p><div id=\"ilnot-623833773\" class=\"ilnot-contenuto_2 ilnot-entity-placement\"><div class=\"ads-wrapper\">\n<div class=\"ad-slot\">\n   <div id=\"ilnot-1545600693\" style=\"margin-right: auto;margin-left: auto;text-align: center;width: 320px;height: 100px;\"><a href=\"https:\/\/www.scuolasicurezza.it\/\"><img decoding=\"async\" src=\"https:\/\/www.ilnotiziario.net\/wp\/wp-content\/uploads\/2026\/04\/IlNotiziario_banner-sito-e-newsletter-320-x-100-px-1.gif\" alt=\"\"><\/a><\/div>\n  <\/div>\n<div class=\"ad-slot\">\n   <div id=\"ilnot-1577434097\" style=\"margin-right: auto;margin-left: auto;text-align: center;width: 320px;height: 100px;\"><a href=\"https:\/\/purodesignarredamenti.com\/\"><img decoding=\"async\" src=\"https:\/\/www.ilnotiziario.net\/wp\/wp-content\/uploads\/2026\/04\/banner-puro-ok.gif\" alt=\"whatsapp\"><\/a><\/div><\/p><\/div>\n<\/div>\n<\/div>\n<p><img decoding=\"async\" class=\"aligncenter wp-image-157370 size-medium\" src=\"https:\/\/www.ilnotiziario.net\/wp\/wp-content\/uploads\/2021\/10\/Jaguar-Stagione-2-Data-di-uscita-Rinnovato-o-Cancellato-42uvTlG5X-1-300x144.jpg\" alt=\"\" width=\"300\" height=\"144\" srcset=\"https:\/\/www.ilnotiziario.net\/wp\/wp-content\/uploads\/2021\/10\/Jaguar-Stagione-2-Data-di-uscita-Rinnovato-o-Cancellato-42uvTlG5X-1-300x144.jpg 300w, https:\/\/www.ilnotiziario.net\/wp\/wp-content\/uploads\/2021\/10\/Jaguar-Stagione-2-Data-di-uscita-Rinnovato-o-Cancellato-42uvTlG5X-1-1024x491.jpg 1024w, https:\/\/www.ilnotiziario.net\/wp\/wp-content\/uploads\/2021\/10\/Jaguar-Stagione-2-Data-di-uscita-Rinnovato-o-Cancellato-42uvTlG5X-1-768x368.jpg 768w, https:\/\/www.ilnotiziario.net\/wp\/wp-content\/uploads\/2021\/10\/Jaguar-Stagione-2-Data-di-uscita-Rinnovato-o-Cancellato-42uvTlG5X-1-696x334.jpg 696w, https:\/\/www.ilnotiziario.net\/wp\/wp-content\/uploads\/2021\/10\/Jaguar-Stagione-2-Data-di-uscita-Rinnovato-o-Cancellato-42uvTlG5X-1-1068x512.jpg 1068w, https:\/\/www.ilnotiziario.net\/wp\/wp-content\/uploads\/2021\/10\/Jaguar-Stagione-2-Data-di-uscita-Rinnovato-o-Cancellato-42uvTlG5X-1.jpg 1339w\" sizes=\"(max-width: 300px) 100vw, 300px\" \/><\/p>\n<p>I sei episodi della miniserie sono un mix di thriller e drama che mischia la storia alla fantasia, catapultando fin dall\u2019inizio lo spettatore nell\u2019atmosfera degli anni Sessanta in <strong>una Madrid perfettamente ricostruita, dove i nazisti vivono come se nulla fosse<\/strong>, addirittura senza nascondere i loro nomi. Nei panni di Isabel c\u2019\u00e8 Blanca Suarez, una delle protagoniste de LE RAGAZZE DEL CENTRALINO, qui in una parte inedita per lei, che riesce a reggerla in modo convincente anche se non indimenticabile. Proprio come il resto del cast, che riesce a tenere il passo con <strong>una storia dal ritmo serrato e molte scene adrenaliniche, che lasciano col fiato sospeso<\/strong>. La grossa pecca sono i vuoti narrativi: soprattutto quello che a met\u00e0 della storia non spiega come tutti i personaggi siano riusciti a sopravvivere all\u2019impatto fra due barche che genera un\u2019esplosione. Nell\u2019episodio successivo la storia riprende in altri luoghi come niente fosse accaduto. Questa <strong>carenza in fase di scrittura<\/strong> viene tuttavia compensata dal ritmo incalzante, da una vicenda che appassiona come solo gli spagnoli sanno fare (a proposito, non manca un coming out gay al limite del melenso).<\/p>\n<p><img loading=\"lazy\" decoding=\"async\" class=\"alignnone size-medium wp-image-157371\" src=\"https:\/\/www.ilnotiziario.net\/wp\/wp-content\/uploads\/2021\/10\/La-Jaguar-e-basata-su-una-storia-vera-0qRdXTk-1-300x160.jpg\" alt=\"\" width=\"300\" height=\"160\" srcset=\"https:\/\/www.ilnotiziario.net\/wp\/wp-content\/uploads\/2021\/10\/La-Jaguar-e-basata-su-una-storia-vera-0qRdXTk-1-300x160.jpg 300w, https:\/\/www.ilnotiziario.net\/wp\/wp-content\/uploads\/2021\/10\/La-Jaguar-e-basata-su-una-storia-vera-0qRdXTk-1-1024x546.jpg 1024w, https:\/\/www.ilnotiziario.net\/wp\/wp-content\/uploads\/2021\/10\/La-Jaguar-e-basata-su-una-storia-vera-0qRdXTk-1-768x409.jpg 768w, https:\/\/www.ilnotiziario.net\/wp\/wp-content\/uploads\/2021\/10\/La-Jaguar-e-basata-su-una-storia-vera-0qRdXTk-1-696x371.jpg 696w, https:\/\/www.ilnotiziario.net\/wp\/wp-content\/uploads\/2021\/10\/La-Jaguar-e-basata-su-una-storia-vera-0qRdXTk-1-1068x569.jpg 1068w, https:\/\/www.ilnotiziario.net\/wp\/wp-content\/uploads\/2021\/10\/La-Jaguar-e-basata-su-una-storia-vera-0qRdXTk-1.jpg 1248w\" sizes=\"(max-width: 300px) 100vw, 300px\" \/>Il paragone con HUNTERS (2020), serie televisiva di Amazon Prime con Al Pacino, che trattava lo stesso tema, \u00e8 inevitabile. Ma JAGUAR va preso com\u2019\u00e8: <strong>non pretende di essere un capolavoro, ma fa un buon intrattenimento<\/strong>, richiamando anche l\u2019attenzione sull\u2019ingiustizia di chi comandava nei campi di sterminio e alla fine della guerra era riuscito a scappare facendosi una nuova vita. D\u2019altro canto ci sono i giaguari, come si consideravano i cacciatori di nazisti: cos\u00ec si chiamavano i guerrieri aztechi del XII secolo che lottavano per la loro gente, disposti a morire senza prendersi i riconoscimenti come le aquile, i guerrieri che non stavano in prima linea: \u201cNoi siamo come i giaguari \u2013 dice il capo a Isabel &#8211; Non cerchiamo la gloria ma la libert\u00e0\u201d.<\/p>\n<p>Trovate qui tutte le nostre recensioni:<\/p><div id=\"ilnot-2303085195\" class=\"ilnot-contenuto_2-2 ilnot-entity-placement\"><div class=\"gptslot\" data-adunitid=\"2\"><\/div>\n<\/div>\n<p><a href=\"https:\/\/l.facebook.com\/l.php?u=https%3A%2F%2Fwww.ilnotiziario.net%2Fwp%2Fserie-tv%2F%3Ffbclid%3DIwAR1IjIFoftjL4VwnVJYAJoTGhumRwNksBO0MOB5Pjt-Y3lmMLgofekWSag4&amp;h=AT1c4s1yCl2Id085LeUnq7_7MAHht3JPnOEYhnAtsnsMM3-Ba-mbsDR2FBxbw7ykAzDnuKOce50eqYbmlXc8BSadRCpadxaC1DBqP3_Z8bGpfjvWdpNFcUqy8CO_AtOmByZT&amp;__tn__=-UK-R&amp;c%5b0%5d=AT0STXTZ3yDB88wc6tMxMwY0vMA3NMf875qFYeOZ9_KyxVjw0IGERrYx7oDwBIr9k345woTQCOd-Bw1kXHbOqx-x3xUYLaw5rM3x4Emvyb-_C3lops76WUzzWUIX5T3U-vDR3EkAr1DDOvD3kWqPT5M1FphWpp2hdJr0Zx7DLo5E6Q7scPSkAegk2nZYPVnSxtrCWwPi\">https:\/\/www.ilnotiziario.net\/wp\/serie-tv\/<\/a><\/p>\n<p>&nbsp;<\/p>\n<p>&nbsp;<\/p>\n<p>&nbsp;<\/p>\n<p>&nbsp;<\/p>\n<p>&nbsp;<\/p>\n<p>&nbsp;<\/p>\n<p>&nbsp;<\/p>\n<p>&nbsp;<\/p>\n<p>&nbsp;<\/p>\n<p>&nbsp;<\/p>\n<p>&nbsp;<\/p>\n<p>&nbsp;<\/p>\n<p>&nbsp;<\/p>\n<p>&nbsp;<\/p>\n<p>&nbsp;<\/p>\n<p>&nbsp;<\/p>\n<p>&nbsp;<\/p>\n<p>&nbsp;<\/p>\n<p>&nbsp;<\/p>\n<p>&nbsp;<\/p>\n<p>&nbsp;<\/p>\n<p>&nbsp;<\/p>\n<p>&nbsp;<\/p>\n<p>&nbsp;<\/p>\n<p>&nbsp;<\/p>\n<p>&nbsp;<\/p>\n<p>&nbsp;<\/p>\n<p>&nbsp;<\/p>\n<p>&nbsp;<\/p>\n<p>&nbsp;<\/p>\n<p>&nbsp;<\/p>\n<p>&nbsp;<\/p>\n<p>&nbsp;<\/p>\n<p>&nbsp;<\/p>\n<p>&nbsp;<\/p>\n<p>&nbsp;<\/p>\n<p>&nbsp;<\/p>\n<p>&nbsp;<\/p>\n<p>&nbsp;<\/p>\n<p>&nbsp;<\/p>\n<p>&nbsp;<\/p>\n<p>&nbsp;<\/p>\n<p>&nbsp;<\/p>\n<p>&nbsp;<\/p>\n<p>&nbsp;<\/p>\n<p>&nbsp;<\/p>\n<p>&nbsp;<\/p>\n<p>&nbsp;<\/p>\n<p>&nbsp;<\/p>\n<p>&nbsp;<\/p>\n","protected":false},"excerpt":{"rendered":"<p>di Stefano Di Maria Per chi cerca l\u2019azione \u00e8 uscita una miniserie senza troppe pretese ma tutto sommato ben confezionata e in parte riflessiva: \u00e8 JAGUAR, rilasciata dalla piattaforma Netflix e prodotta in Spagna, dove il colosso dello streaming sta sempre pi\u00f9 puntando le sue produzioni seriali. Stavolta ci troviamo nella Madrid negli anni Sessanta.<\/p>\n","protected":false},"author":6,"featured_media":157369,"comment_status":"closed","ping_status":"closed","sticky":false,"template":"","format":"standard","meta":{"footnotes":""},"categories":[6756],"tags":[9320,6759,7900,8362],"class_list":{"0":"post-157367","1":"post","2":"type-post","3":"status-publish","4":"format-standard","5":"has-post-thumbnail","7":"category-serietv","8":"tag-jaguar","9":"tag-netflix","10":"tag-recensione","11":"tag-serie"},"yoast_head":"<!-- This site is optimized with the Yoast SEO plugin v27.4 - https:\/\/yoast.com\/product\/yoast-seo-wordpress\/ -->\n<title>Jaguar, recensione: a caccia di nazisti nella Spagna di Franco - Il Notiziario<\/title>\n<meta name=\"description\" content=\"di Stefano Di Maria Per chi cerca l\u2019azione \u00e8 uscita una miniserie senza troppe pretese ma tutto sommato ben confezionata e in parte riflessiva: \u00e8 JAGUAR, Il paragone con HUNTERS (2020), serie televisiva di Amazon Prime con Al Pacino che trattava lo stesso tema, \u00e8 inevitabile. Ma JAGUAR va preso com\u2019\u00e8: non pretende di essere un capolavoro, ma fa un buon intrattenimento, richiamando anche l\u2019attenzione sull\u2019ingiustizia di chi comandava nei campi di sterminio e alla fine della guerra era riuscito a scappare facendosi una nuova vita.\" \/>\n<meta name=\"robots\" content=\"index, follow, max-snippet:-1, max-image-preview:large, max-video-preview:-1\" \/>\n<link rel=\"canonical\" href=\"https:\/\/www.ilnotiziario.net\/wp\/serietv\/jaguar-recensione-caccia-nazisti-spagna\/\" \/>\n<meta property=\"og:locale\" content=\"it_IT\" \/>\n<meta property=\"og:type\" content=\"article\" \/>\n<meta property=\"og:title\" content=\"Jaguar, recensione: a caccia di nazisti nella Spagna di Franco - Il Notiziario\" \/>\n<meta property=\"og:description\" content=\"di Stefano Di Maria Per chi cerca l\u2019azione \u00e8 uscita una miniserie senza troppe pretese ma tutto sommato ben confezionata e in parte riflessiva: \u00e8 JAGUAR, Il paragone con HUNTERS (2020), serie televisiva di Amazon Prime con Al Pacino che trattava lo stesso tema, \u00e8 inevitabile. Ma JAGUAR va preso com\u2019\u00e8: non pretende di essere un capolavoro, ma fa un buon intrattenimento, richiamando anche l\u2019attenzione sull\u2019ingiustizia di chi comandava nei campi di sterminio e alla fine della guerra era riuscito a scappare facendosi una nuova vita.\" \/>\n<meta property=\"og:url\" content=\"https:\/\/www.ilnotiziario.net\/wp\/serietv\/jaguar-recensione-caccia-nazisti-spagna\/\" \/>\n<meta property=\"og:site_name\" content=\"Il Notiziario\" \/>\n<meta property=\"article:publisher\" content=\"https:\/\/www.facebook.com\/ilnotiziarioind\/\" \/>\n<meta property=\"article:published_time\" content=\"2021-10-14T17:54:34+00:00\" \/>\n<meta property=\"og:image\" content=\"https:\/\/www.ilnotiziario.net\/wp\/wp-content\/uploads\/2021\/10\/AAAABa5j4jYG8aaanK0vSZFiBVs8hB9FetxIlvAujCA1e_IDoS4-puzy_mR0P9H8v5FQsh-boruaXCeFICBD6pOPiYrLOOwf-1.jpg\" \/>\n\t<meta property=\"og:image:width\" content=\"1200\" \/>\n\t<meta property=\"og:image:height\" content=\"681\" \/>\n\t<meta property=\"og:image:type\" content=\"image\/jpeg\" \/>\n<meta name=\"author\" content=\"Stefano Di Maria\" \/>\n<meta name=\"twitter:card\" content=\"summary_large_image\" \/>\n<meta name=\"twitter:creator\" content=\"@ilNotiziarioInd\" \/>\n<meta name=\"twitter:site\" content=\"@ilNotiziarioInd\" \/>\n<meta name=\"twitter:label1\" content=\"Scritto da\" \/>\n\t<meta name=\"twitter:data1\" content=\"Stefano Di Maria\" \/>\n\t<meta name=\"twitter:label2\" content=\"Tempo di lettura stimato\" \/>\n\t<meta name=\"twitter:data2\" content=\"4 minuti\" \/>\n<script type=\"application\/ld+json\" class=\"yoast-schema-graph\">{\"@context\":\"https:\\\/\\\/schema.org\",\"@graph\":[{\"@type\":\"Article\",\"@id\":\"https:\\\/\\\/www.ilnotiziario.net\\\/wp\\\/serietv\\\/jaguar-recensione-caccia-nazisti-spagna\\\/#article\",\"isPartOf\":{\"@id\":\"https:\\\/\\\/www.ilnotiziario.net\\\/wp\\\/serietv\\\/jaguar-recensione-caccia-nazisti-spagna\\\/\"},\"author\":{\"name\":\"Stefano Di Maria\",\"@id\":\"https:\\\/\\\/www.ilnotiziario.net\\\/wp\\\/#\\\/schema\\\/person\\\/82fdd8795bbed42a4164047853b6efe7\"},\"headline\":\"Jaguar, recensione: a caccia di nazisti nella Spagna di Franco\",\"datePublished\":\"2021-10-14T17:54:34+00:00\",\"mainEntityOfPage\":{\"@id\":\"https:\\\/\\\/www.ilnotiziario.net\\\/wp\\\/serietv\\\/jaguar-recensione-caccia-nazisti-spagna\\\/\"},\"wordCount\":569,\"publisher\":{\"@id\":\"https:\\\/\\\/www.ilnotiziario.net\\\/wp\\\/#organization\"},\"image\":{\"@id\":\"https:\\\/\\\/www.ilnotiziario.net\\\/wp\\\/serietv\\\/jaguar-recensione-caccia-nazisti-spagna\\\/#primaryimage\"},\"thumbnailUrl\":\"https:\\\/\\\/www.ilnotiziario.net\\\/wp\\\/wp-content\\\/uploads\\\/2021\\\/10\\\/AAAABa5j4jYG8aaanK0vSZFiBVs8hB9FetxIlvAujCA1e_IDoS4-puzy_mR0P9H8v5FQsh-boruaXCeFICBD6pOPiYrLOOwf-1.jpg\",\"keywords\":[\"Jaguar\",\"netflix\",\"recensione\",\"serie\"],\"articleSection\":[\"SERIE TV\"],\"inLanguage\":\"it-IT\"},{\"@type\":\"WebPage\",\"@id\":\"https:\\\/\\\/www.ilnotiziario.net\\\/wp\\\/serietv\\\/jaguar-recensione-caccia-nazisti-spagna\\\/\",\"url\":\"https:\\\/\\\/www.ilnotiziario.net\\\/wp\\\/serietv\\\/jaguar-recensione-caccia-nazisti-spagna\\\/\",\"name\":\"Jaguar, recensione: a caccia di nazisti nella Spagna di Franco - Il Notiziario\",\"isPartOf\":{\"@id\":\"https:\\\/\\\/www.ilnotiziario.net\\\/wp\\\/#website\"},\"primaryImageOfPage\":{\"@id\":\"https:\\\/\\\/www.ilnotiziario.net\\\/wp\\\/serietv\\\/jaguar-recensione-caccia-nazisti-spagna\\\/#primaryimage\"},\"image\":{\"@id\":\"https:\\\/\\\/www.ilnotiziario.net\\\/wp\\\/serietv\\\/jaguar-recensione-caccia-nazisti-spagna\\\/#primaryimage\"},\"thumbnailUrl\":\"https:\\\/\\\/www.ilnotiziario.net\\\/wp\\\/wp-content\\\/uploads\\\/2021\\\/10\\\/AAAABa5j4jYG8aaanK0vSZFiBVs8hB9FetxIlvAujCA1e_IDoS4-puzy_mR0P9H8v5FQsh-boruaXCeFICBD6pOPiYrLOOwf-1.jpg\",\"datePublished\":\"2021-10-14T17:54:34+00:00\",\"description\":\"di Stefano Di Maria Per chi cerca l\u2019azione \u00e8 uscita una miniserie senza troppe pretese ma tutto sommato ben confezionata e in parte riflessiva: \u00e8 JAGUAR, Il paragone con HUNTERS (2020), serie televisiva di Amazon Prime con Al Pacino che trattava lo stesso tema, \u00e8 inevitabile. Ma JAGUAR va preso com\u2019\u00e8: non pretende di essere un capolavoro, ma fa un buon intrattenimento, richiamando anche l\u2019attenzione sull\u2019ingiustizia di chi comandava nei campi di sterminio e alla fine della guerra era riuscito a scappare facendosi una nuova vita.\",\"breadcrumb\":{\"@id\":\"https:\\\/\\\/www.ilnotiziario.net\\\/wp\\\/serietv\\\/jaguar-recensione-caccia-nazisti-spagna\\\/#breadcrumb\"},\"inLanguage\":\"it-IT\",\"potentialAction\":[{\"@type\":\"ReadAction\",\"target\":[\"https:\\\/\\\/www.ilnotiziario.net\\\/wp\\\/serietv\\\/jaguar-recensione-caccia-nazisti-spagna\\\/\"]}]},{\"@type\":\"ImageObject\",\"inLanguage\":\"it-IT\",\"@id\":\"https:\\\/\\\/www.ilnotiziario.net\\\/wp\\\/serietv\\\/jaguar-recensione-caccia-nazisti-spagna\\\/#primaryimage\",\"url\":\"https:\\\/\\\/www.ilnotiziario.net\\\/wp\\\/wp-content\\\/uploads\\\/2021\\\/10\\\/AAAABa5j4jYG8aaanK0vSZFiBVs8hB9FetxIlvAujCA1e_IDoS4-puzy_mR0P9H8v5FQsh-boruaXCeFICBD6pOPiYrLOOwf-1.jpg\",\"contentUrl\":\"https:\\\/\\\/www.ilnotiziario.net\\\/wp\\\/wp-content\\\/uploads\\\/2021\\\/10\\\/AAAABa5j4jYG8aaanK0vSZFiBVs8hB9FetxIlvAujCA1e_IDoS4-puzy_mR0P9H8v5FQsh-boruaXCeFICBD6pOPiYrLOOwf-1.jpg\",\"width\":1200,\"height\":681},{\"@type\":\"BreadcrumbList\",\"@id\":\"https:\\\/\\\/www.ilnotiziario.net\\\/wp\\\/serietv\\\/jaguar-recensione-caccia-nazisti-spagna\\\/#breadcrumb\",\"itemListElement\":[{\"@type\":\"ListItem\",\"position\":1,\"name\":\"tds_text_logo_tagline_colortds_text_logo_tagline_colortds_text_logo_tagline_colortds_text_logo_tagline_colortd_module_7_title_excerpttd_module_7_title_excerpttd_module_7_title_excerpttd_module_7_title_excerptHome\",\"item\":\"https:\\\/\\\/www.ilnotiziario.net\\\/wp\\\/\"},{\"@type\":\"ListItem\",\"position\":2,\"name\":\"Jaguar, recensione: a caccia di nazisti nella Spagna di Franco\"}]},{\"@type\":\"WebSite\",\"@id\":\"https:\\\/\\\/www.ilnotiziario.net\\\/wp\\\/#website\",\"url\":\"https:\\\/\\\/www.ilnotiziario.net\\\/wp\\\/\",\"name\":\"Il Notiziario\",\"description\":\"Per restare sempre connessi alla notizia\",\"publisher\":{\"@id\":\"https:\\\/\\\/www.ilnotiziario.net\\\/wp\\\/#organization\"},\"alternateName\":\"Il Notiziario Bollate\",\"potentialAction\":[{\"@type\":\"SearchAction\",\"target\":{\"@type\":\"EntryPoint\",\"urlTemplate\":\"https:\\\/\\\/www.ilnotiziario.net\\\/wp\\\/?s={search_term_string}\"},\"query-input\":{\"@type\":\"PropertyValueSpecification\",\"valueRequired\":true,\"valueName\":\"search_term_string\"}}],\"inLanguage\":\"it-IT\"},{\"@type\":\"Organization\",\"@id\":\"https:\\\/\\\/www.ilnotiziario.net\\\/wp\\\/#organization\",\"name\":\"Il Notiziario\",\"url\":\"https:\\\/\\\/www.ilnotiziario.net\\\/wp\\\/\",\"logo\":{\"@type\":\"ImageObject\",\"inLanguage\":\"it-IT\",\"@id\":\"https:\\\/\\\/www.ilnotiziario.net\\\/wp\\\/#\\\/schema\\\/logo\\\/image\\\/\",\"url\":\"https:\\\/\\\/www.ilnotiziario.net\\\/wp\\\/wp-content\\\/uploads\\\/2022\\\/06\\\/170x170ilN.png\",\"contentUrl\":\"https:\\\/\\\/www.ilnotiziario.net\\\/wp\\\/wp-content\\\/uploads\\\/2022\\\/06\\\/170x170ilN.png\",\"width\":355,\"height\":355,\"caption\":\"Il Notiziario\"},\"image\":{\"@id\":\"https:\\\/\\\/www.ilnotiziario.net\\\/wp\\\/#\\\/schema\\\/logo\\\/image\\\/\"},\"sameAs\":[\"https:\\\/\\\/www.facebook.com\\\/ilnotiziarioind\\\/\",\"https:\\\/\\\/x.com\\\/ilNotiziarioInd\",\"https:\\\/\\\/www.instagram.com\\\/ilnotiziario_settimanale\\\/\"]},{\"@type\":\"Person\",\"@id\":\"https:\\\/\\\/www.ilnotiziario.net\\\/wp\\\/#\\\/schema\\\/person\\\/82fdd8795bbed42a4164047853b6efe7\",\"name\":\"Stefano Di Maria\",\"image\":{\"@type\":\"ImageObject\",\"inLanguage\":\"it-IT\",\"@id\":\"https:\\\/\\\/secure.gravatar.com\\\/avatar\\\/b3163d1e75da759bd0a681248e88a87d84bdd563fec9b060a3ae82742880745a?s=96&d=mm&r=g\",\"url\":\"https:\\\/\\\/secure.gravatar.com\\\/avatar\\\/b3163d1e75da759bd0a681248e88a87d84bdd563fec9b060a3ae82742880745a?s=96&d=mm&r=g\",\"contentUrl\":\"https:\\\/\\\/secure.gravatar.com\\\/avatar\\\/b3163d1e75da759bd0a681248e88a87d84bdd563fec9b060a3ae82742880745a?s=96&d=mm&r=g\",\"caption\":\"Stefano Di Maria\"},\"sameAs\":[\"http:\\\/\\\/www.ilnotiziario.net\"]}]}<\/script>\n<!-- \/ Yoast SEO plugin. -->","yoast_head_json":{"title":"Jaguar, recensione: a caccia di nazisti nella Spagna di Franco - Il Notiziario","description":"di Stefano Di Maria Per chi cerca l\u2019azione \u00e8 uscita una miniserie senza troppe pretese ma tutto sommato ben confezionata e in parte riflessiva: \u00e8 JAGUAR, Il paragone con HUNTERS (2020), serie televisiva di Amazon Prime con Al Pacino che trattava lo stesso tema, \u00e8 inevitabile. Ma JAGUAR va preso com\u2019\u00e8: non pretende di essere un capolavoro, ma fa un buon intrattenimento, richiamando anche l\u2019attenzione sull\u2019ingiustizia di chi comandava nei campi di sterminio e alla fine della guerra era riuscito a scappare facendosi una nuova vita.","robots":{"index":"index","follow":"follow","max-snippet":"max-snippet:-1","max-image-preview":"max-image-preview:large","max-video-preview":"max-video-preview:-1"},"canonical":"https:\/\/www.ilnotiziario.net\/wp\/serietv\/jaguar-recensione-caccia-nazisti-spagna\/","og_locale":"it_IT","og_type":"article","og_title":"Jaguar, recensione: a caccia di nazisti nella Spagna di Franco - Il Notiziario","og_description":"di Stefano Di Maria Per chi cerca l\u2019azione \u00e8 uscita una miniserie senza troppe pretese ma tutto sommato ben confezionata e in parte riflessiva: \u00e8 JAGUAR, Il paragone con HUNTERS (2020), serie televisiva di Amazon Prime con Al Pacino che trattava lo stesso tema, \u00e8 inevitabile. Ma JAGUAR va preso com\u2019\u00e8: non pretende di essere un capolavoro, ma fa un buon intrattenimento, richiamando anche l\u2019attenzione sull\u2019ingiustizia di chi comandava nei campi di sterminio e alla fine della guerra era riuscito a scappare facendosi una nuova vita.","og_url":"https:\/\/www.ilnotiziario.net\/wp\/serietv\/jaguar-recensione-caccia-nazisti-spagna\/","og_site_name":"Il Notiziario","article_publisher":"https:\/\/www.facebook.com\/ilnotiziarioind\/","article_published_time":"2021-10-14T17:54:34+00:00","og_image":[{"width":1200,"height":681,"url":"https:\/\/www.ilnotiziario.net\/wp\/wp-content\/uploads\/2021\/10\/AAAABa5j4jYG8aaanK0vSZFiBVs8hB9FetxIlvAujCA1e_IDoS4-puzy_mR0P9H8v5FQsh-boruaXCeFICBD6pOPiYrLOOwf-1.jpg","type":"image\/jpeg"}],"author":"Stefano Di Maria","twitter_card":"summary_large_image","twitter_creator":"@ilNotiziarioInd","twitter_site":"@ilNotiziarioInd","twitter_misc":{"Scritto da":"Stefano Di Maria","Tempo di lettura stimato":"4 minuti"},"schema":{"@context":"https:\/\/schema.org","@graph":[{"@type":"Article","@id":"https:\/\/www.ilnotiziario.net\/wp\/serietv\/jaguar-recensione-caccia-nazisti-spagna\/#article","isPartOf":{"@id":"https:\/\/www.ilnotiziario.net\/wp\/serietv\/jaguar-recensione-caccia-nazisti-spagna\/"},"author":{"name":"Stefano Di Maria","@id":"https:\/\/www.ilnotiziario.net\/wp\/#\/schema\/person\/82fdd8795bbed42a4164047853b6efe7"},"headline":"Jaguar, recensione: a caccia di nazisti nella Spagna di Franco","datePublished":"2021-10-14T17:54:34+00:00","mainEntityOfPage":{"@id":"https:\/\/www.ilnotiziario.net\/wp\/serietv\/jaguar-recensione-caccia-nazisti-spagna\/"},"wordCount":569,"publisher":{"@id":"https:\/\/www.ilnotiziario.net\/wp\/#organization"},"image":{"@id":"https:\/\/www.ilnotiziario.net\/wp\/serietv\/jaguar-recensione-caccia-nazisti-spagna\/#primaryimage"},"thumbnailUrl":"https:\/\/www.ilnotiziario.net\/wp\/wp-content\/uploads\/2021\/10\/AAAABa5j4jYG8aaanK0vSZFiBVs8hB9FetxIlvAujCA1e_IDoS4-puzy_mR0P9H8v5FQsh-boruaXCeFICBD6pOPiYrLOOwf-1.jpg","keywords":["Jaguar","netflix","recensione","serie"],"articleSection":["SERIE TV"],"inLanguage":"it-IT"},{"@type":"WebPage","@id":"https:\/\/www.ilnotiziario.net\/wp\/serietv\/jaguar-recensione-caccia-nazisti-spagna\/","url":"https:\/\/www.ilnotiziario.net\/wp\/serietv\/jaguar-recensione-caccia-nazisti-spagna\/","name":"Jaguar, recensione: a caccia di nazisti nella Spagna di Franco - Il Notiziario","isPartOf":{"@id":"https:\/\/www.ilnotiziario.net\/wp\/#website"},"primaryImageOfPage":{"@id":"https:\/\/www.ilnotiziario.net\/wp\/serietv\/jaguar-recensione-caccia-nazisti-spagna\/#primaryimage"},"image":{"@id":"https:\/\/www.ilnotiziario.net\/wp\/serietv\/jaguar-recensione-caccia-nazisti-spagna\/#primaryimage"},"thumbnailUrl":"https:\/\/www.ilnotiziario.net\/wp\/wp-content\/uploads\/2021\/10\/AAAABa5j4jYG8aaanK0vSZFiBVs8hB9FetxIlvAujCA1e_IDoS4-puzy_mR0P9H8v5FQsh-boruaXCeFICBD6pOPiYrLOOwf-1.jpg","datePublished":"2021-10-14T17:54:34+00:00","description":"di Stefano Di Maria Per chi cerca l\u2019azione \u00e8 uscita una miniserie senza troppe pretese ma tutto sommato ben confezionata e in parte riflessiva: \u00e8 JAGUAR, Il paragone con HUNTERS (2020), serie televisiva di Amazon Prime con Al Pacino che trattava lo stesso tema, \u00e8 inevitabile. Ma JAGUAR va preso com\u2019\u00e8: non pretende di essere un capolavoro, ma fa un buon intrattenimento, richiamando anche l\u2019attenzione sull\u2019ingiustizia di chi comandava nei campi di sterminio e alla fine della guerra era riuscito a scappare facendosi una nuova vita.","breadcrumb":{"@id":"https:\/\/www.ilnotiziario.net\/wp\/serietv\/jaguar-recensione-caccia-nazisti-spagna\/#breadcrumb"},"inLanguage":"it-IT","potentialAction":[{"@type":"ReadAction","target":["https:\/\/www.ilnotiziario.net\/wp\/serietv\/jaguar-recensione-caccia-nazisti-spagna\/"]}]},{"@type":"ImageObject","inLanguage":"it-IT","@id":"https:\/\/www.ilnotiziario.net\/wp\/serietv\/jaguar-recensione-caccia-nazisti-spagna\/#primaryimage","url":"https:\/\/www.ilnotiziario.net\/wp\/wp-content\/uploads\/2021\/10\/AAAABa5j4jYG8aaanK0vSZFiBVs8hB9FetxIlvAujCA1e_IDoS4-puzy_mR0P9H8v5FQsh-boruaXCeFICBD6pOPiYrLOOwf-1.jpg","contentUrl":"https:\/\/www.ilnotiziario.net\/wp\/wp-content\/uploads\/2021\/10\/AAAABa5j4jYG8aaanK0vSZFiBVs8hB9FetxIlvAujCA1e_IDoS4-puzy_mR0P9H8v5FQsh-boruaXCeFICBD6pOPiYrLOOwf-1.jpg","width":1200,"height":681},{"@type":"BreadcrumbList","@id":"https:\/\/www.ilnotiziario.net\/wp\/serietv\/jaguar-recensione-caccia-nazisti-spagna\/#breadcrumb","itemListElement":[{"@type":"ListItem","position":1,"name":"tds_text_logo_tagline_colortds_text_logo_tagline_colortds_text_logo_tagline_colortds_text_logo_tagline_colortd_module_7_title_excerpttd_module_7_title_excerpttd_module_7_title_excerpttd_module_7_title_excerptHome","item":"https:\/\/www.ilnotiziario.net\/wp\/"},{"@type":"ListItem","position":2,"name":"Jaguar, recensione: a caccia di nazisti nella Spagna di Franco"}]},{"@type":"WebSite","@id":"https:\/\/www.ilnotiziario.net\/wp\/#website","url":"https:\/\/www.ilnotiziario.net\/wp\/","name":"Il Notiziario","description":"Per restare sempre connessi alla notizia","publisher":{"@id":"https:\/\/www.ilnotiziario.net\/wp\/#organization"},"alternateName":"Il Notiziario Bollate","potentialAction":[{"@type":"SearchAction","target":{"@type":"EntryPoint","urlTemplate":"https:\/\/www.ilnotiziario.net\/wp\/?s={search_term_string}"},"query-input":{"@type":"PropertyValueSpecification","valueRequired":true,"valueName":"search_term_string"}}],"inLanguage":"it-IT"},{"@type":"Organization","@id":"https:\/\/www.ilnotiziario.net\/wp\/#organization","name":"Il Notiziario","url":"https:\/\/www.ilnotiziario.net\/wp\/","logo":{"@type":"ImageObject","inLanguage":"it-IT","@id":"https:\/\/www.ilnotiziario.net\/wp\/#\/schema\/logo\/image\/","url":"https:\/\/www.ilnotiziario.net\/wp\/wp-content\/uploads\/2022\/06\/170x170ilN.png","contentUrl":"https:\/\/www.ilnotiziario.net\/wp\/wp-content\/uploads\/2022\/06\/170x170ilN.png","width":355,"height":355,"caption":"Il Notiziario"},"image":{"@id":"https:\/\/www.ilnotiziario.net\/wp\/#\/schema\/logo\/image\/"},"sameAs":["https:\/\/www.facebook.com\/ilnotiziarioind\/","https:\/\/x.com\/ilNotiziarioInd","https:\/\/www.instagram.com\/ilnotiziario_settimanale\/"]},{"@type":"Person","@id":"https:\/\/www.ilnotiziario.net\/wp\/#\/schema\/person\/82fdd8795bbed42a4164047853b6efe7","name":"Stefano Di Maria","image":{"@type":"ImageObject","inLanguage":"it-IT","@id":"https:\/\/secure.gravatar.com\/avatar\/b3163d1e75da759bd0a681248e88a87d84bdd563fec9b060a3ae82742880745a?s=96&d=mm&r=g","url":"https:\/\/secure.gravatar.com\/avatar\/b3163d1e75da759bd0a681248e88a87d84bdd563fec9b060a3ae82742880745a?s=96&d=mm&r=g","contentUrl":"https:\/\/secure.gravatar.com\/avatar\/b3163d1e75da759bd0a681248e88a87d84bdd563fec9b060a3ae82742880745a?s=96&d=mm&r=g","caption":"Stefano Di Maria"},"sameAs":["http:\/\/www.ilnotiziario.net"]}]}},"_links":{"self":[{"href":"https:\/\/www.ilnotiziario.net\/wp\/wp-json\/wp\/v2\/posts\/157367","targetHints":{"allow":["GET"]}}],"collection":[{"href":"https:\/\/www.ilnotiziario.net\/wp\/wp-json\/wp\/v2\/posts"}],"about":[{"href":"https:\/\/www.ilnotiziario.net\/wp\/wp-json\/wp\/v2\/types\/post"}],"author":[{"embeddable":true,"href":"https:\/\/www.ilnotiziario.net\/wp\/wp-json\/wp\/v2\/users\/6"}],"replies":[{"embeddable":true,"href":"https:\/\/www.ilnotiziario.net\/wp\/wp-json\/wp\/v2\/comments?post=157367"}],"version-history":[{"count":0,"href":"https:\/\/www.ilnotiziario.net\/wp\/wp-json\/wp\/v2\/posts\/157367\/revisions"}],"wp:featuredmedia":[{"embeddable":true,"href":"https:\/\/www.ilnotiziario.net\/wp\/wp-json\/wp\/v2\/media\/157369"}],"wp:attachment":[{"href":"https:\/\/www.ilnotiziario.net\/wp\/wp-json\/wp\/v2\/media?parent=157367"}],"wp:term":[{"taxonomy":"category","embeddable":true,"href":"https:\/\/www.ilnotiziario.net\/wp\/wp-json\/wp\/v2\/categories?post=157367"},{"taxonomy":"post_tag","embeddable":true,"href":"https:\/\/www.ilnotiziario.net\/wp\/wp-json\/wp\/v2\/tags?post=157367"}],"curies":[{"name":"wp","href":"https:\/\/api.w.org\/{rel}","templated":true}]}}