{"id":157384,"date":"2021-10-15T10:32:35","date_gmt":"2021-10-15T08:32:35","guid":{"rendered":"https:\/\/www.ilnotiziario.net\/wp\/?p=157384"},"modified":"2021-10-15T10:32:35","modified_gmt":"2021-10-15T08:32:35","slug":"il-gigante-un-nuovo-supermercato-a-fagnano-olona","status":"publish","type":"post","link":"https:\/\/www.ilnotiziario.net\/wp\/ip\/il-gigante-un-nuovo-supermercato-a-fagnano-olona\/","title":{"rendered":"Il Gigante, un nuovo supermercato a Fagnano Olona"},"content":{"rendered":"<p><img fetchpriority=\"high\" decoding=\"async\" class=\"aligncenter size-full wp-image-157385\" src=\"https:\/\/www.ilnotiziario.net\/wp\/wp-content\/uploads\/2021\/10\/Gigante-Fagnano.jpg\" alt=\"Gigante Fagnano Olona\" width=\"765\" height=\"431\" srcset=\"https:\/\/www.ilnotiziario.net\/wp\/wp-content\/uploads\/2021\/10\/Gigante-Fagnano.jpg 765w, https:\/\/www.ilnotiziario.net\/wp\/wp-content\/uploads\/2021\/10\/Gigante-Fagnano-300x169.jpg 300w, https:\/\/www.ilnotiziario.net\/wp\/wp-content\/uploads\/2021\/10\/Gigante-Fagnano-696x392.jpg 696w\" sizes=\"(max-width: 765px) 100vw, 765px\" \/>Gioved\u00ec 14 Ottobre, a Fagnano Olona (VA), in via legnano 52, \u00e8 stato aperto un nuovo <strong>supermercato della rete Il Gigante.<\/strong> E\u2019 il cinquantanovesimo punto vendita diretto dello storico Brand lombardo della Grande Distribuzione di cui nel 2022 ricorrer\u00e0 il cinquantesimo anniversario di attivit\u00e0 sul territorio<\/p><div id=\"ilnot-1081242470\" class=\"ilnot-contenuto ilnot-entity-placement\"><p><!-- incontent_1 --><\/p>\n<div class=\"gptslot\" data-adunitid=\"1\"><\/div>\n<\/div>\n<h2>Il Gigante a Fagnano Olona, tecnologie ed efficienza energetica&nbsp;<\/h2>\n<p>Il nuovo \u201cmondo del fresco\u201d targato Il Gigante \u00e8 uno spazio di 2.500 mq nel quale sono occupati 51 collaboratori di cui 20 nuovi assunti. Il punto vendita \u00e8 stato progettato e costruito secondo i pi\u00f9 alti canoni e le pi\u00f9 avanzate tecnologie in termini di efficienza energetica, inserendosi sostenibilmente ed elegantemente nel contesto cittadino. Il superstore si colloca in classe energetica A2, grazie anche al supporto dell\u2019impianto fotovoltaico da 80kvp che render\u00e0 il nuovo store parzialmente autosufficiente nella produzione di energia evitando cos\u00ec un\u2019emissione annua in atmosfera di oltre 162.000 Kg di CO2. L\u2019illuminazione sia interna che esterna \u00e8 completamente a Led, tecnologia a zero emissione di raggi U.V.e I.R. Nella stessa ottica di sostenibilit\u00e0 si pone tutta l\u2019impiantistica del punto vendita e tutto il suo importante flusso di climatizzazione, <strong>affidato ad un sistema integrato all\u2019impianto frigorifero che recupera totalmente il calore prodotto dalle stesse centrali.<\/strong> Anche l\u2019operativit\u00e0 dei reparti ha l\u2019obiettivo della sostenibilit\u00e0, per cui sono stati scelti e installati, per tutte le lavorazioni che prevedono cottura, forni a pellet, tecnologia riconosciuta \u201ca zero emissioni\u201d che genereranno un ulteriore risparmio di produzione ed emissione in atmosfera stimato in circa 115000 kg di Co2 annui.<\/p>\n<h2>Il Gigante a Fagnano Olona, attenzione all&#8217;ambiente e spesa smart online&nbsp;<\/h2>\n<p>Saranno a disposizione dei clienti esclusivamente sacchetti biodegradabili e compostabili in Mater-Bi, shopper 100% cotone, scatole di cartone ecologiche e riutilizzabili. Tutte le specialit\u00e0 e produzioni proprie saranno esposte e vendute in contenitori C Pet Evolve composte fino all\u201980% di materiale riciclato, scelta effettuata in ottica di riciclo, riuso e sostenibilit\u00e0 in quanto le vaschette saranno riutilizzabili dai clienti anche per le proprie cotture in forno e al microonde.<\/p><div id=\"ilnot-934489903\" class=\"ilnot-contenuto_2 ilnot-entity-placement\"><div class=\"ads-wrapper\">\n<div class=\"ad-slot\">\n   <div id=\"ilnot-1182156935\" style=\"margin-right: auto;margin-left: auto;text-align: center;width: 320px;height: 100px;\"><a href=\"https:\/\/www.scuolasicurezza.it\/\"><img decoding=\"async\" src=\"https:\/\/www.ilnotiziario.net\/wp\/wp-content\/uploads\/2026\/04\/IlNotiziario_banner-sito-e-newsletter-320-x-100-px-1.gif\" alt=\"\"><\/a><\/div>\n  <\/div>\n<div class=\"ad-slot\">\n   <div id=\"ilnot-3719778889\" style=\"margin-right: auto;margin-left: auto;text-align: center;width: 320px;height: 100px;\"><a href=\"https:\/\/purodesignarredamenti.com\/\"><img decoding=\"async\" src=\"https:\/\/www.ilnotiziario.net\/wp\/wp-content\/uploads\/2026\/04\/banner-puro-ok.gif\" alt=\"whatsapp\"><\/a><\/div><\/p><\/div>\n<\/div>\n<\/div>\n<p>\u201cIn un momento di instabilit\u00e0 e incertezza economica, in cui si registrano crisi occupazionali, noi siamo comunque positivi e <strong>crediamo sia importante continuare ad investire\u00bb spiega&nbsp;Giorgio Panizza<\/strong>, consigliere di amministrazione de Il Gigante \u00abinoltre riteniamo sia molto importante per il Paese e per il Territorio creare nuovi posti di lavoro e soprattutto formare nuovi professionisti e specialisti del settore; abbiamo con questa apertura, inoltre, potuto accontentare molti collaboratori che abitano nella zona e accoglierne le richieste di trasferimento, avvicinandoli a casa\u201d.<\/p>\n<p>Lo store si propone alla cittadinanza con un ambiente confortevole dove trovare tutto ci\u00f2 di cui si ha bisogno per la spesa di ogni giorno, con tanti reparti freschi e attrezzati per produrre direttamente come la pasticceria e il forno, celebre per l\u2019utilizzo esclusivo di lievito madre italiano e farine di tipo \u201c1\u201d. Il reparto macelleria presenta un\u2019ampia offerta di carni di Filiera provenienti da allevamenti tracciati e certificati e riconosciuti dal Ministero delle Politiche Agricole Alimentari e Forestali come il Sigillo Italiano.<br \/>\nNon mancheranno nell\u2019assortimento una vasta offerta di pesce sempre fresco e controllato e tante proposte nel mondo del BIO e del Free From. Un punto vendita, dunque, che mantiene e ripropone quella che da sempre ha caratterizzato la proposta commerciale del brand, ovvero la promessa di essere Gli Specialisti del Fresco.<\/p>\n<p>La qualit\u00e0 e l\u2019attenzione sono linea guida anche nella scelta dei prodotti che espongono il marchio il Gigante che si impegna a offrire oltre 1000 prodotti a marchio a \u201cPrezzo Basso Sempre\u201d.<br \/>\nL\u2019innovazione e la modernit\u00e0 si confermano anche per ci\u00f2 che riguarda i servizi. Il punto vendita vuole andare incontro anche ai clienti che per scelta o condizione hanno meno possibilit\u00e0 di frequentare il negozio personalmente<strong> offrendo il servizio di spesa online in duplice modalit\u00e0.<\/strong> Adiacente all\u2019ingresso \u00e8 presente infatti il punto di ritiro \u201cDrive\u201d in cui ritirare la spesa precedentemente prenotata online e preparata da addetti specializzati senza alcun costo aggiuntivo, cos\u00ec come la possibilit\u00e0 di avere la consegna direttamente \u201ca Casa\u201d. All\u2019ingresso \u00e8 presente inoltre un bar con tavola calda che si vuole proporre come luogo di incontro e di intrattenimento per la cittadinanza.<\/p><div id=\"ilnot-442422252\" class=\"ilnot-contenuto_2-2 ilnot-entity-placement\"><div class=\"gptslot\" data-adunitid=\"2\"><\/div>\n<\/div>\n<p>\u201cL\u2019esperienza di acquisto \u2013 per Giancarlo Panizza, il Presidente del Gruppo\u2013 \u00e8 la ragione per la quale un cliente ritorna da noi. L\u2019apertura a Fagnano, in un momento cos\u00ec difficile per tutto il nostro territorio, vuole essere un segnale positivo e di fiducia nel futuro che una azienda italiana che difende i valori e le tradizioni soddisfacendo le nuove esigenze, d\u00e0 a tutta la cittadinanza. I tempi cambiano, la vita \u00e8 sempre pi\u00f9 accelerata e noi vogliamo andare incontro alle esigenze delle famiglie moderne dando loro qualit\u00e0, certezze e comodit\u00e0 della spesa quotidiana\u201d.<\/p>\n<p>Il Gigante, che conta oltre 60 centri commerciali, ipermercati, supermercati di prossimit\u00e0 e negozi in franchising, \u00e8 Socio di Selex Gruppo Commerciale, seconda realt\u00e0 italiana della distribuzione moderna per volumi di acquisto.<\/p>\n","protected":false},"excerpt":{"rendered":"<p>Gioved\u00ec 14 Ottobre, a Fagnano Olona (VA), in via legnano 52, \u00e8 stato aperto un nuovo supermercato della rete Il Gigante. E\u2019 il cinquantanovesimo punto vendita diretto dello storico Brand lombardo della Grande Distribuzione di cui nel 2022 ricorrer\u00e0 il cinquantesimo anniversario di attivit\u00e0 sul territorio Il Gigante a Fagnano Olona, tecnologie ed efficienza energetica&nbsp;<\/p>\n","protected":false},"author":3,"featured_media":157385,"comment_status":"closed","ping_status":"closed","sticky":false,"template":"","format":"standard","meta":{"footnotes":""},"categories":[8852],"tags":[4651,6528],"class_list":{"0":"post-157384","1":"post","2":"type-post","3":"status-publish","4":"format-standard","5":"has-post-thumbnail","7":"category-ip","8":"tag-fagnano-olona","9":"tag-gigante"},"yoast_head":"<!-- This site is optimized with the Yoast SEO plugin v27.4 - https:\/\/yoast.com\/product\/yoast-seo-wordpress\/ -->\n<title>Il Gigante, un nuovo supermercato a Fagnano Olona - Il Notiziario<\/title>\n<meta name=\"description\" content=\"Gioved\u00ec 14 Ottobre, a Fagnano Olona (VA), in via legnano 52, \u00e8 stato aperto un nuovo supermercato della rete Il Gigante. E\u2019 il cinquantanovesimo punto\" \/>\n<meta name=\"robots\" content=\"index, follow, max-snippet:-1, max-image-preview:large, max-video-preview:-1\" \/>\n<link rel=\"canonical\" href=\"https:\/\/www.ilnotiziario.net\/wp\/ip\/il-gigante-un-nuovo-supermercato-a-fagnano-olona\/\" \/>\n<meta property=\"og:locale\" content=\"it_IT\" \/>\n<meta property=\"og:type\" content=\"article\" \/>\n<meta property=\"og:title\" content=\"Il Gigante, un nuovo supermercato a Fagnano Olona - Il Notiziario\" \/>\n<meta property=\"og:description\" content=\"Gioved\u00ec 14 Ottobre, a Fagnano Olona (VA), in via legnano 52, \u00e8 stato aperto un nuovo supermercato della rete Il Gigante. E\u2019 il cinquantanovesimo punto\" \/>\n<meta property=\"og:url\" content=\"https:\/\/www.ilnotiziario.net\/wp\/ip\/il-gigante-un-nuovo-supermercato-a-fagnano-olona\/\" \/>\n<meta property=\"og:site_name\" content=\"Il Notiziario\" \/>\n<meta property=\"article:publisher\" content=\"https:\/\/www.facebook.com\/ilnotiziarioind\/\" \/>\n<meta property=\"article:published_time\" content=\"2021-10-15T08:32:35+00:00\" \/>\n<meta property=\"og:image\" content=\"https:\/\/www.ilnotiziario.net\/wp\/wp-content\/uploads\/2021\/10\/Gigante-Fagnano.jpg\" \/>\n\t<meta property=\"og:image:width\" content=\"765\" \/>\n\t<meta property=\"og:image:height\" content=\"431\" \/>\n\t<meta property=\"og:image:type\" content=\"image\/jpeg\" \/>\n<meta name=\"author\" content=\"Gabriele Bassani\" \/>\n<meta name=\"twitter:card\" content=\"summary_large_image\" \/>\n<meta name=\"twitter:creator\" content=\"@ilNotiziarioInd\" \/>\n<meta name=\"twitter:site\" content=\"@ilNotiziarioInd\" \/>\n<meta name=\"twitter:label1\" content=\"Scritto da\" \/>\n\t<meta name=\"twitter:data1\" content=\"Gabriele Bassani\" \/>\n\t<meta name=\"twitter:label2\" content=\"Tempo di lettura stimato\" \/>\n\t<meta name=\"twitter:data2\" content=\"4 minuti\" \/>\n<script type=\"application\/ld+json\" class=\"yoast-schema-graph\">{\"@context\":\"https:\\\/\\\/schema.org\",\"@graph\":[{\"@type\":\"Article\",\"@id\":\"https:\\\/\\\/www.ilnotiziario.net\\\/wp\\\/ip\\\/il-gigante-un-nuovo-supermercato-a-fagnano-olona\\\/#article\",\"isPartOf\":{\"@id\":\"https:\\\/\\\/www.ilnotiziario.net\\\/wp\\\/ip\\\/il-gigante-un-nuovo-supermercato-a-fagnano-olona\\\/\"},\"author\":{\"name\":\"Gabriele Bassani\",\"@id\":\"https:\\\/\\\/www.ilnotiziario.net\\\/wp\\\/#\\\/schema\\\/person\\\/386e222908f898bb41c033989482bbf2\"},\"headline\":\"Il Gigante, un nuovo supermercato a Fagnano Olona\",\"datePublished\":\"2021-10-15T08:32:35+00:00\",\"mainEntityOfPage\":{\"@id\":\"https:\\\/\\\/www.ilnotiziario.net\\\/wp\\\/ip\\\/il-gigante-un-nuovo-supermercato-a-fagnano-olona\\\/\"},\"wordCount\":818,\"publisher\":{\"@id\":\"https:\\\/\\\/www.ilnotiziario.net\\\/wp\\\/#organization\"},\"image\":{\"@id\":\"https:\\\/\\\/www.ilnotiziario.net\\\/wp\\\/ip\\\/il-gigante-un-nuovo-supermercato-a-fagnano-olona\\\/#primaryimage\"},\"thumbnailUrl\":\"https:\\\/\\\/www.ilnotiziario.net\\\/wp\\\/wp-content\\\/uploads\\\/2021\\\/10\\\/Gigante-Fagnano.jpg\",\"keywords\":[\"Fagnano Olona\",\"Gigante\"],\"articleSection\":[\"INFORMAZIONE PUBBLICITARIA\"],\"inLanguage\":\"it-IT\"},{\"@type\":\"WebPage\",\"@id\":\"https:\\\/\\\/www.ilnotiziario.net\\\/wp\\\/ip\\\/il-gigante-un-nuovo-supermercato-a-fagnano-olona\\\/\",\"url\":\"https:\\\/\\\/www.ilnotiziario.net\\\/wp\\\/ip\\\/il-gigante-un-nuovo-supermercato-a-fagnano-olona\\\/\",\"name\":\"Il Gigante, un nuovo supermercato a Fagnano Olona - Il Notiziario\",\"isPartOf\":{\"@id\":\"https:\\\/\\\/www.ilnotiziario.net\\\/wp\\\/#website\"},\"primaryImageOfPage\":{\"@id\":\"https:\\\/\\\/www.ilnotiziario.net\\\/wp\\\/ip\\\/il-gigante-un-nuovo-supermercato-a-fagnano-olona\\\/#primaryimage\"},\"image\":{\"@id\":\"https:\\\/\\\/www.ilnotiziario.net\\\/wp\\\/ip\\\/il-gigante-un-nuovo-supermercato-a-fagnano-olona\\\/#primaryimage\"},\"thumbnailUrl\":\"https:\\\/\\\/www.ilnotiziario.net\\\/wp\\\/wp-content\\\/uploads\\\/2021\\\/10\\\/Gigante-Fagnano.jpg\",\"datePublished\":\"2021-10-15T08:32:35+00:00\",\"description\":\"Gioved\u00ec 14 Ottobre, a Fagnano Olona (VA), in via legnano 52, \u00e8 stato aperto un nuovo supermercato della rete Il Gigante. E\u2019 il cinquantanovesimo punto\",\"breadcrumb\":{\"@id\":\"https:\\\/\\\/www.ilnotiziario.net\\\/wp\\\/ip\\\/il-gigante-un-nuovo-supermercato-a-fagnano-olona\\\/#breadcrumb\"},\"inLanguage\":\"it-IT\",\"potentialAction\":[{\"@type\":\"ReadAction\",\"target\":[\"https:\\\/\\\/www.ilnotiziario.net\\\/wp\\\/ip\\\/il-gigante-un-nuovo-supermercato-a-fagnano-olona\\\/\"]}]},{\"@type\":\"ImageObject\",\"inLanguage\":\"it-IT\",\"@id\":\"https:\\\/\\\/www.ilnotiziario.net\\\/wp\\\/ip\\\/il-gigante-un-nuovo-supermercato-a-fagnano-olona\\\/#primaryimage\",\"url\":\"https:\\\/\\\/www.ilnotiziario.net\\\/wp\\\/wp-content\\\/uploads\\\/2021\\\/10\\\/Gigante-Fagnano.jpg\",\"contentUrl\":\"https:\\\/\\\/www.ilnotiziario.net\\\/wp\\\/wp-content\\\/uploads\\\/2021\\\/10\\\/Gigante-Fagnano.jpg\",\"width\":765,\"height\":431,\"caption\":\"Gigante Fagnano Olona\"},{\"@type\":\"BreadcrumbList\",\"@id\":\"https:\\\/\\\/www.ilnotiziario.net\\\/wp\\\/ip\\\/il-gigante-un-nuovo-supermercato-a-fagnano-olona\\\/#breadcrumb\",\"itemListElement\":[{\"@type\":\"ListItem\",\"position\":1,\"name\":\"tds_text_logo_tagline_colortds_text_logo_tagline_colortds_text_logo_tagline_colortds_text_logo_tagline_colortd_module_7_title_excerpttd_module_7_title_excerpttd_module_7_title_excerpttd_module_7_title_excerptHome\",\"item\":\"https:\\\/\\\/www.ilnotiziario.net\\\/wp\\\/\"},{\"@type\":\"ListItem\",\"position\":2,\"name\":\"Il Gigante, un nuovo supermercato a Fagnano Olona\"}]},{\"@type\":\"WebSite\",\"@id\":\"https:\\\/\\\/www.ilnotiziario.net\\\/wp\\\/#website\",\"url\":\"https:\\\/\\\/www.ilnotiziario.net\\\/wp\\\/\",\"name\":\"Il Notiziario\",\"description\":\"Per restare sempre connessi alla notizia\",\"publisher\":{\"@id\":\"https:\\\/\\\/www.ilnotiziario.net\\\/wp\\\/#organization\"},\"alternateName\":\"Il Notiziario Bollate\",\"potentialAction\":[{\"@type\":\"SearchAction\",\"target\":{\"@type\":\"EntryPoint\",\"urlTemplate\":\"https:\\\/\\\/www.ilnotiziario.net\\\/wp\\\/?s={search_term_string}\"},\"query-input\":{\"@type\":\"PropertyValueSpecification\",\"valueRequired\":true,\"valueName\":\"search_term_string\"}}],\"inLanguage\":\"it-IT\"},{\"@type\":\"Organization\",\"@id\":\"https:\\\/\\\/www.ilnotiziario.net\\\/wp\\\/#organization\",\"name\":\"Il Notiziario\",\"url\":\"https:\\\/\\\/www.ilnotiziario.net\\\/wp\\\/\",\"logo\":{\"@type\":\"ImageObject\",\"inLanguage\":\"it-IT\",\"@id\":\"https:\\\/\\\/www.ilnotiziario.net\\\/wp\\\/#\\\/schema\\\/logo\\\/image\\\/\",\"url\":\"https:\\\/\\\/www.ilnotiziario.net\\\/wp\\\/wp-content\\\/uploads\\\/2022\\\/06\\\/170x170ilN.png\",\"contentUrl\":\"https:\\\/\\\/www.ilnotiziario.net\\\/wp\\\/wp-content\\\/uploads\\\/2022\\\/06\\\/170x170ilN.png\",\"width\":355,\"height\":355,\"caption\":\"Il Notiziario\"},\"image\":{\"@id\":\"https:\\\/\\\/www.ilnotiziario.net\\\/wp\\\/#\\\/schema\\\/logo\\\/image\\\/\"},\"sameAs\":[\"https:\\\/\\\/www.facebook.com\\\/ilnotiziarioind\\\/\",\"https:\\\/\\\/x.com\\\/ilNotiziarioInd\",\"https:\\\/\\\/www.instagram.com\\\/ilnotiziario_settimanale\\\/\"]},{\"@type\":\"Person\",\"@id\":\"https:\\\/\\\/www.ilnotiziario.net\\\/wp\\\/#\\\/schema\\\/person\\\/386e222908f898bb41c033989482bbf2\",\"name\":\"Gabriele Bassani\",\"image\":{\"@type\":\"ImageObject\",\"inLanguage\":\"it-IT\",\"@id\":\"https:\\\/\\\/secure.gravatar.com\\\/avatar\\\/09274f4a84fa97698bde56f84b3afed61c8492d48b0550db9671b68c177479cb?s=96&d=mm&r=g\",\"url\":\"https:\\\/\\\/secure.gravatar.com\\\/avatar\\\/09274f4a84fa97698bde56f84b3afed61c8492d48b0550db9671b68c177479cb?s=96&d=mm&r=g\",\"contentUrl\":\"https:\\\/\\\/secure.gravatar.com\\\/avatar\\\/09274f4a84fa97698bde56f84b3afed61c8492d48b0550db9671b68c177479cb?s=96&d=mm&r=g\",\"caption\":\"Gabriele Bassani\"},\"sameAs\":[\"http:\\\/\\\/www.ilnotiziario.net\"]}]}<\/script>\n<!-- \/ Yoast SEO plugin. -->","yoast_head_json":{"title":"Il Gigante, un nuovo supermercato a Fagnano Olona - Il Notiziario","description":"Gioved\u00ec 14 Ottobre, a Fagnano Olona (VA), in via legnano 52, \u00e8 stato aperto un nuovo supermercato della rete Il Gigante. E\u2019 il cinquantanovesimo punto","robots":{"index":"index","follow":"follow","max-snippet":"max-snippet:-1","max-image-preview":"max-image-preview:large","max-video-preview":"max-video-preview:-1"},"canonical":"https:\/\/www.ilnotiziario.net\/wp\/ip\/il-gigante-un-nuovo-supermercato-a-fagnano-olona\/","og_locale":"it_IT","og_type":"article","og_title":"Il Gigante, un nuovo supermercato a Fagnano Olona - Il Notiziario","og_description":"Gioved\u00ec 14 Ottobre, a Fagnano Olona (VA), in via legnano 52, \u00e8 stato aperto un nuovo supermercato della rete Il Gigante. E\u2019 il cinquantanovesimo punto","og_url":"https:\/\/www.ilnotiziario.net\/wp\/ip\/il-gigante-un-nuovo-supermercato-a-fagnano-olona\/","og_site_name":"Il Notiziario","article_publisher":"https:\/\/www.facebook.com\/ilnotiziarioind\/","article_published_time":"2021-10-15T08:32:35+00:00","og_image":[{"width":765,"height":431,"url":"https:\/\/www.ilnotiziario.net\/wp\/wp-content\/uploads\/2021\/10\/Gigante-Fagnano.jpg","type":"image\/jpeg"}],"author":"Gabriele Bassani","twitter_card":"summary_large_image","twitter_creator":"@ilNotiziarioInd","twitter_site":"@ilNotiziarioInd","twitter_misc":{"Scritto da":"Gabriele Bassani","Tempo di lettura stimato":"4 minuti"},"schema":{"@context":"https:\/\/schema.org","@graph":[{"@type":"Article","@id":"https:\/\/www.ilnotiziario.net\/wp\/ip\/il-gigante-un-nuovo-supermercato-a-fagnano-olona\/#article","isPartOf":{"@id":"https:\/\/www.ilnotiziario.net\/wp\/ip\/il-gigante-un-nuovo-supermercato-a-fagnano-olona\/"},"author":{"name":"Gabriele Bassani","@id":"https:\/\/www.ilnotiziario.net\/wp\/#\/schema\/person\/386e222908f898bb41c033989482bbf2"},"headline":"Il Gigante, un nuovo supermercato a Fagnano Olona","datePublished":"2021-10-15T08:32:35+00:00","mainEntityOfPage":{"@id":"https:\/\/www.ilnotiziario.net\/wp\/ip\/il-gigante-un-nuovo-supermercato-a-fagnano-olona\/"},"wordCount":818,"publisher":{"@id":"https:\/\/www.ilnotiziario.net\/wp\/#organization"},"image":{"@id":"https:\/\/www.ilnotiziario.net\/wp\/ip\/il-gigante-un-nuovo-supermercato-a-fagnano-olona\/#primaryimage"},"thumbnailUrl":"https:\/\/www.ilnotiziario.net\/wp\/wp-content\/uploads\/2021\/10\/Gigante-Fagnano.jpg","keywords":["Fagnano Olona","Gigante"],"articleSection":["INFORMAZIONE PUBBLICITARIA"],"inLanguage":"it-IT"},{"@type":"WebPage","@id":"https:\/\/www.ilnotiziario.net\/wp\/ip\/il-gigante-un-nuovo-supermercato-a-fagnano-olona\/","url":"https:\/\/www.ilnotiziario.net\/wp\/ip\/il-gigante-un-nuovo-supermercato-a-fagnano-olona\/","name":"Il Gigante, un nuovo supermercato a Fagnano Olona - Il Notiziario","isPartOf":{"@id":"https:\/\/www.ilnotiziario.net\/wp\/#website"},"primaryImageOfPage":{"@id":"https:\/\/www.ilnotiziario.net\/wp\/ip\/il-gigante-un-nuovo-supermercato-a-fagnano-olona\/#primaryimage"},"image":{"@id":"https:\/\/www.ilnotiziario.net\/wp\/ip\/il-gigante-un-nuovo-supermercato-a-fagnano-olona\/#primaryimage"},"thumbnailUrl":"https:\/\/www.ilnotiziario.net\/wp\/wp-content\/uploads\/2021\/10\/Gigante-Fagnano.jpg","datePublished":"2021-10-15T08:32:35+00:00","description":"Gioved\u00ec 14 Ottobre, a Fagnano Olona (VA), in via legnano 52, \u00e8 stato aperto un nuovo supermercato della rete Il Gigante. E\u2019 il cinquantanovesimo punto","breadcrumb":{"@id":"https:\/\/www.ilnotiziario.net\/wp\/ip\/il-gigante-un-nuovo-supermercato-a-fagnano-olona\/#breadcrumb"},"inLanguage":"it-IT","potentialAction":[{"@type":"ReadAction","target":["https:\/\/www.ilnotiziario.net\/wp\/ip\/il-gigante-un-nuovo-supermercato-a-fagnano-olona\/"]}]},{"@type":"ImageObject","inLanguage":"it-IT","@id":"https:\/\/www.ilnotiziario.net\/wp\/ip\/il-gigante-un-nuovo-supermercato-a-fagnano-olona\/#primaryimage","url":"https:\/\/www.ilnotiziario.net\/wp\/wp-content\/uploads\/2021\/10\/Gigante-Fagnano.jpg","contentUrl":"https:\/\/www.ilnotiziario.net\/wp\/wp-content\/uploads\/2021\/10\/Gigante-Fagnano.jpg","width":765,"height":431,"caption":"Gigante Fagnano Olona"},{"@type":"BreadcrumbList","@id":"https:\/\/www.ilnotiziario.net\/wp\/ip\/il-gigante-un-nuovo-supermercato-a-fagnano-olona\/#breadcrumb","itemListElement":[{"@type":"ListItem","position":1,"name":"tds_text_logo_tagline_colortds_text_logo_tagline_colortds_text_logo_tagline_colortds_text_logo_tagline_colortd_module_7_title_excerpttd_module_7_title_excerpttd_module_7_title_excerpttd_module_7_title_excerptHome","item":"https:\/\/www.ilnotiziario.net\/wp\/"},{"@type":"ListItem","position":2,"name":"Il Gigante, un nuovo supermercato a Fagnano Olona"}]},{"@type":"WebSite","@id":"https:\/\/www.ilnotiziario.net\/wp\/#website","url":"https:\/\/www.ilnotiziario.net\/wp\/","name":"Il Notiziario","description":"Per restare sempre connessi alla notizia","publisher":{"@id":"https:\/\/www.ilnotiziario.net\/wp\/#organization"},"alternateName":"Il Notiziario Bollate","potentialAction":[{"@type":"SearchAction","target":{"@type":"EntryPoint","urlTemplate":"https:\/\/www.ilnotiziario.net\/wp\/?s={search_term_string}"},"query-input":{"@type":"PropertyValueSpecification","valueRequired":true,"valueName":"search_term_string"}}],"inLanguage":"it-IT"},{"@type":"Organization","@id":"https:\/\/www.ilnotiziario.net\/wp\/#organization","name":"Il Notiziario","url":"https:\/\/www.ilnotiziario.net\/wp\/","logo":{"@type":"ImageObject","inLanguage":"it-IT","@id":"https:\/\/www.ilnotiziario.net\/wp\/#\/schema\/logo\/image\/","url":"https:\/\/www.ilnotiziario.net\/wp\/wp-content\/uploads\/2022\/06\/170x170ilN.png","contentUrl":"https:\/\/www.ilnotiziario.net\/wp\/wp-content\/uploads\/2022\/06\/170x170ilN.png","width":355,"height":355,"caption":"Il Notiziario"},"image":{"@id":"https:\/\/www.ilnotiziario.net\/wp\/#\/schema\/logo\/image\/"},"sameAs":["https:\/\/www.facebook.com\/ilnotiziarioind\/","https:\/\/x.com\/ilNotiziarioInd","https:\/\/www.instagram.com\/ilnotiziario_settimanale\/"]},{"@type":"Person","@id":"https:\/\/www.ilnotiziario.net\/wp\/#\/schema\/person\/386e222908f898bb41c033989482bbf2","name":"Gabriele Bassani","image":{"@type":"ImageObject","inLanguage":"it-IT","@id":"https:\/\/secure.gravatar.com\/avatar\/09274f4a84fa97698bde56f84b3afed61c8492d48b0550db9671b68c177479cb?s=96&d=mm&r=g","url":"https:\/\/secure.gravatar.com\/avatar\/09274f4a84fa97698bde56f84b3afed61c8492d48b0550db9671b68c177479cb?s=96&d=mm&r=g","contentUrl":"https:\/\/secure.gravatar.com\/avatar\/09274f4a84fa97698bde56f84b3afed61c8492d48b0550db9671b68c177479cb?s=96&d=mm&r=g","caption":"Gabriele Bassani"},"sameAs":["http:\/\/www.ilnotiziario.net"]}]}},"_links":{"self":[{"href":"https:\/\/www.ilnotiziario.net\/wp\/wp-json\/wp\/v2\/posts\/157384","targetHints":{"allow":["GET"]}}],"collection":[{"href":"https:\/\/www.ilnotiziario.net\/wp\/wp-json\/wp\/v2\/posts"}],"about":[{"href":"https:\/\/www.ilnotiziario.net\/wp\/wp-json\/wp\/v2\/types\/post"}],"author":[{"embeddable":true,"href":"https:\/\/www.ilnotiziario.net\/wp\/wp-json\/wp\/v2\/users\/3"}],"replies":[{"embeddable":true,"href":"https:\/\/www.ilnotiziario.net\/wp\/wp-json\/wp\/v2\/comments?post=157384"}],"version-history":[{"count":0,"href":"https:\/\/www.ilnotiziario.net\/wp\/wp-json\/wp\/v2\/posts\/157384\/revisions"}],"wp:featuredmedia":[{"embeddable":true,"href":"https:\/\/www.ilnotiziario.net\/wp\/wp-json\/wp\/v2\/media\/157385"}],"wp:attachment":[{"href":"https:\/\/www.ilnotiziario.net\/wp\/wp-json\/wp\/v2\/media?parent=157384"}],"wp:term":[{"taxonomy":"category","embeddable":true,"href":"https:\/\/www.ilnotiziario.net\/wp\/wp-json\/wp\/v2\/categories?post=157384"},{"taxonomy":"post_tag","embeddable":true,"href":"https:\/\/www.ilnotiziario.net\/wp\/wp-json\/wp\/v2\/tags?post=157384"}],"curies":[{"name":"wp","href":"https:\/\/api.w.org\/{rel}","templated":true}]}}