{"id":157540,"date":"2021-10-19T16:48:03","date_gmt":"2021-10-19T14:48:03","guid":{"rendered":"https:\/\/www.ilnotiziario.net\/wp\/?p=157540"},"modified":"2021-10-20T09:48:55","modified_gmt":"2021-10-20T07:48:55","slug":"lombardia-consiglio-regionale-prevenzione-tumore-seno","status":"publish","type":"post","link":"https:\/\/www.ilnotiziario.net\/wp\/buonoasapersi\/lombardia-consiglio-regionale-prevenzione-tumore-seno\/","title":{"rendered":"Lombardia, in Consiglio regionale iniziativa sulla prevenzione del tumore al seno"},"content":{"rendered":"<div id='gallery-1' class='gallery galleryid-157540 gallery-columns-3 gallery-size-thumbnail'><figure class='gallery-item'>\n\t\t\t<div class='gallery-icon landscape'>\n\t\t\t\t<a href='https:\/\/www.ilnotiziario.net\/wp\/buonoasapersi\/lombardia-consiglio-regionale-prevenzione-tumore-seno\/attachment\/gruppo\/'><img decoding=\"async\" width=\"150\" height=\"150\" src=\"https:\/\/www.ilnotiziario.net\/wp\/wp-content\/uploads\/2021\/10\/gruppo-150x150.jpg\" class=\"attachment-thumbnail size-thumbnail\" alt=\"\" \/><\/a>\n\t\t\t<\/div><\/figure><figure class='gallery-item'>\n\t\t\t<div class='gallery-icon landscape'>\n\t\t\t\t<a href='https:\/\/www.ilnotiziario.net\/wp\/buonoasapersi\/lombardia-consiglio-regionale-prevenzione-tumore-seno\/attachment\/presidente-alessandro-fermi\/'><img decoding=\"async\" width=\"150\" height=\"150\" src=\"https:\/\/www.ilnotiziario.net\/wp\/wp-content\/uploads\/2021\/10\/Presidente-Alessandro-Fermi-150x150.jpg\" class=\"attachment-thumbnail size-thumbnail\" alt=\"\" \/><\/a>\n\t\t\t<\/div><\/figure><figure class='gallery-item'>\n\t\t\t<div class='gallery-icon landscape'>\n\t\t\t\t<a href='https:\/\/www.ilnotiziario.net\/wp\/buonoasapersi\/lombardia-consiglio-regionale-prevenzione-tumore-seno\/attachment\/vicepresidente-francesca-brianza\/'><img decoding=\"async\" width=\"150\" height=\"150\" src=\"https:\/\/www.ilnotiziario.net\/wp\/wp-content\/uploads\/2021\/10\/Vicepresidente-Francesca-Brianza-150x150.jpg\" class=\"attachment-thumbnail size-thumbnail\" alt=\"\" \/><\/a>\n\t\t\t<\/div><\/figure><figure class='gallery-item'>\n\t\t\t<div class='gallery-icon landscape'>\n\t\t\t\t<a href='https:\/\/www.ilnotiziario.net\/wp\/buonoasapersi\/lombardia-consiglio-regionale-prevenzione-tumore-seno\/attachment\/emanuele-monti\/'><img loading=\"lazy\" decoding=\"async\" width=\"150\" height=\"150\" src=\"https:\/\/www.ilnotiziario.net\/wp\/wp-content\/uploads\/2021\/10\/Emanuele-Monti-150x150.jpg\" class=\"attachment-thumbnail size-thumbnail\" alt=\"\" \/><\/a>\n\t\t\t<\/div><\/figure><figure class='gallery-item'>\n\t\t\t<div class='gallery-icon landscape'>\n\t\t\t\t<a href='https:\/\/www.ilnotiziario.net\/wp\/buonoasapersi\/lombardia-consiglio-regionale-prevenzione-tumore-seno\/attachment\/associazioni-ottobre-rosa\/'><img loading=\"lazy\" decoding=\"async\" width=\"150\" height=\"150\" src=\"https:\/\/www.ilnotiziario.net\/wp\/wp-content\/uploads\/2021\/10\/Associazioni-ottobre-rosa-150x150.jpg\" class=\"attachment-thumbnail size-thumbnail\" alt=\"\" \/><\/a>\n\t\t\t<\/div><\/figure>\n\t\t<\/div>\n\n<p>Il Consiglio regionale della Lombardia ha dedicato questa mattina un momento alle iniziative di &#8220;<em>Ottobre rosa<\/em>&#8220;, la campagna per sensibilizzare donne, istituzioni e territori sulla prevenzione del <strong>tumore al seno<\/strong>. Si tratta di una battaglia cruciale per la salute e che vede la Lombardia in prima linea e per molti aspetti all\u2019avanguardia.<\/p><div id=\"ilnot-1030423166\" class=\"ilnot-contenuto ilnot-entity-placement\"><p><!-- incontent_1 --><\/p>\n<div class=\"gptslot\" data-adunitid=\"1\"><\/div>\n<\/div>\n<p>Il carcinoma alla mammella \u00e8 nella nostra Regione il primo come incidenza fra i tumori nella popolazione femminile e coinvolge, a livello nazionale, <strong>800.000 donne ogni anno<\/strong>, come ha ricordato il <strong>Presidente del Consiglio regionale Alessandro Fermi<\/strong>. Il Presidente dell\u2019Assemblea ha ringraziato le Associazioni e i volontari che operano sul campo per il grande lavoro e ha indicato come cruciali le fasi dello screening e della successiva presa in carico.<\/p>\n<p>&#8220;<em>Le Associazioni non si sono fermate neanche nel periodo pi\u00f9 grave della pandemia<\/em>&#8220;, ha ricordato <strong>Emanuele Monti<\/strong>, <strong>Presidente della Commissione consiliare Sanit\u00e0<\/strong>.<\/p><div id=\"ilnot-21238260\" class=\"ilnot-contenuto_2 ilnot-entity-placement\"><div class=\"ads-wrapper\">\n<div class=\"ad-slot\">\n   <div id=\"ilnot-2577848124\" style=\"margin-right: auto;margin-left: auto;text-align: center;width: 320px;height: 100px;\"><a href=\"https:\/\/www.scuolasicurezza.it\/\"><img decoding=\"async\" src=\"https:\/\/www.ilnotiziario.net\/wp\/wp-content\/uploads\/2026\/04\/IlNotiziario_banner-sito-e-newsletter-320-x-100-px-1.gif\" alt=\"\"><\/a><\/div>\n  <\/div>\n<div class=\"ad-slot\">\n   <div id=\"ilnot-1618076781\" style=\"margin-right: auto;margin-left: auto;text-align: center;width: 320px;height: 100px;\"><a href=\"https:\/\/purodesignarredamenti.com\/\"><img decoding=\"async\" src=\"https:\/\/www.ilnotiziario.net\/wp\/wp-content\/uploads\/2026\/04\/banner-puro-ok.gif\" alt=\"whatsapp\"><\/a><\/div><\/p><\/div>\n<\/div>\n<\/div>\n<p>&#8220;<em>Sono molto felice che la seduta di oggi si apra per rinnovare una lotta che stiamo facendo tutti insieme: comunit\u00e0 scientifica, istituzioni, volontariato<\/em> &#8211; ha detto la <strong>Vice Presidente del Consiglio regionale<\/strong>, <strong>Francesca Brianza<\/strong> &#8211; <em>L\u2019impegno, che vede l\u2019apporto determinante delle associazioni, non finisce qui. \u00c8 aperta la nuova grande partita, che \u00e8 quella della genetica e dell\u2019indagine sulle particolari condizioni genomiche che sono causa dei tumori ereditari<\/em>&#8220;.<\/p>\n<p>All\u2019incontro erano presenti le rappresentanti delle associazioni impegnate sul tema: la <strong>LILT Lombardia<\/strong>, con la sua <strong>Presidente Silvia Villa<\/strong>, <strong>Europa Donna<\/strong> con la <strong>Presidente Rosanna D\u2019Antona<\/strong> e <strong>Salute Donna<\/strong>, con la <strong>Vice Presidente Rita Vetere<\/strong>.<\/p>\n<p>Il tema della collaborazione e delle sinergie fra istituzioni e territorio \u00e8 emerso da tutti gli interventi delle Associazioni e si pu\u00f2 riassumere con le parole di Rosanna D\u2019Antona: &#8220;<em>Ci proponiamo come vostre antenne sul territorio: utilizzateci<\/em>&#8220;.<\/p><div id=\"ilnot-2138253139\" class=\"ilnot-contenuto_2-2 ilnot-entity-placement\"><div class=\"gptslot\" data-adunitid=\"2\"><\/div>\n<\/div>\n<p>&#8220;<em>L\u2019attivit\u00e0 di prevenzione \u00e8 fondamentale e per questo l\u2019abbiamo inserita fra i punti della riforma della sanit\u00e0<\/em> \u2013 ha detto la <strong>Vice Presidente di Regione Lombardia Letizia Moratti<\/strong> \u2013 <em>Il piano regionale della prevenzione 2021-2025 \u00e8 gi\u00e0 stato approvato in Giunta e approder\u00e0 in Aula consiliare a breve, anche in anticipo sulla scadenza del 31 dicembre<\/em>&#8220;.<\/p>\n","protected":false},"excerpt":{"rendered":"<p>Il Consiglio regionale della Lombardia ha dedicato questa mattina un momento alle iniziative di &#8220;Ottobre rosa&#8220;, la campagna per sensibilizzare donne, istituzioni e territori sulla prevenzione del tumore al seno. Si tratta di una battaglia cruciale per la salute e che vede la Lombardia in prima linea e per molti aspetti all\u2019avanguardia. Il carcinoma alla<\/p>\n","protected":false},"author":3,"featured_media":157543,"comment_status":"closed","ping_status":"closed","sticky":false,"template":"","format":"standard","meta":{"footnotes":""},"categories":[4193],"tags":[577,9333,4987,3081],"class_list":{"0":"post-157540","1":"post","2":"type-post","3":"status-publish","4":"format-standard","5":"has-post-thumbnail","7":"category-buonoasapersi","8":"tag-lombardia","9":"tag-ottobre-rosa","10":"tag-prevenzione","11":"tag-tumore-al-seno"},"yoast_head":"<!-- This site is optimized with the Yoast SEO plugin v27.4 - https:\/\/yoast.com\/product\/yoast-seo-wordpress\/ -->\n<title>Lombardia, in Consiglio regionale iniziativa sulla prevenzione del tumore al seno - Il Notiziario<\/title>\n<meta name=\"description\" content=\"Il Consiglio regionale della Lombardia ha dedicato questa mattina un momento alle iniziative di &quot;Ottobre rosa&quot;, la campagna per sensibilizzare donne,\" \/>\n<meta name=\"robots\" content=\"index, follow, max-snippet:-1, max-image-preview:large, max-video-preview:-1\" \/>\n<link rel=\"canonical\" href=\"https:\/\/www.ilnotiziario.net\/wp\/buonoasapersi\/lombardia-consiglio-regionale-prevenzione-tumore-seno\/\" \/>\n<meta property=\"og:locale\" content=\"it_IT\" \/>\n<meta property=\"og:type\" content=\"article\" \/>\n<meta property=\"og:title\" content=\"Lombardia, in Consiglio regionale iniziativa sulla prevenzione del tumore al seno - Il Notiziario\" \/>\n<meta property=\"og:description\" content=\"Il Consiglio regionale della Lombardia ha dedicato questa mattina un momento alle iniziative di &quot;Ottobre rosa&quot;, la campagna per sensibilizzare donne,\" \/>\n<meta property=\"og:url\" content=\"https:\/\/www.ilnotiziario.net\/wp\/buonoasapersi\/lombardia-consiglio-regionale-prevenzione-tumore-seno\/\" \/>\n<meta property=\"og:site_name\" content=\"Il Notiziario\" \/>\n<meta property=\"article:publisher\" content=\"https:\/\/www.facebook.com\/ilnotiziarioind\/\" \/>\n<meta property=\"article:published_time\" content=\"2021-10-19T14:48:03+00:00\" \/>\n<meta property=\"article:modified_time\" content=\"2021-10-20T07:48:55+00:00\" \/>\n<meta property=\"og:image\" content=\"https:\/\/www.ilnotiziario.net\/wp\/wp-content\/uploads\/2021\/10\/gruppo.jpg\" \/>\n\t<meta property=\"og:image:width\" content=\"1024\" \/>\n\t<meta property=\"og:image:height\" content=\"683\" \/>\n\t<meta property=\"og:image:type\" content=\"image\/jpeg\" \/>\n<meta name=\"author\" content=\"Gabriele Bassani\" \/>\n<meta name=\"twitter:card\" content=\"summary_large_image\" \/>\n<meta name=\"twitter:creator\" content=\"@ilNotiziarioInd\" \/>\n<meta name=\"twitter:site\" content=\"@ilNotiziarioInd\" \/>\n<meta name=\"twitter:label1\" content=\"Scritto da\" \/>\n\t<meta name=\"twitter:data1\" content=\"Gabriele Bassani\" \/>\n\t<meta name=\"twitter:label2\" content=\"Tempo di lettura stimato\" \/>\n\t<meta name=\"twitter:data2\" content=\"2 minuti\" \/>\n<script type=\"application\/ld+json\" class=\"yoast-schema-graph\">{\"@context\":\"https:\\\/\\\/schema.org\",\"@graph\":[{\"@type\":\"Article\",\"@id\":\"https:\\\/\\\/www.ilnotiziario.net\\\/wp\\\/buonoasapersi\\\/lombardia-consiglio-regionale-prevenzione-tumore-seno\\\/#article\",\"isPartOf\":{\"@id\":\"https:\\\/\\\/www.ilnotiziario.net\\\/wp\\\/buonoasapersi\\\/lombardia-consiglio-regionale-prevenzione-tumore-seno\\\/\"},\"author\":{\"name\":\"Gabriele Bassani\",\"@id\":\"https:\\\/\\\/www.ilnotiziario.net\\\/wp\\\/#\\\/schema\\\/person\\\/386e222908f898bb41c033989482bbf2\"},\"headline\":\"Lombardia, in Consiglio regionale iniziativa sulla prevenzione del tumore al seno\",\"datePublished\":\"2021-10-19T14:48:03+00:00\",\"dateModified\":\"2021-10-20T07:48:55+00:00\",\"mainEntityOfPage\":{\"@id\":\"https:\\\/\\\/www.ilnotiziario.net\\\/wp\\\/buonoasapersi\\\/lombardia-consiglio-regionale-prevenzione-tumore-seno\\\/\"},\"wordCount\":358,\"publisher\":{\"@id\":\"https:\\\/\\\/www.ilnotiziario.net\\\/wp\\\/#organization\"},\"image\":{\"@id\":\"https:\\\/\\\/www.ilnotiziario.net\\\/wp\\\/buonoasapersi\\\/lombardia-consiglio-regionale-prevenzione-tumore-seno\\\/#primaryimage\"},\"thumbnailUrl\":\"https:\\\/\\\/www.ilnotiziario.net\\\/wp\\\/wp-content\\\/uploads\\\/2021\\\/10\\\/gruppo.jpg\",\"keywords\":[\"Lombardia\",\"Ottobre rosa\",\"prevenzione\",\"Tumore al seno\"],\"articleSection\":[\"BUONO A SAPERSI\"],\"inLanguage\":\"it-IT\"},{\"@type\":\"WebPage\",\"@id\":\"https:\\\/\\\/www.ilnotiziario.net\\\/wp\\\/buonoasapersi\\\/lombardia-consiglio-regionale-prevenzione-tumore-seno\\\/\",\"url\":\"https:\\\/\\\/www.ilnotiziario.net\\\/wp\\\/buonoasapersi\\\/lombardia-consiglio-regionale-prevenzione-tumore-seno\\\/\",\"name\":\"Lombardia, in Consiglio regionale iniziativa sulla prevenzione del tumore al seno - Il Notiziario\",\"isPartOf\":{\"@id\":\"https:\\\/\\\/www.ilnotiziario.net\\\/wp\\\/#website\"},\"primaryImageOfPage\":{\"@id\":\"https:\\\/\\\/www.ilnotiziario.net\\\/wp\\\/buonoasapersi\\\/lombardia-consiglio-regionale-prevenzione-tumore-seno\\\/#primaryimage\"},\"image\":{\"@id\":\"https:\\\/\\\/www.ilnotiziario.net\\\/wp\\\/buonoasapersi\\\/lombardia-consiglio-regionale-prevenzione-tumore-seno\\\/#primaryimage\"},\"thumbnailUrl\":\"https:\\\/\\\/www.ilnotiziario.net\\\/wp\\\/wp-content\\\/uploads\\\/2021\\\/10\\\/gruppo.jpg\",\"datePublished\":\"2021-10-19T14:48:03+00:00\",\"dateModified\":\"2021-10-20T07:48:55+00:00\",\"description\":\"Il Consiglio regionale della Lombardia ha dedicato questa mattina un momento alle iniziative di \\\"Ottobre rosa\\\", la campagna per sensibilizzare donne,\",\"breadcrumb\":{\"@id\":\"https:\\\/\\\/www.ilnotiziario.net\\\/wp\\\/buonoasapersi\\\/lombardia-consiglio-regionale-prevenzione-tumore-seno\\\/#breadcrumb\"},\"inLanguage\":\"it-IT\",\"potentialAction\":[{\"@type\":\"ReadAction\",\"target\":[\"https:\\\/\\\/www.ilnotiziario.net\\\/wp\\\/buonoasapersi\\\/lombardia-consiglio-regionale-prevenzione-tumore-seno\\\/\"]}]},{\"@type\":\"ImageObject\",\"inLanguage\":\"it-IT\",\"@id\":\"https:\\\/\\\/www.ilnotiziario.net\\\/wp\\\/buonoasapersi\\\/lombardia-consiglio-regionale-prevenzione-tumore-seno\\\/#primaryimage\",\"url\":\"https:\\\/\\\/www.ilnotiziario.net\\\/wp\\\/wp-content\\\/uploads\\\/2021\\\/10\\\/gruppo.jpg\",\"contentUrl\":\"https:\\\/\\\/www.ilnotiziario.net\\\/wp\\\/wp-content\\\/uploads\\\/2021\\\/10\\\/gruppo.jpg\",\"width\":1024,\"height\":683},{\"@type\":\"BreadcrumbList\",\"@id\":\"https:\\\/\\\/www.ilnotiziario.net\\\/wp\\\/buonoasapersi\\\/lombardia-consiglio-regionale-prevenzione-tumore-seno\\\/#breadcrumb\",\"itemListElement\":[{\"@type\":\"ListItem\",\"position\":1,\"name\":\"tds_text_logo_tagline_colortds_text_logo_tagline_colortds_text_logo_tagline_colortds_text_logo_tagline_colortd_module_7_title_excerpttd_module_7_title_excerpttd_module_7_title_excerpttd_module_7_title_excerptHome\",\"item\":\"https:\\\/\\\/www.ilnotiziario.net\\\/wp\\\/\"},{\"@type\":\"ListItem\",\"position\":2,\"name\":\"Lombardia, in Consiglio regionale iniziativa sulla prevenzione del tumore al seno\"}]},{\"@type\":\"WebSite\",\"@id\":\"https:\\\/\\\/www.ilnotiziario.net\\\/wp\\\/#website\",\"url\":\"https:\\\/\\\/www.ilnotiziario.net\\\/wp\\\/\",\"name\":\"Il Notiziario\",\"description\":\"Per restare sempre connessi alla notizia\",\"publisher\":{\"@id\":\"https:\\\/\\\/www.ilnotiziario.net\\\/wp\\\/#organization\"},\"alternateName\":\"Il Notiziario Bollate\",\"potentialAction\":[{\"@type\":\"SearchAction\",\"target\":{\"@type\":\"EntryPoint\",\"urlTemplate\":\"https:\\\/\\\/www.ilnotiziario.net\\\/wp\\\/?s={search_term_string}\"},\"query-input\":{\"@type\":\"PropertyValueSpecification\",\"valueRequired\":true,\"valueName\":\"search_term_string\"}}],\"inLanguage\":\"it-IT\"},{\"@type\":\"Organization\",\"@id\":\"https:\\\/\\\/www.ilnotiziario.net\\\/wp\\\/#organization\",\"name\":\"Il Notiziario\",\"url\":\"https:\\\/\\\/www.ilnotiziario.net\\\/wp\\\/\",\"logo\":{\"@type\":\"ImageObject\",\"inLanguage\":\"it-IT\",\"@id\":\"https:\\\/\\\/www.ilnotiziario.net\\\/wp\\\/#\\\/schema\\\/logo\\\/image\\\/\",\"url\":\"https:\\\/\\\/www.ilnotiziario.net\\\/wp\\\/wp-content\\\/uploads\\\/2022\\\/06\\\/170x170ilN.png\",\"contentUrl\":\"https:\\\/\\\/www.ilnotiziario.net\\\/wp\\\/wp-content\\\/uploads\\\/2022\\\/06\\\/170x170ilN.png\",\"width\":355,\"height\":355,\"caption\":\"Il Notiziario\"},\"image\":{\"@id\":\"https:\\\/\\\/www.ilnotiziario.net\\\/wp\\\/#\\\/schema\\\/logo\\\/image\\\/\"},\"sameAs\":[\"https:\\\/\\\/www.facebook.com\\\/ilnotiziarioind\\\/\",\"https:\\\/\\\/x.com\\\/ilNotiziarioInd\",\"https:\\\/\\\/www.instagram.com\\\/ilnotiziario_settimanale\\\/\"]},{\"@type\":\"Person\",\"@id\":\"https:\\\/\\\/www.ilnotiziario.net\\\/wp\\\/#\\\/schema\\\/person\\\/386e222908f898bb41c033989482bbf2\",\"name\":\"Gabriele Bassani\",\"image\":{\"@type\":\"ImageObject\",\"inLanguage\":\"it-IT\",\"@id\":\"https:\\\/\\\/secure.gravatar.com\\\/avatar\\\/09274f4a84fa97698bde56f84b3afed61c8492d48b0550db9671b68c177479cb?s=96&d=mm&r=g\",\"url\":\"https:\\\/\\\/secure.gravatar.com\\\/avatar\\\/09274f4a84fa97698bde56f84b3afed61c8492d48b0550db9671b68c177479cb?s=96&d=mm&r=g\",\"contentUrl\":\"https:\\\/\\\/secure.gravatar.com\\\/avatar\\\/09274f4a84fa97698bde56f84b3afed61c8492d48b0550db9671b68c177479cb?s=96&d=mm&r=g\",\"caption\":\"Gabriele Bassani\"},\"sameAs\":[\"http:\\\/\\\/www.ilnotiziario.net\"]}]}<\/script>\n<!-- \/ Yoast SEO plugin. -->","yoast_head_json":{"title":"Lombardia, in Consiglio regionale iniziativa sulla prevenzione del tumore al seno - Il Notiziario","description":"Il Consiglio regionale della Lombardia ha dedicato questa mattina un momento alle iniziative di \"Ottobre rosa\", la campagna per sensibilizzare donne,","robots":{"index":"index","follow":"follow","max-snippet":"max-snippet:-1","max-image-preview":"max-image-preview:large","max-video-preview":"max-video-preview:-1"},"canonical":"https:\/\/www.ilnotiziario.net\/wp\/buonoasapersi\/lombardia-consiglio-regionale-prevenzione-tumore-seno\/","og_locale":"it_IT","og_type":"article","og_title":"Lombardia, in Consiglio regionale iniziativa sulla prevenzione del tumore al seno - Il Notiziario","og_description":"Il Consiglio regionale della Lombardia ha dedicato questa mattina un momento alle iniziative di \"Ottobre rosa\", la campagna per sensibilizzare donne,","og_url":"https:\/\/www.ilnotiziario.net\/wp\/buonoasapersi\/lombardia-consiglio-regionale-prevenzione-tumore-seno\/","og_site_name":"Il Notiziario","article_publisher":"https:\/\/www.facebook.com\/ilnotiziarioind\/","article_published_time":"2021-10-19T14:48:03+00:00","article_modified_time":"2021-10-20T07:48:55+00:00","og_image":[{"width":1024,"height":683,"url":"https:\/\/www.ilnotiziario.net\/wp\/wp-content\/uploads\/2021\/10\/gruppo.jpg","type":"image\/jpeg"}],"author":"Gabriele Bassani","twitter_card":"summary_large_image","twitter_creator":"@ilNotiziarioInd","twitter_site":"@ilNotiziarioInd","twitter_misc":{"Scritto da":"Gabriele Bassani","Tempo di lettura stimato":"2 minuti"},"schema":{"@context":"https:\/\/schema.org","@graph":[{"@type":"Article","@id":"https:\/\/www.ilnotiziario.net\/wp\/buonoasapersi\/lombardia-consiglio-regionale-prevenzione-tumore-seno\/#article","isPartOf":{"@id":"https:\/\/www.ilnotiziario.net\/wp\/buonoasapersi\/lombardia-consiglio-regionale-prevenzione-tumore-seno\/"},"author":{"name":"Gabriele Bassani","@id":"https:\/\/www.ilnotiziario.net\/wp\/#\/schema\/person\/386e222908f898bb41c033989482bbf2"},"headline":"Lombardia, in Consiglio regionale iniziativa sulla prevenzione del tumore al seno","datePublished":"2021-10-19T14:48:03+00:00","dateModified":"2021-10-20T07:48:55+00:00","mainEntityOfPage":{"@id":"https:\/\/www.ilnotiziario.net\/wp\/buonoasapersi\/lombardia-consiglio-regionale-prevenzione-tumore-seno\/"},"wordCount":358,"publisher":{"@id":"https:\/\/www.ilnotiziario.net\/wp\/#organization"},"image":{"@id":"https:\/\/www.ilnotiziario.net\/wp\/buonoasapersi\/lombardia-consiglio-regionale-prevenzione-tumore-seno\/#primaryimage"},"thumbnailUrl":"https:\/\/www.ilnotiziario.net\/wp\/wp-content\/uploads\/2021\/10\/gruppo.jpg","keywords":["Lombardia","Ottobre rosa","prevenzione","Tumore al seno"],"articleSection":["BUONO A SAPERSI"],"inLanguage":"it-IT"},{"@type":"WebPage","@id":"https:\/\/www.ilnotiziario.net\/wp\/buonoasapersi\/lombardia-consiglio-regionale-prevenzione-tumore-seno\/","url":"https:\/\/www.ilnotiziario.net\/wp\/buonoasapersi\/lombardia-consiglio-regionale-prevenzione-tumore-seno\/","name":"Lombardia, in Consiglio regionale iniziativa sulla prevenzione del tumore al seno - Il Notiziario","isPartOf":{"@id":"https:\/\/www.ilnotiziario.net\/wp\/#website"},"primaryImageOfPage":{"@id":"https:\/\/www.ilnotiziario.net\/wp\/buonoasapersi\/lombardia-consiglio-regionale-prevenzione-tumore-seno\/#primaryimage"},"image":{"@id":"https:\/\/www.ilnotiziario.net\/wp\/buonoasapersi\/lombardia-consiglio-regionale-prevenzione-tumore-seno\/#primaryimage"},"thumbnailUrl":"https:\/\/www.ilnotiziario.net\/wp\/wp-content\/uploads\/2021\/10\/gruppo.jpg","datePublished":"2021-10-19T14:48:03+00:00","dateModified":"2021-10-20T07:48:55+00:00","description":"Il Consiglio regionale della Lombardia ha dedicato questa mattina un momento alle iniziative di \"Ottobre rosa\", la campagna per sensibilizzare donne,","breadcrumb":{"@id":"https:\/\/www.ilnotiziario.net\/wp\/buonoasapersi\/lombardia-consiglio-regionale-prevenzione-tumore-seno\/#breadcrumb"},"inLanguage":"it-IT","potentialAction":[{"@type":"ReadAction","target":["https:\/\/www.ilnotiziario.net\/wp\/buonoasapersi\/lombardia-consiglio-regionale-prevenzione-tumore-seno\/"]}]},{"@type":"ImageObject","inLanguage":"it-IT","@id":"https:\/\/www.ilnotiziario.net\/wp\/buonoasapersi\/lombardia-consiglio-regionale-prevenzione-tumore-seno\/#primaryimage","url":"https:\/\/www.ilnotiziario.net\/wp\/wp-content\/uploads\/2021\/10\/gruppo.jpg","contentUrl":"https:\/\/www.ilnotiziario.net\/wp\/wp-content\/uploads\/2021\/10\/gruppo.jpg","width":1024,"height":683},{"@type":"BreadcrumbList","@id":"https:\/\/www.ilnotiziario.net\/wp\/buonoasapersi\/lombardia-consiglio-regionale-prevenzione-tumore-seno\/#breadcrumb","itemListElement":[{"@type":"ListItem","position":1,"name":"tds_text_logo_tagline_colortds_text_logo_tagline_colortds_text_logo_tagline_colortds_text_logo_tagline_colortd_module_7_title_excerpttd_module_7_title_excerpttd_module_7_title_excerpttd_module_7_title_excerptHome","item":"https:\/\/www.ilnotiziario.net\/wp\/"},{"@type":"ListItem","position":2,"name":"Lombardia, in Consiglio regionale iniziativa sulla prevenzione del tumore al seno"}]},{"@type":"WebSite","@id":"https:\/\/www.ilnotiziario.net\/wp\/#website","url":"https:\/\/www.ilnotiziario.net\/wp\/","name":"Il Notiziario","description":"Per restare sempre connessi alla notizia","publisher":{"@id":"https:\/\/www.ilnotiziario.net\/wp\/#organization"},"alternateName":"Il Notiziario Bollate","potentialAction":[{"@type":"SearchAction","target":{"@type":"EntryPoint","urlTemplate":"https:\/\/www.ilnotiziario.net\/wp\/?s={search_term_string}"},"query-input":{"@type":"PropertyValueSpecification","valueRequired":true,"valueName":"search_term_string"}}],"inLanguage":"it-IT"},{"@type":"Organization","@id":"https:\/\/www.ilnotiziario.net\/wp\/#organization","name":"Il Notiziario","url":"https:\/\/www.ilnotiziario.net\/wp\/","logo":{"@type":"ImageObject","inLanguage":"it-IT","@id":"https:\/\/www.ilnotiziario.net\/wp\/#\/schema\/logo\/image\/","url":"https:\/\/www.ilnotiziario.net\/wp\/wp-content\/uploads\/2022\/06\/170x170ilN.png","contentUrl":"https:\/\/www.ilnotiziario.net\/wp\/wp-content\/uploads\/2022\/06\/170x170ilN.png","width":355,"height":355,"caption":"Il Notiziario"},"image":{"@id":"https:\/\/www.ilnotiziario.net\/wp\/#\/schema\/logo\/image\/"},"sameAs":["https:\/\/www.facebook.com\/ilnotiziarioind\/","https:\/\/x.com\/ilNotiziarioInd","https:\/\/www.instagram.com\/ilnotiziario_settimanale\/"]},{"@type":"Person","@id":"https:\/\/www.ilnotiziario.net\/wp\/#\/schema\/person\/386e222908f898bb41c033989482bbf2","name":"Gabriele Bassani","image":{"@type":"ImageObject","inLanguage":"it-IT","@id":"https:\/\/secure.gravatar.com\/avatar\/09274f4a84fa97698bde56f84b3afed61c8492d48b0550db9671b68c177479cb?s=96&d=mm&r=g","url":"https:\/\/secure.gravatar.com\/avatar\/09274f4a84fa97698bde56f84b3afed61c8492d48b0550db9671b68c177479cb?s=96&d=mm&r=g","contentUrl":"https:\/\/secure.gravatar.com\/avatar\/09274f4a84fa97698bde56f84b3afed61c8492d48b0550db9671b68c177479cb?s=96&d=mm&r=g","caption":"Gabriele Bassani"},"sameAs":["http:\/\/www.ilnotiziario.net"]}]}},"_links":{"self":[{"href":"https:\/\/www.ilnotiziario.net\/wp\/wp-json\/wp\/v2\/posts\/157540","targetHints":{"allow":["GET"]}}],"collection":[{"href":"https:\/\/www.ilnotiziario.net\/wp\/wp-json\/wp\/v2\/posts"}],"about":[{"href":"https:\/\/www.ilnotiziario.net\/wp\/wp-json\/wp\/v2\/types\/post"}],"author":[{"embeddable":true,"href":"https:\/\/www.ilnotiziario.net\/wp\/wp-json\/wp\/v2\/users\/3"}],"replies":[{"embeddable":true,"href":"https:\/\/www.ilnotiziario.net\/wp\/wp-json\/wp\/v2\/comments?post=157540"}],"version-history":[{"count":0,"href":"https:\/\/www.ilnotiziario.net\/wp\/wp-json\/wp\/v2\/posts\/157540\/revisions"}],"wp:featuredmedia":[{"embeddable":true,"href":"https:\/\/www.ilnotiziario.net\/wp\/wp-json\/wp\/v2\/media\/157543"}],"wp:attachment":[{"href":"https:\/\/www.ilnotiziario.net\/wp\/wp-json\/wp\/v2\/media?parent=157540"}],"wp:term":[{"taxonomy":"category","embeddable":true,"href":"https:\/\/www.ilnotiziario.net\/wp\/wp-json\/wp\/v2\/categories?post=157540"},{"taxonomy":"post_tag","embeddable":true,"href":"https:\/\/www.ilnotiziario.net\/wp\/wp-json\/wp\/v2\/tags?post=157540"}],"curies":[{"name":"wp","href":"https:\/\/api.w.org\/{rel}","templated":true}]}}