{"id":158436,"date":"2021-11-09T19:08:04","date_gmt":"2021-11-09T18:08:04","guid":{"rendered":"https:\/\/www.ilnotiziario.net\/wp\/?p=158436"},"modified":"2021-11-09T19:08:04","modified_gmt":"2021-11-09T18:08:04","slug":"nuovo-codice-strada-multe-parcheggi-monopattini","status":"publish","type":"post","link":"https:\/\/www.ilnotiziario.net\/wp\/prima-pagina\/nuovo-codice-strada-multe-parcheggi-monopattini\/","title":{"rendered":"Nuovo codice della strada. Multe, parcheggi e monopattini: tutte le novit\u00e0 da sapere"},"content":{"rendered":"<p><img fetchpriority=\"high\" decoding=\"async\" class=\"size-medium wp-image-37611 aligncenter\" src=\"https:\/\/www.ilnotiziario.net\/wp\/wp-content\/uploads\/2019\/09\/traffico-300x225.jpg\" alt=\"traffico\" width=\"300\" height=\"225\" srcset=\"https:\/\/www.ilnotiziario.net\/wp\/wp-content\/uploads\/2019\/09\/traffico-300x225.jpg 300w, https:\/\/www.ilnotiziario.net\/wp\/wp-content\/uploads\/2019\/09\/traffico-768x576.jpg 768w, https:\/\/www.ilnotiziario.net\/wp\/wp-content\/uploads\/2019\/09\/traffico.jpg 1024w, https:\/\/www.ilnotiziario.net\/wp\/wp-content\/uploads\/2019\/09\/traffico-80x60.jpg 80w, https:\/\/www.ilnotiziario.net\/wp\/wp-content\/uploads\/2019\/09\/traffico-265x198.jpg 265w, https:\/\/www.ilnotiziario.net\/wp\/wp-content\/uploads\/2019\/09\/traffico-560x420.jpg 560w\" sizes=\"(max-width: 300px) 100vw, 300px\" \/><\/p>\n<p>Nella giornata di domani, <strong>mercoled\u00ec 10 novembre<\/strong>, entrer\u00e0 in vigore il <strong>nuovo Codice della Strada<\/strong>, il cui aggiornamento \u00e8 incluso all&#8217;interno del <strong>Decreto Infrastrutture<\/strong> passato in Senato gioved\u00ec 4 novembre. Ecco le principali novit\u00e0.<\/p><div id=\"ilnot-2583300612\" class=\"ilnot-contenuto ilnot-entity-placement\"><p><!-- incontent_1 --><\/p>\n<div class=\"gptslot\" data-adunitid=\"1\"><\/div>\n<\/div>\n<p>Il nuovo codice allargher\u00e0 il divieto di utilizzo al volante del cellulare <strong>anche agli altri dispositivi elettronici<\/strong>, definiti dalla norma &#8220;apparecchi radiotelefonici&#8221;. L&#8217;elenco include tablet, pc e tutti i &#8220;dispositivi analoghi che comportino anche solo temporaneamente l\u2019allontanamento delle mani dal volante&#8221;.<\/p>\n<p><strong>Verranno raddoppiate le multe per chi parcheggia in aree di sosta per i disabili<\/strong>. Le sanzioni andranno <strong>da 168 a 672 euro<\/strong> (attualmente da 84 a 335). Ma non \u00e8 tutto: <strong>verranno anche decurtati il triplo dei punti dalla patente, che da 2 diventeranno 6<\/strong>.<\/p><div id=\"ilnot-1212109533\" class=\"ilnot-contenuto_2 ilnot-entity-placement\"><div class=\"ads-wrapper\">\n<div class=\"ad-slot\">\n   <div id=\"ilnot-753612167\" style=\"margin-right: auto;margin-left: auto;text-align: center;width: 320px;height: 100px;\"><a href=\"https:\/\/www.scuolasicurezza.it\/\"><img decoding=\"async\" src=\"https:\/\/www.ilnotiziario.net\/wp\/wp-content\/uploads\/2026\/04\/IlNotiziario_banner-sito-e-newsletter-320-x-100-px-1.gif\" alt=\"\"><\/a><\/div>\n  <\/div>\n<div class=\"ad-slot\">\n   <div id=\"ilnot-2283263414\" style=\"margin-right: auto;margin-left: auto;text-align: center;width: 320px;height: 100px;\"><a href=\"https:\/\/purodesignarredamenti.com\/\"><img decoding=\"async\" src=\"https:\/\/www.ilnotiziario.net\/wp\/wp-content\/uploads\/2026\/04\/banner-puro-ok.gif\" alt=\"whatsapp\"><\/a><\/div><\/p><\/div>\n<\/div>\n<\/div>\n<p><strong>Da gennaio 2022, i disabili, muniti di regolare contrassegno, potranno parcheggiare gratuitamente su strisce blu se dovessero essere occupate le specifiche aree di sosta<\/strong>. <strong>Saranno previsti pi\u00f9 parcheggi &#8220;rosa&#8221;, riservati a donne incinta e ai genitori con figli fino a 2 anni<\/strong>, sempre a patto di avere un regolare contrassegno esposto. Invece, gli stalli preposti alla ricarica di un veicolo elettrico dovranno essere occupati solo nell\u2019arco di tempo necessario per fare rifornimento. Trascorsa un\u2019ora, sar\u00e0 vietato sostare ulteriormente. Il divieto non vale tra le 23 e le 7 del mattino, ad eccezione degli spazi riservati alle colonnine fast e alle super fast, che dovranno essere liberati non appena terminata l\u2019operazione di ricarica.<\/p>\n<p>Nel nuovo codice stradale sar\u00e0 prevista un&#8217;importante stratta per i dueruotisti: innanzitutto <strong>verranno sanzionati tutti i passeggeri senza casco, a prescindere dall&#8217;et\u00e0<\/strong> (ad oggi il conducente viene multato solo se il passeggero senza casco \u00e8 minorenne). A partire dall&#8217;1 luglio 2022, sui monopattini diventano <strong>obbligatori le frecce (e gli stop) e i freni su entrambe le ruote<\/strong>. L\u2019assicurazione sar\u00e0 obbligatoria solo per i mezzi a noleggio. I monopattini <strong>non potranno superare i 6 km\/h di velocit\u00e0 durante il transito nelle aree pedonali<\/strong> e non potranno viaggiare oltre i 20 km\/h in tutti gli altri casi. E non potranno circolare n\u00e9 sostare sui marciapiedi, salve deroghe comunali, n\u00e9 circolare contromano.<\/p>\n<p><strong>Verr\u00e0 prolungata la validit\u00e0 del foglio rosa da 6 a 12 mesi<\/strong> per i candidati a ottenere la patente; inoltre l&#8217;esame di guida per il conseguimento della patente B potr\u00e0 essere ripetuto tre volte. <strong>P<\/strong><strong>er chi si esercita senza istruttore al proprio fianco \u00e8 prevista una multa da 430 a 1.731 euro<\/strong>\u00a0e il fermo amministrativo del veicolo per 3 mesi.\u00a0<strong>Previsto un contributo per il conseguimento della patente<\/strong>: fino mille euro per i giovani fino a 35 anni, per chi riceve reddito di cittadinanza o ammortizzatori sociali. Tuttavia, il contributo che non potr\u00e0 essere superiore al 50% delle spese sostenute per l\u2019ottenimento del documento di guida e sar\u00e0 ottenibile dal 1\u00b0 gennaio al 30 giugno 2022. Chi lo richiede, per\u00f2, dovr\u00e0 dimostrare di voler lavorare nel settore dell\u2019autotrasporto: a tre mesi massimi dall\u2019attestato, infatti, dovr\u00e0 avere un contratto di lavoro come conducente.<\/p><div id=\"ilnot-4032091480\" class=\"ilnot-contenuto_2-2 ilnot-entity-placement\"><div class=\"gptslot\" data-adunitid=\"2\"><\/div>\n<\/div>\n<p>Altra novit\u00e0 importante contenuta nel nuovo codice \u00e8 che <strong>saranno i clienti delle societ\u00e0 di noleggio a pagare le infrazioni commesse mentre sono alla guida<\/strong>. Le imprese di noleggio collaboreranno nel fornire alle autorit\u00e0 le generalit\u00e0 del sottoscrittore del contratto di locazione affinch\u00e9 il verbale venga notificato al responsabile dell\u2019infrazione. Al contempo, gli enti locali dovranno pubblicare una relazione annuale sulla destinazione dei proventi delle multe e rendere noti tali dati sul loro sito istituzionale.<\/p>\n<p>In arrivo anche le <strong>telecamere per i passaggi a livello<\/strong>: il mancato rispetto del divieto di attraversamento potr\u00e0 essere rilevato anche tramite appositi dispositivi per l\u2019accertamento e il rilevamento automatico delle violazioni.<\/p>\n<p>Diventer\u00e0 obbligatorio far passare i pedoni chi si apprestano ad attraversare la strada: <strong>i conducenti dei veicoli dovranno dargli la precedenza a prescindere dal fatto che i pedoni abbiano iniziato l\u2019attraversamento, tenendo conto anche di quelli che si accingano a farlo<\/strong>.<\/p><div id=\"ilnot-3843337781\" class=\"ilnot-contenuto_2-2-2 ilnot-entity-placement\"><div class=\"gptslot\" data-adunitid=\"3\"><\/div>\n<\/div>\n<p>Infine, <strong>a partire dal 30 giugno 2022, sar\u00e0 vietata la circolazione dei veicoli di categoria M2 e M3 con caratteristiche Euro 1 e a decorrere dal 1\u00b0 gennaio 2023 saranno inibite alla circolazione le sopracitate categorie di mezzi con omologazione Euro 2; mentre dal 1\u00b0 gennaio 2024 il divieto riguarder\u00e0 i mezzi Euro 3<\/strong>.<\/p>\n","protected":false},"excerpt":{"rendered":"<p>Nella giornata di domani, mercoled\u00ec 10 novembre, entrer\u00e0 in vigore il nuovo Codice della Strada, il cui aggiornamento \u00e8 incluso all&#8217;interno del Decreto Infrastrutture passato in Senato gioved\u00ec 4 novembre. Ecco le principali novit\u00e0. Il nuovo codice allargher\u00e0 il divieto di utilizzo al volante del cellulare anche agli altri dispositivi elettronici, definiti dalla norma &#8220;apparecchi<\/p>\n","protected":false},"author":3,"featured_media":37611,"comment_status":"closed","ping_status":"closed","sticky":false,"template":"","format":"standard","meta":{"footnotes":""},"categories":[20],"tags":[5320,7908,525,2718],"class_list":{"0":"post-158436","1":"post","2":"type-post","3":"status-publish","4":"format-standard","5":"has-post-thumbnail","7":"category-prima-pagina","8":"tag-codice-della-strada","9":"tag-monopattini","10":"tag-multe","11":"tag-parcheggi"},"yoast_head":"<!-- This site is optimized with the Yoast SEO plugin v27.5 - https:\/\/yoast.com\/product\/yoast-seo-wordpress\/ -->\n<title>Nuovo codice della strada. Multe, parcheggi e monopattini: tutte le novit\u00e0 da sapere - Il Notiziario<\/title>\n<meta name=\"description\" content=\"Nella giornata di domani, mercoled\u00ec 10 novembre, entrer\u00e0 in vigore il nuovo Codice della Strada, il cui aggiornamento \u00e8 incluso all&#039;interno del Decreto\" \/>\n<meta name=\"robots\" content=\"index, follow, max-snippet:-1, max-image-preview:large, max-video-preview:-1\" \/>\n<link rel=\"canonical\" href=\"https:\/\/www.ilnotiziario.net\/wp\/prima-pagina\/nuovo-codice-strada-multe-parcheggi-monopattini\/\" \/>\n<meta property=\"og:locale\" content=\"it_IT\" \/>\n<meta property=\"og:type\" content=\"article\" \/>\n<meta property=\"og:title\" content=\"Nuovo codice della strada. Multe, parcheggi e monopattini: tutte le novit\u00e0 da sapere - Il Notiziario\" \/>\n<meta property=\"og:description\" content=\"Nella giornata di domani, mercoled\u00ec 10 novembre, entrer\u00e0 in vigore il nuovo Codice della Strada, il cui aggiornamento \u00e8 incluso all&#039;interno del Decreto\" \/>\n<meta property=\"og:url\" content=\"https:\/\/www.ilnotiziario.net\/wp\/prima-pagina\/nuovo-codice-strada-multe-parcheggi-monopattini\/\" \/>\n<meta property=\"og:site_name\" content=\"Il Notiziario\" \/>\n<meta property=\"article:publisher\" content=\"https:\/\/www.facebook.com\/ilnotiziarioind\/\" \/>\n<meta property=\"article:published_time\" content=\"2021-11-09T18:08:04+00:00\" \/>\n<meta property=\"og:image\" content=\"https:\/\/www.ilnotiziario.net\/wp\/wp-content\/uploads\/2019\/09\/traffico.jpg\" \/>\n\t<meta property=\"og:image:width\" content=\"1024\" \/>\n\t<meta property=\"og:image:height\" content=\"768\" \/>\n\t<meta property=\"og:image:type\" content=\"image\/jpeg\" \/>\n<meta name=\"author\" content=\"Gabriele Bassani\" \/>\n<meta name=\"twitter:card\" content=\"summary_large_image\" \/>\n<meta name=\"twitter:creator\" content=\"@ilNotiziarioInd\" \/>\n<meta name=\"twitter:site\" content=\"@ilNotiziarioInd\" \/>\n<meta name=\"twitter:label1\" content=\"Scritto da\" \/>\n\t<meta name=\"twitter:data1\" content=\"Gabriele Bassani\" \/>\n\t<meta name=\"twitter:label2\" content=\"Tempo di lettura stimato\" \/>\n\t<meta name=\"twitter:data2\" content=\"4 minuti\" \/>\n<script type=\"application\/ld+json\" class=\"yoast-schema-graph\">{\"@context\":\"https:\\\/\\\/schema.org\",\"@graph\":[{\"@type\":\"Article\",\"@id\":\"https:\\\/\\\/www.ilnotiziario.net\\\/wp\\\/prima-pagina\\\/nuovo-codice-strada-multe-parcheggi-monopattini\\\/#article\",\"isPartOf\":{\"@id\":\"https:\\\/\\\/www.ilnotiziario.net\\\/wp\\\/prima-pagina\\\/nuovo-codice-strada-multe-parcheggi-monopattini\\\/\"},\"author\":{\"name\":\"Gabriele Bassani\",\"@id\":\"https:\\\/\\\/www.ilnotiziario.net\\\/wp\\\/#\\\/schema\\\/person\\\/386e222908f898bb41c033989482bbf2\"},\"headline\":\"Nuovo codice della strada. Multe, parcheggi e monopattini: tutte le novit\u00e0 da sapere\",\"datePublished\":\"2021-11-09T18:08:04+00:00\",\"mainEntityOfPage\":{\"@id\":\"https:\\\/\\\/www.ilnotiziario.net\\\/wp\\\/prima-pagina\\\/nuovo-codice-strada-multe-parcheggi-monopattini\\\/\"},\"wordCount\":679,\"publisher\":{\"@id\":\"https:\\\/\\\/www.ilnotiziario.net\\\/wp\\\/#organization\"},\"image\":{\"@id\":\"https:\\\/\\\/www.ilnotiziario.net\\\/wp\\\/prima-pagina\\\/nuovo-codice-strada-multe-parcheggi-monopattini\\\/#primaryimage\"},\"thumbnailUrl\":\"https:\\\/\\\/www.ilnotiziario.net\\\/wp\\\/wp-content\\\/uploads\\\/2019\\\/09\\\/traffico.jpg\",\"keywords\":[\"codice della strada\",\"monopattini\",\"multe\",\"parcheggi\"],\"articleSection\":[\"Prima Pagina\"],\"inLanguage\":\"it-IT\"},{\"@type\":\"WebPage\",\"@id\":\"https:\\\/\\\/www.ilnotiziario.net\\\/wp\\\/prima-pagina\\\/nuovo-codice-strada-multe-parcheggi-monopattini\\\/\",\"url\":\"https:\\\/\\\/www.ilnotiziario.net\\\/wp\\\/prima-pagina\\\/nuovo-codice-strada-multe-parcheggi-monopattini\\\/\",\"name\":\"Nuovo codice della strada. Multe, parcheggi e monopattini: tutte le novit\u00e0 da sapere - Il Notiziario\",\"isPartOf\":{\"@id\":\"https:\\\/\\\/www.ilnotiziario.net\\\/wp\\\/#website\"},\"primaryImageOfPage\":{\"@id\":\"https:\\\/\\\/www.ilnotiziario.net\\\/wp\\\/prima-pagina\\\/nuovo-codice-strada-multe-parcheggi-monopattini\\\/#primaryimage\"},\"image\":{\"@id\":\"https:\\\/\\\/www.ilnotiziario.net\\\/wp\\\/prima-pagina\\\/nuovo-codice-strada-multe-parcheggi-monopattini\\\/#primaryimage\"},\"thumbnailUrl\":\"https:\\\/\\\/www.ilnotiziario.net\\\/wp\\\/wp-content\\\/uploads\\\/2019\\\/09\\\/traffico.jpg\",\"datePublished\":\"2021-11-09T18:08:04+00:00\",\"description\":\"Nella giornata di domani, mercoled\u00ec 10 novembre, entrer\u00e0 in vigore il nuovo Codice della Strada, il cui aggiornamento \u00e8 incluso all'interno del Decreto\",\"breadcrumb\":{\"@id\":\"https:\\\/\\\/www.ilnotiziario.net\\\/wp\\\/prima-pagina\\\/nuovo-codice-strada-multe-parcheggi-monopattini\\\/#breadcrumb\"},\"inLanguage\":\"it-IT\",\"potentialAction\":[{\"@type\":\"ReadAction\",\"target\":[\"https:\\\/\\\/www.ilnotiziario.net\\\/wp\\\/prima-pagina\\\/nuovo-codice-strada-multe-parcheggi-monopattini\\\/\"]}]},{\"@type\":\"ImageObject\",\"inLanguage\":\"it-IT\",\"@id\":\"https:\\\/\\\/www.ilnotiziario.net\\\/wp\\\/prima-pagina\\\/nuovo-codice-strada-multe-parcheggi-monopattini\\\/#primaryimage\",\"url\":\"https:\\\/\\\/www.ilnotiziario.net\\\/wp\\\/wp-content\\\/uploads\\\/2019\\\/09\\\/traffico.jpg\",\"contentUrl\":\"https:\\\/\\\/www.ilnotiziario.net\\\/wp\\\/wp-content\\\/uploads\\\/2019\\\/09\\\/traffico.jpg\",\"width\":1024,\"height\":768,\"caption\":\"traffico\"},{\"@type\":\"BreadcrumbList\",\"@id\":\"https:\\\/\\\/www.ilnotiziario.net\\\/wp\\\/prima-pagina\\\/nuovo-codice-strada-multe-parcheggi-monopattini\\\/#breadcrumb\",\"itemListElement\":[{\"@type\":\"ListItem\",\"position\":1,\"name\":\"tds_text_logo_tagline_colortds_text_logo_tagline_colortds_text_logo_tagline_colortds_text_logo_tagline_colortd_module_7_title_excerpttd_module_7_title_excerpttd_module_7_title_excerpttd_module_7_title_excerptHome\",\"item\":\"https:\\\/\\\/www.ilnotiziario.net\\\/wp\\\/\"},{\"@type\":\"ListItem\",\"position\":2,\"name\":\"Nuovo codice della strada. Multe, parcheggi e monopattini: tutte le novit\u00e0 da sapere\"}]},{\"@type\":\"WebSite\",\"@id\":\"https:\\\/\\\/www.ilnotiziario.net\\\/wp\\\/#website\",\"url\":\"https:\\\/\\\/www.ilnotiziario.net\\\/wp\\\/\",\"name\":\"Il Notiziario\",\"description\":\"Per restare sempre connessi alla notizia\",\"publisher\":{\"@id\":\"https:\\\/\\\/www.ilnotiziario.net\\\/wp\\\/#organization\"},\"alternateName\":\"Il Notiziario Bollate\",\"potentialAction\":[{\"@type\":\"SearchAction\",\"target\":{\"@type\":\"EntryPoint\",\"urlTemplate\":\"https:\\\/\\\/www.ilnotiziario.net\\\/wp\\\/?s={search_term_string}\"},\"query-input\":{\"@type\":\"PropertyValueSpecification\",\"valueRequired\":true,\"valueName\":\"search_term_string\"}}],\"inLanguage\":\"it-IT\"},{\"@type\":\"Organization\",\"@id\":\"https:\\\/\\\/www.ilnotiziario.net\\\/wp\\\/#organization\",\"name\":\"Il Notiziario\",\"url\":\"https:\\\/\\\/www.ilnotiziario.net\\\/wp\\\/\",\"logo\":{\"@type\":\"ImageObject\",\"inLanguage\":\"it-IT\",\"@id\":\"https:\\\/\\\/www.ilnotiziario.net\\\/wp\\\/#\\\/schema\\\/logo\\\/image\\\/\",\"url\":\"https:\\\/\\\/www.ilnotiziario.net\\\/wp\\\/wp-content\\\/uploads\\\/2022\\\/06\\\/170x170ilN.png\",\"contentUrl\":\"https:\\\/\\\/www.ilnotiziario.net\\\/wp\\\/wp-content\\\/uploads\\\/2022\\\/06\\\/170x170ilN.png\",\"width\":355,\"height\":355,\"caption\":\"Il Notiziario\"},\"image\":{\"@id\":\"https:\\\/\\\/www.ilnotiziario.net\\\/wp\\\/#\\\/schema\\\/logo\\\/image\\\/\"},\"sameAs\":[\"https:\\\/\\\/www.facebook.com\\\/ilnotiziarioind\\\/\",\"https:\\\/\\\/x.com\\\/ilNotiziarioInd\",\"https:\\\/\\\/www.instagram.com\\\/ilnotiziario_settimanale\\\/\"]},{\"@type\":\"Person\",\"@id\":\"https:\\\/\\\/www.ilnotiziario.net\\\/wp\\\/#\\\/schema\\\/person\\\/386e222908f898bb41c033989482bbf2\",\"name\":\"Gabriele Bassani\",\"image\":{\"@type\":\"ImageObject\",\"inLanguage\":\"it-IT\",\"@id\":\"https:\\\/\\\/secure.gravatar.com\\\/avatar\\\/09274f4a84fa97698bde56f84b3afed61c8492d48b0550db9671b68c177479cb?s=96&d=mm&r=g\",\"url\":\"https:\\\/\\\/secure.gravatar.com\\\/avatar\\\/09274f4a84fa97698bde56f84b3afed61c8492d48b0550db9671b68c177479cb?s=96&d=mm&r=g\",\"contentUrl\":\"https:\\\/\\\/secure.gravatar.com\\\/avatar\\\/09274f4a84fa97698bde56f84b3afed61c8492d48b0550db9671b68c177479cb?s=96&d=mm&r=g\",\"caption\":\"Gabriele Bassani\"},\"sameAs\":[\"http:\\\/\\\/www.ilnotiziario.net\"]}]}<\/script>\n<!-- \/ Yoast SEO plugin. -->","yoast_head_json":{"title":"Nuovo codice della strada. Multe, parcheggi e monopattini: tutte le novit\u00e0 da sapere - Il Notiziario","description":"Nella giornata di domani, mercoled\u00ec 10 novembre, entrer\u00e0 in vigore il nuovo Codice della Strada, il cui aggiornamento \u00e8 incluso all'interno del Decreto","robots":{"index":"index","follow":"follow","max-snippet":"max-snippet:-1","max-image-preview":"max-image-preview:large","max-video-preview":"max-video-preview:-1"},"canonical":"https:\/\/www.ilnotiziario.net\/wp\/prima-pagina\/nuovo-codice-strada-multe-parcheggi-monopattini\/","og_locale":"it_IT","og_type":"article","og_title":"Nuovo codice della strada. Multe, parcheggi e monopattini: tutte le novit\u00e0 da sapere - Il Notiziario","og_description":"Nella giornata di domani, mercoled\u00ec 10 novembre, entrer\u00e0 in vigore il nuovo Codice della Strada, il cui aggiornamento \u00e8 incluso all'interno del Decreto","og_url":"https:\/\/www.ilnotiziario.net\/wp\/prima-pagina\/nuovo-codice-strada-multe-parcheggi-monopattini\/","og_site_name":"Il Notiziario","article_publisher":"https:\/\/www.facebook.com\/ilnotiziarioind\/","article_published_time":"2021-11-09T18:08:04+00:00","og_image":[{"width":1024,"height":768,"url":"https:\/\/www.ilnotiziario.net\/wp\/wp-content\/uploads\/2019\/09\/traffico.jpg","type":"image\/jpeg"}],"author":"Gabriele Bassani","twitter_card":"summary_large_image","twitter_creator":"@ilNotiziarioInd","twitter_site":"@ilNotiziarioInd","twitter_misc":{"Scritto da":"Gabriele Bassani","Tempo di lettura stimato":"4 minuti"},"schema":{"@context":"https:\/\/schema.org","@graph":[{"@type":"Article","@id":"https:\/\/www.ilnotiziario.net\/wp\/prima-pagina\/nuovo-codice-strada-multe-parcheggi-monopattini\/#article","isPartOf":{"@id":"https:\/\/www.ilnotiziario.net\/wp\/prima-pagina\/nuovo-codice-strada-multe-parcheggi-monopattini\/"},"author":{"name":"Gabriele Bassani","@id":"https:\/\/www.ilnotiziario.net\/wp\/#\/schema\/person\/386e222908f898bb41c033989482bbf2"},"headline":"Nuovo codice della strada. Multe, parcheggi e monopattini: tutte le novit\u00e0 da sapere","datePublished":"2021-11-09T18:08:04+00:00","mainEntityOfPage":{"@id":"https:\/\/www.ilnotiziario.net\/wp\/prima-pagina\/nuovo-codice-strada-multe-parcheggi-monopattini\/"},"wordCount":679,"publisher":{"@id":"https:\/\/www.ilnotiziario.net\/wp\/#organization"},"image":{"@id":"https:\/\/www.ilnotiziario.net\/wp\/prima-pagina\/nuovo-codice-strada-multe-parcheggi-monopattini\/#primaryimage"},"thumbnailUrl":"https:\/\/www.ilnotiziario.net\/wp\/wp-content\/uploads\/2019\/09\/traffico.jpg","keywords":["codice della strada","monopattini","multe","parcheggi"],"articleSection":["Prima Pagina"],"inLanguage":"it-IT"},{"@type":"WebPage","@id":"https:\/\/www.ilnotiziario.net\/wp\/prima-pagina\/nuovo-codice-strada-multe-parcheggi-monopattini\/","url":"https:\/\/www.ilnotiziario.net\/wp\/prima-pagina\/nuovo-codice-strada-multe-parcheggi-monopattini\/","name":"Nuovo codice della strada. Multe, parcheggi e monopattini: tutte le novit\u00e0 da sapere - Il Notiziario","isPartOf":{"@id":"https:\/\/www.ilnotiziario.net\/wp\/#website"},"primaryImageOfPage":{"@id":"https:\/\/www.ilnotiziario.net\/wp\/prima-pagina\/nuovo-codice-strada-multe-parcheggi-monopattini\/#primaryimage"},"image":{"@id":"https:\/\/www.ilnotiziario.net\/wp\/prima-pagina\/nuovo-codice-strada-multe-parcheggi-monopattini\/#primaryimage"},"thumbnailUrl":"https:\/\/www.ilnotiziario.net\/wp\/wp-content\/uploads\/2019\/09\/traffico.jpg","datePublished":"2021-11-09T18:08:04+00:00","description":"Nella giornata di domani, mercoled\u00ec 10 novembre, entrer\u00e0 in vigore il nuovo Codice della Strada, il cui aggiornamento \u00e8 incluso all'interno del Decreto","breadcrumb":{"@id":"https:\/\/www.ilnotiziario.net\/wp\/prima-pagina\/nuovo-codice-strada-multe-parcheggi-monopattini\/#breadcrumb"},"inLanguage":"it-IT","potentialAction":[{"@type":"ReadAction","target":["https:\/\/www.ilnotiziario.net\/wp\/prima-pagina\/nuovo-codice-strada-multe-parcheggi-monopattini\/"]}]},{"@type":"ImageObject","inLanguage":"it-IT","@id":"https:\/\/www.ilnotiziario.net\/wp\/prima-pagina\/nuovo-codice-strada-multe-parcheggi-monopattini\/#primaryimage","url":"https:\/\/www.ilnotiziario.net\/wp\/wp-content\/uploads\/2019\/09\/traffico.jpg","contentUrl":"https:\/\/www.ilnotiziario.net\/wp\/wp-content\/uploads\/2019\/09\/traffico.jpg","width":1024,"height":768,"caption":"traffico"},{"@type":"BreadcrumbList","@id":"https:\/\/www.ilnotiziario.net\/wp\/prima-pagina\/nuovo-codice-strada-multe-parcheggi-monopattini\/#breadcrumb","itemListElement":[{"@type":"ListItem","position":1,"name":"tds_text_logo_tagline_colortds_text_logo_tagline_colortds_text_logo_tagline_colortds_text_logo_tagline_colortd_module_7_title_excerpttd_module_7_title_excerpttd_module_7_title_excerpttd_module_7_title_excerptHome","item":"https:\/\/www.ilnotiziario.net\/wp\/"},{"@type":"ListItem","position":2,"name":"Nuovo codice della strada. Multe, parcheggi e monopattini: tutte le novit\u00e0 da sapere"}]},{"@type":"WebSite","@id":"https:\/\/www.ilnotiziario.net\/wp\/#website","url":"https:\/\/www.ilnotiziario.net\/wp\/","name":"Il Notiziario","description":"Per restare sempre connessi alla notizia","publisher":{"@id":"https:\/\/www.ilnotiziario.net\/wp\/#organization"},"alternateName":"Il Notiziario Bollate","potentialAction":[{"@type":"SearchAction","target":{"@type":"EntryPoint","urlTemplate":"https:\/\/www.ilnotiziario.net\/wp\/?s={search_term_string}"},"query-input":{"@type":"PropertyValueSpecification","valueRequired":true,"valueName":"search_term_string"}}],"inLanguage":"it-IT"},{"@type":"Organization","@id":"https:\/\/www.ilnotiziario.net\/wp\/#organization","name":"Il Notiziario","url":"https:\/\/www.ilnotiziario.net\/wp\/","logo":{"@type":"ImageObject","inLanguage":"it-IT","@id":"https:\/\/www.ilnotiziario.net\/wp\/#\/schema\/logo\/image\/","url":"https:\/\/www.ilnotiziario.net\/wp\/wp-content\/uploads\/2022\/06\/170x170ilN.png","contentUrl":"https:\/\/www.ilnotiziario.net\/wp\/wp-content\/uploads\/2022\/06\/170x170ilN.png","width":355,"height":355,"caption":"Il Notiziario"},"image":{"@id":"https:\/\/www.ilnotiziario.net\/wp\/#\/schema\/logo\/image\/"},"sameAs":["https:\/\/www.facebook.com\/ilnotiziarioind\/","https:\/\/x.com\/ilNotiziarioInd","https:\/\/www.instagram.com\/ilnotiziario_settimanale\/"]},{"@type":"Person","@id":"https:\/\/www.ilnotiziario.net\/wp\/#\/schema\/person\/386e222908f898bb41c033989482bbf2","name":"Gabriele Bassani","image":{"@type":"ImageObject","inLanguage":"it-IT","@id":"https:\/\/secure.gravatar.com\/avatar\/09274f4a84fa97698bde56f84b3afed61c8492d48b0550db9671b68c177479cb?s=96&d=mm&r=g","url":"https:\/\/secure.gravatar.com\/avatar\/09274f4a84fa97698bde56f84b3afed61c8492d48b0550db9671b68c177479cb?s=96&d=mm&r=g","contentUrl":"https:\/\/secure.gravatar.com\/avatar\/09274f4a84fa97698bde56f84b3afed61c8492d48b0550db9671b68c177479cb?s=96&d=mm&r=g","caption":"Gabriele Bassani"},"sameAs":["http:\/\/www.ilnotiziario.net"]}]}},"_links":{"self":[{"href":"https:\/\/www.ilnotiziario.net\/wp\/wp-json\/wp\/v2\/posts\/158436","targetHints":{"allow":["GET"]}}],"collection":[{"href":"https:\/\/www.ilnotiziario.net\/wp\/wp-json\/wp\/v2\/posts"}],"about":[{"href":"https:\/\/www.ilnotiziario.net\/wp\/wp-json\/wp\/v2\/types\/post"}],"author":[{"embeddable":true,"href":"https:\/\/www.ilnotiziario.net\/wp\/wp-json\/wp\/v2\/users\/3"}],"replies":[{"embeddable":true,"href":"https:\/\/www.ilnotiziario.net\/wp\/wp-json\/wp\/v2\/comments?post=158436"}],"version-history":[{"count":0,"href":"https:\/\/www.ilnotiziario.net\/wp\/wp-json\/wp\/v2\/posts\/158436\/revisions"}],"wp:featuredmedia":[{"embeddable":true,"href":"https:\/\/www.ilnotiziario.net\/wp\/wp-json\/wp\/v2\/media\/37611"}],"wp:attachment":[{"href":"https:\/\/www.ilnotiziario.net\/wp\/wp-json\/wp\/v2\/media?parent=158436"}],"wp:term":[{"taxonomy":"category","embeddable":true,"href":"https:\/\/www.ilnotiziario.net\/wp\/wp-json\/wp\/v2\/categories?post=158436"},{"taxonomy":"post_tag","embeddable":true,"href":"https:\/\/www.ilnotiziario.net\/wp\/wp-json\/wp\/v2\/tags?post=158436"}],"curies":[{"name":"wp","href":"https:\/\/api.w.org\/{rel}","templated":true}]}}