{"id":159117,"date":"2021-11-29T17:06:44","date_gmt":"2021-11-29T16:06:44","guid":{"rendered":"https:\/\/www.ilnotiziario.net\/wp\/?p=159117"},"modified":"2021-11-29T17:08:47","modified_gmt":"2021-11-29T16:08:47","slug":"paderno-dugnano-sede-protezione-civile","status":"publish","type":"post","link":"https:\/\/www.ilnotiziario.net\/wp\/prima-pagina\/paderno-dugnano-sede-protezione-civile\/","title":{"rendered":"Paderno Dugnano, nuova sede della Protezione civile: cantiere al parco Toti"},"content":{"rendered":"<p><img fetchpriority=\"high\" decoding=\"async\" class=\"size-medium wp-image-159118 alignleft\" src=\"https:\/\/www.ilnotiziario.net\/wp\/wp-content\/uploads\/2021\/11\/paderno-protezione-civile-300x213.png\" alt=\"\" width=\"300\" height=\"213\" srcset=\"https:\/\/www.ilnotiziario.net\/wp\/wp-content\/uploads\/2021\/11\/paderno-protezione-civile-300x213.png 300w, https:\/\/www.ilnotiziario.net\/wp\/wp-content\/uploads\/2021\/11\/paderno-protezione-civile-1024x726.png 1024w, https:\/\/www.ilnotiziario.net\/wp\/wp-content\/uploads\/2021\/11\/paderno-protezione-civile-768x545.png 768w, https:\/\/www.ilnotiziario.net\/wp\/wp-content\/uploads\/2021\/11\/paderno-protezione-civile-1536x1090.png 1536w, https:\/\/www.ilnotiziario.net\/wp\/wp-content\/uploads\/2021\/11\/paderno-protezione-civile-696x494.png 696w, https:\/\/www.ilnotiziario.net\/wp\/wp-content\/uploads\/2021\/11\/paderno-protezione-civile-1392x987.png 1392w, https:\/\/www.ilnotiziario.net\/wp\/wp-content\/uploads\/2021\/11\/paderno-protezione-civile-1068x758.png 1068w, https:\/\/www.ilnotiziario.net\/wp\/wp-content\/uploads\/2021\/11\/paderno-protezione-civile-100x70.png 100w, https:\/\/www.ilnotiziario.net\/wp\/wp-content\/uploads\/2021\/11\/paderno-protezione-civile.png 1748w\" sizes=\"(max-width: 300px) 100vw, 300px\" \/>Sono partiti da questa mattina i lavori per la costruzione della <strong>nuova sede della Protezione civile di Paderno Dugnano<\/strong>. Il nuovo polo per il Gol sar\u00e0 all&#8217;interno del centro sportivo Toti occupando <strong>una porzione dell&#8217;attuale parcheggio e dell&#8217;area adibita a magazzino<\/strong> comunale. Questa operazione che si concluder\u00e0 gradualmente entro un anno consentir\u00e0 di mandare in pensione la vecchia sede ospitata nel palazzo Sanit\u00e0 di via 2 giugno. <a href=\"https:\/\/www.ilnotiziario.net\/wp\/2021\/11\/11\/paderno-palazzo-sanita-casa-comunita\/\">Quest&#8217;ultima struttura \u00e8 invece candidata a ospitare <strong>una casa della salute<\/strong><\/a> dando avvio all&#8217;attesissima riqualificazione.&nbsp;<\/p><div id=\"ilnot-1451142385\" class=\"ilnot-contenuto ilnot-entity-placement\"><p><!-- incontent_1 --><\/p>\n<div class=\"gptslot\" data-adunitid=\"1\"><\/div>\n<\/div>\n<p>Il magazzino della Protezione civile sar\u00e0 costruito&nbsp;utilizzando strutture modulari e prefabbricate, rispondendo alle esigenze della&nbsp;Protezione Civile. Ci sar\u00e0 spazio anche per <strong>il deposito, un&#8217;officina e locali spogliatoi<\/strong>&nbsp;che potranno essere utilizzati da 30\/40 operatori. Tutta l&#8217;area e lo stesso edificio saranno&nbsp;dotati di impianti anti intrusione, video sorveglianza, condizionamento e rilevazione&nbsp;incendio. Prima della posa dei manufatti, saranno realizzati i basamenti e tutte le opere&nbsp;propedeutiche agli allacciamenti alle <strong>reti idriche, elettriche e fognarie<\/strong>.<\/p>\n<p>&#8220;L&#8217;avvio di quest&#8217;opera segna <strong>una svolta molto attesa anche dagli stessi volontari<\/strong> che&nbsp;potranno avere una struttura completamente a loro dedicata, innovativa dal punto di&nbsp;vista progettuale per consentire un&#8217;operativit\u00e0 pi\u00f9 funzionale rispetto alle attivit\u00e0 della<br \/>\nnostra Protezione Civile&#8221;, spiegano il sindaco Ezio Casati e il vicesindaco<br \/>\nGiovanni Di Maio. &#8220;Il nostro obiettivo \u00e8 quello di poter consegnare il nuovo magazzino<br \/>\n<strong>prima dell&#8217;estate prossima<\/strong> e in queste settimane gli uffici stanno lavorando agli atti<br \/>\nnecessari per assegnare i lavori della nuova sede che sorger\u00e0 proprio a fianco del<br \/>\nmagazzino, su una porzione del deposito comunale, dando vita a un unico polo di<br \/>\nProtezione Civile&#8221;.&nbsp;<\/p><div id=\"ilnot-1782286063\" class=\"ilnot-contenuto_2 ilnot-entity-placement\"><div class=\"ads-wrapper\">\n<div class=\"ad-slot\">\n   <div id=\"ilnot-107433249\" style=\"margin-right: auto;margin-left: auto;text-align: center;width: 320px;height: 100px;\"><a href=\"https:\/\/www.scuolasicurezza.it\/\"><img decoding=\"async\" src=\"https:\/\/www.ilnotiziario.net\/wp\/wp-content\/uploads\/2026\/04\/IlNotiziario_banner-sito-e-newsletter-320-x-100-px-1.gif\" alt=\"\"><\/a><\/div>\n  <\/div>\n<div class=\"ad-slot\">\n   <div id=\"ilnot-2449503881\" style=\"margin-right: auto;margin-left: auto;text-align: center;width: 320px;height: 100px;\"><a href=\"https:\/\/purodesignarredamenti.com\/\"><img decoding=\"async\" src=\"https:\/\/www.ilnotiziario.net\/wp\/wp-content\/uploads\/2026\/04\/banner-puro-ok.gif\" alt=\"whatsapp\"><\/a><\/div><\/p><\/div>\n<\/div>\n<\/div>\n","protected":false},"excerpt":{"rendered":"<p>Sono partiti da questa mattina i lavori per la costruzione della nuova sede della Protezione civile di Paderno Dugnano. Il nuovo polo per il Gol sar\u00e0 all&#8217;interno del centro sportivo Toti occupando una porzione dell&#8217;attuale parcheggio e dell&#8217;area adibita a magazzino comunale. Questa operazione che si concluder\u00e0 gradualmente entro un anno consentir\u00e0 di mandare in<\/p>\n","protected":false},"author":7,"featured_media":159118,"comment_status":"closed","ping_status":"closed","sticky":false,"template":"","format":"standard","meta":{"footnotes":""},"categories":[11,20],"tags":[39,934,5502],"class_list":{"0":"post-159117","1":"post","2":"type-post","3":"status-publish","4":"format-standard","5":"has-post-thumbnail","7":"category-nord-milano","8":"category-prima-pagina","9":"tag-paderno-dugnano","10":"tag-protezione-civile","11":"tag-sede"},"yoast_head":"<!-- This site is optimized with the Yoast SEO plugin v27.4 - https:\/\/yoast.com\/product\/yoast-seo-wordpress\/ -->\n<title>Paderno Dugnano, nuova sede della Protezione civile: cantiere al parco Toti<\/title>\n<meta name=\"description\" content=\"Sono partiti da questa mattina i lavori per la costruzione della nuova sede della Protezione civile di Paderno Dugnano. Il nuovo polo per il Gol sar\u00e0\" \/>\n<meta name=\"robots\" content=\"index, follow, max-snippet:-1, max-image-preview:large, max-video-preview:-1\" \/>\n<link rel=\"canonical\" href=\"https:\/\/www.ilnotiziario.net\/wp\/prima-pagina\/paderno-dugnano-sede-protezione-civile\/\" \/>\n<meta property=\"og:locale\" content=\"it_IT\" \/>\n<meta property=\"og:type\" content=\"article\" \/>\n<meta property=\"og:title\" content=\"Paderno Dugnano, nuova sede della Protezione civile: cantiere al parco Toti\" \/>\n<meta property=\"og:description\" content=\"Sono partiti da questa mattina i lavori per la costruzione della nuova sede della Protezione civile di Paderno Dugnano. Il nuovo polo per il Gol sar\u00e0\" \/>\n<meta property=\"og:url\" content=\"https:\/\/www.ilnotiziario.net\/wp\/prima-pagina\/paderno-dugnano-sede-protezione-civile\/\" \/>\n<meta property=\"og:site_name\" content=\"Il Notiziario\" \/>\n<meta property=\"article:publisher\" content=\"https:\/\/www.facebook.com\/ilnotiziarioind\/\" \/>\n<meta property=\"article:published_time\" content=\"2021-11-29T16:06:44+00:00\" \/>\n<meta property=\"article:modified_time\" content=\"2021-11-29T16:08:47+00:00\" \/>\n<meta property=\"og:image\" content=\"https:\/\/www.ilnotiziario.net\/wp\/wp-content\/uploads\/2021\/11\/paderno-protezione-civile.png\" \/>\n\t<meta property=\"og:image:width\" content=\"1748\" \/>\n\t<meta property=\"og:image:height\" content=\"1240\" \/>\n\t<meta property=\"og:image:type\" content=\"image\/png\" \/>\n<meta name=\"author\" content=\"Simone Carcano\" \/>\n<meta name=\"twitter:card\" content=\"summary_large_image\" \/>\n<meta name=\"twitter:creator\" content=\"@simone_carcano\" \/>\n<meta name=\"twitter:site\" content=\"@ilNotiziarioInd\" \/>\n<meta name=\"twitter:label1\" content=\"Scritto da\" \/>\n\t<meta name=\"twitter:data1\" content=\"Simone Carcano\" \/>\n\t<meta name=\"twitter:label2\" content=\"Tempo di lettura stimato\" \/>\n\t<meta name=\"twitter:data2\" content=\"2 minuti\" \/>\n<script type=\"application\/ld+json\" class=\"yoast-schema-graph\">{\"@context\":\"https:\\\/\\\/schema.org\",\"@graph\":[{\"@type\":\"Article\",\"@id\":\"https:\\\/\\\/www.ilnotiziario.net\\\/wp\\\/prima-pagina\\\/paderno-dugnano-sede-protezione-civile\\\/#article\",\"isPartOf\":{\"@id\":\"https:\\\/\\\/www.ilnotiziario.net\\\/wp\\\/prima-pagina\\\/paderno-dugnano-sede-protezione-civile\\\/\"},\"author\":{\"name\":\"Simone Carcano\",\"@id\":\"https:\\\/\\\/www.ilnotiziario.net\\\/wp\\\/#\\\/schema\\\/person\\\/c218ad0865f96bfe2c1c2cfa719653f7\"},\"headline\":\"Paderno Dugnano, nuova sede della Protezione civile: cantiere al parco Toti\",\"datePublished\":\"2021-11-29T16:06:44+00:00\",\"dateModified\":\"2021-11-29T16:08:47+00:00\",\"mainEntityOfPage\":{\"@id\":\"https:\\\/\\\/www.ilnotiziario.net\\\/wp\\\/prima-pagina\\\/paderno-dugnano-sede-protezione-civile\\\/\"},\"wordCount\":290,\"publisher\":{\"@id\":\"https:\\\/\\\/www.ilnotiziario.net\\\/wp\\\/#organization\"},\"image\":{\"@id\":\"https:\\\/\\\/www.ilnotiziario.net\\\/wp\\\/prima-pagina\\\/paderno-dugnano-sede-protezione-civile\\\/#primaryimage\"},\"thumbnailUrl\":\"https:\\\/\\\/www.ilnotiziario.net\\\/wp\\\/wp-content\\\/uploads\\\/2021\\\/11\\\/paderno-protezione-civile.png\",\"keywords\":[\"Paderno Dugnano\",\"Protezione Civile\",\"Sede\"],\"articleSection\":[\"NORD MILANO\",\"Prima Pagina\"],\"inLanguage\":\"it-IT\"},{\"@type\":\"WebPage\",\"@id\":\"https:\\\/\\\/www.ilnotiziario.net\\\/wp\\\/prima-pagina\\\/paderno-dugnano-sede-protezione-civile\\\/\",\"url\":\"https:\\\/\\\/www.ilnotiziario.net\\\/wp\\\/prima-pagina\\\/paderno-dugnano-sede-protezione-civile\\\/\",\"name\":\"Paderno Dugnano, nuova sede della Protezione civile: cantiere al parco Toti\",\"isPartOf\":{\"@id\":\"https:\\\/\\\/www.ilnotiziario.net\\\/wp\\\/#website\"},\"primaryImageOfPage\":{\"@id\":\"https:\\\/\\\/www.ilnotiziario.net\\\/wp\\\/prima-pagina\\\/paderno-dugnano-sede-protezione-civile\\\/#primaryimage\"},\"image\":{\"@id\":\"https:\\\/\\\/www.ilnotiziario.net\\\/wp\\\/prima-pagina\\\/paderno-dugnano-sede-protezione-civile\\\/#primaryimage\"},\"thumbnailUrl\":\"https:\\\/\\\/www.ilnotiziario.net\\\/wp\\\/wp-content\\\/uploads\\\/2021\\\/11\\\/paderno-protezione-civile.png\",\"datePublished\":\"2021-11-29T16:06:44+00:00\",\"dateModified\":\"2021-11-29T16:08:47+00:00\",\"description\":\"Sono partiti da questa mattina i lavori per la costruzione della nuova sede della Protezione civile di Paderno Dugnano. Il nuovo polo per il Gol sar\u00e0\",\"breadcrumb\":{\"@id\":\"https:\\\/\\\/www.ilnotiziario.net\\\/wp\\\/prima-pagina\\\/paderno-dugnano-sede-protezione-civile\\\/#breadcrumb\"},\"inLanguage\":\"it-IT\",\"potentialAction\":[{\"@type\":\"ReadAction\",\"target\":[\"https:\\\/\\\/www.ilnotiziario.net\\\/wp\\\/prima-pagina\\\/paderno-dugnano-sede-protezione-civile\\\/\"]}]},{\"@type\":\"ImageObject\",\"inLanguage\":\"it-IT\",\"@id\":\"https:\\\/\\\/www.ilnotiziario.net\\\/wp\\\/prima-pagina\\\/paderno-dugnano-sede-protezione-civile\\\/#primaryimage\",\"url\":\"https:\\\/\\\/www.ilnotiziario.net\\\/wp\\\/wp-content\\\/uploads\\\/2021\\\/11\\\/paderno-protezione-civile.png\",\"contentUrl\":\"https:\\\/\\\/www.ilnotiziario.net\\\/wp\\\/wp-content\\\/uploads\\\/2021\\\/11\\\/paderno-protezione-civile.png\",\"width\":1748,\"height\":1240},{\"@type\":\"BreadcrumbList\",\"@id\":\"https:\\\/\\\/www.ilnotiziario.net\\\/wp\\\/prima-pagina\\\/paderno-dugnano-sede-protezione-civile\\\/#breadcrumb\",\"itemListElement\":[{\"@type\":\"ListItem\",\"position\":1,\"name\":\"tds_text_logo_tagline_colortds_text_logo_tagline_colortds_text_logo_tagline_colortds_text_logo_tagline_colortd_module_7_title_excerpttd_module_7_title_excerpttd_module_7_title_excerpttd_module_7_title_excerptHome\",\"item\":\"https:\\\/\\\/www.ilnotiziario.net\\\/wp\\\/\"},{\"@type\":\"ListItem\",\"position\":2,\"name\":\"Paderno Dugnano, nuova sede della Protezione civile: cantiere al parco Toti\"}]},{\"@type\":\"WebSite\",\"@id\":\"https:\\\/\\\/www.ilnotiziario.net\\\/wp\\\/#website\",\"url\":\"https:\\\/\\\/www.ilnotiziario.net\\\/wp\\\/\",\"name\":\"Il Notiziario\",\"description\":\"Per restare sempre connessi alla notizia\",\"publisher\":{\"@id\":\"https:\\\/\\\/www.ilnotiziario.net\\\/wp\\\/#organization\"},\"alternateName\":\"Il Notiziario Bollate\",\"potentialAction\":[{\"@type\":\"SearchAction\",\"target\":{\"@type\":\"EntryPoint\",\"urlTemplate\":\"https:\\\/\\\/www.ilnotiziario.net\\\/wp\\\/?s={search_term_string}\"},\"query-input\":{\"@type\":\"PropertyValueSpecification\",\"valueRequired\":true,\"valueName\":\"search_term_string\"}}],\"inLanguage\":\"it-IT\"},{\"@type\":\"Organization\",\"@id\":\"https:\\\/\\\/www.ilnotiziario.net\\\/wp\\\/#organization\",\"name\":\"Il Notiziario\",\"url\":\"https:\\\/\\\/www.ilnotiziario.net\\\/wp\\\/\",\"logo\":{\"@type\":\"ImageObject\",\"inLanguage\":\"it-IT\",\"@id\":\"https:\\\/\\\/www.ilnotiziario.net\\\/wp\\\/#\\\/schema\\\/logo\\\/image\\\/\",\"url\":\"https:\\\/\\\/www.ilnotiziario.net\\\/wp\\\/wp-content\\\/uploads\\\/2022\\\/06\\\/170x170ilN.png\",\"contentUrl\":\"https:\\\/\\\/www.ilnotiziario.net\\\/wp\\\/wp-content\\\/uploads\\\/2022\\\/06\\\/170x170ilN.png\",\"width\":355,\"height\":355,\"caption\":\"Il Notiziario\"},\"image\":{\"@id\":\"https:\\\/\\\/www.ilnotiziario.net\\\/wp\\\/#\\\/schema\\\/logo\\\/image\\\/\"},\"sameAs\":[\"https:\\\/\\\/www.facebook.com\\\/ilnotiziarioind\\\/\",\"https:\\\/\\\/x.com\\\/ilNotiziarioInd\",\"https:\\\/\\\/www.instagram.com\\\/ilnotiziario_settimanale\\\/\"]},{\"@type\":\"Person\",\"@id\":\"https:\\\/\\\/www.ilnotiziario.net\\\/wp\\\/#\\\/schema\\\/person\\\/c218ad0865f96bfe2c1c2cfa719653f7\",\"name\":\"Simone Carcano\",\"image\":{\"@type\":\"ImageObject\",\"inLanguage\":\"it-IT\",\"@id\":\"https:\\\/\\\/secure.gravatar.com\\\/avatar\\\/5e677023cff2c47e9f7a896b9157a46e18bd36e7c4d000a1726bb730be7d38bb?s=96&d=mm&r=g\",\"url\":\"https:\\\/\\\/secure.gravatar.com\\\/avatar\\\/5e677023cff2c47e9f7a896b9157a46e18bd36e7c4d000a1726bb730be7d38bb?s=96&d=mm&r=g\",\"contentUrl\":\"https:\\\/\\\/secure.gravatar.com\\\/avatar\\\/5e677023cff2c47e9f7a896b9157a46e18bd36e7c4d000a1726bb730be7d38bb?s=96&d=mm&r=g\",\"caption\":\"Simone Carcano\"},\"sameAs\":[\"http:\\\/\\\/www.ilnotiziario.net\",\"https:\\\/\\\/x.com\\\/@simone_carcano\"]}]}<\/script>\n<!-- \/ Yoast SEO plugin. -->","yoast_head_json":{"title":"Paderno Dugnano, nuova sede della Protezione civile: cantiere al parco Toti","description":"Sono partiti da questa mattina i lavori per la costruzione della nuova sede della Protezione civile di Paderno Dugnano. Il nuovo polo per il Gol sar\u00e0","robots":{"index":"index","follow":"follow","max-snippet":"max-snippet:-1","max-image-preview":"max-image-preview:large","max-video-preview":"max-video-preview:-1"},"canonical":"https:\/\/www.ilnotiziario.net\/wp\/prima-pagina\/paderno-dugnano-sede-protezione-civile\/","og_locale":"it_IT","og_type":"article","og_title":"Paderno Dugnano, nuova sede della Protezione civile: cantiere al parco Toti","og_description":"Sono partiti da questa mattina i lavori per la costruzione della nuova sede della Protezione civile di Paderno Dugnano. Il nuovo polo per il Gol sar\u00e0","og_url":"https:\/\/www.ilnotiziario.net\/wp\/prima-pagina\/paderno-dugnano-sede-protezione-civile\/","og_site_name":"Il Notiziario","article_publisher":"https:\/\/www.facebook.com\/ilnotiziarioind\/","article_published_time":"2021-11-29T16:06:44+00:00","article_modified_time":"2021-11-29T16:08:47+00:00","og_image":[{"width":1748,"height":1240,"url":"https:\/\/www.ilnotiziario.net\/wp\/wp-content\/uploads\/2021\/11\/paderno-protezione-civile.png","type":"image\/png"}],"author":"Simone Carcano","twitter_card":"summary_large_image","twitter_creator":"@simone_carcano","twitter_site":"@ilNotiziarioInd","twitter_misc":{"Scritto da":"Simone Carcano","Tempo di lettura stimato":"2 minuti"},"schema":{"@context":"https:\/\/schema.org","@graph":[{"@type":"Article","@id":"https:\/\/www.ilnotiziario.net\/wp\/prima-pagina\/paderno-dugnano-sede-protezione-civile\/#article","isPartOf":{"@id":"https:\/\/www.ilnotiziario.net\/wp\/prima-pagina\/paderno-dugnano-sede-protezione-civile\/"},"author":{"name":"Simone Carcano","@id":"https:\/\/www.ilnotiziario.net\/wp\/#\/schema\/person\/c218ad0865f96bfe2c1c2cfa719653f7"},"headline":"Paderno Dugnano, nuova sede della Protezione civile: cantiere al parco Toti","datePublished":"2021-11-29T16:06:44+00:00","dateModified":"2021-11-29T16:08:47+00:00","mainEntityOfPage":{"@id":"https:\/\/www.ilnotiziario.net\/wp\/prima-pagina\/paderno-dugnano-sede-protezione-civile\/"},"wordCount":290,"publisher":{"@id":"https:\/\/www.ilnotiziario.net\/wp\/#organization"},"image":{"@id":"https:\/\/www.ilnotiziario.net\/wp\/prima-pagina\/paderno-dugnano-sede-protezione-civile\/#primaryimage"},"thumbnailUrl":"https:\/\/www.ilnotiziario.net\/wp\/wp-content\/uploads\/2021\/11\/paderno-protezione-civile.png","keywords":["Paderno Dugnano","Protezione Civile","Sede"],"articleSection":["NORD MILANO","Prima Pagina"],"inLanguage":"it-IT"},{"@type":"WebPage","@id":"https:\/\/www.ilnotiziario.net\/wp\/prima-pagina\/paderno-dugnano-sede-protezione-civile\/","url":"https:\/\/www.ilnotiziario.net\/wp\/prima-pagina\/paderno-dugnano-sede-protezione-civile\/","name":"Paderno Dugnano, nuova sede della Protezione civile: cantiere al parco Toti","isPartOf":{"@id":"https:\/\/www.ilnotiziario.net\/wp\/#website"},"primaryImageOfPage":{"@id":"https:\/\/www.ilnotiziario.net\/wp\/prima-pagina\/paderno-dugnano-sede-protezione-civile\/#primaryimage"},"image":{"@id":"https:\/\/www.ilnotiziario.net\/wp\/prima-pagina\/paderno-dugnano-sede-protezione-civile\/#primaryimage"},"thumbnailUrl":"https:\/\/www.ilnotiziario.net\/wp\/wp-content\/uploads\/2021\/11\/paderno-protezione-civile.png","datePublished":"2021-11-29T16:06:44+00:00","dateModified":"2021-11-29T16:08:47+00:00","description":"Sono partiti da questa mattina i lavori per la costruzione della nuova sede della Protezione civile di Paderno Dugnano. Il nuovo polo per il Gol sar\u00e0","breadcrumb":{"@id":"https:\/\/www.ilnotiziario.net\/wp\/prima-pagina\/paderno-dugnano-sede-protezione-civile\/#breadcrumb"},"inLanguage":"it-IT","potentialAction":[{"@type":"ReadAction","target":["https:\/\/www.ilnotiziario.net\/wp\/prima-pagina\/paderno-dugnano-sede-protezione-civile\/"]}]},{"@type":"ImageObject","inLanguage":"it-IT","@id":"https:\/\/www.ilnotiziario.net\/wp\/prima-pagina\/paderno-dugnano-sede-protezione-civile\/#primaryimage","url":"https:\/\/www.ilnotiziario.net\/wp\/wp-content\/uploads\/2021\/11\/paderno-protezione-civile.png","contentUrl":"https:\/\/www.ilnotiziario.net\/wp\/wp-content\/uploads\/2021\/11\/paderno-protezione-civile.png","width":1748,"height":1240},{"@type":"BreadcrumbList","@id":"https:\/\/www.ilnotiziario.net\/wp\/prima-pagina\/paderno-dugnano-sede-protezione-civile\/#breadcrumb","itemListElement":[{"@type":"ListItem","position":1,"name":"tds_text_logo_tagline_colortds_text_logo_tagline_colortds_text_logo_tagline_colortds_text_logo_tagline_colortd_module_7_title_excerpttd_module_7_title_excerpttd_module_7_title_excerpttd_module_7_title_excerptHome","item":"https:\/\/www.ilnotiziario.net\/wp\/"},{"@type":"ListItem","position":2,"name":"Paderno Dugnano, nuova sede della Protezione civile: cantiere al parco Toti"}]},{"@type":"WebSite","@id":"https:\/\/www.ilnotiziario.net\/wp\/#website","url":"https:\/\/www.ilnotiziario.net\/wp\/","name":"Il Notiziario","description":"Per restare sempre connessi alla notizia","publisher":{"@id":"https:\/\/www.ilnotiziario.net\/wp\/#organization"},"alternateName":"Il Notiziario Bollate","potentialAction":[{"@type":"SearchAction","target":{"@type":"EntryPoint","urlTemplate":"https:\/\/www.ilnotiziario.net\/wp\/?s={search_term_string}"},"query-input":{"@type":"PropertyValueSpecification","valueRequired":true,"valueName":"search_term_string"}}],"inLanguage":"it-IT"},{"@type":"Organization","@id":"https:\/\/www.ilnotiziario.net\/wp\/#organization","name":"Il Notiziario","url":"https:\/\/www.ilnotiziario.net\/wp\/","logo":{"@type":"ImageObject","inLanguage":"it-IT","@id":"https:\/\/www.ilnotiziario.net\/wp\/#\/schema\/logo\/image\/","url":"https:\/\/www.ilnotiziario.net\/wp\/wp-content\/uploads\/2022\/06\/170x170ilN.png","contentUrl":"https:\/\/www.ilnotiziario.net\/wp\/wp-content\/uploads\/2022\/06\/170x170ilN.png","width":355,"height":355,"caption":"Il Notiziario"},"image":{"@id":"https:\/\/www.ilnotiziario.net\/wp\/#\/schema\/logo\/image\/"},"sameAs":["https:\/\/www.facebook.com\/ilnotiziarioind\/","https:\/\/x.com\/ilNotiziarioInd","https:\/\/www.instagram.com\/ilnotiziario_settimanale\/"]},{"@type":"Person","@id":"https:\/\/www.ilnotiziario.net\/wp\/#\/schema\/person\/c218ad0865f96bfe2c1c2cfa719653f7","name":"Simone Carcano","image":{"@type":"ImageObject","inLanguage":"it-IT","@id":"https:\/\/secure.gravatar.com\/avatar\/5e677023cff2c47e9f7a896b9157a46e18bd36e7c4d000a1726bb730be7d38bb?s=96&d=mm&r=g","url":"https:\/\/secure.gravatar.com\/avatar\/5e677023cff2c47e9f7a896b9157a46e18bd36e7c4d000a1726bb730be7d38bb?s=96&d=mm&r=g","contentUrl":"https:\/\/secure.gravatar.com\/avatar\/5e677023cff2c47e9f7a896b9157a46e18bd36e7c4d000a1726bb730be7d38bb?s=96&d=mm&r=g","caption":"Simone Carcano"},"sameAs":["http:\/\/www.ilnotiziario.net","https:\/\/x.com\/@simone_carcano"]}]}},"_links":{"self":[{"href":"https:\/\/www.ilnotiziario.net\/wp\/wp-json\/wp\/v2\/posts\/159117","targetHints":{"allow":["GET"]}}],"collection":[{"href":"https:\/\/www.ilnotiziario.net\/wp\/wp-json\/wp\/v2\/posts"}],"about":[{"href":"https:\/\/www.ilnotiziario.net\/wp\/wp-json\/wp\/v2\/types\/post"}],"author":[{"embeddable":true,"href":"https:\/\/www.ilnotiziario.net\/wp\/wp-json\/wp\/v2\/users\/7"}],"replies":[{"embeddable":true,"href":"https:\/\/www.ilnotiziario.net\/wp\/wp-json\/wp\/v2\/comments?post=159117"}],"version-history":[{"count":0,"href":"https:\/\/www.ilnotiziario.net\/wp\/wp-json\/wp\/v2\/posts\/159117\/revisions"}],"wp:featuredmedia":[{"embeddable":true,"href":"https:\/\/www.ilnotiziario.net\/wp\/wp-json\/wp\/v2\/media\/159118"}],"wp:attachment":[{"href":"https:\/\/www.ilnotiziario.net\/wp\/wp-json\/wp\/v2\/media?parent=159117"}],"wp:term":[{"taxonomy":"category","embeddable":true,"href":"https:\/\/www.ilnotiziario.net\/wp\/wp-json\/wp\/v2\/categories?post=159117"},{"taxonomy":"post_tag","embeddable":true,"href":"https:\/\/www.ilnotiziario.net\/wp\/wp-json\/wp\/v2\/tags?post=159117"}],"curies":[{"name":"wp","href":"https:\/\/api.w.org\/{rel}","templated":true}]}}