{"id":159340,"date":"2021-12-06T17:35:21","date_gmt":"2021-12-06T16:35:21","guid":{"rendered":"https:\/\/www.ilnotiziario.net\/wp\/?p=159340"},"modified":"2021-12-06T17:35:21","modified_gmt":"2021-12-06T16:35:21","slug":"prima-scala-macbeth-teatro-bollate","status":"publish","type":"post","link":"https:\/\/www.ilnotiziario.net\/wp\/bollatese\/prima-scala-macbeth-teatro-bollate\/","title":{"rendered":"\u201cPrima\u201d della Scala, a Bollate la diretta in teatro"},"content":{"rendered":"<p><img fetchpriority=\"high\" decoding=\"async\" class=\"size-medium wp-image-159341 alignleft\" src=\"https:\/\/www.ilnotiziario.net\/wp\/wp-content\/uploads\/2021\/12\/urban-centre-ok-300x173.jpg\" alt=\"Bollate Scala\" width=\"300\" height=\"173\" srcset=\"https:\/\/www.ilnotiziario.net\/wp\/wp-content\/uploads\/2021\/12\/urban-centre-ok-300x173.jpg 300w, https:\/\/www.ilnotiziario.net\/wp\/wp-content\/uploads\/2021\/12\/urban-centre-ok-768x443.jpg 768w, https:\/\/www.ilnotiziario.net\/wp\/wp-content\/uploads\/2021\/12\/urban-centre-ok-696x402.jpg 696w, https:\/\/www.ilnotiziario.net\/wp\/wp-content\/uploads\/2021\/12\/urban-centre-ok.jpg 911w\" sizes=\"(max-width: 300px) 100vw, 300px\" \/>Anche LaBolla di Bollate marted\u00ec sera avr\u00e0 la diretta dalla Scala.<\/p><div id=\"ilnot-1083987343\" class=\"ilnot-contenuto ilnot-entity-placement\"><p><!-- incontent_1 --><\/p>\n<div class=\"gptslot\" data-adunitid=\"1\"><\/div>\n<\/div>\n<p>Bollate per il secondo anno partecipa al grande evento, la \u201cPrima\u201d del Teatro alla Scala: marted\u00ec 7 dicembre, presso il Teatro LaBolla, <strong>sar\u00e0 possibile assistere alla diretta di \u201cMacbeth\u201d di Giuseppe Verdi,<\/strong> scelta dal Maestro Chailly per la serata inaugurale della stagione operistica.<br \/>\nCome abilmente raccontato dal Maestro Califano, gioved\u00ec 2 dicembre, con l\u2019incontro \u201cPrima della Prima\u201d, <strong>Verdi, ispirato dall\u2019amato Shakespeare,<\/strong> fa sgorgare dalle sue note gli ideali e le passioni di ogni personaggio, sullo sfondo le tetre atmosfere di una misteriosa Scozia.<\/p>\n<p>Macbeth va in scena con la regia di Davide Livermore, insieme agli scenografi di Gi\u00f2 Forma, al costumista Gianluca Falaschi e a un grande cast: Anna Netrebko, Luca Salsi, Francesco Meli e Ildar Abdrazakov.<\/p><div id=\"ilnot-3244429586\" class=\"ilnot-contenuto_2 ilnot-entity-placement\"><div class=\"ads-wrapper\">\n<div class=\"ad-slot\">\n   <div id=\"ilnot-200470573\" style=\"margin-right: auto;margin-left: auto;text-align: center;width: 320px;height: 100px;\"><a href=\"https:\/\/www.scuolasicurezza.it\/\"><img decoding=\"async\" src=\"https:\/\/www.ilnotiziario.net\/wp\/wp-content\/uploads\/2026\/04\/IlNotiziario_banner-sito-e-newsletter-320-x-100-px-1.gif\" alt=\"\"><\/a><\/div>\n  <\/div>\n<div class=\"ad-slot\">\n   <div id=\"ilnot-4045920384\" style=\"margin-right: auto;margin-left: auto;text-align: center;width: 320px;height: 100px;\"><a href=\"https:\/\/purodesignarredamenti.com\/\"><img decoding=\"async\" src=\"https:\/\/www.ilnotiziario.net\/wp\/wp-content\/uploads\/2026\/04\/banner-puro-ok.gif\" alt=\"whatsapp\"><\/a><\/div><\/p><\/div>\n<\/div>\n<\/div>\n<p>L\u2019Opera racconta la vita, le passioni, l\u2019animo umano. La combinazione sapiente fra teatro e note, fra storie e melodie<strong>, rende l\u2019opera un\u2019esperienza emozionante e coinvolgente,<\/strong> una magia che si rinnova, un rito immortale che ogni volta ci stupisce.<\/p>\n<p>\u201cPenso che sia un\u2019occasione preziosa \u2013 afferma l\u2019Assessore alla Cultura e Pace Lucia Albrizio &#8211; che si inserisce nell\u2019offerta culturale messa in campo dall\u2019Amministrazione comunale, con un grande sforzo organizzativo, per ritrovare la socialit\u00e0 messa a dura prova dal periodo pandemico, e per tornare a vivere quei luoghi, come il teatro, che ci offrono bellezza e nuove speranze. Usciamo insieme e pi\u00f9 forti da un periodo cos\u00ec duro, sosteniamo la Cultura. Il mio invito \u00e8 di partecipare numerosi a questi appuntamenti\u201d.<\/p>\n<p><strong>L\u2019ingresso \u00e8 gratuito, senza prenotazione, \u00e8 richiesto il \u201cGreen Pass Rafforzato\u201d. <\/strong>L\u2019apertura \u00e8 alle ore 17 con inizio proiezione alle ore 18.<\/p><div id=\"ilnot-2075620612\" class=\"ilnot-contenuto_2-2 ilnot-entity-placement\"><div class=\"gptslot\" data-adunitid=\"2\"><\/div>\n<\/div>\n<p>L\u2019evento \u00e8 svolto in collaborazione con l\u2019Accademia Vivaldi \u2013 Istituto musicale Citt\u00e0 di Bollate, con il contributo di Fondazione Comunitaria Nord Milano onlus.<\/p>\n","protected":false},"excerpt":{"rendered":"<p>Anche LaBolla di Bollate marted\u00ec sera avr\u00e0 la diretta dalla Scala. Bollate per il secondo anno partecipa al grande evento, la \u201cPrima\u201d del Teatro alla Scala: marted\u00ec 7 dicembre, presso il Teatro LaBolla, sar\u00e0 possibile assistere alla diretta di \u201cMacbeth\u201d di Giuseppe Verdi, scelta dal Maestro Chailly per la serata inaugurale della stagione operistica. Come<\/p>\n","protected":false},"author":14,"featured_media":159341,"comment_status":"closed","ping_status":"closed","sticky":false,"template":"","format":"standard","meta":{"footnotes":""},"categories":[277,8,20],"tags":[110,9567,4441,9560,3035,9566,9561,8016],"class_list":{"0":"post-159340","1":"post","2":"type-post","3":"status-publish","4":"format-standard","5":"has-post-thumbnail","7":"category-appuntamenti-della-settimana","8":"category-bollatese","9":"category-prima-pagina","10":"tag-bollate","11":"tag-mactbeth","12":"tag-prima","13":"tag-primas","14":"tag-scala","15":"tag-shakespeare","16":"tag-teatro-scala","17":"tag-verdi"},"yoast_head":"<!-- This site is optimized with the Yoast SEO plugin v27.5 - https:\/\/yoast.com\/product\/yoast-seo-wordpress\/ -->\n<title>\u201cPrima\u201d della Scala, a Bollate la diretta in teatro - Il Notiziario<\/title>\n<meta name=\"description\" content=\"Anche LaBolla di Bollate marted\u00ec sera avr\u00e0 la diretta dalla Scala. Bollate per il secondo anno partecipa al grande evento, la \u201cPrima\u201d del Teatro alla\" \/>\n<meta name=\"robots\" content=\"index, follow, max-snippet:-1, max-image-preview:large, max-video-preview:-1\" \/>\n<link rel=\"canonical\" href=\"https:\/\/www.ilnotiziario.net\/wp\/bollatese\/prima-scala-macbeth-teatro-bollate\/\" \/>\n<meta property=\"og:locale\" content=\"it_IT\" \/>\n<meta property=\"og:type\" content=\"article\" \/>\n<meta property=\"og:title\" content=\"\u201cPrima\u201d della Scala, a Bollate la diretta in teatro - Il Notiziario\" \/>\n<meta property=\"og:description\" content=\"Anche LaBolla di Bollate marted\u00ec sera avr\u00e0 la diretta dalla Scala. Bollate per il secondo anno partecipa al grande evento, la \u201cPrima\u201d del Teatro alla\" \/>\n<meta property=\"og:url\" content=\"https:\/\/www.ilnotiziario.net\/wp\/bollatese\/prima-scala-macbeth-teatro-bollate\/\" \/>\n<meta property=\"og:site_name\" content=\"Il Notiziario\" \/>\n<meta property=\"article:publisher\" content=\"https:\/\/www.facebook.com\/ilnotiziarioind\/\" \/>\n<meta property=\"article:published_time\" content=\"2021-12-06T16:35:21+00:00\" \/>\n<meta property=\"og:image\" content=\"https:\/\/www.ilnotiziario.net\/wp\/wp-content\/uploads\/2021\/12\/urban-centre-ok.jpg\" \/>\n\t<meta property=\"og:image:width\" content=\"911\" \/>\n\t<meta property=\"og:image:height\" content=\"526\" \/>\n\t<meta property=\"og:image:type\" content=\"image\/jpeg\" \/>\n<meta name=\"author\" content=\"Silvia Citterio\" \/>\n<meta name=\"twitter:card\" content=\"summary_large_image\" \/>\n<meta name=\"twitter:creator\" content=\"@ilNotiziarioInd\" \/>\n<meta name=\"twitter:site\" content=\"@ilNotiziarioInd\" \/>\n<meta name=\"twitter:label1\" content=\"Scritto da\" \/>\n\t<meta name=\"twitter:data1\" content=\"Silvia Citterio\" \/>\n\t<meta name=\"twitter:label2\" content=\"Tempo di lettura stimato\" \/>\n\t<meta name=\"twitter:data2\" content=\"2 minuti\" \/>\n<script type=\"application\/ld+json\" class=\"yoast-schema-graph\">{\"@context\":\"https:\\\/\\\/schema.org\",\"@graph\":[{\"@type\":\"Article\",\"@id\":\"https:\\\/\\\/www.ilnotiziario.net\\\/wp\\\/bollatese\\\/prima-scala-macbeth-teatro-bollate\\\/#article\",\"isPartOf\":{\"@id\":\"https:\\\/\\\/www.ilnotiziario.net\\\/wp\\\/bollatese\\\/prima-scala-macbeth-teatro-bollate\\\/\"},\"author\":{\"name\":\"Silvia Citterio\",\"@id\":\"https:\\\/\\\/www.ilnotiziario.net\\\/wp\\\/#\\\/schema\\\/person\\\/c5bca2edc3d99d29959f04a6126f687b\"},\"headline\":\"\u201cPrima\u201d della Scala, a Bollate la diretta in teatro\",\"datePublished\":\"2021-12-06T16:35:21+00:00\",\"mainEntityOfPage\":{\"@id\":\"https:\\\/\\\/www.ilnotiziario.net\\\/wp\\\/bollatese\\\/prima-scala-macbeth-teatro-bollate\\\/\"},\"wordCount\":304,\"publisher\":{\"@id\":\"https:\\\/\\\/www.ilnotiziario.net\\\/wp\\\/#organization\"},\"image\":{\"@id\":\"https:\\\/\\\/www.ilnotiziario.net\\\/wp\\\/bollatese\\\/prima-scala-macbeth-teatro-bollate\\\/#primaryimage\"},\"thumbnailUrl\":\"https:\\\/\\\/www.ilnotiziario.net\\\/wp\\\/wp-content\\\/uploads\\\/2021\\\/12\\\/urban-centre-ok.jpg\",\"keywords\":[\"Bollate\",\"Mactbeth\",\"Prima\",\"Primas\",\"Scala\",\"shakespeare\",\"Teatro Scala\",\"verdi\"],\"articleSection\":[\"APPUNTAMENTI\",\"BOLLATESE\",\"Prima Pagina\"],\"inLanguage\":\"it-IT\"},{\"@type\":\"WebPage\",\"@id\":\"https:\\\/\\\/www.ilnotiziario.net\\\/wp\\\/bollatese\\\/prima-scala-macbeth-teatro-bollate\\\/\",\"url\":\"https:\\\/\\\/www.ilnotiziario.net\\\/wp\\\/bollatese\\\/prima-scala-macbeth-teatro-bollate\\\/\",\"name\":\"\u201cPrima\u201d della Scala, a Bollate la diretta in teatro - Il Notiziario\",\"isPartOf\":{\"@id\":\"https:\\\/\\\/www.ilnotiziario.net\\\/wp\\\/#website\"},\"primaryImageOfPage\":{\"@id\":\"https:\\\/\\\/www.ilnotiziario.net\\\/wp\\\/bollatese\\\/prima-scala-macbeth-teatro-bollate\\\/#primaryimage\"},\"image\":{\"@id\":\"https:\\\/\\\/www.ilnotiziario.net\\\/wp\\\/bollatese\\\/prima-scala-macbeth-teatro-bollate\\\/#primaryimage\"},\"thumbnailUrl\":\"https:\\\/\\\/www.ilnotiziario.net\\\/wp\\\/wp-content\\\/uploads\\\/2021\\\/12\\\/urban-centre-ok.jpg\",\"datePublished\":\"2021-12-06T16:35:21+00:00\",\"description\":\"Anche LaBolla di Bollate marted\u00ec sera avr\u00e0 la diretta dalla Scala. Bollate per il secondo anno partecipa al grande evento, la \u201cPrima\u201d del Teatro alla\",\"breadcrumb\":{\"@id\":\"https:\\\/\\\/www.ilnotiziario.net\\\/wp\\\/bollatese\\\/prima-scala-macbeth-teatro-bollate\\\/#breadcrumb\"},\"inLanguage\":\"it-IT\",\"potentialAction\":[{\"@type\":\"ReadAction\",\"target\":[\"https:\\\/\\\/www.ilnotiziario.net\\\/wp\\\/bollatese\\\/prima-scala-macbeth-teatro-bollate\\\/\"]}]},{\"@type\":\"ImageObject\",\"inLanguage\":\"it-IT\",\"@id\":\"https:\\\/\\\/www.ilnotiziario.net\\\/wp\\\/bollatese\\\/prima-scala-macbeth-teatro-bollate\\\/#primaryimage\",\"url\":\"https:\\\/\\\/www.ilnotiziario.net\\\/wp\\\/wp-content\\\/uploads\\\/2021\\\/12\\\/urban-centre-ok.jpg\",\"contentUrl\":\"https:\\\/\\\/www.ilnotiziario.net\\\/wp\\\/wp-content\\\/uploads\\\/2021\\\/12\\\/urban-centre-ok.jpg\",\"width\":911,\"height\":526,\"caption\":\"Bollate Scala\"},{\"@type\":\"BreadcrumbList\",\"@id\":\"https:\\\/\\\/www.ilnotiziario.net\\\/wp\\\/bollatese\\\/prima-scala-macbeth-teatro-bollate\\\/#breadcrumb\",\"itemListElement\":[{\"@type\":\"ListItem\",\"position\":1,\"name\":\"tds_text_logo_tagline_colortds_text_logo_tagline_colortds_text_logo_tagline_colortds_text_logo_tagline_colortd_module_7_title_excerpttd_module_7_title_excerpttd_module_7_title_excerpttd_module_7_title_excerptHome\",\"item\":\"https:\\\/\\\/www.ilnotiziario.net\\\/wp\\\/\"},{\"@type\":\"ListItem\",\"position\":2,\"name\":\"\u201cPrima\u201d della Scala, a Bollate la diretta in teatro\"}]},{\"@type\":\"WebSite\",\"@id\":\"https:\\\/\\\/www.ilnotiziario.net\\\/wp\\\/#website\",\"url\":\"https:\\\/\\\/www.ilnotiziario.net\\\/wp\\\/\",\"name\":\"Il Notiziario\",\"description\":\"Per restare sempre connessi alla notizia\",\"publisher\":{\"@id\":\"https:\\\/\\\/www.ilnotiziario.net\\\/wp\\\/#organization\"},\"alternateName\":\"Il Notiziario Bollate\",\"potentialAction\":[{\"@type\":\"SearchAction\",\"target\":{\"@type\":\"EntryPoint\",\"urlTemplate\":\"https:\\\/\\\/www.ilnotiziario.net\\\/wp\\\/?s={search_term_string}\"},\"query-input\":{\"@type\":\"PropertyValueSpecification\",\"valueRequired\":true,\"valueName\":\"search_term_string\"}}],\"inLanguage\":\"it-IT\"},{\"@type\":\"Organization\",\"@id\":\"https:\\\/\\\/www.ilnotiziario.net\\\/wp\\\/#organization\",\"name\":\"Il Notiziario\",\"url\":\"https:\\\/\\\/www.ilnotiziario.net\\\/wp\\\/\",\"logo\":{\"@type\":\"ImageObject\",\"inLanguage\":\"it-IT\",\"@id\":\"https:\\\/\\\/www.ilnotiziario.net\\\/wp\\\/#\\\/schema\\\/logo\\\/image\\\/\",\"url\":\"https:\\\/\\\/www.ilnotiziario.net\\\/wp\\\/wp-content\\\/uploads\\\/2022\\\/06\\\/170x170ilN.png\",\"contentUrl\":\"https:\\\/\\\/www.ilnotiziario.net\\\/wp\\\/wp-content\\\/uploads\\\/2022\\\/06\\\/170x170ilN.png\",\"width\":355,\"height\":355,\"caption\":\"Il Notiziario\"},\"image\":{\"@id\":\"https:\\\/\\\/www.ilnotiziario.net\\\/wp\\\/#\\\/schema\\\/logo\\\/image\\\/\"},\"sameAs\":[\"https:\\\/\\\/www.facebook.com\\\/ilnotiziarioind\\\/\",\"https:\\\/\\\/x.com\\\/ilNotiziarioInd\",\"https:\\\/\\\/www.instagram.com\\\/ilnotiziario_settimanale\\\/\"]},{\"@type\":\"Person\",\"@id\":\"https:\\\/\\\/www.ilnotiziario.net\\\/wp\\\/#\\\/schema\\\/person\\\/c5bca2edc3d99d29959f04a6126f687b\",\"name\":\"Silvia Citterio\",\"image\":{\"@type\":\"ImageObject\",\"inLanguage\":\"it-IT\",\"@id\":\"https:\\\/\\\/secure.gravatar.com\\\/avatar\\\/03eb19c63b944e79a9b5ce53ca5d1ca303edcf368a68721ec3ccaae7f98c5afd?s=96&d=mm&r=g\",\"url\":\"https:\\\/\\\/secure.gravatar.com\\\/avatar\\\/03eb19c63b944e79a9b5ce53ca5d1ca303edcf368a68721ec3ccaae7f98c5afd?s=96&d=mm&r=g\",\"contentUrl\":\"https:\\\/\\\/secure.gravatar.com\\\/avatar\\\/03eb19c63b944e79a9b5ce53ca5d1ca303edcf368a68721ec3ccaae7f98c5afd?s=96&d=mm&r=g\",\"caption\":\"Silvia Citterio\"}}]}<\/script>\n<!-- \/ Yoast SEO plugin. -->","yoast_head_json":{"title":"\u201cPrima\u201d della Scala, a Bollate la diretta in teatro - Il Notiziario","description":"Anche LaBolla di Bollate marted\u00ec sera avr\u00e0 la diretta dalla Scala. Bollate per il secondo anno partecipa al grande evento, la \u201cPrima\u201d del Teatro alla","robots":{"index":"index","follow":"follow","max-snippet":"max-snippet:-1","max-image-preview":"max-image-preview:large","max-video-preview":"max-video-preview:-1"},"canonical":"https:\/\/www.ilnotiziario.net\/wp\/bollatese\/prima-scala-macbeth-teatro-bollate\/","og_locale":"it_IT","og_type":"article","og_title":"\u201cPrima\u201d della Scala, a Bollate la diretta in teatro - Il Notiziario","og_description":"Anche LaBolla di Bollate marted\u00ec sera avr\u00e0 la diretta dalla Scala. Bollate per il secondo anno partecipa al grande evento, la \u201cPrima\u201d del Teatro alla","og_url":"https:\/\/www.ilnotiziario.net\/wp\/bollatese\/prima-scala-macbeth-teatro-bollate\/","og_site_name":"Il Notiziario","article_publisher":"https:\/\/www.facebook.com\/ilnotiziarioind\/","article_published_time":"2021-12-06T16:35:21+00:00","og_image":[{"width":911,"height":526,"url":"https:\/\/www.ilnotiziario.net\/wp\/wp-content\/uploads\/2021\/12\/urban-centre-ok.jpg","type":"image\/jpeg"}],"author":"Silvia Citterio","twitter_card":"summary_large_image","twitter_creator":"@ilNotiziarioInd","twitter_site":"@ilNotiziarioInd","twitter_misc":{"Scritto da":"Silvia Citterio","Tempo di lettura stimato":"2 minuti"},"schema":{"@context":"https:\/\/schema.org","@graph":[{"@type":"Article","@id":"https:\/\/www.ilnotiziario.net\/wp\/bollatese\/prima-scala-macbeth-teatro-bollate\/#article","isPartOf":{"@id":"https:\/\/www.ilnotiziario.net\/wp\/bollatese\/prima-scala-macbeth-teatro-bollate\/"},"author":{"name":"Silvia Citterio","@id":"https:\/\/www.ilnotiziario.net\/wp\/#\/schema\/person\/c5bca2edc3d99d29959f04a6126f687b"},"headline":"\u201cPrima\u201d della Scala, a Bollate la diretta in teatro","datePublished":"2021-12-06T16:35:21+00:00","mainEntityOfPage":{"@id":"https:\/\/www.ilnotiziario.net\/wp\/bollatese\/prima-scala-macbeth-teatro-bollate\/"},"wordCount":304,"publisher":{"@id":"https:\/\/www.ilnotiziario.net\/wp\/#organization"},"image":{"@id":"https:\/\/www.ilnotiziario.net\/wp\/bollatese\/prima-scala-macbeth-teatro-bollate\/#primaryimage"},"thumbnailUrl":"https:\/\/www.ilnotiziario.net\/wp\/wp-content\/uploads\/2021\/12\/urban-centre-ok.jpg","keywords":["Bollate","Mactbeth","Prima","Primas","Scala","shakespeare","Teatro Scala","verdi"],"articleSection":["APPUNTAMENTI","BOLLATESE","Prima Pagina"],"inLanguage":"it-IT"},{"@type":"WebPage","@id":"https:\/\/www.ilnotiziario.net\/wp\/bollatese\/prima-scala-macbeth-teatro-bollate\/","url":"https:\/\/www.ilnotiziario.net\/wp\/bollatese\/prima-scala-macbeth-teatro-bollate\/","name":"\u201cPrima\u201d della Scala, a Bollate la diretta in teatro - Il Notiziario","isPartOf":{"@id":"https:\/\/www.ilnotiziario.net\/wp\/#website"},"primaryImageOfPage":{"@id":"https:\/\/www.ilnotiziario.net\/wp\/bollatese\/prima-scala-macbeth-teatro-bollate\/#primaryimage"},"image":{"@id":"https:\/\/www.ilnotiziario.net\/wp\/bollatese\/prima-scala-macbeth-teatro-bollate\/#primaryimage"},"thumbnailUrl":"https:\/\/www.ilnotiziario.net\/wp\/wp-content\/uploads\/2021\/12\/urban-centre-ok.jpg","datePublished":"2021-12-06T16:35:21+00:00","description":"Anche LaBolla di Bollate marted\u00ec sera avr\u00e0 la diretta dalla Scala. Bollate per il secondo anno partecipa al grande evento, la \u201cPrima\u201d del Teatro alla","breadcrumb":{"@id":"https:\/\/www.ilnotiziario.net\/wp\/bollatese\/prima-scala-macbeth-teatro-bollate\/#breadcrumb"},"inLanguage":"it-IT","potentialAction":[{"@type":"ReadAction","target":["https:\/\/www.ilnotiziario.net\/wp\/bollatese\/prima-scala-macbeth-teatro-bollate\/"]}]},{"@type":"ImageObject","inLanguage":"it-IT","@id":"https:\/\/www.ilnotiziario.net\/wp\/bollatese\/prima-scala-macbeth-teatro-bollate\/#primaryimage","url":"https:\/\/www.ilnotiziario.net\/wp\/wp-content\/uploads\/2021\/12\/urban-centre-ok.jpg","contentUrl":"https:\/\/www.ilnotiziario.net\/wp\/wp-content\/uploads\/2021\/12\/urban-centre-ok.jpg","width":911,"height":526,"caption":"Bollate Scala"},{"@type":"BreadcrumbList","@id":"https:\/\/www.ilnotiziario.net\/wp\/bollatese\/prima-scala-macbeth-teatro-bollate\/#breadcrumb","itemListElement":[{"@type":"ListItem","position":1,"name":"tds_text_logo_tagline_colortds_text_logo_tagline_colortds_text_logo_tagline_colortds_text_logo_tagline_colortd_module_7_title_excerpttd_module_7_title_excerpttd_module_7_title_excerpttd_module_7_title_excerptHome","item":"https:\/\/www.ilnotiziario.net\/wp\/"},{"@type":"ListItem","position":2,"name":"\u201cPrima\u201d della Scala, a Bollate la diretta in teatro"}]},{"@type":"WebSite","@id":"https:\/\/www.ilnotiziario.net\/wp\/#website","url":"https:\/\/www.ilnotiziario.net\/wp\/","name":"Il Notiziario","description":"Per restare sempre connessi alla notizia","publisher":{"@id":"https:\/\/www.ilnotiziario.net\/wp\/#organization"},"alternateName":"Il Notiziario Bollate","potentialAction":[{"@type":"SearchAction","target":{"@type":"EntryPoint","urlTemplate":"https:\/\/www.ilnotiziario.net\/wp\/?s={search_term_string}"},"query-input":{"@type":"PropertyValueSpecification","valueRequired":true,"valueName":"search_term_string"}}],"inLanguage":"it-IT"},{"@type":"Organization","@id":"https:\/\/www.ilnotiziario.net\/wp\/#organization","name":"Il Notiziario","url":"https:\/\/www.ilnotiziario.net\/wp\/","logo":{"@type":"ImageObject","inLanguage":"it-IT","@id":"https:\/\/www.ilnotiziario.net\/wp\/#\/schema\/logo\/image\/","url":"https:\/\/www.ilnotiziario.net\/wp\/wp-content\/uploads\/2022\/06\/170x170ilN.png","contentUrl":"https:\/\/www.ilnotiziario.net\/wp\/wp-content\/uploads\/2022\/06\/170x170ilN.png","width":355,"height":355,"caption":"Il Notiziario"},"image":{"@id":"https:\/\/www.ilnotiziario.net\/wp\/#\/schema\/logo\/image\/"},"sameAs":["https:\/\/www.facebook.com\/ilnotiziarioind\/","https:\/\/x.com\/ilNotiziarioInd","https:\/\/www.instagram.com\/ilnotiziario_settimanale\/"]},{"@type":"Person","@id":"https:\/\/www.ilnotiziario.net\/wp\/#\/schema\/person\/c5bca2edc3d99d29959f04a6126f687b","name":"Silvia Citterio","image":{"@type":"ImageObject","inLanguage":"it-IT","@id":"https:\/\/secure.gravatar.com\/avatar\/03eb19c63b944e79a9b5ce53ca5d1ca303edcf368a68721ec3ccaae7f98c5afd?s=96&d=mm&r=g","url":"https:\/\/secure.gravatar.com\/avatar\/03eb19c63b944e79a9b5ce53ca5d1ca303edcf368a68721ec3ccaae7f98c5afd?s=96&d=mm&r=g","contentUrl":"https:\/\/secure.gravatar.com\/avatar\/03eb19c63b944e79a9b5ce53ca5d1ca303edcf368a68721ec3ccaae7f98c5afd?s=96&d=mm&r=g","caption":"Silvia Citterio"}}]}},"_links":{"self":[{"href":"https:\/\/www.ilnotiziario.net\/wp\/wp-json\/wp\/v2\/posts\/159340","targetHints":{"allow":["GET"]}}],"collection":[{"href":"https:\/\/www.ilnotiziario.net\/wp\/wp-json\/wp\/v2\/posts"}],"about":[{"href":"https:\/\/www.ilnotiziario.net\/wp\/wp-json\/wp\/v2\/types\/post"}],"author":[{"embeddable":true,"href":"https:\/\/www.ilnotiziario.net\/wp\/wp-json\/wp\/v2\/users\/14"}],"replies":[{"embeddable":true,"href":"https:\/\/www.ilnotiziario.net\/wp\/wp-json\/wp\/v2\/comments?post=159340"}],"version-history":[{"count":0,"href":"https:\/\/www.ilnotiziario.net\/wp\/wp-json\/wp\/v2\/posts\/159340\/revisions"}],"wp:featuredmedia":[{"embeddable":true,"href":"https:\/\/www.ilnotiziario.net\/wp\/wp-json\/wp\/v2\/media\/159341"}],"wp:attachment":[{"href":"https:\/\/www.ilnotiziario.net\/wp\/wp-json\/wp\/v2\/media?parent=159340"}],"wp:term":[{"taxonomy":"category","embeddable":true,"href":"https:\/\/www.ilnotiziario.net\/wp\/wp-json\/wp\/v2\/categories?post=159340"},{"taxonomy":"post_tag","embeddable":true,"href":"https:\/\/www.ilnotiziario.net\/wp\/wp-json\/wp\/v2\/tags?post=159340"}],"curies":[{"name":"wp","href":"https:\/\/api.w.org\/{rel}","templated":true}]}}